{"id":8392,"date":"2020-01-20T16:14:57","date_gmt":"2020-01-20T15:14:57","guid":{"rendered":"http:\/\/www.der-mopedladen.de\/?p=8392"},"modified":"2025-05-21T17:41:24","modified_gmt":"2025-05-21T15:41:24","slug":"kymco-mxu-700i-t-eps-abs","status":"publish","type":"post","link":"https:\/\/www.der-mopedladen.de\/?p=8392","title":{"rendered":"KYMCO MXU 700i EPS ABS T3b . . . . . . . 10299 \u20ac"},"content":{"rendered":"<div id=\"c4020\" class=\"csc-default csc-space\">\n<div id=\"c4020\" class=\"csc-default csc-space\">\n<p>Das Oberhaupt der MXU-Reihe ist und bleibt unser bislang st\u00e4rkstes und gr\u00f6\u00dftes ATV in der KYMCO Familie. Doch dank elektronischer Lenkunterst\u00fctzung reagiert das MXU 700i EPS ABS geschwindigkeitsabh\u00e4ngig und l\u00e4sst beim Handling vergessen, dass man auf einem echten Titan auf vier R\u00e4dern sitzt.<\/p>\n<p>M\u00e4chtige, gr\u00f6\u00dfere Walzen &#8211; aufgezogen auf sportlichen Doppelspeichen-Felgen &#8211; verschaffen dem KYMCO-Flaggschiff einen klaren Vorteil: Mit den gr\u00f6\u00dferen R\u00e4dern hat das ATV mehr Bodenfreiheit im groben Gel\u00e4nde. F\u00fcr optimalen Schutz sorgen neben dem vorderen Rammschutz erstmals zahlreiche attraktive Verkleidungen \u2013 mit einem besonderen Effekt: die neuen Radverkleidungen lassen das das Premium-ATV optisch breiter wirken.<\/p>\n<p>Der 21 l\u00a0Tank wurde neu angeordnet (der Tankeinf\u00fcllstutzen befindet sich jetzt hinten), was f\u00fcr einen besseren Schwerpunkt und damit f\u00fcr mehr Balance im Gel\u00e4nde sorgt. Gleichzeitig wird Raum f\u00fcr ein neues, raffiniertes Staufach frei.<\/p>\n<p>Auch die restliche Ausstattung l\u00e4sst das Herz h\u00f6her schlagen, darunter u.a.: stufenlose Variomatik, zuschaltbarer Allradantrieb und Vorderachssperre, Untersetzungsgetriebe, Bergabfahrhilfe, kr\u00e4ftige Seilwinde und ein zentrales LCD-Cockpit.<\/p>\n<ul>\n<li class=\"bodytext\"><strong>Erstmals mit ABS! Daher KEINE LOF Zulassung mehr, trotzdem volle Leistung und volle Geschwindigkeit!<\/strong><\/li>\n<li>Elektrische Servolenkung<\/li>\n<li>700ccm Viertaktmotor mit elektr. Einspritzung<\/li>\n<li class=\"bodytext\">MAXXIS-BighornReifen auf Alufelgen<\/li>\n<li>Seilwinde<\/li>\n<\/ul>\n<div id=\"c4026\" class=\"csc-default csc-space\">\n<div class=\"csc-header csc-header-n1\">\n<h3>Fahrzeugdetails<\/h3>\n<\/div>\n<table class=\"fahrzeugdaten\">\n<tbody>\n<tr>\n<td>F\u00fchrerschein<\/td>\n<td>B<\/td>\n<\/tr>\n<tr>\n<td>Leistung<\/td>\n<td>34 kW \/ 46 PS<\/td>\n<\/tr>\n<tr>\n<td>Sitzh\u00f6he<\/td>\n<td>895 mm<\/td>\n<\/tr>\n<tr>\n<td>H\u00f6chstgeschwindigkeit<\/td>\n<td>98 km\/h<\/td>\n<\/tr>\n<tr>\n<td>Leer-\/Gesamtgewicht<\/td>\n<td>409 kg (fahrbereit) \/ 577 kg<\/td>\n<\/tr>\n<tr>\n<td>Farben<\/td>\n<td>Matt-Schwarz, Blau, Gr\u00fcn<\/td>\n<\/tr>\n<\/tbody>\n<\/table>\n<\/div>\n<div class=\"finanzierungsWrap\">\n<div id=\"c4019\" class=\"csc-default csc-space\">\n<div class=\"csc-header csc-header-n1\">\n<h3>Finanzierung<\/h3>\n<\/div>\n<table class=\"fahrzeugdaten\">\n<tbody>\n<tr>\n<td>Finanzierung \u00fcber Creditplus-Bank m\u00f6glich.<\/td>\n<td><\/td>\n<\/tr>\n<\/tbody>\n<\/table>\n<\/div>\n<\/div>\n<div id=\"envira-gallery-wrap-8837\" class=\"envira-gallery-wrap envira-gallery-theme-base envira-lightbox-theme-base\" itemscope itemtype=\"https:\/\/schema.org\/ImageGallery\"><div data-row-height=\"150\" data-gallery-theme=\"normal\" id=\"envira-gallery-8837\" class=\"envira-gallery-public envira-gallery-justified-public envira-gallery-0-columns envira-clear enviratope envira-gallery-css-animations\" data-envira-columns=\"0\"><div id=\"envira-gallery-item-12570\" class=\"envira-gallery-item enviratope-item envira-gallery-item-1 envira-lazy-load\" style=\"padding-left: 5px; padding-bottom: 10px; padding-right: 5px;\"  itemscope itemtype=\"https:\/\/schema.org\/ImageObject\"><div class=\"envira-gallery-item-inner\"><div class=\"envira-gallery-position-overlay  envira-gallery-top-left\"><\/div><div class=\"envira-gallery-position-overlay  envira-gallery-top-right\"><\/div><div class=\"envira-gallery-position-overlay  envira-gallery-bottom-left\"><\/div><div class=\"envira-gallery-position-overlay  envira-gallery-bottom-right\"><\/div><a href=\"https:\/\/www.der-mopedladen.de\/wp-content\/uploads\/2021\/12\/KYMCO_MXU_700i_EPS_ABS_T3b_pearly_white_orange_4-1-scaled.jpg\" class=\"envira-gallery-8837 envira-gallery-link\" rel=\"enviragallery8837\" title=\"KYMCO_MXU_700i_EPS_ABS_T3b_pearly_white_orange_4\" data-envira-caption=\"KYMCO_MXU_700i_EPS_ABS_T3b_pearly_white_orange_4\" data-envira-retina=\"\" data-thumbnail=\"\"  itemprop=\"contentUrl\"><img decoding=\"async\" id=\"envira-gallery-image-12570\" class=\"envira-gallery-image envira-gallery-image-1 envira-normal envira-lazy\" data-envira-index=\"1\" src=\"https:\/\/www.der-mopedladen.de\/wp-content\/uploads\/2021\/12\/KYMCO_MXU_700i_EPS_ABS_T3b_pearly_white_orange_4-1-1024x683-640x480.jpg\" data-envira-src=\"https:\/\/www.der-mopedladen.de\/wp-content\/uploads\/2021\/12\/KYMCO_MXU_700i_EPS_ABS_T3b_pearly_white_orange_4-1-1024x683-640x480.jpg\" data-envira-gallery-id=\"8837\" data-envira-item-id=\"12570\" data-envira-caption=\"KYMCO_MXU_700i_EPS_ABS_T3b_pearly_white_orange_4\" alt=\"\" title=\"KYMCO_MXU_700i_EPS_ABS_T3b_pearly_white_orange_4\"  itemprop=\"thumbnailUrl\" data-envira-srcset=\"https:\/\/www.der-mopedladen.de\/wp-content\/uploads\/2021\/12\/KYMCO_MXU_700i_EPS_ABS_T3b_pearly_white_orange_4-1-1024x683-640x480.jpg 400w,https:\/\/www.der-mopedladen.de\/wp-content\/uploads\/2021\/12\/KYMCO_MXU_700i_EPS_ABS_T3b_pearly_white_orange_4-1-1024x683-640x480.jpg 2x\" data-envira-width=\"300\" data-envira-height=\"200\" srcset=\"data:image\/gif;base64,R0lGODlhAQABAIAAAP\/\/\/\/\/\/\/yH5BAEKAAEALAAAAAABAAEAAAICTAEAOw==\" data-safe-src=\"data:image\/gif;base64,R0lGODlhAQABAIAAAP\/\/\/\/\/\/\/yH5BAEKAAEALAAAAAABAAEAAAICTAEAOw==\" \/><\/a><\/div><\/div><div id=\"envira-gallery-item-8832\" class=\"envira-gallery-item enviratope-item envira-gallery-item-2 envira-lazy-load\" style=\"padding-left: 5px; padding-bottom: 10px; padding-right: 5px;\"  itemscope itemtype=\"https:\/\/schema.org\/ImageObject\"><div class=\"envira-gallery-item-inner\"><div class=\"envira-gallery-position-overlay  envira-gallery-top-left\"><\/div><div class=\"envira-gallery-position-overlay  envira-gallery-top-right\"><\/div><div class=\"envira-gallery-position-overlay  envira-gallery-bottom-left\"><\/div><div class=\"envira-gallery-position-overlay  envira-gallery-bottom-right\"><\/div><a href=\"http:\/\/www.der-mopedladen.de\/wp-content\/uploads\/2020\/02\/MXU_700i_T_EPS_Offorad_LOF_titansilber_metallic_4.png\" class=\"envira-gallery-8837 envira-gallery-link\" rel=\"enviragallery8837\" title=\"MXU_700i_T_EPS_Offorad_LOF_titansilber_metallic_4\" data-envira-caption=\"MXU_700i_T_EPS_Offorad_LOF_titansilber_metallic_4\" data-envira-retina=\"\" data-thumbnail=\"\"  itemprop=\"contentUrl\"><img decoding=\"async\" id=\"envira-gallery-image-8832\" class=\"envira-gallery-image envira-gallery-image-2 envira-normal envira-lazy\" data-envira-index=\"2\" src=\"https:\/\/www.der-mopedladen.de\/wp-content\/uploads\/2020\/02\/MXU_700i_T_EPS_Offorad_LOF_titansilber_metallic_4-640x480.png\" data-envira-src=\"https:\/\/www.der-mopedladen.de\/wp-content\/uploads\/2020\/02\/MXU_700i_T_EPS_Offorad_LOF_titansilber_metallic_4-640x480.png\" data-envira-gallery-id=\"8837\" data-envira-item-id=\"8832\" data-envira-caption=\"MXU_700i_T_EPS_Offorad_LOF_titansilber_metallic_4\" alt=\"\" title=\"MXU_700i_T_EPS_Offorad_LOF_titansilber_metallic_4\"  itemprop=\"thumbnailUrl\" data-envira-srcset=\"https:\/\/www.der-mopedladen.de\/wp-content\/uploads\/2020\/02\/MXU_700i_T_EPS_Offorad_LOF_titansilber_metallic_4-640x480.png 400w,https:\/\/www.der-mopedladen.de\/wp-content\/uploads\/2020\/02\/MXU_700i_T_EPS_Offorad_LOF_titansilber_metallic_4-640x480.png 2x\" data-envira-width=\"300\" data-envira-height=\"200\" srcset=\"data:image\/gif;base64,R0lGODlhAQABAIAAAP\/\/\/\/\/\/\/yH5BAEKAAEALAAAAAABAAEAAAICTAEAOw==\" data-safe-src=\"data:image\/gif;base64,R0lGODlhAQABAIAAAP\/\/\/\/\/\/\/yH5BAEKAAEALAAAAAABAAEAAAICTAEAOw==\" \/><\/a><\/div><\/div><div id=\"envira-gallery-item-12565\" class=\"envira-gallery-item enviratope-item envira-gallery-item-3 envira-lazy-load\" style=\"padding-left: 5px; padding-bottom: 10px; padding-right: 5px;\"  itemscope itemtype=\"https:\/\/schema.org\/ImageObject\"><div class=\"envira-gallery-item-inner\"><div class=\"envira-gallery-position-overlay  envira-gallery-top-left\"><\/div><div class=\"envira-gallery-position-overlay  envira-gallery-top-right\"><\/div><div class=\"envira-gallery-position-overlay  envira-gallery-bottom-left\"><\/div><div class=\"envira-gallery-position-overlay  envira-gallery-bottom-right\"><\/div><a href=\"https:\/\/www.der-mopedladen.de\/wp-content\/uploads\/2021\/12\/KYMCO_MXU_700i_EPS_ABS_T3b_pearly_white_orange_8-scaled.jpg\" class=\"envira-gallery-8837 envira-gallery-link\" rel=\"enviragallery8837\" title=\"KYMCO_MXU_700i_EPS_ABS_T3b_pearly_white_orange_8\" data-envira-caption=\"KYMCO_MXU_700i_EPS_ABS_T3b_pearly_white_orange_8\" data-envira-retina=\"\" data-thumbnail=\"\"  itemprop=\"contentUrl\"><img decoding=\"async\" id=\"envira-gallery-image-12565\" class=\"envira-gallery-image envira-gallery-image-3 envira-normal envira-lazy\" data-envira-index=\"3\" src=\"https:\/\/www.der-mopedladen.de\/wp-content\/uploads\/2021\/12\/KYMCO_MXU_700i_EPS_ABS_T3b_pearly_white_orange_8-1024x683-640x480.jpg\" data-envira-src=\"https:\/\/www.der-mopedladen.de\/wp-content\/uploads\/2021\/12\/KYMCO_MXU_700i_EPS_ABS_T3b_pearly_white_orange_8-1024x683-640x480.jpg\" data-envira-gallery-id=\"8837\" data-envira-item-id=\"12565\" data-envira-caption=\"KYMCO_MXU_700i_EPS_ABS_T3b_pearly_white_orange_8\" alt=\"\" title=\"KYMCO_MXU_700i_EPS_ABS_T3b_pearly_white_orange_8\"  itemprop=\"thumbnailUrl\" data-envira-srcset=\"https:\/\/www.der-mopedladen.de\/wp-content\/uploads\/2021\/12\/KYMCO_MXU_700i_EPS_ABS_T3b_pearly_white_orange_8-1024x683-640x480.jpg 400w,https:\/\/www.der-mopedladen.de\/wp-content\/uploads\/2021\/12\/KYMCO_MXU_700i_EPS_ABS_T3b_pearly_white_orange_8-1024x683-640x480.jpg 2x\" data-envira-width=\"300\" data-envira-height=\"200\" srcset=\"data:image\/gif;base64,R0lGODlhAQABAIAAAP\/\/\/\/\/\/\/yH5BAEKAAEALAAAAAABAAEAAAICTAEAOw==\" data-safe-src=\"data:image\/gif;base64,R0lGODlhAQABAIAAAP\/\/\/\/\/\/\/yH5BAEKAAEALAAAAAABAAEAAAICTAEAOw==\" \/><\/a><\/div><\/div><div id=\"envira-gallery-item-8836\" class=\"envira-gallery-item enviratope-item envira-gallery-item-4 envira-lazy-load\" style=\"padding-left: 5px; padding-bottom: 10px; padding-right: 5px;\"  itemscope itemtype=\"https:\/\/schema.org\/ImageObject\"><div class=\"envira-gallery-item-inner\"><div class=\"envira-gallery-position-overlay  envira-gallery-top-left\"><\/div><div class=\"envira-gallery-position-overlay  envira-gallery-top-right\"><\/div><div class=\"envira-gallery-position-overlay  envira-gallery-bottom-left\"><\/div><div class=\"envira-gallery-position-overlay  envira-gallery-bottom-right\"><\/div><a href=\"http:\/\/www.der-mopedladen.de\/wp-content\/uploads\/2020\/02\/MXU_700i_T_EPS_Offorad_LOF_titansilber_metallic_8.png\" class=\"envira-gallery-8837 envira-gallery-link\" rel=\"enviragallery8837\" title=\"MXU_700i_T_EPS_Offorad_LOF_titansilber_metallic_8\" data-envira-caption=\"MXU_700i_T_EPS_Offorad_LOF_titansilber_metallic_8\" data-envira-retina=\"\" data-thumbnail=\"\"  itemprop=\"contentUrl\"><img decoding=\"async\" id=\"envira-gallery-image-8836\" class=\"envira-gallery-image envira-gallery-image-4 envira-normal envira-lazy\" data-envira-index=\"4\" src=\"https:\/\/www.der-mopedladen.de\/wp-content\/uploads\/2020\/02\/MXU_700i_T_EPS_Offorad_LOF_titansilber_metallic_8-640x480.png\" data-envira-src=\"https:\/\/www.der-mopedladen.de\/wp-content\/uploads\/2020\/02\/MXU_700i_T_EPS_Offorad_LOF_titansilber_metallic_8-640x480.png\" data-envira-gallery-id=\"8837\" data-envira-item-id=\"8836\" data-envira-caption=\"MXU_700i_T_EPS_Offorad_LOF_titansilber_metallic_8\" alt=\"\" title=\"MXU_700i_T_EPS_Offorad_LOF_titansilber_metallic_8\"  itemprop=\"thumbnailUrl\" data-envira-srcset=\"https:\/\/www.der-mopedladen.de\/wp-content\/uploads\/2020\/02\/MXU_700i_T_EPS_Offorad_LOF_titansilber_metallic_8-640x480.png 400w,https:\/\/www.der-mopedladen.de\/wp-content\/uploads\/2020\/02\/MXU_700i_T_EPS_Offorad_LOF_titansilber_metallic_8-640x480.png 2x\" data-envira-width=\"300\" data-envira-height=\"200\" srcset=\"data:image\/gif;base64,R0lGODlhAQABAIAAAP\/\/\/\/\/\/\/yH5BAEKAAEALAAAAAABAAEAAAICTAEAOw==\" data-safe-src=\"data:image\/gif;base64,R0lGODlhAQABAIAAAP\/\/\/\/\/\/\/yH5BAEKAAEALAAAAAABAAEAAAICTAEAOw==\" \/><\/a><\/div><\/div><div id=\"envira-gallery-item-8835\" class=\"envira-gallery-item enviratope-item envira-gallery-item-5 envira-lazy-load\" style=\"padding-left: 5px; padding-bottom: 10px; padding-right: 5px;\"  itemscope itemtype=\"https:\/\/schema.org\/ImageObject\"><div class=\"envira-gallery-item-inner\"><div class=\"envira-gallery-position-overlay  envira-gallery-top-left\"><\/div><div class=\"envira-gallery-position-overlay  envira-gallery-top-right\"><\/div><div class=\"envira-gallery-position-overlay  envira-gallery-bottom-left\"><\/div><div class=\"envira-gallery-position-overlay  envira-gallery-bottom-right\"><\/div><a href=\"http:\/\/www.der-mopedladen.de\/wp-content\/uploads\/2020\/02\/MXU_700i_T_EPS_Offorad_LOF_titansilber_metallic_7.png\" class=\"envira-gallery-8837 envira-gallery-link\" rel=\"enviragallery8837\" title=\"MXU_700i_T_EPS_Offorad_LOF_titansilber_metallic_7\" data-envira-caption=\"MXU_700i_T_EPS_Offorad_LOF_titansilber_metallic_7\" data-envira-retina=\"\" data-thumbnail=\"\"  itemprop=\"contentUrl\"><img decoding=\"async\" id=\"envira-gallery-image-8835\" class=\"envira-gallery-image envira-gallery-image-5 envira-normal envira-lazy\" data-envira-index=\"5\" src=\"https:\/\/www.der-mopedladen.de\/wp-content\/uploads\/2020\/02\/MXU_700i_T_EPS_Offorad_LOF_titansilber_metallic_7-640x480.png\" data-envira-src=\"https:\/\/www.der-mopedladen.de\/wp-content\/uploads\/2020\/02\/MXU_700i_T_EPS_Offorad_LOF_titansilber_metallic_7-640x480.png\" data-envira-gallery-id=\"8837\" data-envira-item-id=\"8835\" data-envira-caption=\"MXU_700i_T_EPS_Offorad_LOF_titansilber_metallic_7\" alt=\"\" title=\"MXU_700i_T_EPS_Offorad_LOF_titansilber_metallic_7\"  itemprop=\"thumbnailUrl\" data-envira-srcset=\"https:\/\/www.der-mopedladen.de\/wp-content\/uploads\/2020\/02\/MXU_700i_T_EPS_Offorad_LOF_titansilber_metallic_7-640x480.png 400w,https:\/\/www.der-mopedladen.de\/wp-content\/uploads\/2020\/02\/MXU_700i_T_EPS_Offorad_LOF_titansilber_metallic_7-640x480.png 2x\" data-envira-width=\"300\" data-envira-height=\"200\" srcset=\"data:image\/gif;base64,R0lGODlhAQABAIAAAP\/\/\/\/\/\/\/yH5BAEKAAEALAAAAAABAAEAAAICTAEAOw==\" data-safe-src=\"data:image\/gif;base64,R0lGODlhAQABAIAAAP\/\/\/\/\/\/\/yH5BAEKAAEALAAAAAABAAEAAAICTAEAOw==\" \/><\/a><\/div><\/div><div id=\"envira-gallery-item-12568\" class=\"envira-gallery-item enviratope-item envira-gallery-item-6 envira-lazy-load\" style=\"padding-left: 5px; padding-bottom: 10px; padding-right: 5px;\"  itemscope itemtype=\"https:\/\/schema.org\/ImageObject\"><div class=\"envira-gallery-item-inner\"><div class=\"envira-gallery-position-overlay  envira-gallery-top-left\"><\/div><div class=\"envira-gallery-position-overlay  envira-gallery-top-right\"><\/div><div class=\"envira-gallery-position-overlay  envira-gallery-bottom-left\"><\/div><div class=\"envira-gallery-position-overlay  envira-gallery-bottom-right\"><\/div><a href=\"https:\/\/www.der-mopedladen.de\/wp-content\/uploads\/2021\/12\/KYMCO_MXU_700i_EPS_ABS_T3b_pearly_white_orange_6-scaled.jpg\" class=\"envira-gallery-8837 envira-gallery-link\" rel=\"enviragallery8837\" title=\"KYMCO_MXU_700i_EPS_ABS_T3b_pearly_white_orange_6\" data-envira-caption=\"KYMCO_MXU_700i_EPS_ABS_T3b_pearly_white_orange_6\" data-envira-retina=\"\" data-thumbnail=\"\"  itemprop=\"contentUrl\"><img decoding=\"async\" id=\"envira-gallery-image-12568\" class=\"envira-gallery-image envira-gallery-image-6 envira-normal envira-lazy\" data-envira-index=\"6\" src=\"https:\/\/www.der-mopedladen.de\/wp-content\/uploads\/2021\/12\/KYMCO_MXU_700i_EPS_ABS_T3b_pearly_white_orange_6-1024x683-640x480.jpg\" data-envira-src=\"https:\/\/www.der-mopedladen.de\/wp-content\/uploads\/2021\/12\/KYMCO_MXU_700i_EPS_ABS_T3b_pearly_white_orange_6-1024x683-640x480.jpg\" data-envira-gallery-id=\"8837\" data-envira-item-id=\"12568\" data-envira-caption=\"KYMCO_MXU_700i_EPS_ABS_T3b_pearly_white_orange_6\" alt=\"\" title=\"KYMCO_MXU_700i_EPS_ABS_T3b_pearly_white_orange_6\"  itemprop=\"thumbnailUrl\" data-envira-srcset=\"https:\/\/www.der-mopedladen.de\/wp-content\/uploads\/2021\/12\/KYMCO_MXU_700i_EPS_ABS_T3b_pearly_white_orange_6-1024x683-640x480.jpg 400w,https:\/\/www.der-mopedladen.de\/wp-content\/uploads\/2021\/12\/KYMCO_MXU_700i_EPS_ABS_T3b_pearly_white_orange_6-1024x683-640x480.jpg 2x\" data-envira-width=\"300\" data-envira-height=\"200\" srcset=\"data:image\/gif;base64,R0lGODlhAQABAIAAAP\/\/\/\/\/\/\/yH5BAEKAAEALAAAAAABAAEAAAICTAEAOw==\" data-safe-src=\"data:image\/gif;base64,R0lGODlhAQABAIAAAP\/\/\/\/\/\/\/yH5BAEKAAEALAAAAAABAAEAAAICTAEAOw==\" \/><\/a><\/div><\/div><div id=\"envira-gallery-item-8834\" class=\"envira-gallery-item enviratope-item envira-gallery-item-7 envira-lazy-load\" style=\"padding-left: 5px; padding-bottom: 10px; padding-right: 5px;\"  itemscope itemtype=\"https:\/\/schema.org\/ImageObject\"><div class=\"envira-gallery-item-inner\"><div class=\"envira-gallery-position-overlay  envira-gallery-top-left\"><\/div><div class=\"envira-gallery-position-overlay  envira-gallery-top-right\"><\/div><div class=\"envira-gallery-position-overlay  envira-gallery-bottom-left\"><\/div><div class=\"envira-gallery-position-overlay  envira-gallery-bottom-right\"><\/div><a href=\"http:\/\/www.der-mopedladen.de\/wp-content\/uploads\/2020\/02\/MXU_700i_T_EPS_Offorad_LOF_titansilber_metallic_6.png\" class=\"envira-gallery-8837 envira-gallery-link\" rel=\"enviragallery8837\" title=\"MXU_700i_T_EPS_Offorad_LOF_titansilber_metallic_6\" data-envira-caption=\"MXU_700i_T_EPS_Offorad_LOF_titansilber_metallic_6\" data-envira-retina=\"\" data-thumbnail=\"\"  itemprop=\"contentUrl\"><img decoding=\"async\" id=\"envira-gallery-image-8834\" class=\"envira-gallery-image envira-gallery-image-7 envira-normal envira-lazy\" data-envira-index=\"7\" src=\"https:\/\/www.der-mopedladen.de\/wp-content\/uploads\/2020\/02\/MXU_700i_T_EPS_Offorad_LOF_titansilber_metallic_6-640x480.png\" data-envira-src=\"https:\/\/www.der-mopedladen.de\/wp-content\/uploads\/2020\/02\/MXU_700i_T_EPS_Offorad_LOF_titansilber_metallic_6-640x480.png\" data-envira-gallery-id=\"8837\" data-envira-item-id=\"8834\" data-envira-caption=\"MXU_700i_T_EPS_Offorad_LOF_titansilber_metallic_6\" alt=\"\" title=\"MXU_700i_T_EPS_Offorad_LOF_titansilber_metallic_6\"  itemprop=\"thumbnailUrl\" data-envira-srcset=\"https:\/\/www.der-mopedladen.de\/wp-content\/uploads\/2020\/02\/MXU_700i_T_EPS_Offorad_LOF_titansilber_metallic_6-640x480.png 400w,https:\/\/www.der-mopedladen.de\/wp-content\/uploads\/2020\/02\/MXU_700i_T_EPS_Offorad_LOF_titansilber_metallic_6-640x480.png 2x\" data-envira-width=\"300\" data-envira-height=\"200\" srcset=\"data:image\/gif;base64,R0lGODlhAQABAIAAAP\/\/\/\/\/\/\/yH5BAEKAAEALAAAAAABAAEAAAICTAEAOw==\" data-safe-src=\"data:image\/gif;base64,R0lGODlhAQABAIAAAP\/\/\/\/\/\/\/yH5BAEKAAEALAAAAAABAAEAAAICTAEAOw==\" \/><\/a><\/div><\/div><div id=\"envira-gallery-item-12569\" class=\"envira-gallery-item enviratope-item envira-gallery-item-8 envira-lazy-load\" style=\"padding-left: 5px; padding-bottom: 10px; padding-right: 5px;\"  itemscope itemtype=\"https:\/\/schema.org\/ImageObject\"><div class=\"envira-gallery-item-inner\"><div class=\"envira-gallery-position-overlay  envira-gallery-top-left\"><\/div><div class=\"envira-gallery-position-overlay  envira-gallery-top-right\"><\/div><div class=\"envira-gallery-position-overlay  envira-gallery-bottom-left\"><\/div><div class=\"envira-gallery-position-overlay  envira-gallery-bottom-right\"><\/div><a href=\"https:\/\/www.der-mopedladen.de\/wp-content\/uploads\/2021\/12\/KYMCO_MXU_700i_EPS_ABS_T3b_pearly_white_orange_5-1-scaled.jpg\" class=\"envira-gallery-8837 envira-gallery-link\" rel=\"enviragallery8837\" title=\"KYMCO_MXU_700i_EPS_ABS_T3b_pearly_white_orange_5\" data-envira-caption=\"KYMCO_MXU_700i_EPS_ABS_T3b_pearly_white_orange_5\" data-envira-retina=\"\" data-thumbnail=\"\"  itemprop=\"contentUrl\"><img decoding=\"async\" id=\"envira-gallery-image-12569\" class=\"envira-gallery-image envira-gallery-image-8 envira-normal envira-lazy\" data-envira-index=\"8\" src=\"https:\/\/www.der-mopedladen.de\/wp-content\/uploads\/2021\/12\/KYMCO_MXU_700i_EPS_ABS_T3b_pearly_white_orange_5-1-1024x683-640x480.jpg\" data-envira-src=\"https:\/\/www.der-mopedladen.de\/wp-content\/uploads\/2021\/12\/KYMCO_MXU_700i_EPS_ABS_T3b_pearly_white_orange_5-1-1024x683-640x480.jpg\" data-envira-gallery-id=\"8837\" data-envira-item-id=\"12569\" data-envira-caption=\"KYMCO_MXU_700i_EPS_ABS_T3b_pearly_white_orange_5\" alt=\"\" title=\"KYMCO_MXU_700i_EPS_ABS_T3b_pearly_white_orange_5\"  itemprop=\"thumbnailUrl\" data-envira-srcset=\"https:\/\/www.der-mopedladen.de\/wp-content\/uploads\/2021\/12\/KYMCO_MXU_700i_EPS_ABS_T3b_pearly_white_orange_5-1-1024x683-640x480.jpg 400w,https:\/\/www.der-mopedladen.de\/wp-content\/uploads\/2021\/12\/KYMCO_MXU_700i_EPS_ABS_T3b_pearly_white_orange_5-1-1024x683-640x480.jpg 2x\" data-envira-width=\"300\" data-envira-height=\"200\" srcset=\"data:image\/gif;base64,R0lGODlhAQABAIAAAP\/\/\/\/\/\/\/yH5BAEKAAEALAAAAAABAAEAAAICTAEAOw==\" data-safe-src=\"data:image\/gif;base64,R0lGODlhAQABAIAAAP\/\/\/\/\/\/\/yH5BAEKAAEALAAAAAABAAEAAAICTAEAOw==\" \/><\/a><\/div><\/div><div id=\"envira-gallery-item-8833\" class=\"envira-gallery-item enviratope-item envira-gallery-item-9 envira-lazy-load\" style=\"padding-left: 5px; padding-bottom: 10px; padding-right: 5px;\"  itemscope itemtype=\"https:\/\/schema.org\/ImageObject\"><div class=\"envira-gallery-item-inner\"><div class=\"envira-gallery-position-overlay  envira-gallery-top-left\"><\/div><div class=\"envira-gallery-position-overlay  envira-gallery-top-right\"><\/div><div class=\"envira-gallery-position-overlay  envira-gallery-bottom-left\"><\/div><div class=\"envira-gallery-position-overlay  envira-gallery-bottom-right\"><\/div><a href=\"http:\/\/www.der-mopedladen.de\/wp-content\/uploads\/2020\/02\/MXU_700i_T_EPS_Offorad_LOF_titansilber_metallic_5.png\" class=\"envira-gallery-8837 envira-gallery-link\" rel=\"enviragallery8837\" title=\"MXU_700i_T_EPS_Offorad_LOF_titansilber_metallic_5\" data-envira-caption=\"MXU_700i_T_EPS_Offorad_LOF_titansilber_metallic_5\" data-envira-retina=\"\" data-thumbnail=\"\"  itemprop=\"contentUrl\"><img decoding=\"async\" id=\"envira-gallery-image-8833\" class=\"envira-gallery-image envira-gallery-image-9 envira-normal envira-lazy\" data-envira-index=\"9\" src=\"https:\/\/www.der-mopedladen.de\/wp-content\/uploads\/2020\/02\/MXU_700i_T_EPS_Offorad_LOF_titansilber_metallic_5-640x480.png\" data-envira-src=\"https:\/\/www.der-mopedladen.de\/wp-content\/uploads\/2020\/02\/MXU_700i_T_EPS_Offorad_LOF_titansilber_metallic_5-640x480.png\" data-envira-gallery-id=\"8837\" data-envira-item-id=\"8833\" data-envira-caption=\"MXU_700i_T_EPS_Offorad_LOF_titansilber_metallic_5\" alt=\"\" title=\"MXU_700i_T_EPS_Offorad_LOF_titansilber_metallic_5\"  itemprop=\"thumbnailUrl\" data-envira-srcset=\"https:\/\/www.der-mopedladen.de\/wp-content\/uploads\/2020\/02\/MXU_700i_T_EPS_Offorad_LOF_titansilber_metallic_5-640x480.png 400w,https:\/\/www.der-mopedladen.de\/wp-content\/uploads\/2020\/02\/MXU_700i_T_EPS_Offorad_LOF_titansilber_metallic_5-640x480.png 2x\" data-envira-width=\"300\" data-envira-height=\"200\" srcset=\"data:image\/gif;base64,R0lGODlhAQABAIAAAP\/\/\/\/\/\/\/yH5BAEKAAEALAAAAAABAAEAAAICTAEAOw==\" data-safe-src=\"data:image\/gif;base64,R0lGODlhAQABAIAAAP\/\/\/\/\/\/\/yH5BAEKAAEALAAAAAABAAEAAAICTAEAOw==\" \/><\/a><\/div><\/div><div id=\"envira-gallery-item-12571\" class=\"envira-gallery-item enviratope-item envira-gallery-item-10 envira-lazy-load\" style=\"padding-left: 5px; padding-bottom: 10px; padding-right: 5px;\"  itemscope itemtype=\"https:\/\/schema.org\/ImageObject\"><div class=\"envira-gallery-item-inner\"><div class=\"envira-gallery-position-overlay  envira-gallery-top-left\"><\/div><div class=\"envira-gallery-position-overlay  envira-gallery-top-right\"><\/div><div class=\"envira-gallery-position-overlay  envira-gallery-bottom-left\"><\/div><div class=\"envira-gallery-position-overlay  envira-gallery-bottom-right\"><\/div><a href=\"https:\/\/www.der-mopedladen.de\/wp-content\/uploads\/2021\/12\/KYMCO_MXU_700i_EPS_ABS_T3b_pearly_white_orange_3-1-scaled.jpg\" class=\"envira-gallery-8837 envira-gallery-link\" rel=\"enviragallery8837\" title=\"KYMCO_MXU_700i_EPS_ABS_T3b_pearly_white_orange_3\" data-envira-caption=\"KYMCO_MXU_700i_EPS_ABS_T3b_pearly_white_orange_3\" data-envira-retina=\"\" data-thumbnail=\"\"  itemprop=\"contentUrl\"><img decoding=\"async\" id=\"envira-gallery-image-12571\" class=\"envira-gallery-image envira-gallery-image-10 envira-normal envira-lazy\" data-envira-index=\"10\" src=\"https:\/\/www.der-mopedladen.de\/wp-content\/uploads\/2021\/12\/KYMCO_MXU_700i_EPS_ABS_T3b_pearly_white_orange_3-1-1024x683-640x480.jpg\" data-envira-src=\"https:\/\/www.der-mopedladen.de\/wp-content\/uploads\/2021\/12\/KYMCO_MXU_700i_EPS_ABS_T3b_pearly_white_orange_3-1-1024x683-640x480.jpg\" data-envira-gallery-id=\"8837\" data-envira-item-id=\"12571\" data-envira-caption=\"KYMCO_MXU_700i_EPS_ABS_T3b_pearly_white_orange_3\" alt=\"\" title=\"KYMCO_MXU_700i_EPS_ABS_T3b_pearly_white_orange_3\"  itemprop=\"thumbnailUrl\" data-envira-srcset=\"https:\/\/www.der-mopedladen.de\/wp-content\/uploads\/2021\/12\/KYMCO_MXU_700i_EPS_ABS_T3b_pearly_white_orange_3-1-1024x683-640x480.jpg 400w,https:\/\/www.der-mopedladen.de\/wp-content\/uploads\/2021\/12\/KYMCO_MXU_700i_EPS_ABS_T3b_pearly_white_orange_3-1-1024x683-640x480.jpg 2x\" data-envira-width=\"300\" data-envira-height=\"200\" srcset=\"data:image\/gif;base64,R0lGODlhAQABAIAAAP\/\/\/\/\/\/\/yH5BAEKAAEALAAAAAABAAEAAAICTAEAOw==\" data-safe-src=\"data:image\/gif;base64,R0lGODlhAQABAIAAAP\/\/\/\/\/\/\/yH5BAEKAAEALAAAAAABAAEAAAICTAEAOw==\" \/><\/a><\/div><\/div><div id=\"envira-gallery-item-8831\" class=\"envira-gallery-item enviratope-item envira-gallery-item-11 envira-lazy-load\" style=\"padding-left: 5px; padding-bottom: 10px; padding-right: 5px;\"  itemscope itemtype=\"https:\/\/schema.org\/ImageObject\"><div class=\"envira-gallery-item-inner\"><div class=\"envira-gallery-position-overlay  envira-gallery-top-left\"><\/div><div class=\"envira-gallery-position-overlay  envira-gallery-top-right\"><\/div><div class=\"envira-gallery-position-overlay  envira-gallery-bottom-left\"><\/div><div class=\"envira-gallery-position-overlay  envira-gallery-bottom-right\"><\/div><a href=\"http:\/\/www.der-mopedladen.de\/wp-content\/uploads\/2020\/02\/MXU_700i_T_EPS_Offorad_LOF_titansilber_metallic_3.png\" class=\"envira-gallery-8837 envira-gallery-link\" rel=\"enviragallery8837\" title=\"MXU_700i_T_EPS_Offorad_LOF_titansilber_metallic_3\" data-envira-caption=\"MXU_700i_T_EPS_Offorad_LOF_titansilber_metallic_3\" data-envira-retina=\"\" data-thumbnail=\"\"  itemprop=\"contentUrl\"><img decoding=\"async\" id=\"envira-gallery-image-8831\" class=\"envira-gallery-image envira-gallery-image-11 envira-normal envira-lazy\" data-envira-index=\"11\" src=\"https:\/\/www.der-mopedladen.de\/wp-content\/uploads\/2020\/02\/MXU_700i_T_EPS_Offorad_LOF_titansilber_metallic_3-640x480.png\" data-envira-src=\"https:\/\/www.der-mopedladen.de\/wp-content\/uploads\/2020\/02\/MXU_700i_T_EPS_Offorad_LOF_titansilber_metallic_3-640x480.png\" data-envira-gallery-id=\"8837\" data-envira-item-id=\"8831\" data-envira-caption=\"MXU_700i_T_EPS_Offorad_LOF_titansilber_metallic_3\" alt=\"\" title=\"MXU_700i_T_EPS_Offorad_LOF_titansilber_metallic_3\"  itemprop=\"thumbnailUrl\" data-envira-srcset=\"https:\/\/www.der-mopedladen.de\/wp-content\/uploads\/2020\/02\/MXU_700i_T_EPS_Offorad_LOF_titansilber_metallic_3-640x480.png 400w,https:\/\/www.der-mopedladen.de\/wp-content\/uploads\/2020\/02\/MXU_700i_T_EPS_Offorad_LOF_titansilber_metallic_3-640x480.png 2x\" data-envira-width=\"300\" data-envira-height=\"200\" srcset=\"data:image\/gif;base64,R0lGODlhAQABAIAAAP\/\/\/\/\/\/\/yH5BAEKAAEALAAAAAABAAEAAAICTAEAOw==\" data-safe-src=\"data:image\/gif;base64,R0lGODlhAQABAIAAAP\/\/\/\/\/\/\/yH5BAEKAAEALAAAAAABAAEAAAICTAEAOw==\" \/><\/a><\/div><\/div><div id=\"envira-gallery-item-12566\" class=\"envira-gallery-item enviratope-item envira-gallery-item-12 envira-lazy-load\" style=\"padding-left: 5px; padding-bottom: 10px; padding-right: 5px;\"  itemscope itemtype=\"https:\/\/schema.org\/ImageObject\"><div class=\"envira-gallery-item-inner\"><div class=\"envira-gallery-position-overlay  envira-gallery-top-left\"><\/div><div class=\"envira-gallery-position-overlay  envira-gallery-top-right\"><\/div><div class=\"envira-gallery-position-overlay  envira-gallery-bottom-left\"><\/div><div class=\"envira-gallery-position-overlay  envira-gallery-bottom-right\"><\/div><a href=\"https:\/\/www.der-mopedladen.de\/wp-content\/uploads\/2021\/12\/KYMCO_MXU_700i_EPS_ABS_T3b_pearly_white_orange_2-scaled.jpg\" class=\"envira-gallery-8837 envira-gallery-link\" rel=\"enviragallery8837\" title=\"KYMCO_MXU_700i_EPS_ABS_T3b_pearly_white_orange_2\" data-envira-caption=\"KYMCO_MXU_700i_EPS_ABS_T3b_pearly_white_orange_2\" data-envira-retina=\"\" data-thumbnail=\"\"  itemprop=\"contentUrl\"><img decoding=\"async\" id=\"envira-gallery-image-12566\" class=\"envira-gallery-image envira-gallery-image-12 envira-normal envira-lazy\" data-envira-index=\"12\" src=\"https:\/\/www.der-mopedladen.de\/wp-content\/uploads\/2021\/12\/KYMCO_MXU_700i_EPS_ABS_T3b_pearly_white_orange_2-1024x683-640x480.jpg\" data-envira-src=\"https:\/\/www.der-mopedladen.de\/wp-content\/uploads\/2021\/12\/KYMCO_MXU_700i_EPS_ABS_T3b_pearly_white_orange_2-1024x683-640x480.jpg\" data-envira-gallery-id=\"8837\" data-envira-item-id=\"12566\" data-envira-caption=\"KYMCO_MXU_700i_EPS_ABS_T3b_pearly_white_orange_2\" alt=\"\" title=\"KYMCO_MXU_700i_EPS_ABS_T3b_pearly_white_orange_2\"  itemprop=\"thumbnailUrl\" data-envira-srcset=\"https:\/\/www.der-mopedladen.de\/wp-content\/uploads\/2021\/12\/KYMCO_MXU_700i_EPS_ABS_T3b_pearly_white_orange_2-1024x683-640x480.jpg 400w,https:\/\/www.der-mopedladen.de\/wp-content\/uploads\/2021\/12\/KYMCO_MXU_700i_EPS_ABS_T3b_pearly_white_orange_2-1024x683-640x480.jpg 2x\" data-envira-width=\"300\" data-envira-height=\"200\" srcset=\"data:image\/gif;base64,R0lGODlhAQABAIAAAP\/\/\/\/\/\/\/yH5BAEKAAEALAAAAAABAAEAAAICTAEAOw==\" data-safe-src=\"data:image\/gif;base64,R0lGODlhAQABAIAAAP\/\/\/\/\/\/\/yH5BAEKAAEALAAAAAABAAEAAAICTAEAOw==\" \/><\/a><\/div><\/div><div id=\"envira-gallery-item-8829\" class=\"envira-gallery-item enviratope-item envira-gallery-item-13 envira-lazy-load\" style=\"padding-left: 5px; padding-bottom: 10px; padding-right: 5px;\"  itemscope itemtype=\"https:\/\/schema.org\/ImageObject\"><div class=\"envira-gallery-item-inner\"><div class=\"envira-gallery-position-overlay  envira-gallery-top-left\"><\/div><div class=\"envira-gallery-position-overlay  envira-gallery-top-right\"><\/div><div class=\"envira-gallery-position-overlay  envira-gallery-bottom-left\"><\/div><div class=\"envira-gallery-position-overlay  envira-gallery-bottom-right\"><\/div><a href=\"http:\/\/www.der-mopedladen.de\/wp-content\/uploads\/2020\/02\/MXU_700i_T_EPS_Offorad_LOF_titansilber_metallic_1.png\" class=\"envira-gallery-8837 envira-gallery-link\" rel=\"enviragallery8837\" title=\"MXU_700i_T_EPS_Offorad_LOF_titansilber_metallic_1\" data-envira-caption=\"MXU_700i_T_EPS_Offorad_LOF_titansilber_metallic_1\" data-envira-retina=\"\" data-thumbnail=\"\"  itemprop=\"contentUrl\"><img decoding=\"async\" id=\"envira-gallery-image-8829\" class=\"envira-gallery-image envira-gallery-image-13 envira-normal envira-lazy\" data-envira-index=\"13\" src=\"https:\/\/www.der-mopedladen.de\/wp-content\/uploads\/2020\/02\/MXU_700i_T_EPS_Offorad_LOF_titansilber_metallic_1-640x480.png\" data-envira-src=\"https:\/\/www.der-mopedladen.de\/wp-content\/uploads\/2020\/02\/MXU_700i_T_EPS_Offorad_LOF_titansilber_metallic_1-640x480.png\" data-envira-gallery-id=\"8837\" data-envira-item-id=\"8829\" data-envira-caption=\"MXU_700i_T_EPS_Offorad_LOF_titansilber_metallic_1\" alt=\"\" title=\"MXU_700i_T_EPS_Offorad_LOF_titansilber_metallic_1\"  itemprop=\"thumbnailUrl\" data-envira-srcset=\"https:\/\/www.der-mopedladen.de\/wp-content\/uploads\/2020\/02\/MXU_700i_T_EPS_Offorad_LOF_titansilber_metallic_1-640x480.png 400w,https:\/\/www.der-mopedladen.de\/wp-content\/uploads\/2020\/02\/MXU_700i_T_EPS_Offorad_LOF_titansilber_metallic_1-640x480.png 2x\" data-envira-width=\"300\" data-envira-height=\"200\" srcset=\"data:image\/gif;base64,R0lGODlhAQABAIAAAP\/\/\/\/\/\/\/yH5BAEKAAEALAAAAAABAAEAAAICTAEAOw==\" data-safe-src=\"data:image\/gif;base64,R0lGODlhAQABAIAAAP\/\/\/\/\/\/\/yH5BAEKAAEALAAAAAABAAEAAAICTAEAOw==\" \/><\/a><\/div><\/div><div id=\"envira-gallery-item-12567\" class=\"envira-gallery-item enviratope-item envira-gallery-item-14 envira-lazy-load\" style=\"padding-left: 5px; padding-bottom: 10px; padding-right: 5px;\"  itemscope itemtype=\"https:\/\/schema.org\/ImageObject\"><div class=\"envira-gallery-item-inner\"><div class=\"envira-gallery-position-overlay  envira-gallery-top-left\"><\/div><div class=\"envira-gallery-position-overlay  envira-gallery-top-right\"><\/div><div class=\"envira-gallery-position-overlay  envira-gallery-bottom-left\"><\/div><div class=\"envira-gallery-position-overlay  envira-gallery-bottom-right\"><\/div><a href=\"https:\/\/www.der-mopedladen.de\/wp-content\/uploads\/2021\/12\/KYMCO_MXU_700i_EPS_ABS_T3b_pearly_white_orange_1-scaled.jpg\" class=\"envira-gallery-8837 envira-gallery-link\" rel=\"enviragallery8837\" title=\"KYMCO_MXU_700i_EPS_ABS_T3b_pearly_white_orange_1\" data-envira-caption=\"KYMCO_MXU_700i_EPS_ABS_T3b_pearly_white_orange_1\" data-envira-retina=\"\" data-thumbnail=\"\"  itemprop=\"contentUrl\"><img decoding=\"async\" id=\"envira-gallery-image-12567\" class=\"envira-gallery-image envira-gallery-image-14 envira-normal envira-lazy\" data-envira-index=\"14\" src=\"https:\/\/www.der-mopedladen.de\/wp-content\/uploads\/2021\/12\/KYMCO_MXU_700i_EPS_ABS_T3b_pearly_white_orange_1-1024x683-640x480.jpg\" data-envira-src=\"https:\/\/www.der-mopedladen.de\/wp-content\/uploads\/2021\/12\/KYMCO_MXU_700i_EPS_ABS_T3b_pearly_white_orange_1-1024x683-640x480.jpg\" data-envira-gallery-id=\"8837\" data-envira-item-id=\"12567\" data-envira-caption=\"KYMCO_MXU_700i_EPS_ABS_T3b_pearly_white_orange_1\" alt=\"\" title=\"KYMCO_MXU_700i_EPS_ABS_T3b_pearly_white_orange_1\"  itemprop=\"thumbnailUrl\" data-envira-srcset=\"https:\/\/www.der-mopedladen.de\/wp-content\/uploads\/2021\/12\/KYMCO_MXU_700i_EPS_ABS_T3b_pearly_white_orange_1-1024x683-640x480.jpg 400w,https:\/\/www.der-mopedladen.de\/wp-content\/uploads\/2021\/12\/KYMCO_MXU_700i_EPS_ABS_T3b_pearly_white_orange_1-1024x683-640x480.jpg 2x\" data-envira-width=\"300\" data-envira-height=\"200\" srcset=\"data:image\/gif;base64,R0lGODlhAQABAIAAAP\/\/\/\/\/\/\/yH5BAEKAAEALAAAAAABAAEAAAICTAEAOw==\" data-safe-src=\"data:image\/gif;base64,R0lGODlhAQABAIAAAP\/\/\/\/\/\/\/yH5BAEKAAEALAAAAAABAAEAAAICTAEAOw==\" \/><\/a><\/div><\/div><div id=\"envira-gallery-item-8818\" class=\"envira-gallery-item enviratope-item envira-gallery-item-15 envira-lazy-load\" style=\"padding-left: 5px; padding-bottom: 10px; padding-right: 5px;\"  itemscope itemtype=\"https:\/\/schema.org\/ImageObject\"><div class=\"envira-gallery-item-inner\"><div class=\"envira-gallery-position-overlay  envira-gallery-top-left\"><\/div><div class=\"envira-gallery-position-overlay  envira-gallery-top-right\"><\/div><div class=\"envira-gallery-position-overlay  envira-gallery-bottom-left\"><\/div><div class=\"envira-gallery-position-overlay  envira-gallery-bottom-right\"><\/div><a href=\"http:\/\/www.der-mopedladen.de\/wp-content\/uploads\/2020\/02\/MXU_700i_T_EPS_Offorad_LOF_weiss_Detail_1.jpg\" class=\"envira-gallery-8837 envira-gallery-link\" rel=\"enviragallery8837\" title=\"MXU_700i_T_EPS_Offorad_LOF_weiss_Detail_1\" data-envira-caption=\"MXU_700i_T_EPS_Offorad_LOF_weiss_Detail_1\" data-envira-retina=\"\" data-thumbnail=\"\"  itemprop=\"contentUrl\"><img decoding=\"async\" id=\"envira-gallery-image-8818\" class=\"envira-gallery-image envira-gallery-image-15 envira-normal envira-lazy\" data-envira-index=\"15\" src=\"https:\/\/www.der-mopedladen.de\/wp-content\/uploads\/2020\/02\/MXU_700i_T_EPS_Offorad_LOF_weiss_Detail_1-640x480.jpg\" data-envira-src=\"https:\/\/www.der-mopedladen.de\/wp-content\/uploads\/2020\/02\/MXU_700i_T_EPS_Offorad_LOF_weiss_Detail_1-640x480.jpg\" data-envira-gallery-id=\"8837\" data-envira-item-id=\"8818\" data-envira-caption=\"MXU_700i_T_EPS_Offorad_LOF_weiss_Detail_1\" alt=\"\" title=\"MXU_700i_T_EPS_Offorad_LOF_weiss_Detail_1\"  itemprop=\"thumbnailUrl\" data-envira-srcset=\"https:\/\/www.der-mopedladen.de\/wp-content\/uploads\/2020\/02\/MXU_700i_T_EPS_Offorad_LOF_weiss_Detail_1-640x480.jpg 400w,https:\/\/www.der-mopedladen.de\/wp-content\/uploads\/2020\/02\/MXU_700i_T_EPS_Offorad_LOF_weiss_Detail_1-640x480.jpg 2x\" data-envira-width=\"300\" data-envira-height=\"200\" srcset=\"data:image\/gif;base64,R0lGODlhAQABAIAAAP\/\/\/\/\/\/\/yH5BAEKAAEALAAAAAABAAEAAAICTAEAOw==\" data-safe-src=\"data:image\/gif;base64,R0lGODlhAQABAIAAAP\/\/\/\/\/\/\/yH5BAEKAAEALAAAAAABAAEAAAICTAEAOw==\" \/><\/a><\/div><\/div><div id=\"envira-gallery-item-8817\" class=\"envira-gallery-item enviratope-item envira-gallery-item-16 envira-lazy-load\" style=\"padding-left: 5px; padding-bottom: 10px; padding-right: 5px;\"  itemscope itemtype=\"https:\/\/schema.org\/ImageObject\"><div class=\"envira-gallery-item-inner\"><div class=\"envira-gallery-position-overlay  envira-gallery-top-left\"><\/div><div class=\"envira-gallery-position-overlay  envira-gallery-top-right\"><\/div><div class=\"envira-gallery-position-overlay  envira-gallery-bottom-left\"><\/div><div class=\"envira-gallery-position-overlay  envira-gallery-bottom-right\"><\/div><a href=\"http:\/\/www.der-mopedladen.de\/wp-content\/uploads\/2020\/02\/MXU_700i_T_EPS_Offorad_LOF_titansilber_metallic_Detail_3.jpg\" class=\"envira-gallery-8837 envira-gallery-link\" rel=\"enviragallery8837\" title=\"MXU_700i_T_EPS_Offorad_LOF_titansilber_metallic_Detail_3\" data-envira-caption=\"MXU_700i_T_EPS_Offorad_LOF_titansilber_metallic_Detail_3\" data-envira-retina=\"\" data-thumbnail=\"\"  itemprop=\"contentUrl\"><img decoding=\"async\" id=\"envira-gallery-image-8817\" class=\"envira-gallery-image envira-gallery-image-16 envira-normal envira-lazy\" data-envira-index=\"16\" src=\"https:\/\/www.der-mopedladen.de\/wp-content\/uploads\/2020\/02\/MXU_700i_T_EPS_Offorad_LOF_titansilber_metallic_Detail_3-640x480.jpg\" data-envira-src=\"https:\/\/www.der-mopedladen.de\/wp-content\/uploads\/2020\/02\/MXU_700i_T_EPS_Offorad_LOF_titansilber_metallic_Detail_3-640x480.jpg\" data-envira-gallery-id=\"8837\" data-envira-item-id=\"8817\" data-envira-caption=\"MXU_700i_T_EPS_Offorad_LOF_titansilber_metallic_Detail_3\" alt=\"\" title=\"MXU_700i_T_EPS_Offorad_LOF_titansilber_metallic_Detail_3\"  itemprop=\"thumbnailUrl\" data-envira-srcset=\"https:\/\/www.der-mopedladen.de\/wp-content\/uploads\/2020\/02\/MXU_700i_T_EPS_Offorad_LOF_titansilber_metallic_Detail_3-640x480.jpg 400w,https:\/\/www.der-mopedladen.de\/wp-content\/uploads\/2020\/02\/MXU_700i_T_EPS_Offorad_LOF_titansilber_metallic_Detail_3-640x480.jpg 2x\" data-envira-width=\"300\" data-envira-height=\"200\" srcset=\"data:image\/gif;base64,R0lGODlhAQABAIAAAP\/\/\/\/\/\/\/yH5BAEKAAEALAAAAAABAAEAAAICTAEAOw==\" data-safe-src=\"data:image\/gif;base64,R0lGODlhAQABAIAAAP\/\/\/\/\/\/\/yH5BAEKAAEALAAAAAABAAEAAAICTAEAOw==\" \/><\/a><\/div><\/div><div id=\"envira-gallery-item-8816\" class=\"envira-gallery-item enviratope-item envira-gallery-item-17 envira-lazy-load\" style=\"padding-left: 5px; padding-bottom: 10px; padding-right: 5px;\"  itemscope itemtype=\"https:\/\/schema.org\/ImageObject\"><div class=\"envira-gallery-item-inner\"><div class=\"envira-gallery-position-overlay  envira-gallery-top-left\"><\/div><div class=\"envira-gallery-position-overlay  envira-gallery-top-right\"><\/div><div class=\"envira-gallery-position-overlay  envira-gallery-bottom-left\"><\/div><div class=\"envira-gallery-position-overlay  envira-gallery-bottom-right\"><\/div><a href=\"http:\/\/www.der-mopedladen.de\/wp-content\/uploads\/2020\/02\/MXU_700i_T_EPS_Offorad_LOF_titansilber_metallic_Detail_2.jpg\" class=\"envira-gallery-8837 envira-gallery-link\" rel=\"enviragallery8837\" title=\"MXU_700i_T_EPS_Offorad_LOF_titansilber_metallic_Detail_2\" data-envira-caption=\"MXU_700i_T_EPS_Offorad_LOF_titansilber_metallic_Detail_2\" data-envira-retina=\"\" data-thumbnail=\"\"  itemprop=\"contentUrl\"><img decoding=\"async\" id=\"envira-gallery-image-8816\" class=\"envira-gallery-image envira-gallery-image-17 envira-normal envira-lazy\" data-envira-index=\"17\" src=\"https:\/\/www.der-mopedladen.de\/wp-content\/uploads\/2020\/02\/MXU_700i_T_EPS_Offorad_LOF_titansilber_metallic_Detail_2-640x480.jpg\" data-envira-src=\"https:\/\/www.der-mopedladen.de\/wp-content\/uploads\/2020\/02\/MXU_700i_T_EPS_Offorad_LOF_titansilber_metallic_Detail_2-640x480.jpg\" data-envira-gallery-id=\"8837\" data-envira-item-id=\"8816\" data-envira-caption=\"MXU_700i_T_EPS_Offorad_LOF_titansilber_metallic_Detail_2\" alt=\"\" title=\"MXU_700i_T_EPS_Offorad_LOF_titansilber_metallic_Detail_2\"  itemprop=\"thumbnailUrl\" data-envira-srcset=\"https:\/\/www.der-mopedladen.de\/wp-content\/uploads\/2020\/02\/MXU_700i_T_EPS_Offorad_LOF_titansilber_metallic_Detail_2-640x480.jpg 400w,https:\/\/www.der-mopedladen.de\/wp-content\/uploads\/2020\/02\/MXU_700i_T_EPS_Offorad_LOF_titansilber_metallic_Detail_2-640x480.jpg 2x\" data-envira-width=\"300\" data-envira-height=\"200\" srcset=\"data:image\/gif;base64,R0lGODlhAQABAIAAAP\/\/\/\/\/\/\/yH5BAEKAAEALAAAAAABAAEAAAICTAEAOw==\" data-safe-src=\"data:image\/gif;base64,R0lGODlhAQABAIAAAP\/\/\/\/\/\/\/yH5BAEKAAEALAAAAAABAAEAAAICTAEAOw==\" \/><\/a><\/div><\/div><div id=\"envira-gallery-item-8815\" class=\"envira-gallery-item enviratope-item envira-gallery-item-18 envira-lazy-load\" style=\"padding-left: 5px; padding-bottom: 10px; padding-right: 5px;\"  itemscope itemtype=\"https:\/\/schema.org\/ImageObject\"><div class=\"envira-gallery-item-inner\"><div class=\"envira-gallery-position-overlay  envira-gallery-top-left\"><\/div><div class=\"envira-gallery-position-overlay  envira-gallery-top-right\"><\/div><div class=\"envira-gallery-position-overlay  envira-gallery-bottom-left\"><\/div><div class=\"envira-gallery-position-overlay  envira-gallery-bottom-right\"><\/div><a href=\"http:\/\/www.der-mopedladen.de\/wp-content\/uploads\/2020\/02\/MXU_700i_T_EPS_Offorad_LOF_titansilber_metallic_Detail_1.jpg\" class=\"envira-gallery-8837 envira-gallery-link\" rel=\"enviragallery8837\" title=\"MXU_700i_T_EPS_Offorad_LOF_titansilber_metallic_Detail_1\" data-envira-caption=\"MXU_700i_T_EPS_Offorad_LOF_titansilber_metallic_Detail_1\" data-envira-retina=\"\" data-thumbnail=\"\"  itemprop=\"contentUrl\"><img decoding=\"async\" id=\"envira-gallery-image-8815\" class=\"envira-gallery-image envira-gallery-image-18 envira-normal envira-lazy\" data-envira-index=\"18\" src=\"https:\/\/www.der-mopedladen.de\/wp-content\/uploads\/2020\/02\/MXU_700i_T_EPS_Offorad_LOF_titansilber_metallic_Detail_1-640x480.jpg\" data-envira-src=\"https:\/\/www.der-mopedladen.de\/wp-content\/uploads\/2020\/02\/MXU_700i_T_EPS_Offorad_LOF_titansilber_metallic_Detail_1-640x480.jpg\" data-envira-gallery-id=\"8837\" data-envira-item-id=\"8815\" data-envira-caption=\"MXU_700i_T_EPS_Offorad_LOF_titansilber_metallic_Detail_1\" alt=\"\" title=\"MXU_700i_T_EPS_Offorad_LOF_titansilber_metallic_Detail_1\"  itemprop=\"thumbnailUrl\" data-envira-srcset=\"https:\/\/www.der-mopedladen.de\/wp-content\/uploads\/2020\/02\/MXU_700i_T_EPS_Offorad_LOF_titansilber_metallic_Detail_1-640x480.jpg 400w,https:\/\/www.der-mopedladen.de\/wp-content\/uploads\/2020\/02\/MXU_700i_T_EPS_Offorad_LOF_titansilber_metallic_Detail_1-640x480.jpg 2x\" data-envira-width=\"300\" data-envira-height=\"200\" srcset=\"data:image\/gif;base64,R0lGODlhAQABAIAAAP\/\/\/\/\/\/\/yH5BAEKAAEALAAAAAABAAEAAAICTAEAOw==\" data-safe-src=\"data:image\/gif;base64,R0lGODlhAQABAIAAAP\/\/\/\/\/\/\/yH5BAEKAAEALAAAAAABAAEAAAICTAEAOw==\" \/><\/a><\/div><\/div><div id=\"envira-gallery-item-8814\" class=\"envira-gallery-item enviratope-item envira-gallery-item-19 envira-lazy-load\" style=\"padding-left: 5px; padding-bottom: 10px; padding-right: 5px;\"  itemscope itemtype=\"https:\/\/schema.org\/ImageObject\"><div class=\"envira-gallery-item-inner\"><div class=\"envira-gallery-position-overlay  envira-gallery-top-left\"><\/div><div class=\"envira-gallery-position-overlay  envira-gallery-top-right\"><\/div><div class=\"envira-gallery-position-overlay  envira-gallery-bottom-left\"><\/div><div class=\"envira-gallery-position-overlay  envira-gallery-bottom-right\"><\/div><a href=\"http:\/\/www.der-mopedladen.de\/wp-content\/uploads\/2020\/02\/kymco_mxu_700_exi_eps_lof_detail_04.jpg\" class=\"envira-gallery-8837 envira-gallery-link\" rel=\"enviragallery8837\" title=\"kymco_mxu_700_exi_eps_lof_detail_04\" data-envira-caption=\"kymco_mxu_700_exi_eps_lof_detail_04\" data-envira-retina=\"\" data-thumbnail=\"\"  itemprop=\"contentUrl\"><img decoding=\"async\" id=\"envira-gallery-image-8814\" class=\"envira-gallery-image envira-gallery-image-19 envira-normal envira-lazy\" data-envira-index=\"19\" src=\"https:\/\/www.der-mopedladen.de\/wp-content\/uploads\/2020\/02\/kymco_mxu_700_exi_eps_lof_detail_04-640x480.jpg\" data-envira-src=\"https:\/\/www.der-mopedladen.de\/wp-content\/uploads\/2020\/02\/kymco_mxu_700_exi_eps_lof_detail_04-640x480.jpg\" data-envira-gallery-id=\"8837\" data-envira-item-id=\"8814\" data-envira-caption=\"kymco_mxu_700_exi_eps_lof_detail_04\" alt=\"\" title=\"kymco_mxu_700_exi_eps_lof_detail_04\"  itemprop=\"thumbnailUrl\" data-envira-srcset=\"https:\/\/www.der-mopedladen.de\/wp-content\/uploads\/2020\/02\/kymco_mxu_700_exi_eps_lof_detail_04-640x480.jpg 400w,https:\/\/www.der-mopedladen.de\/wp-content\/uploads\/2020\/02\/kymco_mxu_700_exi_eps_lof_detail_04-640x480.jpg 2x\" data-envira-width=\"300\" data-envira-height=\"200\" srcset=\"data:image\/gif;base64,R0lGODlhAQABAIAAAP\/\/\/\/\/\/\/yH5BAEKAAEALAAAAAABAAEAAAICTAEAOw==\" data-safe-src=\"data:image\/gif;base64,R0lGODlhAQABAIAAAP\/\/\/\/\/\/\/yH5BAEKAAEALAAAAAABAAEAAAICTAEAOw==\" \/><\/a><\/div><\/div><div id=\"envira-gallery-item-8813\" class=\"envira-gallery-item enviratope-item envira-gallery-item-20 envira-lazy-load\" style=\"padding-left: 5px; padding-bottom: 10px; padding-right: 5px;\"  itemscope itemtype=\"https:\/\/schema.org\/ImageObject\"><div class=\"envira-gallery-item-inner\"><div class=\"envira-gallery-position-overlay  envira-gallery-top-left\"><\/div><div class=\"envira-gallery-position-overlay  envira-gallery-top-right\"><\/div><div class=\"envira-gallery-position-overlay  envira-gallery-bottom-left\"><\/div><div class=\"envira-gallery-position-overlay  envira-gallery-bottom-right\"><\/div><a href=\"http:\/\/www.der-mopedladen.de\/wp-content\/uploads\/2020\/02\/kymco_mxu_700_exi_eps_lof_detail_03.jpg\" class=\"envira-gallery-8837 envira-gallery-link\" rel=\"enviragallery8837\" title=\"kymco_mxu_700_exi_eps_lof_detail_03\" data-envira-caption=\"kymco_mxu_700_exi_eps_lof_detail_03\" data-envira-retina=\"\" data-thumbnail=\"\"  itemprop=\"contentUrl\"><img decoding=\"async\" id=\"envira-gallery-image-8813\" class=\"envira-gallery-image envira-gallery-image-20 envira-normal envira-lazy\" data-envira-index=\"20\" src=\"https:\/\/www.der-mopedladen.de\/wp-content\/uploads\/2020\/02\/kymco_mxu_700_exi_eps_lof_detail_03-640x480.jpg\" data-envira-src=\"https:\/\/www.der-mopedladen.de\/wp-content\/uploads\/2020\/02\/kymco_mxu_700_exi_eps_lof_detail_03-640x480.jpg\" data-envira-gallery-id=\"8837\" data-envira-item-id=\"8813\" data-envira-caption=\"kymco_mxu_700_exi_eps_lof_detail_03\" alt=\"\" title=\"kymco_mxu_700_exi_eps_lof_detail_03\"  itemprop=\"thumbnailUrl\" data-envira-srcset=\"https:\/\/www.der-mopedladen.de\/wp-content\/uploads\/2020\/02\/kymco_mxu_700_exi_eps_lof_detail_03-640x480.jpg 400w,https:\/\/www.der-mopedladen.de\/wp-content\/uploads\/2020\/02\/kymco_mxu_700_exi_eps_lof_detail_03-640x480.jpg 2x\" data-envira-width=\"300\" data-envira-height=\"200\" srcset=\"data:image\/gif;base64,R0lGODlhAQABAIAAAP\/\/\/\/\/\/\/yH5BAEKAAEALAAAAAABAAEAAAICTAEAOw==\" data-safe-src=\"data:image\/gif;base64,R0lGODlhAQABAIAAAP\/\/\/\/\/\/\/yH5BAEKAAEALAAAAAABAAEAAAICTAEAOw==\" \/><\/a><\/div><\/div><div id=\"envira-gallery-item-8812\" class=\"envira-gallery-item enviratope-item envira-gallery-item-21 envira-lazy-load\" style=\"padding-left: 5px; padding-bottom: 10px; padding-right: 5px;\"  itemscope itemtype=\"https:\/\/schema.org\/ImageObject\"><div class=\"envira-gallery-item-inner\"><div class=\"envira-gallery-position-overlay  envira-gallery-top-left\"><\/div><div class=\"envira-gallery-position-overlay  envira-gallery-top-right\"><\/div><div class=\"envira-gallery-position-overlay  envira-gallery-bottom-left\"><\/div><div class=\"envira-gallery-position-overlay  envira-gallery-bottom-right\"><\/div><a href=\"http:\/\/www.der-mopedladen.de\/wp-content\/uploads\/2020\/02\/kymco_mxu_700_exi_eps_lof_detail_02.jpg\" class=\"envira-gallery-8837 envira-gallery-link\" rel=\"enviragallery8837\" title=\"kymco_mxu_700_exi_eps_lof_detail_02\" data-envira-caption=\"kymco_mxu_700_exi_eps_lof_detail_02\" data-envira-retina=\"\" data-thumbnail=\"\"  itemprop=\"contentUrl\"><img decoding=\"async\" id=\"envira-gallery-image-8812\" class=\"envira-gallery-image envira-gallery-image-21 envira-normal envira-lazy\" data-envira-index=\"21\" src=\"https:\/\/www.der-mopedladen.de\/wp-content\/uploads\/2020\/02\/kymco_mxu_700_exi_eps_lof_detail_02-640x480.jpg\" data-envira-src=\"https:\/\/www.der-mopedladen.de\/wp-content\/uploads\/2020\/02\/kymco_mxu_700_exi_eps_lof_detail_02-640x480.jpg\" data-envira-gallery-id=\"8837\" data-envira-item-id=\"8812\" data-envira-caption=\"kymco_mxu_700_exi_eps_lof_detail_02\" alt=\"\" title=\"kymco_mxu_700_exi_eps_lof_detail_02\"  itemprop=\"thumbnailUrl\" data-envira-srcset=\"https:\/\/www.der-mopedladen.de\/wp-content\/uploads\/2020\/02\/kymco_mxu_700_exi_eps_lof_detail_02-640x480.jpg 400w,https:\/\/www.der-mopedladen.de\/wp-content\/uploads\/2020\/02\/kymco_mxu_700_exi_eps_lof_detail_02-640x480.jpg 2x\" data-envira-width=\"300\" data-envira-height=\"200\" srcset=\"data:image\/gif;base64,R0lGODlhAQABAIAAAP\/\/\/\/\/\/\/yH5BAEKAAEALAAAAAABAAEAAAICTAEAOw==\" data-safe-src=\"data:image\/gif;base64,R0lGODlhAQABAIAAAP\/\/\/\/\/\/\/yH5BAEKAAEALAAAAAABAAEAAAICTAEAOw==\" \/><\/a><\/div><\/div><div id=\"envira-gallery-item-8811\" class=\"envira-gallery-item enviratope-item envira-gallery-item-22 envira-lazy-load\" style=\"padding-left: 5px; padding-bottom: 10px; padding-right: 5px;\"  itemscope itemtype=\"https:\/\/schema.org\/ImageObject\"><div class=\"envira-gallery-item-inner\"><div class=\"envira-gallery-position-overlay  envira-gallery-top-left\"><\/div><div class=\"envira-gallery-position-overlay  envira-gallery-top-right\"><\/div><div class=\"envira-gallery-position-overlay  envira-gallery-bottom-left\"><\/div><div class=\"envira-gallery-position-overlay  envira-gallery-bottom-right\"><\/div><a href=\"http:\/\/www.der-mopedladen.de\/wp-content\/uploads\/2020\/02\/kymco_mxu_700_exi_eps_lof_detail_01.jpg\" class=\"envira-gallery-8837 envira-gallery-link\" rel=\"enviragallery8837\" title=\"kymco_mxu_700_exi_eps_lof_detail_01\" data-envira-caption=\"kymco_mxu_700_exi_eps_lof_detail_01\" data-envira-retina=\"\" data-thumbnail=\"\"  itemprop=\"contentUrl\"><img decoding=\"async\" id=\"envira-gallery-image-8811\" class=\"envira-gallery-image envira-gallery-image-22 envira-normal envira-lazy\" data-envira-index=\"22\" src=\"https:\/\/www.der-mopedladen.de\/wp-content\/uploads\/2020\/02\/kymco_mxu_700_exi_eps_lof_detail_01-640x480.jpg\" data-envira-src=\"https:\/\/www.der-mopedladen.de\/wp-content\/uploads\/2020\/02\/kymco_mxu_700_exi_eps_lof_detail_01-640x480.jpg\" data-envira-gallery-id=\"8837\" data-envira-item-id=\"8811\" data-envira-caption=\"kymco_mxu_700_exi_eps_lof_detail_01\" alt=\"\" title=\"kymco_mxu_700_exi_eps_lof_detail_01\"  itemprop=\"thumbnailUrl\" data-envira-srcset=\"https:\/\/www.der-mopedladen.de\/wp-content\/uploads\/2020\/02\/kymco_mxu_700_exi_eps_lof_detail_01-640x480.jpg 400w,https:\/\/www.der-mopedladen.de\/wp-content\/uploads\/2020\/02\/kymco_mxu_700_exi_eps_lof_detail_01-640x480.jpg 2x\" data-envira-width=\"300\" data-envira-height=\"200\" srcset=\"data:image\/gif;base64,R0lGODlhAQABAIAAAP\/\/\/\/\/\/\/yH5BAEKAAEALAAAAAABAAEAAAICTAEAOw==\" data-safe-src=\"data:image\/gif;base64,R0lGODlhAQABAIAAAP\/\/\/\/\/\/\/yH5BAEKAAEALAAAAAABAAEAAAICTAEAOw==\" \/><\/a><\/div><\/div><\/div><\/div><noscript><img decoding=\"async\" src=\"https:\/\/www.der-mopedladen.de\/wp-content\/uploads\/2021\/12\/KYMCO_MXU_700i_EPS_ABS_T3b_pearly_white_orange_4-1-scaled.jpg\" alt=\"\" \/><img decoding=\"async\" src=\"https:\/\/www.der-mopedladen.de\/wp-content\/uploads\/2020\/02\/MXU_700i_T_EPS_Offorad_LOF_titansilber_metallic_4.png\" alt=\"\" \/><img decoding=\"async\" src=\"https:\/\/www.der-mopedladen.de\/wp-content\/uploads\/2021\/12\/KYMCO_MXU_700i_EPS_ABS_T3b_pearly_white_orange_8-scaled.jpg\" alt=\"\" \/><img decoding=\"async\" src=\"https:\/\/www.der-mopedladen.de\/wp-content\/uploads\/2020\/02\/MXU_700i_T_EPS_Offorad_LOF_titansilber_metallic_8.png\" alt=\"\" \/><img decoding=\"async\" src=\"https:\/\/www.der-mopedladen.de\/wp-content\/uploads\/2020\/02\/MXU_700i_T_EPS_Offorad_LOF_titansilber_metallic_7.png\" alt=\"\" \/><img decoding=\"async\" src=\"https:\/\/www.der-mopedladen.de\/wp-content\/uploads\/2021\/12\/KYMCO_MXU_700i_EPS_ABS_T3b_pearly_white_orange_6-scaled.jpg\" alt=\"\" \/><img decoding=\"async\" src=\"https:\/\/www.der-mopedladen.de\/wp-content\/uploads\/2020\/02\/MXU_700i_T_EPS_Offorad_LOF_titansilber_metallic_6.png\" alt=\"\" \/><img decoding=\"async\" src=\"https:\/\/www.der-mopedladen.de\/wp-content\/uploads\/2021\/12\/KYMCO_MXU_700i_EPS_ABS_T3b_pearly_white_orange_5-1-scaled.jpg\" alt=\"\" \/><img decoding=\"async\" src=\"https:\/\/www.der-mopedladen.de\/wp-content\/uploads\/2020\/02\/MXU_700i_T_EPS_Offorad_LOF_titansilber_metallic_5.png\" alt=\"\" \/><img decoding=\"async\" src=\"https:\/\/www.der-mopedladen.de\/wp-content\/uploads\/2021\/12\/KYMCO_MXU_700i_EPS_ABS_T3b_pearly_white_orange_3-1-scaled.jpg\" alt=\"\" \/><img decoding=\"async\" src=\"https:\/\/www.der-mopedladen.de\/wp-content\/uploads\/2020\/02\/MXU_700i_T_EPS_Offorad_LOF_titansilber_metallic_3.png\" alt=\"\" \/><img decoding=\"async\" src=\"https:\/\/www.der-mopedladen.de\/wp-content\/uploads\/2021\/12\/KYMCO_MXU_700i_EPS_ABS_T3b_pearly_white_orange_2-scaled.jpg\" alt=\"\" \/><img decoding=\"async\" src=\"https:\/\/www.der-mopedladen.de\/wp-content\/uploads\/2020\/02\/MXU_700i_T_EPS_Offorad_LOF_titansilber_metallic_1.png\" alt=\"\" \/><img decoding=\"async\" src=\"https:\/\/www.der-mopedladen.de\/wp-content\/uploads\/2021\/12\/KYMCO_MXU_700i_EPS_ABS_T3b_pearly_white_orange_1-scaled.jpg\" alt=\"\" \/><img decoding=\"async\" src=\"https:\/\/www.der-mopedladen.de\/wp-content\/uploads\/2020\/02\/MXU_700i_T_EPS_Offorad_LOF_weiss_Detail_1.jpg\" alt=\"\" \/><img decoding=\"async\" src=\"https:\/\/www.der-mopedladen.de\/wp-content\/uploads\/2020\/02\/MXU_700i_T_EPS_Offorad_LOF_titansilber_metallic_Detail_3.jpg\" alt=\"\" \/><img decoding=\"async\" src=\"https:\/\/www.der-mopedladen.de\/wp-content\/uploads\/2020\/02\/MXU_700i_T_EPS_Offorad_LOF_titansilber_metallic_Detail_2.jpg\" alt=\"\" \/><img decoding=\"async\" src=\"https:\/\/www.der-mopedladen.de\/wp-content\/uploads\/2020\/02\/MXU_700i_T_EPS_Offorad_LOF_titansilber_metallic_Detail_1.jpg\" alt=\"\" \/><img decoding=\"async\" src=\"https:\/\/www.der-mopedladen.de\/wp-content\/uploads\/2020\/02\/kymco_mxu_700_exi_eps_lof_detail_04.jpg\" alt=\"\" \/><img decoding=\"async\" src=\"https:\/\/www.der-mopedladen.de\/wp-content\/uploads\/2020\/02\/kymco_mxu_700_exi_eps_lof_detail_03.jpg\" alt=\"\" \/><img decoding=\"async\" src=\"https:\/\/www.der-mopedladen.de\/wp-content\/uploads\/2020\/02\/kymco_mxu_700_exi_eps_lof_detail_02.jpg\" alt=\"\" \/><img decoding=\"async\" src=\"https:\/\/www.der-mopedladen.de\/wp-content\/uploads\/2020\/02\/kymco_mxu_700_exi_eps_lof_detail_01.jpg\" alt=\"\" \/><\/noscript>\n<\/div>\n<\/div>\n","protected":false},"excerpt":{"rendered":"<p>Das Oberhaupt der MXU-Reihe ist und bleibt unser bislang st\u00e4rkstes und gr\u00f6\u00dftes ATV in der KYMCO Familie. Doch dank elektronischer Lenkunterst\u00fctzung reagiert das MXU 700i\u2026<\/p>\n<p class=\"continue-reading-button\"> <a class=\"continue-reading-link\" href=\"https:\/\/www.der-mopedladen.de\/?p=8392\">Mehr Informationen<i class=\"crycon-right-dir\"><\/i><\/a><\/p>\n","protected":false},"author":2,"featured_media":8822,"comment_status":"closed","ping_status":"closed","sticky":false,"template":"","format":"standard","meta":{"footnotes":""},"categories":[20,19],"tags":[35,8,37,9,22,21],"class_list":["post-8392","post","type-post","status-publish","format-standard","has-post-thumbnail","hentry","category-kymco-quad","category-quads","tag-4-takt","tag-abs","tag-einspritzung","tag-kymco","tag-offroad","tag-quad"],"yoast_head":"<!-- This site is optimized with the Yoast SEO plugin v25.7 - https:\/\/yoast.com\/wordpress\/plugins\/seo\/ -->\n<title>KYMCO MXU 700i EPS ABS T3b . . . . . . . 10299 \u20ac -<\/title>\n<meta name=\"robots\" content=\"index, follow, max-snippet:-1, max-image-preview:large, max-video-preview:-1\" \/>\n<link rel=\"canonical\" href=\"https:\/\/www.der-mopedladen.de\/?p=8392\" \/>\n<meta property=\"og:locale\" content=\"de_DE\" \/>\n<meta property=\"og:type\" content=\"article\" \/>\n<meta property=\"og:title\" content=\"KYMCO MXU 700i EPS ABS T3b . . . . . . . 10299 \u20ac -\" \/>\n<meta property=\"og:description\" content=\"Das Oberhaupt der MXU-Reihe ist und bleibt unser bislang st\u00e4rkstes und gr\u00f6\u00dftes ATV in der KYMCO Familie. Doch dank elektronischer Lenkunterst\u00fctzung reagiert das MXU 700i\u2026 Mehr Informationen\" \/>\n<meta property=\"og:url\" content=\"https:\/\/www.der-mopedladen.de\/?p=8392\" \/>\n<meta property=\"article:published_time\" content=\"2020-01-20T15:14:57+00:00\" \/>\n<meta property=\"article:modified_time\" content=\"2025-05-21T15:41:24+00:00\" \/>\n<meta property=\"og:image\" content=\"https:\/\/www.der-mopedladen.de\/wp-content\/uploads\/2020\/02\/MXU_700i_T_EPS_Offorad_LOF_weiss_2.png\" \/>\n\t<meta property=\"og:image:width\" content=\"720\" \/>\n\t<meta property=\"og:image:height\" content=\"480\" \/>\n\t<meta property=\"og:image:type\" content=\"image\/png\" \/>\n<meta name=\"author\" content=\"Carsten Maluche\" \/>\n<meta name=\"twitter:card\" content=\"summary_large_image\" \/>\n<meta name=\"twitter:label1\" content=\"Verfasst von\" \/>\n\t<meta name=\"twitter:data1\" content=\"Carsten Maluche\" \/>\n\t<meta name=\"twitter:label2\" content=\"Gesch\u00e4tzte Lesezeit\" \/>\n\t<meta name=\"twitter:data2\" content=\"1\u00a0Minute\" \/>\n<script type=\"application\/ld+json\" class=\"yoast-schema-graph\">{\"@context\":\"https:\/\/schema.org\",\"@graph\":[{\"@type\":\"Article\",\"@id\":\"https:\/\/www.der-mopedladen.de\/?p=8392#article\",\"isPartOf\":{\"@id\":\"https:\/\/www.der-mopedladen.de\/?p=8392\"},\"author\":{\"name\":\"Carsten Maluche\",\"@id\":\"https:\/\/www.der-mopedladen.de\/#\/schema\/person\/4d0c0c9ed7d36464398049539cfdc1c0\"},\"headline\":\"KYMCO MXU 700i EPS ABS T3b . . . . . . . 10299 \u20ac\",\"datePublished\":\"2020-01-20T15:14:57+00:00\",\"dateModified\":\"2025-05-21T15:41:24+00:00\",\"mainEntityOfPage\":{\"@id\":\"https:\/\/www.der-mopedladen.de\/?p=8392\"},\"wordCount\":240,\"publisher\":{\"@id\":\"https:\/\/www.der-mopedladen.de\/#organization\"},\"image\":{\"@id\":\"https:\/\/www.der-mopedladen.de\/?p=8392#primaryimage\"},\"thumbnailUrl\":\"https:\/\/www.der-mopedladen.de\/wp-content\/uploads\/2020\/02\/MXU_700i_T_EPS_Offorad_LOF_weiss_2.png\",\"keywords\":[\"4 Takt\",\"ABS\",\"Einspritzung\",\"Kymco\",\"Offroad\",\"Quad\"],\"articleSection\":[\"Kymco\",\"Quads\"],\"inLanguage\":\"de\"},{\"@type\":\"WebPage\",\"@id\":\"https:\/\/www.der-mopedladen.de\/?p=8392\",\"url\":\"https:\/\/www.der-mopedladen.de\/?p=8392\",\"name\":\"KYMCO MXU 700i EPS ABS T3b . . . . . . . 10299 \u20ac -\",\"isPartOf\":{\"@id\":\"https:\/\/www.der-mopedladen.de\/#website\"},\"primaryImageOfPage\":{\"@id\":\"https:\/\/www.der-mopedladen.de\/?p=8392#primaryimage\"},\"image\":{\"@id\":\"https:\/\/www.der-mopedladen.de\/?p=8392#primaryimage\"},\"thumbnailUrl\":\"https:\/\/www.der-mopedladen.de\/wp-content\/uploads\/2020\/02\/MXU_700i_T_EPS_Offorad_LOF_weiss_2.png\",\"datePublished\":\"2020-01-20T15:14:57+00:00\",\"dateModified\":\"2025-05-21T15:41:24+00:00\",\"breadcrumb\":{\"@id\":\"https:\/\/www.der-mopedladen.de\/?p=8392#breadcrumb\"},\"inLanguage\":\"de\",\"potentialAction\":[{\"@type\":\"ReadAction\",\"target\":[\"https:\/\/www.der-mopedladen.de\/?p=8392\"]}]},{\"@type\":\"ImageObject\",\"inLanguage\":\"de\",\"@id\":\"https:\/\/www.der-mopedladen.de\/?p=8392#primaryimage\",\"url\":\"https:\/\/www.der-mopedladen.de\/wp-content\/uploads\/2020\/02\/MXU_700i_T_EPS_Offorad_LOF_weiss_2.png\",\"contentUrl\":\"https:\/\/www.der-mopedladen.de\/wp-content\/uploads\/2020\/02\/MXU_700i_T_EPS_Offorad_LOF_weiss_2.png\",\"width\":720,\"height\":480},{\"@type\":\"BreadcrumbList\",\"@id\":\"https:\/\/www.der-mopedladen.de\/?p=8392#breadcrumb\",\"itemListElement\":[{\"@type\":\"ListItem\",\"position\":1,\"name\":\"Startseite\",\"item\":\"https:\/\/www.der-mopedladen.de\/\"},{\"@type\":\"ListItem\",\"position\":2,\"name\":\"KYMCO MXU 700i EPS ABS T3b . . . . . . . 10299 \u20ac\"}]},{\"@type\":\"WebSite\",\"@id\":\"https:\/\/www.der-mopedladen.de\/#website\",\"url\":\"https:\/\/www.der-mopedladen.de\/\",\"name\":\"\",\"description\":\"\",\"publisher\":{\"@id\":\"https:\/\/www.der-mopedladen.de\/#organization\"},\"potentialAction\":[{\"@type\":\"SearchAction\",\"target\":{\"@type\":\"EntryPoint\",\"urlTemplate\":\"https:\/\/www.der-mopedladen.de\/?s={search_term_string}\"},\"query-input\":{\"@type\":\"PropertyValueSpecification\",\"valueRequired\":true,\"valueName\":\"search_term_string\"}}],\"inLanguage\":\"de\"},{\"@type\":\"Organization\",\"@id\":\"https:\/\/www.der-mopedladen.de\/#organization\",\"name\":\"Der Mopedladen OHG\",\"url\":\"https:\/\/www.der-mopedladen.de\/\",\"logo\":{\"@type\":\"ImageObject\",\"inLanguage\":\"de\",\"@id\":\"https:\/\/www.der-mopedladen.de\/#\/schema\/logo\/image\/\",\"url\":\"https:\/\/www.der-mopedladen.de\/wp-content\/uploads\/2021\/04\/Logo-DerMopedladen_ZW_CMYK-50x36mm.jpg\",\"contentUrl\":\"https:\/\/www.der-mopedladen.de\/wp-content\/uploads\/2021\/04\/Logo-DerMopedladen_ZW_CMYK-50x36mm.jpg\",\"width\":602,\"height\":437,\"caption\":\"Der Mopedladen OHG\"},\"image\":{\"@id\":\"https:\/\/www.der-mopedladen.de\/#\/schema\/logo\/image\/\"}},{\"@type\":\"Person\",\"@id\":\"https:\/\/www.der-mopedladen.de\/#\/schema\/person\/4d0c0c9ed7d36464398049539cfdc1c0\",\"name\":\"Carsten Maluche\",\"image\":{\"@type\":\"ImageObject\",\"inLanguage\":\"de\",\"@id\":\"https:\/\/www.der-mopedladen.de\/#\/schema\/person\/image\/\",\"url\":\"https:\/\/secure.gravatar.com\/avatar\/a535b4a133389f55485f0a633a5968f3d69e644503b1fed0e6aa81083975d04a?s=96&d=mm&r=g\",\"contentUrl\":\"https:\/\/secure.gravatar.com\/avatar\/a535b4a133389f55485f0a633a5968f3d69e644503b1fed0e6aa81083975d04a?s=96&d=mm&r=g\",\"caption\":\"Carsten Maluche\"}}]}<\/script>\n<!-- \/ Yoast SEO plugin. -->","yoast_head_json":{"title":"KYMCO MXU 700i EPS ABS T3b . . . . . . . 10299 \u20ac -","robots":{"index":"index","follow":"follow","max-snippet":"max-snippet:-1","max-image-preview":"max-image-preview:large","max-video-preview":"max-video-preview:-1"},"canonical":"https:\/\/www.der-mopedladen.de\/?p=8392","og_locale":"de_DE","og_type":"article","og_title":"KYMCO MXU 700i EPS ABS T3b . . . . . . . 10299 \u20ac -","og_description":"Das Oberhaupt der MXU-Reihe ist und bleibt unser bislang st\u00e4rkstes und gr\u00f6\u00dftes ATV in der KYMCO Familie. Doch dank elektronischer Lenkunterst\u00fctzung reagiert das MXU 700i\u2026 Mehr Informationen","og_url":"https:\/\/www.der-mopedladen.de\/?p=8392","article_published_time":"2020-01-20T15:14:57+00:00","article_modified_time":"2025-05-21T15:41:24+00:00","og_image":[{"width":720,"height":480,"url":"https:\/\/www.der-mopedladen.de\/wp-content\/uploads\/2020\/02\/MXU_700i_T_EPS_Offorad_LOF_weiss_2.png","type":"image\/png"}],"author":"Carsten Maluche","twitter_card":"summary_large_image","twitter_misc":{"Verfasst von":"Carsten Maluche","Gesch\u00e4tzte Lesezeit":"1\u00a0Minute"},"schema":{"@context":"https:\/\/schema.org","@graph":[{"@type":"Article","@id":"https:\/\/www.der-mopedladen.de\/?p=8392#article","isPartOf":{"@id":"https:\/\/www.der-mopedladen.de\/?p=8392"},"author":{"name":"Carsten Maluche","@id":"https:\/\/www.der-mopedladen.de\/#\/schema\/person\/4d0c0c9ed7d36464398049539cfdc1c0"},"headline":"KYMCO MXU 700i EPS ABS T3b . . . . . . . 10299 \u20ac","datePublished":"2020-01-20T15:14:57+00:00","dateModified":"2025-05-21T15:41:24+00:00","mainEntityOfPage":{"@id":"https:\/\/www.der-mopedladen.de\/?p=8392"},"wordCount":240,"publisher":{"@id":"https:\/\/www.der-mopedladen.de\/#organization"},"image":{"@id":"https:\/\/www.der-mopedladen.de\/?p=8392#primaryimage"},"thumbnailUrl":"https:\/\/www.der-mopedladen.de\/wp-content\/uploads\/2020\/02\/MXU_700i_T_EPS_Offorad_LOF_weiss_2.png","keywords":["4 Takt","ABS","Einspritzung","Kymco","Offroad","Quad"],"articleSection":["Kymco","Quads"],"inLanguage":"de"},{"@type":"WebPage","@id":"https:\/\/www.der-mopedladen.de\/?p=8392","url":"https:\/\/www.der-mopedladen.de\/?p=8392","name":"KYMCO MXU 700i EPS ABS T3b . . . . . . . 10299 \u20ac -","isPartOf":{"@id":"https:\/\/www.der-mopedladen.de\/#website"},"primaryImageOfPage":{"@id":"https:\/\/www.der-mopedladen.de\/?p=8392#primaryimage"},"image":{"@id":"https:\/\/www.der-mopedladen.de\/?p=8392#primaryimage"},"thumbnailUrl":"https:\/\/www.der-mopedladen.de\/wp-content\/uploads\/2020\/02\/MXU_700i_T_EPS_Offorad_LOF_weiss_2.png","datePublished":"2020-01-20T15:14:57+00:00","dateModified":"2025-05-21T15:41:24+00:00","breadcrumb":{"@id":"https:\/\/www.der-mopedladen.de\/?p=8392#breadcrumb"},"inLanguage":"de","potentialAction":[{"@type":"ReadAction","target":["https:\/\/www.der-mopedladen.de\/?p=8392"]}]},{"@type":"ImageObject","inLanguage":"de","@id":"https:\/\/www.der-mopedladen.de\/?p=8392#primaryimage","url":"https:\/\/www.der-mopedladen.de\/wp-content\/uploads\/2020\/02\/MXU_700i_T_EPS_Offorad_LOF_weiss_2.png","contentUrl":"https:\/\/www.der-mopedladen.de\/wp-content\/uploads\/2020\/02\/MXU_700i_T_EPS_Offorad_LOF_weiss_2.png","width":720,"height":480},{"@type":"BreadcrumbList","@id":"https:\/\/www.der-mopedladen.de\/?p=8392#breadcrumb","itemListElement":[{"@type":"ListItem","position":1,"name":"Startseite","item":"https:\/\/www.der-mopedladen.de\/"},{"@type":"ListItem","position":2,"name":"KYMCO MXU 700i EPS ABS T3b . . . . . . . 10299 \u20ac"}]},{"@type":"WebSite","@id":"https:\/\/www.der-mopedladen.de\/#website","url":"https:\/\/www.der-mopedladen.de\/","name":"","description":"","publisher":{"@id":"https:\/\/www.der-mopedladen.de\/#organization"},"potentialAction":[{"@type":"SearchAction","target":{"@type":"EntryPoint","urlTemplate":"https:\/\/www.der-mopedladen.de\/?s={search_term_string}"},"query-input":{"@type":"PropertyValueSpecification","valueRequired":true,"valueName":"search_term_string"}}],"inLanguage":"de"},{"@type":"Organization","@id":"https:\/\/www.der-mopedladen.de\/#organization","name":"Der Mopedladen OHG","url":"https:\/\/www.der-mopedladen.de\/","logo":{"@type":"ImageObject","inLanguage":"de","@id":"https:\/\/www.der-mopedladen.de\/#\/schema\/logo\/image\/","url":"https:\/\/www.der-mopedladen.de\/wp-content\/uploads\/2021\/04\/Logo-DerMopedladen_ZW_CMYK-50x36mm.jpg","contentUrl":"https:\/\/www.der-mopedladen.de\/wp-content\/uploads\/2021\/04\/Logo-DerMopedladen_ZW_CMYK-50x36mm.jpg","width":602,"height":437,"caption":"Der Mopedladen OHG"},"image":{"@id":"https:\/\/www.der-mopedladen.de\/#\/schema\/logo\/image\/"}},{"@type":"Person","@id":"https:\/\/www.der-mopedladen.de\/#\/schema\/person\/4d0c0c9ed7d36464398049539cfdc1c0","name":"Carsten Maluche","image":{"@type":"ImageObject","inLanguage":"de","@id":"https:\/\/www.der-mopedladen.de\/#\/schema\/person\/image\/","url":"https:\/\/secure.gravatar.com\/avatar\/a535b4a133389f55485f0a633a5968f3d69e644503b1fed0e6aa81083975d04a?s=96&d=mm&r=g","contentUrl":"https:\/\/secure.gravatar.com\/avatar\/a535b4a133389f55485f0a633a5968f3d69e644503b1fed0e6aa81083975d04a?s=96&d=mm&r=g","caption":"Carsten Maluche"}}]}},"_links":{"self":[{"href":"https:\/\/www.der-mopedladen.de\/index.php?rest_route=\/wp\/v2\/posts\/8392","targetHints":{"allow":["GET"]}}],"collection":[{"href":"https:\/\/www.der-mopedladen.de\/index.php?rest_route=\/wp\/v2\/posts"}],"about":[{"href":"https:\/\/www.der-mopedladen.de\/index.php?rest_route=\/wp\/v2\/types\/post"}],"author":[{"embeddable":true,"href":"https:\/\/www.der-mopedladen.de\/index.php?rest_route=\/wp\/v2\/users\/2"}],"replies":[{"embeddable":true,"href":"https:\/\/www.der-mopedladen.de\/index.php?rest_route=%2Fwp%2Fv2%2Fcomments&post=8392"}],"version-history":[{"count":0,"href":"https:\/\/www.der-mopedladen.de\/index.php?rest_route=\/wp\/v2\/posts\/8392\/revisions"}],"wp:featuredmedia":[{"embeddable":true,"href":"https:\/\/www.der-mopedladen.de\/index.php?rest_route=\/wp\/v2\/media\/8822"}],"wp:attachment":[{"href":"https:\/\/www.der-mopedladen.de\/index.php?rest_route=%2Fwp%2Fv2%2Fmedia&parent=8392"}],"wp:term":[{"taxonomy":"category","embeddable":true,"href":"https:\/\/www.der-mopedladen.de\/index.php?rest_route=%2Fwp%2Fv2%2Fcategories&post=8392"},{"taxonomy":"post_tag","embeddable":true,"href":"https:\/\/www.der-mopedladen.de\/index.php?rest_route=%2Fwp%2Fv2%2Ftags&post=8392"}],"curies":[{"name":"wp","href":"https:\/\/api.w.org\/{rel}","templated":true}]}}