{"id":8390,"date":"2020-01-27T16:14:38","date_gmt":"2020-01-27T15:14:38","guid":{"rendered":"http:\/\/www.der-mopedladen.de\/?p=8390"},"modified":"2025-05-21T17:40:56","modified_gmt":"2025-05-21T15:40:56","slug":"kymco-mxu-550i-t-lof","status":"publish","type":"post","link":"https:\/\/www.der-mopedladen.de\/?p=8390","title":{"rendered":"KYMCO MXU 550i ABS T3b . . . . . . . 8499 \u20ac"},"content":{"rendered":"<div id=\"c4020\" class=\"csc-default csc-space\">\n<div id=\"c4020\" class=\"csc-default csc-space\">\n<div id=\"c1528\" class=\"csc-default\">\n<p>Das wendige MXU 550i T ABS \u00fcberzeugt wie sein gro\u00dfer Bruder\u00a0<a href=\"https:\/\/www.kymco.de\/atvquadutv\/atv\/mxu-700i-t-eps-offroad-lof\/\">MXU 700i<\/a>\u00a0mit einer Karosserie im SUV-Design, mit einem optimierten Fahrwerk und einem spurtstarken Einspritz-Motor mit Vierventil-Technik.<\/p>\n<p>Die technische Basis wurde f\u00fcr das neue Modelljahr nochmals konsequent weiterentwickelt und verbessert. Durch die komplett neuen Verkleidungen und die neue bullige Front gewinnt das Fahrzeug auch optisch nochmal enorm an Attraktivit\u00e4t.<\/p>\n<p>Wie es sich f\u00fcr ein gro\u00dfes KYMCO ATV geh\u00f6rt, sind Einzelradaufh\u00e4ngung an beiden Achsen mit Querstabilisator hinten, Bergabfahrhilfe, stabile Gep\u00e4cktr\u00e4ger vorne und hinten und eine Anh\u00e4ngerkupplung fester Bestandteil der Serienausstattung. Au\u00dferdem verf\u00fcgt auch das\u00a0MXU 550i T ABS \u00fcber folgende zuschaltbare Komponenten: Allradantrieb, Untersetzung und eine Differentialsperre vorne.<\/p>\n<\/div>\n<ul>\n<li class=\"bodytext\"><strong>Erstmals mit ABS! Daher KEINE LOF Zulassung mehr, trotzdem volle Leistung und volle Geschwindigkeit!<\/strong><\/li>\n<li>Zuschaltbarer Vorderradantrieb<\/li>\n<li class=\"bodytext\">Seilwinde<\/li>\n<li class=\"bodytext\">Gep\u00e4cktr\u00e4ger vorn + hinten<\/li>\n<li class=\"bodytext\">Zwei-Personen-Zulassung<\/li>\n<\/ul>\n<p><span style=\"color: revert; font-size: revert; font-weight: revert;\">Fahrzeugdetails<\/span><\/p>\n<div id=\"c4026\" class=\"csc-default csc-space\">\n<div class=\"csc-header csc-header-n1\">\n<table class=\"fahrzeugdaten\">\n<tbody>\n<tr>\n<td>F\u00fchrerschein<\/td>\n<td>B<\/td>\n<\/tr>\n<tr>\n<td>Leistung<\/td>\n<td>26,0 kW \/ 35 PS<\/td>\n<\/tr>\n<tr>\n<td>Sitzh\u00f6he<\/td>\n<td>895 mm<\/td>\n<\/tr>\n<tr>\n<td>H\u00f6chstgeschwindigkeit<\/td>\n<td>84 km\/h<\/td>\n<\/tr>\n<tr>\n<td>Leer-\/Gesamtgewicht<\/td>\n<td>373 kg (fahrbereit) \/ 577 kg<\/td>\n<\/tr>\n<tr>\n<td>Farbe<\/td>\n<td>Matt-Blau, Matt-Gr\u00fcn, Schwarz-Rot<\/td>\n<\/tr>\n<\/tbody>\n<\/table>\n<\/div>\n<div class=\"finanzierungsWrap\">\n<div id=\"c4354\" class=\"csc-default csc-space\">\n<div class=\"csc-header csc-header-n1\">\n<h3>FINANZIERUNG<\/h3>\n<\/div>\n<table class=\"fahrzeugdaten\">\n<tbody>\n<tr>\n<td>Finanzierung \u00fcber Creditplus-Bank m\u00f6glich!<\/td>\n<td><\/td>\n<\/tr>\n<\/tbody>\n<\/table>\n<\/div>\n<div id=\"envira-gallery-wrap-8618\" class=\"envira-gallery-wrap envira-gallery-theme-base envira-lightbox-theme-base\" itemscope itemtype=\"https:\/\/schema.org\/ImageGallery\"><div data-row-height=\"150\" data-gallery-theme=\"normal\" id=\"envira-gallery-8618\" class=\"envira-gallery-public envira-gallery-justified-public envira-gallery-0-columns envira-clear enviratope envira-gallery-css-animations\" data-envira-columns=\"0\"><div id=\"envira-gallery-item-8596\" class=\"envira-gallery-item enviratope-item envira-gallery-item-1 envira-lazy-load\" style=\"padding-left: 5px; padding-bottom: 10px; padding-right: 5px;\"  itemscope itemtype=\"https:\/\/schema.org\/ImageObject\"><div class=\"envira-gallery-item-inner\"><div class=\"envira-gallery-position-overlay  envira-gallery-top-left\"><\/div><div class=\"envira-gallery-position-overlay  envira-gallery-top-right\"><\/div><div class=\"envira-gallery-position-overlay  envira-gallery-bottom-left\"><\/div><div class=\"envira-gallery-position-overlay  envira-gallery-bottom-right\"><\/div><a href=\"http:\/\/www.der-mopedladen.de\/wp-content\/uploads\/2020\/02\/csm_KYMCO_MXU_550i_T_Offroad_LOF_schwarz_rot_2_3d5bf4bb82.png\" class=\"envira-gallery-8618 envira-gallery-link\" rel=\"enviragallery8618\" title=\"csm_KYMCO_MXU_550i_T_Offroad_LOF_schwarz_rot_2_3d5bf4bb82\" data-envira-caption=\"csm_KYMCO_MXU_550i_T_Offroad_LOF_schwarz_rot_2_3d5bf4bb82\" data-envira-retina=\"\" data-thumbnail=\"\"  itemprop=\"contentUrl\"><img decoding=\"async\" id=\"envira-gallery-image-8596\" class=\"envira-gallery-image envira-gallery-image-1 envira-normal envira-lazy\" data-envira-index=\"1\" src=\"https:\/\/www.der-mopedladen.de\/wp-content\/uploads\/2020\/02\/csm_KYMCO_MXU_550i_T_Offroad_LOF_schwarz_rot_2_3d5bf4bb82-640x480.png\" data-envira-src=\"https:\/\/www.der-mopedladen.de\/wp-content\/uploads\/2020\/02\/csm_KYMCO_MXU_550i_T_Offroad_LOF_schwarz_rot_2_3d5bf4bb82-640x480.png\" data-envira-gallery-id=\"8618\" data-envira-item-id=\"8596\" data-envira-caption=\"csm_KYMCO_MXU_550i_T_Offroad_LOF_schwarz_rot_2_3d5bf4bb82\" alt=\"\" title=\"csm_KYMCO_MXU_550i_T_Offroad_LOF_schwarz_rot_2_3d5bf4bb82\"  itemprop=\"thumbnailUrl\" data-envira-srcset=\"https:\/\/www.der-mopedladen.de\/wp-content\/uploads\/2020\/02\/csm_KYMCO_MXU_550i_T_Offroad_LOF_schwarz_rot_2_3d5bf4bb82-640x480.png 400w,https:\/\/www.der-mopedladen.de\/wp-content\/uploads\/2020\/02\/csm_KYMCO_MXU_550i_T_Offroad_LOF_schwarz_rot_2_3d5bf4bb82-640x480.png 2x\" data-envira-width=\"300\" data-envira-height=\"200\" srcset=\"data:image\/gif;base64,R0lGODlhAQABAIAAAP\/\/\/\/\/\/\/yH5BAEKAAEALAAAAAABAAEAAAICTAEAOw==\" data-safe-src=\"data:image\/gif;base64,R0lGODlhAQABAIAAAP\/\/\/\/\/\/\/yH5BAEKAAEALAAAAAABAAEAAAICTAEAOw==\" \/><\/a><\/div><\/div><div id=\"envira-gallery-item-12562\" class=\"envira-gallery-item enviratope-item envira-gallery-item-2 envira-lazy-load\" style=\"padding-left: 5px; padding-bottom: 10px; padding-right: 5px;\"  itemscope itemtype=\"https:\/\/schema.org\/ImageObject\"><div class=\"envira-gallery-item-inner\"><div class=\"envira-gallery-position-overlay  envira-gallery-top-left\"><\/div><div class=\"envira-gallery-position-overlay  envira-gallery-top-right\"><\/div><div class=\"envira-gallery-position-overlay  envira-gallery-bottom-left\"><\/div><div class=\"envira-gallery-position-overlay  envira-gallery-bottom-right\"><\/div><a href=\"https:\/\/www.der-mopedladen.de\/wp-content\/uploads\/2021\/12\/KYMCO_MXU_550i_ABS_T3b_green_matt_2-scaled.jpg\" class=\"envira-gallery-8618 envira-gallery-link\" rel=\"enviragallery8618\" title=\"KYMCO_MXU_550i_ABS_T3b_green_matt_2\" data-envira-caption=\"KYMCO_MXU_550i_ABS_T3b_green_matt_2\" data-envira-retina=\"\" data-thumbnail=\"\"  itemprop=\"contentUrl\"><img decoding=\"async\" id=\"envira-gallery-image-12562\" class=\"envira-gallery-image envira-gallery-image-2 envira-normal envira-lazy\" data-envira-index=\"2\" src=\"https:\/\/www.der-mopedladen.de\/wp-content\/uploads\/2021\/12\/KYMCO_MXU_550i_ABS_T3b_green_matt_2-1024x655-640x480.jpg\" data-envira-src=\"https:\/\/www.der-mopedladen.de\/wp-content\/uploads\/2021\/12\/KYMCO_MXU_550i_ABS_T3b_green_matt_2-1024x655-640x480.jpg\" data-envira-gallery-id=\"8618\" data-envira-item-id=\"12562\" data-envira-caption=\"KYMCO_MXU_550i_ABS_T3b_green_matt_2\" alt=\"\" title=\"KYMCO_MXU_550i_ABS_T3b_green_matt_2\"  itemprop=\"thumbnailUrl\" data-envira-srcset=\"https:\/\/www.der-mopedladen.de\/wp-content\/uploads\/2021\/12\/KYMCO_MXU_550i_ABS_T3b_green_matt_2-1024x655-640x480.jpg 400w,https:\/\/www.der-mopedladen.de\/wp-content\/uploads\/2021\/12\/KYMCO_MXU_550i_ABS_T3b_green_matt_2-1024x655-640x480.jpg 2x\" data-envira-width=\"300\" data-envira-height=\"192\" srcset=\"data:image\/gif;base64,R0lGODlhAQABAIAAAP\/\/\/\/\/\/\/yH5BAEKAAEALAAAAAABAAEAAAICTAEAOw==\" data-safe-src=\"data:image\/gif;base64,R0lGODlhAQABAIAAAP\/\/\/\/\/\/\/yH5BAEKAAEALAAAAAABAAEAAAICTAEAOw==\" \/><\/a><\/div><\/div><div id=\"envira-gallery-item-12560\" class=\"envira-gallery-item enviratope-item envira-gallery-item-3 envira-lazy-load\" style=\"padding-left: 5px; padding-bottom: 10px; padding-right: 5px;\"  itemscope itemtype=\"https:\/\/schema.org\/ImageObject\"><div class=\"envira-gallery-item-inner\"><div class=\"envira-gallery-position-overlay  envira-gallery-top-left\"><\/div><div class=\"envira-gallery-position-overlay  envira-gallery-top-right\"><\/div><div class=\"envira-gallery-position-overlay  envira-gallery-bottom-left\"><\/div><div class=\"envira-gallery-position-overlay  envira-gallery-bottom-right\"><\/div><a href=\"https:\/\/www.der-mopedladen.de\/wp-content\/uploads\/2021\/12\/KYMCO_MXU_550i_ABS_T3b_indigo_matt_2-scaled.jpg\" class=\"envira-gallery-8618 envira-gallery-link\" rel=\"enviragallery8618\" title=\"KYMCO_MXU_550i_ABS_T3b_indigo_matt_2\" data-envira-caption=\"KYMCO_MXU_550i_ABS_T3b_indigo_matt_2\" data-envira-retina=\"\" data-thumbnail=\"\"  itemprop=\"contentUrl\"><img decoding=\"async\" id=\"envira-gallery-image-12560\" class=\"envira-gallery-image envira-gallery-image-3 envira-normal envira-lazy\" data-envira-index=\"3\" src=\"https:\/\/www.der-mopedladen.de\/wp-content\/uploads\/2021\/12\/KYMCO_MXU_550i_ABS_T3b_indigo_matt_2-1024x655-640x480.jpg\" data-envira-src=\"https:\/\/www.der-mopedladen.de\/wp-content\/uploads\/2021\/12\/KYMCO_MXU_550i_ABS_T3b_indigo_matt_2-1024x655-640x480.jpg\" data-envira-gallery-id=\"8618\" data-envira-item-id=\"12560\" data-envira-caption=\"KYMCO_MXU_550i_ABS_T3b_indigo_matt_2\" alt=\"\" title=\"KYMCO_MXU_550i_ABS_T3b_indigo_matt_2\"  itemprop=\"thumbnailUrl\" data-envira-srcset=\"https:\/\/www.der-mopedladen.de\/wp-content\/uploads\/2021\/12\/KYMCO_MXU_550i_ABS_T3b_indigo_matt_2-1024x655-640x480.jpg 400w,https:\/\/www.der-mopedladen.de\/wp-content\/uploads\/2021\/12\/KYMCO_MXU_550i_ABS_T3b_indigo_matt_2-1024x655-640x480.jpg 2x\" data-envira-width=\"300\" data-envira-height=\"192\" srcset=\"data:image\/gif;base64,R0lGODlhAQABAIAAAP\/\/\/\/\/\/\/yH5BAEKAAEALAAAAAABAAEAAAICTAEAOw==\" data-safe-src=\"data:image\/gif;base64,R0lGODlhAQABAIAAAP\/\/\/\/\/\/\/yH5BAEKAAEALAAAAAABAAEAAAICTAEAOw==\" \/><\/a><\/div><\/div><div id=\"envira-gallery-item-8599\" class=\"envira-gallery-item enviratope-item envira-gallery-item-4 envira-lazy-load\" style=\"padding-left: 5px; padding-bottom: 10px; padding-right: 5px;\"  itemscope itemtype=\"https:\/\/schema.org\/ImageObject\"><div class=\"envira-gallery-item-inner\"><div class=\"envira-gallery-position-overlay  envira-gallery-top-left\"><\/div><div class=\"envira-gallery-position-overlay  envira-gallery-top-right\"><\/div><div class=\"envira-gallery-position-overlay  envira-gallery-bottom-left\"><\/div><div class=\"envira-gallery-position-overlay  envira-gallery-bottom-right\"><\/div><a href=\"http:\/\/www.der-mopedladen.de\/wp-content\/uploads\/2020\/02\/csm_KYMCO_MXU_550i_T_Offroad_LOF_schwarz_rot_5_5413f393ad.png\" class=\"envira-gallery-8618 envira-gallery-link\" rel=\"enviragallery8618\" title=\"csm_KYMCO_MXU_550i_T_Offroad_LOF_schwarz_rot_5_5413f393ad\" data-envira-caption=\"csm_KYMCO_MXU_550i_T_Offroad_LOF_schwarz_rot_5_5413f393ad\" data-envira-retina=\"\" data-thumbnail=\"\"  itemprop=\"contentUrl\"><img decoding=\"async\" id=\"envira-gallery-image-8599\" class=\"envira-gallery-image envira-gallery-image-4 envira-normal envira-lazy\" data-envira-index=\"4\" src=\"https:\/\/www.der-mopedladen.de\/wp-content\/uploads\/2020\/02\/csm_KYMCO_MXU_550i_T_Offroad_LOF_schwarz_rot_5_5413f393ad-640x480.png\" data-envira-src=\"https:\/\/www.der-mopedladen.de\/wp-content\/uploads\/2020\/02\/csm_KYMCO_MXU_550i_T_Offroad_LOF_schwarz_rot_5_5413f393ad-640x480.png\" data-envira-gallery-id=\"8618\" data-envira-item-id=\"8599\" data-envira-caption=\"csm_KYMCO_MXU_550i_T_Offroad_LOF_schwarz_rot_5_5413f393ad\" alt=\"\" title=\"csm_KYMCO_MXU_550i_T_Offroad_LOF_schwarz_rot_5_5413f393ad\"  itemprop=\"thumbnailUrl\" data-envira-srcset=\"https:\/\/www.der-mopedladen.de\/wp-content\/uploads\/2020\/02\/csm_KYMCO_MXU_550i_T_Offroad_LOF_schwarz_rot_5_5413f393ad-640x480.png 400w,https:\/\/www.der-mopedladen.de\/wp-content\/uploads\/2020\/02\/csm_KYMCO_MXU_550i_T_Offroad_LOF_schwarz_rot_5_5413f393ad-640x480.png 2x\" data-envira-width=\"300\" data-envira-height=\"200\" srcset=\"data:image\/gif;base64,R0lGODlhAQABAIAAAP\/\/\/\/\/\/\/yH5BAEKAAEALAAAAAABAAEAAAICTAEAOw==\" data-safe-src=\"data:image\/gif;base64,R0lGODlhAQABAIAAAP\/\/\/\/\/\/\/yH5BAEKAAEALAAAAAABAAEAAAICTAEAOw==\" \/><\/a><\/div><\/div><div id=\"envira-gallery-item-12561\" class=\"envira-gallery-item enviratope-item envira-gallery-item-5 envira-lazy-load\" style=\"padding-left: 5px; padding-bottom: 10px; padding-right: 5px;\"  itemscope itemtype=\"https:\/\/schema.org\/ImageObject\"><div class=\"envira-gallery-item-inner\"><div class=\"envira-gallery-position-overlay  envira-gallery-top-left\"><\/div><div class=\"envira-gallery-position-overlay  envira-gallery-top-right\"><\/div><div class=\"envira-gallery-position-overlay  envira-gallery-bottom-left\"><\/div><div class=\"envira-gallery-position-overlay  envira-gallery-bottom-right\"><\/div><a href=\"https:\/\/www.der-mopedladen.de\/wp-content\/uploads\/2021\/12\/KYMCO_MXU_550i_ABS_T3b_green_matt_5-scaled.jpg\" class=\"envira-gallery-8618 envira-gallery-link\" rel=\"enviragallery8618\" title=\"KYMCO_MXU_550i_ABS_T3b_green_matt_5\" data-envira-caption=\"KYMCO_MXU_550i_ABS_T3b_green_matt_5\" data-envira-retina=\"\" data-thumbnail=\"\"  itemprop=\"contentUrl\"><img decoding=\"async\" id=\"envira-gallery-image-12561\" class=\"envira-gallery-image envira-gallery-image-5 envira-normal envira-lazy\" data-envira-index=\"5\" src=\"https:\/\/www.der-mopedladen.de\/wp-content\/uploads\/2021\/12\/KYMCO_MXU_550i_ABS_T3b_green_matt_5-1024x683-640x480.jpg\" data-envira-src=\"https:\/\/www.der-mopedladen.de\/wp-content\/uploads\/2021\/12\/KYMCO_MXU_550i_ABS_T3b_green_matt_5-1024x683-640x480.jpg\" data-envira-gallery-id=\"8618\" data-envira-item-id=\"12561\" data-envira-caption=\"KYMCO_MXU_550i_ABS_T3b_green_matt_5\" alt=\"\" title=\"KYMCO_MXU_550i_ABS_T3b_green_matt_5\"  itemprop=\"thumbnailUrl\" data-envira-srcset=\"https:\/\/www.der-mopedladen.de\/wp-content\/uploads\/2021\/12\/KYMCO_MXU_550i_ABS_T3b_green_matt_5-1024x683-640x480.jpg 400w,https:\/\/www.der-mopedladen.de\/wp-content\/uploads\/2021\/12\/KYMCO_MXU_550i_ABS_T3b_green_matt_5-1024x683-640x480.jpg 2x\" data-envira-width=\"300\" data-envira-height=\"200\" srcset=\"data:image\/gif;base64,R0lGODlhAQABAIAAAP\/\/\/\/\/\/\/yH5BAEKAAEALAAAAAABAAEAAAICTAEAOw==\" data-safe-src=\"data:image\/gif;base64,R0lGODlhAQABAIAAAP\/\/\/\/\/\/\/yH5BAEKAAEALAAAAAABAAEAAAICTAEAOw==\" \/><\/a><\/div><\/div><div id=\"envira-gallery-item-12558\" class=\"envira-gallery-item enviratope-item envira-gallery-item-6 envira-lazy-load\" style=\"padding-left: 5px; padding-bottom: 10px; padding-right: 5px;\"  itemscope itemtype=\"https:\/\/schema.org\/ImageObject\"><div class=\"envira-gallery-item-inner\"><div class=\"envira-gallery-position-overlay  envira-gallery-top-left\"><\/div><div class=\"envira-gallery-position-overlay  envira-gallery-top-right\"><\/div><div class=\"envira-gallery-position-overlay  envira-gallery-bottom-left\"><\/div><div class=\"envira-gallery-position-overlay  envira-gallery-bottom-right\"><\/div><a href=\"https:\/\/www.der-mopedladen.de\/wp-content\/uploads\/2021\/12\/KYMCO_MXU_550i_ABS_T3b_indigo_matt_5-scaled.jpg\" class=\"envira-gallery-8618 envira-gallery-link\" rel=\"enviragallery8618\" title=\"KYMCO_MXU_550i_ABS_T3b_indigo_matt_5\" data-envira-caption=\"KYMCO_MXU_550i_ABS_T3b_indigo_matt_5\" data-envira-retina=\"\" data-thumbnail=\"\"  itemprop=\"contentUrl\"><img decoding=\"async\" id=\"envira-gallery-image-12558\" class=\"envira-gallery-image envira-gallery-image-6 envira-normal envira-lazy\" data-envira-index=\"6\" src=\"https:\/\/www.der-mopedladen.de\/wp-content\/uploads\/2021\/12\/KYMCO_MXU_550i_ABS_T3b_indigo_matt_5-1024x683-640x480.jpg\" data-envira-src=\"https:\/\/www.der-mopedladen.de\/wp-content\/uploads\/2021\/12\/KYMCO_MXU_550i_ABS_T3b_indigo_matt_5-1024x683-640x480.jpg\" data-envira-gallery-id=\"8618\" data-envira-item-id=\"12558\" data-envira-caption=\"KYMCO_MXU_550i_ABS_T3b_indigo_matt_5\" alt=\"\" title=\"KYMCO_MXU_550i_ABS_T3b_indigo_matt_5\"  itemprop=\"thumbnailUrl\" data-envira-srcset=\"https:\/\/www.der-mopedladen.de\/wp-content\/uploads\/2021\/12\/KYMCO_MXU_550i_ABS_T3b_indigo_matt_5-1024x683-640x480.jpg 400w,https:\/\/www.der-mopedladen.de\/wp-content\/uploads\/2021\/12\/KYMCO_MXU_550i_ABS_T3b_indigo_matt_5-1024x683-640x480.jpg 2x\" data-envira-width=\"300\" data-envira-height=\"200\" srcset=\"data:image\/gif;base64,R0lGODlhAQABAIAAAP\/\/\/\/\/\/\/yH5BAEKAAEALAAAAAABAAEAAAICTAEAOw==\" data-safe-src=\"data:image\/gif;base64,R0lGODlhAQABAIAAAP\/\/\/\/\/\/\/yH5BAEKAAEALAAAAAABAAEAAAICTAEAOw==\" \/><\/a><\/div><\/div><div id=\"envira-gallery-item-10841\" class=\"envira-gallery-item enviratope-item envira-gallery-item-7 envira-lazy-load\" style=\"padding-left: 5px; padding-bottom: 10px; padding-right: 5px;\"  itemscope itemtype=\"https:\/\/schema.org\/ImageObject\"><div class=\"envira-gallery-item-inner\"><div class=\"envira-gallery-position-overlay  envira-gallery-top-left\"><\/div><div class=\"envira-gallery-position-overlay  envira-gallery-top-right\"><\/div><div class=\"envira-gallery-position-overlay  envira-gallery-bottom-left\"><\/div><div class=\"envira-gallery-position-overlay  envira-gallery-bottom-right\"><\/div><a href=\"http:\/\/www.der-mopedladen.de\/wp-content\/uploads\/2021\/01\/mxu550i-blau-4.jpg\" class=\"envira-gallery-8618 envira-gallery-link\" rel=\"enviragallery8618\" title=\"mxu550i blau 4\" data-envira-caption=\"mxu550i blau 4\" data-envira-retina=\"\" data-thumbnail=\"\"  itemprop=\"contentUrl\"><img decoding=\"async\" id=\"envira-gallery-image-10841\" class=\"envira-gallery-image envira-gallery-image-7 envira-normal envira-lazy\" data-envira-index=\"7\" src=\"https:\/\/www.der-mopedladen.de\/wp-content\/uploads\/2021\/01\/mxu550i-blau-4-640x480.jpg\" data-envira-src=\"https:\/\/www.der-mopedladen.de\/wp-content\/uploads\/2021\/01\/mxu550i-blau-4-640x480.jpg\" data-envira-gallery-id=\"8618\" data-envira-item-id=\"10841\" data-envira-caption=\"mxu550i blau 4\" alt=\"\" title=\"mxu550i blau 4\"  itemprop=\"thumbnailUrl\" data-envira-srcset=\"https:\/\/www.der-mopedladen.de\/wp-content\/uploads\/2021\/01\/mxu550i-blau-4-640x480.jpg 400w,https:\/\/www.der-mopedladen.de\/wp-content\/uploads\/2021\/01\/mxu550i-blau-4-640x480.jpg 2x\" data-envira-width=\"300\" data-envira-height=\"200\" srcset=\"data:image\/gif;base64,R0lGODlhAQABAIAAAP\/\/\/\/\/\/\/yH5BAEKAAEALAAAAAABAAEAAAICTAEAOw==\" data-safe-src=\"data:image\/gif;base64,R0lGODlhAQABAIAAAP\/\/\/\/\/\/\/yH5BAEKAAEALAAAAAABAAEAAAICTAEAOw==\" \/><\/a><\/div><\/div><div id=\"envira-gallery-item-10842\" class=\"envira-gallery-item enviratope-item envira-gallery-item-8 envira-lazy-load\" style=\"padding-left: 5px; padding-bottom: 10px; padding-right: 5px;\"  itemscope itemtype=\"https:\/\/schema.org\/ImageObject\"><div class=\"envira-gallery-item-inner\"><div class=\"envira-gallery-position-overlay  envira-gallery-top-left\"><\/div><div class=\"envira-gallery-position-overlay  envira-gallery-top-right\"><\/div><div class=\"envira-gallery-position-overlay  envira-gallery-bottom-left\"><\/div><div class=\"envira-gallery-position-overlay  envira-gallery-bottom-right\"><\/div><a href=\"http:\/\/www.der-mopedladen.de\/wp-content\/uploads\/2021\/01\/mxu550i-blau-3.jpg\" class=\"envira-gallery-8618 envira-gallery-link\" rel=\"enviragallery8618\" title=\"mxu550i blau 3\" data-envira-caption=\"mxu550i blau 3\" data-envira-retina=\"\" data-thumbnail=\"\"  itemprop=\"contentUrl\"><img decoding=\"async\" id=\"envira-gallery-image-10842\" class=\"envira-gallery-image envira-gallery-image-8 envira-normal envira-lazy\" data-envira-index=\"8\" src=\"https:\/\/www.der-mopedladen.de\/wp-content\/uploads\/2021\/01\/mxu550i-blau-3-640x480.jpg\" data-envira-src=\"https:\/\/www.der-mopedladen.de\/wp-content\/uploads\/2021\/01\/mxu550i-blau-3-640x480.jpg\" data-envira-gallery-id=\"8618\" data-envira-item-id=\"10842\" data-envira-caption=\"mxu550i blau 3\" alt=\"\" title=\"mxu550i blau 3\"  itemprop=\"thumbnailUrl\" data-envira-srcset=\"https:\/\/www.der-mopedladen.de\/wp-content\/uploads\/2021\/01\/mxu550i-blau-3-640x480.jpg 400w,https:\/\/www.der-mopedladen.de\/wp-content\/uploads\/2021\/01\/mxu550i-blau-3-640x480.jpg 2x\" data-envira-width=\"300\" data-envira-height=\"200\" srcset=\"data:image\/gif;base64,R0lGODlhAQABAIAAAP\/\/\/\/\/\/\/yH5BAEKAAEALAAAAAABAAEAAAICTAEAOw==\" data-safe-src=\"data:image\/gif;base64,R0lGODlhAQABAIAAAP\/\/\/\/\/\/\/yH5BAEKAAEALAAAAAABAAEAAAICTAEAOw==\" \/><\/a><\/div><\/div><div id=\"envira-gallery-item-8601\" class=\"envira-gallery-item enviratope-item envira-gallery-item-9 envira-lazy-load\" style=\"padding-left: 5px; padding-bottom: 10px; padding-right: 5px;\"  itemscope itemtype=\"https:\/\/schema.org\/ImageObject\"><div class=\"envira-gallery-item-inner\"><div class=\"envira-gallery-position-overlay  envira-gallery-top-left\"><\/div><div class=\"envira-gallery-position-overlay  envira-gallery-top-right\"><\/div><div class=\"envira-gallery-position-overlay  envira-gallery-bottom-left\"><\/div><div class=\"envira-gallery-position-overlay  envira-gallery-bottom-right\"><\/div><a href=\"http:\/\/www.der-mopedladen.de\/wp-content\/uploads\/2020\/02\/csm_KYMCO_MXU_550i_T_Offroad_LOF_schwarz_rot_7_10e4ca3303.png\" class=\"envira-gallery-8618 envira-gallery-link\" rel=\"enviragallery8618\" title=\"csm_KYMCO_MXU_550i_T_Offroad_LOF_schwarz_rot_7_10e4ca3303\" data-envira-caption=\"csm_KYMCO_MXU_550i_T_Offroad_LOF_schwarz_rot_7_10e4ca3303\" data-envira-retina=\"\" data-thumbnail=\"\"  itemprop=\"contentUrl\"><img decoding=\"async\" id=\"envira-gallery-image-8601\" class=\"envira-gallery-image envira-gallery-image-9 envira-normal envira-lazy\" data-envira-index=\"9\" src=\"https:\/\/www.der-mopedladen.de\/wp-content\/uploads\/2020\/02\/csm_KYMCO_MXU_550i_T_Offroad_LOF_schwarz_rot_7_10e4ca3303-640x480.png\" data-envira-src=\"https:\/\/www.der-mopedladen.de\/wp-content\/uploads\/2020\/02\/csm_KYMCO_MXU_550i_T_Offroad_LOF_schwarz_rot_7_10e4ca3303-640x480.png\" data-envira-gallery-id=\"8618\" data-envira-item-id=\"8601\" data-envira-caption=\"csm_KYMCO_MXU_550i_T_Offroad_LOF_schwarz_rot_7_10e4ca3303\" alt=\"\" title=\"csm_KYMCO_MXU_550i_T_Offroad_LOF_schwarz_rot_7_10e4ca3303\"  itemprop=\"thumbnailUrl\" data-envira-srcset=\"https:\/\/www.der-mopedladen.de\/wp-content\/uploads\/2020\/02\/csm_KYMCO_MXU_550i_T_Offroad_LOF_schwarz_rot_7_10e4ca3303-640x480.png 400w,https:\/\/www.der-mopedladen.de\/wp-content\/uploads\/2020\/02\/csm_KYMCO_MXU_550i_T_Offroad_LOF_schwarz_rot_7_10e4ca3303-640x480.png 2x\" data-envira-width=\"300\" data-envira-height=\"200\" srcset=\"data:image\/gif;base64,R0lGODlhAQABAIAAAP\/\/\/\/\/\/\/yH5BAEKAAEALAAAAAABAAEAAAICTAEAOw==\" data-safe-src=\"data:image\/gif;base64,R0lGODlhAQABAIAAAP\/\/\/\/\/\/\/yH5BAEKAAEALAAAAAABAAEAAAICTAEAOw==\" \/><\/a><\/div><\/div><div id=\"envira-gallery-item-8600\" class=\"envira-gallery-item enviratope-item envira-gallery-item-10 envira-lazy-load\" style=\"padding-left: 5px; padding-bottom: 10px; padding-right: 5px;\"  itemscope itemtype=\"https:\/\/schema.org\/ImageObject\"><div class=\"envira-gallery-item-inner\"><div class=\"envira-gallery-position-overlay  envira-gallery-top-left\"><\/div><div class=\"envira-gallery-position-overlay  envira-gallery-top-right\"><\/div><div class=\"envira-gallery-position-overlay  envira-gallery-bottom-left\"><\/div><div class=\"envira-gallery-position-overlay  envira-gallery-bottom-right\"><\/div><a href=\"http:\/\/www.der-mopedladen.de\/wp-content\/uploads\/2020\/02\/csm_KYMCO_MXU_550i_T_Offroad_LOF_schwarz_rot_6_eda98cdf3a.png\" class=\"envira-gallery-8618 envira-gallery-link\" rel=\"enviragallery8618\" title=\"csm_KYMCO_MXU_550i_T_Offroad_LOF_schwarz_rot_6_eda98cdf3a\" data-envira-caption=\"csm_KYMCO_MXU_550i_T_Offroad_LOF_schwarz_rot_6_eda98cdf3a\" data-envira-retina=\"\" data-thumbnail=\"\"  itemprop=\"contentUrl\"><img decoding=\"async\" id=\"envira-gallery-image-8600\" class=\"envira-gallery-image envira-gallery-image-10 envira-normal envira-lazy\" data-envira-index=\"10\" src=\"https:\/\/www.der-mopedladen.de\/wp-content\/uploads\/2020\/02\/csm_KYMCO_MXU_550i_T_Offroad_LOF_schwarz_rot_6_eda98cdf3a-640x480.png\" data-envira-src=\"https:\/\/www.der-mopedladen.de\/wp-content\/uploads\/2020\/02\/csm_KYMCO_MXU_550i_T_Offroad_LOF_schwarz_rot_6_eda98cdf3a-640x480.png\" data-envira-gallery-id=\"8618\" data-envira-item-id=\"8600\" data-envira-caption=\"csm_KYMCO_MXU_550i_T_Offroad_LOF_schwarz_rot_6_eda98cdf3a\" alt=\"\" title=\"csm_KYMCO_MXU_550i_T_Offroad_LOF_schwarz_rot_6_eda98cdf3a\"  itemprop=\"thumbnailUrl\" data-envira-srcset=\"https:\/\/www.der-mopedladen.de\/wp-content\/uploads\/2020\/02\/csm_KYMCO_MXU_550i_T_Offroad_LOF_schwarz_rot_6_eda98cdf3a-640x480.png 400w,https:\/\/www.der-mopedladen.de\/wp-content\/uploads\/2020\/02\/csm_KYMCO_MXU_550i_T_Offroad_LOF_schwarz_rot_6_eda98cdf3a-640x480.png 2x\" data-envira-width=\"300\" data-envira-height=\"200\" srcset=\"data:image\/gif;base64,R0lGODlhAQABAIAAAP\/\/\/\/\/\/\/yH5BAEKAAEALAAAAAABAAEAAAICTAEAOw==\" data-safe-src=\"data:image\/gif;base64,R0lGODlhAQABAIAAAP\/\/\/\/\/\/\/yH5BAEKAAEALAAAAAABAAEAAAICTAEAOw==\" \/><\/a><\/div><\/div><div id=\"envira-gallery-item-8602\" class=\"envira-gallery-item enviratope-item envira-gallery-item-11 envira-lazy-load\" style=\"padding-left: 5px; padding-bottom: 10px; padding-right: 5px;\"  itemscope itemtype=\"https:\/\/schema.org\/ImageObject\"><div class=\"envira-gallery-item-inner\"><div class=\"envira-gallery-position-overlay  envira-gallery-top-left\"><\/div><div class=\"envira-gallery-position-overlay  envira-gallery-top-right\"><\/div><div class=\"envira-gallery-position-overlay  envira-gallery-bottom-left\"><\/div><div class=\"envira-gallery-position-overlay  envira-gallery-bottom-right\"><\/div><a href=\"http:\/\/www.der-mopedladen.de\/wp-content\/uploads\/2020\/02\/csm_KYMCO_MXU_550i_T_Offroad_LOF_schwarz_rot_8_86b3a9814c.png\" class=\"envira-gallery-8618 envira-gallery-link\" rel=\"enviragallery8618\" title=\"csm_KYMCO_MXU_550i_T_Offroad_LOF_schwarz_rot_8_86b3a9814c\" data-envira-caption=\"csm_KYMCO_MXU_550i_T_Offroad_LOF_schwarz_rot_8_86b3a9814c\" data-envira-retina=\"\" data-thumbnail=\"\"  itemprop=\"contentUrl\"><img decoding=\"async\" id=\"envira-gallery-image-8602\" class=\"envira-gallery-image envira-gallery-image-11 envira-normal envira-lazy\" data-envira-index=\"11\" src=\"https:\/\/www.der-mopedladen.de\/wp-content\/uploads\/2020\/02\/csm_KYMCO_MXU_550i_T_Offroad_LOF_schwarz_rot_8_86b3a9814c-640x480.png\" data-envira-src=\"https:\/\/www.der-mopedladen.de\/wp-content\/uploads\/2020\/02\/csm_KYMCO_MXU_550i_T_Offroad_LOF_schwarz_rot_8_86b3a9814c-640x480.png\" data-envira-gallery-id=\"8618\" data-envira-item-id=\"8602\" data-envira-caption=\"csm_KYMCO_MXU_550i_T_Offroad_LOF_schwarz_rot_8_86b3a9814c\" alt=\"\" title=\"csm_KYMCO_MXU_550i_T_Offroad_LOF_schwarz_rot_8_86b3a9814c\"  itemprop=\"thumbnailUrl\" data-envira-srcset=\"https:\/\/www.der-mopedladen.de\/wp-content\/uploads\/2020\/02\/csm_KYMCO_MXU_550i_T_Offroad_LOF_schwarz_rot_8_86b3a9814c-640x480.png 400w,https:\/\/www.der-mopedladen.de\/wp-content\/uploads\/2020\/02\/csm_KYMCO_MXU_550i_T_Offroad_LOF_schwarz_rot_8_86b3a9814c-640x480.png 2x\" data-envira-width=\"300\" data-envira-height=\"200\" srcset=\"data:image\/gif;base64,R0lGODlhAQABAIAAAP\/\/\/\/\/\/\/yH5BAEKAAEALAAAAAABAAEAAAICTAEAOw==\" data-safe-src=\"data:image\/gif;base64,R0lGODlhAQABAIAAAP\/\/\/\/\/\/\/yH5BAEKAAEALAAAAAABAAEAAAICTAEAOw==\" \/><\/a><\/div><\/div><div id=\"envira-gallery-item-12563\" class=\"envira-gallery-item enviratope-item envira-gallery-item-12 envira-lazy-load\" style=\"padding-left: 5px; padding-bottom: 10px; padding-right: 5px;\"  itemscope itemtype=\"https:\/\/schema.org\/ImageObject\"><div class=\"envira-gallery-item-inner\"><div class=\"envira-gallery-position-overlay  envira-gallery-top-left\"><\/div><div class=\"envira-gallery-position-overlay  envira-gallery-top-right\"><\/div><div class=\"envira-gallery-position-overlay  envira-gallery-bottom-left\"><\/div><div class=\"envira-gallery-position-overlay  envira-gallery-bottom-right\"><\/div><a href=\"https:\/\/www.der-mopedladen.de\/wp-content\/uploads\/2021\/12\/KYMCO_MXU_550i_ABS_T3b_green_matt_4-scaled.jpg\" class=\"envira-gallery-8618 envira-gallery-link\" rel=\"enviragallery8618\" title=\"KYMCO_MXU_550i_ABS_T3b_green_matt_4\" data-envira-caption=\"KYMCO_MXU_550i_ABS_T3b_green_matt_4\" data-envira-retina=\"\" data-thumbnail=\"\"  itemprop=\"contentUrl\"><img decoding=\"async\" id=\"envira-gallery-image-12563\" class=\"envira-gallery-image envira-gallery-image-12 envira-normal envira-lazy\" data-envira-index=\"12\" src=\"https:\/\/www.der-mopedladen.de\/wp-content\/uploads\/2021\/12\/KYMCO_MXU_550i_ABS_T3b_green_matt_4-1024x685-640x480.jpg\" data-envira-src=\"https:\/\/www.der-mopedladen.de\/wp-content\/uploads\/2021\/12\/KYMCO_MXU_550i_ABS_T3b_green_matt_4-1024x685-640x480.jpg\" data-envira-gallery-id=\"8618\" data-envira-item-id=\"12563\" data-envira-caption=\"KYMCO_MXU_550i_ABS_T3b_green_matt_4\" alt=\"\" title=\"KYMCO_MXU_550i_ABS_T3b_green_matt_4\"  itemprop=\"thumbnailUrl\" data-envira-srcset=\"https:\/\/www.der-mopedladen.de\/wp-content\/uploads\/2021\/12\/KYMCO_MXU_550i_ABS_T3b_green_matt_4-1024x685-640x480.jpg 400w,https:\/\/www.der-mopedladen.de\/wp-content\/uploads\/2021\/12\/KYMCO_MXU_550i_ABS_T3b_green_matt_4-1024x685-640x480.jpg 2x\" data-envira-width=\"300\" data-envira-height=\"201\" srcset=\"data:image\/gif;base64,R0lGODlhAQABAIAAAP\/\/\/\/\/\/\/yH5BAEKAAEALAAAAAABAAEAAAICTAEAOw==\" data-safe-src=\"data:image\/gif;base64,R0lGODlhAQABAIAAAP\/\/\/\/\/\/\/yH5BAEKAAEALAAAAAABAAEAAAICTAEAOw==\" \/><\/a><\/div><\/div><div id=\"envira-gallery-item-12559\" class=\"envira-gallery-item enviratope-item envira-gallery-item-13 envira-lazy-load\" style=\"padding-left: 5px; padding-bottom: 10px; padding-right: 5px;\"  itemscope itemtype=\"https:\/\/schema.org\/ImageObject\"><div class=\"envira-gallery-item-inner\"><div class=\"envira-gallery-position-overlay  envira-gallery-top-left\"><\/div><div class=\"envira-gallery-position-overlay  envira-gallery-top-right\"><\/div><div class=\"envira-gallery-position-overlay  envira-gallery-bottom-left\"><\/div><div class=\"envira-gallery-position-overlay  envira-gallery-bottom-right\"><\/div><a href=\"https:\/\/www.der-mopedladen.de\/wp-content\/uploads\/2021\/12\/KYMCO_MXU_550i_ABS_T3b_indigo_matt_4-scaled.jpg\" class=\"envira-gallery-8618 envira-gallery-link\" rel=\"enviragallery8618\" title=\"KYMCO_MXU_550i_ABS_T3b_indigo_matt_4\" data-envira-caption=\"KYMCO_MXU_550i_ABS_T3b_indigo_matt_4\" data-envira-retina=\"\" data-thumbnail=\"\"  itemprop=\"contentUrl\"><img decoding=\"async\" id=\"envira-gallery-image-12559\" class=\"envira-gallery-image envira-gallery-image-13 envira-normal envira-lazy\" data-envira-index=\"13\" src=\"https:\/\/www.der-mopedladen.de\/wp-content\/uploads\/2021\/12\/KYMCO_MXU_550i_ABS_T3b_indigo_matt_4-1024x685-640x480.jpg\" data-envira-src=\"https:\/\/www.der-mopedladen.de\/wp-content\/uploads\/2021\/12\/KYMCO_MXU_550i_ABS_T3b_indigo_matt_4-1024x685-640x480.jpg\" data-envira-gallery-id=\"8618\" data-envira-item-id=\"12559\" data-envira-caption=\"KYMCO_MXU_550i_ABS_T3b_indigo_matt_4\" alt=\"\" title=\"KYMCO_MXU_550i_ABS_T3b_indigo_matt_4\"  itemprop=\"thumbnailUrl\" data-envira-srcset=\"https:\/\/www.der-mopedladen.de\/wp-content\/uploads\/2021\/12\/KYMCO_MXU_550i_ABS_T3b_indigo_matt_4-1024x685-640x480.jpg 400w,https:\/\/www.der-mopedladen.de\/wp-content\/uploads\/2021\/12\/KYMCO_MXU_550i_ABS_T3b_indigo_matt_4-1024x685-640x480.jpg 2x\" data-envira-width=\"300\" data-envira-height=\"201\" srcset=\"data:image\/gif;base64,R0lGODlhAQABAIAAAP\/\/\/\/\/\/\/yH5BAEKAAEALAAAAAABAAEAAAICTAEAOw==\" data-safe-src=\"data:image\/gif;base64,R0lGODlhAQABAIAAAP\/\/\/\/\/\/\/yH5BAEKAAEALAAAAAABAAEAAAICTAEAOw==\" \/><\/a><\/div><\/div><div id=\"envira-gallery-item-8598\" class=\"envira-gallery-item enviratope-item envira-gallery-item-14 envira-lazy-load\" style=\"padding-left: 5px; padding-bottom: 10px; padding-right: 5px;\"  itemscope itemtype=\"https:\/\/schema.org\/ImageObject\"><div class=\"envira-gallery-item-inner\"><div class=\"envira-gallery-position-overlay  envira-gallery-top-left\"><\/div><div class=\"envira-gallery-position-overlay  envira-gallery-top-right\"><\/div><div class=\"envira-gallery-position-overlay  envira-gallery-bottom-left\"><\/div><div class=\"envira-gallery-position-overlay  envira-gallery-bottom-right\"><\/div><a href=\"http:\/\/www.der-mopedladen.de\/wp-content\/uploads\/2020\/02\/csm_KYMCO_MXU_550i_T_Offroad_LOF_schwarz_rot_4_0de9e01512.png\" class=\"envira-gallery-8618 envira-gallery-link\" rel=\"enviragallery8618\" title=\"csm_KYMCO_MXU_550i_T_Offroad_LOF_schwarz_rot_4_0de9e01512\" data-envira-caption=\"csm_KYMCO_MXU_550i_T_Offroad_LOF_schwarz_rot_4_0de9e01512\" data-envira-retina=\"\" data-thumbnail=\"\"  itemprop=\"contentUrl\"><img decoding=\"async\" id=\"envira-gallery-image-8598\" class=\"envira-gallery-image envira-gallery-image-14 envira-normal envira-lazy\" data-envira-index=\"14\" src=\"https:\/\/www.der-mopedladen.de\/wp-content\/uploads\/2020\/02\/csm_KYMCO_MXU_550i_T_Offroad_LOF_schwarz_rot_4_0de9e01512-640x480.png\" data-envira-src=\"https:\/\/www.der-mopedladen.de\/wp-content\/uploads\/2020\/02\/csm_KYMCO_MXU_550i_T_Offroad_LOF_schwarz_rot_4_0de9e01512-640x480.png\" data-envira-gallery-id=\"8618\" data-envira-item-id=\"8598\" data-envira-caption=\"csm_KYMCO_MXU_550i_T_Offroad_LOF_schwarz_rot_4_0de9e01512\" alt=\"\" title=\"csm_KYMCO_MXU_550i_T_Offroad_LOF_schwarz_rot_4_0de9e01512\"  itemprop=\"thumbnailUrl\" data-envira-srcset=\"https:\/\/www.der-mopedladen.de\/wp-content\/uploads\/2020\/02\/csm_KYMCO_MXU_550i_T_Offroad_LOF_schwarz_rot_4_0de9e01512-640x480.png 400w,https:\/\/www.der-mopedladen.de\/wp-content\/uploads\/2020\/02\/csm_KYMCO_MXU_550i_T_Offroad_LOF_schwarz_rot_4_0de9e01512-640x480.png 2x\" data-envira-width=\"300\" data-envira-height=\"200\" srcset=\"data:image\/gif;base64,R0lGODlhAQABAIAAAP\/\/\/\/\/\/\/yH5BAEKAAEALAAAAAABAAEAAAICTAEAOw==\" data-safe-src=\"data:image\/gif;base64,R0lGODlhAQABAIAAAP\/\/\/\/\/\/\/yH5BAEKAAEALAAAAAABAAEAAAICTAEAOw==\" \/><\/a><\/div><\/div><div id=\"envira-gallery-item-8597\" class=\"envira-gallery-item enviratope-item envira-gallery-item-15 envira-lazy-load\" style=\"padding-left: 5px; padding-bottom: 10px; padding-right: 5px;\"  itemscope itemtype=\"https:\/\/schema.org\/ImageObject\"><div class=\"envira-gallery-item-inner\"><div class=\"envira-gallery-position-overlay  envira-gallery-top-left\"><\/div><div class=\"envira-gallery-position-overlay  envira-gallery-top-right\"><\/div><div class=\"envira-gallery-position-overlay  envira-gallery-bottom-left\"><\/div><div class=\"envira-gallery-position-overlay  envira-gallery-bottom-right\"><\/div><a href=\"http:\/\/www.der-mopedladen.de\/wp-content\/uploads\/2020\/02\/csm_KYMCO_MXU_550i_T_Offroad_LOF_schwarz_rot_3_90e96a376f.png\" class=\"envira-gallery-8618 envira-gallery-link\" rel=\"enviragallery8618\" title=\"csm_KYMCO_MXU_550i_T_Offroad_LOF_schwarz_rot_3_90e96a376f\" data-envira-caption=\"csm_KYMCO_MXU_550i_T_Offroad_LOF_schwarz_rot_3_90e96a376f\" data-envira-retina=\"\" data-thumbnail=\"\"  itemprop=\"contentUrl\"><img decoding=\"async\" id=\"envira-gallery-image-8597\" class=\"envira-gallery-image envira-gallery-image-15 envira-normal envira-lazy\" data-envira-index=\"15\" src=\"https:\/\/www.der-mopedladen.de\/wp-content\/uploads\/2020\/02\/csm_KYMCO_MXU_550i_T_Offroad_LOF_schwarz_rot_3_90e96a376f-640x480.png\" data-envira-src=\"https:\/\/www.der-mopedladen.de\/wp-content\/uploads\/2020\/02\/csm_KYMCO_MXU_550i_T_Offroad_LOF_schwarz_rot_3_90e96a376f-640x480.png\" data-envira-gallery-id=\"8618\" data-envira-item-id=\"8597\" data-envira-caption=\"csm_KYMCO_MXU_550i_T_Offroad_LOF_schwarz_rot_3_90e96a376f\" alt=\"\" title=\"csm_KYMCO_MXU_550i_T_Offroad_LOF_schwarz_rot_3_90e96a376f\"  itemprop=\"thumbnailUrl\" data-envira-srcset=\"https:\/\/www.der-mopedladen.de\/wp-content\/uploads\/2020\/02\/csm_KYMCO_MXU_550i_T_Offroad_LOF_schwarz_rot_3_90e96a376f-640x480.png 400w,https:\/\/www.der-mopedladen.de\/wp-content\/uploads\/2020\/02\/csm_KYMCO_MXU_550i_T_Offroad_LOF_schwarz_rot_3_90e96a376f-640x480.png 2x\" data-envira-width=\"300\" data-envira-height=\"200\" srcset=\"data:image\/gif;base64,R0lGODlhAQABAIAAAP\/\/\/\/\/\/\/yH5BAEKAAEALAAAAAABAAEAAAICTAEAOw==\" data-safe-src=\"data:image\/gif;base64,R0lGODlhAQABAIAAAP\/\/\/\/\/\/\/yH5BAEKAAEALAAAAAABAAEAAAICTAEAOw==\" \/><\/a><\/div><\/div><div id=\"envira-gallery-item-8595\" class=\"envira-gallery-item enviratope-item envira-gallery-item-16 envira-lazy-load\" style=\"padding-left: 5px; padding-bottom: 10px; padding-right: 5px;\"  itemscope itemtype=\"https:\/\/schema.org\/ImageObject\"><div class=\"envira-gallery-item-inner\"><div class=\"envira-gallery-position-overlay  envira-gallery-top-left\"><\/div><div class=\"envira-gallery-position-overlay  envira-gallery-top-right\"><\/div><div class=\"envira-gallery-position-overlay  envira-gallery-bottom-left\"><\/div><div class=\"envira-gallery-position-overlay  envira-gallery-bottom-right\"><\/div><a href=\"http:\/\/www.der-mopedladen.de\/wp-content\/uploads\/2020\/02\/csm_KYMCO_MXU_550i_T_Offroad_LOF_schwarz_rot_1_86604b3dd9.png\" class=\"envira-gallery-8618 envira-gallery-link\" rel=\"enviragallery8618\" title=\"csm_KYMCO_MXU_550i_T_Offroad_LOF_schwarz_rot_1_86604b3dd9\" data-envira-caption=\"csm_KYMCO_MXU_550i_T_Offroad_LOF_schwarz_rot_1_86604b3dd9\" data-envira-retina=\"\" data-thumbnail=\"\"  itemprop=\"contentUrl\"><img decoding=\"async\" id=\"envira-gallery-image-8595\" class=\"envira-gallery-image envira-gallery-image-16 envira-normal envira-lazy\" data-envira-index=\"16\" src=\"https:\/\/www.der-mopedladen.de\/wp-content\/uploads\/2020\/02\/csm_KYMCO_MXU_550i_T_Offroad_LOF_schwarz_rot_1_86604b3dd9-640x480.png\" data-envira-src=\"https:\/\/www.der-mopedladen.de\/wp-content\/uploads\/2020\/02\/csm_KYMCO_MXU_550i_T_Offroad_LOF_schwarz_rot_1_86604b3dd9-640x480.png\" data-envira-gallery-id=\"8618\" data-envira-item-id=\"8595\" data-envira-caption=\"csm_KYMCO_MXU_550i_T_Offroad_LOF_schwarz_rot_1_86604b3dd9\" alt=\"\" title=\"csm_KYMCO_MXU_550i_T_Offroad_LOF_schwarz_rot_1_86604b3dd9\"  itemprop=\"thumbnailUrl\" data-envira-srcset=\"https:\/\/www.der-mopedladen.de\/wp-content\/uploads\/2020\/02\/csm_KYMCO_MXU_550i_T_Offroad_LOF_schwarz_rot_1_86604b3dd9-640x480.png 400w,https:\/\/www.der-mopedladen.de\/wp-content\/uploads\/2020\/02\/csm_KYMCO_MXU_550i_T_Offroad_LOF_schwarz_rot_1_86604b3dd9-640x480.png 2x\" data-envira-width=\"300\" data-envira-height=\"200\" srcset=\"data:image\/gif;base64,R0lGODlhAQABAIAAAP\/\/\/\/\/\/\/yH5BAEKAAEALAAAAAABAAEAAAICTAEAOw==\" data-safe-src=\"data:image\/gif;base64,R0lGODlhAQABAIAAAP\/\/\/\/\/\/\/yH5BAEKAAEALAAAAAABAAEAAAICTAEAOw==\" \/><\/a><\/div><\/div><div id=\"envira-gallery-item-8604\" class=\"envira-gallery-item enviratope-item envira-gallery-item-17 envira-lazy-load\" style=\"padding-left: 5px; padding-bottom: 10px; padding-right: 5px;\"  itemscope itemtype=\"https:\/\/schema.org\/ImageObject\"><div class=\"envira-gallery-item-inner\"><div class=\"envira-gallery-position-overlay  envira-gallery-top-left\"><\/div><div class=\"envira-gallery-position-overlay  envira-gallery-top-right\"><\/div><div class=\"envira-gallery-position-overlay  envira-gallery-bottom-left\"><\/div><div class=\"envira-gallery-position-overlay  envira-gallery-bottom-right\"><\/div><a href=\"http:\/\/www.der-mopedladen.de\/wp-content\/uploads\/2020\/02\/MXU_550i_T_Offroad_LOF_schwarz_rot_2020_Detail_3.png\" class=\"envira-gallery-8618 envira-gallery-link\" rel=\"enviragallery8618\" title=\"MXU_550i_T_Offroad_LOF_schwarz_rot_2020_Detail_3\" data-envira-caption=\"MXU_550i_T_Offroad_LOF_schwarz_rot_2020_Detail_3\" data-envira-retina=\"\" data-thumbnail=\"\"  itemprop=\"contentUrl\"><img decoding=\"async\" id=\"envira-gallery-image-8604\" class=\"envira-gallery-image envira-gallery-image-17 envira-normal envira-lazy\" data-envira-index=\"17\" src=\"https:\/\/www.der-mopedladen.de\/wp-content\/uploads\/2020\/02\/MXU_550i_T_Offroad_LOF_schwarz_rot_2020_Detail_3-640x480.png\" data-envira-src=\"https:\/\/www.der-mopedladen.de\/wp-content\/uploads\/2020\/02\/MXU_550i_T_Offroad_LOF_schwarz_rot_2020_Detail_3-640x480.png\" data-envira-gallery-id=\"8618\" data-envira-item-id=\"8604\" data-envira-caption=\"MXU_550i_T_Offroad_LOF_schwarz_rot_2020_Detail_3\" alt=\"\" title=\"MXU_550i_T_Offroad_LOF_schwarz_rot_2020_Detail_3\"  itemprop=\"thumbnailUrl\" data-envira-srcset=\"https:\/\/www.der-mopedladen.de\/wp-content\/uploads\/2020\/02\/MXU_550i_T_Offroad_LOF_schwarz_rot_2020_Detail_3-640x480.png 400w,https:\/\/www.der-mopedladen.de\/wp-content\/uploads\/2020\/02\/MXU_550i_T_Offroad_LOF_schwarz_rot_2020_Detail_3-640x480.png 2x\" data-envira-width=\"300\" data-envira-height=\"200\" srcset=\"data:image\/gif;base64,R0lGODlhAQABAIAAAP\/\/\/\/\/\/\/yH5BAEKAAEALAAAAAABAAEAAAICTAEAOw==\" data-safe-src=\"data:image\/gif;base64,R0lGODlhAQABAIAAAP\/\/\/\/\/\/\/yH5BAEKAAEALAAAAAABAAEAAAICTAEAOw==\" \/><\/a><\/div><\/div><div id=\"envira-gallery-item-8605\" class=\"envira-gallery-item enviratope-item envira-gallery-item-18 envira-lazy-load\" style=\"padding-left: 5px; padding-bottom: 10px; padding-right: 5px;\"  itemscope itemtype=\"https:\/\/schema.org\/ImageObject\"><div class=\"envira-gallery-item-inner\"><div class=\"envira-gallery-position-overlay  envira-gallery-top-left\"><\/div><div class=\"envira-gallery-position-overlay  envira-gallery-top-right\"><\/div><div class=\"envira-gallery-position-overlay  envira-gallery-bottom-left\"><\/div><div class=\"envira-gallery-position-overlay  envira-gallery-bottom-right\"><\/div><a href=\"http:\/\/www.der-mopedladen.de\/wp-content\/uploads\/2020\/02\/MXU_550i_T_Offroad_LOF_schwarz_rot_2020_Detail_4.png\" class=\"envira-gallery-8618 envira-gallery-link\" rel=\"enviragallery8618\" title=\"MXU_550i_T_Offroad_LOF_schwarz_rot_2020_Detail_4\" data-envira-caption=\"MXU_550i_T_Offroad_LOF_schwarz_rot_2020_Detail_4\" data-envira-retina=\"\" data-thumbnail=\"\"  itemprop=\"contentUrl\"><img decoding=\"async\" id=\"envira-gallery-image-8605\" class=\"envira-gallery-image envira-gallery-image-18 envira-normal envira-lazy\" data-envira-index=\"18\" src=\"https:\/\/www.der-mopedladen.de\/wp-content\/uploads\/2020\/02\/MXU_550i_T_Offroad_LOF_schwarz_rot_2020_Detail_4-640x480.png\" data-envira-src=\"https:\/\/www.der-mopedladen.de\/wp-content\/uploads\/2020\/02\/MXU_550i_T_Offroad_LOF_schwarz_rot_2020_Detail_4-640x480.png\" data-envira-gallery-id=\"8618\" data-envira-item-id=\"8605\" data-envira-caption=\"MXU_550i_T_Offroad_LOF_schwarz_rot_2020_Detail_4\" alt=\"\" title=\"MXU_550i_T_Offroad_LOF_schwarz_rot_2020_Detail_4\"  itemprop=\"thumbnailUrl\" data-envira-srcset=\"https:\/\/www.der-mopedladen.de\/wp-content\/uploads\/2020\/02\/MXU_550i_T_Offroad_LOF_schwarz_rot_2020_Detail_4-640x480.png 400w,https:\/\/www.der-mopedladen.de\/wp-content\/uploads\/2020\/02\/MXU_550i_T_Offroad_LOF_schwarz_rot_2020_Detail_4-640x480.png 2x\" data-envira-width=\"300\" data-envira-height=\"200\" srcset=\"data:image\/gif;base64,R0lGODlhAQABAIAAAP\/\/\/\/\/\/\/yH5BAEKAAEALAAAAAABAAEAAAICTAEAOw==\" data-safe-src=\"data:image\/gif;base64,R0lGODlhAQABAIAAAP\/\/\/\/\/\/\/yH5BAEKAAEALAAAAAABAAEAAAICTAEAOw==\" \/><\/a><\/div><\/div><div id=\"envira-gallery-item-8603\" class=\"envira-gallery-item enviratope-item envira-gallery-item-19 envira-lazy-load\" style=\"padding-left: 5px; padding-bottom: 10px; padding-right: 5px;\"  itemscope itemtype=\"https:\/\/schema.org\/ImageObject\"><div class=\"envira-gallery-item-inner\"><div class=\"envira-gallery-position-overlay  envira-gallery-top-left\"><\/div><div class=\"envira-gallery-position-overlay  envira-gallery-top-right\"><\/div><div class=\"envira-gallery-position-overlay  envira-gallery-bottom-left\"><\/div><div class=\"envira-gallery-position-overlay  envira-gallery-bottom-right\"><\/div><a href=\"http:\/\/www.der-mopedladen.de\/wp-content\/uploads\/2020\/02\/MXU_550i_T_Offroad_LOF_schwarz_rot_2020_Detail_1.png\" class=\"envira-gallery-8618 envira-gallery-link\" rel=\"enviragallery8618\" title=\"MXU_550i_T_Offroad_LOF_schwarz_rot_2020_Detail_1\" data-envira-caption=\"MXU_550i_T_Offroad_LOF_schwarz_rot_2020_Detail_1\" data-envira-retina=\"\" data-thumbnail=\"\"  itemprop=\"contentUrl\"><img decoding=\"async\" id=\"envira-gallery-image-8603\" class=\"envira-gallery-image envira-gallery-image-19 envira-normal envira-lazy\" data-envira-index=\"19\" src=\"https:\/\/www.der-mopedladen.de\/wp-content\/uploads\/2020\/02\/MXU_550i_T_Offroad_LOF_schwarz_rot_2020_Detail_1-640x480.png\" data-envira-src=\"https:\/\/www.der-mopedladen.de\/wp-content\/uploads\/2020\/02\/MXU_550i_T_Offroad_LOF_schwarz_rot_2020_Detail_1-640x480.png\" data-envira-gallery-id=\"8618\" data-envira-item-id=\"8603\" data-envira-caption=\"MXU_550i_T_Offroad_LOF_schwarz_rot_2020_Detail_1\" alt=\"\" title=\"MXU_550i_T_Offroad_LOF_schwarz_rot_2020_Detail_1\"  itemprop=\"thumbnailUrl\" data-envira-srcset=\"https:\/\/www.der-mopedladen.de\/wp-content\/uploads\/2020\/02\/MXU_550i_T_Offroad_LOF_schwarz_rot_2020_Detail_1-640x480.png 400w,https:\/\/www.der-mopedladen.de\/wp-content\/uploads\/2020\/02\/MXU_550i_T_Offroad_LOF_schwarz_rot_2020_Detail_1-640x480.png 2x\" data-envira-width=\"300\" data-envira-height=\"200\" srcset=\"data:image\/gif;base64,R0lGODlhAQABAIAAAP\/\/\/\/\/\/\/yH5BAEKAAEALAAAAAABAAEAAAICTAEAOw==\" data-safe-src=\"data:image\/gif;base64,R0lGODlhAQABAIAAAP\/\/\/\/\/\/\/yH5BAEKAAEALAAAAAABAAEAAAICTAEAOw==\" \/><\/a><\/div><\/div><\/div><\/div><noscript><img decoding=\"async\" src=\"https:\/\/www.der-mopedladen.de\/wp-content\/uploads\/2020\/02\/csm_KYMCO_MXU_550i_T_Offroad_LOF_schwarz_rot_2_3d5bf4bb82.png\" alt=\"\" \/><img decoding=\"async\" src=\"https:\/\/www.der-mopedladen.de\/wp-content\/uploads\/2021\/12\/KYMCO_MXU_550i_ABS_T3b_green_matt_2-scaled.jpg\" alt=\"\" \/><img decoding=\"async\" src=\"https:\/\/www.der-mopedladen.de\/wp-content\/uploads\/2021\/12\/KYMCO_MXU_550i_ABS_T3b_indigo_matt_2-scaled.jpg\" alt=\"\" \/><img decoding=\"async\" src=\"https:\/\/www.der-mopedladen.de\/wp-content\/uploads\/2020\/02\/csm_KYMCO_MXU_550i_T_Offroad_LOF_schwarz_rot_5_5413f393ad.png\" alt=\"\" \/><img decoding=\"async\" src=\"https:\/\/www.der-mopedladen.de\/wp-content\/uploads\/2021\/12\/KYMCO_MXU_550i_ABS_T3b_green_matt_5-scaled.jpg\" alt=\"\" \/><img decoding=\"async\" src=\"https:\/\/www.der-mopedladen.de\/wp-content\/uploads\/2021\/12\/KYMCO_MXU_550i_ABS_T3b_indigo_matt_5-scaled.jpg\" alt=\"\" \/><img decoding=\"async\" src=\"https:\/\/www.der-mopedladen.de\/wp-content\/uploads\/2021\/01\/mxu550i-blau-4.jpg\" alt=\"\" \/><img decoding=\"async\" src=\"https:\/\/www.der-mopedladen.de\/wp-content\/uploads\/2021\/01\/mxu550i-blau-3.jpg\" alt=\"\" \/><img decoding=\"async\" src=\"https:\/\/www.der-mopedladen.de\/wp-content\/uploads\/2020\/02\/csm_KYMCO_MXU_550i_T_Offroad_LOF_schwarz_rot_7_10e4ca3303.png\" alt=\"\" \/><img decoding=\"async\" src=\"https:\/\/www.der-mopedladen.de\/wp-content\/uploads\/2020\/02\/csm_KYMCO_MXU_550i_T_Offroad_LOF_schwarz_rot_6_eda98cdf3a.png\" alt=\"\" \/><img decoding=\"async\" src=\"https:\/\/www.der-mopedladen.de\/wp-content\/uploads\/2020\/02\/csm_KYMCO_MXU_550i_T_Offroad_LOF_schwarz_rot_8_86b3a9814c.png\" alt=\"\" \/><img decoding=\"async\" src=\"https:\/\/www.der-mopedladen.de\/wp-content\/uploads\/2021\/12\/KYMCO_MXU_550i_ABS_T3b_green_matt_4-scaled.jpg\" alt=\"\" \/><img decoding=\"async\" src=\"https:\/\/www.der-mopedladen.de\/wp-content\/uploads\/2021\/12\/KYMCO_MXU_550i_ABS_T3b_indigo_matt_4-scaled.jpg\" alt=\"\" \/><img decoding=\"async\" src=\"https:\/\/www.der-mopedladen.de\/wp-content\/uploads\/2020\/02\/csm_KYMCO_MXU_550i_T_Offroad_LOF_schwarz_rot_4_0de9e01512.png\" alt=\"\" \/><img decoding=\"async\" src=\"https:\/\/www.der-mopedladen.de\/wp-content\/uploads\/2020\/02\/csm_KYMCO_MXU_550i_T_Offroad_LOF_schwarz_rot_3_90e96a376f.png\" alt=\"\" \/><img decoding=\"async\" src=\"https:\/\/www.der-mopedladen.de\/wp-content\/uploads\/2020\/02\/csm_KYMCO_MXU_550i_T_Offroad_LOF_schwarz_rot_1_86604b3dd9.png\" alt=\"\" \/><img decoding=\"async\" src=\"https:\/\/www.der-mopedladen.de\/wp-content\/uploads\/2020\/02\/MXU_550i_T_Offroad_LOF_schwarz_rot_2020_Detail_3.png\" alt=\"\" \/><img decoding=\"async\" src=\"https:\/\/www.der-mopedladen.de\/wp-content\/uploads\/2020\/02\/MXU_550i_T_Offroad_LOF_schwarz_rot_2020_Detail_4.png\" alt=\"\" \/><img decoding=\"async\" src=\"https:\/\/www.der-mopedladen.de\/wp-content\/uploads\/2020\/02\/MXU_550i_T_Offroad_LOF_schwarz_rot_2020_Detail_1.png\" alt=\"\" \/><\/noscript>\n<\/div>\n<\/div>\n<\/div>\n<\/div>\n","protected":false},"excerpt":{"rendered":"<p>Das wendige MXU 550i T ABS \u00fcberzeugt wie sein gro\u00dfer Bruder\u00a0MXU 700i\u00a0mit einer Karosserie im SUV-Design, mit einem optimierten Fahrwerk und einem spurtstarken Einspritz-Motor mit\u2026<\/p>\n<p class=\"continue-reading-button\"> <a class=\"continue-reading-link\" href=\"https:\/\/www.der-mopedladen.de\/?p=8390\">Mehr Informationen<i class=\"crycon-right-dir\"><\/i><\/a><\/p>\n","protected":false},"author":2,"featured_media":8596,"comment_status":"closed","ping_status":"closed","sticky":false,"template":"","format":"standard","meta":{"footnotes":""},"categories":[20,19],"tags":[35,37,9,22,21],"class_list":["post-8390","post","type-post","status-publish","format-standard","has-post-thumbnail","hentry","category-kymco-quad","category-quads","tag-4-takt","tag-einspritzung","tag-kymco","tag-offroad","tag-quad"],"yoast_head":"<!-- This site is optimized with the Yoast SEO plugin v25.7 - https:\/\/yoast.com\/wordpress\/plugins\/seo\/ -->\n<title>KYMCO MXU 550i ABS T3b . . . . . . . 8499 \u20ac -<\/title>\n<meta name=\"robots\" content=\"index, follow, max-snippet:-1, max-image-preview:large, max-video-preview:-1\" \/>\n<link rel=\"canonical\" href=\"https:\/\/www.der-mopedladen.de\/?p=8390\" \/>\n<meta property=\"og:locale\" content=\"de_DE\" \/>\n<meta property=\"og:type\" content=\"article\" \/>\n<meta property=\"og:title\" content=\"KYMCO MXU 550i ABS T3b . . . . . . . 8499 \u20ac -\" \/>\n<meta property=\"og:description\" content=\"Das wendige MXU 550i T ABS \u00fcberzeugt wie sein gro\u00dfer Bruder\u00a0MXU 700i\u00a0mit einer Karosserie im SUV-Design, mit einem optimierten Fahrwerk und einem spurtstarken Einspritz-Motor mit\u2026 Mehr Informationen\" \/>\n<meta property=\"og:url\" content=\"https:\/\/www.der-mopedladen.de\/?p=8390\" \/>\n<meta property=\"article:published_time\" content=\"2020-01-27T15:14:38+00:00\" \/>\n<meta property=\"article:modified_time\" content=\"2025-05-21T15:40:56+00:00\" \/>\n<meta property=\"og:image\" content=\"https:\/\/www.der-mopedladen.de\/wp-content\/uploads\/2020\/02\/csm_KYMCO_MXU_550i_T_Offroad_LOF_schwarz_rot_2_3d5bf4bb82.png\" \/>\n\t<meta property=\"og:image:width\" content=\"720\" \/>\n\t<meta property=\"og:image:height\" content=\"480\" \/>\n\t<meta property=\"og:image:type\" content=\"image\/png\" \/>\n<meta name=\"author\" content=\"Carsten Maluche\" \/>\n<meta name=\"twitter:card\" content=\"summary_large_image\" \/>\n<meta name=\"twitter:label1\" content=\"Verfasst von\" \/>\n\t<meta name=\"twitter:data1\" content=\"Carsten Maluche\" \/>\n\t<meta name=\"twitter:label2\" content=\"Gesch\u00e4tzte Lesezeit\" \/>\n\t<meta name=\"twitter:data2\" content=\"1\u00a0Minute\" \/>\n<script type=\"application\/ld+json\" class=\"yoast-schema-graph\">{\"@context\":\"https:\/\/schema.org\",\"@graph\":[{\"@type\":\"Article\",\"@id\":\"https:\/\/www.der-mopedladen.de\/?p=8390#article\",\"isPartOf\":{\"@id\":\"https:\/\/www.der-mopedladen.de\/?p=8390\"},\"author\":{\"name\":\"Carsten Maluche\",\"@id\":\"https:\/\/www.der-mopedladen.de\/#\/schema\/person\/4d0c0c9ed7d36464398049539cfdc1c0\"},\"headline\":\"KYMCO MXU 550i ABS T3b . . . . . . . 8499 \u20ac\",\"datePublished\":\"2020-01-27T15:14:38+00:00\",\"dateModified\":\"2025-05-21T15:40:56+00:00\",\"mainEntityOfPage\":{\"@id\":\"https:\/\/www.der-mopedladen.de\/?p=8390\"},\"wordCount\":181,\"publisher\":{\"@id\":\"https:\/\/www.der-mopedladen.de\/#organization\"},\"image\":{\"@id\":\"https:\/\/www.der-mopedladen.de\/?p=8390#primaryimage\"},\"thumbnailUrl\":\"https:\/\/www.der-mopedladen.de\/wp-content\/uploads\/2020\/02\/csm_KYMCO_MXU_550i_T_Offroad_LOF_schwarz_rot_2_3d5bf4bb82.png\",\"keywords\":[\"4 Takt\",\"Einspritzung\",\"Kymco\",\"Offroad\",\"Quad\"],\"articleSection\":[\"Kymco\",\"Quads\"],\"inLanguage\":\"de\"},{\"@type\":\"WebPage\",\"@id\":\"https:\/\/www.der-mopedladen.de\/?p=8390\",\"url\":\"https:\/\/www.der-mopedladen.de\/?p=8390\",\"name\":\"KYMCO MXU 550i ABS T3b . . . . . . . 8499 \u20ac -\",\"isPartOf\":{\"@id\":\"https:\/\/www.der-mopedladen.de\/#website\"},\"primaryImageOfPage\":{\"@id\":\"https:\/\/www.der-mopedladen.de\/?p=8390#primaryimage\"},\"image\":{\"@id\":\"https:\/\/www.der-mopedladen.de\/?p=8390#primaryimage\"},\"thumbnailUrl\":\"https:\/\/www.der-mopedladen.de\/wp-content\/uploads\/2020\/02\/csm_KYMCO_MXU_550i_T_Offroad_LOF_schwarz_rot_2_3d5bf4bb82.png\",\"datePublished\":\"2020-01-27T15:14:38+00:00\",\"dateModified\":\"2025-05-21T15:40:56+00:00\",\"breadcrumb\":{\"@id\":\"https:\/\/www.der-mopedladen.de\/?p=8390#breadcrumb\"},\"inLanguage\":\"de\",\"potentialAction\":[{\"@type\":\"ReadAction\",\"target\":[\"https:\/\/www.der-mopedladen.de\/?p=8390\"]}]},{\"@type\":\"ImageObject\",\"inLanguage\":\"de\",\"@id\":\"https:\/\/www.der-mopedladen.de\/?p=8390#primaryimage\",\"url\":\"https:\/\/www.der-mopedladen.de\/wp-content\/uploads\/2020\/02\/csm_KYMCO_MXU_550i_T_Offroad_LOF_schwarz_rot_2_3d5bf4bb82.png\",\"contentUrl\":\"https:\/\/www.der-mopedladen.de\/wp-content\/uploads\/2020\/02\/csm_KYMCO_MXU_550i_T_Offroad_LOF_schwarz_rot_2_3d5bf4bb82.png\",\"width\":720,\"height\":480},{\"@type\":\"BreadcrumbList\",\"@id\":\"https:\/\/www.der-mopedladen.de\/?p=8390#breadcrumb\",\"itemListElement\":[{\"@type\":\"ListItem\",\"position\":1,\"name\":\"Startseite\",\"item\":\"https:\/\/www.der-mopedladen.de\/\"},{\"@type\":\"ListItem\",\"position\":2,\"name\":\"KYMCO MXU 550i ABS T3b . . . . . . . 8499 \u20ac\"}]},{\"@type\":\"WebSite\",\"@id\":\"https:\/\/www.der-mopedladen.de\/#website\",\"url\":\"https:\/\/www.der-mopedladen.de\/\",\"name\":\"\",\"description\":\"\",\"publisher\":{\"@id\":\"https:\/\/www.der-mopedladen.de\/#organization\"},\"potentialAction\":[{\"@type\":\"SearchAction\",\"target\":{\"@type\":\"EntryPoint\",\"urlTemplate\":\"https:\/\/www.der-mopedladen.de\/?s={search_term_string}\"},\"query-input\":{\"@type\":\"PropertyValueSpecification\",\"valueRequired\":true,\"valueName\":\"search_term_string\"}}],\"inLanguage\":\"de\"},{\"@type\":\"Organization\",\"@id\":\"https:\/\/www.der-mopedladen.de\/#organization\",\"name\":\"Der Mopedladen OHG\",\"url\":\"https:\/\/www.der-mopedladen.de\/\",\"logo\":{\"@type\":\"ImageObject\",\"inLanguage\":\"de\",\"@id\":\"https:\/\/www.der-mopedladen.de\/#\/schema\/logo\/image\/\",\"url\":\"https:\/\/www.der-mopedladen.de\/wp-content\/uploads\/2021\/04\/Logo-DerMopedladen_ZW_CMYK-50x36mm.jpg\",\"contentUrl\":\"https:\/\/www.der-mopedladen.de\/wp-content\/uploads\/2021\/04\/Logo-DerMopedladen_ZW_CMYK-50x36mm.jpg\",\"width\":602,\"height\":437,\"caption\":\"Der Mopedladen OHG\"},\"image\":{\"@id\":\"https:\/\/www.der-mopedladen.de\/#\/schema\/logo\/image\/\"}},{\"@type\":\"Person\",\"@id\":\"https:\/\/www.der-mopedladen.de\/#\/schema\/person\/4d0c0c9ed7d36464398049539cfdc1c0\",\"name\":\"Carsten Maluche\",\"image\":{\"@type\":\"ImageObject\",\"inLanguage\":\"de\",\"@id\":\"https:\/\/www.der-mopedladen.de\/#\/schema\/person\/image\/\",\"url\":\"https:\/\/secure.gravatar.com\/avatar\/a535b4a133389f55485f0a633a5968f3d69e644503b1fed0e6aa81083975d04a?s=96&d=mm&r=g\",\"contentUrl\":\"https:\/\/secure.gravatar.com\/avatar\/a535b4a133389f55485f0a633a5968f3d69e644503b1fed0e6aa81083975d04a?s=96&d=mm&r=g\",\"caption\":\"Carsten Maluche\"}}]}<\/script>\n<!-- \/ Yoast SEO plugin. -->","yoast_head_json":{"title":"KYMCO MXU 550i ABS T3b . . . . . . . 8499 \u20ac -","robots":{"index":"index","follow":"follow","max-snippet":"max-snippet:-1","max-image-preview":"max-image-preview:large","max-video-preview":"max-video-preview:-1"},"canonical":"https:\/\/www.der-mopedladen.de\/?p=8390","og_locale":"de_DE","og_type":"article","og_title":"KYMCO MXU 550i ABS T3b . . . . . . . 8499 \u20ac -","og_description":"Das wendige MXU 550i T ABS \u00fcberzeugt wie sein gro\u00dfer Bruder\u00a0MXU 700i\u00a0mit einer Karosserie im SUV-Design, mit einem optimierten Fahrwerk und einem spurtstarken Einspritz-Motor mit\u2026 Mehr Informationen","og_url":"https:\/\/www.der-mopedladen.de\/?p=8390","article_published_time":"2020-01-27T15:14:38+00:00","article_modified_time":"2025-05-21T15:40:56+00:00","og_image":[{"width":720,"height":480,"url":"https:\/\/www.der-mopedladen.de\/wp-content\/uploads\/2020\/02\/csm_KYMCO_MXU_550i_T_Offroad_LOF_schwarz_rot_2_3d5bf4bb82.png","type":"image\/png"}],"author":"Carsten Maluche","twitter_card":"summary_large_image","twitter_misc":{"Verfasst von":"Carsten Maluche","Gesch\u00e4tzte Lesezeit":"1\u00a0Minute"},"schema":{"@context":"https:\/\/schema.org","@graph":[{"@type":"Article","@id":"https:\/\/www.der-mopedladen.de\/?p=8390#article","isPartOf":{"@id":"https:\/\/www.der-mopedladen.de\/?p=8390"},"author":{"name":"Carsten Maluche","@id":"https:\/\/www.der-mopedladen.de\/#\/schema\/person\/4d0c0c9ed7d36464398049539cfdc1c0"},"headline":"KYMCO MXU 550i ABS T3b . . . . . . . 8499 \u20ac","datePublished":"2020-01-27T15:14:38+00:00","dateModified":"2025-05-21T15:40:56+00:00","mainEntityOfPage":{"@id":"https:\/\/www.der-mopedladen.de\/?p=8390"},"wordCount":181,"publisher":{"@id":"https:\/\/www.der-mopedladen.de\/#organization"},"image":{"@id":"https:\/\/www.der-mopedladen.de\/?p=8390#primaryimage"},"thumbnailUrl":"https:\/\/www.der-mopedladen.de\/wp-content\/uploads\/2020\/02\/csm_KYMCO_MXU_550i_T_Offroad_LOF_schwarz_rot_2_3d5bf4bb82.png","keywords":["4 Takt","Einspritzung","Kymco","Offroad","Quad"],"articleSection":["Kymco","Quads"],"inLanguage":"de"},{"@type":"WebPage","@id":"https:\/\/www.der-mopedladen.de\/?p=8390","url":"https:\/\/www.der-mopedladen.de\/?p=8390","name":"KYMCO MXU 550i ABS T3b . . . . . . . 8499 \u20ac -","isPartOf":{"@id":"https:\/\/www.der-mopedladen.de\/#website"},"primaryImageOfPage":{"@id":"https:\/\/www.der-mopedladen.de\/?p=8390#primaryimage"},"image":{"@id":"https:\/\/www.der-mopedladen.de\/?p=8390#primaryimage"},"thumbnailUrl":"https:\/\/www.der-mopedladen.de\/wp-content\/uploads\/2020\/02\/csm_KYMCO_MXU_550i_T_Offroad_LOF_schwarz_rot_2_3d5bf4bb82.png","datePublished":"2020-01-27T15:14:38+00:00","dateModified":"2025-05-21T15:40:56+00:00","breadcrumb":{"@id":"https:\/\/www.der-mopedladen.de\/?p=8390#breadcrumb"},"inLanguage":"de","potentialAction":[{"@type":"ReadAction","target":["https:\/\/www.der-mopedladen.de\/?p=8390"]}]},{"@type":"ImageObject","inLanguage":"de","@id":"https:\/\/www.der-mopedladen.de\/?p=8390#primaryimage","url":"https:\/\/www.der-mopedladen.de\/wp-content\/uploads\/2020\/02\/csm_KYMCO_MXU_550i_T_Offroad_LOF_schwarz_rot_2_3d5bf4bb82.png","contentUrl":"https:\/\/www.der-mopedladen.de\/wp-content\/uploads\/2020\/02\/csm_KYMCO_MXU_550i_T_Offroad_LOF_schwarz_rot_2_3d5bf4bb82.png","width":720,"height":480},{"@type":"BreadcrumbList","@id":"https:\/\/www.der-mopedladen.de\/?p=8390#breadcrumb","itemListElement":[{"@type":"ListItem","position":1,"name":"Startseite","item":"https:\/\/www.der-mopedladen.de\/"},{"@type":"ListItem","position":2,"name":"KYMCO MXU 550i ABS T3b . . . . . . . 8499 \u20ac"}]},{"@type":"WebSite","@id":"https:\/\/www.der-mopedladen.de\/#website","url":"https:\/\/www.der-mopedladen.de\/","name":"","description":"","publisher":{"@id":"https:\/\/www.der-mopedladen.de\/#organization"},"potentialAction":[{"@type":"SearchAction","target":{"@type":"EntryPoint","urlTemplate":"https:\/\/www.der-mopedladen.de\/?s={search_term_string}"},"query-input":{"@type":"PropertyValueSpecification","valueRequired":true,"valueName":"search_term_string"}}],"inLanguage":"de"},{"@type":"Organization","@id":"https:\/\/www.der-mopedladen.de\/#organization","name":"Der Mopedladen OHG","url":"https:\/\/www.der-mopedladen.de\/","logo":{"@type":"ImageObject","inLanguage":"de","@id":"https:\/\/www.der-mopedladen.de\/#\/schema\/logo\/image\/","url":"https:\/\/www.der-mopedladen.de\/wp-content\/uploads\/2021\/04\/Logo-DerMopedladen_ZW_CMYK-50x36mm.jpg","contentUrl":"https:\/\/www.der-mopedladen.de\/wp-content\/uploads\/2021\/04\/Logo-DerMopedladen_ZW_CMYK-50x36mm.jpg","width":602,"height":437,"caption":"Der Mopedladen OHG"},"image":{"@id":"https:\/\/www.der-mopedladen.de\/#\/schema\/logo\/image\/"}},{"@type":"Person","@id":"https:\/\/www.der-mopedladen.de\/#\/schema\/person\/4d0c0c9ed7d36464398049539cfdc1c0","name":"Carsten Maluche","image":{"@type":"ImageObject","inLanguage":"de","@id":"https:\/\/www.der-mopedladen.de\/#\/schema\/person\/image\/","url":"https:\/\/secure.gravatar.com\/avatar\/a535b4a133389f55485f0a633a5968f3d69e644503b1fed0e6aa81083975d04a?s=96&d=mm&r=g","contentUrl":"https:\/\/secure.gravatar.com\/avatar\/a535b4a133389f55485f0a633a5968f3d69e644503b1fed0e6aa81083975d04a?s=96&d=mm&r=g","caption":"Carsten Maluche"}}]}},"_links":{"self":[{"href":"https:\/\/www.der-mopedladen.de\/index.php?rest_route=\/wp\/v2\/posts\/8390","targetHints":{"allow":["GET"]}}],"collection":[{"href":"https:\/\/www.der-mopedladen.de\/index.php?rest_route=\/wp\/v2\/posts"}],"about":[{"href":"https:\/\/www.der-mopedladen.de\/index.php?rest_route=\/wp\/v2\/types\/post"}],"author":[{"embeddable":true,"href":"https:\/\/www.der-mopedladen.de\/index.php?rest_route=\/wp\/v2\/users\/2"}],"replies":[{"embeddable":true,"href":"https:\/\/www.der-mopedladen.de\/index.php?rest_route=%2Fwp%2Fv2%2Fcomments&post=8390"}],"version-history":[{"count":0,"href":"https:\/\/www.der-mopedladen.de\/index.php?rest_route=\/wp\/v2\/posts\/8390\/revisions"}],"wp:featuredmedia":[{"embeddable":true,"href":"https:\/\/www.der-mopedladen.de\/index.php?rest_route=\/wp\/v2\/media\/8596"}],"wp:attachment":[{"href":"https:\/\/www.der-mopedladen.de\/index.php?rest_route=%2Fwp%2Fv2%2Fmedia&parent=8390"}],"wp:term":[{"taxonomy":"category","embeddable":true,"href":"https:\/\/www.der-mopedladen.de\/index.php?rest_route=%2Fwp%2Fv2%2Fcategories&post=8390"},{"taxonomy":"post_tag","embeddable":true,"href":"https:\/\/www.der-mopedladen.de\/index.php?rest_route=%2Fwp%2Fv2%2Ftags&post=8390"}],"curies":[{"name":"wp","href":"https:\/\/api.w.org\/{rel}","templated":true}]}}