{"id":6944,"date":"2019-05-13T14:34:00","date_gmt":"2019-05-13T12:34:00","guid":{"rendered":"http:\/\/www.der-mopedladen.de\/?p=6944"},"modified":"2019-05-13T14:35:42","modified_gmt":"2019-05-13T12:35:42","slug":"kymco-aktionen","status":"publish","type":"post","link":"https:\/\/www.der-mopedladen.de\/?p=6944","title":{"rendered":"KYMCO Aktionen"},"content":{"rendered":"<p>Dieses Jahr gibts von Kymco 5 tolle Aktionen zum 25j\u00e4hrigen Jubil\u00e4um in Deutschland:<\/p>\n<ul>\n<li>0% Finanzierung f\u00fcr den Kymco AK550<strong> <a href=\"http:\/\/www.der-mopedladen.de\/?p=2112\">Direkt zur Aktion<\/a><\/strong><\/li>\n<li>500 \u20ac Rabatt auf den Xciting 400i ABS<strong>\u00a0<a href=\"http:\/\/www.der-mopedladen.de\/?p=4\">Direkt zur Aktion<\/a><\/strong><\/li>\n<li>Benzin f\u00fcr 2800km geschenkt (im Gegenwert von 125 \u20ac) beim Kauf eines New People S 125\/150\u00a0<strong><a href=\"http:\/\/www.der-mopedladen.de\/?p=4703\">Direkt zur Aktion<\/a><\/strong><\/li>\n<li>Helm gratis beim Kauf eines Like II 50i\u00a0<strong><a href=\"http:\/\/www.der-mopedladen.de\/?p=3109\">Direkt zur Aktion<\/a><\/strong><\/li>\n<li>umfangreiches Zubeh\u00f6rpaket zum Kymco Maxxer 300\u00a0<strong><a href=\"http:\/\/www.der-mopedladen.de\/?p=1101\">Direkt zur Aktion<\/a><\/strong><\/li>\n<\/ul>\n<p>&nbsp;<\/p>\n\n","protected":false},"excerpt":{"rendered":"<p>Dieses Jahr gibts von Kymco 5 tolle Aktionen zum 25j\u00e4hrigen Jubil\u00e4um in Deutschland: 0% Finanzierung f\u00fcr den Kymco AK550 Direkt zur Aktion 500 \u20ac Rabatt\u2026<\/p>\n<p class=\"continue-reading-button\"> <a class=\"continue-reading-link\" href=\"https:\/\/www.der-mopedladen.de\/?p=6944\">Mehr Informationen<i class=\"crycon-right-dir\"><\/i><\/a><\/p>\n","protected":false},"author":2,"featured_media":6911,"comment_status":"closed","ping_status":"closed","sticky":false,"template":"","format":"standard","meta":{"footnotes":""},"categories":[16],"tags":[9],"class_list":["post-6944","post","type-post","status-publish","format-standard","has-post-thumbnail","hentry","category-fahrzeuge","tag-kymco"],"yoast_head":"<!-- This site is optimized with the Yoast SEO plugin v25.7 - https:\/\/yoast.com\/wordpress\/plugins\/seo\/ -->\n<title>KYMCO Aktionen -<\/title>\n<meta name=\"robots\" content=\"index, follow, max-snippet:-1, max-image-preview:large, max-video-preview:-1\" \/>\n<link rel=\"canonical\" href=\"https:\/\/www.der-mopedladen.de\/?p=6944\" \/>\n<meta property=\"og:locale\" content=\"de_DE\" \/>\n<meta property=\"og:type\" content=\"article\" \/>\n<meta property=\"og:title\" content=\"KYMCO Aktionen -\" \/>\n<meta property=\"og:description\" content=\"Dieses Jahr gibts von Kymco 5 tolle Aktionen zum 25j\u00e4hrigen Jubil\u00e4um in Deutschland: 0% Finanzierung f\u00fcr den Kymco AK550 Direkt zur Aktion 500 \u20ac Rabatt\u2026 Mehr Informationen\" \/>\n<meta property=\"og:url\" content=\"https:\/\/www.der-mopedladen.de\/?p=6944\" \/>\n<meta property=\"article:published_time\" content=\"2019-05-13T12:34:00+00:00\" \/>\n<meta property=\"article:modified_time\" content=\"2019-05-13T12:35:42+00:00\" \/>\n<meta property=\"og:image\" content=\"https:\/\/www.der-mopedladen.de\/wp-content\/uploads\/2019\/05\/csm_Fahrzeugflotte_gesamt_1b15608ef7.jpg\" \/>\n\t<meta property=\"og:image:width\" content=\"1597\" \/>\n\t<meta property=\"og:image:height\" content=\"955\" \/>\n\t<meta property=\"og:image:type\" content=\"image\/jpeg\" \/>\n<meta name=\"author\" content=\"Carsten Maluche\" \/>\n<meta name=\"twitter:card\" content=\"summary_large_image\" \/>\n<meta name=\"twitter:label1\" content=\"Verfasst von\" \/>\n\t<meta name=\"twitter:data1\" content=\"Carsten Maluche\" \/>\n<script type=\"application\/ld+json\" class=\"yoast-schema-graph\">{\"@context\":\"https:\/\/schema.org\",\"@graph\":[{\"@type\":\"Article\",\"@id\":\"https:\/\/www.der-mopedladen.de\/?p=6944#article\",\"isPartOf\":{\"@id\":\"https:\/\/www.der-mopedladen.de\/?p=6944\"},\"author\":{\"name\":\"Carsten Maluche\",\"@id\":\"https:\/\/www.der-mopedladen.de\/#\/schema\/person\/4d0c0c9ed7d36464398049539cfdc1c0\"},\"headline\":\"KYMCO Aktionen\",\"datePublished\":\"2019-05-13T12:34:00+00:00\",\"dateModified\":\"2019-05-13T12:35:42+00:00\",\"mainEntityOfPage\":{\"@id\":\"https:\/\/www.der-mopedladen.de\/?p=6944\"},\"wordCount\":74,\"publisher\":{\"@id\":\"https:\/\/www.der-mopedladen.de\/#organization\"},\"image\":{\"@id\":\"https:\/\/www.der-mopedladen.de\/?p=6944#primaryimage\"},\"thumbnailUrl\":\"https:\/\/www.der-mopedladen.de\/wp-content\/uploads\/2019\/05\/csm_Fahrzeugflotte_gesamt_1b15608ef7.jpg\",\"keywords\":[\"Kymco\"],\"articleSection\":[\"Fahrzeuge\"],\"inLanguage\":\"de\"},{\"@type\":\"WebPage\",\"@id\":\"https:\/\/www.der-mopedladen.de\/?p=6944\",\"url\":\"https:\/\/www.der-mopedladen.de\/?p=6944\",\"name\":\"KYMCO Aktionen -\",\"isPartOf\":{\"@id\":\"https:\/\/www.der-mopedladen.de\/#website\"},\"primaryImageOfPage\":{\"@id\":\"https:\/\/www.der-mopedladen.de\/?p=6944#primaryimage\"},\"image\":{\"@id\":\"https:\/\/www.der-mopedladen.de\/?p=6944#primaryimage\"},\"thumbnailUrl\":\"https:\/\/www.der-mopedladen.de\/wp-content\/uploads\/2019\/05\/csm_Fahrzeugflotte_gesamt_1b15608ef7.jpg\",\"datePublished\":\"2019-05-13T12:34:00+00:00\",\"dateModified\":\"2019-05-13T12:35:42+00:00\",\"breadcrumb\":{\"@id\":\"https:\/\/www.der-mopedladen.de\/?p=6944#breadcrumb\"},\"inLanguage\":\"de\",\"potentialAction\":[{\"@type\":\"ReadAction\",\"target\":[\"https:\/\/www.der-mopedladen.de\/?p=6944\"]}]},{\"@type\":\"ImageObject\",\"inLanguage\":\"de\",\"@id\":\"https:\/\/www.der-mopedladen.de\/?p=6944#primaryimage\",\"url\":\"https:\/\/www.der-mopedladen.de\/wp-content\/uploads\/2019\/05\/csm_Fahrzeugflotte_gesamt_1b15608ef7.jpg\",\"contentUrl\":\"https:\/\/www.der-mopedladen.de\/wp-content\/uploads\/2019\/05\/csm_Fahrzeugflotte_gesamt_1b15608ef7.jpg\",\"width\":1597,\"height\":955},{\"@type\":\"BreadcrumbList\",\"@id\":\"https:\/\/www.der-mopedladen.de\/?p=6944#breadcrumb\",\"itemListElement\":[{\"@type\":\"ListItem\",\"position\":1,\"name\":\"Startseite\",\"item\":\"https:\/\/www.der-mopedladen.de\/\"},{\"@type\":\"ListItem\",\"position\":2,\"name\":\"KYMCO Aktionen\"}]},{\"@type\":\"WebSite\",\"@id\":\"https:\/\/www.der-mopedladen.de\/#website\",\"url\":\"https:\/\/www.der-mopedladen.de\/\",\"name\":\"\",\"description\":\"\",\"publisher\":{\"@id\":\"https:\/\/www.der-mopedladen.de\/#organization\"},\"potentialAction\":[{\"@type\":\"SearchAction\",\"target\":{\"@type\":\"EntryPoint\",\"urlTemplate\":\"https:\/\/www.der-mopedladen.de\/?s={search_term_string}\"},\"query-input\":{\"@type\":\"PropertyValueSpecification\",\"valueRequired\":true,\"valueName\":\"search_term_string\"}}],\"inLanguage\":\"de\"},{\"@type\":\"Organization\",\"@id\":\"https:\/\/www.der-mopedladen.de\/#organization\",\"name\":\"Der Mopedladen OHG\",\"url\":\"https:\/\/www.der-mopedladen.de\/\",\"logo\":{\"@type\":\"ImageObject\",\"inLanguage\":\"de\",\"@id\":\"https:\/\/www.der-mopedladen.de\/#\/schema\/logo\/image\/\",\"url\":\"https:\/\/www.der-mopedladen.de\/wp-content\/uploads\/2021\/04\/Logo-DerMopedladen_ZW_CMYK-50x36mm.jpg\",\"contentUrl\":\"https:\/\/www.der-mopedladen.de\/wp-content\/uploads\/2021\/04\/Logo-DerMopedladen_ZW_CMYK-50x36mm.jpg\",\"width\":602,\"height\":437,\"caption\":\"Der Mopedladen OHG\"},\"image\":{\"@id\":\"https:\/\/www.der-mopedladen.de\/#\/schema\/logo\/image\/\"}},{\"@type\":\"Person\",\"@id\":\"https:\/\/www.der-mopedladen.de\/#\/schema\/person\/4d0c0c9ed7d36464398049539cfdc1c0\",\"name\":\"Carsten Maluche\",\"image\":{\"@type\":\"ImageObject\",\"inLanguage\":\"de\",\"@id\":\"https:\/\/www.der-mopedladen.de\/#\/schema\/person\/image\/\",\"url\":\"https:\/\/secure.gravatar.com\/avatar\/a535b4a133389f55485f0a633a5968f3d69e644503b1fed0e6aa81083975d04a?s=96&d=mm&r=g\",\"contentUrl\":\"https:\/\/secure.gravatar.com\/avatar\/a535b4a133389f55485f0a633a5968f3d69e644503b1fed0e6aa81083975d04a?s=96&d=mm&r=g\",\"caption\":\"Carsten Maluche\"}}]}<\/script>\n<!-- \/ Yoast SEO plugin. -->","yoast_head_json":{"title":"KYMCO Aktionen -","robots":{"index":"index","follow":"follow","max-snippet":"max-snippet:-1","max-image-preview":"max-image-preview:large","max-video-preview":"max-video-preview:-1"},"canonical":"https:\/\/www.der-mopedladen.de\/?p=6944","og_locale":"de_DE","og_type":"article","og_title":"KYMCO Aktionen -","og_description":"Dieses Jahr gibts von Kymco 5 tolle Aktionen zum 25j\u00e4hrigen Jubil\u00e4um in Deutschland: 0% Finanzierung f\u00fcr den Kymco AK550 Direkt zur Aktion 500 \u20ac Rabatt\u2026 Mehr Informationen","og_url":"https:\/\/www.der-mopedladen.de\/?p=6944","article_published_time":"2019-05-13T12:34:00+00:00","article_modified_time":"2019-05-13T12:35:42+00:00","og_image":[{"width":1597,"height":955,"url":"https:\/\/www.der-mopedladen.de\/wp-content\/uploads\/2019\/05\/csm_Fahrzeugflotte_gesamt_1b15608ef7.jpg","type":"image\/jpeg"}],"author":"Carsten Maluche","twitter_card":"summary_large_image","twitter_misc":{"Verfasst von":"Carsten Maluche"},"schema":{"@context":"https:\/\/schema.org","@graph":[{"@type":"Article","@id":"https:\/\/www.der-mopedladen.de\/?p=6944#article","isPartOf":{"@id":"https:\/\/www.der-mopedladen.de\/?p=6944"},"author":{"name":"Carsten Maluche","@id":"https:\/\/www.der-mopedladen.de\/#\/schema\/person\/4d0c0c9ed7d36464398049539cfdc1c0"},"headline":"KYMCO Aktionen","datePublished":"2019-05-13T12:34:00+00:00","dateModified":"2019-05-13T12:35:42+00:00","mainEntityOfPage":{"@id":"https:\/\/www.der-mopedladen.de\/?p=6944"},"wordCount":74,"publisher":{"@id":"https:\/\/www.der-mopedladen.de\/#organization"},"image":{"@id":"https:\/\/www.der-mopedladen.de\/?p=6944#primaryimage"},"thumbnailUrl":"https:\/\/www.der-mopedladen.de\/wp-content\/uploads\/2019\/05\/csm_Fahrzeugflotte_gesamt_1b15608ef7.jpg","keywords":["Kymco"],"articleSection":["Fahrzeuge"],"inLanguage":"de"},{"@type":"WebPage","@id":"https:\/\/www.der-mopedladen.de\/?p=6944","url":"https:\/\/www.der-mopedladen.de\/?p=6944","name":"KYMCO Aktionen -","isPartOf":{"@id":"https:\/\/www.der-mopedladen.de\/#website"},"primaryImageOfPage":{"@id":"https:\/\/www.der-mopedladen.de\/?p=6944#primaryimage"},"image":{"@id":"https:\/\/www.der-mopedladen.de\/?p=6944#primaryimage"},"thumbnailUrl":"https:\/\/www.der-mopedladen.de\/wp-content\/uploads\/2019\/05\/csm_Fahrzeugflotte_gesamt_1b15608ef7.jpg","datePublished":"2019-05-13T12:34:00+00:00","dateModified":"2019-05-13T12:35:42+00:00","breadcrumb":{"@id":"https:\/\/www.der-mopedladen.de\/?p=6944#breadcrumb"},"inLanguage":"de","potentialAction":[{"@type":"ReadAction","target":["https:\/\/www.der-mopedladen.de\/?p=6944"]}]},{"@type":"ImageObject","inLanguage":"de","@id":"https:\/\/www.der-mopedladen.de\/?p=6944#primaryimage","url":"https:\/\/www.der-mopedladen.de\/wp-content\/uploads\/2019\/05\/csm_Fahrzeugflotte_gesamt_1b15608ef7.jpg","contentUrl":"https:\/\/www.der-mopedladen.de\/wp-content\/uploads\/2019\/05\/csm_Fahrzeugflotte_gesamt_1b15608ef7.jpg","width":1597,"height":955},{"@type":"BreadcrumbList","@id":"https:\/\/www.der-mopedladen.de\/?p=6944#breadcrumb","itemListElement":[{"@type":"ListItem","position":1,"name":"Startseite","item":"https:\/\/www.der-mopedladen.de\/"},{"@type":"ListItem","position":2,"name":"KYMCO Aktionen"}]},{"@type":"WebSite","@id":"https:\/\/www.der-mopedladen.de\/#website","url":"https:\/\/www.der-mopedladen.de\/","name":"","description":"","publisher":{"@id":"https:\/\/www.der-mopedladen.de\/#organization"},"potentialAction":[{"@type":"SearchAction","target":{"@type":"EntryPoint","urlTemplate":"https:\/\/www.der-mopedladen.de\/?s={search_term_string}"},"query-input":{"@type":"PropertyValueSpecification","valueRequired":true,"valueName":"search_term_string"}}],"inLanguage":"de"},{"@type":"Organization","@id":"https:\/\/www.der-mopedladen.de\/#organization","name":"Der Mopedladen OHG","url":"https:\/\/www.der-mopedladen.de\/","logo":{"@type":"ImageObject","inLanguage":"de","@id":"https:\/\/www.der-mopedladen.de\/#\/schema\/logo\/image\/","url":"https:\/\/www.der-mopedladen.de\/wp-content\/uploads\/2021\/04\/Logo-DerMopedladen_ZW_CMYK-50x36mm.jpg","contentUrl":"https:\/\/www.der-mopedladen.de\/wp-content\/uploads\/2021\/04\/Logo-DerMopedladen_ZW_CMYK-50x36mm.jpg","width":602,"height":437,"caption":"Der Mopedladen OHG"},"image":{"@id":"https:\/\/www.der-mopedladen.de\/#\/schema\/logo\/image\/"}},{"@type":"Person","@id":"https:\/\/www.der-mopedladen.de\/#\/schema\/person\/4d0c0c9ed7d36464398049539cfdc1c0","name":"Carsten Maluche","image":{"@type":"ImageObject","inLanguage":"de","@id":"https:\/\/www.der-mopedladen.de\/#\/schema\/person\/image\/","url":"https:\/\/secure.gravatar.com\/avatar\/a535b4a133389f55485f0a633a5968f3d69e644503b1fed0e6aa81083975d04a?s=96&d=mm&r=g","contentUrl":"https:\/\/secure.gravatar.com\/avatar\/a535b4a133389f55485f0a633a5968f3d69e644503b1fed0e6aa81083975d04a?s=96&d=mm&r=g","caption":"Carsten Maluche"}}]}},"_links":{"self":[{"href":"https:\/\/www.der-mopedladen.de\/index.php?rest_route=\/wp\/v2\/posts\/6944","targetHints":{"allow":["GET"]}}],"collection":[{"href":"https:\/\/www.der-mopedladen.de\/index.php?rest_route=\/wp\/v2\/posts"}],"about":[{"href":"https:\/\/www.der-mopedladen.de\/index.php?rest_route=\/wp\/v2\/types\/post"}],"author":[{"embeddable":true,"href":"https:\/\/www.der-mopedladen.de\/index.php?rest_route=\/wp\/v2\/users\/2"}],"replies":[{"embeddable":true,"href":"https:\/\/www.der-mopedladen.de\/index.php?rest_route=%2Fwp%2Fv2%2Fcomments&post=6944"}],"version-history":[{"count":0,"href":"https:\/\/www.der-mopedladen.de\/index.php?rest_route=\/wp\/v2\/posts\/6944\/revisions"}],"wp:featuredmedia":[{"embeddable":true,"href":"https:\/\/www.der-mopedladen.de\/index.php?rest_route=\/wp\/v2\/media\/6911"}],"wp:attachment":[{"href":"https:\/\/www.der-mopedladen.de\/index.php?rest_route=%2Fwp%2Fv2%2Fmedia&parent=6944"}],"wp:term":[{"taxonomy":"category","embeddable":true,"href":"https:\/\/www.der-mopedladen.de\/index.php?rest_route=%2Fwp%2Fv2%2Fcategories&post=6944"},{"taxonomy":"post_tag","embeddable":true,"href":"https:\/\/www.der-mopedladen.de\/index.php?rest_route=%2Fwp%2Fv2%2Ftags&post=6944"}],"curies":[{"name":"wp","href":"https:\/\/api.w.org\/{rel}","templated":true}]}}