{"id":3076,"date":"2024-05-08T11:32:18","date_gmt":"2024-05-08T09:32:18","guid":{"rendered":"http:\/\/www.der-mopedladen.de\/?p=3076"},"modified":"2025-09-15T15:07:53","modified_gmt":"2025-09-15T13:07:53","slug":"mitarbeiter-gesucht","status":"publish","type":"post","link":"https:\/\/www.der-mopedladen.de\/?p=3076","title":{"rendered":"Wir stellen ein!"},"content":{"rendered":"<p dir=\"ltr\">Wir suchen immer einen motivierten Zweiradmechaniker m\/w\/d, mit abgeschlossener Berufsausbildung, der eigenst\u00e4ndig arbeitet und zu selbst\u00e4ndiger Fehleranalyse in der Lage ist.<\/p>\n<p dir=\"ltr\">Du suchst ein neues Arbeitsfeld mit Weiterbildungsm\u00f6glichkeiten?<\/p>\n<p dir=\"ltr\">Ob Vollzeit oder Teilzeit &#8211; vieles ist m\u00f6glich!<\/p>\n<p dir=\"ltr\">Wir sind ein familiengef\u00fchrtes Unternehmen und vertreiben die Motorradmarken CFMOTO, Benda,\u00a0 Benelli und Keeway sowie Vespa, Kymco, Piaggio und Aprilia Motorroller. An Fahrzeugen der genannten Marken wird bei uns haupts\u00e4chlich gearbeitet. Wir nutzen hierzu modernste Diagnosetechnik in unserer voll ausgestatteten Werkstatt.<\/p>\n<p dir=\"ltr\">Wir bieten:<\/p>\n<ul>\n<li value=\"1\">ein famili\u00e4res Arbeitsklima mit angemessener Bezahlung, sowie markenspezifische Weiterbildungsm\u00f6glichkeiten.<\/li>\n<li value=\"2\">Private Nutzung der Werkstatt f\u00fcr deine eigenen Fahrzeuge<\/li>\n<li value=\"3\">durchgehende Besch\u00e4ftigung auch im Herbst und Winter<\/li>\n<li value=\"4\">Mitarbeiterrabatte beim Kauf von Ersatzteilen und Zubeh\u00f6r<\/li>\n<li value=\"5\">freie Getr\u00e4nke w\u00e4hrend der Arbeitszeit<\/li>\n<li value=\"6\">private Tests unserer Vorf\u00fchrfahrzeuge<\/li>\n<\/ul>\n<p dir=\"ltr\">Ein Motorradf\u00fchrerschein (A) ist eigentlich Voraussetzung. Sollte KEIN Motorradf\u00fchrerschein vorhanden sein, l\u00e4sst sich daf\u00fcr auch eine L\u00f6sung finden!<\/p>\n<h4>\u00a0___________________________________________________________________<\/h4>\n<h4>Bewerbungen bitte schriftlich oder per Mail an werkstatt@mopedladen.de mit vollst\u00e4ndigen Unterlagen!<\/h4>\n","protected":false},"excerpt":{"rendered":"<p>Wir suchen immer einen motivierten Zweiradmechaniker m\/w\/d, mit abgeschlossener Berufsausbildung, der eigenst\u00e4ndig arbeitet und zu selbst\u00e4ndiger Fehleranalyse in der Lage ist. Du suchst ein neues\u2026<\/p>\n<p class=\"continue-reading-button\"> <a class=\"continue-reading-link\" href=\"https:\/\/www.der-mopedladen.de\/?p=3076\">Mehr Informationen<i class=\"crycon-right-dir\"><\/i><\/a><\/p>\n","protected":false},"author":2,"featured_media":0,"comment_status":"closed","ping_status":"closed","sticky":true,"template":"","format":"standard","meta":{"footnotes":""},"categories":[1],"tags":[],"class_list":["post-3076","post","type-post","status-publish","format-standard","hentry","category-start"],"yoast_head":"<!-- This site is optimized with the Yoast SEO plugin v25.7 - https:\/\/yoast.com\/wordpress\/plugins\/seo\/ -->\n<title>Wir stellen ein! -<\/title>\n<meta name=\"robots\" content=\"index, follow, max-snippet:-1, max-image-preview:large, max-video-preview:-1\" \/>\n<link rel=\"canonical\" href=\"https:\/\/www.der-mopedladen.de\/?p=3076\" \/>\n<meta property=\"og:locale\" content=\"de_DE\" \/>\n<meta property=\"og:type\" content=\"article\" \/>\n<meta property=\"og:title\" content=\"Wir stellen ein! -\" \/>\n<meta property=\"og:description\" content=\"Wir suchen immer einen motivierten Zweiradmechaniker m\/w\/d, mit abgeschlossener Berufsausbildung, der eigenst\u00e4ndig arbeitet und zu selbst\u00e4ndiger Fehleranalyse in der Lage ist. Du suchst ein neues\u2026 Mehr Informationen\" \/>\n<meta property=\"og:url\" content=\"https:\/\/www.der-mopedladen.de\/?p=3076\" \/>\n<meta property=\"article:published_time\" content=\"2024-05-08T09:32:18+00:00\" \/>\n<meta property=\"article:modified_time\" content=\"2025-09-15T13:07:53+00:00\" \/>\n<meta name=\"author\" content=\"Carsten Maluche\" \/>\n<meta name=\"twitter:card\" content=\"summary_large_image\" \/>\n<meta name=\"twitter:label1\" content=\"Verfasst von\" \/>\n\t<meta name=\"twitter:data1\" content=\"Carsten Maluche\" \/>\n\t<meta name=\"twitter:label2\" content=\"Gesch\u00e4tzte Lesezeit\" \/>\n\t<meta name=\"twitter:data2\" content=\"1\u00a0Minute\" \/>\n<script type=\"application\/ld+json\" class=\"yoast-schema-graph\">{\"@context\":\"https:\/\/schema.org\",\"@graph\":[{\"@type\":\"Article\",\"@id\":\"https:\/\/www.der-mopedladen.de\/?p=3076#article\",\"isPartOf\":{\"@id\":\"https:\/\/www.der-mopedladen.de\/?p=3076\"},\"author\":{\"name\":\"Carsten Maluche\",\"@id\":\"https:\/\/www.der-mopedladen.de\/#\/schema\/person\/4d0c0c9ed7d36464398049539cfdc1c0\"},\"headline\":\"Wir stellen ein!\",\"datePublished\":\"2024-05-08T09:32:18+00:00\",\"dateModified\":\"2025-09-15T13:07:53+00:00\",\"mainEntityOfPage\":{\"@id\":\"https:\/\/www.der-mopedladen.de\/?p=3076\"},\"wordCount\":175,\"publisher\":{\"@id\":\"https:\/\/www.der-mopedladen.de\/#organization\"},\"articleSection\":[\"Start\"],\"inLanguage\":\"de\"},{\"@type\":\"WebPage\",\"@id\":\"https:\/\/www.der-mopedladen.de\/?p=3076\",\"url\":\"https:\/\/www.der-mopedladen.de\/?p=3076\",\"name\":\"Wir stellen ein! -\",\"isPartOf\":{\"@id\":\"https:\/\/www.der-mopedladen.de\/#website\"},\"datePublished\":\"2024-05-08T09:32:18+00:00\",\"dateModified\":\"2025-09-15T13:07:53+00:00\",\"breadcrumb\":{\"@id\":\"https:\/\/www.der-mopedladen.de\/?p=3076#breadcrumb\"},\"inLanguage\":\"de\",\"potentialAction\":[{\"@type\":\"ReadAction\",\"target\":[\"https:\/\/www.der-mopedladen.de\/?p=3076\"]}]},{\"@type\":\"BreadcrumbList\",\"@id\":\"https:\/\/www.der-mopedladen.de\/?p=3076#breadcrumb\",\"itemListElement\":[{\"@type\":\"ListItem\",\"position\":1,\"name\":\"Startseite\",\"item\":\"https:\/\/www.der-mopedladen.de\/\"},{\"@type\":\"ListItem\",\"position\":2,\"name\":\"Wir stellen ein!\"}]},{\"@type\":\"WebSite\",\"@id\":\"https:\/\/www.der-mopedladen.de\/#website\",\"url\":\"https:\/\/www.der-mopedladen.de\/\",\"name\":\"\",\"description\":\"\",\"publisher\":{\"@id\":\"https:\/\/www.der-mopedladen.de\/#organization\"},\"potentialAction\":[{\"@type\":\"SearchAction\",\"target\":{\"@type\":\"EntryPoint\",\"urlTemplate\":\"https:\/\/www.der-mopedladen.de\/?s={search_term_string}\"},\"query-input\":{\"@type\":\"PropertyValueSpecification\",\"valueRequired\":true,\"valueName\":\"search_term_string\"}}],\"inLanguage\":\"de\"},{\"@type\":\"Organization\",\"@id\":\"https:\/\/www.der-mopedladen.de\/#organization\",\"name\":\"Der Mopedladen OHG\",\"url\":\"https:\/\/www.der-mopedladen.de\/\",\"logo\":{\"@type\":\"ImageObject\",\"inLanguage\":\"de\",\"@id\":\"https:\/\/www.der-mopedladen.de\/#\/schema\/logo\/image\/\",\"url\":\"https:\/\/www.der-mopedladen.de\/wp-content\/uploads\/2021\/04\/Logo-DerMopedladen_ZW_CMYK-50x36mm.jpg\",\"contentUrl\":\"https:\/\/www.der-mopedladen.de\/wp-content\/uploads\/2021\/04\/Logo-DerMopedladen_ZW_CMYK-50x36mm.jpg\",\"width\":602,\"height\":437,\"caption\":\"Der Mopedladen OHG\"},\"image\":{\"@id\":\"https:\/\/www.der-mopedladen.de\/#\/schema\/logo\/image\/\"}},{\"@type\":\"Person\",\"@id\":\"https:\/\/www.der-mopedladen.de\/#\/schema\/person\/4d0c0c9ed7d36464398049539cfdc1c0\",\"name\":\"Carsten Maluche\",\"image\":{\"@type\":\"ImageObject\",\"inLanguage\":\"de\",\"@id\":\"https:\/\/www.der-mopedladen.de\/#\/schema\/person\/image\/\",\"url\":\"https:\/\/secure.gravatar.com\/avatar\/a535b4a133389f55485f0a633a5968f3d69e644503b1fed0e6aa81083975d04a?s=96&d=mm&r=g\",\"contentUrl\":\"https:\/\/secure.gravatar.com\/avatar\/a535b4a133389f55485f0a633a5968f3d69e644503b1fed0e6aa81083975d04a?s=96&d=mm&r=g\",\"caption\":\"Carsten Maluche\"}}]}<\/script>\n<!-- \/ Yoast SEO plugin. -->","yoast_head_json":{"title":"Wir stellen ein! -","robots":{"index":"index","follow":"follow","max-snippet":"max-snippet:-1","max-image-preview":"max-image-preview:large","max-video-preview":"max-video-preview:-1"},"canonical":"https:\/\/www.der-mopedladen.de\/?p=3076","og_locale":"de_DE","og_type":"article","og_title":"Wir stellen ein! -","og_description":"Wir suchen immer einen motivierten Zweiradmechaniker m\/w\/d, mit abgeschlossener Berufsausbildung, der eigenst\u00e4ndig arbeitet und zu selbst\u00e4ndiger Fehleranalyse in der Lage ist. Du suchst ein neues\u2026 Mehr Informationen","og_url":"https:\/\/www.der-mopedladen.de\/?p=3076","article_published_time":"2024-05-08T09:32:18+00:00","article_modified_time":"2025-09-15T13:07:53+00:00","author":"Carsten Maluche","twitter_card":"summary_large_image","twitter_misc":{"Verfasst von":"Carsten Maluche","Gesch\u00e4tzte Lesezeit":"1\u00a0Minute"},"schema":{"@context":"https:\/\/schema.org","@graph":[{"@type":"Article","@id":"https:\/\/www.der-mopedladen.de\/?p=3076#article","isPartOf":{"@id":"https:\/\/www.der-mopedladen.de\/?p=3076"},"author":{"name":"Carsten Maluche","@id":"https:\/\/www.der-mopedladen.de\/#\/schema\/person\/4d0c0c9ed7d36464398049539cfdc1c0"},"headline":"Wir stellen ein!","datePublished":"2024-05-08T09:32:18+00:00","dateModified":"2025-09-15T13:07:53+00:00","mainEntityOfPage":{"@id":"https:\/\/www.der-mopedladen.de\/?p=3076"},"wordCount":175,"publisher":{"@id":"https:\/\/www.der-mopedladen.de\/#organization"},"articleSection":["Start"],"inLanguage":"de"},{"@type":"WebPage","@id":"https:\/\/www.der-mopedladen.de\/?p=3076","url":"https:\/\/www.der-mopedladen.de\/?p=3076","name":"Wir stellen ein! -","isPartOf":{"@id":"https:\/\/www.der-mopedladen.de\/#website"},"datePublished":"2024-05-08T09:32:18+00:00","dateModified":"2025-09-15T13:07:53+00:00","breadcrumb":{"@id":"https:\/\/www.der-mopedladen.de\/?p=3076#breadcrumb"},"inLanguage":"de","potentialAction":[{"@type":"ReadAction","target":["https:\/\/www.der-mopedladen.de\/?p=3076"]}]},{"@type":"BreadcrumbList","@id":"https:\/\/www.der-mopedladen.de\/?p=3076#breadcrumb","itemListElement":[{"@type":"ListItem","position":1,"name":"Startseite","item":"https:\/\/www.der-mopedladen.de\/"},{"@type":"ListItem","position":2,"name":"Wir stellen ein!"}]},{"@type":"WebSite","@id":"https:\/\/www.der-mopedladen.de\/#website","url":"https:\/\/www.der-mopedladen.de\/","name":"","description":"","publisher":{"@id":"https:\/\/www.der-mopedladen.de\/#organization"},"potentialAction":[{"@type":"SearchAction","target":{"@type":"EntryPoint","urlTemplate":"https:\/\/www.der-mopedladen.de\/?s={search_term_string}"},"query-input":{"@type":"PropertyValueSpecification","valueRequired":true,"valueName":"search_term_string"}}],"inLanguage":"de"},{"@type":"Organization","@id":"https:\/\/www.der-mopedladen.de\/#organization","name":"Der Mopedladen OHG","url":"https:\/\/www.der-mopedladen.de\/","logo":{"@type":"ImageObject","inLanguage":"de","@id":"https:\/\/www.der-mopedladen.de\/#\/schema\/logo\/image\/","url":"https:\/\/www.der-mopedladen.de\/wp-content\/uploads\/2021\/04\/Logo-DerMopedladen_ZW_CMYK-50x36mm.jpg","contentUrl":"https:\/\/www.der-mopedladen.de\/wp-content\/uploads\/2021\/04\/Logo-DerMopedladen_ZW_CMYK-50x36mm.jpg","width":602,"height":437,"caption":"Der Mopedladen OHG"},"image":{"@id":"https:\/\/www.der-mopedladen.de\/#\/schema\/logo\/image\/"}},{"@type":"Person","@id":"https:\/\/www.der-mopedladen.de\/#\/schema\/person\/4d0c0c9ed7d36464398049539cfdc1c0","name":"Carsten Maluche","image":{"@type":"ImageObject","inLanguage":"de","@id":"https:\/\/www.der-mopedladen.de\/#\/schema\/person\/image\/","url":"https:\/\/secure.gravatar.com\/avatar\/a535b4a133389f55485f0a633a5968f3d69e644503b1fed0e6aa81083975d04a?s=96&d=mm&r=g","contentUrl":"https:\/\/secure.gravatar.com\/avatar\/a535b4a133389f55485f0a633a5968f3d69e644503b1fed0e6aa81083975d04a?s=96&d=mm&r=g","caption":"Carsten Maluche"}}]}},"_links":{"self":[{"href":"https:\/\/www.der-mopedladen.de\/index.php?rest_route=\/wp\/v2\/posts\/3076","targetHints":{"allow":["GET"]}}],"collection":[{"href":"https:\/\/www.der-mopedladen.de\/index.php?rest_route=\/wp\/v2\/posts"}],"about":[{"href":"https:\/\/www.der-mopedladen.de\/index.php?rest_route=\/wp\/v2\/types\/post"}],"author":[{"embeddable":true,"href":"https:\/\/www.der-mopedladen.de\/index.php?rest_route=\/wp\/v2\/users\/2"}],"replies":[{"embeddable":true,"href":"https:\/\/www.der-mopedladen.de\/index.php?rest_route=%2Fwp%2Fv2%2Fcomments&post=3076"}],"version-history":[{"count":2,"href":"https:\/\/www.der-mopedladen.de\/index.php?rest_route=\/wp\/v2\/posts\/3076\/revisions"}],"predecessor-version":[{"id":22515,"href":"https:\/\/www.der-mopedladen.de\/index.php?rest_route=\/wp\/v2\/posts\/3076\/revisions\/22515"}],"wp:attachment":[{"href":"https:\/\/www.der-mopedladen.de\/index.php?rest_route=%2Fwp%2Fv2%2Fmedia&parent=3076"}],"wp:term":[{"taxonomy":"category","embeddable":true,"href":"https:\/\/www.der-mopedladen.de\/index.php?rest_route=%2Fwp%2Fv2%2Fcategories&post=3076"},{"taxonomy":"post_tag","embeddable":true,"href":"https:\/\/www.der-mopedladen.de\/index.php?rest_route=%2Fwp%2Fv2%2Ftags&post=3076"}],"curies":[{"name":"wp","href":"https:\/\/api.w.org\/{rel}","templated":true}]}}