{"id":2593,"date":"2024-10-19T12:22:46","date_gmt":"2024-10-19T10:22:46","guid":{"rendered":"http:\/\/www.der-mopedladen.de\/?p=2593"},"modified":"2025-05-21T10:38:09","modified_gmt":"2025-05-21T08:38:09","slug":"vespa-gts-super-125-2","status":"publish","type":"post","link":"https:\/\/www.der-mopedladen.de\/?p=2593","title":{"rendered":"Vespa GTS 125 . . . . . . . 5999 statt 6199 \u20ac"},"content":{"rendered":"<div id=\"c4020\" class=\"csc-default csc-space\">\n<div id=\"c4020\" class=\"csc-default csc-space\">\n<p><strong>Bei uns f\u00fcr 5999 statt 6199 \u20ac!<\/strong><\/p>\n<p>Ob Gro\u00dfstadtrevier oder Abenteuerreisen, mit der Vespa GTS kommen Sie stets sicher und entspannt an Ihr Ziel. Ergonomisch geformt, \u00fcberzeugt die bequeme Sitzbank Fahrer und Beifahrer mit einem H\u00f6chstma\u00df an Komfort. Praktisch der USB-Anschluss f\u00fcr das Smartphone im Handschuhfach und das ger\u00e4umige Ablagefach unter der Sitzbank.<\/p>\n<p>Extrem laufruhig, flott und kraftvoll l\u00e4sst der 125er- i-get-Motor in puncto Beschleunigung, Durchzug und Elastizit\u00e4t keine W\u00fcnsche offen. Mit Start-Stopp-Automatik ist er dazu im Stadtverkehr besonders sparsam und umweltfreundlich.<\/p>\n<ul>\n<li class=\"bodytext\">Start-Stopp-Automatik<\/li>\n<li>Sparsamer Viertaktmotor mit Einspritzung<\/li>\n<li>Komplette LED Beleuchtung<\/li>\n<li>ABS und ASR serienm\u00e4\u00dfig<\/li>\n<li>Keyless System<\/li>\n<li class=\"bodytext\">Klassisches Design<\/li>\n<\/ul>\n<\/div>\n<div id=\"c4020\" class=\"csc-default csc-space\">\n<ul>\n<li>\n<h4><strong>ACHTUNG: Alle aktuellen Farben und Modelle finden Sie auf der\u00a0<a href=\"https:\/\/www.vespa.com\/de_DE\" target=\"_blank\" rel=\"noopener\">VESPA-Homepage!<\/a><\/strong><\/h4>\n<\/li>\n<\/ul>\n<div id=\"c4026\" class=\"csc-default csc-space\">\n<div class=\"csc-header csc-header-n1\">\n<h3>Fahrzeugdetails<\/h3>\n<\/div>\n<table class=\"fahrzeugdaten\">\n<tbody>\n<tr>\n<td>F\u00fchrerschein<\/td>\n<td>A, A1, A2, B(196)<\/td>\n<\/tr>\n<tr>\n<td>Leistung<\/td>\n<td>10 kW \/ 14 PS<\/td>\n<\/tr>\n<tr>\n<td>Sitzh\u00f6he<\/td>\n<td>790 mm<\/td>\n<\/tr>\n<tr>\n<td>H\u00f6chstgeschwindigkeit<\/td>\n<td>98 km\/h<\/td>\n<\/tr>\n<tr>\n<td>Leer-\/Gesamtgewicht<\/td>\n<td>147 kg (fahrbereit) \/ 340 kg<\/td>\n<\/tr>\n<tr>\n<td>Farben<\/td>\n<td>Beige, Hellgr\u00fcn, Schwarz<\/td>\n<\/tr>\n<\/tbody>\n<\/table>\n<\/div>\n<div class=\"finanzierungsWrap\">\n<div id=\"c4019\" class=\"csc-default csc-space\">\n<div class=\"csc-header csc-header-n1\">\n<h3>Finanzierung<\/h3>\n<\/div>\n<table class=\"fahrzeugdaten\">\n<tbody>\n<tr>\n<td>Finanzierung \u00fcber Creditplus-Bank m\u00f6glich!<\/td>\n<td><\/td>\n<\/tr>\n<\/tbody>\n<\/table>\n<\/div>\n<\/div>\n<\/div>\n<\/div>\n<div id=\"envira-gallery-wrap-3283\" class=\"envira-gallery-wrap envira-gallery-theme-base envira-lightbox-theme-base\" itemscope itemtype=\"https:\/\/schema.org\/ImageGallery\"><div data-row-height=\"150\" data-gallery-theme=\"normal\" id=\"envira-gallery-3283\" class=\"envira-gallery-public envira-gallery-justified-public envira-gallery-0-columns envira-clear enviratope envira-gallery-css-animations\" data-envira-columns=\"0\"><div id=\"envira-gallery-item-14783\" class=\"envira-gallery-item enviratope-item envira-gallery-item-1\" style=\"padding-left: 5px; padding-bottom: 10px; padding-right: 5px;\"  itemscope itemtype=\"https:\/\/schema.org\/ImageObject\"><div class=\"envira-gallery-item-inner\"><div class=\"envira-gallery-position-overlay  envira-gallery-top-left\"><\/div><div class=\"envira-gallery-position-overlay  envira-gallery-top-right\"><\/div><div class=\"envira-gallery-position-overlay  envira-gallery-bottom-left\"><\/div><div class=\"envira-gallery-position-overlay  envira-gallery-bottom-right\"><\/div><a href=\"https:\/\/www.der-mopedladen.de\/wp-content\/uploads\/2023\/01\/GTS-Schwarz-2023-1.jpg\" class=\"envira-gallery-3283 envira-gallery-link\" rel=\"enviragallery3283\" title=\"GTS schwarz 1\" data-envira-caption=\"GTS schwarz 1\" data-envira-retina=\"\" data-thumbnail=\"\"  itemprop=\"contentUrl\"><img decoding=\"async\" id=\"envira-gallery-image-14783\" class=\"envira-gallery-image envira-gallery-image-1 envira-normal \" data-envira-index=\"1\" src=\"https:\/\/www.der-mopedladen.de\/wp-content\/uploads\/2023\/01\/GTS-Schwarz-2023-1-1024x768-640x480.jpg\" data-envira-src=\"https:\/\/www.der-mopedladen.de\/wp-content\/uploads\/2023\/01\/GTS-Schwarz-2023-1-1024x768-640x480.jpg\" data-envira-gallery-id=\"3283\" data-envira-item-id=\"14783\" data-envira-caption=\"GTS schwarz 1\" alt=\"\" title=\"GTS schwarz 1\"  itemprop=\"thumbnailUrl\" data-envira-srcset=\"https:\/\/www.der-mopedladen.de\/wp-content\/uploads\/2023\/01\/GTS-Schwarz-2023-1-1024x768-640x480.jpg 400w,https:\/\/www.der-mopedladen.de\/wp-content\/uploads\/2023\/01\/GTS-Schwarz-2023-1-1024x768-640x480.jpg 2x\" data-envira-width=\"300\" data-envira-height=\"225\" srcset=\"https:\/\/www.der-mopedladen.de\/wp-content\/uploads\/2023\/01\/GTS-Schwarz-2023-1-1280x960.jpg 2x\" data-safe-src=\"https:\/\/www.der-mopedladen.de\/wp-content\/uploads\/2023\/01\/GTS-Schwarz-2023-1-1024x768-640x480.jpg\" \/><\/a><\/div><\/div><div id=\"envira-gallery-item-19684\" class=\"envira-gallery-item enviratope-item envira-gallery-item-2\" style=\"padding-left: 5px; padding-bottom: 10px; padding-right: 5px;\"  itemscope itemtype=\"https:\/\/schema.org\/ImageObject\"><div class=\"envira-gallery-item-inner\"><div class=\"envira-gallery-position-overlay  envira-gallery-top-left\"><\/div><div class=\"envira-gallery-position-overlay  envira-gallery-top-right\"><\/div><div class=\"envira-gallery-position-overlay  envira-gallery-bottom-left\"><\/div><div class=\"envira-gallery-position-overlay  envira-gallery-bottom-right\"><\/div><a href=\"https:\/\/www.der-mopedladen.de\/wp-content\/uploads\/2024\/05\/GTS300-beige-1.jpg\" class=\"envira-gallery-3283 envira-gallery-link\" rel=\"enviragallery3283\" title=\"GTS300 beige 5\" data-envira-caption=\"GTS300 beige 5\" data-envira-retina=\"\" data-thumbnail=\"\"  itemprop=\"contentUrl\"><img decoding=\"async\" id=\"envira-gallery-image-19684\" class=\"envira-gallery-image envira-gallery-image-2 envira-normal \" data-envira-index=\"2\" src=\"https:\/\/www.der-mopedladen.de\/wp-content\/uploads\/2024\/05\/GTS300-beige-1-1024x768-640x480.jpg\" data-envira-src=\"https:\/\/www.der-mopedladen.de\/wp-content\/uploads\/2024\/05\/GTS300-beige-1-1024x768-640x480.jpg\" data-envira-gallery-id=\"3283\" data-envira-item-id=\"19684\" data-envira-caption=\"GTS300 beige 5\" alt=\"\" title=\"GTS300 beige 5\"  itemprop=\"thumbnailUrl\" data-envira-srcset=\"https:\/\/www.der-mopedladen.de\/wp-content\/uploads\/2024\/05\/GTS300-beige-1-1024x768-640x480.jpg 400w,https:\/\/www.der-mopedladen.de\/wp-content\/uploads\/2024\/05\/GTS300-beige-1-1024x768-640x480.jpg 2x\" data-envira-width=\"300\" data-envira-height=\"225\" srcset=\"https:\/\/www.der-mopedladen.de\/wp-content\/uploads\/2024\/05\/GTS300-beige-1-1280x960.jpg 2x\" data-safe-src=\"https:\/\/www.der-mopedladen.de\/wp-content\/uploads\/2024\/05\/GTS300-beige-1-1024x768-640x480.jpg\" \/><\/a><\/div><\/div><div id=\"envira-gallery-item-14787\" class=\"envira-gallery-item enviratope-item envira-gallery-item-3\" style=\"padding-left: 5px; padding-bottom: 10px; padding-right: 5px;\"  itemscope itemtype=\"https:\/\/schema.org\/ImageObject\"><div class=\"envira-gallery-item-inner\"><div class=\"envira-gallery-position-overlay  envira-gallery-top-left\"><\/div><div class=\"envira-gallery-position-overlay  envira-gallery-top-right\"><\/div><div class=\"envira-gallery-position-overlay  envira-gallery-bottom-left\"><\/div><div class=\"envira-gallery-position-overlay  envira-gallery-bottom-right\"><\/div><a href=\"https:\/\/www.der-mopedladen.de\/wp-content\/uploads\/2023\/01\/GTS-Schwarz-2023-3.jpg\" class=\"envira-gallery-3283 envira-gallery-link\" rel=\"enviragallery3283\" title=\"GTS schwarz 5\" data-envira-caption=\"GTS schwarz 5\" data-envira-retina=\"\" data-thumbnail=\"\"  itemprop=\"contentUrl\"><img decoding=\"async\" id=\"envira-gallery-image-14787\" class=\"envira-gallery-image envira-gallery-image-3 envira-normal \" data-envira-index=\"3\" src=\"https:\/\/www.der-mopedladen.de\/wp-content\/uploads\/2023\/01\/GTS-Schwarz-2023-3-1024x768-640x480.jpg\" data-envira-src=\"https:\/\/www.der-mopedladen.de\/wp-content\/uploads\/2023\/01\/GTS-Schwarz-2023-3-1024x768-640x480.jpg\" data-envira-gallery-id=\"3283\" data-envira-item-id=\"14787\" data-envira-caption=\"GTS schwarz 5\" alt=\"\" title=\"GTS schwarz 5\"  itemprop=\"thumbnailUrl\" data-envira-srcset=\"https:\/\/www.der-mopedladen.de\/wp-content\/uploads\/2023\/01\/GTS-Schwarz-2023-3-1024x768-640x480.jpg 400w,https:\/\/www.der-mopedladen.de\/wp-content\/uploads\/2023\/01\/GTS-Schwarz-2023-3-1024x768-640x480.jpg 2x\" data-envira-width=\"300\" data-envira-height=\"225\" srcset=\"https:\/\/www.der-mopedladen.de\/wp-content\/uploads\/2023\/01\/GTS-Schwarz-2023-3-1280x960.jpg 2x\" data-safe-src=\"https:\/\/www.der-mopedladen.de\/wp-content\/uploads\/2023\/01\/GTS-Schwarz-2023-3-1024x768-640x480.jpg\" \/><\/a><\/div><\/div><div id=\"envira-gallery-item-19686\" class=\"envira-gallery-item enviratope-item envira-gallery-item-4\" style=\"padding-left: 5px; padding-bottom: 10px; padding-right: 5px;\"  itemscope itemtype=\"https:\/\/schema.org\/ImageObject\"><div class=\"envira-gallery-item-inner\"><div class=\"envira-gallery-position-overlay  envira-gallery-top-left\"><\/div><div class=\"envira-gallery-position-overlay  envira-gallery-top-right\"><\/div><div class=\"envira-gallery-position-overlay  envira-gallery-bottom-left\"><\/div><div class=\"envira-gallery-position-overlay  envira-gallery-bottom-right\"><\/div><a href=\"https:\/\/www.der-mopedladen.de\/wp-content\/uploads\/2024\/05\/GTS300-beige-3.jpg\" class=\"envira-gallery-3283 envira-gallery-link\" rel=\"enviragallery3283\" title=\"GTS300 beige 2\" data-envira-caption=\"GTS300 beige 2\" data-envira-retina=\"\" data-thumbnail=\"\"  itemprop=\"contentUrl\"><img decoding=\"async\" id=\"envira-gallery-image-19686\" class=\"envira-gallery-image envira-gallery-image-4 envira-normal \" data-envira-index=\"4\" src=\"https:\/\/www.der-mopedladen.de\/wp-content\/uploads\/2024\/05\/GTS300-beige-3-1024x768-640x480.jpg\" data-envira-src=\"https:\/\/www.der-mopedladen.de\/wp-content\/uploads\/2024\/05\/GTS300-beige-3-1024x768-640x480.jpg\" data-envira-gallery-id=\"3283\" data-envira-item-id=\"19686\" data-envira-caption=\"GTS300 beige 2\" alt=\"\" title=\"GTS300 beige 2\"  itemprop=\"thumbnailUrl\" data-envira-srcset=\"https:\/\/www.der-mopedladen.de\/wp-content\/uploads\/2024\/05\/GTS300-beige-3-1024x768-640x480.jpg 400w,https:\/\/www.der-mopedladen.de\/wp-content\/uploads\/2024\/05\/GTS300-beige-3-1024x768-640x480.jpg 2x\" data-envira-width=\"300\" data-envira-height=\"225\" srcset=\"https:\/\/www.der-mopedladen.de\/wp-content\/uploads\/2024\/05\/GTS300-beige-3-1280x960.jpg 2x\" data-safe-src=\"https:\/\/www.der-mopedladen.de\/wp-content\/uploads\/2024\/05\/GTS300-beige-3-1024x768-640x480.jpg\" \/><\/a><\/div><\/div><div id=\"envira-gallery-item-14788\" class=\"envira-gallery-item enviratope-item envira-gallery-item-5\" style=\"padding-left: 5px; padding-bottom: 10px; padding-right: 5px;\"  itemscope itemtype=\"https:\/\/schema.org\/ImageObject\"><div class=\"envira-gallery-item-inner\"><div class=\"envira-gallery-position-overlay  envira-gallery-top-left\"><\/div><div class=\"envira-gallery-position-overlay  envira-gallery-top-right\"><\/div><div class=\"envira-gallery-position-overlay  envira-gallery-bottom-left\"><\/div><div class=\"envira-gallery-position-overlay  envira-gallery-bottom-right\"><\/div><a href=\"https:\/\/www.der-mopedladen.de\/wp-content\/uploads\/2023\/01\/GTS-Schwarz-2023-2.jpg\" class=\"envira-gallery-3283 envira-gallery-link\" rel=\"enviragallery3283\" title=\"GTS schwarz 6\" data-envira-caption=\"GTS schwarz 6\" data-envira-retina=\"\" data-thumbnail=\"\"  itemprop=\"contentUrl\"><img decoding=\"async\" id=\"envira-gallery-image-14788\" class=\"envira-gallery-image envira-gallery-image-5 envira-normal \" data-envira-index=\"5\" src=\"https:\/\/www.der-mopedladen.de\/wp-content\/uploads\/2023\/01\/GTS-Schwarz-2023-2-1024x768-640x480.jpg\" data-envira-src=\"https:\/\/www.der-mopedladen.de\/wp-content\/uploads\/2023\/01\/GTS-Schwarz-2023-2-1024x768-640x480.jpg\" data-envira-gallery-id=\"3283\" data-envira-item-id=\"14788\" data-envira-caption=\"GTS schwarz 6\" alt=\"\" title=\"GTS schwarz 6\"  itemprop=\"thumbnailUrl\" data-envira-srcset=\"https:\/\/www.der-mopedladen.de\/wp-content\/uploads\/2023\/01\/GTS-Schwarz-2023-2-1024x768-640x480.jpg 400w,https:\/\/www.der-mopedladen.de\/wp-content\/uploads\/2023\/01\/GTS-Schwarz-2023-2-1024x768-640x480.jpg 2x\" data-envira-width=\"300\" data-envira-height=\"225\" srcset=\"https:\/\/www.der-mopedladen.de\/wp-content\/uploads\/2023\/01\/GTS-Schwarz-2023-2-1280x960.jpg 2x\" data-safe-src=\"https:\/\/www.der-mopedladen.de\/wp-content\/uploads\/2023\/01\/GTS-Schwarz-2023-2-1024x768-640x480.jpg\" \/><\/a><\/div><\/div><div id=\"envira-gallery-item-14786\" class=\"envira-gallery-item enviratope-item envira-gallery-item-6\" style=\"padding-left: 5px; padding-bottom: 10px; padding-right: 5px;\"  itemscope itemtype=\"https:\/\/schema.org\/ImageObject\"><div class=\"envira-gallery-item-inner\"><div class=\"envira-gallery-position-overlay  envira-gallery-top-left\"><\/div><div class=\"envira-gallery-position-overlay  envira-gallery-top-right\"><\/div><div class=\"envira-gallery-position-overlay  envira-gallery-bottom-left\"><\/div><div class=\"envira-gallery-position-overlay  envira-gallery-bottom-right\"><\/div><a href=\"https:\/\/www.der-mopedladen.de\/wp-content\/uploads\/2023\/01\/GTS-Schwarz-2023-4.jpg\" class=\"envira-gallery-3283 envira-gallery-link\" rel=\"enviragallery3283\" title=\"GTS schwarz 4\" data-envira-caption=\"GTS schwarz 4\" data-envira-retina=\"\" data-thumbnail=\"\"  itemprop=\"contentUrl\"><img decoding=\"async\" id=\"envira-gallery-image-14786\" class=\"envira-gallery-image envira-gallery-image-6 envira-normal \" data-envira-index=\"6\" src=\"https:\/\/www.der-mopedladen.de\/wp-content\/uploads\/2023\/01\/GTS-Schwarz-2023-4-1024x768-640x480.jpg\" data-envira-src=\"https:\/\/www.der-mopedladen.de\/wp-content\/uploads\/2023\/01\/GTS-Schwarz-2023-4-1024x768-640x480.jpg\" data-envira-gallery-id=\"3283\" data-envira-item-id=\"14786\" data-envira-caption=\"GTS schwarz 4\" alt=\"\" title=\"GTS schwarz 4\"  itemprop=\"thumbnailUrl\" data-envira-srcset=\"https:\/\/www.der-mopedladen.de\/wp-content\/uploads\/2023\/01\/GTS-Schwarz-2023-4-1024x768-640x480.jpg 400w,https:\/\/www.der-mopedladen.de\/wp-content\/uploads\/2023\/01\/GTS-Schwarz-2023-4-1024x768-640x480.jpg 2x\" data-envira-width=\"300\" data-envira-height=\"225\" srcset=\"https:\/\/www.der-mopedladen.de\/wp-content\/uploads\/2023\/01\/GTS-Schwarz-2023-4-1280x960.jpg 2x\" data-safe-src=\"https:\/\/www.der-mopedladen.de\/wp-content\/uploads\/2023\/01\/GTS-Schwarz-2023-4-1024x768-640x480.jpg\" \/><\/a><\/div><\/div><div id=\"envira-gallery-item-14785\" class=\"envira-gallery-item enviratope-item envira-gallery-item-7\" style=\"padding-left: 5px; padding-bottom: 10px; padding-right: 5px;\"  itemscope itemtype=\"https:\/\/schema.org\/ImageObject\"><div class=\"envira-gallery-item-inner\"><div class=\"envira-gallery-position-overlay  envira-gallery-top-left\"><\/div><div class=\"envira-gallery-position-overlay  envira-gallery-top-right\"><\/div><div class=\"envira-gallery-position-overlay  envira-gallery-bottom-left\"><\/div><div class=\"envira-gallery-position-overlay  envira-gallery-bottom-right\"><\/div><a href=\"https:\/\/www.der-mopedladen.de\/wp-content\/uploads\/2023\/01\/GTS-Schwarz-2023-5.jpg\" class=\"envira-gallery-3283 envira-gallery-link\" rel=\"enviragallery3283\" title=\"GTS schwarz 3\" data-envira-caption=\"GTS schwarz 3\" data-envira-retina=\"\" data-thumbnail=\"\"  itemprop=\"contentUrl\"><img decoding=\"async\" id=\"envira-gallery-image-14785\" class=\"envira-gallery-image envira-gallery-image-7 envira-normal \" data-envira-index=\"7\" src=\"https:\/\/www.der-mopedladen.de\/wp-content\/uploads\/2023\/01\/GTS-Schwarz-2023-5-1024x768-640x480.jpg\" data-envira-src=\"https:\/\/www.der-mopedladen.de\/wp-content\/uploads\/2023\/01\/GTS-Schwarz-2023-5-1024x768-640x480.jpg\" data-envira-gallery-id=\"3283\" data-envira-item-id=\"14785\" data-envira-caption=\"GTS schwarz 3\" alt=\"\" title=\"GTS schwarz 3\"  itemprop=\"thumbnailUrl\" data-envira-srcset=\"https:\/\/www.der-mopedladen.de\/wp-content\/uploads\/2023\/01\/GTS-Schwarz-2023-5-1024x768-640x480.jpg 400w,https:\/\/www.der-mopedladen.de\/wp-content\/uploads\/2023\/01\/GTS-Schwarz-2023-5-1024x768-640x480.jpg 2x\" data-envira-width=\"300\" data-envira-height=\"225\" srcset=\"https:\/\/www.der-mopedladen.de\/wp-content\/uploads\/2023\/01\/GTS-Schwarz-2023-5-1280x960.jpg 2x\" data-safe-src=\"https:\/\/www.der-mopedladen.de\/wp-content\/uploads\/2023\/01\/GTS-Schwarz-2023-5-1024x768-640x480.jpg\" \/><\/a><\/div><\/div><div id=\"envira-gallery-item-14784\" class=\"envira-gallery-item enviratope-item envira-gallery-item-8\" style=\"padding-left: 5px; padding-bottom: 10px; padding-right: 5px;\"  itemscope itemtype=\"https:\/\/schema.org\/ImageObject\"><div class=\"envira-gallery-item-inner\"><div class=\"envira-gallery-position-overlay  envira-gallery-top-left\"><\/div><div class=\"envira-gallery-position-overlay  envira-gallery-top-right\"><\/div><div class=\"envira-gallery-position-overlay  envira-gallery-bottom-left\"><\/div><div class=\"envira-gallery-position-overlay  envira-gallery-bottom-right\"><\/div><a href=\"https:\/\/www.der-mopedladen.de\/wp-content\/uploads\/2023\/01\/GTS-Schwarz-2023-6.jpg\" class=\"envira-gallery-3283 envira-gallery-link\" rel=\"enviragallery3283\" title=\"GTS schwarz 2\" data-envira-caption=\"GTS schwarz 2\" data-envira-retina=\"\" data-thumbnail=\"\"  itemprop=\"contentUrl\"><img decoding=\"async\" id=\"envira-gallery-image-14784\" class=\"envira-gallery-image envira-gallery-image-8 envira-normal \" data-envira-index=\"8\" src=\"https:\/\/www.der-mopedladen.de\/wp-content\/uploads\/2023\/01\/GTS-Schwarz-2023-6-1024x768-640x480.jpg\" data-envira-src=\"https:\/\/www.der-mopedladen.de\/wp-content\/uploads\/2023\/01\/GTS-Schwarz-2023-6-1024x768-640x480.jpg\" data-envira-gallery-id=\"3283\" data-envira-item-id=\"14784\" data-envira-caption=\"GTS schwarz 2\" alt=\"\" title=\"GTS schwarz 2\"  itemprop=\"thumbnailUrl\" data-envira-srcset=\"https:\/\/www.der-mopedladen.de\/wp-content\/uploads\/2023\/01\/GTS-Schwarz-2023-6-1024x768-640x480.jpg 400w,https:\/\/www.der-mopedladen.de\/wp-content\/uploads\/2023\/01\/GTS-Schwarz-2023-6-1024x768-640x480.jpg 2x\" data-envira-width=\"300\" data-envira-height=\"225\" srcset=\"https:\/\/www.der-mopedladen.de\/wp-content\/uploads\/2023\/01\/GTS-Schwarz-2023-6-1280x960.jpg 2x\" data-safe-src=\"https:\/\/www.der-mopedladen.de\/wp-content\/uploads\/2023\/01\/GTS-Schwarz-2023-6-1024x768-640x480.jpg\" \/><\/a><\/div><\/div><div id=\"envira-gallery-item-19687\" class=\"envira-gallery-item enviratope-item envira-gallery-item-9\" style=\"padding-left: 5px; padding-bottom: 10px; padding-right: 5px;\"  itemscope itemtype=\"https:\/\/schema.org\/ImageObject\"><div class=\"envira-gallery-item-inner\"><div class=\"envira-gallery-position-overlay  envira-gallery-top-left\"><\/div><div class=\"envira-gallery-position-overlay  envira-gallery-top-right\"><\/div><div class=\"envira-gallery-position-overlay  envira-gallery-bottom-left\"><\/div><div class=\"envira-gallery-position-overlay  envira-gallery-bottom-right\"><\/div><a href=\"https:\/\/www.der-mopedladen.de\/wp-content\/uploads\/2024\/05\/GTS300-beige-2.jpg\" class=\"envira-gallery-3283 envira-gallery-link\" rel=\"enviragallery3283\" title=\"GTS300 beige 3\" data-envira-caption=\"GTS300 beige 3\" data-envira-retina=\"\" data-thumbnail=\"\"  itemprop=\"contentUrl\"><img decoding=\"async\" id=\"envira-gallery-image-19687\" class=\"envira-gallery-image envira-gallery-image-9 envira-normal \" data-envira-index=\"9\" src=\"https:\/\/www.der-mopedladen.de\/wp-content\/uploads\/2024\/05\/GTS300-beige-2-1024x768-640x480.jpg\" data-envira-src=\"https:\/\/www.der-mopedladen.de\/wp-content\/uploads\/2024\/05\/GTS300-beige-2-1024x768-640x480.jpg\" data-envira-gallery-id=\"3283\" data-envira-item-id=\"19687\" data-envira-caption=\"GTS300 beige 3\" alt=\"\" title=\"GTS300 beige 3\"  itemprop=\"thumbnailUrl\" data-envira-srcset=\"https:\/\/www.der-mopedladen.de\/wp-content\/uploads\/2024\/05\/GTS300-beige-2-1024x768-640x480.jpg 400w,https:\/\/www.der-mopedladen.de\/wp-content\/uploads\/2024\/05\/GTS300-beige-2-1024x768-640x480.jpg 2x\" data-envira-width=\"300\" data-envira-height=\"225\" srcset=\"https:\/\/www.der-mopedladen.de\/wp-content\/uploads\/2024\/05\/GTS300-beige-2-1280x960.jpg 2x\" data-safe-src=\"https:\/\/www.der-mopedladen.de\/wp-content\/uploads\/2024\/05\/GTS300-beige-2-1024x768-640x480.jpg\" \/><\/a><\/div><\/div><div id=\"envira-gallery-item-19685\" class=\"envira-gallery-item enviratope-item envira-gallery-item-10\" style=\"padding-left: 5px; padding-bottom: 10px; padding-right: 5px;\"  itemscope itemtype=\"https:\/\/schema.org\/ImageObject\"><div class=\"envira-gallery-item-inner\"><div class=\"envira-gallery-position-overlay  envira-gallery-top-left\"><\/div><div class=\"envira-gallery-position-overlay  envira-gallery-top-right\"><\/div><div class=\"envira-gallery-position-overlay  envira-gallery-bottom-left\"><\/div><div class=\"envira-gallery-position-overlay  envira-gallery-bottom-right\"><\/div><a href=\"https:\/\/www.der-mopedladen.de\/wp-content\/uploads\/2024\/05\/GTS300-beige-5.jpg\" class=\"envira-gallery-3283 envira-gallery-link\" rel=\"enviragallery3283\" title=\"GTS300 beige 1\" data-envira-caption=\"GTS300 beige 1\" data-envira-retina=\"\" data-thumbnail=\"\"  itemprop=\"contentUrl\"><img decoding=\"async\" id=\"envira-gallery-image-19685\" class=\"envira-gallery-image envira-gallery-image-10 envira-normal \" data-envira-index=\"10\" src=\"https:\/\/www.der-mopedladen.de\/wp-content\/uploads\/2024\/05\/GTS300-beige-5-1024x768-640x480.jpg\" data-envira-src=\"https:\/\/www.der-mopedladen.de\/wp-content\/uploads\/2024\/05\/GTS300-beige-5-1024x768-640x480.jpg\" data-envira-gallery-id=\"3283\" data-envira-item-id=\"19685\" data-envira-caption=\"GTS300 beige 1\" alt=\"\" title=\"GTS300 beige 1\"  itemprop=\"thumbnailUrl\" data-envira-srcset=\"https:\/\/www.der-mopedladen.de\/wp-content\/uploads\/2024\/05\/GTS300-beige-5-1024x768-640x480.jpg 400w,https:\/\/www.der-mopedladen.de\/wp-content\/uploads\/2024\/05\/GTS300-beige-5-1024x768-640x480.jpg 2x\" data-envira-width=\"300\" data-envira-height=\"225\" srcset=\"https:\/\/www.der-mopedladen.de\/wp-content\/uploads\/2024\/05\/GTS300-beige-5-1280x960.jpg 2x\" data-safe-src=\"https:\/\/www.der-mopedladen.de\/wp-content\/uploads\/2024\/05\/GTS300-beige-5-1024x768-640x480.jpg\" \/><\/a><\/div><\/div><div id=\"envira-gallery-item-19666\" class=\"envira-gallery-item enviratope-item envira-gallery-item-11\" style=\"padding-left: 5px; padding-bottom: 10px; padding-right: 5px;\"  itemscope itemtype=\"https:\/\/schema.org\/ImageObject\"><div class=\"envira-gallery-item-inner\"><div class=\"envira-gallery-position-overlay  envira-gallery-top-left\"><\/div><div class=\"envira-gallery-position-overlay  envira-gallery-top-right\"><\/div><div class=\"envira-gallery-position-overlay  envira-gallery-bottom-left\"><\/div><div class=\"envira-gallery-position-overlay  envira-gallery-bottom-right\"><\/div><a href=\"https:\/\/www.der-mopedladen.de\/wp-content\/uploads\/2024\/05\/GTS300-beige-4.jpg\" class=\"envira-gallery-3283 envira-gallery-link\" rel=\"enviragallery3283\" title=\"GTS300 beige 4\" data-envira-caption=\"GTS300 beige 4\" data-envira-retina=\"\" data-thumbnail=\"\"  itemprop=\"contentUrl\"><img decoding=\"async\" id=\"envira-gallery-image-19666\" class=\"envira-gallery-image envira-gallery-image-11 envira-normal \" data-envira-index=\"11\" src=\"https:\/\/www.der-mopedladen.de\/wp-content\/uploads\/2024\/05\/GTS300-beige-4-768x1024-640x480.jpg\" data-envira-src=\"https:\/\/www.der-mopedladen.de\/wp-content\/uploads\/2024\/05\/GTS300-beige-4-768x1024-640x480.jpg\" data-envira-gallery-id=\"3283\" data-envira-item-id=\"19666\" data-envira-caption=\"GTS300 beige 4\" alt=\"\" title=\"GTS300 beige 4\"  itemprop=\"thumbnailUrl\" data-envira-srcset=\"https:\/\/www.der-mopedladen.de\/wp-content\/uploads\/2024\/05\/GTS300-beige-4-768x1024-640x480.jpg 400w,https:\/\/www.der-mopedladen.de\/wp-content\/uploads\/2024\/05\/GTS300-beige-4-768x1024-640x480.jpg 2x\" data-envira-width=\"225\" data-envira-height=\"300\" srcset=\"https:\/\/www.der-mopedladen.de\/wp-content\/uploads\/2024\/05\/GTS300-beige-4-1280x960.jpg 2x\" data-safe-src=\"https:\/\/www.der-mopedladen.de\/wp-content\/uploads\/2024\/05\/GTS300-beige-4-768x1024-640x480.jpg\" \/><\/a><\/div><\/div><div id=\"envira-gallery-item-15322\" class=\"envira-gallery-item enviratope-item envira-gallery-item-12\" style=\"padding-left: 5px; padding-bottom: 10px; padding-right: 5px;\"  itemscope itemtype=\"https:\/\/schema.org\/ImageObject\"><div class=\"envira-gallery-item-inner\"><div class=\"envira-gallery-position-overlay  envira-gallery-top-left\"><\/div><div class=\"envira-gallery-position-overlay  envira-gallery-top-right\"><\/div><div class=\"envira-gallery-position-overlay  envira-gallery-bottom-left\"><\/div><div class=\"envira-gallery-position-overlay  envira-gallery-bottom-right\"><\/div><a href=\"https:\/\/www.der-mopedladen.de\/wp-content\/uploads\/2023\/03\/GTS-Umbau-12.jpg\" class=\"envira-gallery-3283 envira-gallery-link\" rel=\"enviragallery3283\" title=\"MG-Biketec Hebel 2\" data-envira-caption=\"MG-Biketec Hebel 2\" data-envira-retina=\"\" data-thumbnail=\"\"  itemprop=\"contentUrl\"><img decoding=\"async\" id=\"envira-gallery-image-15322\" class=\"envira-gallery-image envira-gallery-image-12 envira-normal \" data-envira-index=\"12\" src=\"https:\/\/www.der-mopedladen.de\/wp-content\/uploads\/2023\/03\/GTS-Umbau-12-1024x768-640x480.jpg\" data-envira-src=\"https:\/\/www.der-mopedladen.de\/wp-content\/uploads\/2023\/03\/GTS-Umbau-12-1024x768-640x480.jpg\" data-envira-gallery-id=\"3283\" data-envira-item-id=\"15322\" data-envira-caption=\"MG-Biketec Hebel 2\" alt=\"\" title=\"MG-Biketec Hebel 2\"  itemprop=\"thumbnailUrl\" data-envira-srcset=\"https:\/\/www.der-mopedladen.de\/wp-content\/uploads\/2023\/03\/GTS-Umbau-12-1024x768-640x480.jpg 400w,https:\/\/www.der-mopedladen.de\/wp-content\/uploads\/2023\/03\/GTS-Umbau-12-1024x768-640x480.jpg 2x\" data-envira-width=\"300\" data-envira-height=\"225\" srcset=\"https:\/\/www.der-mopedladen.de\/wp-content\/uploads\/2023\/03\/GTS-Umbau-12-1280x960.jpg 2x\" data-safe-src=\"https:\/\/www.der-mopedladen.de\/wp-content\/uploads\/2023\/03\/GTS-Umbau-12-1024x768-640x480.jpg\" \/><\/a><\/div><\/div><div id=\"envira-gallery-item-15321\" class=\"envira-gallery-item enviratope-item envira-gallery-item-13\" style=\"padding-left: 5px; padding-bottom: 10px; padding-right: 5px;\"  itemscope itemtype=\"https:\/\/schema.org\/ImageObject\"><div class=\"envira-gallery-item-inner\"><div class=\"envira-gallery-position-overlay  envira-gallery-top-left\"><\/div><div class=\"envira-gallery-position-overlay  envira-gallery-top-right\"><\/div><div class=\"envira-gallery-position-overlay  envira-gallery-bottom-left\"><\/div><div class=\"envira-gallery-position-overlay  envira-gallery-bottom-right\"><\/div><a href=\"https:\/\/www.der-mopedladen.de\/wp-content\/uploads\/2023\/03\/GTS-Umbau-13.jpg\" class=\"envira-gallery-3283 envira-gallery-link\" rel=\"enviragallery3283\" title=\"MG-Biketec Hebel 1\" data-envira-caption=\"MG-Biketec Hebel 1\" data-envira-retina=\"\" data-thumbnail=\"\"  itemprop=\"contentUrl\"><img decoding=\"async\" id=\"envira-gallery-image-15321\" class=\"envira-gallery-image envira-gallery-image-13 envira-normal \" data-envira-index=\"13\" src=\"https:\/\/www.der-mopedladen.de\/wp-content\/uploads\/2023\/03\/GTS-Umbau-13-1024x768-640x480.jpg\" data-envira-src=\"https:\/\/www.der-mopedladen.de\/wp-content\/uploads\/2023\/03\/GTS-Umbau-13-1024x768-640x480.jpg\" data-envira-gallery-id=\"3283\" data-envira-item-id=\"15321\" data-envira-caption=\"MG-Biketec Hebel 1\" alt=\"\" title=\"MG-Biketec Hebel 1\"  itemprop=\"thumbnailUrl\" data-envira-srcset=\"https:\/\/www.der-mopedladen.de\/wp-content\/uploads\/2023\/03\/GTS-Umbau-13-1024x768-640x480.jpg 400w,https:\/\/www.der-mopedladen.de\/wp-content\/uploads\/2023\/03\/GTS-Umbau-13-1024x768-640x480.jpg 2x\" data-envira-width=\"300\" data-envira-height=\"225\" srcset=\"https:\/\/www.der-mopedladen.de\/wp-content\/uploads\/2023\/03\/GTS-Umbau-13-1280x960.jpg 2x\" data-safe-src=\"https:\/\/www.der-mopedladen.de\/wp-content\/uploads\/2023\/03\/GTS-Umbau-13-1024x768-640x480.jpg\" \/><\/a><\/div><\/div><div id=\"envira-gallery-item-15320\" class=\"envira-gallery-item enviratope-item envira-gallery-item-14\" style=\"padding-left: 5px; padding-bottom: 10px; padding-right: 5px;\"  itemscope itemtype=\"https:\/\/schema.org\/ImageObject\"><div class=\"envira-gallery-item-inner\"><div class=\"envira-gallery-position-overlay  envira-gallery-top-left\"><\/div><div class=\"envira-gallery-position-overlay  envira-gallery-top-right\"><\/div><div class=\"envira-gallery-position-overlay  envira-gallery-bottom-left\"><\/div><div class=\"envira-gallery-position-overlay  envira-gallery-bottom-right\"><\/div><a href=\"https:\/\/www.der-mopedladen.de\/wp-content\/uploads\/2023\/03\/GTS-Umbau-14.jpg\" class=\"envira-gallery-3283 envira-gallery-link\" rel=\"enviragallery3283\" title=\"Rizoma Eccentrico\" data-envira-caption=\"Rizoma Eccentrico\" data-envira-retina=\"\" data-thumbnail=\"\"  itemprop=\"contentUrl\"><img decoding=\"async\" id=\"envira-gallery-image-15320\" class=\"envira-gallery-image envira-gallery-image-14 envira-normal \" data-envira-index=\"14\" src=\"https:\/\/www.der-mopedladen.de\/wp-content\/uploads\/2023\/03\/GTS-Umbau-14-1024x768-640x480.jpg\" data-envira-src=\"https:\/\/www.der-mopedladen.de\/wp-content\/uploads\/2023\/03\/GTS-Umbau-14-1024x768-640x480.jpg\" data-envira-gallery-id=\"3283\" data-envira-item-id=\"15320\" data-envira-caption=\"Rizoma Eccentrico\" alt=\"\" title=\"Rizoma Eccentrico\"  itemprop=\"thumbnailUrl\" data-envira-srcset=\"https:\/\/www.der-mopedladen.de\/wp-content\/uploads\/2023\/03\/GTS-Umbau-14-1024x768-640x480.jpg 400w,https:\/\/www.der-mopedladen.de\/wp-content\/uploads\/2023\/03\/GTS-Umbau-14-1024x768-640x480.jpg 2x\" data-envira-width=\"300\" data-envira-height=\"225\" srcset=\"https:\/\/www.der-mopedladen.de\/wp-content\/uploads\/2023\/03\/GTS-Umbau-14-1280x960.jpg 2x\" data-safe-src=\"https:\/\/www.der-mopedladen.de\/wp-content\/uploads\/2023\/03\/GTS-Umbau-14-1024x768-640x480.jpg\" \/><\/a><\/div><\/div><div id=\"envira-gallery-item-19688\" class=\"envira-gallery-item enviratope-item envira-gallery-item-15\" style=\"padding-left: 5px; padding-bottom: 10px; padding-right: 5px;\"  itemscope itemtype=\"https:\/\/schema.org\/ImageObject\"><div class=\"envira-gallery-item-inner\"><div class=\"envira-gallery-position-overlay  envira-gallery-top-left\"><\/div><div class=\"envira-gallery-position-overlay  envira-gallery-top-right\"><\/div><div class=\"envira-gallery-position-overlay  envira-gallery-bottom-left\"><\/div><div class=\"envira-gallery-position-overlay  envira-gallery-bottom-right\"><\/div><a href=\"https:\/\/www.der-mopedladen.de\/wp-content\/uploads\/2024\/05\/SIP-13-Zoll.jpg\" class=\"envira-gallery-3283 envira-gallery-link\" rel=\"enviragallery3283\" title=\"SIP 13&amp;quot; Felge\" data-envira-caption=\"SIP 13&amp;quot; Felge\" data-envira-retina=\"\" data-thumbnail=\"\"  itemprop=\"contentUrl\"><img decoding=\"async\" id=\"envira-gallery-image-19688\" class=\"envira-gallery-image envira-gallery-image-15 envira-normal \" data-envira-index=\"15\" src=\"https:\/\/www.der-mopedladen.de\/wp-content\/uploads\/2024\/05\/SIP-13-Zoll-1024x768-640x480.jpg\" data-envira-src=\"https:\/\/www.der-mopedladen.de\/wp-content\/uploads\/2024\/05\/SIP-13-Zoll-1024x768-640x480.jpg\" data-envira-gallery-id=\"3283\" data-envira-item-id=\"19688\" data-envira-caption=\"SIP 13&amp;quot; Felge\" alt=\"\" title=\"SIP 13&quot; Felge\"  itemprop=\"thumbnailUrl\" data-envira-srcset=\"https:\/\/www.der-mopedladen.de\/wp-content\/uploads\/2024\/05\/SIP-13-Zoll-1024x768-640x480.jpg 400w,https:\/\/www.der-mopedladen.de\/wp-content\/uploads\/2024\/05\/SIP-13-Zoll-1024x768-640x480.jpg 2x\" data-envira-width=\"300\" data-envira-height=\"225\" srcset=\"https:\/\/www.der-mopedladen.de\/wp-content\/uploads\/2024\/05\/SIP-13-Zoll-1280x960.jpg 2x\" data-safe-src=\"https:\/\/www.der-mopedladen.de\/wp-content\/uploads\/2024\/05\/SIP-13-Zoll-1024x768-640x480.jpg\" \/><\/a><\/div><\/div><\/div><\/div><noscript><img decoding=\"async\" src=\"https:\/\/www.der-mopedladen.de\/wp-content\/uploads\/2023\/01\/GTS-Schwarz-2023-1.jpg\" alt=\"\" \/><img decoding=\"async\" src=\"https:\/\/www.der-mopedladen.de\/wp-content\/uploads\/2024\/05\/GTS300-beige-1.jpg\" alt=\"\" \/><img decoding=\"async\" src=\"https:\/\/www.der-mopedladen.de\/wp-content\/uploads\/2023\/01\/GTS-Schwarz-2023-3.jpg\" alt=\"\" \/><img decoding=\"async\" src=\"https:\/\/www.der-mopedladen.de\/wp-content\/uploads\/2024\/05\/GTS300-beige-3.jpg\" alt=\"\" \/><img decoding=\"async\" src=\"https:\/\/www.der-mopedladen.de\/wp-content\/uploads\/2023\/01\/GTS-Schwarz-2023-2.jpg\" alt=\"\" \/><img decoding=\"async\" src=\"https:\/\/www.der-mopedladen.de\/wp-content\/uploads\/2023\/01\/GTS-Schwarz-2023-4.jpg\" alt=\"\" \/><img decoding=\"async\" src=\"https:\/\/www.der-mopedladen.de\/wp-content\/uploads\/2023\/01\/GTS-Schwarz-2023-5.jpg\" alt=\"\" \/><img decoding=\"async\" src=\"https:\/\/www.der-mopedladen.de\/wp-content\/uploads\/2023\/01\/GTS-Schwarz-2023-6.jpg\" alt=\"\" \/><img decoding=\"async\" src=\"https:\/\/www.der-mopedladen.de\/wp-content\/uploads\/2024\/05\/GTS300-beige-2.jpg\" alt=\"\" \/><img decoding=\"async\" src=\"https:\/\/www.der-mopedladen.de\/wp-content\/uploads\/2024\/05\/GTS300-beige-5.jpg\" alt=\"\" \/><img decoding=\"async\" src=\"https:\/\/www.der-mopedladen.de\/wp-content\/uploads\/2024\/05\/GTS300-beige-4.jpg\" alt=\"\" \/><img decoding=\"async\" src=\"https:\/\/www.der-mopedladen.de\/wp-content\/uploads\/2023\/03\/GTS-Umbau-12.jpg\" alt=\"\" \/><img decoding=\"async\" src=\"https:\/\/www.der-mopedladen.de\/wp-content\/uploads\/2023\/03\/GTS-Umbau-13.jpg\" alt=\"\" \/><img decoding=\"async\" src=\"https:\/\/www.der-mopedladen.de\/wp-content\/uploads\/2023\/03\/GTS-Umbau-14.jpg\" alt=\"\" \/><img decoding=\"async\" src=\"https:\/\/www.der-mopedladen.de\/wp-content\/uploads\/2024\/05\/SIP-13-Zoll.jpg\" alt=\"\" \/><\/noscript>\n","protected":false},"excerpt":{"rendered":"<p>Bei uns f\u00fcr 5999 statt 6199 \u20ac! Ob Gro\u00dfstadtrevier oder Abenteuerreisen, mit der Vespa GTS kommen Sie stets sicher und entspannt an Ihr Ziel. Ergonomisch\u2026<\/p>\n<p class=\"continue-reading-button\"> <a class=\"continue-reading-link\" href=\"https:\/\/www.der-mopedladen.de\/?p=2593\">Mehr Informationen<i class=\"crycon-right-dir\"><\/i><\/a><\/p>\n","protected":false},"author":2,"featured_media":14783,"comment_status":"closed","ping_status":"closed","sticky":false,"template":"","format":"standard","meta":{"footnotes":""},"categories":[33,70],"tags":[14,35,40,8,121,37,152,63],"class_list":["post-2593","post","type-post","status-publish","format-standard","has-post-thumbnail","hentry","category-rollergross","category-vespa-rollergross","tag-125er","tag-4-takt","tag-ab-16","tag-abs","tag-b196-2","tag-einspritzung","tag-keyless","tag-vespa"],"yoast_head":"<!-- This site is optimized with the Yoast SEO plugin v25.7 - https:\/\/yoast.com\/wordpress\/plugins\/seo\/ -->\n<title>Vespa GTS 125 . . . . . . . 5999 statt 6199 \u20ac -<\/title>\n<meta name=\"description\" content=\"Die neue Vespa GTS 125 - jetzt mit Keyless-System, LED-Blinkern, neuen Bremsen und neuem Fahrwerk!\" \/>\n<meta name=\"robots\" content=\"index, follow, max-snippet:-1, max-image-preview:large, max-video-preview:-1\" \/>\n<link rel=\"canonical\" href=\"https:\/\/www.der-mopedladen.de\/?p=2593\" \/>\n<meta property=\"og:locale\" content=\"de_DE\" \/>\n<meta property=\"og:type\" content=\"article\" \/>\n<meta property=\"og:title\" content=\"Vespa GTS 125 . . . . . . . 5999 statt 6199 \u20ac -\" \/>\n<meta property=\"og:description\" content=\"Die neue Vespa GTS 125 - jetzt mit Keyless-System, LED-Blinkern, neuen Bremsen und neuem Fahrwerk!\" \/>\n<meta property=\"og:url\" content=\"https:\/\/www.der-mopedladen.de\/?p=2593\" \/>\n<meta property=\"article:published_time\" content=\"2024-10-19T10:22:46+00:00\" \/>\n<meta property=\"article:modified_time\" content=\"2025-05-21T08:38:09+00:00\" \/>\n<meta property=\"og:image\" content=\"https:\/\/www.der-mopedladen.de\/wp-content\/uploads\/2023\/01\/GTS-Schwarz-2023-1.jpg\" \/>\n\t<meta property=\"og:image:width\" content=\"2560\" \/>\n\t<meta property=\"og:image:height\" content=\"1920\" \/>\n\t<meta property=\"og:image:type\" content=\"image\/jpeg\" \/>\n<meta name=\"author\" content=\"Carsten Maluche\" \/>\n<meta name=\"twitter:card\" content=\"summary_large_image\" \/>\n<meta name=\"twitter:label1\" content=\"Verfasst von\" \/>\n\t<meta name=\"twitter:data1\" content=\"Carsten Maluche\" \/>\n\t<meta name=\"twitter:label2\" content=\"Gesch\u00e4tzte Lesezeit\" \/>\n\t<meta name=\"twitter:data2\" content=\"1\u00a0Minute\" \/>\n<script type=\"application\/ld+json\" class=\"yoast-schema-graph\">{\"@context\":\"https:\/\/schema.org\",\"@graph\":[{\"@type\":\"Article\",\"@id\":\"https:\/\/www.der-mopedladen.de\/?p=2593#article\",\"isPartOf\":{\"@id\":\"https:\/\/www.der-mopedladen.de\/?p=2593\"},\"author\":{\"name\":\"Carsten Maluche\",\"@id\":\"https:\/\/www.der-mopedladen.de\/#\/schema\/person\/4d0c0c9ed7d36464398049539cfdc1c0\"},\"headline\":\"Vespa GTS 125 . . . . . . . 5999 statt 6199 \u20ac\",\"datePublished\":\"2024-10-19T10:22:46+00:00\",\"dateModified\":\"2025-05-21T08:38:09+00:00\",\"mainEntityOfPage\":{\"@id\":\"https:\/\/www.der-mopedladen.de\/?p=2593\"},\"wordCount\":153,\"publisher\":{\"@id\":\"https:\/\/www.der-mopedladen.de\/#organization\"},\"image\":{\"@id\":\"https:\/\/www.der-mopedladen.de\/?p=2593#primaryimage\"},\"thumbnailUrl\":\"https:\/\/www.der-mopedladen.de\/wp-content\/uploads\/2023\/01\/GTS-Schwarz-2023-1.jpg\",\"keywords\":[\"125er\",\"4 Takt\",\"ab 16\",\"ABS\",\"B196\",\"Einspritzung\",\"Keyless\",\"Vespa\"],\"articleSection\":[\"Roller ab 125 ccm\",\"Vespa\"],\"inLanguage\":\"de\"},{\"@type\":\"WebPage\",\"@id\":\"https:\/\/www.der-mopedladen.de\/?p=2593\",\"url\":\"https:\/\/www.der-mopedladen.de\/?p=2593\",\"name\":\"Vespa GTS 125 . . . . . . . 5999 statt 6199 \u20ac -\",\"isPartOf\":{\"@id\":\"https:\/\/www.der-mopedladen.de\/#website\"},\"primaryImageOfPage\":{\"@id\":\"https:\/\/www.der-mopedladen.de\/?p=2593#primaryimage\"},\"image\":{\"@id\":\"https:\/\/www.der-mopedladen.de\/?p=2593#primaryimage\"},\"thumbnailUrl\":\"https:\/\/www.der-mopedladen.de\/wp-content\/uploads\/2023\/01\/GTS-Schwarz-2023-1.jpg\",\"datePublished\":\"2024-10-19T10:22:46+00:00\",\"dateModified\":\"2025-05-21T08:38:09+00:00\",\"description\":\"Die neue Vespa GTS 125 - jetzt mit Keyless-System, LED-Blinkern, neuen Bremsen und neuem Fahrwerk!\",\"breadcrumb\":{\"@id\":\"https:\/\/www.der-mopedladen.de\/?p=2593#breadcrumb\"},\"inLanguage\":\"de\",\"potentialAction\":[{\"@type\":\"ReadAction\",\"target\":[\"https:\/\/www.der-mopedladen.de\/?p=2593\"]}]},{\"@type\":\"ImageObject\",\"inLanguage\":\"de\",\"@id\":\"https:\/\/www.der-mopedladen.de\/?p=2593#primaryimage\",\"url\":\"https:\/\/www.der-mopedladen.de\/wp-content\/uploads\/2023\/01\/GTS-Schwarz-2023-1.jpg\",\"contentUrl\":\"https:\/\/www.der-mopedladen.de\/wp-content\/uploads\/2023\/01\/GTS-Schwarz-2023-1.jpg\",\"width\":2560,\"height\":1920},{\"@type\":\"BreadcrumbList\",\"@id\":\"https:\/\/www.der-mopedladen.de\/?p=2593#breadcrumb\",\"itemListElement\":[{\"@type\":\"ListItem\",\"position\":1,\"name\":\"Startseite\",\"item\":\"https:\/\/www.der-mopedladen.de\/\"},{\"@type\":\"ListItem\",\"position\":2,\"name\":\"Vespa GTS 125 . . . . . . . 5999 statt 6199 \u20ac\"}]},{\"@type\":\"WebSite\",\"@id\":\"https:\/\/www.der-mopedladen.de\/#website\",\"url\":\"https:\/\/www.der-mopedladen.de\/\",\"name\":\"\",\"description\":\"\",\"publisher\":{\"@id\":\"https:\/\/www.der-mopedladen.de\/#organization\"},\"potentialAction\":[{\"@type\":\"SearchAction\",\"target\":{\"@type\":\"EntryPoint\",\"urlTemplate\":\"https:\/\/www.der-mopedladen.de\/?s={search_term_string}\"},\"query-input\":{\"@type\":\"PropertyValueSpecification\",\"valueRequired\":true,\"valueName\":\"search_term_string\"}}],\"inLanguage\":\"de\"},{\"@type\":\"Organization\",\"@id\":\"https:\/\/www.der-mopedladen.de\/#organization\",\"name\":\"Der Mopedladen OHG\",\"url\":\"https:\/\/www.der-mopedladen.de\/\",\"logo\":{\"@type\":\"ImageObject\",\"inLanguage\":\"de\",\"@id\":\"https:\/\/www.der-mopedladen.de\/#\/schema\/logo\/image\/\",\"url\":\"https:\/\/www.der-mopedladen.de\/wp-content\/uploads\/2021\/04\/Logo-DerMopedladen_ZW_CMYK-50x36mm.jpg\",\"contentUrl\":\"https:\/\/www.der-mopedladen.de\/wp-content\/uploads\/2021\/04\/Logo-DerMopedladen_ZW_CMYK-50x36mm.jpg\",\"width\":602,\"height\":437,\"caption\":\"Der Mopedladen OHG\"},\"image\":{\"@id\":\"https:\/\/www.der-mopedladen.de\/#\/schema\/logo\/image\/\"}},{\"@type\":\"Person\",\"@id\":\"https:\/\/www.der-mopedladen.de\/#\/schema\/person\/4d0c0c9ed7d36464398049539cfdc1c0\",\"name\":\"Carsten Maluche\",\"image\":{\"@type\":\"ImageObject\",\"inLanguage\":\"de\",\"@id\":\"https:\/\/www.der-mopedladen.de\/#\/schema\/person\/image\/\",\"url\":\"https:\/\/secure.gravatar.com\/avatar\/a535b4a133389f55485f0a633a5968f3d69e644503b1fed0e6aa81083975d04a?s=96&d=mm&r=g\",\"contentUrl\":\"https:\/\/secure.gravatar.com\/avatar\/a535b4a133389f55485f0a633a5968f3d69e644503b1fed0e6aa81083975d04a?s=96&d=mm&r=g\",\"caption\":\"Carsten Maluche\"}}]}<\/script>\n<!-- \/ Yoast SEO plugin. -->","yoast_head_json":{"title":"Vespa GTS 125 . . . . . . . 5999 statt 6199 \u20ac -","description":"Die neue Vespa GTS 125 - jetzt mit Keyless-System, LED-Blinkern, neuen Bremsen und neuem Fahrwerk!","robots":{"index":"index","follow":"follow","max-snippet":"max-snippet:-1","max-image-preview":"max-image-preview:large","max-video-preview":"max-video-preview:-1"},"canonical":"https:\/\/www.der-mopedladen.de\/?p=2593","og_locale":"de_DE","og_type":"article","og_title":"Vespa GTS 125 . . . . . . . 5999 statt 6199 \u20ac -","og_description":"Die neue Vespa GTS 125 - jetzt mit Keyless-System, LED-Blinkern, neuen Bremsen und neuem Fahrwerk!","og_url":"https:\/\/www.der-mopedladen.de\/?p=2593","article_published_time":"2024-10-19T10:22:46+00:00","article_modified_time":"2025-05-21T08:38:09+00:00","og_image":[{"width":2560,"height":1920,"url":"https:\/\/www.der-mopedladen.de\/wp-content\/uploads\/2023\/01\/GTS-Schwarz-2023-1.jpg","type":"image\/jpeg"}],"author":"Carsten Maluche","twitter_card":"summary_large_image","twitter_misc":{"Verfasst von":"Carsten Maluche","Gesch\u00e4tzte Lesezeit":"1\u00a0Minute"},"schema":{"@context":"https:\/\/schema.org","@graph":[{"@type":"Article","@id":"https:\/\/www.der-mopedladen.de\/?p=2593#article","isPartOf":{"@id":"https:\/\/www.der-mopedladen.de\/?p=2593"},"author":{"name":"Carsten Maluche","@id":"https:\/\/www.der-mopedladen.de\/#\/schema\/person\/4d0c0c9ed7d36464398049539cfdc1c0"},"headline":"Vespa GTS 125 . . . . . . . 5999 statt 6199 \u20ac","datePublished":"2024-10-19T10:22:46+00:00","dateModified":"2025-05-21T08:38:09+00:00","mainEntityOfPage":{"@id":"https:\/\/www.der-mopedladen.de\/?p=2593"},"wordCount":153,"publisher":{"@id":"https:\/\/www.der-mopedladen.de\/#organization"},"image":{"@id":"https:\/\/www.der-mopedladen.de\/?p=2593#primaryimage"},"thumbnailUrl":"https:\/\/www.der-mopedladen.de\/wp-content\/uploads\/2023\/01\/GTS-Schwarz-2023-1.jpg","keywords":["125er","4 Takt","ab 16","ABS","B196","Einspritzung","Keyless","Vespa"],"articleSection":["Roller ab 125 ccm","Vespa"],"inLanguage":"de"},{"@type":"WebPage","@id":"https:\/\/www.der-mopedladen.de\/?p=2593","url":"https:\/\/www.der-mopedladen.de\/?p=2593","name":"Vespa GTS 125 . . . . . . . 5999 statt 6199 \u20ac -","isPartOf":{"@id":"https:\/\/www.der-mopedladen.de\/#website"},"primaryImageOfPage":{"@id":"https:\/\/www.der-mopedladen.de\/?p=2593#primaryimage"},"image":{"@id":"https:\/\/www.der-mopedladen.de\/?p=2593#primaryimage"},"thumbnailUrl":"https:\/\/www.der-mopedladen.de\/wp-content\/uploads\/2023\/01\/GTS-Schwarz-2023-1.jpg","datePublished":"2024-10-19T10:22:46+00:00","dateModified":"2025-05-21T08:38:09+00:00","description":"Die neue Vespa GTS 125 - jetzt mit Keyless-System, LED-Blinkern, neuen Bremsen und neuem Fahrwerk!","breadcrumb":{"@id":"https:\/\/www.der-mopedladen.de\/?p=2593#breadcrumb"},"inLanguage":"de","potentialAction":[{"@type":"ReadAction","target":["https:\/\/www.der-mopedladen.de\/?p=2593"]}]},{"@type":"ImageObject","inLanguage":"de","@id":"https:\/\/www.der-mopedladen.de\/?p=2593#primaryimage","url":"https:\/\/www.der-mopedladen.de\/wp-content\/uploads\/2023\/01\/GTS-Schwarz-2023-1.jpg","contentUrl":"https:\/\/www.der-mopedladen.de\/wp-content\/uploads\/2023\/01\/GTS-Schwarz-2023-1.jpg","width":2560,"height":1920},{"@type":"BreadcrumbList","@id":"https:\/\/www.der-mopedladen.de\/?p=2593#breadcrumb","itemListElement":[{"@type":"ListItem","position":1,"name":"Startseite","item":"https:\/\/www.der-mopedladen.de\/"},{"@type":"ListItem","position":2,"name":"Vespa GTS 125 . . . . . . . 5999 statt 6199 \u20ac"}]},{"@type":"WebSite","@id":"https:\/\/www.der-mopedladen.de\/#website","url":"https:\/\/www.der-mopedladen.de\/","name":"","description":"","publisher":{"@id":"https:\/\/www.der-mopedladen.de\/#organization"},"potentialAction":[{"@type":"SearchAction","target":{"@type":"EntryPoint","urlTemplate":"https:\/\/www.der-mopedladen.de\/?s={search_term_string}"},"query-input":{"@type":"PropertyValueSpecification","valueRequired":true,"valueName":"search_term_string"}}],"inLanguage":"de"},{"@type":"Organization","@id":"https:\/\/www.der-mopedladen.de\/#organization","name":"Der Mopedladen OHG","url":"https:\/\/www.der-mopedladen.de\/","logo":{"@type":"ImageObject","inLanguage":"de","@id":"https:\/\/www.der-mopedladen.de\/#\/schema\/logo\/image\/","url":"https:\/\/www.der-mopedladen.de\/wp-content\/uploads\/2021\/04\/Logo-DerMopedladen_ZW_CMYK-50x36mm.jpg","contentUrl":"https:\/\/www.der-mopedladen.de\/wp-content\/uploads\/2021\/04\/Logo-DerMopedladen_ZW_CMYK-50x36mm.jpg","width":602,"height":437,"caption":"Der Mopedladen OHG"},"image":{"@id":"https:\/\/www.der-mopedladen.de\/#\/schema\/logo\/image\/"}},{"@type":"Person","@id":"https:\/\/www.der-mopedladen.de\/#\/schema\/person\/4d0c0c9ed7d36464398049539cfdc1c0","name":"Carsten Maluche","image":{"@type":"ImageObject","inLanguage":"de","@id":"https:\/\/www.der-mopedladen.de\/#\/schema\/person\/image\/","url":"https:\/\/secure.gravatar.com\/avatar\/a535b4a133389f55485f0a633a5968f3d69e644503b1fed0e6aa81083975d04a?s=96&d=mm&r=g","contentUrl":"https:\/\/secure.gravatar.com\/avatar\/a535b4a133389f55485f0a633a5968f3d69e644503b1fed0e6aa81083975d04a?s=96&d=mm&r=g","caption":"Carsten Maluche"}}]}},"_links":{"self":[{"href":"https:\/\/www.der-mopedladen.de\/index.php?rest_route=\/wp\/v2\/posts\/2593","targetHints":{"allow":["GET"]}}],"collection":[{"href":"https:\/\/www.der-mopedladen.de\/index.php?rest_route=\/wp\/v2\/posts"}],"about":[{"href":"https:\/\/www.der-mopedladen.de\/index.php?rest_route=\/wp\/v2\/types\/post"}],"author":[{"embeddable":true,"href":"https:\/\/www.der-mopedladen.de\/index.php?rest_route=\/wp\/v2\/users\/2"}],"replies":[{"embeddable":true,"href":"https:\/\/www.der-mopedladen.de\/index.php?rest_route=%2Fwp%2Fv2%2Fcomments&post=2593"}],"version-history":[{"count":0,"href":"https:\/\/www.der-mopedladen.de\/index.php?rest_route=\/wp\/v2\/posts\/2593\/revisions"}],"wp:featuredmedia":[{"embeddable":true,"href":"https:\/\/www.der-mopedladen.de\/index.php?rest_route=\/wp\/v2\/media\/14783"}],"wp:attachment":[{"href":"https:\/\/www.der-mopedladen.de\/index.php?rest_route=%2Fwp%2Fv2%2Fmedia&parent=2593"}],"wp:term":[{"taxonomy":"category","embeddable":true,"href":"https:\/\/www.der-mopedladen.de\/index.php?rest_route=%2Fwp%2Fv2%2Fcategories&post=2593"},{"taxonomy":"post_tag","embeddable":true,"href":"https:\/\/www.der-mopedladen.de\/index.php?rest_route=%2Fwp%2Fv2%2Ftags&post=2593"}],"curies":[{"name":"wp","href":"https:\/\/api.w.org\/{rel}","templated":true}]}}