{"id":2581,"date":"2024-10-21T12:23:25","date_gmt":"2024-10-21T10:23:25","guid":{"rendered":"http:\/\/www.der-mopedladen.de\/?p=2581"},"modified":"2025-12-15T14:13:20","modified_gmt":"2025-12-15T13:13:20","slug":"vespa-primavera-125","status":"publish","type":"post","link":"https:\/\/www.der-mopedladen.de\/?p=2581","title":{"rendered":"Vespa Primavera 125 . . . . . . . ab 4699 statt 5199 \u20ac"},"content":{"rendered":"<div id=\"c4020\" class=\"csc-default csc-space\">\n<div id=\"c4020\" class=\"csc-default csc-space\">\n<p class=\"bodytext\"><strong>Wir haben an der Preisschraube gedreht: Bei der Vespa Primavera 125 spart ihr jetzt volle 500 Euro!<\/strong> Preis gilt nur f\u00fcr Lagerfahrzeug und solange Vorrat reicht.<\/p>\n<p class=\"bodytext\">Die Vespa Primavera wird in der Version 125 cm\u00b3 von dem ultramodernen iGet-3-Ventilmotor angetrieben. Dieser Motor z\u00e4hlt zu den fortschrittlichsten und am weitesten entwickelten Motoren auf dem Rollermarkt. Er zeichnet sich durch exzellente Leistungen und minimalen Verbrauch aus.<br \/>\nEine elegante Farbpalette und die Kombination mit den Bez\u00fcgen der S\u00e4ttel machen aus der Vespa Primavera ein kleines Stil-Juwel. Bereichert wird das Ganze durch verchromte Elemente und au\u00dfergew\u00f6hnliche Einzelheiten, Ergebnis einer Detailpflege, die nur Vespa zu bieten hat. In der Stadt zu fahren wird zu einem echten Vergn\u00fcgen, f\u00fcr Sie und f\u00fcr alle, die Sie auf Ihrer Vespa Primavera vorbeiflitzen sehen.<\/p>\n<ul>\n<li class=\"bodytext\">ABS serienm\u00e4\u00dfig am Vorderrad<\/li>\n<li>Sparsamer Viertaktmotor mit Einspritzung<\/li>\n<li class=\"bodytext\">Klassisches Design<\/li>\n<li>Auch als Primavera S in exklusiven Farben f\u00fcr 5.099 statt 5.299 \u20ac erh\u00e4ltlich!<\/li>\n<li>Auch als Primavera Tech in exklusiven Farben f\u00fcr 5.499 statt 5.699 \u20ac erh\u00e4ltlich!<\/li>\n<li>Sondermodelle Primavera Batik + RED in exclusivem Design f\u00fcr 5.199.statt 5.399 \u20ac erh\u00e4ltlich!<\/li>\n<li>Sondermodell Primavera Officina 8 f\u00fcr 5.299 statt 5.499 \u20ac erh\u00e4ltlich!<\/li>\n<li><strong>ACHTUNG: Alle aktuellen Farben und Modelle finden Sie auf der <a href=\"https:\/\/www.vespa.com\/de_DE\/models\/primavera\/\" target=\"_blank\" rel=\"noopener\">VESPA-Homepage!<\/a><\/strong><\/li>\n<\/ul>\n<div id=\"c4026\" class=\"csc-default csc-space\">\n<div class=\"csc-header csc-header-n1\">\n<h3>Fahrzeugdetails<\/h3>\n<\/div>\n<table class=\"fahrzeugdaten\">\n<tbody>\n<tr>\n<td>Verf\u00fcgbarkeit<\/td>\n<td>Diverse Varianten vorr\u00e4tig, bitte nachfragen!<\/td>\n<\/tr>\n<tr>\n<td>F\u00fchrerschein<\/td>\n<td>A, A1, A2, B(196)<\/td>\n<\/tr>\n<tr>\n<td>Leistung<\/td>\n<td>8 kW \/ 11 PS<\/td>\n<\/tr>\n<tr>\n<td>Sitzh\u00f6he<\/td>\n<td>790 mm<\/td>\n<\/tr>\n<tr>\n<td>H\u00f6chstgeschwindigkeit<\/td>\n<td>91 km\/h<\/td>\n<\/tr>\n<tr>\n<td>Leer-\/Gesamtgewicht<\/td>\n<td>126 kg (fahrbereit) \/ 305 kg<\/td>\n<\/tr>\n<tr>\n<td>Farben<\/td>\n<td><strong>Standard:<\/strong> Schwarz, Wei\u00df, Orange, Dunkelblau, Hellgr\u00fcn<strong>Primavera S<\/strong>: Beige, Gelb, Schwarz-Matt<\/p>\n<p><strong>Primavera Tech:<\/strong> Blau-Matt, Hellgrau-Matt<\/td>\n<\/tr>\n<\/tbody>\n<\/table>\n<\/div>\n<div class=\"finanzierungsWrap\">\n<div id=\"c4019\" class=\"csc-default csc-space\">\n<div class=\"csc-header csc-header-n1\">\n<h3>Finanzierung<\/h3>\n<\/div>\n<table class=\"fahrzeugdaten\">\n<tbody>\n<tr>\n<td>Finanzierung \u00fcber Creditplus-Bank m\u00f6glich!<\/td>\n<td><\/td>\n<\/tr>\n<\/tbody>\n<\/table>\n<\/div>\n<\/div>\n<\/div>\n<\/div>\n<div id=\"envira-gallery-wrap-3273\" class=\"envira-gallery-wrap envira-gallery-theme-base envira-lightbox-theme-base\" itemscope itemtype=\"https:\/\/schema.org\/ImageGallery\"><div data-row-height=\"150\" data-gallery-theme=\"normal\" id=\"envira-gallery-3273\" class=\"envira-gallery-public envira-gallery-justified-public envira-gallery-0-columns envira-clear enviratope envira-gallery-css-animations\" data-envira-columns=\"0\"><div id=\"envira-gallery-item-19730\" class=\"envira-gallery-item enviratope-item envira-gallery-item-1\" style=\"padding-left: 5px; padding-bottom: 10px; padding-right: 5px;\"  itemscope itemtype=\"https:\/\/schema.org\/ImageObject\"><div class=\"envira-gallery-item-inner\"><div class=\"envira-gallery-position-overlay  envira-gallery-top-left\"><\/div><div class=\"envira-gallery-position-overlay  envira-gallery-top-right\"><\/div><div class=\"envira-gallery-position-overlay  envira-gallery-bottom-left\"><\/div><div class=\"envira-gallery-position-overlay  envira-gallery-bottom-right\"><\/div><a href=\"https:\/\/www.der-mopedladen.de\/wp-content\/uploads\/2024\/06\/Prima-50-blau-FL-7.jpg\" class=\"envira-gallery-3273 envira-gallery-link\" rel=\"enviragallery3273\" title=\"Prima 50 blau FL 2\" data-envira-caption=\"Prima 50 blau FL 2\" data-envira-retina=\"\" data-thumbnail=\"\"  itemprop=\"contentUrl\"><img decoding=\"async\" id=\"envira-gallery-image-19730\" class=\"envira-gallery-image envira-gallery-image-1 envira-normal \" data-envira-index=\"1\" src=\"https:\/\/www.der-mopedladen.de\/wp-content\/uploads\/2024\/06\/Prima-50-blau-FL-7-1024x768-640x480.jpg\" data-envira-src=\"https:\/\/www.der-mopedladen.de\/wp-content\/uploads\/2024\/06\/Prima-50-blau-FL-7-1024x768-640x480.jpg\" data-envira-gallery-id=\"3273\" data-envira-item-id=\"19730\" data-envira-caption=\"Prima 50 blau FL 2\" alt=\"\" title=\"Prima 50 blau FL 2\"  itemprop=\"thumbnailUrl\" data-envira-srcset=\"https:\/\/www.der-mopedladen.de\/wp-content\/uploads\/2024\/06\/Prima-50-blau-FL-7-1024x768-640x480.jpg 400w,https:\/\/www.der-mopedladen.de\/wp-content\/uploads\/2024\/06\/Prima-50-blau-FL-7-1024x768-640x480.jpg 2x\" data-envira-width=\"300\" data-envira-height=\"225\" srcset=\"https:\/\/www.der-mopedladen.de\/wp-content\/uploads\/2024\/06\/Prima-50-blau-FL-7-1280x960.jpg 2x\" data-safe-src=\"https:\/\/www.der-mopedladen.de\/wp-content\/uploads\/2024\/06\/Prima-50-blau-FL-7-1024x768-640x480.jpg\" \/><\/a><\/div><\/div><div id=\"envira-gallery-item-19768\" class=\"envira-gallery-item enviratope-item envira-gallery-item-2\" style=\"padding-left: 5px; padding-bottom: 10px; padding-right: 5px;\"  itemscope itemtype=\"https:\/\/schema.org\/ImageObject\"><div class=\"envira-gallery-item-inner\"><div class=\"envira-gallery-position-overlay  envira-gallery-top-left\"><\/div><div class=\"envira-gallery-position-overlay  envira-gallery-top-right\"><\/div><div class=\"envira-gallery-position-overlay  envira-gallery-bottom-left\"><\/div><div class=\"envira-gallery-position-overlay  envira-gallery-bottom-right\"><\/div><a href=\"https:\/\/www.der-mopedladen.de\/wp-content\/uploads\/2024\/06\/Prima-50-gruen-FL-1.jpg\" class=\"envira-gallery-3273 envira-gallery-link\" rel=\"enviragallery3273\" title=\"Prima 50 gr&uuml;n FL 1\" data-envira-caption=\"Prima 50 gr&uuml;n FL 1\" data-envira-retina=\"\" data-thumbnail=\"\"  itemprop=\"contentUrl\"><img decoding=\"async\" id=\"envira-gallery-image-19768\" class=\"envira-gallery-image envira-gallery-image-2 envira-normal \" data-envira-index=\"2\" src=\"https:\/\/www.der-mopedladen.de\/wp-content\/uploads\/2024\/06\/Prima-50-gruen-FL-1-1024x768-640x480.jpg\" data-envira-src=\"https:\/\/www.der-mopedladen.de\/wp-content\/uploads\/2024\/06\/Prima-50-gruen-FL-1-1024x768-640x480.jpg\" data-envira-gallery-id=\"3273\" data-envira-item-id=\"19768\" data-envira-caption=\"Prima 50 gr&uuml;n FL 1\" alt=\"\" title=\"Prima 50 gr\u00fcn FL 1\"  itemprop=\"thumbnailUrl\" data-envira-srcset=\"https:\/\/www.der-mopedladen.de\/wp-content\/uploads\/2024\/06\/Prima-50-gruen-FL-1-1024x768-640x480.jpg 400w,https:\/\/www.der-mopedladen.de\/wp-content\/uploads\/2024\/06\/Prima-50-gruen-FL-1-1024x768-640x480.jpg 2x\" data-envira-width=\"300\" data-envira-height=\"225\" srcset=\"https:\/\/www.der-mopedladen.de\/wp-content\/uploads\/2024\/06\/Prima-50-gruen-FL-1-1280x960.jpg 2x\" data-safe-src=\"https:\/\/www.der-mopedladen.de\/wp-content\/uploads\/2024\/06\/Prima-50-gruen-FL-1-1024x768-640x480.jpg\" \/><\/a><\/div><\/div><div id=\"envira-gallery-item-19671\" class=\"envira-gallery-item enviratope-item envira-gallery-item-3\" style=\"padding-left: 5px; padding-bottom: 10px; padding-right: 5px;\"  itemscope itemtype=\"https:\/\/schema.org\/ImageObject\"><div class=\"envira-gallery-item-inner\"><div class=\"envira-gallery-position-overlay  envira-gallery-top-left\"><\/div><div class=\"envira-gallery-position-overlay  envira-gallery-top-right\"><\/div><div class=\"envira-gallery-position-overlay  envira-gallery-bottom-left\"><\/div><div class=\"envira-gallery-position-overlay  envira-gallery-bottom-right\"><\/div><a href=\"https:\/\/www.der-mopedladen.de\/wp-content\/uploads\/2024\/05\/Primavera-weiss-FL-1.jpg\" class=\"envira-gallery-3273 envira-gallery-link\" rel=\"enviragallery3273\" title=\"Primavera weiss FL 4\" data-envira-caption=\"Primavera weiss FL 4\" data-envira-retina=\"\" data-thumbnail=\"\"  itemprop=\"contentUrl\"><img decoding=\"async\" id=\"envira-gallery-image-19671\" class=\"envira-gallery-image envira-gallery-image-3 envira-normal \" data-envira-index=\"3\" src=\"https:\/\/www.der-mopedladen.de\/wp-content\/uploads\/2024\/05\/Primavera-weiss-FL-1-1024x768-640x480.jpg\" data-envira-src=\"https:\/\/www.der-mopedladen.de\/wp-content\/uploads\/2024\/05\/Primavera-weiss-FL-1-1024x768-640x480.jpg\" data-envira-gallery-id=\"3273\" data-envira-item-id=\"19671\" data-envira-caption=\"Primavera weiss FL 4\" alt=\"\" title=\"Primavera weiss FL 4\"  itemprop=\"thumbnailUrl\" data-envira-srcset=\"https:\/\/www.der-mopedladen.de\/wp-content\/uploads\/2024\/05\/Primavera-weiss-FL-1-1024x768-640x480.jpg 400w,https:\/\/www.der-mopedladen.de\/wp-content\/uploads\/2024\/05\/Primavera-weiss-FL-1-1024x768-640x480.jpg 2x\" data-envira-width=\"300\" data-envira-height=\"225\" srcset=\"https:\/\/www.der-mopedladen.de\/wp-content\/uploads\/2024\/05\/Primavera-weiss-FL-1-1280x960.jpg 2x\" data-safe-src=\"https:\/\/www.der-mopedladen.de\/wp-content\/uploads\/2024\/05\/Primavera-weiss-FL-1-1024x768-640x480.jpg\" \/><\/a><\/div><\/div><div id=\"envira-gallery-item-20495\" class=\"envira-gallery-item enviratope-item envira-gallery-item-4\" style=\"padding-left: 5px; padding-bottom: 10px; padding-right: 5px;\"  itemscope itemtype=\"https:\/\/schema.org\/ImageObject\"><div class=\"envira-gallery-item-inner\"><div class=\"envira-gallery-position-overlay  envira-gallery-top-left\"><\/div><div class=\"envira-gallery-position-overlay  envira-gallery-top-right\"><\/div><div class=\"envira-gallery-position-overlay  envira-gallery-bottom-left\"><\/div><div class=\"envira-gallery-position-overlay  envira-gallery-bottom-right\"><\/div><a href=\"https:\/\/www.der-mopedladen.de\/wp-content\/uploads\/2024\/10\/Primavera-S-gelb-1.jpg\" class=\"envira-gallery-3273 envira-gallery-link\" rel=\"enviragallery3273\" title=\"Primavera S gelb 3\" data-envira-caption=\"Primavera S gelb 3\" data-envira-retina=\"\" data-thumbnail=\"\"  itemprop=\"contentUrl\"><img decoding=\"async\" id=\"envira-gallery-image-20495\" class=\"envira-gallery-image envira-gallery-image-4 envira-normal \" data-envira-index=\"4\" src=\"https:\/\/www.der-mopedladen.de\/wp-content\/uploads\/2024\/10\/Primavera-S-gelb-1-1024x768-640x480.jpg\" data-envira-src=\"https:\/\/www.der-mopedladen.de\/wp-content\/uploads\/2024\/10\/Primavera-S-gelb-1-1024x768-640x480.jpg\" data-envira-gallery-id=\"3273\" data-envira-item-id=\"20495\" data-envira-caption=\"Primavera S gelb 3\" alt=\"\" title=\"Primavera S gelb 3\"  itemprop=\"thumbnailUrl\" data-envira-srcset=\"https:\/\/www.der-mopedladen.de\/wp-content\/uploads\/2024\/10\/Primavera-S-gelb-1-1024x768-640x480.jpg 400w,https:\/\/www.der-mopedladen.de\/wp-content\/uploads\/2024\/10\/Primavera-S-gelb-1-1024x768-640x480.jpg 2x\" data-envira-width=\"300\" data-envira-height=\"225\" srcset=\"https:\/\/www.der-mopedladen.de\/wp-content\/uploads\/2024\/10\/Primavera-S-gelb-1-1280x960.jpg 2x\" data-safe-src=\"https:\/\/www.der-mopedladen.de\/wp-content\/uploads\/2024\/10\/Primavera-S-gelb-1-1024x768-640x480.jpg\" \/><\/a><\/div><\/div><div id=\"envira-gallery-item-19678\" class=\"envira-gallery-item enviratope-item envira-gallery-item-5\" style=\"padding-left: 5px; padding-bottom: 10px; padding-right: 5px;\"  itemscope itemtype=\"https:\/\/schema.org\/ImageObject\"><div class=\"envira-gallery-item-inner\"><div class=\"envira-gallery-position-overlay  envira-gallery-top-left\"><\/div><div class=\"envira-gallery-position-overlay  envira-gallery-top-right\"><\/div><div class=\"envira-gallery-position-overlay  envira-gallery-bottom-left\"><\/div><div class=\"envira-gallery-position-overlay  envira-gallery-bottom-right\"><\/div><a href=\"https:\/\/www.der-mopedladen.de\/wp-content\/uploads\/2024\/05\/Primavera-S-mattschwarz-FL-9.jpg\" class=\"envira-gallery-3273 envira-gallery-link\" rel=\"enviragallery3273\" title=\"Primavera S mattschwarz FL 3\" data-envira-caption=\"Primavera S mattschwarz FL 3\" data-envira-retina=\"\" data-thumbnail=\"\"  itemprop=\"contentUrl\"><img decoding=\"async\" id=\"envira-gallery-image-19678\" class=\"envira-gallery-image envira-gallery-image-5 envira-normal \" data-envira-index=\"5\" src=\"https:\/\/www.der-mopedladen.de\/wp-content\/uploads\/2024\/05\/Primavera-S-mattschwarz-FL-9-1024x768-640x480.jpg\" data-envira-src=\"https:\/\/www.der-mopedladen.de\/wp-content\/uploads\/2024\/05\/Primavera-S-mattschwarz-FL-9-1024x768-640x480.jpg\" data-envira-gallery-id=\"3273\" data-envira-item-id=\"19678\" data-envira-caption=\"Primavera S mattschwarz FL 3\" alt=\"\" title=\"Primavera S mattschwarz FL 3\"  itemprop=\"thumbnailUrl\" data-envira-srcset=\"https:\/\/www.der-mopedladen.de\/wp-content\/uploads\/2024\/05\/Primavera-S-mattschwarz-FL-9-1024x768-640x480.jpg 400w,https:\/\/www.der-mopedladen.de\/wp-content\/uploads\/2024\/05\/Primavera-S-mattschwarz-FL-9-1024x768-640x480.jpg 2x\" data-envira-width=\"300\" data-envira-height=\"225\" srcset=\"https:\/\/www.der-mopedladen.de\/wp-content\/uploads\/2024\/05\/Primavera-S-mattschwarz-FL-9-1280x960.jpg 2x\" data-safe-src=\"https:\/\/www.der-mopedladen.de\/wp-content\/uploads\/2024\/05\/Primavera-S-mattschwarz-FL-9-1024x768-640x480.jpg\" \/><\/a><\/div><\/div><div id=\"envira-gallery-item-19728\" class=\"envira-gallery-item enviratope-item envira-gallery-item-6\" style=\"padding-left: 5px; padding-bottom: 10px; padding-right: 5px;\"  itemscope itemtype=\"https:\/\/schema.org\/ImageObject\"><div class=\"envira-gallery-item-inner\"><div class=\"envira-gallery-position-overlay  envira-gallery-top-left\"><\/div><div class=\"envira-gallery-position-overlay  envira-gallery-top-right\"><\/div><div class=\"envira-gallery-position-overlay  envira-gallery-bottom-left\"><\/div><div class=\"envira-gallery-position-overlay  envira-gallery-bottom-right\"><\/div><a href=\"https:\/\/www.der-mopedladen.de\/wp-content\/uploads\/2024\/06\/Prima-S-50-beige-3.jpg\" class=\"envira-gallery-3273 envira-gallery-link\" rel=\"enviragallery3273\" title=\"Prima S 50 beige 3\" data-envira-caption=\"Prima S 50 beige 3\" data-envira-retina=\"\" data-thumbnail=\"\"  itemprop=\"contentUrl\"><img decoding=\"async\" id=\"envira-gallery-image-19728\" class=\"envira-gallery-image envira-gallery-image-6 envira-normal \" data-envira-index=\"6\" src=\"https:\/\/www.der-mopedladen.de\/wp-content\/uploads\/2024\/06\/Prima-S-50-beige-3-1024x768-640x480.jpg\" data-envira-src=\"https:\/\/www.der-mopedladen.de\/wp-content\/uploads\/2024\/06\/Prima-S-50-beige-3-1024x768-640x480.jpg\" data-envira-gallery-id=\"3273\" data-envira-item-id=\"19728\" data-envira-caption=\"Prima S 50 beige 3\" alt=\"\" title=\"Prima S 50 beige 3\"  itemprop=\"thumbnailUrl\" data-envira-srcset=\"https:\/\/www.der-mopedladen.de\/wp-content\/uploads\/2024\/06\/Prima-S-50-beige-3-1024x768-640x480.jpg 400w,https:\/\/www.der-mopedladen.de\/wp-content\/uploads\/2024\/06\/Prima-S-50-beige-3-1024x768-640x480.jpg 2x\" data-envira-width=\"300\" data-envira-height=\"225\" srcset=\"https:\/\/www.der-mopedladen.de\/wp-content\/uploads\/2024\/06\/Prima-S-50-beige-3-1280x960.jpg 2x\" data-safe-src=\"https:\/\/www.der-mopedladen.de\/wp-content\/uploads\/2024\/06\/Prima-S-50-beige-3-1024x768-640x480.jpg\" \/><\/a><\/div><\/div><div id=\"envira-gallery-item-19675\" class=\"envira-gallery-item enviratope-item envira-gallery-item-7\" style=\"padding-left: 5px; padding-bottom: 10px; padding-right: 5px;\"  itemscope itemtype=\"https:\/\/schema.org\/ImageObject\"><div class=\"envira-gallery-item-inner\"><div class=\"envira-gallery-position-overlay  envira-gallery-top-left\"><\/div><div class=\"envira-gallery-position-overlay  envira-gallery-top-right\"><\/div><div class=\"envira-gallery-position-overlay  envira-gallery-bottom-left\"><\/div><div class=\"envira-gallery-position-overlay  envira-gallery-bottom-right\"><\/div><a href=\"https:\/\/www.der-mopedladen.de\/wp-content\/uploads\/2024\/05\/Primavera-weiss-FL-3.jpg\" class=\"envira-gallery-3273 envira-gallery-link\" rel=\"enviragallery3273\" title=\"Primavera weiss FL 7\" data-envira-caption=\"Primavera weiss FL 7\" data-envira-retina=\"\" data-thumbnail=\"\"  itemprop=\"contentUrl\"><img decoding=\"async\" id=\"envira-gallery-image-19675\" class=\"envira-gallery-image envira-gallery-image-7 envira-normal \" data-envira-index=\"7\" src=\"https:\/\/www.der-mopedladen.de\/wp-content\/uploads\/2024\/05\/Primavera-weiss-FL-3-1024x768-640x480.jpg\" data-envira-src=\"https:\/\/www.der-mopedladen.de\/wp-content\/uploads\/2024\/05\/Primavera-weiss-FL-3-1024x768-640x480.jpg\" data-envira-gallery-id=\"3273\" data-envira-item-id=\"19675\" data-envira-caption=\"Primavera weiss FL 7\" alt=\"\" title=\"Primavera weiss FL 7\"  itemprop=\"thumbnailUrl\" data-envira-srcset=\"https:\/\/www.der-mopedladen.de\/wp-content\/uploads\/2024\/05\/Primavera-weiss-FL-3-1024x768-640x480.jpg 400w,https:\/\/www.der-mopedladen.de\/wp-content\/uploads\/2024\/05\/Primavera-weiss-FL-3-1024x768-640x480.jpg 2x\" data-envira-width=\"300\" data-envira-height=\"225\" srcset=\"https:\/\/www.der-mopedladen.de\/wp-content\/uploads\/2024\/05\/Primavera-weiss-FL-3-1280x960.jpg 2x\" data-safe-src=\"https:\/\/www.der-mopedladen.de\/wp-content\/uploads\/2024\/05\/Primavera-weiss-FL-3-1024x768-640x480.jpg\" \/><\/a><\/div><\/div><div id=\"envira-gallery-item-19682\" class=\"envira-gallery-item enviratope-item envira-gallery-item-8\" style=\"padding-left: 5px; padding-bottom: 10px; padding-right: 5px;\"  itemscope itemtype=\"https:\/\/schema.org\/ImageObject\"><div class=\"envira-gallery-item-inner\"><div class=\"envira-gallery-position-overlay  envira-gallery-top-left\"><\/div><div class=\"envira-gallery-position-overlay  envira-gallery-top-right\"><\/div><div class=\"envira-gallery-position-overlay  envira-gallery-bottom-left\"><\/div><div class=\"envira-gallery-position-overlay  envira-gallery-bottom-right\"><\/div><a href=\"https:\/\/www.der-mopedladen.de\/wp-content\/uploads\/2024\/05\/Primavera-S-mattschwarz-FL-3.jpg\" class=\"envira-gallery-3273 envira-gallery-link\" rel=\"enviragallery3273\" title=\"Primavera S mattschwarz FL 8\" data-envira-caption=\"Primavera S mattschwarz FL 8\" data-envira-retina=\"\" data-thumbnail=\"\"  itemprop=\"contentUrl\"><img decoding=\"async\" id=\"envira-gallery-image-19682\" class=\"envira-gallery-image envira-gallery-image-8 envira-normal \" data-envira-index=\"8\" src=\"https:\/\/www.der-mopedladen.de\/wp-content\/uploads\/2024\/05\/Primavera-S-mattschwarz-FL-3-1024x768-640x480.jpg\" data-envira-src=\"https:\/\/www.der-mopedladen.de\/wp-content\/uploads\/2024\/05\/Primavera-S-mattschwarz-FL-3-1024x768-640x480.jpg\" data-envira-gallery-id=\"3273\" data-envira-item-id=\"19682\" data-envira-caption=\"Primavera S mattschwarz FL 8\" alt=\"\" title=\"Primavera S mattschwarz FL 8\"  itemprop=\"thumbnailUrl\" data-envira-srcset=\"https:\/\/www.der-mopedladen.de\/wp-content\/uploads\/2024\/05\/Primavera-S-mattschwarz-FL-3-1024x768-640x480.jpg 400w,https:\/\/www.der-mopedladen.de\/wp-content\/uploads\/2024\/05\/Primavera-S-mattschwarz-FL-3-1024x768-640x480.jpg 2x\" data-envira-width=\"300\" data-envira-height=\"225\" srcset=\"https:\/\/www.der-mopedladen.de\/wp-content\/uploads\/2024\/05\/Primavera-S-mattschwarz-FL-3-1280x960.jpg 2x\" data-safe-src=\"https:\/\/www.der-mopedladen.de\/wp-content\/uploads\/2024\/05\/Primavera-S-mattschwarz-FL-3-1024x768-640x480.jpg\" \/><\/a><\/div><\/div><div id=\"envira-gallery-item-8463\" class=\"envira-gallery-item enviratope-item envira-gallery-item-9\" style=\"padding-left: 5px; padding-bottom: 10px; padding-right: 5px;\"  itemscope itemtype=\"https:\/\/schema.org\/ImageObject\"><div class=\"envira-gallery-item-inner\"><div class=\"envira-gallery-position-overlay  envira-gallery-top-left\"><\/div><div class=\"envira-gallery-position-overlay  envira-gallery-top-right\"><\/div><div class=\"envira-gallery-position-overlay  envira-gallery-bottom-left\"><\/div><div class=\"envira-gallery-position-overlay  envira-gallery-bottom-right\"><\/div><a href=\"http:\/\/www.der-mopedladen.de\/wp-content\/uploads\/2020\/01\/Primavera-schwarz-1.png\" class=\"envira-gallery-3273 envira-gallery-link\" rel=\"enviragallery3273\" title=\"Primavera schwarz 1\" data-envira-caption=\"Primavera schwarz 1\" data-envira-retina=\"\" data-thumbnail=\"\"  itemprop=\"contentUrl\"><img decoding=\"async\" id=\"envira-gallery-image-8463\" class=\"envira-gallery-image envira-gallery-image-9 envira-normal \" data-envira-index=\"9\" src=\"https:\/\/www.der-mopedladen.de\/wp-content\/uploads\/2020\/01\/Primavera-schwarz-1-640x480.png\" data-envira-src=\"https:\/\/www.der-mopedladen.de\/wp-content\/uploads\/2020\/01\/Primavera-schwarz-1-640x480.png\" data-envira-gallery-id=\"3273\" data-envira-item-id=\"8463\" data-envira-caption=\"Primavera schwarz 1\" alt=\"\" title=\"Primavera schwarz 1\"  itemprop=\"thumbnailUrl\" data-envira-srcset=\"https:\/\/www.der-mopedladen.de\/wp-content\/uploads\/2020\/01\/Primavera-schwarz-1-640x480.png 400w,https:\/\/www.der-mopedladen.de\/wp-content\/uploads\/2020\/01\/Primavera-schwarz-1-640x480.png 2x\" data-envira-width=\"300\" data-envira-height=\"217\" srcset=\"https:\/\/www.der-mopedladen.de\/wp-content\/uploads\/2020\/01\/Primavera-schwarz-1-1280x960.png 2x\" data-safe-src=\"https:\/\/www.der-mopedladen.de\/wp-content\/uploads\/2020\/01\/Primavera-schwarz-1-640x480.png\" \/><\/a><\/div><\/div><div id=\"envira-gallery-item-19683\" class=\"envira-gallery-item enviratope-item envira-gallery-item-10\" style=\"padding-left: 5px; padding-bottom: 10px; padding-right: 5px;\"  itemscope itemtype=\"https:\/\/schema.org\/ImageObject\"><div class=\"envira-gallery-item-inner\"><div class=\"envira-gallery-position-overlay  envira-gallery-top-left\"><\/div><div class=\"envira-gallery-position-overlay  envira-gallery-top-right\"><\/div><div class=\"envira-gallery-position-overlay  envira-gallery-bottom-left\"><\/div><div class=\"envira-gallery-position-overlay  envira-gallery-bottom-right\"><\/div><a href=\"https:\/\/www.der-mopedladen.de\/wp-content\/uploads\/2024\/05\/Primavera-S-mattschwarz-FL-2.jpg\" class=\"envira-gallery-3273 envira-gallery-link\" rel=\"enviragallery3273\" title=\"Primavera S mattschwarz FL 9\" data-envira-caption=\"Primavera S mattschwarz FL 9\" data-envira-retina=\"\" data-thumbnail=\"\"  itemprop=\"contentUrl\"><img decoding=\"async\" id=\"envira-gallery-image-19683\" class=\"envira-gallery-image envira-gallery-image-10 envira-normal \" data-envira-index=\"10\" src=\"https:\/\/www.der-mopedladen.de\/wp-content\/uploads\/2024\/05\/Primavera-S-mattschwarz-FL-2-1024x768-640x480.jpg\" data-envira-src=\"https:\/\/www.der-mopedladen.de\/wp-content\/uploads\/2024\/05\/Primavera-S-mattschwarz-FL-2-1024x768-640x480.jpg\" data-envira-gallery-id=\"3273\" data-envira-item-id=\"19683\" data-envira-caption=\"Primavera S mattschwarz FL 9\" alt=\"\" title=\"Primavera S mattschwarz FL 9\"  itemprop=\"thumbnailUrl\" data-envira-srcset=\"https:\/\/www.der-mopedladen.de\/wp-content\/uploads\/2024\/05\/Primavera-S-mattschwarz-FL-2-1024x768-640x480.jpg 400w,https:\/\/www.der-mopedladen.de\/wp-content\/uploads\/2024\/05\/Primavera-S-mattschwarz-FL-2-1024x768-640x480.jpg 2x\" data-envira-width=\"300\" data-envira-height=\"225\" srcset=\"https:\/\/www.der-mopedladen.de\/wp-content\/uploads\/2024\/05\/Primavera-S-mattschwarz-FL-2-1280x960.jpg 2x\" data-safe-src=\"https:\/\/www.der-mopedladen.de\/wp-content\/uploads\/2024\/05\/Primavera-S-mattschwarz-FL-2-1024x768-640x480.jpg\" \/><\/a><\/div><\/div><div id=\"envira-gallery-item-19681\" class=\"envira-gallery-item enviratope-item envira-gallery-item-11\" style=\"padding-left: 5px; padding-bottom: 10px; padding-right: 5px;\"  itemscope itemtype=\"https:\/\/schema.org\/ImageObject\"><div class=\"envira-gallery-item-inner\"><div class=\"envira-gallery-position-overlay  envira-gallery-top-left\"><\/div><div class=\"envira-gallery-position-overlay  envira-gallery-top-right\"><\/div><div class=\"envira-gallery-position-overlay  envira-gallery-bottom-left\"><\/div><div class=\"envira-gallery-position-overlay  envira-gallery-bottom-right\"><\/div><a href=\"https:\/\/www.der-mopedladen.de\/wp-content\/uploads\/2024\/05\/Primavera-S-mattschwarz-FL-5.jpg\" class=\"envira-gallery-3273 envira-gallery-link\" rel=\"enviragallery3273\" title=\"Primavera S mattschwarz FL 7\" data-envira-caption=\"Primavera S mattschwarz FL 7\" data-envira-retina=\"\" data-thumbnail=\"\"  itemprop=\"contentUrl\"><img decoding=\"async\" id=\"envira-gallery-image-19681\" class=\"envira-gallery-image envira-gallery-image-11 envira-normal \" data-envira-index=\"11\" src=\"https:\/\/www.der-mopedladen.de\/wp-content\/uploads\/2024\/05\/Primavera-S-mattschwarz-FL-5-1024x768-640x480.jpg\" data-envira-src=\"https:\/\/www.der-mopedladen.de\/wp-content\/uploads\/2024\/05\/Primavera-S-mattschwarz-FL-5-1024x768-640x480.jpg\" data-envira-gallery-id=\"3273\" data-envira-item-id=\"19681\" data-envira-caption=\"Primavera S mattschwarz FL 7\" alt=\"\" title=\"Primavera S mattschwarz FL 7\"  itemprop=\"thumbnailUrl\" data-envira-srcset=\"https:\/\/www.der-mopedladen.de\/wp-content\/uploads\/2024\/05\/Primavera-S-mattschwarz-FL-5-1024x768-640x480.jpg 400w,https:\/\/www.der-mopedladen.de\/wp-content\/uploads\/2024\/05\/Primavera-S-mattschwarz-FL-5-1024x768-640x480.jpg 2x\" data-envira-width=\"300\" data-envira-height=\"225\" srcset=\"https:\/\/www.der-mopedladen.de\/wp-content\/uploads\/2024\/05\/Primavera-S-mattschwarz-FL-5-1280x960.jpg 2x\" data-safe-src=\"https:\/\/www.der-mopedladen.de\/wp-content\/uploads\/2024\/05\/Primavera-S-mattschwarz-FL-5-1024x768-640x480.jpg\" \/><\/a><\/div><\/div><div id=\"envira-gallery-item-19680\" class=\"envira-gallery-item enviratope-item envira-gallery-item-12\" style=\"padding-left: 5px; padding-bottom: 10px; padding-right: 5px;\"  itemscope itemtype=\"https:\/\/schema.org\/ImageObject\"><div class=\"envira-gallery-item-inner\"><div class=\"envira-gallery-position-overlay  envira-gallery-top-left\"><\/div><div class=\"envira-gallery-position-overlay  envira-gallery-top-right\"><\/div><div class=\"envira-gallery-position-overlay  envira-gallery-bottom-left\"><\/div><div class=\"envira-gallery-position-overlay  envira-gallery-bottom-right\"><\/div><a href=\"https:\/\/www.der-mopedladen.de\/wp-content\/uploads\/2024\/05\/Primavera-S-mattschwarz-FL-7.jpg\" class=\"envira-gallery-3273 envira-gallery-link\" rel=\"enviragallery3273\" title=\"Primavera S mattschwarz FL 1\" data-envira-caption=\"Primavera S mattschwarz FL 1\" data-envira-retina=\"\" data-thumbnail=\"\"  itemprop=\"contentUrl\"><img decoding=\"async\" id=\"envira-gallery-image-19680\" class=\"envira-gallery-image envira-gallery-image-12 envira-normal \" data-envira-index=\"12\" src=\"https:\/\/www.der-mopedladen.de\/wp-content\/uploads\/2024\/05\/Primavera-S-mattschwarz-FL-7-1024x768-640x480.jpg\" data-envira-src=\"https:\/\/www.der-mopedladen.de\/wp-content\/uploads\/2024\/05\/Primavera-S-mattschwarz-FL-7-1024x768-640x480.jpg\" data-envira-gallery-id=\"3273\" data-envira-item-id=\"19680\" data-envira-caption=\"Primavera S mattschwarz FL 1\" alt=\"\" title=\"Primavera S mattschwarz FL 1\"  itemprop=\"thumbnailUrl\" data-envira-srcset=\"https:\/\/www.der-mopedladen.de\/wp-content\/uploads\/2024\/05\/Primavera-S-mattschwarz-FL-7-1024x768-640x480.jpg 400w,https:\/\/www.der-mopedladen.de\/wp-content\/uploads\/2024\/05\/Primavera-S-mattschwarz-FL-7-1024x768-640x480.jpg 2x\" data-envira-width=\"300\" data-envira-height=\"225\" srcset=\"https:\/\/www.der-mopedladen.de\/wp-content\/uploads\/2024\/05\/Primavera-S-mattschwarz-FL-7-1280x960.jpg 2x\" data-safe-src=\"https:\/\/www.der-mopedladen.de\/wp-content\/uploads\/2024\/05\/Primavera-S-mattschwarz-FL-7-1024x768-640x480.jpg\" \/><\/a><\/div><\/div><div id=\"envira-gallery-item-19677\" class=\"envira-gallery-item enviratope-item envira-gallery-item-13\" style=\"padding-left: 5px; padding-bottom: 10px; padding-right: 5px;\"  itemscope itemtype=\"https:\/\/schema.org\/ImageObject\"><div class=\"envira-gallery-item-inner\"><div class=\"envira-gallery-position-overlay  envira-gallery-top-left\"><\/div><div class=\"envira-gallery-position-overlay  envira-gallery-top-right\"><\/div><div class=\"envira-gallery-position-overlay  envira-gallery-bottom-left\"><\/div><div class=\"envira-gallery-position-overlay  envira-gallery-bottom-right\"><\/div><a href=\"https:\/\/www.der-mopedladen.de\/wp-content\/uploads\/2024\/05\/Primavera-S-mattschwarz-FL-1.jpg\" class=\"envira-gallery-3273 envira-gallery-link\" rel=\"enviragallery3273\" title=\"Primavera S mattschwarz FL 5\" data-envira-caption=\"Primavera S mattschwarz FL 5\" data-envira-retina=\"\" data-thumbnail=\"\"  itemprop=\"contentUrl\"><img decoding=\"async\" id=\"envira-gallery-image-19677\" class=\"envira-gallery-image envira-gallery-image-13 envira-normal \" data-envira-index=\"13\" src=\"https:\/\/www.der-mopedladen.de\/wp-content\/uploads\/2024\/05\/Primavera-S-mattschwarz-FL-1-1024x768-640x480.jpg\" data-envira-src=\"https:\/\/www.der-mopedladen.de\/wp-content\/uploads\/2024\/05\/Primavera-S-mattschwarz-FL-1-1024x768-640x480.jpg\" data-envira-gallery-id=\"3273\" data-envira-item-id=\"19677\" data-envira-caption=\"Primavera S mattschwarz FL 5\" alt=\"\" title=\"Primavera S mattschwarz FL 5\"  itemprop=\"thumbnailUrl\" data-envira-srcset=\"https:\/\/www.der-mopedladen.de\/wp-content\/uploads\/2024\/05\/Primavera-S-mattschwarz-FL-1-1024x768-640x480.jpg 400w,https:\/\/www.der-mopedladen.de\/wp-content\/uploads\/2024\/05\/Primavera-S-mattschwarz-FL-1-1024x768-640x480.jpg 2x\" data-envira-width=\"300\" data-envira-height=\"225\" srcset=\"https:\/\/www.der-mopedladen.de\/wp-content\/uploads\/2024\/05\/Primavera-S-mattschwarz-FL-1-1280x960.jpg 2x\" data-safe-src=\"https:\/\/www.der-mopedladen.de\/wp-content\/uploads\/2024\/05\/Primavera-S-mattschwarz-FL-1-1024x768-640x480.jpg\" \/><\/a><\/div><\/div><div id=\"envira-gallery-item-19674\" class=\"envira-gallery-item enviratope-item envira-gallery-item-14\" style=\"padding-left: 5px; padding-bottom: 10px; padding-right: 5px;\"  itemscope itemtype=\"https:\/\/schema.org\/ImageObject\"><div class=\"envira-gallery-item-inner\"><div class=\"envira-gallery-position-overlay  envira-gallery-top-left\"><\/div><div class=\"envira-gallery-position-overlay  envira-gallery-top-right\"><\/div><div class=\"envira-gallery-position-overlay  envira-gallery-bottom-left\"><\/div><div class=\"envira-gallery-position-overlay  envira-gallery-bottom-right\"><\/div><a href=\"https:\/\/www.der-mopedladen.de\/wp-content\/uploads\/2024\/05\/Primavera-weiss-FL-4.jpg\" class=\"envira-gallery-3273 envira-gallery-link\" rel=\"enviragallery3273\" title=\"Primavera weiss FL 1\" data-envira-caption=\"Primavera weiss FL 1\" data-envira-retina=\"\" data-thumbnail=\"\"  itemprop=\"contentUrl\"><img decoding=\"async\" id=\"envira-gallery-image-19674\" class=\"envira-gallery-image envira-gallery-image-14 envira-normal \" data-envira-index=\"14\" src=\"https:\/\/www.der-mopedladen.de\/wp-content\/uploads\/2024\/05\/Primavera-weiss-FL-4-1024x768-640x480.jpg\" data-envira-src=\"https:\/\/www.der-mopedladen.de\/wp-content\/uploads\/2024\/05\/Primavera-weiss-FL-4-1024x768-640x480.jpg\" data-envira-gallery-id=\"3273\" data-envira-item-id=\"19674\" data-envira-caption=\"Primavera weiss FL 1\" alt=\"\" title=\"Primavera weiss FL 1\"  itemprop=\"thumbnailUrl\" data-envira-srcset=\"https:\/\/www.der-mopedladen.de\/wp-content\/uploads\/2024\/05\/Primavera-weiss-FL-4-1024x768-640x480.jpg 400w,https:\/\/www.der-mopedladen.de\/wp-content\/uploads\/2024\/05\/Primavera-weiss-FL-4-1024x768-640x480.jpg 2x\" data-envira-width=\"300\" data-envira-height=\"225\" srcset=\"https:\/\/www.der-mopedladen.de\/wp-content\/uploads\/2024\/05\/Primavera-weiss-FL-4-1280x960.jpg 2x\" data-safe-src=\"https:\/\/www.der-mopedladen.de\/wp-content\/uploads\/2024\/05\/Primavera-weiss-FL-4-1024x768-640x480.jpg\" \/><\/a><\/div><\/div><div id=\"envira-gallery-item-19673\" class=\"envira-gallery-item enviratope-item envira-gallery-item-15\" style=\"padding-left: 5px; padding-bottom: 10px; padding-right: 5px;\"  itemscope itemtype=\"https:\/\/schema.org\/ImageObject\"><div class=\"envira-gallery-item-inner\"><div class=\"envira-gallery-position-overlay  envira-gallery-top-left\"><\/div><div class=\"envira-gallery-position-overlay  envira-gallery-top-right\"><\/div><div class=\"envira-gallery-position-overlay  envira-gallery-bottom-left\"><\/div><div class=\"envira-gallery-position-overlay  envira-gallery-bottom-right\"><\/div><a href=\"https:\/\/www.der-mopedladen.de\/wp-content\/uploads\/2024\/05\/Primavera-weiss-FL-7.jpg\" class=\"envira-gallery-3273 envira-gallery-link\" rel=\"enviragallery3273\" title=\"Primavera weiss FL 2\" data-envira-caption=\"Primavera weiss FL 2\" data-envira-retina=\"\" data-thumbnail=\"\"  itemprop=\"contentUrl\"><img decoding=\"async\" id=\"envira-gallery-image-19673\" class=\"envira-gallery-image envira-gallery-image-15 envira-normal \" data-envira-index=\"15\" src=\"https:\/\/www.der-mopedladen.de\/wp-content\/uploads\/2024\/05\/Primavera-weiss-FL-7-1024x768-640x480.jpg\" data-envira-src=\"https:\/\/www.der-mopedladen.de\/wp-content\/uploads\/2024\/05\/Primavera-weiss-FL-7-1024x768-640x480.jpg\" data-envira-gallery-id=\"3273\" data-envira-item-id=\"19673\" data-envira-caption=\"Primavera weiss FL 2\" alt=\"\" title=\"Primavera weiss FL 2\"  itemprop=\"thumbnailUrl\" data-envira-srcset=\"https:\/\/www.der-mopedladen.de\/wp-content\/uploads\/2024\/05\/Primavera-weiss-FL-7-1024x768-640x480.jpg 400w,https:\/\/www.der-mopedladen.de\/wp-content\/uploads\/2024\/05\/Primavera-weiss-FL-7-1024x768-640x480.jpg 2x\" data-envira-width=\"300\" data-envira-height=\"225\" srcset=\"https:\/\/www.der-mopedladen.de\/wp-content\/uploads\/2024\/05\/Primavera-weiss-FL-7-1280x960.jpg 2x\" data-safe-src=\"https:\/\/www.der-mopedladen.de\/wp-content\/uploads\/2024\/05\/Primavera-weiss-FL-7-1024x768-640x480.jpg\" \/><\/a><\/div><\/div><div id=\"envira-gallery-item-19670\" class=\"envira-gallery-item enviratope-item envira-gallery-item-16\" style=\"padding-left: 5px; padding-bottom: 10px; padding-right: 5px;\"  itemscope itemtype=\"https:\/\/schema.org\/ImageObject\"><div class=\"envira-gallery-item-inner\"><div class=\"envira-gallery-position-overlay  envira-gallery-top-left\"><\/div><div class=\"envira-gallery-position-overlay  envira-gallery-top-right\"><\/div><div class=\"envira-gallery-position-overlay  envira-gallery-bottom-left\"><\/div><div class=\"envira-gallery-position-overlay  envira-gallery-bottom-right\"><\/div><a href=\"https:\/\/www.der-mopedladen.de\/wp-content\/uploads\/2024\/05\/Primavera-weiss-FL-6.jpg\" class=\"envira-gallery-3273 envira-gallery-link\" rel=\"enviragallery3273\" title=\"Primavera weiss FL 6\" data-envira-caption=\"Primavera weiss FL 6\" data-envira-retina=\"\" data-thumbnail=\"\"  itemprop=\"contentUrl\"><img decoding=\"async\" id=\"envira-gallery-image-19670\" class=\"envira-gallery-image envira-gallery-image-16 envira-normal \" data-envira-index=\"16\" src=\"https:\/\/www.der-mopedladen.de\/wp-content\/uploads\/2024\/05\/Primavera-weiss-FL-6-768x1024-640x480.jpg\" data-envira-src=\"https:\/\/www.der-mopedladen.de\/wp-content\/uploads\/2024\/05\/Primavera-weiss-FL-6-768x1024-640x480.jpg\" data-envira-gallery-id=\"3273\" data-envira-item-id=\"19670\" data-envira-caption=\"Primavera weiss FL 6\" alt=\"\" title=\"Primavera weiss FL 6\"  itemprop=\"thumbnailUrl\" data-envira-srcset=\"https:\/\/www.der-mopedladen.de\/wp-content\/uploads\/2024\/05\/Primavera-weiss-FL-6-768x1024-640x480.jpg 400w,https:\/\/www.der-mopedladen.de\/wp-content\/uploads\/2024\/05\/Primavera-weiss-FL-6-768x1024-640x480.jpg 2x\" data-envira-width=\"225\" data-envira-height=\"300\" srcset=\"https:\/\/www.der-mopedladen.de\/wp-content\/uploads\/2024\/05\/Primavera-weiss-FL-6-1280x960.jpg 2x\" data-safe-src=\"https:\/\/www.der-mopedladen.de\/wp-content\/uploads\/2024\/05\/Primavera-weiss-FL-6-768x1024-640x480.jpg\" \/><\/a><\/div><\/div><div id=\"envira-gallery-item-19668\" class=\"envira-gallery-item enviratope-item envira-gallery-item-17\" style=\"padding-left: 5px; padding-bottom: 10px; padding-right: 5px;\"  itemscope itemtype=\"https:\/\/schema.org\/ImageObject\"><div class=\"envira-gallery-item-inner\"><div class=\"envira-gallery-position-overlay  envira-gallery-top-left\"><\/div><div class=\"envira-gallery-position-overlay  envira-gallery-top-right\"><\/div><div class=\"envira-gallery-position-overlay  envira-gallery-bottom-left\"><\/div><div class=\"envira-gallery-position-overlay  envira-gallery-bottom-right\"><\/div><a href=\"https:\/\/www.der-mopedladen.de\/wp-content\/uploads\/2024\/05\/Primavera-S-mattschwarz-FL-6.jpg\" class=\"envira-gallery-3273 envira-gallery-link\" rel=\"enviragallery3273\" title=\"Primavera S mattschwarz FL 6\" data-envira-caption=\"Primavera S mattschwarz FL 6\" data-envira-retina=\"\" data-thumbnail=\"\"  itemprop=\"contentUrl\"><img decoding=\"async\" id=\"envira-gallery-image-19668\" class=\"envira-gallery-image envira-gallery-image-17 envira-normal \" data-envira-index=\"17\" src=\"https:\/\/www.der-mopedladen.de\/wp-content\/uploads\/2024\/05\/Primavera-S-mattschwarz-FL-6-768x1024-640x480.jpg\" data-envira-src=\"https:\/\/www.der-mopedladen.de\/wp-content\/uploads\/2024\/05\/Primavera-S-mattschwarz-FL-6-768x1024-640x480.jpg\" data-envira-gallery-id=\"3273\" data-envira-item-id=\"19668\" data-envira-caption=\"Primavera S mattschwarz FL 6\" alt=\"\" title=\"Primavera S mattschwarz FL 6\"  itemprop=\"thumbnailUrl\" data-envira-srcset=\"https:\/\/www.der-mopedladen.de\/wp-content\/uploads\/2024\/05\/Primavera-S-mattschwarz-FL-6-768x1024-640x480.jpg 400w,https:\/\/www.der-mopedladen.de\/wp-content\/uploads\/2024\/05\/Primavera-S-mattschwarz-FL-6-768x1024-640x480.jpg 2x\" data-envira-width=\"225\" data-envira-height=\"300\" srcset=\"https:\/\/www.der-mopedladen.de\/wp-content\/uploads\/2024\/05\/Primavera-S-mattschwarz-FL-6-1280x960.jpg 2x\" data-safe-src=\"https:\/\/www.der-mopedladen.de\/wp-content\/uploads\/2024\/05\/Primavera-S-mattschwarz-FL-6-768x1024-640x480.jpg\" \/><\/a><\/div><\/div><div id=\"envira-gallery-item-19667\" class=\"envira-gallery-item enviratope-item envira-gallery-item-18\" style=\"padding-left: 5px; padding-bottom: 10px; padding-right: 5px;\"  itemscope itemtype=\"https:\/\/schema.org\/ImageObject\"><div class=\"envira-gallery-item-inner\"><div class=\"envira-gallery-position-overlay  envira-gallery-top-left\"><\/div><div class=\"envira-gallery-position-overlay  envira-gallery-top-right\"><\/div><div class=\"envira-gallery-position-overlay  envira-gallery-bottom-left\"><\/div><div class=\"envira-gallery-position-overlay  envira-gallery-bottom-right\"><\/div><a href=\"https:\/\/www.der-mopedladen.de\/wp-content\/uploads\/2024\/05\/Primavera-S-mattschwarz-FL-4.jpg\" class=\"envira-gallery-3273 envira-gallery-link\" rel=\"enviragallery3273\" title=\"Primavera S mattschwarz FL 4\" data-envira-caption=\"Primavera S mattschwarz FL 4\" data-envira-retina=\"\" data-thumbnail=\"\"  itemprop=\"contentUrl\"><img decoding=\"async\" id=\"envira-gallery-image-19667\" class=\"envira-gallery-image envira-gallery-image-18 envira-normal \" data-envira-index=\"18\" src=\"https:\/\/www.der-mopedladen.de\/wp-content\/uploads\/2024\/05\/Primavera-S-mattschwarz-FL-4-768x1024-640x480.jpg\" data-envira-src=\"https:\/\/www.der-mopedladen.de\/wp-content\/uploads\/2024\/05\/Primavera-S-mattschwarz-FL-4-768x1024-640x480.jpg\" data-envira-gallery-id=\"3273\" data-envira-item-id=\"19667\" data-envira-caption=\"Primavera S mattschwarz FL 4\" alt=\"\" title=\"Primavera S mattschwarz FL 4\"  itemprop=\"thumbnailUrl\" data-envira-srcset=\"https:\/\/www.der-mopedladen.de\/wp-content\/uploads\/2024\/05\/Primavera-S-mattschwarz-FL-4-768x1024-640x480.jpg 400w,https:\/\/www.der-mopedladen.de\/wp-content\/uploads\/2024\/05\/Primavera-S-mattschwarz-FL-4-768x1024-640x480.jpg 2x\" data-envira-width=\"225\" data-envira-height=\"300\" srcset=\"https:\/\/www.der-mopedladen.de\/wp-content\/uploads\/2024\/05\/Primavera-S-mattschwarz-FL-4-1280x960.jpg 2x\" data-safe-src=\"https:\/\/www.der-mopedladen.de\/wp-content\/uploads\/2024\/05\/Primavera-S-mattschwarz-FL-4-768x1024-640x480.jpg\" \/><\/a><\/div><\/div><div id=\"envira-gallery-item-19770\" class=\"envira-gallery-item enviratope-item envira-gallery-item-19\" style=\"padding-left: 5px; padding-bottom: 10px; padding-right: 5px;\"  itemscope itemtype=\"https:\/\/schema.org\/ImageObject\"><div class=\"envira-gallery-item-inner\"><div class=\"envira-gallery-position-overlay  envira-gallery-top-left\"><\/div><div class=\"envira-gallery-position-overlay  envira-gallery-top-right\"><\/div><div class=\"envira-gallery-position-overlay  envira-gallery-bottom-left\"><\/div><div class=\"envira-gallery-position-overlay  envira-gallery-bottom-right\"><\/div><a href=\"https:\/\/www.der-mopedladen.de\/wp-content\/uploads\/2024\/06\/Prima-50-gruen-FL-3.jpg\" class=\"envira-gallery-3273 envira-gallery-link\" rel=\"enviragallery3273\" title=\"Prima 50 gr&uuml;n FL 3\" data-envira-caption=\"Prima 50 gr&uuml;n FL 3\" data-envira-retina=\"\" data-thumbnail=\"\"  itemprop=\"contentUrl\"><img decoding=\"async\" id=\"envira-gallery-image-19770\" class=\"envira-gallery-image envira-gallery-image-19 envira-normal \" data-envira-index=\"19\" src=\"https:\/\/www.der-mopedladen.de\/wp-content\/uploads\/2024\/06\/Prima-50-gruen-FL-3-1024x768-640x480.jpg\" data-envira-src=\"https:\/\/www.der-mopedladen.de\/wp-content\/uploads\/2024\/06\/Prima-50-gruen-FL-3-1024x768-640x480.jpg\" data-envira-gallery-id=\"3273\" data-envira-item-id=\"19770\" data-envira-caption=\"Prima 50 gr&uuml;n FL 3\" alt=\"\" title=\"Prima 50 gr\u00fcn FL 3\"  itemprop=\"thumbnailUrl\" data-envira-srcset=\"https:\/\/www.der-mopedladen.de\/wp-content\/uploads\/2024\/06\/Prima-50-gruen-FL-3-1024x768-640x480.jpg 400w,https:\/\/www.der-mopedladen.de\/wp-content\/uploads\/2024\/06\/Prima-50-gruen-FL-3-1024x768-640x480.jpg 2x\" data-envira-width=\"300\" data-envira-height=\"225\" srcset=\"https:\/\/www.der-mopedladen.de\/wp-content\/uploads\/2024\/06\/Prima-50-gruen-FL-3-1280x960.jpg 2x\" data-safe-src=\"https:\/\/www.der-mopedladen.de\/wp-content\/uploads\/2024\/06\/Prima-50-gruen-FL-3-1024x768-640x480.jpg\" \/><\/a><\/div><\/div><div id=\"envira-gallery-item-19734\" class=\"envira-gallery-item enviratope-item envira-gallery-item-20\" style=\"padding-left: 5px; padding-bottom: 10px; padding-right: 5px;\"  itemscope itemtype=\"https:\/\/schema.org\/ImageObject\"><div class=\"envira-gallery-item-inner\"><div class=\"envira-gallery-position-overlay  envira-gallery-top-left\"><\/div><div class=\"envira-gallery-position-overlay  envira-gallery-top-right\"><\/div><div class=\"envira-gallery-position-overlay  envira-gallery-bottom-left\"><\/div><div class=\"envira-gallery-position-overlay  envira-gallery-bottom-right\"><\/div><a href=\"https:\/\/www.der-mopedladen.de\/wp-content\/uploads\/2024\/06\/Prima-50-blau-FL-3.jpg\" class=\"envira-gallery-3273 envira-gallery-link\" rel=\"enviragallery3273\" title=\"Prima 50 blau FL 6\" data-envira-caption=\"Prima 50 blau FL 6\" data-envira-retina=\"\" data-thumbnail=\"\"  itemprop=\"contentUrl\"><img decoding=\"async\" id=\"envira-gallery-image-19734\" class=\"envira-gallery-image envira-gallery-image-20 envira-normal \" data-envira-index=\"20\" src=\"https:\/\/www.der-mopedladen.de\/wp-content\/uploads\/2024\/06\/Prima-50-blau-FL-3-1024x768-640x480.jpg\" data-envira-src=\"https:\/\/www.der-mopedladen.de\/wp-content\/uploads\/2024\/06\/Prima-50-blau-FL-3-1024x768-640x480.jpg\" data-envira-gallery-id=\"3273\" data-envira-item-id=\"19734\" data-envira-caption=\"Prima 50 blau FL 6\" alt=\"\" title=\"Prima 50 blau FL 6\"  itemprop=\"thumbnailUrl\" data-envira-srcset=\"https:\/\/www.der-mopedladen.de\/wp-content\/uploads\/2024\/06\/Prima-50-blau-FL-3-1024x768-640x480.jpg 400w,https:\/\/www.der-mopedladen.de\/wp-content\/uploads\/2024\/06\/Prima-50-blau-FL-3-1024x768-640x480.jpg 2x\" data-envira-width=\"300\" data-envira-height=\"225\" srcset=\"https:\/\/www.der-mopedladen.de\/wp-content\/uploads\/2024\/06\/Prima-50-blau-FL-3-1280x960.jpg 2x\" data-safe-src=\"https:\/\/www.der-mopedladen.de\/wp-content\/uploads\/2024\/06\/Prima-50-blau-FL-3-1024x768-640x480.jpg\" \/><\/a><\/div><\/div><div id=\"envira-gallery-item-20499\" class=\"envira-gallery-item enviratope-item envira-gallery-item-21\" style=\"padding-left: 5px; padding-bottom: 10px; padding-right: 5px;\"  itemscope itemtype=\"https:\/\/schema.org\/ImageObject\"><div class=\"envira-gallery-item-inner\"><div class=\"envira-gallery-position-overlay  envira-gallery-top-left\"><\/div><div class=\"envira-gallery-position-overlay  envira-gallery-top-right\"><\/div><div class=\"envira-gallery-position-overlay  envira-gallery-bottom-left\"><\/div><div class=\"envira-gallery-position-overlay  envira-gallery-bottom-right\"><\/div><a href=\"https:\/\/www.der-mopedladen.de\/wp-content\/uploads\/2024\/10\/Primavera-S-gelb-3.jpg\" class=\"envira-gallery-3273 envira-gallery-link\" rel=\"enviragallery3273\" title=\"Primavera S gelb 6\" data-envira-caption=\"Primavera S gelb 6\" data-envira-retina=\"\" data-thumbnail=\"\"  itemprop=\"contentUrl\"><img decoding=\"async\" id=\"envira-gallery-image-20499\" class=\"envira-gallery-image envira-gallery-image-21 envira-normal \" data-envira-index=\"21\" src=\"https:\/\/www.der-mopedladen.de\/wp-content\/uploads\/2024\/10\/Primavera-S-gelb-3-1024x768-640x480.jpg\" data-envira-src=\"https:\/\/www.der-mopedladen.de\/wp-content\/uploads\/2024\/10\/Primavera-S-gelb-3-1024x768-640x480.jpg\" data-envira-gallery-id=\"3273\" data-envira-item-id=\"20499\" data-envira-caption=\"Primavera S gelb 6\" alt=\"\" title=\"Primavera S gelb 6\"  itemprop=\"thumbnailUrl\" data-envira-srcset=\"https:\/\/www.der-mopedladen.de\/wp-content\/uploads\/2024\/10\/Primavera-S-gelb-3-1024x768-640x480.jpg 400w,https:\/\/www.der-mopedladen.de\/wp-content\/uploads\/2024\/10\/Primavera-S-gelb-3-1024x768-640x480.jpg 2x\" data-envira-width=\"300\" data-envira-height=\"225\" srcset=\"https:\/\/www.der-mopedladen.de\/wp-content\/uploads\/2024\/10\/Primavera-S-gelb-3-1280x960.jpg 2x\" data-safe-src=\"https:\/\/www.der-mopedladen.de\/wp-content\/uploads\/2024\/10\/Primavera-S-gelb-3-1024x768-640x480.jpg\" \/><\/a><\/div><\/div><div id=\"envira-gallery-item-19723\" class=\"envira-gallery-item enviratope-item envira-gallery-item-22\" style=\"padding-left: 5px; padding-bottom: 10px; padding-right: 5px;\"  itemscope itemtype=\"https:\/\/schema.org\/ImageObject\"><div class=\"envira-gallery-item-inner\"><div class=\"envira-gallery-position-overlay  envira-gallery-top-left\"><\/div><div class=\"envira-gallery-position-overlay  envira-gallery-top-right\"><\/div><div class=\"envira-gallery-position-overlay  envira-gallery-bottom-left\"><\/div><div class=\"envira-gallery-position-overlay  envira-gallery-bottom-right\"><\/div><a href=\"https:\/\/www.der-mopedladen.de\/wp-content\/uploads\/2024\/06\/Prima-S-50-beige-8.jpg\" class=\"envira-gallery-3273 envira-gallery-link\" rel=\"enviragallery3273\" title=\"Prima S 50 beige 8\" data-envira-caption=\"Prima S 50 beige 8\" data-envira-retina=\"\" data-thumbnail=\"\"  itemprop=\"contentUrl\"><img decoding=\"async\" id=\"envira-gallery-image-19723\" class=\"envira-gallery-image envira-gallery-image-22 envira-normal \" data-envira-index=\"22\" src=\"https:\/\/www.der-mopedladen.de\/wp-content\/uploads\/2024\/06\/Prima-S-50-beige-8-1024x768-640x480.jpg\" data-envira-src=\"https:\/\/www.der-mopedladen.de\/wp-content\/uploads\/2024\/06\/Prima-S-50-beige-8-1024x768-640x480.jpg\" data-envira-gallery-id=\"3273\" data-envira-item-id=\"19723\" data-envira-caption=\"Prima S 50 beige 8\" alt=\"\" title=\"Prima S 50 beige 8\"  itemprop=\"thumbnailUrl\" data-envira-srcset=\"https:\/\/www.der-mopedladen.de\/wp-content\/uploads\/2024\/06\/Prima-S-50-beige-8-1024x768-640x480.jpg 400w,https:\/\/www.der-mopedladen.de\/wp-content\/uploads\/2024\/06\/Prima-S-50-beige-8-1024x768-640x480.jpg 2x\" data-envira-width=\"300\" data-envira-height=\"225\" srcset=\"https:\/\/www.der-mopedladen.de\/wp-content\/uploads\/2024\/06\/Prima-S-50-beige-8-1280x960.jpg 2x\" data-safe-src=\"https:\/\/www.der-mopedladen.de\/wp-content\/uploads\/2024\/06\/Prima-S-50-beige-8-1024x768-640x480.jpg\" \/><\/a><\/div><\/div><div id=\"envira-gallery-item-20496\" class=\"envira-gallery-item enviratope-item envira-gallery-item-23\" style=\"padding-left: 5px; padding-bottom: 10px; padding-right: 5px;\"  itemscope itemtype=\"https:\/\/schema.org\/ImageObject\"><div class=\"envira-gallery-item-inner\"><div class=\"envira-gallery-position-overlay  envira-gallery-top-left\"><\/div><div class=\"envira-gallery-position-overlay  envira-gallery-top-right\"><\/div><div class=\"envira-gallery-position-overlay  envira-gallery-bottom-left\"><\/div><div class=\"envira-gallery-position-overlay  envira-gallery-bottom-right\"><\/div><a href=\"https:\/\/www.der-mopedladen.de\/wp-content\/uploads\/2024\/10\/Primavera-S-gelb-8.jpg\" class=\"envira-gallery-3273 envira-gallery-link\" rel=\"enviragallery3273\" title=\"Primavera S gelb 2\" data-envira-caption=\"Primavera S gelb 2\" data-envira-retina=\"\" data-thumbnail=\"\"  itemprop=\"contentUrl\"><img decoding=\"async\" id=\"envira-gallery-image-20496\" class=\"envira-gallery-image envira-gallery-image-23 envira-normal \" data-envira-index=\"23\" src=\"https:\/\/www.der-mopedladen.de\/wp-content\/uploads\/2024\/10\/Primavera-S-gelb-8-1024x768-640x480.jpg\" data-envira-src=\"https:\/\/www.der-mopedladen.de\/wp-content\/uploads\/2024\/10\/Primavera-S-gelb-8-1024x768-640x480.jpg\" data-envira-gallery-id=\"3273\" data-envira-item-id=\"20496\" data-envira-caption=\"Primavera S gelb 2\" alt=\"\" title=\"Primavera S gelb 2\"  itemprop=\"thumbnailUrl\" data-envira-srcset=\"https:\/\/www.der-mopedladen.de\/wp-content\/uploads\/2024\/10\/Primavera-S-gelb-8-1024x768-640x480.jpg 400w,https:\/\/www.der-mopedladen.de\/wp-content\/uploads\/2024\/10\/Primavera-S-gelb-8-1024x768-640x480.jpg 2x\" data-envira-width=\"300\" data-envira-height=\"225\" srcset=\"https:\/\/www.der-mopedladen.de\/wp-content\/uploads\/2024\/10\/Primavera-S-gelb-8-1280x960.jpg 2x\" data-safe-src=\"https:\/\/www.der-mopedladen.de\/wp-content\/uploads\/2024\/10\/Primavera-S-gelb-8-1024x768-640x480.jpg\" \/><\/a><\/div><\/div><div id=\"envira-gallery-item-19729\" class=\"envira-gallery-item enviratope-item envira-gallery-item-24\" style=\"padding-left: 5px; padding-bottom: 10px; padding-right: 5px;\"  itemscope itemtype=\"https:\/\/schema.org\/ImageObject\"><div class=\"envira-gallery-item-inner\"><div class=\"envira-gallery-position-overlay  envira-gallery-top-left\"><\/div><div class=\"envira-gallery-position-overlay  envira-gallery-top-right\"><\/div><div class=\"envira-gallery-position-overlay  envira-gallery-bottom-left\"><\/div><div class=\"envira-gallery-position-overlay  envira-gallery-bottom-right\"><\/div><a href=\"https:\/\/www.der-mopedladen.de\/wp-content\/uploads\/2024\/06\/Prima-S-50-beige-2.jpg\" class=\"envira-gallery-3273 envira-gallery-link\" rel=\"enviragallery3273\" title=\"Prima S 50 beige 2\" data-envira-caption=\"Prima S 50 beige 2\" data-envira-retina=\"\" data-thumbnail=\"\"  itemprop=\"contentUrl\"><img decoding=\"async\" id=\"envira-gallery-image-19729\" class=\"envira-gallery-image envira-gallery-image-24 envira-normal \" data-envira-index=\"24\" src=\"https:\/\/www.der-mopedladen.de\/wp-content\/uploads\/2024\/06\/Prima-S-50-beige-2-1024x768-640x480.jpg\" data-envira-src=\"https:\/\/www.der-mopedladen.de\/wp-content\/uploads\/2024\/06\/Prima-S-50-beige-2-1024x768-640x480.jpg\" data-envira-gallery-id=\"3273\" data-envira-item-id=\"19729\" data-envira-caption=\"Prima S 50 beige 2\" alt=\"\" title=\"Prima S 50 beige 2\"  itemprop=\"thumbnailUrl\" data-envira-srcset=\"https:\/\/www.der-mopedladen.de\/wp-content\/uploads\/2024\/06\/Prima-S-50-beige-2-1024x768-640x480.jpg 400w,https:\/\/www.der-mopedladen.de\/wp-content\/uploads\/2024\/06\/Prima-S-50-beige-2-1024x768-640x480.jpg 2x\" data-envira-width=\"300\" data-envira-height=\"225\" srcset=\"https:\/\/www.der-mopedladen.de\/wp-content\/uploads\/2024\/06\/Prima-S-50-beige-2-1280x960.jpg 2x\" data-safe-src=\"https:\/\/www.der-mopedladen.de\/wp-content\/uploads\/2024\/06\/Prima-S-50-beige-2-1024x768-640x480.jpg\" \/><\/a><\/div><\/div><div id=\"envira-gallery-item-19733\" class=\"envira-gallery-item enviratope-item envira-gallery-item-25\" style=\"padding-left: 5px; padding-bottom: 10px; padding-right: 5px;\"  itemscope itemtype=\"https:\/\/schema.org\/ImageObject\"><div class=\"envira-gallery-item-inner\"><div class=\"envira-gallery-position-overlay  envira-gallery-top-left\"><\/div><div class=\"envira-gallery-position-overlay  envira-gallery-top-right\"><\/div><div class=\"envira-gallery-position-overlay  envira-gallery-bottom-left\"><\/div><div class=\"envira-gallery-position-overlay  envira-gallery-bottom-right\"><\/div><a href=\"https:\/\/www.der-mopedladen.de\/wp-content\/uploads\/2024\/06\/Prima-50-blau-FL-4.jpg\" class=\"envira-gallery-3273 envira-gallery-link\" rel=\"enviragallery3273\" title=\"Prima 50 blau FL 5\" data-envira-caption=\"Prima 50 blau FL 5\" data-envira-retina=\"\" data-thumbnail=\"\"  itemprop=\"contentUrl\"><img decoding=\"async\" id=\"envira-gallery-image-19733\" class=\"envira-gallery-image envira-gallery-image-25 envira-normal \" data-envira-index=\"25\" src=\"https:\/\/www.der-mopedladen.de\/wp-content\/uploads\/2024\/06\/Prima-50-blau-FL-4-1024x768-640x480.jpg\" data-envira-src=\"https:\/\/www.der-mopedladen.de\/wp-content\/uploads\/2024\/06\/Prima-50-blau-FL-4-1024x768-640x480.jpg\" data-envira-gallery-id=\"3273\" data-envira-item-id=\"19733\" data-envira-caption=\"Prima 50 blau FL 5\" alt=\"\" title=\"Prima 50 blau FL 5\"  itemprop=\"thumbnailUrl\" data-envira-srcset=\"https:\/\/www.der-mopedladen.de\/wp-content\/uploads\/2024\/06\/Prima-50-blau-FL-4-1024x768-640x480.jpg 400w,https:\/\/www.der-mopedladen.de\/wp-content\/uploads\/2024\/06\/Prima-50-blau-FL-4-1024x768-640x480.jpg 2x\" data-envira-width=\"300\" data-envira-height=\"225\" srcset=\"https:\/\/www.der-mopedladen.de\/wp-content\/uploads\/2024\/06\/Prima-50-blau-FL-4-1280x960.jpg 2x\" data-safe-src=\"https:\/\/www.der-mopedladen.de\/wp-content\/uploads\/2024\/06\/Prima-50-blau-FL-4-1024x768-640x480.jpg\" \/><\/a><\/div><\/div><div id=\"envira-gallery-item-19732\" class=\"envira-gallery-item enviratope-item envira-gallery-item-26\" style=\"padding-left: 5px; padding-bottom: 10px; padding-right: 5px;\"  itemscope itemtype=\"https:\/\/schema.org\/ImageObject\"><div class=\"envira-gallery-item-inner\"><div class=\"envira-gallery-position-overlay  envira-gallery-top-left\"><\/div><div class=\"envira-gallery-position-overlay  envira-gallery-top-right\"><\/div><div class=\"envira-gallery-position-overlay  envira-gallery-bottom-left\"><\/div><div class=\"envira-gallery-position-overlay  envira-gallery-bottom-right\"><\/div><a href=\"https:\/\/www.der-mopedladen.de\/wp-content\/uploads\/2024\/06\/Prima-50-blau-FL-5.jpg\" class=\"envira-gallery-3273 envira-gallery-link\" rel=\"enviragallery3273\" title=\"Prima 50 blau FL 4\" data-envira-caption=\"Prima 50 blau FL 4\" data-envira-retina=\"\" data-thumbnail=\"\"  itemprop=\"contentUrl\"><img decoding=\"async\" id=\"envira-gallery-image-19732\" class=\"envira-gallery-image envira-gallery-image-26 envira-normal \" data-envira-index=\"26\" src=\"https:\/\/www.der-mopedladen.de\/wp-content\/uploads\/2024\/06\/Prima-50-blau-FL-5-1024x768-640x480.jpg\" data-envira-src=\"https:\/\/www.der-mopedladen.de\/wp-content\/uploads\/2024\/06\/Prima-50-blau-FL-5-1024x768-640x480.jpg\" data-envira-gallery-id=\"3273\" data-envira-item-id=\"19732\" data-envira-caption=\"Prima 50 blau FL 4\" alt=\"\" title=\"Prima 50 blau FL 4\"  itemprop=\"thumbnailUrl\" data-envira-srcset=\"https:\/\/www.der-mopedladen.de\/wp-content\/uploads\/2024\/06\/Prima-50-blau-FL-5-1024x768-640x480.jpg 400w,https:\/\/www.der-mopedladen.de\/wp-content\/uploads\/2024\/06\/Prima-50-blau-FL-5-1024x768-640x480.jpg 2x\" data-envira-width=\"300\" data-envira-height=\"225\" srcset=\"https:\/\/www.der-mopedladen.de\/wp-content\/uploads\/2024\/06\/Prima-50-blau-FL-5-1280x960.jpg 2x\" data-safe-src=\"https:\/\/www.der-mopedladen.de\/wp-content\/uploads\/2024\/06\/Prima-50-blau-FL-5-1024x768-640x480.jpg\" \/><\/a><\/div><\/div><div id=\"envira-gallery-item-19672\" class=\"envira-gallery-item enviratope-item envira-gallery-item-27\" style=\"padding-left: 5px; padding-bottom: 10px; padding-right: 5px;\"  itemscope itemtype=\"https:\/\/schema.org\/ImageObject\"><div class=\"envira-gallery-item-inner\"><div class=\"envira-gallery-position-overlay  envira-gallery-top-left\"><\/div><div class=\"envira-gallery-position-overlay  envira-gallery-top-right\"><\/div><div class=\"envira-gallery-position-overlay  envira-gallery-bottom-left\"><\/div><div class=\"envira-gallery-position-overlay  envira-gallery-bottom-right\"><\/div><a href=\"https:\/\/www.der-mopedladen.de\/wp-content\/uploads\/2024\/05\/Primavera-weiss-FL-8.jpg\" class=\"envira-gallery-3273 envira-gallery-link\" rel=\"enviragallery3273\" title=\"Primavera weiss FL 3\" data-envira-caption=\"Primavera weiss FL 3\" data-envira-retina=\"\" data-thumbnail=\"\"  itemprop=\"contentUrl\"><img decoding=\"async\" id=\"envira-gallery-image-19672\" class=\"envira-gallery-image envira-gallery-image-27 envira-normal \" data-envira-index=\"27\" src=\"https:\/\/www.der-mopedladen.de\/wp-content\/uploads\/2024\/05\/Primavera-weiss-FL-8-1024x768-640x480.jpg\" data-envira-src=\"https:\/\/www.der-mopedladen.de\/wp-content\/uploads\/2024\/05\/Primavera-weiss-FL-8-1024x768-640x480.jpg\" data-envira-gallery-id=\"3273\" data-envira-item-id=\"19672\" data-envira-caption=\"Primavera weiss FL 3\" alt=\"\" title=\"Primavera weiss FL 3\"  itemprop=\"thumbnailUrl\" data-envira-srcset=\"https:\/\/www.der-mopedladen.de\/wp-content\/uploads\/2024\/05\/Primavera-weiss-FL-8-1024x768-640x480.jpg 400w,https:\/\/www.der-mopedladen.de\/wp-content\/uploads\/2024\/05\/Primavera-weiss-FL-8-1024x768-640x480.jpg 2x\" data-envira-width=\"300\" data-envira-height=\"225\" srcset=\"https:\/\/www.der-mopedladen.de\/wp-content\/uploads\/2024\/05\/Primavera-weiss-FL-8-1280x960.jpg 2x\" data-safe-src=\"https:\/\/www.der-mopedladen.de\/wp-content\/uploads\/2024\/05\/Primavera-weiss-FL-8-1024x768-640x480.jpg\" \/><\/a><\/div><\/div><div id=\"envira-gallery-item-19679\" class=\"envira-gallery-item enviratope-item envira-gallery-item-28\" style=\"padding-left: 5px; padding-bottom: 10px; padding-right: 5px;\"  itemscope itemtype=\"https:\/\/schema.org\/ImageObject\"><div class=\"envira-gallery-item-inner\"><div class=\"envira-gallery-position-overlay  envira-gallery-top-left\"><\/div><div class=\"envira-gallery-position-overlay  envira-gallery-top-right\"><\/div><div class=\"envira-gallery-position-overlay  envira-gallery-bottom-left\"><\/div><div class=\"envira-gallery-position-overlay  envira-gallery-bottom-right\"><\/div><a href=\"https:\/\/www.der-mopedladen.de\/wp-content\/uploads\/2024\/05\/Primavera-S-mattschwarz-FL-8.jpg\" class=\"envira-gallery-3273 envira-gallery-link\" rel=\"enviragallery3273\" title=\"Primavera S mattschwarz FL 2\" data-envira-caption=\"Primavera S mattschwarz FL 2\" data-envira-retina=\"\" data-thumbnail=\"\"  itemprop=\"contentUrl\"><img decoding=\"async\" id=\"envira-gallery-image-19679\" class=\"envira-gallery-image envira-gallery-image-28 envira-normal \" data-envira-index=\"28\" src=\"https:\/\/www.der-mopedladen.de\/wp-content\/uploads\/2024\/05\/Primavera-S-mattschwarz-FL-8-1024x768-640x480.jpg\" data-envira-src=\"https:\/\/www.der-mopedladen.de\/wp-content\/uploads\/2024\/05\/Primavera-S-mattschwarz-FL-8-1024x768-640x480.jpg\" data-envira-gallery-id=\"3273\" data-envira-item-id=\"19679\" data-envira-caption=\"Primavera S mattschwarz FL 2\" alt=\"\" title=\"Primavera S mattschwarz FL 2\"  itemprop=\"thumbnailUrl\" data-envira-srcset=\"https:\/\/www.der-mopedladen.de\/wp-content\/uploads\/2024\/05\/Primavera-S-mattschwarz-FL-8-1024x768-640x480.jpg 400w,https:\/\/www.der-mopedladen.de\/wp-content\/uploads\/2024\/05\/Primavera-S-mattschwarz-FL-8-1024x768-640x480.jpg 2x\" data-envira-width=\"300\" data-envira-height=\"225\" srcset=\"https:\/\/www.der-mopedladen.de\/wp-content\/uploads\/2024\/05\/Primavera-S-mattschwarz-FL-8-1280x960.jpg 2x\" data-safe-src=\"https:\/\/www.der-mopedladen.de\/wp-content\/uploads\/2024\/05\/Primavera-S-mattschwarz-FL-8-1024x768-640x480.jpg\" \/><\/a><\/div><\/div><div id=\"envira-gallery-item-19769\" class=\"envira-gallery-item enviratope-item envira-gallery-item-29\" style=\"padding-left: 5px; padding-bottom: 10px; padding-right: 5px;\"  itemscope itemtype=\"https:\/\/schema.org\/ImageObject\"><div class=\"envira-gallery-item-inner\"><div class=\"envira-gallery-position-overlay  envira-gallery-top-left\"><\/div><div class=\"envira-gallery-position-overlay  envira-gallery-top-right\"><\/div><div class=\"envira-gallery-position-overlay  envira-gallery-bottom-left\"><\/div><div class=\"envira-gallery-position-overlay  envira-gallery-bottom-right\"><\/div><a href=\"https:\/\/www.der-mopedladen.de\/wp-content\/uploads\/2024\/06\/Prima-50-gruen-FL-4.jpg\" class=\"envira-gallery-3273 envira-gallery-link\" rel=\"enviragallery3273\" title=\"Prima 50 gr&uuml;n FL 2\" data-envira-caption=\"Prima 50 gr&uuml;n FL 2\" data-envira-retina=\"\" data-thumbnail=\"\"  itemprop=\"contentUrl\"><img decoding=\"async\" id=\"envira-gallery-image-19769\" class=\"envira-gallery-image envira-gallery-image-29 envira-normal \" data-envira-index=\"29\" src=\"https:\/\/www.der-mopedladen.de\/wp-content\/uploads\/2024\/06\/Prima-50-gruen-FL-4-1024x768-640x480.jpg\" data-envira-src=\"https:\/\/www.der-mopedladen.de\/wp-content\/uploads\/2024\/06\/Prima-50-gruen-FL-4-1024x768-640x480.jpg\" data-envira-gallery-id=\"3273\" data-envira-item-id=\"19769\" data-envira-caption=\"Prima 50 gr&uuml;n FL 2\" alt=\"\" title=\"Prima 50 gr\u00fcn FL 2\"  itemprop=\"thumbnailUrl\" data-envira-srcset=\"https:\/\/www.der-mopedladen.de\/wp-content\/uploads\/2024\/06\/Prima-50-gruen-FL-4-1024x768-640x480.jpg 400w,https:\/\/www.der-mopedladen.de\/wp-content\/uploads\/2024\/06\/Prima-50-gruen-FL-4-1024x768-640x480.jpg 2x\" data-envira-width=\"300\" data-envira-height=\"225\" srcset=\"https:\/\/www.der-mopedladen.de\/wp-content\/uploads\/2024\/06\/Prima-50-gruen-FL-4-1280x960.jpg 2x\" data-safe-src=\"https:\/\/www.der-mopedladen.de\/wp-content\/uploads\/2024\/06\/Prima-50-gruen-FL-4-1024x768-640x480.jpg\" \/><\/a><\/div><\/div><div id=\"envira-gallery-item-19731\" class=\"envira-gallery-item enviratope-item envira-gallery-item-30\" style=\"padding-left: 5px; padding-bottom: 10px; padding-right: 5px;\"  itemscope itemtype=\"https:\/\/schema.org\/ImageObject\"><div class=\"envira-gallery-item-inner\"><div class=\"envira-gallery-position-overlay  envira-gallery-top-left\"><\/div><div class=\"envira-gallery-position-overlay  envira-gallery-top-right\"><\/div><div class=\"envira-gallery-position-overlay  envira-gallery-bottom-left\"><\/div><div class=\"envira-gallery-position-overlay  envira-gallery-bottom-right\"><\/div><a href=\"https:\/\/www.der-mopedladen.de\/wp-content\/uploads\/2024\/06\/Prima-50-blau-FL-6.jpg\" class=\"envira-gallery-3273 envira-gallery-link\" rel=\"enviragallery3273\" title=\"Prima 50 blau FL 3\" data-envira-caption=\"Prima 50 blau FL 3\" data-envira-retina=\"\" data-thumbnail=\"\"  itemprop=\"contentUrl\"><img decoding=\"async\" id=\"envira-gallery-image-19731\" class=\"envira-gallery-image envira-gallery-image-30 envira-normal \" data-envira-index=\"30\" src=\"https:\/\/www.der-mopedladen.de\/wp-content\/uploads\/2024\/06\/Prima-50-blau-FL-6-1024x768-640x480.jpg\" data-envira-src=\"https:\/\/www.der-mopedladen.de\/wp-content\/uploads\/2024\/06\/Prima-50-blau-FL-6-1024x768-640x480.jpg\" data-envira-gallery-id=\"3273\" data-envira-item-id=\"19731\" data-envira-caption=\"Prima 50 blau FL 3\" alt=\"\" title=\"Prima 50 blau FL 3\"  itemprop=\"thumbnailUrl\" data-envira-srcset=\"https:\/\/www.der-mopedladen.de\/wp-content\/uploads\/2024\/06\/Prima-50-blau-FL-6-1024x768-640x480.jpg 400w,https:\/\/www.der-mopedladen.de\/wp-content\/uploads\/2024\/06\/Prima-50-blau-FL-6-1024x768-640x480.jpg 2x\" data-envira-width=\"300\" data-envira-height=\"225\" srcset=\"https:\/\/www.der-mopedladen.de\/wp-content\/uploads\/2024\/06\/Prima-50-blau-FL-6-1280x960.jpg 2x\" data-safe-src=\"https:\/\/www.der-mopedladen.de\/wp-content\/uploads\/2024\/06\/Prima-50-blau-FL-6-1024x768-640x480.jpg\" \/><\/a><\/div><\/div><div id=\"envira-gallery-item-19727\" class=\"envira-gallery-item enviratope-item envira-gallery-item-31\" style=\"padding-left: 5px; padding-bottom: 10px; padding-right: 5px;\"  itemscope itemtype=\"https:\/\/schema.org\/ImageObject\"><div class=\"envira-gallery-item-inner\"><div class=\"envira-gallery-position-overlay  envira-gallery-top-left\"><\/div><div class=\"envira-gallery-position-overlay  envira-gallery-top-right\"><\/div><div class=\"envira-gallery-position-overlay  envira-gallery-bottom-left\"><\/div><div class=\"envira-gallery-position-overlay  envira-gallery-bottom-right\"><\/div><a href=\"https:\/\/www.der-mopedladen.de\/wp-content\/uploads\/2024\/06\/Prima-S-50-beige-4.jpg\" class=\"envira-gallery-3273 envira-gallery-link\" rel=\"enviragallery3273\" title=\"Prima S 50 beige 4\" data-envira-caption=\"Prima S 50 beige 4\" data-envira-retina=\"\" data-thumbnail=\"\"  itemprop=\"contentUrl\"><img decoding=\"async\" id=\"envira-gallery-image-19727\" class=\"envira-gallery-image envira-gallery-image-31 envira-normal \" data-envira-index=\"31\" src=\"https:\/\/www.der-mopedladen.de\/wp-content\/uploads\/2024\/06\/Prima-S-50-beige-4-1024x768-640x480.jpg\" data-envira-src=\"https:\/\/www.der-mopedladen.de\/wp-content\/uploads\/2024\/06\/Prima-S-50-beige-4-1024x768-640x480.jpg\" data-envira-gallery-id=\"3273\" data-envira-item-id=\"19727\" data-envira-caption=\"Prima S 50 beige 4\" alt=\"\" title=\"Prima S 50 beige 4\"  itemprop=\"thumbnailUrl\" data-envira-srcset=\"https:\/\/www.der-mopedladen.de\/wp-content\/uploads\/2024\/06\/Prima-S-50-beige-4-1024x768-640x480.jpg 400w,https:\/\/www.der-mopedladen.de\/wp-content\/uploads\/2024\/06\/Prima-S-50-beige-4-1024x768-640x480.jpg 2x\" data-envira-width=\"300\" data-envira-height=\"225\" srcset=\"https:\/\/www.der-mopedladen.de\/wp-content\/uploads\/2024\/06\/Prima-S-50-beige-4-1280x960.jpg 2x\" data-safe-src=\"https:\/\/www.der-mopedladen.de\/wp-content\/uploads\/2024\/06\/Prima-S-50-beige-4-1024x768-640x480.jpg\" \/><\/a><\/div><\/div><div id=\"envira-gallery-item-19726\" class=\"envira-gallery-item enviratope-item envira-gallery-item-32\" style=\"padding-left: 5px; padding-bottom: 10px; padding-right: 5px;\"  itemscope itemtype=\"https:\/\/schema.org\/ImageObject\"><div class=\"envira-gallery-item-inner\"><div class=\"envira-gallery-position-overlay  envira-gallery-top-left\"><\/div><div class=\"envira-gallery-position-overlay  envira-gallery-top-right\"><\/div><div class=\"envira-gallery-position-overlay  envira-gallery-bottom-left\"><\/div><div class=\"envira-gallery-position-overlay  envira-gallery-bottom-right\"><\/div><a href=\"https:\/\/www.der-mopedladen.de\/wp-content\/uploads\/2024\/06\/Prima-S-50-beige-5.jpg\" class=\"envira-gallery-3273 envira-gallery-link\" rel=\"enviragallery3273\" title=\"Prima S 50 beige 5\" data-envira-caption=\"Prima S 50 beige 5\" data-envira-retina=\"\" data-thumbnail=\"\"  itemprop=\"contentUrl\"><img decoding=\"async\" id=\"envira-gallery-image-19726\" class=\"envira-gallery-image envira-gallery-image-32 envira-normal \" data-envira-index=\"32\" src=\"https:\/\/www.der-mopedladen.de\/wp-content\/uploads\/2024\/06\/Prima-S-50-beige-5-1024x768-640x480.jpg\" data-envira-src=\"https:\/\/www.der-mopedladen.de\/wp-content\/uploads\/2024\/06\/Prima-S-50-beige-5-1024x768-640x480.jpg\" data-envira-gallery-id=\"3273\" data-envira-item-id=\"19726\" data-envira-caption=\"Prima S 50 beige 5\" alt=\"\" title=\"Prima S 50 beige 5\"  itemprop=\"thumbnailUrl\" data-envira-srcset=\"https:\/\/www.der-mopedladen.de\/wp-content\/uploads\/2024\/06\/Prima-S-50-beige-5-1024x768-640x480.jpg 400w,https:\/\/www.der-mopedladen.de\/wp-content\/uploads\/2024\/06\/Prima-S-50-beige-5-1024x768-640x480.jpg 2x\" data-envira-width=\"300\" data-envira-height=\"225\" srcset=\"https:\/\/www.der-mopedladen.de\/wp-content\/uploads\/2024\/06\/Prima-S-50-beige-5-1280x960.jpg 2x\" data-safe-src=\"https:\/\/www.der-mopedladen.de\/wp-content\/uploads\/2024\/06\/Prima-S-50-beige-5-1024x768-640x480.jpg\" \/><\/a><\/div><\/div><div id=\"envira-gallery-item-19735\" class=\"envira-gallery-item enviratope-item envira-gallery-item-33\" style=\"padding-left: 5px; padding-bottom: 10px; padding-right: 5px;\"  itemscope itemtype=\"https:\/\/schema.org\/ImageObject\"><div class=\"envira-gallery-item-inner\"><div class=\"envira-gallery-position-overlay  envira-gallery-top-left\"><\/div><div class=\"envira-gallery-position-overlay  envira-gallery-top-right\"><\/div><div class=\"envira-gallery-position-overlay  envira-gallery-bottom-left\"><\/div><div class=\"envira-gallery-position-overlay  envira-gallery-bottom-right\"><\/div><a href=\"https:\/\/www.der-mopedladen.de\/wp-content\/uploads\/2024\/06\/Prima-50-blau-FL-2.jpg\" class=\"envira-gallery-3273 envira-gallery-link\" rel=\"enviragallery3273\" title=\"Prima 50 blau FL 7\" data-envira-caption=\"Prima 50 blau FL 7\" data-envira-retina=\"\" data-thumbnail=\"\"  itemprop=\"contentUrl\"><img decoding=\"async\" id=\"envira-gallery-image-19735\" class=\"envira-gallery-image envira-gallery-image-33 envira-normal \" data-envira-index=\"33\" src=\"https:\/\/www.der-mopedladen.de\/wp-content\/uploads\/2024\/06\/Prima-50-blau-FL-2-1024x768-640x480.jpg\" data-envira-src=\"https:\/\/www.der-mopedladen.de\/wp-content\/uploads\/2024\/06\/Prima-50-blau-FL-2-1024x768-640x480.jpg\" data-envira-gallery-id=\"3273\" data-envira-item-id=\"19735\" data-envira-caption=\"Prima 50 blau FL 7\" alt=\"\" title=\"Prima 50 blau FL 7\"  itemprop=\"thumbnailUrl\" data-envira-srcset=\"https:\/\/www.der-mopedladen.de\/wp-content\/uploads\/2024\/06\/Prima-50-blau-FL-2-1024x768-640x480.jpg 400w,https:\/\/www.der-mopedladen.de\/wp-content\/uploads\/2024\/06\/Prima-50-blau-FL-2-1024x768-640x480.jpg 2x\" data-envira-width=\"300\" data-envira-height=\"225\" srcset=\"https:\/\/www.der-mopedladen.de\/wp-content\/uploads\/2024\/06\/Prima-50-blau-FL-2-1280x960.jpg 2x\" data-safe-src=\"https:\/\/www.der-mopedladen.de\/wp-content\/uploads\/2024\/06\/Prima-50-blau-FL-2-1024x768-640x480.jpg\" \/><\/a><\/div><\/div><div id=\"envira-gallery-item-19771\" class=\"envira-gallery-item enviratope-item envira-gallery-item-34\" style=\"padding-left: 5px; padding-bottom: 10px; padding-right: 5px;\"  itemscope itemtype=\"https:\/\/schema.org\/ImageObject\"><div class=\"envira-gallery-item-inner\"><div class=\"envira-gallery-position-overlay  envira-gallery-top-left\"><\/div><div class=\"envira-gallery-position-overlay  envira-gallery-top-right\"><\/div><div class=\"envira-gallery-position-overlay  envira-gallery-bottom-left\"><\/div><div class=\"envira-gallery-position-overlay  envira-gallery-bottom-right\"><\/div><a href=\"https:\/\/www.der-mopedladen.de\/wp-content\/uploads\/2024\/06\/Prima-50-gruen-FL-2.jpg\" class=\"envira-gallery-3273 envira-gallery-link\" rel=\"enviragallery3273\" title=\"Prima 50 gr&uuml;n FL 4\" data-envira-caption=\"Prima 50 gr&uuml;n FL 4\" data-envira-retina=\"\" data-thumbnail=\"\"  itemprop=\"contentUrl\"><img decoding=\"async\" id=\"envira-gallery-image-19771\" class=\"envira-gallery-image envira-gallery-image-34 envira-normal \" data-envira-index=\"34\" src=\"https:\/\/www.der-mopedladen.de\/wp-content\/uploads\/2024\/06\/Prima-50-gruen-FL-2-1024x768-640x480.jpg\" data-envira-src=\"https:\/\/www.der-mopedladen.de\/wp-content\/uploads\/2024\/06\/Prima-50-gruen-FL-2-1024x768-640x480.jpg\" data-envira-gallery-id=\"3273\" data-envira-item-id=\"19771\" data-envira-caption=\"Prima 50 gr&uuml;n FL 4\" alt=\"\" title=\"Prima 50 gr\u00fcn FL 4\"  itemprop=\"thumbnailUrl\" data-envira-srcset=\"https:\/\/www.der-mopedladen.de\/wp-content\/uploads\/2024\/06\/Prima-50-gruen-FL-2-1024x768-640x480.jpg 400w,https:\/\/www.der-mopedladen.de\/wp-content\/uploads\/2024\/06\/Prima-50-gruen-FL-2-1024x768-640x480.jpg 2x\" data-envira-width=\"300\" data-envira-height=\"225\" srcset=\"https:\/\/www.der-mopedladen.de\/wp-content\/uploads\/2024\/06\/Prima-50-gruen-FL-2-1280x960.jpg 2x\" data-safe-src=\"https:\/\/www.der-mopedladen.de\/wp-content\/uploads\/2024\/06\/Prima-50-gruen-FL-2-1024x768-640x480.jpg\" \/><\/a><\/div><\/div><div id=\"envira-gallery-item-20500\" class=\"envira-gallery-item enviratope-item envira-gallery-item-35\" style=\"padding-left: 5px; padding-bottom: 10px; padding-right: 5px;\"  itemscope itemtype=\"https:\/\/schema.org\/ImageObject\"><div class=\"envira-gallery-item-inner\"><div class=\"envira-gallery-position-overlay  envira-gallery-top-left\"><\/div><div class=\"envira-gallery-position-overlay  envira-gallery-top-right\"><\/div><div class=\"envira-gallery-position-overlay  envira-gallery-bottom-left\"><\/div><div class=\"envira-gallery-position-overlay  envira-gallery-bottom-right\"><\/div><a href=\"https:\/\/www.der-mopedladen.de\/wp-content\/uploads\/2024\/10\/Primavera-S-gelb-2.jpg\" class=\"envira-gallery-3273 envira-gallery-link\" rel=\"enviragallery3273\" title=\"Primavera S gelb 7\" data-envira-caption=\"Primavera S gelb 7\" data-envira-retina=\"\" data-thumbnail=\"\"  itemprop=\"contentUrl\"><img decoding=\"async\" id=\"envira-gallery-image-20500\" class=\"envira-gallery-image envira-gallery-image-35 envira-normal \" data-envira-index=\"35\" src=\"https:\/\/www.der-mopedladen.de\/wp-content\/uploads\/2024\/10\/Primavera-S-gelb-2-1024x768-640x480.jpg\" data-envira-src=\"https:\/\/www.der-mopedladen.de\/wp-content\/uploads\/2024\/10\/Primavera-S-gelb-2-1024x768-640x480.jpg\" data-envira-gallery-id=\"3273\" data-envira-item-id=\"20500\" data-envira-caption=\"Primavera S gelb 7\" alt=\"\" title=\"Primavera S gelb 7\"  itemprop=\"thumbnailUrl\" data-envira-srcset=\"https:\/\/www.der-mopedladen.de\/wp-content\/uploads\/2024\/10\/Primavera-S-gelb-2-1024x768-640x480.jpg 400w,https:\/\/www.der-mopedladen.de\/wp-content\/uploads\/2024\/10\/Primavera-S-gelb-2-1024x768-640x480.jpg 2x\" data-envira-width=\"300\" data-envira-height=\"225\" srcset=\"https:\/\/www.der-mopedladen.de\/wp-content\/uploads\/2024\/10\/Primavera-S-gelb-2-1280x960.jpg 2x\" data-safe-src=\"https:\/\/www.der-mopedladen.de\/wp-content\/uploads\/2024\/10\/Primavera-S-gelb-2-1024x768-640x480.jpg\" \/><\/a><\/div><\/div><div id=\"envira-gallery-item-19725\" class=\"envira-gallery-item enviratope-item envira-gallery-item-36\" style=\"padding-left: 5px; padding-bottom: 10px; padding-right: 5px;\"  itemscope itemtype=\"https:\/\/schema.org\/ImageObject\"><div class=\"envira-gallery-item-inner\"><div class=\"envira-gallery-position-overlay  envira-gallery-top-left\"><\/div><div class=\"envira-gallery-position-overlay  envira-gallery-top-right\"><\/div><div class=\"envira-gallery-position-overlay  envira-gallery-bottom-left\"><\/div><div class=\"envira-gallery-position-overlay  envira-gallery-bottom-right\"><\/div><a href=\"https:\/\/www.der-mopedladen.de\/wp-content\/uploads\/2024\/06\/Prima-S-50-beige-6.jpg\" class=\"envira-gallery-3273 envira-gallery-link\" rel=\"enviragallery3273\" title=\"Prima S 50 beige 6\" data-envira-caption=\"Prima S 50 beige 6\" data-envira-retina=\"\" data-thumbnail=\"\"  itemprop=\"contentUrl\"><img decoding=\"async\" id=\"envira-gallery-image-19725\" class=\"envira-gallery-image envira-gallery-image-36 envira-normal \" data-envira-index=\"36\" src=\"https:\/\/www.der-mopedladen.de\/wp-content\/uploads\/2024\/06\/Prima-S-50-beige-6-1024x768-640x480.jpg\" data-envira-src=\"https:\/\/www.der-mopedladen.de\/wp-content\/uploads\/2024\/06\/Prima-S-50-beige-6-1024x768-640x480.jpg\" data-envira-gallery-id=\"3273\" data-envira-item-id=\"19725\" data-envira-caption=\"Prima S 50 beige 6\" alt=\"\" title=\"Prima S 50 beige 6\"  itemprop=\"thumbnailUrl\" data-envira-srcset=\"https:\/\/www.der-mopedladen.de\/wp-content\/uploads\/2024\/06\/Prima-S-50-beige-6-1024x768-640x480.jpg 400w,https:\/\/www.der-mopedladen.de\/wp-content\/uploads\/2024\/06\/Prima-S-50-beige-6-1024x768-640x480.jpg 2x\" data-envira-width=\"300\" data-envira-height=\"225\" srcset=\"https:\/\/www.der-mopedladen.de\/wp-content\/uploads\/2024\/06\/Prima-S-50-beige-6-1280x960.jpg 2x\" data-safe-src=\"https:\/\/www.der-mopedladen.de\/wp-content\/uploads\/2024\/06\/Prima-S-50-beige-6-1024x768-640x480.jpg\" \/><\/a><\/div><\/div><div id=\"envira-gallery-item-19676\" class=\"envira-gallery-item enviratope-item envira-gallery-item-37\" style=\"padding-left: 5px; padding-bottom: 10px; padding-right: 5px;\"  itemscope itemtype=\"https:\/\/schema.org\/ImageObject\"><div class=\"envira-gallery-item-inner\"><div class=\"envira-gallery-position-overlay  envira-gallery-top-left\"><\/div><div class=\"envira-gallery-position-overlay  envira-gallery-top-right\"><\/div><div class=\"envira-gallery-position-overlay  envira-gallery-bottom-left\"><\/div><div class=\"envira-gallery-position-overlay  envira-gallery-bottom-right\"><\/div><a href=\"https:\/\/www.der-mopedladen.de\/wp-content\/uploads\/2024\/05\/Primavera-weiss-FL-2.jpg\" class=\"envira-gallery-3273 envira-gallery-link\" rel=\"enviragallery3273\" title=\"Primavera weiss FL 8\" data-envira-caption=\"Primavera weiss FL 8\" data-envira-retina=\"\" data-thumbnail=\"\"  itemprop=\"contentUrl\"><img decoding=\"async\" id=\"envira-gallery-image-19676\" class=\"envira-gallery-image envira-gallery-image-37 envira-normal \" data-envira-index=\"37\" src=\"https:\/\/www.der-mopedladen.de\/wp-content\/uploads\/2024\/05\/Primavera-weiss-FL-2-1024x768-640x480.jpg\" data-envira-src=\"https:\/\/www.der-mopedladen.de\/wp-content\/uploads\/2024\/05\/Primavera-weiss-FL-2-1024x768-640x480.jpg\" data-envira-gallery-id=\"3273\" data-envira-item-id=\"19676\" data-envira-caption=\"Primavera weiss FL 8\" alt=\"\" title=\"Primavera weiss FL 8\"  itemprop=\"thumbnailUrl\" data-envira-srcset=\"https:\/\/www.der-mopedladen.de\/wp-content\/uploads\/2024\/05\/Primavera-weiss-FL-2-1024x768-640x480.jpg 400w,https:\/\/www.der-mopedladen.de\/wp-content\/uploads\/2024\/05\/Primavera-weiss-FL-2-1024x768-640x480.jpg 2x\" data-envira-width=\"300\" data-envira-height=\"225\" srcset=\"https:\/\/www.der-mopedladen.de\/wp-content\/uploads\/2024\/05\/Primavera-weiss-FL-2-1280x960.jpg 2x\" data-safe-src=\"https:\/\/www.der-mopedladen.de\/wp-content\/uploads\/2024\/05\/Primavera-weiss-FL-2-1024x768-640x480.jpg\" \/><\/a><\/div><\/div><div id=\"envira-gallery-item-19724\" class=\"envira-gallery-item enviratope-item envira-gallery-item-38\" style=\"padding-left: 5px; padding-bottom: 10px; padding-right: 5px;\"  itemscope itemtype=\"https:\/\/schema.org\/ImageObject\"><div class=\"envira-gallery-item-inner\"><div class=\"envira-gallery-position-overlay  envira-gallery-top-left\"><\/div><div class=\"envira-gallery-position-overlay  envira-gallery-top-right\"><\/div><div class=\"envira-gallery-position-overlay  envira-gallery-bottom-left\"><\/div><div class=\"envira-gallery-position-overlay  envira-gallery-bottom-right\"><\/div><a href=\"https:\/\/www.der-mopedladen.de\/wp-content\/uploads\/2024\/06\/Prima-S-50-beige-7.jpg\" class=\"envira-gallery-3273 envira-gallery-link\" rel=\"enviragallery3273\" title=\"Prima S 50 beige 7\" data-envira-caption=\"Prima S 50 beige 7\" data-envira-retina=\"\" data-thumbnail=\"\"  itemprop=\"contentUrl\"><img decoding=\"async\" id=\"envira-gallery-image-19724\" class=\"envira-gallery-image envira-gallery-image-38 envira-normal \" data-envira-index=\"38\" src=\"https:\/\/www.der-mopedladen.de\/wp-content\/uploads\/2024\/06\/Prima-S-50-beige-7-1024x768-640x480.jpg\" data-envira-src=\"https:\/\/www.der-mopedladen.de\/wp-content\/uploads\/2024\/06\/Prima-S-50-beige-7-1024x768-640x480.jpg\" data-envira-gallery-id=\"3273\" data-envira-item-id=\"19724\" data-envira-caption=\"Prima S 50 beige 7\" alt=\"\" title=\"Prima S 50 beige 7\"  itemprop=\"thumbnailUrl\" data-envira-srcset=\"https:\/\/www.der-mopedladen.de\/wp-content\/uploads\/2024\/06\/Prima-S-50-beige-7-1024x768-640x480.jpg 400w,https:\/\/www.der-mopedladen.de\/wp-content\/uploads\/2024\/06\/Prima-S-50-beige-7-1024x768-640x480.jpg 2x\" data-envira-width=\"300\" data-envira-height=\"225\" srcset=\"https:\/\/www.der-mopedladen.de\/wp-content\/uploads\/2024\/06\/Prima-S-50-beige-7-1280x960.jpg 2x\" data-safe-src=\"https:\/\/www.der-mopedladen.de\/wp-content\/uploads\/2024\/06\/Prima-S-50-beige-7-1024x768-640x480.jpg\" \/><\/a><\/div><\/div><div id=\"envira-gallery-item-19722\" class=\"envira-gallery-item enviratope-item envira-gallery-item-39\" style=\"padding-left: 5px; padding-bottom: 10px; padding-right: 5px;\"  itemscope itemtype=\"https:\/\/schema.org\/ImageObject\"><div class=\"envira-gallery-item-inner\"><div class=\"envira-gallery-position-overlay  envira-gallery-top-left\"><\/div><div class=\"envira-gallery-position-overlay  envira-gallery-top-right\"><\/div><div class=\"envira-gallery-position-overlay  envira-gallery-bottom-left\"><\/div><div class=\"envira-gallery-position-overlay  envira-gallery-bottom-right\"><\/div><a href=\"https:\/\/www.der-mopedladen.de\/wp-content\/uploads\/2024\/06\/Prima-50-blau-FL-1.jpg\" class=\"envira-gallery-3273 envira-gallery-link\" rel=\"enviragallery3273\" title=\"Prima 50 blau FL 1\" data-envira-caption=\"Prima 50 blau FL 1\" data-envira-retina=\"\" data-thumbnail=\"\"  itemprop=\"contentUrl\"><img decoding=\"async\" id=\"envira-gallery-image-19722\" class=\"envira-gallery-image envira-gallery-image-39 envira-normal \" data-envira-index=\"39\" src=\"https:\/\/www.der-mopedladen.de\/wp-content\/uploads\/2024\/06\/Prima-50-blau-FL-1-768x1024-640x480.jpg\" data-envira-src=\"https:\/\/www.der-mopedladen.de\/wp-content\/uploads\/2024\/06\/Prima-50-blau-FL-1-768x1024-640x480.jpg\" data-envira-gallery-id=\"3273\" data-envira-item-id=\"19722\" data-envira-caption=\"Prima 50 blau FL 1\" alt=\"\" title=\"Prima 50 blau FL 1\"  itemprop=\"thumbnailUrl\" data-envira-srcset=\"https:\/\/www.der-mopedladen.de\/wp-content\/uploads\/2024\/06\/Prima-50-blau-FL-1-768x1024-640x480.jpg 400w,https:\/\/www.der-mopedladen.de\/wp-content\/uploads\/2024\/06\/Prima-50-blau-FL-1-768x1024-640x480.jpg 2x\" data-envira-width=\"225\" data-envira-height=\"300\" srcset=\"https:\/\/www.der-mopedladen.de\/wp-content\/uploads\/2024\/06\/Prima-50-blau-FL-1-1280x960.jpg 2x\" data-safe-src=\"https:\/\/www.der-mopedladen.de\/wp-content\/uploads\/2024\/06\/Prima-50-blau-FL-1-768x1024-640x480.jpg\" \/><\/a><\/div><\/div><div id=\"envira-gallery-item-19721\" class=\"envira-gallery-item enviratope-item envira-gallery-item-40\" style=\"padding-left: 5px; padding-bottom: 10px; padding-right: 5px;\"  itemscope itemtype=\"https:\/\/schema.org\/ImageObject\"><div class=\"envira-gallery-item-inner\"><div class=\"envira-gallery-position-overlay  envira-gallery-top-left\"><\/div><div class=\"envira-gallery-position-overlay  envira-gallery-top-right\"><\/div><div class=\"envira-gallery-position-overlay  envira-gallery-bottom-left\"><\/div><div class=\"envira-gallery-position-overlay  envira-gallery-bottom-right\"><\/div><a href=\"https:\/\/www.der-mopedladen.de\/wp-content\/uploads\/2024\/06\/Prima-S-50-beige-9.jpg\" class=\"envira-gallery-3273 envira-gallery-link\" rel=\"enviragallery3273\" title=\"Prima S 50 beige 9\" data-envira-caption=\"Prima S 50 beige 9\" data-envira-retina=\"\" data-thumbnail=\"\"  itemprop=\"contentUrl\"><img decoding=\"async\" id=\"envira-gallery-image-19721\" class=\"envira-gallery-image envira-gallery-image-40 envira-normal \" data-envira-index=\"40\" src=\"https:\/\/www.der-mopedladen.de\/wp-content\/uploads\/2024\/06\/Prima-S-50-beige-9-768x1024-640x480.jpg\" data-envira-src=\"https:\/\/www.der-mopedladen.de\/wp-content\/uploads\/2024\/06\/Prima-S-50-beige-9-768x1024-640x480.jpg\" data-envira-gallery-id=\"3273\" data-envira-item-id=\"19721\" data-envira-caption=\"Prima S 50 beige 9\" alt=\"\" title=\"Prima S 50 beige 9\"  itemprop=\"thumbnailUrl\" data-envira-srcset=\"https:\/\/www.der-mopedladen.de\/wp-content\/uploads\/2024\/06\/Prima-S-50-beige-9-768x1024-640x480.jpg 400w,https:\/\/www.der-mopedladen.de\/wp-content\/uploads\/2024\/06\/Prima-S-50-beige-9-768x1024-640x480.jpg 2x\" data-envira-width=\"225\" data-envira-height=\"300\" srcset=\"https:\/\/www.der-mopedladen.de\/wp-content\/uploads\/2024\/06\/Prima-S-50-beige-9-1280x960.jpg 2x\" data-safe-src=\"https:\/\/www.der-mopedladen.de\/wp-content\/uploads\/2024\/06\/Prima-S-50-beige-9-768x1024-640x480.jpg\" \/><\/a><\/div><\/div><div id=\"envira-gallery-item-19720\" class=\"envira-gallery-item enviratope-item envira-gallery-item-41\" style=\"padding-left: 5px; padding-bottom: 10px; padding-right: 5px;\"  itemscope itemtype=\"https:\/\/schema.org\/ImageObject\"><div class=\"envira-gallery-item-inner\"><div class=\"envira-gallery-position-overlay  envira-gallery-top-left\"><\/div><div class=\"envira-gallery-position-overlay  envira-gallery-top-right\"><\/div><div class=\"envira-gallery-position-overlay  envira-gallery-bottom-left\"><\/div><div class=\"envira-gallery-position-overlay  envira-gallery-bottom-right\"><\/div><a href=\"https:\/\/www.der-mopedladen.de\/wp-content\/uploads\/2024\/06\/Prima-S-50-beige-1.jpg\" class=\"envira-gallery-3273 envira-gallery-link\" rel=\"enviragallery3273\" title=\"Prima S 50 beige 1\" data-envira-caption=\"Prima S 50 beige 1\" data-envira-retina=\"\" data-thumbnail=\"\"  itemprop=\"contentUrl\"><img decoding=\"async\" id=\"envira-gallery-image-19720\" class=\"envira-gallery-image envira-gallery-image-41 envira-normal \" data-envira-index=\"41\" src=\"https:\/\/www.der-mopedladen.de\/wp-content\/uploads\/2024\/06\/Prima-S-50-beige-1-768x1024-640x480.jpg\" data-envira-src=\"https:\/\/www.der-mopedladen.de\/wp-content\/uploads\/2024\/06\/Prima-S-50-beige-1-768x1024-640x480.jpg\" data-envira-gallery-id=\"3273\" data-envira-item-id=\"19720\" data-envira-caption=\"Prima S 50 beige 1\" alt=\"\" title=\"Prima S 50 beige 1\"  itemprop=\"thumbnailUrl\" data-envira-srcset=\"https:\/\/www.der-mopedladen.de\/wp-content\/uploads\/2024\/06\/Prima-S-50-beige-1-768x1024-640x480.jpg 400w,https:\/\/www.der-mopedladen.de\/wp-content\/uploads\/2024\/06\/Prima-S-50-beige-1-768x1024-640x480.jpg 2x\" data-envira-width=\"225\" data-envira-height=\"300\" srcset=\"https:\/\/www.der-mopedladen.de\/wp-content\/uploads\/2024\/06\/Prima-S-50-beige-1-1280x960.jpg 2x\" data-safe-src=\"https:\/\/www.der-mopedladen.de\/wp-content\/uploads\/2024\/06\/Prima-S-50-beige-1-768x1024-640x480.jpg\" \/><\/a><\/div><\/div><\/div><\/div><noscript><img decoding=\"async\" src=\"https:\/\/www.der-mopedladen.de\/wp-content\/uploads\/2024\/06\/Prima-50-blau-FL-7.jpg\" alt=\"\" \/><img decoding=\"async\" src=\"https:\/\/www.der-mopedladen.de\/wp-content\/uploads\/2024\/06\/Prima-50-gruen-FL-1.jpg\" alt=\"\" \/><img decoding=\"async\" src=\"https:\/\/www.der-mopedladen.de\/wp-content\/uploads\/2024\/05\/Primavera-weiss-FL-1.jpg\" alt=\"\" \/><img decoding=\"async\" src=\"https:\/\/www.der-mopedladen.de\/wp-content\/uploads\/2024\/10\/Primavera-S-gelb-1.jpg\" alt=\"\" \/><img decoding=\"async\" src=\"https:\/\/www.der-mopedladen.de\/wp-content\/uploads\/2024\/05\/Primavera-S-mattschwarz-FL-9.jpg\" alt=\"\" \/><img decoding=\"async\" src=\"https:\/\/www.der-mopedladen.de\/wp-content\/uploads\/2024\/06\/Prima-S-50-beige-3.jpg\" alt=\"\" \/><img decoding=\"async\" src=\"https:\/\/www.der-mopedladen.de\/wp-content\/uploads\/2024\/05\/Primavera-weiss-FL-3.jpg\" alt=\"\" \/><img decoding=\"async\" src=\"https:\/\/www.der-mopedladen.de\/wp-content\/uploads\/2024\/05\/Primavera-S-mattschwarz-FL-3.jpg\" alt=\"\" \/><img decoding=\"async\" src=\"https:\/\/www.der-mopedladen.de\/wp-content\/uploads\/2020\/01\/Primavera-schwarz-1.png\" alt=\"\" \/><img decoding=\"async\" src=\"https:\/\/www.der-mopedladen.de\/wp-content\/uploads\/2024\/05\/Primavera-S-mattschwarz-FL-2.jpg\" alt=\"\" \/><img decoding=\"async\" src=\"https:\/\/www.der-mopedladen.de\/wp-content\/uploads\/2024\/05\/Primavera-S-mattschwarz-FL-5.jpg\" alt=\"\" \/><img decoding=\"async\" src=\"https:\/\/www.der-mopedladen.de\/wp-content\/uploads\/2024\/05\/Primavera-S-mattschwarz-FL-7.jpg\" alt=\"\" \/><img decoding=\"async\" src=\"https:\/\/www.der-mopedladen.de\/wp-content\/uploads\/2024\/05\/Primavera-S-mattschwarz-FL-1.jpg\" alt=\"\" \/><img decoding=\"async\" src=\"https:\/\/www.der-mopedladen.de\/wp-content\/uploads\/2024\/05\/Primavera-weiss-FL-4.jpg\" alt=\"\" \/><img decoding=\"async\" src=\"https:\/\/www.der-mopedladen.de\/wp-content\/uploads\/2024\/05\/Primavera-weiss-FL-7.jpg\" alt=\"\" \/><img decoding=\"async\" src=\"https:\/\/www.der-mopedladen.de\/wp-content\/uploads\/2024\/05\/Primavera-weiss-FL-6.jpg\" alt=\"\" \/><img decoding=\"async\" src=\"https:\/\/www.der-mopedladen.de\/wp-content\/uploads\/2024\/05\/Primavera-S-mattschwarz-FL-6.jpg\" alt=\"\" \/><img decoding=\"async\" src=\"https:\/\/www.der-mopedladen.de\/wp-content\/uploads\/2024\/05\/Primavera-S-mattschwarz-FL-4.jpg\" alt=\"\" \/><img decoding=\"async\" src=\"https:\/\/www.der-mopedladen.de\/wp-content\/uploads\/2024\/06\/Prima-50-gruen-FL-3.jpg\" alt=\"\" \/><img decoding=\"async\" src=\"https:\/\/www.der-mopedladen.de\/wp-content\/uploads\/2024\/06\/Prima-50-blau-FL-3.jpg\" alt=\"\" \/><img decoding=\"async\" src=\"https:\/\/www.der-mopedladen.de\/wp-content\/uploads\/2024\/10\/Primavera-S-gelb-3.jpg\" alt=\"\" \/><img decoding=\"async\" src=\"https:\/\/www.der-mopedladen.de\/wp-content\/uploads\/2024\/06\/Prima-S-50-beige-8.jpg\" alt=\"\" \/><img decoding=\"async\" src=\"https:\/\/www.der-mopedladen.de\/wp-content\/uploads\/2024\/10\/Primavera-S-gelb-8.jpg\" alt=\"\" \/><img decoding=\"async\" src=\"https:\/\/www.der-mopedladen.de\/wp-content\/uploads\/2024\/06\/Prima-S-50-beige-2.jpg\" alt=\"\" \/><img decoding=\"async\" src=\"https:\/\/www.der-mopedladen.de\/wp-content\/uploads\/2024\/06\/Prima-50-blau-FL-4.jpg\" alt=\"\" \/><img decoding=\"async\" src=\"https:\/\/www.der-mopedladen.de\/wp-content\/uploads\/2024\/06\/Prima-50-blau-FL-5.jpg\" alt=\"\" \/><img decoding=\"async\" src=\"https:\/\/www.der-mopedladen.de\/wp-content\/uploads\/2024\/05\/Primavera-weiss-FL-8.jpg\" alt=\"\" \/><img decoding=\"async\" src=\"https:\/\/www.der-mopedladen.de\/wp-content\/uploads\/2024\/05\/Primavera-S-mattschwarz-FL-8.jpg\" alt=\"\" \/><img decoding=\"async\" src=\"https:\/\/www.der-mopedladen.de\/wp-content\/uploads\/2024\/06\/Prima-50-gruen-FL-4.jpg\" alt=\"\" \/><img decoding=\"async\" src=\"https:\/\/www.der-mopedladen.de\/wp-content\/uploads\/2024\/06\/Prima-50-blau-FL-6.jpg\" alt=\"\" \/><img decoding=\"async\" src=\"https:\/\/www.der-mopedladen.de\/wp-content\/uploads\/2024\/06\/Prima-S-50-beige-4.jpg\" alt=\"\" \/><img decoding=\"async\" src=\"https:\/\/www.der-mopedladen.de\/wp-content\/uploads\/2024\/06\/Prima-S-50-beige-5.jpg\" alt=\"\" \/><img decoding=\"async\" src=\"https:\/\/www.der-mopedladen.de\/wp-content\/uploads\/2024\/06\/Prima-50-blau-FL-2.jpg\" alt=\"\" \/><img decoding=\"async\" src=\"https:\/\/www.der-mopedladen.de\/wp-content\/uploads\/2024\/06\/Prima-50-gruen-FL-2.jpg\" alt=\"\" \/><img decoding=\"async\" src=\"https:\/\/www.der-mopedladen.de\/wp-content\/uploads\/2024\/10\/Primavera-S-gelb-2.jpg\" alt=\"\" \/><img decoding=\"async\" src=\"https:\/\/www.der-mopedladen.de\/wp-content\/uploads\/2024\/06\/Prima-S-50-beige-6.jpg\" alt=\"\" \/><img decoding=\"async\" src=\"https:\/\/www.der-mopedladen.de\/wp-content\/uploads\/2024\/05\/Primavera-weiss-FL-2.jpg\" alt=\"\" \/><img decoding=\"async\" src=\"https:\/\/www.der-mopedladen.de\/wp-content\/uploads\/2024\/06\/Prima-S-50-beige-7.jpg\" alt=\"\" \/><img decoding=\"async\" src=\"https:\/\/www.der-mopedladen.de\/wp-content\/uploads\/2024\/06\/Prima-50-blau-FL-1.jpg\" alt=\"\" \/><img decoding=\"async\" src=\"https:\/\/www.der-mopedladen.de\/wp-content\/uploads\/2024\/06\/Prima-S-50-beige-9.jpg\" alt=\"\" \/><img decoding=\"async\" src=\"https:\/\/www.der-mopedladen.de\/wp-content\/uploads\/2024\/06\/Prima-S-50-beige-1.jpg\" alt=\"\" \/><\/noscript>\n","protected":false},"excerpt":{"rendered":"<p>Wir haben an der Preisschraube gedreht: Bei der Vespa Primavera 125 spart ihr jetzt volle 500 Euro! Preis gilt nur f\u00fcr Lagerfahrzeug und solange Vorrat\u2026<\/p>\n<p class=\"continue-reading-button\"> <a class=\"continue-reading-link\" href=\"https:\/\/www.der-mopedladen.de\/?p=2581\">Mehr Informationen<i class=\"crycon-right-dir\"><\/i><\/a><\/p>\n","protected":false},"author":2,"featured_media":19675,"comment_status":"closed","ping_status":"closed","sticky":false,"template":"","format":"standard","meta":{"footnotes":""},"categories":[33,70],"tags":[14,35,40,8,121,37,63],"class_list":["post-2581","post","type-post","status-publish","format-standard","has-post-thumbnail","hentry","category-rollergross","category-vespa-rollergross","tag-125er","tag-4-takt","tag-ab-16","tag-abs","tag-b196-2","tag-einspritzung","tag-vespa"],"yoast_head":"<!-- This site is optimized with the Yoast SEO plugin v25.7 - https:\/\/yoast.com\/wordpress\/plugins\/seo\/ -->\n<title>Vespa Primavera 125 . . . . . . . ab 4699 statt 5199 \u20ac -<\/title>\n<meta name=\"robots\" content=\"index, follow, max-snippet:-1, max-image-preview:large, max-video-preview:-1\" \/>\n<link rel=\"canonical\" href=\"https:\/\/www.der-mopedladen.de\/?p=2581\" \/>\n<meta property=\"og:locale\" content=\"de_DE\" \/>\n<meta property=\"og:type\" content=\"article\" \/>\n<meta property=\"og:title\" content=\"Vespa Primavera 125 . . . . . . . ab 4699 statt 5199 \u20ac -\" \/>\n<meta property=\"og:description\" content=\"Wir haben an der Preisschraube gedreht: Bei der Vespa Primavera 125 spart ihr jetzt volle 500 Euro! Preis gilt nur f\u00fcr Lagerfahrzeug und solange Vorrat\u2026 Mehr Informationen\" \/>\n<meta property=\"og:url\" content=\"https:\/\/www.der-mopedladen.de\/?p=2581\" \/>\n<meta property=\"article:published_time\" content=\"2024-10-21T10:23:25+00:00\" \/>\n<meta property=\"article:modified_time\" content=\"2025-12-15T13:13:20+00:00\" \/>\n<meta property=\"og:image\" content=\"https:\/\/www.der-mopedladen.de\/wp-content\/uploads\/2024\/05\/Primavera-weiss-FL-3.jpg\" \/>\n\t<meta property=\"og:image:width\" content=\"2560\" \/>\n\t<meta property=\"og:image:height\" content=\"1920\" \/>\n\t<meta property=\"og:image:type\" content=\"image\/jpeg\" \/>\n<meta name=\"author\" content=\"Carsten Maluche\" \/>\n<meta name=\"twitter:card\" content=\"summary_large_image\" \/>\n<meta name=\"twitter:label1\" content=\"Verfasst von\" \/>\n\t<meta name=\"twitter:data1\" content=\"Carsten Maluche\" \/>\n\t<meta name=\"twitter:label2\" content=\"Gesch\u00e4tzte Lesezeit\" \/>\n\t<meta name=\"twitter:data2\" content=\"2\u00a0Minuten\" \/>\n<script type=\"application\/ld+json\" class=\"yoast-schema-graph\">{\"@context\":\"https:\/\/schema.org\",\"@graph\":[{\"@type\":\"Article\",\"@id\":\"https:\/\/www.der-mopedladen.de\/?p=2581#article\",\"isPartOf\":{\"@id\":\"https:\/\/www.der-mopedladen.de\/?p=2581\"},\"author\":{\"name\":\"Carsten Maluche\",\"@id\":\"https:\/\/www.der-mopedladen.de\/#\/schema\/person\/4d0c0c9ed7d36464398049539cfdc1c0\"},\"headline\":\"Vespa Primavera 125 . . . . . . . ab 4699 statt 5199 \u20ac\",\"datePublished\":\"2024-10-21T10:23:25+00:00\",\"dateModified\":\"2025-12-15T13:13:20+00:00\",\"mainEntityOfPage\":{\"@id\":\"https:\/\/www.der-mopedladen.de\/?p=2581\"},\"wordCount\":256,\"publisher\":{\"@id\":\"https:\/\/www.der-mopedladen.de\/#organization\"},\"image\":{\"@id\":\"https:\/\/www.der-mopedladen.de\/?p=2581#primaryimage\"},\"thumbnailUrl\":\"https:\/\/www.der-mopedladen.de\/wp-content\/uploads\/2024\/05\/Primavera-weiss-FL-3.jpg\",\"keywords\":[\"125er\",\"4 Takt\",\"ab 16\",\"ABS\",\"B196\",\"Einspritzung\",\"Vespa\"],\"articleSection\":[\"Roller ab 125 ccm\",\"Vespa\"],\"inLanguage\":\"de\"},{\"@type\":\"WebPage\",\"@id\":\"https:\/\/www.der-mopedladen.de\/?p=2581\",\"url\":\"https:\/\/www.der-mopedladen.de\/?p=2581\",\"name\":\"Vespa Primavera 125 . . . . . . . ab 4699 statt 5199 \u20ac -\",\"isPartOf\":{\"@id\":\"https:\/\/www.der-mopedladen.de\/#website\"},\"primaryImageOfPage\":{\"@id\":\"https:\/\/www.der-mopedladen.de\/?p=2581#primaryimage\"},\"image\":{\"@id\":\"https:\/\/www.der-mopedladen.de\/?p=2581#primaryimage\"},\"thumbnailUrl\":\"https:\/\/www.der-mopedladen.de\/wp-content\/uploads\/2024\/05\/Primavera-weiss-FL-3.jpg\",\"datePublished\":\"2024-10-21T10:23:25+00:00\",\"dateModified\":\"2025-12-15T13:13:20+00:00\",\"breadcrumb\":{\"@id\":\"https:\/\/www.der-mopedladen.de\/?p=2581#breadcrumb\"},\"inLanguage\":\"de\",\"potentialAction\":[{\"@type\":\"ReadAction\",\"target\":[\"https:\/\/www.der-mopedladen.de\/?p=2581\"]}]},{\"@type\":\"ImageObject\",\"inLanguage\":\"de\",\"@id\":\"https:\/\/www.der-mopedladen.de\/?p=2581#primaryimage\",\"url\":\"https:\/\/www.der-mopedladen.de\/wp-content\/uploads\/2024\/05\/Primavera-weiss-FL-3.jpg\",\"contentUrl\":\"https:\/\/www.der-mopedladen.de\/wp-content\/uploads\/2024\/05\/Primavera-weiss-FL-3.jpg\",\"width\":2560,\"height\":1920},{\"@type\":\"BreadcrumbList\",\"@id\":\"https:\/\/www.der-mopedladen.de\/?p=2581#breadcrumb\",\"itemListElement\":[{\"@type\":\"ListItem\",\"position\":1,\"name\":\"Startseite\",\"item\":\"https:\/\/www.der-mopedladen.de\/\"},{\"@type\":\"ListItem\",\"position\":2,\"name\":\"Vespa Primavera 125 . . . . . . . ab 4699 statt 5199 \u20ac\"}]},{\"@type\":\"WebSite\",\"@id\":\"https:\/\/www.der-mopedladen.de\/#website\",\"url\":\"https:\/\/www.der-mopedladen.de\/\",\"name\":\"\",\"description\":\"\",\"publisher\":{\"@id\":\"https:\/\/www.der-mopedladen.de\/#organization\"},\"potentialAction\":[{\"@type\":\"SearchAction\",\"target\":{\"@type\":\"EntryPoint\",\"urlTemplate\":\"https:\/\/www.der-mopedladen.de\/?s={search_term_string}\"},\"query-input\":{\"@type\":\"PropertyValueSpecification\",\"valueRequired\":true,\"valueName\":\"search_term_string\"}}],\"inLanguage\":\"de\"},{\"@type\":\"Organization\",\"@id\":\"https:\/\/www.der-mopedladen.de\/#organization\",\"name\":\"Der Mopedladen OHG\",\"url\":\"https:\/\/www.der-mopedladen.de\/\",\"logo\":{\"@type\":\"ImageObject\",\"inLanguage\":\"de\",\"@id\":\"https:\/\/www.der-mopedladen.de\/#\/schema\/logo\/image\/\",\"url\":\"https:\/\/www.der-mopedladen.de\/wp-content\/uploads\/2021\/04\/Logo-DerMopedladen_ZW_CMYK-50x36mm.jpg\",\"contentUrl\":\"https:\/\/www.der-mopedladen.de\/wp-content\/uploads\/2021\/04\/Logo-DerMopedladen_ZW_CMYK-50x36mm.jpg\",\"width\":602,\"height\":437,\"caption\":\"Der Mopedladen OHG\"},\"image\":{\"@id\":\"https:\/\/www.der-mopedladen.de\/#\/schema\/logo\/image\/\"}},{\"@type\":\"Person\",\"@id\":\"https:\/\/www.der-mopedladen.de\/#\/schema\/person\/4d0c0c9ed7d36464398049539cfdc1c0\",\"name\":\"Carsten Maluche\",\"image\":{\"@type\":\"ImageObject\",\"inLanguage\":\"de\",\"@id\":\"https:\/\/www.der-mopedladen.de\/#\/schema\/person\/image\/\",\"url\":\"https:\/\/secure.gravatar.com\/avatar\/a535b4a133389f55485f0a633a5968f3d69e644503b1fed0e6aa81083975d04a?s=96&d=mm&r=g\",\"contentUrl\":\"https:\/\/secure.gravatar.com\/avatar\/a535b4a133389f55485f0a633a5968f3d69e644503b1fed0e6aa81083975d04a?s=96&d=mm&r=g\",\"caption\":\"Carsten Maluche\"}}]}<\/script>\n<!-- \/ Yoast SEO plugin. -->","yoast_head_json":{"title":"Vespa Primavera 125 . . . . . . . ab 4699 statt 5199 \u20ac -","robots":{"index":"index","follow":"follow","max-snippet":"max-snippet:-1","max-image-preview":"max-image-preview:large","max-video-preview":"max-video-preview:-1"},"canonical":"https:\/\/www.der-mopedladen.de\/?p=2581","og_locale":"de_DE","og_type":"article","og_title":"Vespa Primavera 125 . . . . . . . ab 4699 statt 5199 \u20ac -","og_description":"Wir haben an der Preisschraube gedreht: Bei der Vespa Primavera 125 spart ihr jetzt volle 500 Euro! Preis gilt nur f\u00fcr Lagerfahrzeug und solange Vorrat\u2026 Mehr Informationen","og_url":"https:\/\/www.der-mopedladen.de\/?p=2581","article_published_time":"2024-10-21T10:23:25+00:00","article_modified_time":"2025-12-15T13:13:20+00:00","og_image":[{"width":2560,"height":1920,"url":"https:\/\/www.der-mopedladen.de\/wp-content\/uploads\/2024\/05\/Primavera-weiss-FL-3.jpg","type":"image\/jpeg"}],"author":"Carsten Maluche","twitter_card":"summary_large_image","twitter_misc":{"Verfasst von":"Carsten Maluche","Gesch\u00e4tzte Lesezeit":"2\u00a0Minuten"},"schema":{"@context":"https:\/\/schema.org","@graph":[{"@type":"Article","@id":"https:\/\/www.der-mopedladen.de\/?p=2581#article","isPartOf":{"@id":"https:\/\/www.der-mopedladen.de\/?p=2581"},"author":{"name":"Carsten Maluche","@id":"https:\/\/www.der-mopedladen.de\/#\/schema\/person\/4d0c0c9ed7d36464398049539cfdc1c0"},"headline":"Vespa Primavera 125 . . . . . . . ab 4699 statt 5199 \u20ac","datePublished":"2024-10-21T10:23:25+00:00","dateModified":"2025-12-15T13:13:20+00:00","mainEntityOfPage":{"@id":"https:\/\/www.der-mopedladen.de\/?p=2581"},"wordCount":256,"publisher":{"@id":"https:\/\/www.der-mopedladen.de\/#organization"},"image":{"@id":"https:\/\/www.der-mopedladen.de\/?p=2581#primaryimage"},"thumbnailUrl":"https:\/\/www.der-mopedladen.de\/wp-content\/uploads\/2024\/05\/Primavera-weiss-FL-3.jpg","keywords":["125er","4 Takt","ab 16","ABS","B196","Einspritzung","Vespa"],"articleSection":["Roller ab 125 ccm","Vespa"],"inLanguage":"de"},{"@type":"WebPage","@id":"https:\/\/www.der-mopedladen.de\/?p=2581","url":"https:\/\/www.der-mopedladen.de\/?p=2581","name":"Vespa Primavera 125 . . . . . . . ab 4699 statt 5199 \u20ac -","isPartOf":{"@id":"https:\/\/www.der-mopedladen.de\/#website"},"primaryImageOfPage":{"@id":"https:\/\/www.der-mopedladen.de\/?p=2581#primaryimage"},"image":{"@id":"https:\/\/www.der-mopedladen.de\/?p=2581#primaryimage"},"thumbnailUrl":"https:\/\/www.der-mopedladen.de\/wp-content\/uploads\/2024\/05\/Primavera-weiss-FL-3.jpg","datePublished":"2024-10-21T10:23:25+00:00","dateModified":"2025-12-15T13:13:20+00:00","breadcrumb":{"@id":"https:\/\/www.der-mopedladen.de\/?p=2581#breadcrumb"},"inLanguage":"de","potentialAction":[{"@type":"ReadAction","target":["https:\/\/www.der-mopedladen.de\/?p=2581"]}]},{"@type":"ImageObject","inLanguage":"de","@id":"https:\/\/www.der-mopedladen.de\/?p=2581#primaryimage","url":"https:\/\/www.der-mopedladen.de\/wp-content\/uploads\/2024\/05\/Primavera-weiss-FL-3.jpg","contentUrl":"https:\/\/www.der-mopedladen.de\/wp-content\/uploads\/2024\/05\/Primavera-weiss-FL-3.jpg","width":2560,"height":1920},{"@type":"BreadcrumbList","@id":"https:\/\/www.der-mopedladen.de\/?p=2581#breadcrumb","itemListElement":[{"@type":"ListItem","position":1,"name":"Startseite","item":"https:\/\/www.der-mopedladen.de\/"},{"@type":"ListItem","position":2,"name":"Vespa Primavera 125 . . . . . . . ab 4699 statt 5199 \u20ac"}]},{"@type":"WebSite","@id":"https:\/\/www.der-mopedladen.de\/#website","url":"https:\/\/www.der-mopedladen.de\/","name":"","description":"","publisher":{"@id":"https:\/\/www.der-mopedladen.de\/#organization"},"potentialAction":[{"@type":"SearchAction","target":{"@type":"EntryPoint","urlTemplate":"https:\/\/www.der-mopedladen.de\/?s={search_term_string}"},"query-input":{"@type":"PropertyValueSpecification","valueRequired":true,"valueName":"search_term_string"}}],"inLanguage":"de"},{"@type":"Organization","@id":"https:\/\/www.der-mopedladen.de\/#organization","name":"Der Mopedladen OHG","url":"https:\/\/www.der-mopedladen.de\/","logo":{"@type":"ImageObject","inLanguage":"de","@id":"https:\/\/www.der-mopedladen.de\/#\/schema\/logo\/image\/","url":"https:\/\/www.der-mopedladen.de\/wp-content\/uploads\/2021\/04\/Logo-DerMopedladen_ZW_CMYK-50x36mm.jpg","contentUrl":"https:\/\/www.der-mopedladen.de\/wp-content\/uploads\/2021\/04\/Logo-DerMopedladen_ZW_CMYK-50x36mm.jpg","width":602,"height":437,"caption":"Der Mopedladen OHG"},"image":{"@id":"https:\/\/www.der-mopedladen.de\/#\/schema\/logo\/image\/"}},{"@type":"Person","@id":"https:\/\/www.der-mopedladen.de\/#\/schema\/person\/4d0c0c9ed7d36464398049539cfdc1c0","name":"Carsten Maluche","image":{"@type":"ImageObject","inLanguage":"de","@id":"https:\/\/www.der-mopedladen.de\/#\/schema\/person\/image\/","url":"https:\/\/secure.gravatar.com\/avatar\/a535b4a133389f55485f0a633a5968f3d69e644503b1fed0e6aa81083975d04a?s=96&d=mm&r=g","contentUrl":"https:\/\/secure.gravatar.com\/avatar\/a535b4a133389f55485f0a633a5968f3d69e644503b1fed0e6aa81083975d04a?s=96&d=mm&r=g","caption":"Carsten Maluche"}}]}},"_links":{"self":[{"href":"https:\/\/www.der-mopedladen.de\/index.php?rest_route=\/wp\/v2\/posts\/2581","targetHints":{"allow":["GET"]}}],"collection":[{"href":"https:\/\/www.der-mopedladen.de\/index.php?rest_route=\/wp\/v2\/posts"}],"about":[{"href":"https:\/\/www.der-mopedladen.de\/index.php?rest_route=\/wp\/v2\/types\/post"}],"author":[{"embeddable":true,"href":"https:\/\/www.der-mopedladen.de\/index.php?rest_route=\/wp\/v2\/users\/2"}],"replies":[{"embeddable":true,"href":"https:\/\/www.der-mopedladen.de\/index.php?rest_route=%2Fwp%2Fv2%2Fcomments&post=2581"}],"version-history":[{"count":3,"href":"https:\/\/www.der-mopedladen.de\/index.php?rest_route=\/wp\/v2\/posts\/2581\/revisions"}],"predecessor-version":[{"id":23127,"href":"https:\/\/www.der-mopedladen.de\/index.php?rest_route=\/wp\/v2\/posts\/2581\/revisions\/23127"}],"wp:featuredmedia":[{"embeddable":true,"href":"https:\/\/www.der-mopedladen.de\/index.php?rest_route=\/wp\/v2\/media\/19675"}],"wp:attachment":[{"href":"https:\/\/www.der-mopedladen.de\/index.php?rest_route=%2Fwp%2Fv2%2Fmedia&parent=2581"}],"wp:term":[{"taxonomy":"category","embeddable":true,"href":"https:\/\/www.der-mopedladen.de\/index.php?rest_route=%2Fwp%2Fv2%2Fcategories&post=2581"},{"taxonomy":"post_tag","embeddable":true,"href":"https:\/\/www.der-mopedladen.de\/index.php?rest_route=%2Fwp%2Fv2%2Ftags&post=2581"}],"curies":[{"name":"wp","href":"https:\/\/api.w.org\/{rel}","templated":true}]}}