{"id":2537,"date":"2023-01-11T11:54:17","date_gmt":"2023-01-11T10:54:17","guid":{"rendered":"http:\/\/www.der-mopedladen.de\/?p=2537"},"modified":"2026-04-02T17:24:50","modified_gmt":"2026-04-02T15:24:50","slug":"vespa-primavera-50","status":"publish","type":"post","link":"https:\/\/www.der-mopedladen.de\/?p=2537","title":{"rendered":"Vespa Primavera 50 . . . . . . . . . ab 3899 \u20ac statt 4250 \u20ac"},"content":{"rendered":"<div id=\"c3933\" class=\"csc-default csc-space\">\n<p class=\"bodytext\">Der Mythos Primavera verbunden mit dem kraftvollen 50cm\u00b3 Viertaktmotor: perfekt f\u00fcr einen flotten Einstieg in die Welt der Vespa-Mobilit\u00e4t.<\/p>\n<p class=\"bodytext\">In puncto Technik, Qualit\u00e4t und Sicherheit zeigt sich die Vespa Primavera mit dem Small Body Chassis von ihrer besten Seite. Agil, handlich und komfortabel rollt sie auf 12\u201c Leichtmetallr\u00e4dern. Das digital-analoge Cockpit bietet alle wichtigen Informationen auf einen Blick. Immer gut sichtbar, das Tagfahrlicht und das R\u00fccklicht der Primavera mit modernster LED-Technik. Egal, ob 50 oder 125 cm\u00b3 Hubraum, die kraftvollen i-Get Motoren \u2013Italian Green Experience Technology \u2013 der Primavera-Baureihe sind umweltfreundlich und sparsam im Verbrauch.<\/p>\n<ul>\n<li class=\"bodytext\">Klassisches Design<\/li>\n<li class=\"bodytext\">Sportliches, sicheres Fahrverhalten<\/li>\n<li class=\"bodytext\">Sparsamer Viertaktmotor<\/li>\n<li>Auch als Primavera S in exklusiven Farben f\u00fcr 3.999 statt 4.350 \u20ac erh\u00e4ltlich!<\/li>\n<li>Auch als Primavera Tech in exklusiven Farben f\u00fcr 4.499 statt 4.699 \u20ac erh\u00e4ltlich!<\/li>\n<li>Sondermodelle Primavera Batik + RED in exclusivem Design f\u00fcr 4.199.statt 4.399 \u20ac erh\u00e4ltlich!<\/li>\n<\/ul>\n<ul>\n<li><strong>ACHTUNG: Alle aktuellen Farben und Modelle finden Sie auf der <a href=\"https:\/\/www.vespa.com\/de_DE\/models\/primavera\/\" target=\"_blank\" rel=\"noopener\">VESPA-Homepage!<\/a><\/strong><\/li>\n<\/ul>\n<div id=\"c4026\" class=\"csc-default csc-space\">\n<div class=\"csc-header csc-header-n1\">\n<h3><\/h3>\n<\/div>\n<\/div>\n<div id=\"c3937\" class=\"csc-default csc-space\">\n<div class=\"csc-header csc-header-n1\">\n<h3>Fahrzeugdetails<\/h3>\n<\/div>\n<table class=\"fahrzeugdaten\" style=\"width: 100%;\">\n<tbody>\n<tr>\n<td style=\"width: 29.6429%;\">F\u00fchrerschein<\/td>\n<td style=\"width: 69.4048%;\">AM, B<\/td>\n<\/tr>\n<tr>\n<td style=\"width: 29.6429%;\">Leistung<\/td>\n<td style=\"width: 69.4048%;\">2,2 kW \/ 3 PS<\/td>\n<\/tr>\n<tr>\n<td style=\"width: 29.6429%;\">Sitzh\u00f6he<\/td>\n<td style=\"width: 69.4048%;\">790 mm<\/td>\n<\/tr>\n<tr>\n<td style=\"width: 29.6429%;\">H\u00f6chstgeschwindigkeit<\/td>\n<td style=\"width: 69.4048%;\">45 km\/h<\/td>\n<\/tr>\n<tr>\n<td style=\"width: 29.6429%;\">Leer-\/Gesamtgewicht<\/td>\n<td style=\"width: 69.4048%;\">115 kg (fahrbereit) \/ 295 kg<\/td>\n<\/tr>\n<tr>\n<td style=\"width: 29.6429%;\">Farben<\/td>\n<td style=\"width: 69.4048%;\"><strong>Standard:<\/strong> Schwarz, Wei\u00df, Beige, Dunkelblau, Hellgr\u00fcn<\/p>\n<p><strong>Primavera S<\/strong>: Weiss, Hell-Gelb<\/p>\n<p><strong>Primavera Tech:<\/strong> Blau-Matt, Hellgrau-Matt<\/td>\n<\/tr>\n<\/tbody>\n<\/table>\n<\/div>\n<div class=\"finanzierungsWrap\">\n<div id=\"c3930\" class=\"csc-default csc-space\">\n<div class=\"csc-header csc-header-n1\">\n<h3>Finanzierung<\/h3>\n<\/div>\n<table class=\"fahrzeugdaten\">\n<tbody>\n<tr>\n<td>Finanzierung \u00fcber Creditplus-Bank m\u00f6glich.<\/td>\n<td><\/td>\n<\/tr>\n<\/tbody>\n<\/table>\n<\/div>\n<\/div>\n<\/div>\n<div id=\"envira-gallery-wrap-3273\" class=\"envira-gallery-wrap envira-gallery-theme-base envira-lightbox-theme-base\" itemscope itemtype=\"https:\/\/schema.org\/ImageGallery\"><div data-row-height=\"150\" data-gallery-theme=\"normal\" id=\"envira-gallery-3273\" class=\"envira-gallery-public envira-gallery-justified-public envira-gallery-0-columns envira-clear enviratope envira-gallery-css-animations\" data-envira-columns=\"0\"><div id=\"envira-gallery-item-19730\" class=\"envira-gallery-item enviratope-item envira-gallery-item-1\" style=\"padding-left: 5px; padding-bottom: 10px; padding-right: 5px;\"  itemscope itemtype=\"https:\/\/schema.org\/ImageObject\"><div class=\"envira-gallery-item-inner\"><div class=\"envira-gallery-position-overlay  envira-gallery-top-left\"><\/div><div class=\"envira-gallery-position-overlay  envira-gallery-top-right\"><\/div><div class=\"envira-gallery-position-overlay  envira-gallery-bottom-left\"><\/div><div class=\"envira-gallery-position-overlay  envira-gallery-bottom-right\"><\/div><a href=\"https:\/\/www.der-mopedladen.de\/wp-content\/uploads\/2024\/06\/Prima-50-blau-FL-7.jpg\" class=\"envira-gallery-3273 envira-gallery-link\" rel=\"enviragallery3273\" title=\"Prima 50 blau FL 2\" data-envira-caption=\"Prima 50 blau FL 2\" data-envira-retina=\"\" data-thumbnail=\"\"  itemprop=\"contentUrl\"><img decoding=\"async\" id=\"envira-gallery-image-19730\" class=\"envira-gallery-image envira-gallery-image-1 envira-normal \" data-envira-index=\"1\" src=\"https:\/\/www.der-mopedladen.de\/wp-content\/uploads\/2024\/06\/Prima-50-blau-FL-7-1024x768-640x480.jpg\" data-envira-src=\"https:\/\/www.der-mopedladen.de\/wp-content\/uploads\/2024\/06\/Prima-50-blau-FL-7-1024x768-640x480.jpg\" data-envira-gallery-id=\"3273\" data-envira-item-id=\"19730\" data-envira-caption=\"Prima 50 blau FL 2\" alt=\"\" title=\"Prima 50 blau FL 2\"  itemprop=\"thumbnailUrl\" data-envira-srcset=\"https:\/\/www.der-mopedladen.de\/wp-content\/uploads\/2024\/06\/Prima-50-blau-FL-7-1024x768-640x480.jpg 400w,https:\/\/www.der-mopedladen.de\/wp-content\/uploads\/2024\/06\/Prima-50-blau-FL-7-1024x768-640x480.jpg 2x\" data-envira-width=\"300\" data-envira-height=\"225\" srcset=\"https:\/\/www.der-mopedladen.de\/wp-content\/uploads\/2024\/06\/Prima-50-blau-FL-7-1280x960.jpg 2x\" data-safe-src=\"https:\/\/www.der-mopedladen.de\/wp-content\/uploads\/2024\/06\/Prima-50-blau-FL-7-1024x768-640x480.jpg\" \/><\/a><\/div><\/div><div id=\"envira-gallery-item-19768\" class=\"envira-gallery-item enviratope-item envira-gallery-item-2\" style=\"padding-left: 5px; padding-bottom: 10px; padding-right: 5px;\"  itemscope itemtype=\"https:\/\/schema.org\/ImageObject\"><div class=\"envira-gallery-item-inner\"><div class=\"envira-gallery-position-overlay  envira-gallery-top-left\"><\/div><div class=\"envira-gallery-position-overlay  envira-gallery-top-right\"><\/div><div class=\"envira-gallery-position-overlay  envira-gallery-bottom-left\"><\/div><div class=\"envira-gallery-position-overlay  envira-gallery-bottom-right\"><\/div><a href=\"https:\/\/www.der-mopedladen.de\/wp-content\/uploads\/2024\/06\/Prima-50-gruen-FL-1.jpg\" class=\"envira-gallery-3273 envira-gallery-link\" rel=\"enviragallery3273\" title=\"Prima 50 gr&uuml;n FL 1\" data-envira-caption=\"Prima 50 gr&uuml;n FL 1\" data-envira-retina=\"\" data-thumbnail=\"\"  itemprop=\"contentUrl\"><img decoding=\"async\" id=\"envira-gallery-image-19768\" class=\"envira-gallery-image envira-gallery-image-2 envira-normal \" data-envira-index=\"2\" src=\"https:\/\/www.der-mopedladen.de\/wp-content\/uploads\/2024\/06\/Prima-50-gruen-FL-1-1024x768-640x480.jpg\" data-envira-src=\"https:\/\/www.der-mopedladen.de\/wp-content\/uploads\/2024\/06\/Prima-50-gruen-FL-1-1024x768-640x480.jpg\" data-envira-gallery-id=\"3273\" data-envira-item-id=\"19768\" data-envira-caption=\"Prima 50 gr&uuml;n FL 1\" alt=\"\" title=\"Prima 50 gr\u00fcn FL 1\"  itemprop=\"thumbnailUrl\" data-envira-srcset=\"https:\/\/www.der-mopedladen.de\/wp-content\/uploads\/2024\/06\/Prima-50-gruen-FL-1-1024x768-640x480.jpg 400w,https:\/\/www.der-mopedladen.de\/wp-content\/uploads\/2024\/06\/Prima-50-gruen-FL-1-1024x768-640x480.jpg 2x\" data-envira-width=\"300\" data-envira-height=\"225\" srcset=\"https:\/\/www.der-mopedladen.de\/wp-content\/uploads\/2024\/06\/Prima-50-gruen-FL-1-1280x960.jpg 2x\" data-safe-src=\"https:\/\/www.der-mopedladen.de\/wp-content\/uploads\/2024\/06\/Prima-50-gruen-FL-1-1024x768-640x480.jpg\" \/><\/a><\/div><\/div><div id=\"envira-gallery-item-19671\" class=\"envira-gallery-item enviratope-item envira-gallery-item-3\" style=\"padding-left: 5px; padding-bottom: 10px; padding-right: 5px;\"  itemscope itemtype=\"https:\/\/schema.org\/ImageObject\"><div class=\"envira-gallery-item-inner\"><div class=\"envira-gallery-position-overlay  envira-gallery-top-left\"><\/div><div class=\"envira-gallery-position-overlay  envira-gallery-top-right\"><\/div><div class=\"envira-gallery-position-overlay  envira-gallery-bottom-left\"><\/div><div class=\"envira-gallery-position-overlay  envira-gallery-bottom-right\"><\/div><a href=\"https:\/\/www.der-mopedladen.de\/wp-content\/uploads\/2024\/05\/Primavera-weiss-FL-1.jpg\" class=\"envira-gallery-3273 envira-gallery-link\" rel=\"enviragallery3273\" title=\"Primavera weiss FL 4\" data-envira-caption=\"Primavera weiss FL 4\" data-envira-retina=\"\" data-thumbnail=\"\"  itemprop=\"contentUrl\"><img decoding=\"async\" id=\"envira-gallery-image-19671\" class=\"envira-gallery-image envira-gallery-image-3 envira-normal \" data-envira-index=\"3\" src=\"https:\/\/www.der-mopedladen.de\/wp-content\/uploads\/2024\/05\/Primavera-weiss-FL-1-1024x768-640x480.jpg\" data-envira-src=\"https:\/\/www.der-mopedladen.de\/wp-content\/uploads\/2024\/05\/Primavera-weiss-FL-1-1024x768-640x480.jpg\" data-envira-gallery-id=\"3273\" data-envira-item-id=\"19671\" data-envira-caption=\"Primavera weiss FL 4\" alt=\"\" title=\"Primavera weiss FL 4\"  itemprop=\"thumbnailUrl\" data-envira-srcset=\"https:\/\/www.der-mopedladen.de\/wp-content\/uploads\/2024\/05\/Primavera-weiss-FL-1-1024x768-640x480.jpg 400w,https:\/\/www.der-mopedladen.de\/wp-content\/uploads\/2024\/05\/Primavera-weiss-FL-1-1024x768-640x480.jpg 2x\" data-envira-width=\"300\" data-envira-height=\"225\" srcset=\"https:\/\/www.der-mopedladen.de\/wp-content\/uploads\/2024\/05\/Primavera-weiss-FL-1-1280x960.jpg 2x\" data-safe-src=\"https:\/\/www.der-mopedladen.de\/wp-content\/uploads\/2024\/05\/Primavera-weiss-FL-1-1024x768-640x480.jpg\" \/><\/a><\/div><\/div><div id=\"envira-gallery-item-20495\" class=\"envira-gallery-item enviratope-item envira-gallery-item-4\" style=\"padding-left: 5px; padding-bottom: 10px; padding-right: 5px;\"  itemscope itemtype=\"https:\/\/schema.org\/ImageObject\"><div class=\"envira-gallery-item-inner\"><div class=\"envira-gallery-position-overlay  envira-gallery-top-left\"><\/div><div class=\"envira-gallery-position-overlay  envira-gallery-top-right\"><\/div><div class=\"envira-gallery-position-overlay  envira-gallery-bottom-left\"><\/div><div class=\"envira-gallery-position-overlay  envira-gallery-bottom-right\"><\/div><a href=\"https:\/\/www.der-mopedladen.de\/wp-content\/uploads\/2024\/10\/Primavera-S-gelb-1.jpg\" class=\"envira-gallery-3273 envira-gallery-link\" rel=\"enviragallery3273\" title=\"Primavera S gelb 3\" data-envira-caption=\"Primavera S gelb 3\" data-envira-retina=\"\" data-thumbnail=\"\"  itemprop=\"contentUrl\"><img decoding=\"async\" id=\"envira-gallery-image-20495\" class=\"envira-gallery-image envira-gallery-image-4 envira-normal \" data-envira-index=\"4\" src=\"https:\/\/www.der-mopedladen.de\/wp-content\/uploads\/2024\/10\/Primavera-S-gelb-1-1024x768-640x480.jpg\" data-envira-src=\"https:\/\/www.der-mopedladen.de\/wp-content\/uploads\/2024\/10\/Primavera-S-gelb-1-1024x768-640x480.jpg\" data-envira-gallery-id=\"3273\" data-envira-item-id=\"20495\" data-envira-caption=\"Primavera S gelb 3\" alt=\"\" title=\"Primavera S gelb 3\"  itemprop=\"thumbnailUrl\" data-envira-srcset=\"https:\/\/www.der-mopedladen.de\/wp-content\/uploads\/2024\/10\/Primavera-S-gelb-1-1024x768-640x480.jpg 400w,https:\/\/www.der-mopedladen.de\/wp-content\/uploads\/2024\/10\/Primavera-S-gelb-1-1024x768-640x480.jpg 2x\" data-envira-width=\"300\" data-envira-height=\"225\" srcset=\"https:\/\/www.der-mopedladen.de\/wp-content\/uploads\/2024\/10\/Primavera-S-gelb-1-1280x960.jpg 2x\" data-safe-src=\"https:\/\/www.der-mopedladen.de\/wp-content\/uploads\/2024\/10\/Primavera-S-gelb-1-1024x768-640x480.jpg\" \/><\/a><\/div><\/div><div id=\"envira-gallery-item-19678\" class=\"envira-gallery-item enviratope-item envira-gallery-item-5\" style=\"padding-left: 5px; padding-bottom: 10px; padding-right: 5px;\"  itemscope itemtype=\"https:\/\/schema.org\/ImageObject\"><div class=\"envira-gallery-item-inner\"><div class=\"envira-gallery-position-overlay  envira-gallery-top-left\"><\/div><div class=\"envira-gallery-position-overlay  envira-gallery-top-right\"><\/div><div class=\"envira-gallery-position-overlay  envira-gallery-bottom-left\"><\/div><div class=\"envira-gallery-position-overlay  envira-gallery-bottom-right\"><\/div><a href=\"https:\/\/www.der-mopedladen.de\/wp-content\/uploads\/2024\/05\/Primavera-S-mattschwarz-FL-9.jpg\" class=\"envira-gallery-3273 envira-gallery-link\" rel=\"enviragallery3273\" title=\"Primavera S mattschwarz FL 3\" data-envira-caption=\"Primavera S mattschwarz FL 3\" data-envira-retina=\"\" data-thumbnail=\"\"  itemprop=\"contentUrl\"><img decoding=\"async\" id=\"envira-gallery-image-19678\" class=\"envira-gallery-image envira-gallery-image-5 envira-normal \" data-envira-index=\"5\" src=\"https:\/\/www.der-mopedladen.de\/wp-content\/uploads\/2024\/05\/Primavera-S-mattschwarz-FL-9-1024x768-640x480.jpg\" data-envira-src=\"https:\/\/www.der-mopedladen.de\/wp-content\/uploads\/2024\/05\/Primavera-S-mattschwarz-FL-9-1024x768-640x480.jpg\" data-envira-gallery-id=\"3273\" data-envira-item-id=\"19678\" data-envira-caption=\"Primavera S mattschwarz FL 3\" alt=\"\" title=\"Primavera S mattschwarz FL 3\"  itemprop=\"thumbnailUrl\" data-envira-srcset=\"https:\/\/www.der-mopedladen.de\/wp-content\/uploads\/2024\/05\/Primavera-S-mattschwarz-FL-9-1024x768-640x480.jpg 400w,https:\/\/www.der-mopedladen.de\/wp-content\/uploads\/2024\/05\/Primavera-S-mattschwarz-FL-9-1024x768-640x480.jpg 2x\" data-envira-width=\"300\" data-envira-height=\"225\" srcset=\"https:\/\/www.der-mopedladen.de\/wp-content\/uploads\/2024\/05\/Primavera-S-mattschwarz-FL-9-1280x960.jpg 2x\" data-safe-src=\"https:\/\/www.der-mopedladen.de\/wp-content\/uploads\/2024\/05\/Primavera-S-mattschwarz-FL-9-1024x768-640x480.jpg\" \/><\/a><\/div><\/div><div id=\"envira-gallery-item-19728\" class=\"envira-gallery-item enviratope-item envira-gallery-item-6\" style=\"padding-left: 5px; padding-bottom: 10px; padding-right: 5px;\"  itemscope itemtype=\"https:\/\/schema.org\/ImageObject\"><div class=\"envira-gallery-item-inner\"><div class=\"envira-gallery-position-overlay  envira-gallery-top-left\"><\/div><div class=\"envira-gallery-position-overlay  envira-gallery-top-right\"><\/div><div class=\"envira-gallery-position-overlay  envira-gallery-bottom-left\"><\/div><div class=\"envira-gallery-position-overlay  envira-gallery-bottom-right\"><\/div><a href=\"https:\/\/www.der-mopedladen.de\/wp-content\/uploads\/2024\/06\/Prima-S-50-beige-3.jpg\" class=\"envira-gallery-3273 envira-gallery-link\" rel=\"enviragallery3273\" title=\"Prima S 50 beige 3\" data-envira-caption=\"Prima S 50 beige 3\" data-envira-retina=\"\" data-thumbnail=\"\"  itemprop=\"contentUrl\"><img decoding=\"async\" id=\"envira-gallery-image-19728\" class=\"envira-gallery-image envira-gallery-image-6 envira-normal \" data-envira-index=\"6\" src=\"https:\/\/www.der-mopedladen.de\/wp-content\/uploads\/2024\/06\/Prima-S-50-beige-3-1024x768-640x480.jpg\" data-envira-src=\"https:\/\/www.der-mopedladen.de\/wp-content\/uploads\/2024\/06\/Prima-S-50-beige-3-1024x768-640x480.jpg\" data-envira-gallery-id=\"3273\" data-envira-item-id=\"19728\" data-envira-caption=\"Prima S 50 beige 3\" alt=\"\" title=\"Prima S 50 beige 3\"  itemprop=\"thumbnailUrl\" data-envira-srcset=\"https:\/\/www.der-mopedladen.de\/wp-content\/uploads\/2024\/06\/Prima-S-50-beige-3-1024x768-640x480.jpg 400w,https:\/\/www.der-mopedladen.de\/wp-content\/uploads\/2024\/06\/Prima-S-50-beige-3-1024x768-640x480.jpg 2x\" data-envira-width=\"300\" data-envira-height=\"225\" srcset=\"https:\/\/www.der-mopedladen.de\/wp-content\/uploads\/2024\/06\/Prima-S-50-beige-3-1280x960.jpg 2x\" data-safe-src=\"https:\/\/www.der-mopedladen.de\/wp-content\/uploads\/2024\/06\/Prima-S-50-beige-3-1024x768-640x480.jpg\" \/><\/a><\/div><\/div><div id=\"envira-gallery-item-19675\" class=\"envira-gallery-item enviratope-item envira-gallery-item-7\" style=\"padding-left: 5px; padding-bottom: 10px; padding-right: 5px;\"  itemscope itemtype=\"https:\/\/schema.org\/ImageObject\"><div class=\"envira-gallery-item-inner\"><div class=\"envira-gallery-position-overlay  envira-gallery-top-left\"><\/div><div class=\"envira-gallery-position-overlay  envira-gallery-top-right\"><\/div><div class=\"envira-gallery-position-overlay  envira-gallery-bottom-left\"><\/div><div class=\"envira-gallery-position-overlay  envira-gallery-bottom-right\"><\/div><a href=\"https:\/\/www.der-mopedladen.de\/wp-content\/uploads\/2024\/05\/Primavera-weiss-FL-3.jpg\" class=\"envira-gallery-3273 envira-gallery-link\" rel=\"enviragallery3273\" title=\"Primavera weiss FL 7\" data-envira-caption=\"Primavera weiss FL 7\" data-envira-retina=\"\" data-thumbnail=\"\"  itemprop=\"contentUrl\"><img decoding=\"async\" id=\"envira-gallery-image-19675\" class=\"envira-gallery-image envira-gallery-image-7 envira-normal \" data-envira-index=\"7\" src=\"https:\/\/www.der-mopedladen.de\/wp-content\/uploads\/2024\/05\/Primavera-weiss-FL-3-1024x768-640x480.jpg\" data-envira-src=\"https:\/\/www.der-mopedladen.de\/wp-content\/uploads\/2024\/05\/Primavera-weiss-FL-3-1024x768-640x480.jpg\" data-envira-gallery-id=\"3273\" data-envira-item-id=\"19675\" data-envira-caption=\"Primavera weiss FL 7\" alt=\"\" title=\"Primavera weiss FL 7\"  itemprop=\"thumbnailUrl\" data-envira-srcset=\"https:\/\/www.der-mopedladen.de\/wp-content\/uploads\/2024\/05\/Primavera-weiss-FL-3-1024x768-640x480.jpg 400w,https:\/\/www.der-mopedladen.de\/wp-content\/uploads\/2024\/05\/Primavera-weiss-FL-3-1024x768-640x480.jpg 2x\" data-envira-width=\"300\" data-envira-height=\"225\" srcset=\"https:\/\/www.der-mopedladen.de\/wp-content\/uploads\/2024\/05\/Primavera-weiss-FL-3-1280x960.jpg 2x\" data-safe-src=\"https:\/\/www.der-mopedladen.de\/wp-content\/uploads\/2024\/05\/Primavera-weiss-FL-3-1024x768-640x480.jpg\" \/><\/a><\/div><\/div><div id=\"envira-gallery-item-19682\" class=\"envira-gallery-item enviratope-item envira-gallery-item-8\" style=\"padding-left: 5px; padding-bottom: 10px; padding-right: 5px;\"  itemscope itemtype=\"https:\/\/schema.org\/ImageObject\"><div class=\"envira-gallery-item-inner\"><div class=\"envira-gallery-position-overlay  envira-gallery-top-left\"><\/div><div class=\"envira-gallery-position-overlay  envira-gallery-top-right\"><\/div><div class=\"envira-gallery-position-overlay  envira-gallery-bottom-left\"><\/div><div class=\"envira-gallery-position-overlay  envira-gallery-bottom-right\"><\/div><a href=\"https:\/\/www.der-mopedladen.de\/wp-content\/uploads\/2024\/05\/Primavera-S-mattschwarz-FL-3.jpg\" class=\"envira-gallery-3273 envira-gallery-link\" rel=\"enviragallery3273\" title=\"Primavera S mattschwarz FL 8\" data-envira-caption=\"Primavera S mattschwarz FL 8\" data-envira-retina=\"\" data-thumbnail=\"\"  itemprop=\"contentUrl\"><img decoding=\"async\" id=\"envira-gallery-image-19682\" class=\"envira-gallery-image envira-gallery-image-8 envira-normal \" data-envira-index=\"8\" src=\"https:\/\/www.der-mopedladen.de\/wp-content\/uploads\/2024\/05\/Primavera-S-mattschwarz-FL-3-1024x768-640x480.jpg\" data-envira-src=\"https:\/\/www.der-mopedladen.de\/wp-content\/uploads\/2024\/05\/Primavera-S-mattschwarz-FL-3-1024x768-640x480.jpg\" data-envira-gallery-id=\"3273\" data-envira-item-id=\"19682\" data-envira-caption=\"Primavera S mattschwarz FL 8\" alt=\"\" title=\"Primavera S mattschwarz FL 8\"  itemprop=\"thumbnailUrl\" data-envira-srcset=\"https:\/\/www.der-mopedladen.de\/wp-content\/uploads\/2024\/05\/Primavera-S-mattschwarz-FL-3-1024x768-640x480.jpg 400w,https:\/\/www.der-mopedladen.de\/wp-content\/uploads\/2024\/05\/Primavera-S-mattschwarz-FL-3-1024x768-640x480.jpg 2x\" data-envira-width=\"300\" data-envira-height=\"225\" srcset=\"https:\/\/www.der-mopedladen.de\/wp-content\/uploads\/2024\/05\/Primavera-S-mattschwarz-FL-3-1280x960.jpg 2x\" data-safe-src=\"https:\/\/www.der-mopedladen.de\/wp-content\/uploads\/2024\/05\/Primavera-S-mattschwarz-FL-3-1024x768-640x480.jpg\" \/><\/a><\/div><\/div><div id=\"envira-gallery-item-8463\" class=\"envira-gallery-item enviratope-item envira-gallery-item-9\" style=\"padding-left: 5px; padding-bottom: 10px; padding-right: 5px;\"  itemscope itemtype=\"https:\/\/schema.org\/ImageObject\"><div class=\"envira-gallery-item-inner\"><div class=\"envira-gallery-position-overlay  envira-gallery-top-left\"><\/div><div class=\"envira-gallery-position-overlay  envira-gallery-top-right\"><\/div><div class=\"envira-gallery-position-overlay  envira-gallery-bottom-left\"><\/div><div class=\"envira-gallery-position-overlay  envira-gallery-bottom-right\"><\/div><a href=\"http:\/\/www.der-mopedladen.de\/wp-content\/uploads\/2020\/01\/Primavera-schwarz-1.png\" class=\"envira-gallery-3273 envira-gallery-link\" rel=\"enviragallery3273\" title=\"Primavera schwarz 1\" data-envira-caption=\"Primavera schwarz 1\" data-envira-retina=\"\" data-thumbnail=\"\"  itemprop=\"contentUrl\"><img decoding=\"async\" id=\"envira-gallery-image-8463\" class=\"envira-gallery-image envira-gallery-image-9 envira-normal \" data-envira-index=\"9\" src=\"https:\/\/www.der-mopedladen.de\/wp-content\/uploads\/2020\/01\/Primavera-schwarz-1-640x480.png\" data-envira-src=\"https:\/\/www.der-mopedladen.de\/wp-content\/uploads\/2020\/01\/Primavera-schwarz-1-640x480.png\" data-envira-gallery-id=\"3273\" data-envira-item-id=\"8463\" data-envira-caption=\"Primavera schwarz 1\" alt=\"\" title=\"Primavera schwarz 1\"  itemprop=\"thumbnailUrl\" data-envira-srcset=\"https:\/\/www.der-mopedladen.de\/wp-content\/uploads\/2020\/01\/Primavera-schwarz-1-640x480.png 400w,https:\/\/www.der-mopedladen.de\/wp-content\/uploads\/2020\/01\/Primavera-schwarz-1-640x480.png 2x\" data-envira-width=\"300\" data-envira-height=\"217\" srcset=\"https:\/\/www.der-mopedladen.de\/wp-content\/uploads\/2020\/01\/Primavera-schwarz-1-1280x960.png 2x\" data-safe-src=\"https:\/\/www.der-mopedladen.de\/wp-content\/uploads\/2020\/01\/Primavera-schwarz-1-640x480.png\" \/><\/a><\/div><\/div><div id=\"envira-gallery-item-19683\" class=\"envira-gallery-item enviratope-item envira-gallery-item-10\" style=\"padding-left: 5px; padding-bottom: 10px; padding-right: 5px;\"  itemscope itemtype=\"https:\/\/schema.org\/ImageObject\"><div class=\"envira-gallery-item-inner\"><div class=\"envira-gallery-position-overlay  envira-gallery-top-left\"><\/div><div class=\"envira-gallery-position-overlay  envira-gallery-top-right\"><\/div><div class=\"envira-gallery-position-overlay  envira-gallery-bottom-left\"><\/div><div class=\"envira-gallery-position-overlay  envira-gallery-bottom-right\"><\/div><a href=\"https:\/\/www.der-mopedladen.de\/wp-content\/uploads\/2024\/05\/Primavera-S-mattschwarz-FL-2.jpg\" class=\"envira-gallery-3273 envira-gallery-link\" rel=\"enviragallery3273\" title=\"Primavera S mattschwarz FL 9\" data-envira-caption=\"Primavera S mattschwarz FL 9\" data-envira-retina=\"\" data-thumbnail=\"\"  itemprop=\"contentUrl\"><img decoding=\"async\" id=\"envira-gallery-image-19683\" class=\"envira-gallery-image envira-gallery-image-10 envira-normal \" data-envira-index=\"10\" src=\"https:\/\/www.der-mopedladen.de\/wp-content\/uploads\/2024\/05\/Primavera-S-mattschwarz-FL-2-1024x768-640x480.jpg\" data-envira-src=\"https:\/\/www.der-mopedladen.de\/wp-content\/uploads\/2024\/05\/Primavera-S-mattschwarz-FL-2-1024x768-640x480.jpg\" data-envira-gallery-id=\"3273\" data-envira-item-id=\"19683\" data-envira-caption=\"Primavera S mattschwarz FL 9\" alt=\"\" title=\"Primavera S mattschwarz FL 9\"  itemprop=\"thumbnailUrl\" data-envira-srcset=\"https:\/\/www.der-mopedladen.de\/wp-content\/uploads\/2024\/05\/Primavera-S-mattschwarz-FL-2-1024x768-640x480.jpg 400w,https:\/\/www.der-mopedladen.de\/wp-content\/uploads\/2024\/05\/Primavera-S-mattschwarz-FL-2-1024x768-640x480.jpg 2x\" data-envira-width=\"300\" data-envira-height=\"225\" srcset=\"https:\/\/www.der-mopedladen.de\/wp-content\/uploads\/2024\/05\/Primavera-S-mattschwarz-FL-2-1280x960.jpg 2x\" data-safe-src=\"https:\/\/www.der-mopedladen.de\/wp-content\/uploads\/2024\/05\/Primavera-S-mattschwarz-FL-2-1024x768-640x480.jpg\" \/><\/a><\/div><\/div><div id=\"envira-gallery-item-19681\" class=\"envira-gallery-item enviratope-item envira-gallery-item-11\" style=\"padding-left: 5px; padding-bottom: 10px; padding-right: 5px;\"  itemscope itemtype=\"https:\/\/schema.org\/ImageObject\"><div class=\"envira-gallery-item-inner\"><div class=\"envira-gallery-position-overlay  envira-gallery-top-left\"><\/div><div class=\"envira-gallery-position-overlay  envira-gallery-top-right\"><\/div><div class=\"envira-gallery-position-overlay  envira-gallery-bottom-left\"><\/div><div class=\"envira-gallery-position-overlay  envira-gallery-bottom-right\"><\/div><a href=\"https:\/\/www.der-mopedladen.de\/wp-content\/uploads\/2024\/05\/Primavera-S-mattschwarz-FL-5.jpg\" class=\"envira-gallery-3273 envira-gallery-link\" rel=\"enviragallery3273\" title=\"Primavera S mattschwarz FL 7\" data-envira-caption=\"Primavera S mattschwarz FL 7\" data-envira-retina=\"\" data-thumbnail=\"\"  itemprop=\"contentUrl\"><img decoding=\"async\" id=\"envira-gallery-image-19681\" class=\"envira-gallery-image envira-gallery-image-11 envira-normal \" data-envira-index=\"11\" src=\"https:\/\/www.der-mopedladen.de\/wp-content\/uploads\/2024\/05\/Primavera-S-mattschwarz-FL-5-1024x768-640x480.jpg\" data-envira-src=\"https:\/\/www.der-mopedladen.de\/wp-content\/uploads\/2024\/05\/Primavera-S-mattschwarz-FL-5-1024x768-640x480.jpg\" data-envira-gallery-id=\"3273\" data-envira-item-id=\"19681\" data-envira-caption=\"Primavera S mattschwarz FL 7\" alt=\"\" title=\"Primavera S mattschwarz FL 7\"  itemprop=\"thumbnailUrl\" data-envira-srcset=\"https:\/\/www.der-mopedladen.de\/wp-content\/uploads\/2024\/05\/Primavera-S-mattschwarz-FL-5-1024x768-640x480.jpg 400w,https:\/\/www.der-mopedladen.de\/wp-content\/uploads\/2024\/05\/Primavera-S-mattschwarz-FL-5-1024x768-640x480.jpg 2x\" data-envira-width=\"300\" data-envira-height=\"225\" srcset=\"https:\/\/www.der-mopedladen.de\/wp-content\/uploads\/2024\/05\/Primavera-S-mattschwarz-FL-5-1280x960.jpg 2x\" data-safe-src=\"https:\/\/www.der-mopedladen.de\/wp-content\/uploads\/2024\/05\/Primavera-S-mattschwarz-FL-5-1024x768-640x480.jpg\" \/><\/a><\/div><\/div><div id=\"envira-gallery-item-19680\" class=\"envira-gallery-item enviratope-item envira-gallery-item-12\" style=\"padding-left: 5px; padding-bottom: 10px; padding-right: 5px;\"  itemscope itemtype=\"https:\/\/schema.org\/ImageObject\"><div class=\"envira-gallery-item-inner\"><div class=\"envira-gallery-position-overlay  envira-gallery-top-left\"><\/div><div class=\"envira-gallery-position-overlay  envira-gallery-top-right\"><\/div><div class=\"envira-gallery-position-overlay  envira-gallery-bottom-left\"><\/div><div class=\"envira-gallery-position-overlay  envira-gallery-bottom-right\"><\/div><a href=\"https:\/\/www.der-mopedladen.de\/wp-content\/uploads\/2024\/05\/Primavera-S-mattschwarz-FL-7.jpg\" class=\"envira-gallery-3273 envira-gallery-link\" rel=\"enviragallery3273\" title=\"Primavera S mattschwarz FL 1\" data-envira-caption=\"Primavera S mattschwarz FL 1\" data-envira-retina=\"\" data-thumbnail=\"\"  itemprop=\"contentUrl\"><img decoding=\"async\" id=\"envira-gallery-image-19680\" class=\"envira-gallery-image envira-gallery-image-12 envira-normal \" data-envira-index=\"12\" src=\"https:\/\/www.der-mopedladen.de\/wp-content\/uploads\/2024\/05\/Primavera-S-mattschwarz-FL-7-1024x768-640x480.jpg\" data-envira-src=\"https:\/\/www.der-mopedladen.de\/wp-content\/uploads\/2024\/05\/Primavera-S-mattschwarz-FL-7-1024x768-640x480.jpg\" data-envira-gallery-id=\"3273\" data-envira-item-id=\"19680\" data-envira-caption=\"Primavera S mattschwarz FL 1\" alt=\"\" title=\"Primavera S mattschwarz FL 1\"  itemprop=\"thumbnailUrl\" data-envira-srcset=\"https:\/\/www.der-mopedladen.de\/wp-content\/uploads\/2024\/05\/Primavera-S-mattschwarz-FL-7-1024x768-640x480.jpg 400w,https:\/\/www.der-mopedladen.de\/wp-content\/uploads\/2024\/05\/Primavera-S-mattschwarz-FL-7-1024x768-640x480.jpg 2x\" data-envira-width=\"300\" data-envira-height=\"225\" srcset=\"https:\/\/www.der-mopedladen.de\/wp-content\/uploads\/2024\/05\/Primavera-S-mattschwarz-FL-7-1280x960.jpg 2x\" data-safe-src=\"https:\/\/www.der-mopedladen.de\/wp-content\/uploads\/2024\/05\/Primavera-S-mattschwarz-FL-7-1024x768-640x480.jpg\" \/><\/a><\/div><\/div><div id=\"envira-gallery-item-19677\" class=\"envira-gallery-item enviratope-item envira-gallery-item-13\" style=\"padding-left: 5px; padding-bottom: 10px; padding-right: 5px;\"  itemscope itemtype=\"https:\/\/schema.org\/ImageObject\"><div class=\"envira-gallery-item-inner\"><div class=\"envira-gallery-position-overlay  envira-gallery-top-left\"><\/div><div class=\"envira-gallery-position-overlay  envira-gallery-top-right\"><\/div><div class=\"envira-gallery-position-overlay  envira-gallery-bottom-left\"><\/div><div class=\"envira-gallery-position-overlay  envira-gallery-bottom-right\"><\/div><a href=\"https:\/\/www.der-mopedladen.de\/wp-content\/uploads\/2024\/05\/Primavera-S-mattschwarz-FL-1.jpg\" class=\"envira-gallery-3273 envira-gallery-link\" rel=\"enviragallery3273\" title=\"Primavera S mattschwarz FL 5\" data-envira-caption=\"Primavera S mattschwarz FL 5\" data-envira-retina=\"\" data-thumbnail=\"\"  itemprop=\"contentUrl\"><img decoding=\"async\" id=\"envira-gallery-image-19677\" class=\"envira-gallery-image envira-gallery-image-13 envira-normal \" data-envira-index=\"13\" src=\"https:\/\/www.der-mopedladen.de\/wp-content\/uploads\/2024\/05\/Primavera-S-mattschwarz-FL-1-1024x768-640x480.jpg\" data-envira-src=\"https:\/\/www.der-mopedladen.de\/wp-content\/uploads\/2024\/05\/Primavera-S-mattschwarz-FL-1-1024x768-640x480.jpg\" data-envira-gallery-id=\"3273\" data-envira-item-id=\"19677\" data-envira-caption=\"Primavera S mattschwarz FL 5\" alt=\"\" title=\"Primavera S mattschwarz FL 5\"  itemprop=\"thumbnailUrl\" data-envira-srcset=\"https:\/\/www.der-mopedladen.de\/wp-content\/uploads\/2024\/05\/Primavera-S-mattschwarz-FL-1-1024x768-640x480.jpg 400w,https:\/\/www.der-mopedladen.de\/wp-content\/uploads\/2024\/05\/Primavera-S-mattschwarz-FL-1-1024x768-640x480.jpg 2x\" data-envira-width=\"300\" data-envira-height=\"225\" srcset=\"https:\/\/www.der-mopedladen.de\/wp-content\/uploads\/2024\/05\/Primavera-S-mattschwarz-FL-1-1280x960.jpg 2x\" data-safe-src=\"https:\/\/www.der-mopedladen.de\/wp-content\/uploads\/2024\/05\/Primavera-S-mattschwarz-FL-1-1024x768-640x480.jpg\" \/><\/a><\/div><\/div><div id=\"envira-gallery-item-19674\" class=\"envira-gallery-item enviratope-item envira-gallery-item-14\" style=\"padding-left: 5px; padding-bottom: 10px; padding-right: 5px;\"  itemscope itemtype=\"https:\/\/schema.org\/ImageObject\"><div class=\"envira-gallery-item-inner\"><div class=\"envira-gallery-position-overlay  envira-gallery-top-left\"><\/div><div class=\"envira-gallery-position-overlay  envira-gallery-top-right\"><\/div><div class=\"envira-gallery-position-overlay  envira-gallery-bottom-left\"><\/div><div class=\"envira-gallery-position-overlay  envira-gallery-bottom-right\"><\/div><a href=\"https:\/\/www.der-mopedladen.de\/wp-content\/uploads\/2024\/05\/Primavera-weiss-FL-4.jpg\" class=\"envira-gallery-3273 envira-gallery-link\" rel=\"enviragallery3273\" title=\"Primavera weiss FL 1\" data-envira-caption=\"Primavera weiss FL 1\" data-envira-retina=\"\" data-thumbnail=\"\"  itemprop=\"contentUrl\"><img decoding=\"async\" id=\"envira-gallery-image-19674\" class=\"envira-gallery-image envira-gallery-image-14 envira-normal \" data-envira-index=\"14\" src=\"https:\/\/www.der-mopedladen.de\/wp-content\/uploads\/2024\/05\/Primavera-weiss-FL-4-1024x768-640x480.jpg\" data-envira-src=\"https:\/\/www.der-mopedladen.de\/wp-content\/uploads\/2024\/05\/Primavera-weiss-FL-4-1024x768-640x480.jpg\" data-envira-gallery-id=\"3273\" data-envira-item-id=\"19674\" data-envira-caption=\"Primavera weiss FL 1\" alt=\"\" title=\"Primavera weiss FL 1\"  itemprop=\"thumbnailUrl\" data-envira-srcset=\"https:\/\/www.der-mopedladen.de\/wp-content\/uploads\/2024\/05\/Primavera-weiss-FL-4-1024x768-640x480.jpg 400w,https:\/\/www.der-mopedladen.de\/wp-content\/uploads\/2024\/05\/Primavera-weiss-FL-4-1024x768-640x480.jpg 2x\" data-envira-width=\"300\" data-envira-height=\"225\" srcset=\"https:\/\/www.der-mopedladen.de\/wp-content\/uploads\/2024\/05\/Primavera-weiss-FL-4-1280x960.jpg 2x\" data-safe-src=\"https:\/\/www.der-mopedladen.de\/wp-content\/uploads\/2024\/05\/Primavera-weiss-FL-4-1024x768-640x480.jpg\" \/><\/a><\/div><\/div><div id=\"envira-gallery-item-19673\" class=\"envira-gallery-item enviratope-item envira-gallery-item-15\" style=\"padding-left: 5px; padding-bottom: 10px; padding-right: 5px;\"  itemscope itemtype=\"https:\/\/schema.org\/ImageObject\"><div class=\"envira-gallery-item-inner\"><div class=\"envira-gallery-position-overlay  envira-gallery-top-left\"><\/div><div class=\"envira-gallery-position-overlay  envira-gallery-top-right\"><\/div><div class=\"envira-gallery-position-overlay  envira-gallery-bottom-left\"><\/div><div class=\"envira-gallery-position-overlay  envira-gallery-bottom-right\"><\/div><a href=\"https:\/\/www.der-mopedladen.de\/wp-content\/uploads\/2024\/05\/Primavera-weiss-FL-7.jpg\" class=\"envira-gallery-3273 envira-gallery-link\" rel=\"enviragallery3273\" title=\"Primavera weiss FL 2\" data-envira-caption=\"Primavera weiss FL 2\" data-envira-retina=\"\" data-thumbnail=\"\"  itemprop=\"contentUrl\"><img decoding=\"async\" id=\"envira-gallery-image-19673\" class=\"envira-gallery-image envira-gallery-image-15 envira-normal \" data-envira-index=\"15\" src=\"https:\/\/www.der-mopedladen.de\/wp-content\/uploads\/2024\/05\/Primavera-weiss-FL-7-1024x768-640x480.jpg\" data-envira-src=\"https:\/\/www.der-mopedladen.de\/wp-content\/uploads\/2024\/05\/Primavera-weiss-FL-7-1024x768-640x480.jpg\" data-envira-gallery-id=\"3273\" data-envira-item-id=\"19673\" data-envira-caption=\"Primavera weiss FL 2\" alt=\"\" title=\"Primavera weiss FL 2\"  itemprop=\"thumbnailUrl\" data-envira-srcset=\"https:\/\/www.der-mopedladen.de\/wp-content\/uploads\/2024\/05\/Primavera-weiss-FL-7-1024x768-640x480.jpg 400w,https:\/\/www.der-mopedladen.de\/wp-content\/uploads\/2024\/05\/Primavera-weiss-FL-7-1024x768-640x480.jpg 2x\" data-envira-width=\"300\" data-envira-height=\"225\" srcset=\"https:\/\/www.der-mopedladen.de\/wp-content\/uploads\/2024\/05\/Primavera-weiss-FL-7-1280x960.jpg 2x\" data-safe-src=\"https:\/\/www.der-mopedladen.de\/wp-content\/uploads\/2024\/05\/Primavera-weiss-FL-7-1024x768-640x480.jpg\" \/><\/a><\/div><\/div><div id=\"envira-gallery-item-19670\" class=\"envira-gallery-item enviratope-item envira-gallery-item-16\" style=\"padding-left: 5px; padding-bottom: 10px; padding-right: 5px;\"  itemscope itemtype=\"https:\/\/schema.org\/ImageObject\"><div class=\"envira-gallery-item-inner\"><div class=\"envira-gallery-position-overlay  envira-gallery-top-left\"><\/div><div class=\"envira-gallery-position-overlay  envira-gallery-top-right\"><\/div><div class=\"envira-gallery-position-overlay  envira-gallery-bottom-left\"><\/div><div class=\"envira-gallery-position-overlay  envira-gallery-bottom-right\"><\/div><a href=\"https:\/\/www.der-mopedladen.de\/wp-content\/uploads\/2024\/05\/Primavera-weiss-FL-6.jpg\" class=\"envira-gallery-3273 envira-gallery-link\" rel=\"enviragallery3273\" title=\"Primavera weiss FL 6\" data-envira-caption=\"Primavera weiss FL 6\" data-envira-retina=\"\" data-thumbnail=\"\"  itemprop=\"contentUrl\"><img decoding=\"async\" id=\"envira-gallery-image-19670\" class=\"envira-gallery-image envira-gallery-image-16 envira-normal \" data-envira-index=\"16\" src=\"https:\/\/www.der-mopedladen.de\/wp-content\/uploads\/2024\/05\/Primavera-weiss-FL-6-768x1024-640x480.jpg\" data-envira-src=\"https:\/\/www.der-mopedladen.de\/wp-content\/uploads\/2024\/05\/Primavera-weiss-FL-6-768x1024-640x480.jpg\" data-envira-gallery-id=\"3273\" data-envira-item-id=\"19670\" data-envira-caption=\"Primavera weiss FL 6\" alt=\"\" title=\"Primavera weiss FL 6\"  itemprop=\"thumbnailUrl\" data-envira-srcset=\"https:\/\/www.der-mopedladen.de\/wp-content\/uploads\/2024\/05\/Primavera-weiss-FL-6-768x1024-640x480.jpg 400w,https:\/\/www.der-mopedladen.de\/wp-content\/uploads\/2024\/05\/Primavera-weiss-FL-6-768x1024-640x480.jpg 2x\" data-envira-width=\"225\" data-envira-height=\"300\" srcset=\"https:\/\/www.der-mopedladen.de\/wp-content\/uploads\/2024\/05\/Primavera-weiss-FL-6-1280x960.jpg 2x\" data-safe-src=\"https:\/\/www.der-mopedladen.de\/wp-content\/uploads\/2024\/05\/Primavera-weiss-FL-6-768x1024-640x480.jpg\" \/><\/a><\/div><\/div><div id=\"envira-gallery-item-19668\" class=\"envira-gallery-item enviratope-item envira-gallery-item-17\" style=\"padding-left: 5px; padding-bottom: 10px; padding-right: 5px;\"  itemscope itemtype=\"https:\/\/schema.org\/ImageObject\"><div class=\"envira-gallery-item-inner\"><div class=\"envira-gallery-position-overlay  envira-gallery-top-left\"><\/div><div class=\"envira-gallery-position-overlay  envira-gallery-top-right\"><\/div><div class=\"envira-gallery-position-overlay  envira-gallery-bottom-left\"><\/div><div class=\"envira-gallery-position-overlay  envira-gallery-bottom-right\"><\/div><a href=\"https:\/\/www.der-mopedladen.de\/wp-content\/uploads\/2024\/05\/Primavera-S-mattschwarz-FL-6.jpg\" class=\"envira-gallery-3273 envira-gallery-link\" rel=\"enviragallery3273\" title=\"Primavera S mattschwarz FL 6\" data-envira-caption=\"Primavera S mattschwarz FL 6\" data-envira-retina=\"\" data-thumbnail=\"\"  itemprop=\"contentUrl\"><img decoding=\"async\" id=\"envira-gallery-image-19668\" class=\"envira-gallery-image envira-gallery-image-17 envira-normal \" data-envira-index=\"17\" src=\"https:\/\/www.der-mopedladen.de\/wp-content\/uploads\/2024\/05\/Primavera-S-mattschwarz-FL-6-768x1024-640x480.jpg\" data-envira-src=\"https:\/\/www.der-mopedladen.de\/wp-content\/uploads\/2024\/05\/Primavera-S-mattschwarz-FL-6-768x1024-640x480.jpg\" data-envira-gallery-id=\"3273\" data-envira-item-id=\"19668\" data-envira-caption=\"Primavera S mattschwarz FL 6\" alt=\"\" title=\"Primavera S mattschwarz FL 6\"  itemprop=\"thumbnailUrl\" data-envira-srcset=\"https:\/\/www.der-mopedladen.de\/wp-content\/uploads\/2024\/05\/Primavera-S-mattschwarz-FL-6-768x1024-640x480.jpg 400w,https:\/\/www.der-mopedladen.de\/wp-content\/uploads\/2024\/05\/Primavera-S-mattschwarz-FL-6-768x1024-640x480.jpg 2x\" data-envira-width=\"225\" data-envira-height=\"300\" srcset=\"https:\/\/www.der-mopedladen.de\/wp-content\/uploads\/2024\/05\/Primavera-S-mattschwarz-FL-6-1280x960.jpg 2x\" data-safe-src=\"https:\/\/www.der-mopedladen.de\/wp-content\/uploads\/2024\/05\/Primavera-S-mattschwarz-FL-6-768x1024-640x480.jpg\" \/><\/a><\/div><\/div><div id=\"envira-gallery-item-19667\" class=\"envira-gallery-item enviratope-item envira-gallery-item-18\" style=\"padding-left: 5px; padding-bottom: 10px; padding-right: 5px;\"  itemscope itemtype=\"https:\/\/schema.org\/ImageObject\"><div class=\"envira-gallery-item-inner\"><div class=\"envira-gallery-position-overlay  envira-gallery-top-left\"><\/div><div class=\"envira-gallery-position-overlay  envira-gallery-top-right\"><\/div><div class=\"envira-gallery-position-overlay  envira-gallery-bottom-left\"><\/div><div class=\"envira-gallery-position-overlay  envira-gallery-bottom-right\"><\/div><a href=\"https:\/\/www.der-mopedladen.de\/wp-content\/uploads\/2024\/05\/Primavera-S-mattschwarz-FL-4.jpg\" class=\"envira-gallery-3273 envira-gallery-link\" rel=\"enviragallery3273\" title=\"Primavera S mattschwarz FL 4\" data-envira-caption=\"Primavera S mattschwarz FL 4\" data-envira-retina=\"\" data-thumbnail=\"\"  itemprop=\"contentUrl\"><img decoding=\"async\" id=\"envira-gallery-image-19667\" class=\"envira-gallery-image envira-gallery-image-18 envira-normal \" data-envira-index=\"18\" src=\"https:\/\/www.der-mopedladen.de\/wp-content\/uploads\/2024\/05\/Primavera-S-mattschwarz-FL-4-768x1024-640x480.jpg\" data-envira-src=\"https:\/\/www.der-mopedladen.de\/wp-content\/uploads\/2024\/05\/Primavera-S-mattschwarz-FL-4-768x1024-640x480.jpg\" data-envira-gallery-id=\"3273\" data-envira-item-id=\"19667\" data-envira-caption=\"Primavera S mattschwarz FL 4\" alt=\"\" title=\"Primavera S mattschwarz FL 4\"  itemprop=\"thumbnailUrl\" data-envira-srcset=\"https:\/\/www.der-mopedladen.de\/wp-content\/uploads\/2024\/05\/Primavera-S-mattschwarz-FL-4-768x1024-640x480.jpg 400w,https:\/\/www.der-mopedladen.de\/wp-content\/uploads\/2024\/05\/Primavera-S-mattschwarz-FL-4-768x1024-640x480.jpg 2x\" data-envira-width=\"225\" data-envira-height=\"300\" srcset=\"https:\/\/www.der-mopedladen.de\/wp-content\/uploads\/2024\/05\/Primavera-S-mattschwarz-FL-4-1280x960.jpg 2x\" data-safe-src=\"https:\/\/www.der-mopedladen.de\/wp-content\/uploads\/2024\/05\/Primavera-S-mattschwarz-FL-4-768x1024-640x480.jpg\" \/><\/a><\/div><\/div><div id=\"envira-gallery-item-19770\" class=\"envira-gallery-item enviratope-item envira-gallery-item-19\" style=\"padding-left: 5px; padding-bottom: 10px; padding-right: 5px;\"  itemscope itemtype=\"https:\/\/schema.org\/ImageObject\"><div class=\"envira-gallery-item-inner\"><div class=\"envira-gallery-position-overlay  envira-gallery-top-left\"><\/div><div class=\"envira-gallery-position-overlay  envira-gallery-top-right\"><\/div><div class=\"envira-gallery-position-overlay  envira-gallery-bottom-left\"><\/div><div class=\"envira-gallery-position-overlay  envira-gallery-bottom-right\"><\/div><a href=\"https:\/\/www.der-mopedladen.de\/wp-content\/uploads\/2024\/06\/Prima-50-gruen-FL-3.jpg\" class=\"envira-gallery-3273 envira-gallery-link\" rel=\"enviragallery3273\" title=\"Prima 50 gr&uuml;n FL 3\" data-envira-caption=\"Prima 50 gr&uuml;n FL 3\" data-envira-retina=\"\" data-thumbnail=\"\"  itemprop=\"contentUrl\"><img decoding=\"async\" id=\"envira-gallery-image-19770\" class=\"envira-gallery-image envira-gallery-image-19 envira-normal \" data-envira-index=\"19\" src=\"https:\/\/www.der-mopedladen.de\/wp-content\/uploads\/2024\/06\/Prima-50-gruen-FL-3-1024x768-640x480.jpg\" data-envira-src=\"https:\/\/www.der-mopedladen.de\/wp-content\/uploads\/2024\/06\/Prima-50-gruen-FL-3-1024x768-640x480.jpg\" data-envira-gallery-id=\"3273\" data-envira-item-id=\"19770\" data-envira-caption=\"Prima 50 gr&uuml;n FL 3\" alt=\"\" title=\"Prima 50 gr\u00fcn FL 3\"  itemprop=\"thumbnailUrl\" data-envira-srcset=\"https:\/\/www.der-mopedladen.de\/wp-content\/uploads\/2024\/06\/Prima-50-gruen-FL-3-1024x768-640x480.jpg 400w,https:\/\/www.der-mopedladen.de\/wp-content\/uploads\/2024\/06\/Prima-50-gruen-FL-3-1024x768-640x480.jpg 2x\" data-envira-width=\"300\" data-envira-height=\"225\" srcset=\"https:\/\/www.der-mopedladen.de\/wp-content\/uploads\/2024\/06\/Prima-50-gruen-FL-3-1280x960.jpg 2x\" data-safe-src=\"https:\/\/www.der-mopedladen.de\/wp-content\/uploads\/2024\/06\/Prima-50-gruen-FL-3-1024x768-640x480.jpg\" \/><\/a><\/div><\/div><div id=\"envira-gallery-item-19734\" class=\"envira-gallery-item enviratope-item envira-gallery-item-20\" style=\"padding-left: 5px; padding-bottom: 10px; padding-right: 5px;\"  itemscope itemtype=\"https:\/\/schema.org\/ImageObject\"><div class=\"envira-gallery-item-inner\"><div class=\"envira-gallery-position-overlay  envira-gallery-top-left\"><\/div><div class=\"envira-gallery-position-overlay  envira-gallery-top-right\"><\/div><div class=\"envira-gallery-position-overlay  envira-gallery-bottom-left\"><\/div><div class=\"envira-gallery-position-overlay  envira-gallery-bottom-right\"><\/div><a href=\"https:\/\/www.der-mopedladen.de\/wp-content\/uploads\/2024\/06\/Prima-50-blau-FL-3.jpg\" class=\"envira-gallery-3273 envira-gallery-link\" rel=\"enviragallery3273\" title=\"Prima 50 blau FL 6\" data-envira-caption=\"Prima 50 blau FL 6\" data-envira-retina=\"\" data-thumbnail=\"\"  itemprop=\"contentUrl\"><img decoding=\"async\" id=\"envira-gallery-image-19734\" class=\"envira-gallery-image envira-gallery-image-20 envira-normal \" data-envira-index=\"20\" src=\"https:\/\/www.der-mopedladen.de\/wp-content\/uploads\/2024\/06\/Prima-50-blau-FL-3-1024x768-640x480.jpg\" data-envira-src=\"https:\/\/www.der-mopedladen.de\/wp-content\/uploads\/2024\/06\/Prima-50-blau-FL-3-1024x768-640x480.jpg\" data-envira-gallery-id=\"3273\" data-envira-item-id=\"19734\" data-envira-caption=\"Prima 50 blau FL 6\" alt=\"\" title=\"Prima 50 blau FL 6\"  itemprop=\"thumbnailUrl\" data-envira-srcset=\"https:\/\/www.der-mopedladen.de\/wp-content\/uploads\/2024\/06\/Prima-50-blau-FL-3-1024x768-640x480.jpg 400w,https:\/\/www.der-mopedladen.de\/wp-content\/uploads\/2024\/06\/Prima-50-blau-FL-3-1024x768-640x480.jpg 2x\" data-envira-width=\"300\" data-envira-height=\"225\" srcset=\"https:\/\/www.der-mopedladen.de\/wp-content\/uploads\/2024\/06\/Prima-50-blau-FL-3-1280x960.jpg 2x\" data-safe-src=\"https:\/\/www.der-mopedladen.de\/wp-content\/uploads\/2024\/06\/Prima-50-blau-FL-3-1024x768-640x480.jpg\" \/><\/a><\/div><\/div><div id=\"envira-gallery-item-20499\" class=\"envira-gallery-item enviratope-item envira-gallery-item-21\" style=\"padding-left: 5px; padding-bottom: 10px; padding-right: 5px;\"  itemscope itemtype=\"https:\/\/schema.org\/ImageObject\"><div class=\"envira-gallery-item-inner\"><div class=\"envira-gallery-position-overlay  envira-gallery-top-left\"><\/div><div class=\"envira-gallery-position-overlay  envira-gallery-top-right\"><\/div><div class=\"envira-gallery-position-overlay  envira-gallery-bottom-left\"><\/div><div class=\"envira-gallery-position-overlay  envira-gallery-bottom-right\"><\/div><a href=\"https:\/\/www.der-mopedladen.de\/wp-content\/uploads\/2024\/10\/Primavera-S-gelb-3.jpg\" class=\"envira-gallery-3273 envira-gallery-link\" rel=\"enviragallery3273\" title=\"Primavera S gelb 6\" data-envira-caption=\"Primavera S gelb 6\" data-envira-retina=\"\" data-thumbnail=\"\"  itemprop=\"contentUrl\"><img decoding=\"async\" id=\"envira-gallery-image-20499\" class=\"envira-gallery-image envira-gallery-image-21 envira-normal \" data-envira-index=\"21\" src=\"https:\/\/www.der-mopedladen.de\/wp-content\/uploads\/2024\/10\/Primavera-S-gelb-3-1024x768-640x480.jpg\" data-envira-src=\"https:\/\/www.der-mopedladen.de\/wp-content\/uploads\/2024\/10\/Primavera-S-gelb-3-1024x768-640x480.jpg\" data-envira-gallery-id=\"3273\" data-envira-item-id=\"20499\" data-envira-caption=\"Primavera S gelb 6\" alt=\"\" title=\"Primavera S gelb 6\"  itemprop=\"thumbnailUrl\" data-envira-srcset=\"https:\/\/www.der-mopedladen.de\/wp-content\/uploads\/2024\/10\/Primavera-S-gelb-3-1024x768-640x480.jpg 400w,https:\/\/www.der-mopedladen.de\/wp-content\/uploads\/2024\/10\/Primavera-S-gelb-3-1024x768-640x480.jpg 2x\" data-envira-width=\"300\" data-envira-height=\"225\" srcset=\"https:\/\/www.der-mopedladen.de\/wp-content\/uploads\/2024\/10\/Primavera-S-gelb-3-1280x960.jpg 2x\" data-safe-src=\"https:\/\/www.der-mopedladen.de\/wp-content\/uploads\/2024\/10\/Primavera-S-gelb-3-1024x768-640x480.jpg\" \/><\/a><\/div><\/div><div id=\"envira-gallery-item-19723\" class=\"envira-gallery-item enviratope-item envira-gallery-item-22\" style=\"padding-left: 5px; padding-bottom: 10px; padding-right: 5px;\"  itemscope itemtype=\"https:\/\/schema.org\/ImageObject\"><div class=\"envira-gallery-item-inner\"><div class=\"envira-gallery-position-overlay  envira-gallery-top-left\"><\/div><div class=\"envira-gallery-position-overlay  envira-gallery-top-right\"><\/div><div class=\"envira-gallery-position-overlay  envira-gallery-bottom-left\"><\/div><div class=\"envira-gallery-position-overlay  envira-gallery-bottom-right\"><\/div><a href=\"https:\/\/www.der-mopedladen.de\/wp-content\/uploads\/2024\/06\/Prima-S-50-beige-8.jpg\" class=\"envira-gallery-3273 envira-gallery-link\" rel=\"enviragallery3273\" title=\"Prima S 50 beige 8\" data-envira-caption=\"Prima S 50 beige 8\" data-envira-retina=\"\" data-thumbnail=\"\"  itemprop=\"contentUrl\"><img decoding=\"async\" id=\"envira-gallery-image-19723\" class=\"envira-gallery-image envira-gallery-image-22 envira-normal \" data-envira-index=\"22\" src=\"https:\/\/www.der-mopedladen.de\/wp-content\/uploads\/2024\/06\/Prima-S-50-beige-8-1024x768-640x480.jpg\" data-envira-src=\"https:\/\/www.der-mopedladen.de\/wp-content\/uploads\/2024\/06\/Prima-S-50-beige-8-1024x768-640x480.jpg\" data-envira-gallery-id=\"3273\" data-envira-item-id=\"19723\" data-envira-caption=\"Prima S 50 beige 8\" alt=\"\" title=\"Prima S 50 beige 8\"  itemprop=\"thumbnailUrl\" data-envira-srcset=\"https:\/\/www.der-mopedladen.de\/wp-content\/uploads\/2024\/06\/Prima-S-50-beige-8-1024x768-640x480.jpg 400w,https:\/\/www.der-mopedladen.de\/wp-content\/uploads\/2024\/06\/Prima-S-50-beige-8-1024x768-640x480.jpg 2x\" data-envira-width=\"300\" data-envira-height=\"225\" srcset=\"https:\/\/www.der-mopedladen.de\/wp-content\/uploads\/2024\/06\/Prima-S-50-beige-8-1280x960.jpg 2x\" data-safe-src=\"https:\/\/www.der-mopedladen.de\/wp-content\/uploads\/2024\/06\/Prima-S-50-beige-8-1024x768-640x480.jpg\" \/><\/a><\/div><\/div><div id=\"envira-gallery-item-20496\" class=\"envira-gallery-item enviratope-item envira-gallery-item-23\" style=\"padding-left: 5px; padding-bottom: 10px; padding-right: 5px;\"  itemscope itemtype=\"https:\/\/schema.org\/ImageObject\"><div class=\"envira-gallery-item-inner\"><div class=\"envira-gallery-position-overlay  envira-gallery-top-left\"><\/div><div class=\"envira-gallery-position-overlay  envira-gallery-top-right\"><\/div><div class=\"envira-gallery-position-overlay  envira-gallery-bottom-left\"><\/div><div class=\"envira-gallery-position-overlay  envira-gallery-bottom-right\"><\/div><a href=\"https:\/\/www.der-mopedladen.de\/wp-content\/uploads\/2024\/10\/Primavera-S-gelb-8.jpg\" class=\"envira-gallery-3273 envira-gallery-link\" rel=\"enviragallery3273\" title=\"Primavera S gelb 2\" data-envira-caption=\"Primavera S gelb 2\" data-envira-retina=\"\" data-thumbnail=\"\"  itemprop=\"contentUrl\"><img decoding=\"async\" id=\"envira-gallery-image-20496\" class=\"envira-gallery-image envira-gallery-image-23 envira-normal \" data-envira-index=\"23\" src=\"https:\/\/www.der-mopedladen.de\/wp-content\/uploads\/2024\/10\/Primavera-S-gelb-8-1024x768-640x480.jpg\" data-envira-src=\"https:\/\/www.der-mopedladen.de\/wp-content\/uploads\/2024\/10\/Primavera-S-gelb-8-1024x768-640x480.jpg\" data-envira-gallery-id=\"3273\" data-envira-item-id=\"20496\" data-envira-caption=\"Primavera S gelb 2\" alt=\"\" title=\"Primavera S gelb 2\"  itemprop=\"thumbnailUrl\" data-envira-srcset=\"https:\/\/www.der-mopedladen.de\/wp-content\/uploads\/2024\/10\/Primavera-S-gelb-8-1024x768-640x480.jpg 400w,https:\/\/www.der-mopedladen.de\/wp-content\/uploads\/2024\/10\/Primavera-S-gelb-8-1024x768-640x480.jpg 2x\" data-envira-width=\"300\" data-envira-height=\"225\" srcset=\"https:\/\/www.der-mopedladen.de\/wp-content\/uploads\/2024\/10\/Primavera-S-gelb-8-1280x960.jpg 2x\" data-safe-src=\"https:\/\/www.der-mopedladen.de\/wp-content\/uploads\/2024\/10\/Primavera-S-gelb-8-1024x768-640x480.jpg\" \/><\/a><\/div><\/div><div id=\"envira-gallery-item-19729\" class=\"envira-gallery-item enviratope-item envira-gallery-item-24\" style=\"padding-left: 5px; padding-bottom: 10px; padding-right: 5px;\"  itemscope itemtype=\"https:\/\/schema.org\/ImageObject\"><div class=\"envira-gallery-item-inner\"><div class=\"envira-gallery-position-overlay  envira-gallery-top-left\"><\/div><div class=\"envira-gallery-position-overlay  envira-gallery-top-right\"><\/div><div class=\"envira-gallery-position-overlay  envira-gallery-bottom-left\"><\/div><div class=\"envira-gallery-position-overlay  envira-gallery-bottom-right\"><\/div><a href=\"https:\/\/www.der-mopedladen.de\/wp-content\/uploads\/2024\/06\/Prima-S-50-beige-2.jpg\" class=\"envira-gallery-3273 envira-gallery-link\" rel=\"enviragallery3273\" title=\"Prima S 50 beige 2\" data-envira-caption=\"Prima S 50 beige 2\" data-envira-retina=\"\" data-thumbnail=\"\"  itemprop=\"contentUrl\"><img decoding=\"async\" id=\"envira-gallery-image-19729\" class=\"envira-gallery-image envira-gallery-image-24 envira-normal \" data-envira-index=\"24\" src=\"https:\/\/www.der-mopedladen.de\/wp-content\/uploads\/2024\/06\/Prima-S-50-beige-2-1024x768-640x480.jpg\" data-envira-src=\"https:\/\/www.der-mopedladen.de\/wp-content\/uploads\/2024\/06\/Prima-S-50-beige-2-1024x768-640x480.jpg\" data-envira-gallery-id=\"3273\" data-envira-item-id=\"19729\" data-envira-caption=\"Prima S 50 beige 2\" alt=\"\" title=\"Prima S 50 beige 2\"  itemprop=\"thumbnailUrl\" data-envira-srcset=\"https:\/\/www.der-mopedladen.de\/wp-content\/uploads\/2024\/06\/Prima-S-50-beige-2-1024x768-640x480.jpg 400w,https:\/\/www.der-mopedladen.de\/wp-content\/uploads\/2024\/06\/Prima-S-50-beige-2-1024x768-640x480.jpg 2x\" data-envira-width=\"300\" data-envira-height=\"225\" srcset=\"https:\/\/www.der-mopedladen.de\/wp-content\/uploads\/2024\/06\/Prima-S-50-beige-2-1280x960.jpg 2x\" data-safe-src=\"https:\/\/www.der-mopedladen.de\/wp-content\/uploads\/2024\/06\/Prima-S-50-beige-2-1024x768-640x480.jpg\" \/><\/a><\/div><\/div><div id=\"envira-gallery-item-19733\" class=\"envira-gallery-item enviratope-item envira-gallery-item-25\" style=\"padding-left: 5px; padding-bottom: 10px; padding-right: 5px;\"  itemscope itemtype=\"https:\/\/schema.org\/ImageObject\"><div class=\"envira-gallery-item-inner\"><div class=\"envira-gallery-position-overlay  envira-gallery-top-left\"><\/div><div class=\"envira-gallery-position-overlay  envira-gallery-top-right\"><\/div><div class=\"envira-gallery-position-overlay  envira-gallery-bottom-left\"><\/div><div class=\"envira-gallery-position-overlay  envira-gallery-bottom-right\"><\/div><a href=\"https:\/\/www.der-mopedladen.de\/wp-content\/uploads\/2024\/06\/Prima-50-blau-FL-4.jpg\" class=\"envira-gallery-3273 envira-gallery-link\" rel=\"enviragallery3273\" title=\"Prima 50 blau FL 5\" data-envira-caption=\"Prima 50 blau FL 5\" data-envira-retina=\"\" data-thumbnail=\"\"  itemprop=\"contentUrl\"><img decoding=\"async\" id=\"envira-gallery-image-19733\" class=\"envira-gallery-image envira-gallery-image-25 envira-normal \" data-envira-index=\"25\" src=\"https:\/\/www.der-mopedladen.de\/wp-content\/uploads\/2024\/06\/Prima-50-blau-FL-4-1024x768-640x480.jpg\" data-envira-src=\"https:\/\/www.der-mopedladen.de\/wp-content\/uploads\/2024\/06\/Prima-50-blau-FL-4-1024x768-640x480.jpg\" data-envira-gallery-id=\"3273\" data-envira-item-id=\"19733\" data-envira-caption=\"Prima 50 blau FL 5\" alt=\"\" title=\"Prima 50 blau FL 5\"  itemprop=\"thumbnailUrl\" data-envira-srcset=\"https:\/\/www.der-mopedladen.de\/wp-content\/uploads\/2024\/06\/Prima-50-blau-FL-4-1024x768-640x480.jpg 400w,https:\/\/www.der-mopedladen.de\/wp-content\/uploads\/2024\/06\/Prima-50-blau-FL-4-1024x768-640x480.jpg 2x\" data-envira-width=\"300\" data-envira-height=\"225\" srcset=\"https:\/\/www.der-mopedladen.de\/wp-content\/uploads\/2024\/06\/Prima-50-blau-FL-4-1280x960.jpg 2x\" data-safe-src=\"https:\/\/www.der-mopedladen.de\/wp-content\/uploads\/2024\/06\/Prima-50-blau-FL-4-1024x768-640x480.jpg\" \/><\/a><\/div><\/div><div id=\"envira-gallery-item-19732\" class=\"envira-gallery-item enviratope-item envira-gallery-item-26\" style=\"padding-left: 5px; padding-bottom: 10px; padding-right: 5px;\"  itemscope itemtype=\"https:\/\/schema.org\/ImageObject\"><div class=\"envira-gallery-item-inner\"><div class=\"envira-gallery-position-overlay  envira-gallery-top-left\"><\/div><div class=\"envira-gallery-position-overlay  envira-gallery-top-right\"><\/div><div class=\"envira-gallery-position-overlay  envira-gallery-bottom-left\"><\/div><div class=\"envira-gallery-position-overlay  envira-gallery-bottom-right\"><\/div><a href=\"https:\/\/www.der-mopedladen.de\/wp-content\/uploads\/2024\/06\/Prima-50-blau-FL-5.jpg\" class=\"envira-gallery-3273 envira-gallery-link\" rel=\"enviragallery3273\" title=\"Prima 50 blau FL 4\" data-envira-caption=\"Prima 50 blau FL 4\" data-envira-retina=\"\" data-thumbnail=\"\"  itemprop=\"contentUrl\"><img decoding=\"async\" id=\"envira-gallery-image-19732\" class=\"envira-gallery-image envira-gallery-image-26 envira-normal \" data-envira-index=\"26\" src=\"https:\/\/www.der-mopedladen.de\/wp-content\/uploads\/2024\/06\/Prima-50-blau-FL-5-1024x768-640x480.jpg\" data-envira-src=\"https:\/\/www.der-mopedladen.de\/wp-content\/uploads\/2024\/06\/Prima-50-blau-FL-5-1024x768-640x480.jpg\" data-envira-gallery-id=\"3273\" data-envira-item-id=\"19732\" data-envira-caption=\"Prima 50 blau FL 4\" alt=\"\" title=\"Prima 50 blau FL 4\"  itemprop=\"thumbnailUrl\" data-envira-srcset=\"https:\/\/www.der-mopedladen.de\/wp-content\/uploads\/2024\/06\/Prima-50-blau-FL-5-1024x768-640x480.jpg 400w,https:\/\/www.der-mopedladen.de\/wp-content\/uploads\/2024\/06\/Prima-50-blau-FL-5-1024x768-640x480.jpg 2x\" data-envira-width=\"300\" data-envira-height=\"225\" srcset=\"https:\/\/www.der-mopedladen.de\/wp-content\/uploads\/2024\/06\/Prima-50-blau-FL-5-1280x960.jpg 2x\" data-safe-src=\"https:\/\/www.der-mopedladen.de\/wp-content\/uploads\/2024\/06\/Prima-50-blau-FL-5-1024x768-640x480.jpg\" \/><\/a><\/div><\/div><div id=\"envira-gallery-item-19672\" class=\"envira-gallery-item enviratope-item envira-gallery-item-27\" style=\"padding-left: 5px; padding-bottom: 10px; padding-right: 5px;\"  itemscope itemtype=\"https:\/\/schema.org\/ImageObject\"><div class=\"envira-gallery-item-inner\"><div class=\"envira-gallery-position-overlay  envira-gallery-top-left\"><\/div><div class=\"envira-gallery-position-overlay  envira-gallery-top-right\"><\/div><div class=\"envira-gallery-position-overlay  envira-gallery-bottom-left\"><\/div><div class=\"envira-gallery-position-overlay  envira-gallery-bottom-right\"><\/div><a href=\"https:\/\/www.der-mopedladen.de\/wp-content\/uploads\/2024\/05\/Primavera-weiss-FL-8.jpg\" class=\"envira-gallery-3273 envira-gallery-link\" rel=\"enviragallery3273\" title=\"Primavera weiss FL 3\" data-envira-caption=\"Primavera weiss FL 3\" data-envira-retina=\"\" data-thumbnail=\"\"  itemprop=\"contentUrl\"><img decoding=\"async\" id=\"envira-gallery-image-19672\" class=\"envira-gallery-image envira-gallery-image-27 envira-normal \" data-envira-index=\"27\" src=\"https:\/\/www.der-mopedladen.de\/wp-content\/uploads\/2024\/05\/Primavera-weiss-FL-8-1024x768-640x480.jpg\" data-envira-src=\"https:\/\/www.der-mopedladen.de\/wp-content\/uploads\/2024\/05\/Primavera-weiss-FL-8-1024x768-640x480.jpg\" data-envira-gallery-id=\"3273\" data-envira-item-id=\"19672\" data-envira-caption=\"Primavera weiss FL 3\" alt=\"\" title=\"Primavera weiss FL 3\"  itemprop=\"thumbnailUrl\" data-envira-srcset=\"https:\/\/www.der-mopedladen.de\/wp-content\/uploads\/2024\/05\/Primavera-weiss-FL-8-1024x768-640x480.jpg 400w,https:\/\/www.der-mopedladen.de\/wp-content\/uploads\/2024\/05\/Primavera-weiss-FL-8-1024x768-640x480.jpg 2x\" data-envira-width=\"300\" data-envira-height=\"225\" srcset=\"https:\/\/www.der-mopedladen.de\/wp-content\/uploads\/2024\/05\/Primavera-weiss-FL-8-1280x960.jpg 2x\" data-safe-src=\"https:\/\/www.der-mopedladen.de\/wp-content\/uploads\/2024\/05\/Primavera-weiss-FL-8-1024x768-640x480.jpg\" \/><\/a><\/div><\/div><div id=\"envira-gallery-item-19679\" class=\"envira-gallery-item enviratope-item envira-gallery-item-28\" style=\"padding-left: 5px; padding-bottom: 10px; padding-right: 5px;\"  itemscope itemtype=\"https:\/\/schema.org\/ImageObject\"><div class=\"envira-gallery-item-inner\"><div class=\"envira-gallery-position-overlay  envira-gallery-top-left\"><\/div><div class=\"envira-gallery-position-overlay  envira-gallery-top-right\"><\/div><div class=\"envira-gallery-position-overlay  envira-gallery-bottom-left\"><\/div><div class=\"envira-gallery-position-overlay  envira-gallery-bottom-right\"><\/div><a href=\"https:\/\/www.der-mopedladen.de\/wp-content\/uploads\/2024\/05\/Primavera-S-mattschwarz-FL-8.jpg\" class=\"envira-gallery-3273 envira-gallery-link\" rel=\"enviragallery3273\" title=\"Primavera S mattschwarz FL 2\" data-envira-caption=\"Primavera S mattschwarz FL 2\" data-envira-retina=\"\" data-thumbnail=\"\"  itemprop=\"contentUrl\"><img decoding=\"async\" id=\"envira-gallery-image-19679\" class=\"envira-gallery-image envira-gallery-image-28 envira-normal \" data-envira-index=\"28\" src=\"https:\/\/www.der-mopedladen.de\/wp-content\/uploads\/2024\/05\/Primavera-S-mattschwarz-FL-8-1024x768-640x480.jpg\" data-envira-src=\"https:\/\/www.der-mopedladen.de\/wp-content\/uploads\/2024\/05\/Primavera-S-mattschwarz-FL-8-1024x768-640x480.jpg\" data-envira-gallery-id=\"3273\" data-envira-item-id=\"19679\" data-envira-caption=\"Primavera S mattschwarz FL 2\" alt=\"\" title=\"Primavera S mattschwarz FL 2\"  itemprop=\"thumbnailUrl\" data-envira-srcset=\"https:\/\/www.der-mopedladen.de\/wp-content\/uploads\/2024\/05\/Primavera-S-mattschwarz-FL-8-1024x768-640x480.jpg 400w,https:\/\/www.der-mopedladen.de\/wp-content\/uploads\/2024\/05\/Primavera-S-mattschwarz-FL-8-1024x768-640x480.jpg 2x\" data-envira-width=\"300\" data-envira-height=\"225\" srcset=\"https:\/\/www.der-mopedladen.de\/wp-content\/uploads\/2024\/05\/Primavera-S-mattschwarz-FL-8-1280x960.jpg 2x\" data-safe-src=\"https:\/\/www.der-mopedladen.de\/wp-content\/uploads\/2024\/05\/Primavera-S-mattschwarz-FL-8-1024x768-640x480.jpg\" \/><\/a><\/div><\/div><div id=\"envira-gallery-item-19769\" class=\"envira-gallery-item enviratope-item envira-gallery-item-29\" style=\"padding-left: 5px; padding-bottom: 10px; padding-right: 5px;\"  itemscope itemtype=\"https:\/\/schema.org\/ImageObject\"><div class=\"envira-gallery-item-inner\"><div class=\"envira-gallery-position-overlay  envira-gallery-top-left\"><\/div><div class=\"envira-gallery-position-overlay  envira-gallery-top-right\"><\/div><div class=\"envira-gallery-position-overlay  envira-gallery-bottom-left\"><\/div><div class=\"envira-gallery-position-overlay  envira-gallery-bottom-right\"><\/div><a href=\"https:\/\/www.der-mopedladen.de\/wp-content\/uploads\/2024\/06\/Prima-50-gruen-FL-4.jpg\" class=\"envira-gallery-3273 envira-gallery-link\" rel=\"enviragallery3273\" title=\"Prima 50 gr&uuml;n FL 2\" data-envira-caption=\"Prima 50 gr&uuml;n FL 2\" data-envira-retina=\"\" data-thumbnail=\"\"  itemprop=\"contentUrl\"><img decoding=\"async\" id=\"envira-gallery-image-19769\" class=\"envira-gallery-image envira-gallery-image-29 envira-normal \" data-envira-index=\"29\" src=\"https:\/\/www.der-mopedladen.de\/wp-content\/uploads\/2024\/06\/Prima-50-gruen-FL-4-1024x768-640x480.jpg\" data-envira-src=\"https:\/\/www.der-mopedladen.de\/wp-content\/uploads\/2024\/06\/Prima-50-gruen-FL-4-1024x768-640x480.jpg\" data-envira-gallery-id=\"3273\" data-envira-item-id=\"19769\" data-envira-caption=\"Prima 50 gr&uuml;n FL 2\" alt=\"\" title=\"Prima 50 gr\u00fcn FL 2\"  itemprop=\"thumbnailUrl\" data-envira-srcset=\"https:\/\/www.der-mopedladen.de\/wp-content\/uploads\/2024\/06\/Prima-50-gruen-FL-4-1024x768-640x480.jpg 400w,https:\/\/www.der-mopedladen.de\/wp-content\/uploads\/2024\/06\/Prima-50-gruen-FL-4-1024x768-640x480.jpg 2x\" data-envira-width=\"300\" data-envira-height=\"225\" srcset=\"https:\/\/www.der-mopedladen.de\/wp-content\/uploads\/2024\/06\/Prima-50-gruen-FL-4-1280x960.jpg 2x\" data-safe-src=\"https:\/\/www.der-mopedladen.de\/wp-content\/uploads\/2024\/06\/Prima-50-gruen-FL-4-1024x768-640x480.jpg\" \/><\/a><\/div><\/div><div id=\"envira-gallery-item-19731\" class=\"envira-gallery-item enviratope-item envira-gallery-item-30\" style=\"padding-left: 5px; padding-bottom: 10px; padding-right: 5px;\"  itemscope itemtype=\"https:\/\/schema.org\/ImageObject\"><div class=\"envira-gallery-item-inner\"><div class=\"envira-gallery-position-overlay  envira-gallery-top-left\"><\/div><div class=\"envira-gallery-position-overlay  envira-gallery-top-right\"><\/div><div class=\"envira-gallery-position-overlay  envira-gallery-bottom-left\"><\/div><div class=\"envira-gallery-position-overlay  envira-gallery-bottom-right\"><\/div><a href=\"https:\/\/www.der-mopedladen.de\/wp-content\/uploads\/2024\/06\/Prima-50-blau-FL-6.jpg\" class=\"envira-gallery-3273 envira-gallery-link\" rel=\"enviragallery3273\" title=\"Prima 50 blau FL 3\" data-envira-caption=\"Prima 50 blau FL 3\" data-envira-retina=\"\" data-thumbnail=\"\"  itemprop=\"contentUrl\"><img decoding=\"async\" id=\"envira-gallery-image-19731\" class=\"envira-gallery-image envira-gallery-image-30 envira-normal \" data-envira-index=\"30\" src=\"https:\/\/www.der-mopedladen.de\/wp-content\/uploads\/2024\/06\/Prima-50-blau-FL-6-1024x768-640x480.jpg\" data-envira-src=\"https:\/\/www.der-mopedladen.de\/wp-content\/uploads\/2024\/06\/Prima-50-blau-FL-6-1024x768-640x480.jpg\" data-envira-gallery-id=\"3273\" data-envira-item-id=\"19731\" data-envira-caption=\"Prima 50 blau FL 3\" alt=\"\" title=\"Prima 50 blau FL 3\"  itemprop=\"thumbnailUrl\" data-envira-srcset=\"https:\/\/www.der-mopedladen.de\/wp-content\/uploads\/2024\/06\/Prima-50-blau-FL-6-1024x768-640x480.jpg 400w,https:\/\/www.der-mopedladen.de\/wp-content\/uploads\/2024\/06\/Prima-50-blau-FL-6-1024x768-640x480.jpg 2x\" data-envira-width=\"300\" data-envira-height=\"225\" srcset=\"https:\/\/www.der-mopedladen.de\/wp-content\/uploads\/2024\/06\/Prima-50-blau-FL-6-1280x960.jpg 2x\" data-safe-src=\"https:\/\/www.der-mopedladen.de\/wp-content\/uploads\/2024\/06\/Prima-50-blau-FL-6-1024x768-640x480.jpg\" \/><\/a><\/div><\/div><div id=\"envira-gallery-item-19727\" class=\"envira-gallery-item enviratope-item envira-gallery-item-31\" style=\"padding-left: 5px; padding-bottom: 10px; padding-right: 5px;\"  itemscope itemtype=\"https:\/\/schema.org\/ImageObject\"><div class=\"envira-gallery-item-inner\"><div class=\"envira-gallery-position-overlay  envira-gallery-top-left\"><\/div><div class=\"envira-gallery-position-overlay  envira-gallery-top-right\"><\/div><div class=\"envira-gallery-position-overlay  envira-gallery-bottom-left\"><\/div><div class=\"envira-gallery-position-overlay  envira-gallery-bottom-right\"><\/div><a href=\"https:\/\/www.der-mopedladen.de\/wp-content\/uploads\/2024\/06\/Prima-S-50-beige-4.jpg\" class=\"envira-gallery-3273 envira-gallery-link\" rel=\"enviragallery3273\" title=\"Prima S 50 beige 4\" data-envira-caption=\"Prima S 50 beige 4\" data-envira-retina=\"\" data-thumbnail=\"\"  itemprop=\"contentUrl\"><img decoding=\"async\" id=\"envira-gallery-image-19727\" class=\"envira-gallery-image envira-gallery-image-31 envira-normal \" data-envira-index=\"31\" src=\"https:\/\/www.der-mopedladen.de\/wp-content\/uploads\/2024\/06\/Prima-S-50-beige-4-1024x768-640x480.jpg\" data-envira-src=\"https:\/\/www.der-mopedladen.de\/wp-content\/uploads\/2024\/06\/Prima-S-50-beige-4-1024x768-640x480.jpg\" data-envira-gallery-id=\"3273\" data-envira-item-id=\"19727\" data-envira-caption=\"Prima S 50 beige 4\" alt=\"\" title=\"Prima S 50 beige 4\"  itemprop=\"thumbnailUrl\" data-envira-srcset=\"https:\/\/www.der-mopedladen.de\/wp-content\/uploads\/2024\/06\/Prima-S-50-beige-4-1024x768-640x480.jpg 400w,https:\/\/www.der-mopedladen.de\/wp-content\/uploads\/2024\/06\/Prima-S-50-beige-4-1024x768-640x480.jpg 2x\" data-envira-width=\"300\" data-envira-height=\"225\" srcset=\"https:\/\/www.der-mopedladen.de\/wp-content\/uploads\/2024\/06\/Prima-S-50-beige-4-1280x960.jpg 2x\" data-safe-src=\"https:\/\/www.der-mopedladen.de\/wp-content\/uploads\/2024\/06\/Prima-S-50-beige-4-1024x768-640x480.jpg\" \/><\/a><\/div><\/div><div id=\"envira-gallery-item-19726\" class=\"envira-gallery-item enviratope-item envira-gallery-item-32\" style=\"padding-left: 5px; padding-bottom: 10px; padding-right: 5px;\"  itemscope itemtype=\"https:\/\/schema.org\/ImageObject\"><div class=\"envira-gallery-item-inner\"><div class=\"envira-gallery-position-overlay  envira-gallery-top-left\"><\/div><div class=\"envira-gallery-position-overlay  envira-gallery-top-right\"><\/div><div class=\"envira-gallery-position-overlay  envira-gallery-bottom-left\"><\/div><div class=\"envira-gallery-position-overlay  envira-gallery-bottom-right\"><\/div><a href=\"https:\/\/www.der-mopedladen.de\/wp-content\/uploads\/2024\/06\/Prima-S-50-beige-5.jpg\" class=\"envira-gallery-3273 envira-gallery-link\" rel=\"enviragallery3273\" title=\"Prima S 50 beige 5\" data-envira-caption=\"Prima S 50 beige 5\" data-envira-retina=\"\" data-thumbnail=\"\"  itemprop=\"contentUrl\"><img decoding=\"async\" id=\"envira-gallery-image-19726\" class=\"envira-gallery-image envira-gallery-image-32 envira-normal \" data-envira-index=\"32\" src=\"https:\/\/www.der-mopedladen.de\/wp-content\/uploads\/2024\/06\/Prima-S-50-beige-5-1024x768-640x480.jpg\" data-envira-src=\"https:\/\/www.der-mopedladen.de\/wp-content\/uploads\/2024\/06\/Prima-S-50-beige-5-1024x768-640x480.jpg\" data-envira-gallery-id=\"3273\" data-envira-item-id=\"19726\" data-envira-caption=\"Prima S 50 beige 5\" alt=\"\" title=\"Prima S 50 beige 5\"  itemprop=\"thumbnailUrl\" data-envira-srcset=\"https:\/\/www.der-mopedladen.de\/wp-content\/uploads\/2024\/06\/Prima-S-50-beige-5-1024x768-640x480.jpg 400w,https:\/\/www.der-mopedladen.de\/wp-content\/uploads\/2024\/06\/Prima-S-50-beige-5-1024x768-640x480.jpg 2x\" data-envira-width=\"300\" data-envira-height=\"225\" srcset=\"https:\/\/www.der-mopedladen.de\/wp-content\/uploads\/2024\/06\/Prima-S-50-beige-5-1280x960.jpg 2x\" data-safe-src=\"https:\/\/www.der-mopedladen.de\/wp-content\/uploads\/2024\/06\/Prima-S-50-beige-5-1024x768-640x480.jpg\" \/><\/a><\/div><\/div><div id=\"envira-gallery-item-19735\" class=\"envira-gallery-item enviratope-item envira-gallery-item-33\" style=\"padding-left: 5px; padding-bottom: 10px; padding-right: 5px;\"  itemscope itemtype=\"https:\/\/schema.org\/ImageObject\"><div class=\"envira-gallery-item-inner\"><div class=\"envira-gallery-position-overlay  envira-gallery-top-left\"><\/div><div class=\"envira-gallery-position-overlay  envira-gallery-top-right\"><\/div><div class=\"envira-gallery-position-overlay  envira-gallery-bottom-left\"><\/div><div class=\"envira-gallery-position-overlay  envira-gallery-bottom-right\"><\/div><a href=\"https:\/\/www.der-mopedladen.de\/wp-content\/uploads\/2024\/06\/Prima-50-blau-FL-2.jpg\" class=\"envira-gallery-3273 envira-gallery-link\" rel=\"enviragallery3273\" title=\"Prima 50 blau FL 7\" data-envira-caption=\"Prima 50 blau FL 7\" data-envira-retina=\"\" data-thumbnail=\"\"  itemprop=\"contentUrl\"><img decoding=\"async\" id=\"envira-gallery-image-19735\" class=\"envira-gallery-image envira-gallery-image-33 envira-normal \" data-envira-index=\"33\" src=\"https:\/\/www.der-mopedladen.de\/wp-content\/uploads\/2024\/06\/Prima-50-blau-FL-2-1024x768-640x480.jpg\" data-envira-src=\"https:\/\/www.der-mopedladen.de\/wp-content\/uploads\/2024\/06\/Prima-50-blau-FL-2-1024x768-640x480.jpg\" data-envira-gallery-id=\"3273\" data-envira-item-id=\"19735\" data-envira-caption=\"Prima 50 blau FL 7\" alt=\"\" title=\"Prima 50 blau FL 7\"  itemprop=\"thumbnailUrl\" data-envira-srcset=\"https:\/\/www.der-mopedladen.de\/wp-content\/uploads\/2024\/06\/Prima-50-blau-FL-2-1024x768-640x480.jpg 400w,https:\/\/www.der-mopedladen.de\/wp-content\/uploads\/2024\/06\/Prima-50-blau-FL-2-1024x768-640x480.jpg 2x\" data-envira-width=\"300\" data-envira-height=\"225\" srcset=\"https:\/\/www.der-mopedladen.de\/wp-content\/uploads\/2024\/06\/Prima-50-blau-FL-2-1280x960.jpg 2x\" data-safe-src=\"https:\/\/www.der-mopedladen.de\/wp-content\/uploads\/2024\/06\/Prima-50-blau-FL-2-1024x768-640x480.jpg\" \/><\/a><\/div><\/div><div id=\"envira-gallery-item-19771\" class=\"envira-gallery-item enviratope-item envira-gallery-item-34\" style=\"padding-left: 5px; padding-bottom: 10px; padding-right: 5px;\"  itemscope itemtype=\"https:\/\/schema.org\/ImageObject\"><div class=\"envira-gallery-item-inner\"><div class=\"envira-gallery-position-overlay  envira-gallery-top-left\"><\/div><div class=\"envira-gallery-position-overlay  envira-gallery-top-right\"><\/div><div class=\"envira-gallery-position-overlay  envira-gallery-bottom-left\"><\/div><div class=\"envira-gallery-position-overlay  envira-gallery-bottom-right\"><\/div><a href=\"https:\/\/www.der-mopedladen.de\/wp-content\/uploads\/2024\/06\/Prima-50-gruen-FL-2.jpg\" class=\"envira-gallery-3273 envira-gallery-link\" rel=\"enviragallery3273\" title=\"Prima 50 gr&uuml;n FL 4\" data-envira-caption=\"Prima 50 gr&uuml;n FL 4\" data-envira-retina=\"\" data-thumbnail=\"\"  itemprop=\"contentUrl\"><img decoding=\"async\" id=\"envira-gallery-image-19771\" class=\"envira-gallery-image envira-gallery-image-34 envira-normal \" data-envira-index=\"34\" src=\"https:\/\/www.der-mopedladen.de\/wp-content\/uploads\/2024\/06\/Prima-50-gruen-FL-2-1024x768-640x480.jpg\" data-envira-src=\"https:\/\/www.der-mopedladen.de\/wp-content\/uploads\/2024\/06\/Prima-50-gruen-FL-2-1024x768-640x480.jpg\" data-envira-gallery-id=\"3273\" data-envira-item-id=\"19771\" data-envira-caption=\"Prima 50 gr&uuml;n FL 4\" alt=\"\" title=\"Prima 50 gr\u00fcn FL 4\"  itemprop=\"thumbnailUrl\" data-envira-srcset=\"https:\/\/www.der-mopedladen.de\/wp-content\/uploads\/2024\/06\/Prima-50-gruen-FL-2-1024x768-640x480.jpg 400w,https:\/\/www.der-mopedladen.de\/wp-content\/uploads\/2024\/06\/Prima-50-gruen-FL-2-1024x768-640x480.jpg 2x\" data-envira-width=\"300\" data-envira-height=\"225\" srcset=\"https:\/\/www.der-mopedladen.de\/wp-content\/uploads\/2024\/06\/Prima-50-gruen-FL-2-1280x960.jpg 2x\" data-safe-src=\"https:\/\/www.der-mopedladen.de\/wp-content\/uploads\/2024\/06\/Prima-50-gruen-FL-2-1024x768-640x480.jpg\" \/><\/a><\/div><\/div><div id=\"envira-gallery-item-20500\" class=\"envira-gallery-item enviratope-item envira-gallery-item-35\" style=\"padding-left: 5px; padding-bottom: 10px; padding-right: 5px;\"  itemscope itemtype=\"https:\/\/schema.org\/ImageObject\"><div class=\"envira-gallery-item-inner\"><div class=\"envira-gallery-position-overlay  envira-gallery-top-left\"><\/div><div class=\"envira-gallery-position-overlay  envira-gallery-top-right\"><\/div><div class=\"envira-gallery-position-overlay  envira-gallery-bottom-left\"><\/div><div class=\"envira-gallery-position-overlay  envira-gallery-bottom-right\"><\/div><a href=\"https:\/\/www.der-mopedladen.de\/wp-content\/uploads\/2024\/10\/Primavera-S-gelb-2.jpg\" class=\"envira-gallery-3273 envira-gallery-link\" rel=\"enviragallery3273\" title=\"Primavera S gelb 7\" data-envira-caption=\"Primavera S gelb 7\" data-envira-retina=\"\" data-thumbnail=\"\"  itemprop=\"contentUrl\"><img decoding=\"async\" id=\"envira-gallery-image-20500\" class=\"envira-gallery-image envira-gallery-image-35 envira-normal \" data-envira-index=\"35\" src=\"https:\/\/www.der-mopedladen.de\/wp-content\/uploads\/2024\/10\/Primavera-S-gelb-2-1024x768-640x480.jpg\" data-envira-src=\"https:\/\/www.der-mopedladen.de\/wp-content\/uploads\/2024\/10\/Primavera-S-gelb-2-1024x768-640x480.jpg\" data-envira-gallery-id=\"3273\" data-envira-item-id=\"20500\" data-envira-caption=\"Primavera S gelb 7\" alt=\"\" title=\"Primavera S gelb 7\"  itemprop=\"thumbnailUrl\" data-envira-srcset=\"https:\/\/www.der-mopedladen.de\/wp-content\/uploads\/2024\/10\/Primavera-S-gelb-2-1024x768-640x480.jpg 400w,https:\/\/www.der-mopedladen.de\/wp-content\/uploads\/2024\/10\/Primavera-S-gelb-2-1024x768-640x480.jpg 2x\" data-envira-width=\"300\" data-envira-height=\"225\" srcset=\"https:\/\/www.der-mopedladen.de\/wp-content\/uploads\/2024\/10\/Primavera-S-gelb-2-1280x960.jpg 2x\" data-safe-src=\"https:\/\/www.der-mopedladen.de\/wp-content\/uploads\/2024\/10\/Primavera-S-gelb-2-1024x768-640x480.jpg\" \/><\/a><\/div><\/div><div id=\"envira-gallery-item-19725\" class=\"envira-gallery-item enviratope-item envira-gallery-item-36\" style=\"padding-left: 5px; padding-bottom: 10px; padding-right: 5px;\"  itemscope itemtype=\"https:\/\/schema.org\/ImageObject\"><div class=\"envira-gallery-item-inner\"><div class=\"envira-gallery-position-overlay  envira-gallery-top-left\"><\/div><div class=\"envira-gallery-position-overlay  envira-gallery-top-right\"><\/div><div class=\"envira-gallery-position-overlay  envira-gallery-bottom-left\"><\/div><div class=\"envira-gallery-position-overlay  envira-gallery-bottom-right\"><\/div><a href=\"https:\/\/www.der-mopedladen.de\/wp-content\/uploads\/2024\/06\/Prima-S-50-beige-6.jpg\" class=\"envira-gallery-3273 envira-gallery-link\" rel=\"enviragallery3273\" title=\"Prima S 50 beige 6\" data-envira-caption=\"Prima S 50 beige 6\" data-envira-retina=\"\" data-thumbnail=\"\"  itemprop=\"contentUrl\"><img decoding=\"async\" id=\"envira-gallery-image-19725\" class=\"envira-gallery-image envira-gallery-image-36 envira-normal \" data-envira-index=\"36\" src=\"https:\/\/www.der-mopedladen.de\/wp-content\/uploads\/2024\/06\/Prima-S-50-beige-6-1024x768-640x480.jpg\" data-envira-src=\"https:\/\/www.der-mopedladen.de\/wp-content\/uploads\/2024\/06\/Prima-S-50-beige-6-1024x768-640x480.jpg\" data-envira-gallery-id=\"3273\" data-envira-item-id=\"19725\" data-envira-caption=\"Prima S 50 beige 6\" alt=\"\" title=\"Prima S 50 beige 6\"  itemprop=\"thumbnailUrl\" data-envira-srcset=\"https:\/\/www.der-mopedladen.de\/wp-content\/uploads\/2024\/06\/Prima-S-50-beige-6-1024x768-640x480.jpg 400w,https:\/\/www.der-mopedladen.de\/wp-content\/uploads\/2024\/06\/Prima-S-50-beige-6-1024x768-640x480.jpg 2x\" data-envira-width=\"300\" data-envira-height=\"225\" srcset=\"https:\/\/www.der-mopedladen.de\/wp-content\/uploads\/2024\/06\/Prima-S-50-beige-6-1280x960.jpg 2x\" data-safe-src=\"https:\/\/www.der-mopedladen.de\/wp-content\/uploads\/2024\/06\/Prima-S-50-beige-6-1024x768-640x480.jpg\" \/><\/a><\/div><\/div><div id=\"envira-gallery-item-19676\" class=\"envira-gallery-item enviratope-item envira-gallery-item-37\" style=\"padding-left: 5px; padding-bottom: 10px; padding-right: 5px;\"  itemscope itemtype=\"https:\/\/schema.org\/ImageObject\"><div class=\"envira-gallery-item-inner\"><div class=\"envira-gallery-position-overlay  envira-gallery-top-left\"><\/div><div class=\"envira-gallery-position-overlay  envira-gallery-top-right\"><\/div><div class=\"envira-gallery-position-overlay  envira-gallery-bottom-left\"><\/div><div class=\"envira-gallery-position-overlay  envira-gallery-bottom-right\"><\/div><a href=\"https:\/\/www.der-mopedladen.de\/wp-content\/uploads\/2024\/05\/Primavera-weiss-FL-2.jpg\" class=\"envira-gallery-3273 envira-gallery-link\" rel=\"enviragallery3273\" title=\"Primavera weiss FL 8\" data-envira-caption=\"Primavera weiss FL 8\" data-envira-retina=\"\" data-thumbnail=\"\"  itemprop=\"contentUrl\"><img decoding=\"async\" id=\"envira-gallery-image-19676\" class=\"envira-gallery-image envira-gallery-image-37 envira-normal \" data-envira-index=\"37\" src=\"https:\/\/www.der-mopedladen.de\/wp-content\/uploads\/2024\/05\/Primavera-weiss-FL-2-1024x768-640x480.jpg\" data-envira-src=\"https:\/\/www.der-mopedladen.de\/wp-content\/uploads\/2024\/05\/Primavera-weiss-FL-2-1024x768-640x480.jpg\" data-envira-gallery-id=\"3273\" data-envira-item-id=\"19676\" data-envira-caption=\"Primavera weiss FL 8\" alt=\"\" title=\"Primavera weiss FL 8\"  itemprop=\"thumbnailUrl\" data-envira-srcset=\"https:\/\/www.der-mopedladen.de\/wp-content\/uploads\/2024\/05\/Primavera-weiss-FL-2-1024x768-640x480.jpg 400w,https:\/\/www.der-mopedladen.de\/wp-content\/uploads\/2024\/05\/Primavera-weiss-FL-2-1024x768-640x480.jpg 2x\" data-envira-width=\"300\" data-envira-height=\"225\" srcset=\"https:\/\/www.der-mopedladen.de\/wp-content\/uploads\/2024\/05\/Primavera-weiss-FL-2-1280x960.jpg 2x\" data-safe-src=\"https:\/\/www.der-mopedladen.de\/wp-content\/uploads\/2024\/05\/Primavera-weiss-FL-2-1024x768-640x480.jpg\" \/><\/a><\/div><\/div><div id=\"envira-gallery-item-19724\" class=\"envira-gallery-item enviratope-item envira-gallery-item-38\" style=\"padding-left: 5px; padding-bottom: 10px; padding-right: 5px;\"  itemscope itemtype=\"https:\/\/schema.org\/ImageObject\"><div class=\"envira-gallery-item-inner\"><div class=\"envira-gallery-position-overlay  envira-gallery-top-left\"><\/div><div class=\"envira-gallery-position-overlay  envira-gallery-top-right\"><\/div><div class=\"envira-gallery-position-overlay  envira-gallery-bottom-left\"><\/div><div class=\"envira-gallery-position-overlay  envira-gallery-bottom-right\"><\/div><a href=\"https:\/\/www.der-mopedladen.de\/wp-content\/uploads\/2024\/06\/Prima-S-50-beige-7.jpg\" class=\"envira-gallery-3273 envira-gallery-link\" rel=\"enviragallery3273\" title=\"Prima S 50 beige 7\" data-envira-caption=\"Prima S 50 beige 7\" data-envira-retina=\"\" data-thumbnail=\"\"  itemprop=\"contentUrl\"><img decoding=\"async\" id=\"envira-gallery-image-19724\" class=\"envira-gallery-image envira-gallery-image-38 envira-normal \" data-envira-index=\"38\" src=\"https:\/\/www.der-mopedladen.de\/wp-content\/uploads\/2024\/06\/Prima-S-50-beige-7-1024x768-640x480.jpg\" data-envira-src=\"https:\/\/www.der-mopedladen.de\/wp-content\/uploads\/2024\/06\/Prima-S-50-beige-7-1024x768-640x480.jpg\" data-envira-gallery-id=\"3273\" data-envira-item-id=\"19724\" data-envira-caption=\"Prima S 50 beige 7\" alt=\"\" title=\"Prima S 50 beige 7\"  itemprop=\"thumbnailUrl\" data-envira-srcset=\"https:\/\/www.der-mopedladen.de\/wp-content\/uploads\/2024\/06\/Prima-S-50-beige-7-1024x768-640x480.jpg 400w,https:\/\/www.der-mopedladen.de\/wp-content\/uploads\/2024\/06\/Prima-S-50-beige-7-1024x768-640x480.jpg 2x\" data-envira-width=\"300\" data-envira-height=\"225\" srcset=\"https:\/\/www.der-mopedladen.de\/wp-content\/uploads\/2024\/06\/Prima-S-50-beige-7-1280x960.jpg 2x\" data-safe-src=\"https:\/\/www.der-mopedladen.de\/wp-content\/uploads\/2024\/06\/Prima-S-50-beige-7-1024x768-640x480.jpg\" \/><\/a><\/div><\/div><div id=\"envira-gallery-item-19722\" class=\"envira-gallery-item enviratope-item envira-gallery-item-39\" style=\"padding-left: 5px; padding-bottom: 10px; padding-right: 5px;\"  itemscope itemtype=\"https:\/\/schema.org\/ImageObject\"><div class=\"envira-gallery-item-inner\"><div class=\"envira-gallery-position-overlay  envira-gallery-top-left\"><\/div><div class=\"envira-gallery-position-overlay  envira-gallery-top-right\"><\/div><div class=\"envira-gallery-position-overlay  envira-gallery-bottom-left\"><\/div><div class=\"envira-gallery-position-overlay  envira-gallery-bottom-right\"><\/div><a href=\"https:\/\/www.der-mopedladen.de\/wp-content\/uploads\/2024\/06\/Prima-50-blau-FL-1.jpg\" class=\"envira-gallery-3273 envira-gallery-link\" rel=\"enviragallery3273\" title=\"Prima 50 blau FL 1\" data-envira-caption=\"Prima 50 blau FL 1\" data-envira-retina=\"\" data-thumbnail=\"\"  itemprop=\"contentUrl\"><img decoding=\"async\" id=\"envira-gallery-image-19722\" class=\"envira-gallery-image envira-gallery-image-39 envira-normal \" data-envira-index=\"39\" src=\"https:\/\/www.der-mopedladen.de\/wp-content\/uploads\/2024\/06\/Prima-50-blau-FL-1-768x1024-640x480.jpg\" data-envira-src=\"https:\/\/www.der-mopedladen.de\/wp-content\/uploads\/2024\/06\/Prima-50-blau-FL-1-768x1024-640x480.jpg\" data-envira-gallery-id=\"3273\" data-envira-item-id=\"19722\" data-envira-caption=\"Prima 50 blau FL 1\" alt=\"\" title=\"Prima 50 blau FL 1\"  itemprop=\"thumbnailUrl\" data-envira-srcset=\"https:\/\/www.der-mopedladen.de\/wp-content\/uploads\/2024\/06\/Prima-50-blau-FL-1-768x1024-640x480.jpg 400w,https:\/\/www.der-mopedladen.de\/wp-content\/uploads\/2024\/06\/Prima-50-blau-FL-1-768x1024-640x480.jpg 2x\" data-envira-width=\"225\" data-envira-height=\"300\" srcset=\"https:\/\/www.der-mopedladen.de\/wp-content\/uploads\/2024\/06\/Prima-50-blau-FL-1-1280x960.jpg 2x\" data-safe-src=\"https:\/\/www.der-mopedladen.de\/wp-content\/uploads\/2024\/06\/Prima-50-blau-FL-1-768x1024-640x480.jpg\" \/><\/a><\/div><\/div><div id=\"envira-gallery-item-19721\" class=\"envira-gallery-item enviratope-item envira-gallery-item-40\" style=\"padding-left: 5px; padding-bottom: 10px; padding-right: 5px;\"  itemscope itemtype=\"https:\/\/schema.org\/ImageObject\"><div class=\"envira-gallery-item-inner\"><div class=\"envira-gallery-position-overlay  envira-gallery-top-left\"><\/div><div class=\"envira-gallery-position-overlay  envira-gallery-top-right\"><\/div><div class=\"envira-gallery-position-overlay  envira-gallery-bottom-left\"><\/div><div class=\"envira-gallery-position-overlay  envira-gallery-bottom-right\"><\/div><a href=\"https:\/\/www.der-mopedladen.de\/wp-content\/uploads\/2024\/06\/Prima-S-50-beige-9.jpg\" class=\"envira-gallery-3273 envira-gallery-link\" rel=\"enviragallery3273\" title=\"Prima S 50 beige 9\" data-envira-caption=\"Prima S 50 beige 9\" data-envira-retina=\"\" data-thumbnail=\"\"  itemprop=\"contentUrl\"><img decoding=\"async\" id=\"envira-gallery-image-19721\" class=\"envira-gallery-image envira-gallery-image-40 envira-normal \" data-envira-index=\"40\" src=\"https:\/\/www.der-mopedladen.de\/wp-content\/uploads\/2024\/06\/Prima-S-50-beige-9-768x1024-640x480.jpg\" data-envira-src=\"https:\/\/www.der-mopedladen.de\/wp-content\/uploads\/2024\/06\/Prima-S-50-beige-9-768x1024-640x480.jpg\" data-envira-gallery-id=\"3273\" data-envira-item-id=\"19721\" data-envira-caption=\"Prima S 50 beige 9\" alt=\"\" title=\"Prima S 50 beige 9\"  itemprop=\"thumbnailUrl\" data-envira-srcset=\"https:\/\/www.der-mopedladen.de\/wp-content\/uploads\/2024\/06\/Prima-S-50-beige-9-768x1024-640x480.jpg 400w,https:\/\/www.der-mopedladen.de\/wp-content\/uploads\/2024\/06\/Prima-S-50-beige-9-768x1024-640x480.jpg 2x\" data-envira-width=\"225\" data-envira-height=\"300\" srcset=\"https:\/\/www.der-mopedladen.de\/wp-content\/uploads\/2024\/06\/Prima-S-50-beige-9-1280x960.jpg 2x\" data-safe-src=\"https:\/\/www.der-mopedladen.de\/wp-content\/uploads\/2024\/06\/Prima-S-50-beige-9-768x1024-640x480.jpg\" \/><\/a><\/div><\/div><div id=\"envira-gallery-item-19720\" class=\"envira-gallery-item enviratope-item envira-gallery-item-41\" style=\"padding-left: 5px; padding-bottom: 10px; padding-right: 5px;\"  itemscope itemtype=\"https:\/\/schema.org\/ImageObject\"><div class=\"envira-gallery-item-inner\"><div class=\"envira-gallery-position-overlay  envira-gallery-top-left\"><\/div><div class=\"envira-gallery-position-overlay  envira-gallery-top-right\"><\/div><div class=\"envira-gallery-position-overlay  envira-gallery-bottom-left\"><\/div><div class=\"envira-gallery-position-overlay  envira-gallery-bottom-right\"><\/div><a href=\"https:\/\/www.der-mopedladen.de\/wp-content\/uploads\/2024\/06\/Prima-S-50-beige-1.jpg\" class=\"envira-gallery-3273 envira-gallery-link\" rel=\"enviragallery3273\" title=\"Prima S 50 beige 1\" data-envira-caption=\"Prima S 50 beige 1\" data-envira-retina=\"\" data-thumbnail=\"\"  itemprop=\"contentUrl\"><img decoding=\"async\" id=\"envira-gallery-image-19720\" class=\"envira-gallery-image envira-gallery-image-41 envira-normal \" data-envira-index=\"41\" src=\"https:\/\/www.der-mopedladen.de\/wp-content\/uploads\/2024\/06\/Prima-S-50-beige-1-768x1024-640x480.jpg\" data-envira-src=\"https:\/\/www.der-mopedladen.de\/wp-content\/uploads\/2024\/06\/Prima-S-50-beige-1-768x1024-640x480.jpg\" data-envira-gallery-id=\"3273\" data-envira-item-id=\"19720\" data-envira-caption=\"Prima S 50 beige 1\" alt=\"\" title=\"Prima S 50 beige 1\"  itemprop=\"thumbnailUrl\" data-envira-srcset=\"https:\/\/www.der-mopedladen.de\/wp-content\/uploads\/2024\/06\/Prima-S-50-beige-1-768x1024-640x480.jpg 400w,https:\/\/www.der-mopedladen.de\/wp-content\/uploads\/2024\/06\/Prima-S-50-beige-1-768x1024-640x480.jpg 2x\" data-envira-width=\"225\" data-envira-height=\"300\" srcset=\"https:\/\/www.der-mopedladen.de\/wp-content\/uploads\/2024\/06\/Prima-S-50-beige-1-1280x960.jpg 2x\" data-safe-src=\"https:\/\/www.der-mopedladen.de\/wp-content\/uploads\/2024\/06\/Prima-S-50-beige-1-768x1024-640x480.jpg\" \/><\/a><\/div><\/div><\/div><\/div><noscript><img decoding=\"async\" src=\"https:\/\/www.der-mopedladen.de\/wp-content\/uploads\/2024\/06\/Prima-50-blau-FL-7.jpg\" alt=\"\" \/><img decoding=\"async\" src=\"https:\/\/www.der-mopedladen.de\/wp-content\/uploads\/2024\/06\/Prima-50-gruen-FL-1.jpg\" alt=\"\" \/><img decoding=\"async\" src=\"https:\/\/www.der-mopedladen.de\/wp-content\/uploads\/2024\/05\/Primavera-weiss-FL-1.jpg\" alt=\"\" \/><img decoding=\"async\" src=\"https:\/\/www.der-mopedladen.de\/wp-content\/uploads\/2024\/10\/Primavera-S-gelb-1.jpg\" alt=\"\" \/><img decoding=\"async\" src=\"https:\/\/www.der-mopedladen.de\/wp-content\/uploads\/2024\/05\/Primavera-S-mattschwarz-FL-9.jpg\" alt=\"\" \/><img decoding=\"async\" src=\"https:\/\/www.der-mopedladen.de\/wp-content\/uploads\/2024\/06\/Prima-S-50-beige-3.jpg\" alt=\"\" \/><img decoding=\"async\" src=\"https:\/\/www.der-mopedladen.de\/wp-content\/uploads\/2024\/05\/Primavera-weiss-FL-3.jpg\" alt=\"\" \/><img decoding=\"async\" src=\"https:\/\/www.der-mopedladen.de\/wp-content\/uploads\/2024\/05\/Primavera-S-mattschwarz-FL-3.jpg\" alt=\"\" \/><img decoding=\"async\" src=\"https:\/\/www.der-mopedladen.de\/wp-content\/uploads\/2020\/01\/Primavera-schwarz-1.png\" alt=\"\" \/><img decoding=\"async\" src=\"https:\/\/www.der-mopedladen.de\/wp-content\/uploads\/2024\/05\/Primavera-S-mattschwarz-FL-2.jpg\" alt=\"\" \/><img decoding=\"async\" src=\"https:\/\/www.der-mopedladen.de\/wp-content\/uploads\/2024\/05\/Primavera-S-mattschwarz-FL-5.jpg\" alt=\"\" \/><img decoding=\"async\" src=\"https:\/\/www.der-mopedladen.de\/wp-content\/uploads\/2024\/05\/Primavera-S-mattschwarz-FL-7.jpg\" alt=\"\" \/><img decoding=\"async\" src=\"https:\/\/www.der-mopedladen.de\/wp-content\/uploads\/2024\/05\/Primavera-S-mattschwarz-FL-1.jpg\" alt=\"\" \/><img decoding=\"async\" src=\"https:\/\/www.der-mopedladen.de\/wp-content\/uploads\/2024\/05\/Primavera-weiss-FL-4.jpg\" alt=\"\" \/><img decoding=\"async\" src=\"https:\/\/www.der-mopedladen.de\/wp-content\/uploads\/2024\/05\/Primavera-weiss-FL-7.jpg\" alt=\"\" \/><img decoding=\"async\" src=\"https:\/\/www.der-mopedladen.de\/wp-content\/uploads\/2024\/05\/Primavera-weiss-FL-6.jpg\" alt=\"\" \/><img decoding=\"async\" src=\"https:\/\/www.der-mopedladen.de\/wp-content\/uploads\/2024\/05\/Primavera-S-mattschwarz-FL-6.jpg\" alt=\"\" \/><img decoding=\"async\" src=\"https:\/\/www.der-mopedladen.de\/wp-content\/uploads\/2024\/05\/Primavera-S-mattschwarz-FL-4.jpg\" alt=\"\" \/><img decoding=\"async\" src=\"https:\/\/www.der-mopedladen.de\/wp-content\/uploads\/2024\/06\/Prima-50-gruen-FL-3.jpg\" alt=\"\" \/><img decoding=\"async\" src=\"https:\/\/www.der-mopedladen.de\/wp-content\/uploads\/2024\/06\/Prima-50-blau-FL-3.jpg\" alt=\"\" \/><img decoding=\"async\" src=\"https:\/\/www.der-mopedladen.de\/wp-content\/uploads\/2024\/10\/Primavera-S-gelb-3.jpg\" alt=\"\" \/><img decoding=\"async\" src=\"https:\/\/www.der-mopedladen.de\/wp-content\/uploads\/2024\/06\/Prima-S-50-beige-8.jpg\" alt=\"\" \/><img decoding=\"async\" src=\"https:\/\/www.der-mopedladen.de\/wp-content\/uploads\/2024\/10\/Primavera-S-gelb-8.jpg\" alt=\"\" \/><img decoding=\"async\" src=\"https:\/\/www.der-mopedladen.de\/wp-content\/uploads\/2024\/06\/Prima-S-50-beige-2.jpg\" alt=\"\" \/><img decoding=\"async\" src=\"https:\/\/www.der-mopedladen.de\/wp-content\/uploads\/2024\/06\/Prima-50-blau-FL-4.jpg\" alt=\"\" \/><img decoding=\"async\" src=\"https:\/\/www.der-mopedladen.de\/wp-content\/uploads\/2024\/06\/Prima-50-blau-FL-5.jpg\" alt=\"\" \/><img decoding=\"async\" src=\"https:\/\/www.der-mopedladen.de\/wp-content\/uploads\/2024\/05\/Primavera-weiss-FL-8.jpg\" alt=\"\" \/><img decoding=\"async\" src=\"https:\/\/www.der-mopedladen.de\/wp-content\/uploads\/2024\/05\/Primavera-S-mattschwarz-FL-8.jpg\" alt=\"\" \/><img decoding=\"async\" src=\"https:\/\/www.der-mopedladen.de\/wp-content\/uploads\/2024\/06\/Prima-50-gruen-FL-4.jpg\" alt=\"\" \/><img decoding=\"async\" src=\"https:\/\/www.der-mopedladen.de\/wp-content\/uploads\/2024\/06\/Prima-50-blau-FL-6.jpg\" alt=\"\" \/><img decoding=\"async\" src=\"https:\/\/www.der-mopedladen.de\/wp-content\/uploads\/2024\/06\/Prima-S-50-beige-4.jpg\" alt=\"\" \/><img decoding=\"async\" src=\"https:\/\/www.der-mopedladen.de\/wp-content\/uploads\/2024\/06\/Prima-S-50-beige-5.jpg\" alt=\"\" \/><img decoding=\"async\" src=\"https:\/\/www.der-mopedladen.de\/wp-content\/uploads\/2024\/06\/Prima-50-blau-FL-2.jpg\" alt=\"\" \/><img decoding=\"async\" src=\"https:\/\/www.der-mopedladen.de\/wp-content\/uploads\/2024\/06\/Prima-50-gruen-FL-2.jpg\" alt=\"\" \/><img decoding=\"async\" src=\"https:\/\/www.der-mopedladen.de\/wp-content\/uploads\/2024\/10\/Primavera-S-gelb-2.jpg\" alt=\"\" \/><img decoding=\"async\" src=\"https:\/\/www.der-mopedladen.de\/wp-content\/uploads\/2024\/06\/Prima-S-50-beige-6.jpg\" alt=\"\" \/><img decoding=\"async\" src=\"https:\/\/www.der-mopedladen.de\/wp-content\/uploads\/2024\/05\/Primavera-weiss-FL-2.jpg\" alt=\"\" \/><img decoding=\"async\" src=\"https:\/\/www.der-mopedladen.de\/wp-content\/uploads\/2024\/06\/Prima-S-50-beige-7.jpg\" alt=\"\" \/><img decoding=\"async\" src=\"https:\/\/www.der-mopedladen.de\/wp-content\/uploads\/2024\/06\/Prima-50-blau-FL-1.jpg\" alt=\"\" \/><img decoding=\"async\" src=\"https:\/\/www.der-mopedladen.de\/wp-content\/uploads\/2024\/06\/Prima-S-50-beige-9.jpg\" alt=\"\" \/><img decoding=\"async\" src=\"https:\/\/www.der-mopedladen.de\/wp-content\/uploads\/2024\/06\/Prima-S-50-beige-1.jpg\" alt=\"\" \/><\/noscript>\n","protected":false},"excerpt":{"rendered":"<p>Der Mythos Primavera verbunden mit dem kraftvollen 50cm\u00b3 Viertaktmotor: perfekt f\u00fcr einen flotten Einstieg in die Welt der Vespa-Mobilit\u00e4t. In puncto Technik, Qualit\u00e4t und Sicherheit\u2026<\/p>\n<p class=\"continue-reading-button\"> <a class=\"continue-reading-link\" href=\"https:\/\/www.der-mopedladen.de\/?p=2537\">Mehr Informationen<i class=\"crycon-right-dir\"><\/i><\/a><\/p>\n","protected":false},"author":2,"featured_media":19682,"comment_status":"closed","ping_status":"closed","sticky":false,"template":"","format":"standard","meta":{"footnotes":""},"categories":[10,67],"tags":[35,18,40,37,63],"class_list":["post-2537","post","type-post","status-publish","format-standard","has-post-thumbnail","hentry","category-rollerklein","category-vespa","tag-4-takt","tag-50er","tag-ab-16","tag-einspritzung","tag-vespa"],"yoast_head":"<!-- This site is optimized with the Yoast SEO plugin v25.7 - https:\/\/yoast.com\/wordpress\/plugins\/seo\/ -->\n<title>Vespa Primavera 50 . . . . . . . . . ab 3899 \u20ac statt 4250 \u20ac -<\/title>\n<meta name=\"description\" content=\"Vespa Primavera 50 - Der italienische Klassiker im Mopedladen zum Aktionspreis. Der Mopedladen in Hannover - seit mehr als 25 Jahren!\" \/>\n<meta name=\"robots\" content=\"index, follow, max-snippet:-1, max-image-preview:large, max-video-preview:-1\" \/>\n<link rel=\"canonical\" href=\"https:\/\/www.der-mopedladen.de\/?p=2537\" \/>\n<meta property=\"og:locale\" content=\"de_DE\" \/>\n<meta property=\"og:type\" content=\"article\" \/>\n<meta property=\"og:title\" content=\"Vespa Primavera 50 . . . . . . . . . ab 3899 \u20ac statt 4250 \u20ac -\" \/>\n<meta property=\"og:description\" content=\"Vespa Primavera 50 - Der italienische Klassiker im Mopedladen zum Aktionspreis. Der Mopedladen in Hannover - seit mehr als 25 Jahren!\" \/>\n<meta property=\"og:url\" content=\"https:\/\/www.der-mopedladen.de\/?p=2537\" \/>\n<meta property=\"article:published_time\" content=\"2023-01-11T10:54:17+00:00\" \/>\n<meta property=\"article:modified_time\" content=\"2026-04-02T15:24:50+00:00\" \/>\n<meta property=\"og:image\" content=\"https:\/\/www.der-mopedladen.de\/wp-content\/uploads\/2024\/05\/Primavera-S-mattschwarz-FL-3.jpg\" \/>\n\t<meta property=\"og:image:width\" content=\"2560\" \/>\n\t<meta property=\"og:image:height\" content=\"1920\" \/>\n\t<meta property=\"og:image:type\" content=\"image\/jpeg\" \/>\n<meta name=\"author\" content=\"Carsten Maluche\" \/>\n<meta name=\"twitter:card\" content=\"summary_large_image\" \/>\n<meta name=\"twitter:label1\" content=\"Verfasst von\" \/>\n\t<meta name=\"twitter:data1\" content=\"Carsten Maluche\" \/>\n\t<meta name=\"twitter:label2\" content=\"Gesch\u00e4tzte Lesezeit\" \/>\n\t<meta name=\"twitter:data2\" content=\"1\u00a0Minute\" \/>\n<script type=\"application\/ld+json\" class=\"yoast-schema-graph\">{\"@context\":\"https:\/\/schema.org\",\"@graph\":[{\"@type\":\"Article\",\"@id\":\"https:\/\/www.der-mopedladen.de\/?p=2537#article\",\"isPartOf\":{\"@id\":\"https:\/\/www.der-mopedladen.de\/?p=2537\"},\"author\":{\"name\":\"Carsten Maluche\",\"@id\":\"https:\/\/www.der-mopedladen.de\/#\/schema\/person\/4d0c0c9ed7d36464398049539cfdc1c0\"},\"headline\":\"Vespa Primavera 50 . . . . . . . . . ab 3899 \u20ac statt 4250 \u20ac\",\"datePublished\":\"2023-01-11T10:54:17+00:00\",\"dateModified\":\"2026-04-02T15:24:50+00:00\",\"mainEntityOfPage\":{\"@id\":\"https:\/\/www.der-mopedladen.de\/?p=2537\"},\"wordCount\":198,\"publisher\":{\"@id\":\"https:\/\/www.der-mopedladen.de\/#organization\"},\"image\":{\"@id\":\"https:\/\/www.der-mopedladen.de\/?p=2537#primaryimage\"},\"thumbnailUrl\":\"https:\/\/www.der-mopedladen.de\/wp-content\/uploads\/2024\/05\/Primavera-S-mattschwarz-FL-3.jpg\",\"keywords\":[\"4 Takt\",\"50er\",\"ab 16\",\"Einspritzung\",\"Vespa\"],\"articleSection\":[\"Roller bis 50 ccm\",\"Vespa\"],\"inLanguage\":\"de\"},{\"@type\":\"WebPage\",\"@id\":\"https:\/\/www.der-mopedladen.de\/?p=2537\",\"url\":\"https:\/\/www.der-mopedladen.de\/?p=2537\",\"name\":\"Vespa Primavera 50 . . . . . . . . . ab 3899 \u20ac statt 4250 \u20ac -\",\"isPartOf\":{\"@id\":\"https:\/\/www.der-mopedladen.de\/#website\"},\"primaryImageOfPage\":{\"@id\":\"https:\/\/www.der-mopedladen.de\/?p=2537#primaryimage\"},\"image\":{\"@id\":\"https:\/\/www.der-mopedladen.de\/?p=2537#primaryimage\"},\"thumbnailUrl\":\"https:\/\/www.der-mopedladen.de\/wp-content\/uploads\/2024\/05\/Primavera-S-mattschwarz-FL-3.jpg\",\"datePublished\":\"2023-01-11T10:54:17+00:00\",\"dateModified\":\"2026-04-02T15:24:50+00:00\",\"description\":\"Vespa Primavera 50 - Der italienische Klassiker im Mopedladen zum Aktionspreis. Der Mopedladen in Hannover - seit mehr als 25 Jahren!\",\"breadcrumb\":{\"@id\":\"https:\/\/www.der-mopedladen.de\/?p=2537#breadcrumb\"},\"inLanguage\":\"de\",\"potentialAction\":[{\"@type\":\"ReadAction\",\"target\":[\"https:\/\/www.der-mopedladen.de\/?p=2537\"]}]},{\"@type\":\"ImageObject\",\"inLanguage\":\"de\",\"@id\":\"https:\/\/www.der-mopedladen.de\/?p=2537#primaryimage\",\"url\":\"https:\/\/www.der-mopedladen.de\/wp-content\/uploads\/2024\/05\/Primavera-S-mattschwarz-FL-3.jpg\",\"contentUrl\":\"https:\/\/www.der-mopedladen.de\/wp-content\/uploads\/2024\/05\/Primavera-S-mattschwarz-FL-3.jpg\",\"width\":2560,\"height\":1920},{\"@type\":\"BreadcrumbList\",\"@id\":\"https:\/\/www.der-mopedladen.de\/?p=2537#breadcrumb\",\"itemListElement\":[{\"@type\":\"ListItem\",\"position\":1,\"name\":\"Startseite\",\"item\":\"https:\/\/www.der-mopedladen.de\/\"},{\"@type\":\"ListItem\",\"position\":2,\"name\":\"Vespa Primavera 50 . . . . . . . . . ab 3899 \u20ac statt 4250 \u20ac\"}]},{\"@type\":\"WebSite\",\"@id\":\"https:\/\/www.der-mopedladen.de\/#website\",\"url\":\"https:\/\/www.der-mopedladen.de\/\",\"name\":\"\",\"description\":\"\",\"publisher\":{\"@id\":\"https:\/\/www.der-mopedladen.de\/#organization\"},\"potentialAction\":[{\"@type\":\"SearchAction\",\"target\":{\"@type\":\"EntryPoint\",\"urlTemplate\":\"https:\/\/www.der-mopedladen.de\/?s={search_term_string}\"},\"query-input\":{\"@type\":\"PropertyValueSpecification\",\"valueRequired\":true,\"valueName\":\"search_term_string\"}}],\"inLanguage\":\"de\"},{\"@type\":\"Organization\",\"@id\":\"https:\/\/www.der-mopedladen.de\/#organization\",\"name\":\"Der Mopedladen OHG\",\"url\":\"https:\/\/www.der-mopedladen.de\/\",\"logo\":{\"@type\":\"ImageObject\",\"inLanguage\":\"de\",\"@id\":\"https:\/\/www.der-mopedladen.de\/#\/schema\/logo\/image\/\",\"url\":\"https:\/\/www.der-mopedladen.de\/wp-content\/uploads\/2021\/04\/Logo-DerMopedladen_ZW_CMYK-50x36mm.jpg\",\"contentUrl\":\"https:\/\/www.der-mopedladen.de\/wp-content\/uploads\/2021\/04\/Logo-DerMopedladen_ZW_CMYK-50x36mm.jpg\",\"width\":602,\"height\":437,\"caption\":\"Der Mopedladen OHG\"},\"image\":{\"@id\":\"https:\/\/www.der-mopedladen.de\/#\/schema\/logo\/image\/\"}},{\"@type\":\"Person\",\"@id\":\"https:\/\/www.der-mopedladen.de\/#\/schema\/person\/4d0c0c9ed7d36464398049539cfdc1c0\",\"name\":\"Carsten Maluche\",\"image\":{\"@type\":\"ImageObject\",\"inLanguage\":\"de\",\"@id\":\"https:\/\/www.der-mopedladen.de\/#\/schema\/person\/image\/\",\"url\":\"https:\/\/secure.gravatar.com\/avatar\/a535b4a133389f55485f0a633a5968f3d69e644503b1fed0e6aa81083975d04a?s=96&d=mm&r=g\",\"contentUrl\":\"https:\/\/secure.gravatar.com\/avatar\/a535b4a133389f55485f0a633a5968f3d69e644503b1fed0e6aa81083975d04a?s=96&d=mm&r=g\",\"caption\":\"Carsten Maluche\"}}]}<\/script>\n<!-- \/ Yoast SEO plugin. -->","yoast_head_json":{"title":"Vespa Primavera 50 . . . . . . . . . ab 3899 \u20ac statt 4250 \u20ac -","description":"Vespa Primavera 50 - Der italienische Klassiker im Mopedladen zum Aktionspreis. Der Mopedladen in Hannover - seit mehr als 25 Jahren!","robots":{"index":"index","follow":"follow","max-snippet":"max-snippet:-1","max-image-preview":"max-image-preview:large","max-video-preview":"max-video-preview:-1"},"canonical":"https:\/\/www.der-mopedladen.de\/?p=2537","og_locale":"de_DE","og_type":"article","og_title":"Vespa Primavera 50 . . . . . . . . . ab 3899 \u20ac statt 4250 \u20ac -","og_description":"Vespa Primavera 50 - Der italienische Klassiker im Mopedladen zum Aktionspreis. Der Mopedladen in Hannover - seit mehr als 25 Jahren!","og_url":"https:\/\/www.der-mopedladen.de\/?p=2537","article_published_time":"2023-01-11T10:54:17+00:00","article_modified_time":"2026-04-02T15:24:50+00:00","og_image":[{"width":2560,"height":1920,"url":"https:\/\/www.der-mopedladen.de\/wp-content\/uploads\/2024\/05\/Primavera-S-mattschwarz-FL-3.jpg","type":"image\/jpeg"}],"author":"Carsten Maluche","twitter_card":"summary_large_image","twitter_misc":{"Verfasst von":"Carsten Maluche","Gesch\u00e4tzte Lesezeit":"1\u00a0Minute"},"schema":{"@context":"https:\/\/schema.org","@graph":[{"@type":"Article","@id":"https:\/\/www.der-mopedladen.de\/?p=2537#article","isPartOf":{"@id":"https:\/\/www.der-mopedladen.de\/?p=2537"},"author":{"name":"Carsten Maluche","@id":"https:\/\/www.der-mopedladen.de\/#\/schema\/person\/4d0c0c9ed7d36464398049539cfdc1c0"},"headline":"Vespa Primavera 50 . . . . . . . . . ab 3899 \u20ac statt 4250 \u20ac","datePublished":"2023-01-11T10:54:17+00:00","dateModified":"2026-04-02T15:24:50+00:00","mainEntityOfPage":{"@id":"https:\/\/www.der-mopedladen.de\/?p=2537"},"wordCount":198,"publisher":{"@id":"https:\/\/www.der-mopedladen.de\/#organization"},"image":{"@id":"https:\/\/www.der-mopedladen.de\/?p=2537#primaryimage"},"thumbnailUrl":"https:\/\/www.der-mopedladen.de\/wp-content\/uploads\/2024\/05\/Primavera-S-mattschwarz-FL-3.jpg","keywords":["4 Takt","50er","ab 16","Einspritzung","Vespa"],"articleSection":["Roller bis 50 ccm","Vespa"],"inLanguage":"de"},{"@type":"WebPage","@id":"https:\/\/www.der-mopedladen.de\/?p=2537","url":"https:\/\/www.der-mopedladen.de\/?p=2537","name":"Vespa Primavera 50 . . . . . . . . . ab 3899 \u20ac statt 4250 \u20ac -","isPartOf":{"@id":"https:\/\/www.der-mopedladen.de\/#website"},"primaryImageOfPage":{"@id":"https:\/\/www.der-mopedladen.de\/?p=2537#primaryimage"},"image":{"@id":"https:\/\/www.der-mopedladen.de\/?p=2537#primaryimage"},"thumbnailUrl":"https:\/\/www.der-mopedladen.de\/wp-content\/uploads\/2024\/05\/Primavera-S-mattschwarz-FL-3.jpg","datePublished":"2023-01-11T10:54:17+00:00","dateModified":"2026-04-02T15:24:50+00:00","description":"Vespa Primavera 50 - Der italienische Klassiker im Mopedladen zum Aktionspreis. Der Mopedladen in Hannover - seit mehr als 25 Jahren!","breadcrumb":{"@id":"https:\/\/www.der-mopedladen.de\/?p=2537#breadcrumb"},"inLanguage":"de","potentialAction":[{"@type":"ReadAction","target":["https:\/\/www.der-mopedladen.de\/?p=2537"]}]},{"@type":"ImageObject","inLanguage":"de","@id":"https:\/\/www.der-mopedladen.de\/?p=2537#primaryimage","url":"https:\/\/www.der-mopedladen.de\/wp-content\/uploads\/2024\/05\/Primavera-S-mattschwarz-FL-3.jpg","contentUrl":"https:\/\/www.der-mopedladen.de\/wp-content\/uploads\/2024\/05\/Primavera-S-mattschwarz-FL-3.jpg","width":2560,"height":1920},{"@type":"BreadcrumbList","@id":"https:\/\/www.der-mopedladen.de\/?p=2537#breadcrumb","itemListElement":[{"@type":"ListItem","position":1,"name":"Startseite","item":"https:\/\/www.der-mopedladen.de\/"},{"@type":"ListItem","position":2,"name":"Vespa Primavera 50 . . . . . . . . . ab 3899 \u20ac statt 4250 \u20ac"}]},{"@type":"WebSite","@id":"https:\/\/www.der-mopedladen.de\/#website","url":"https:\/\/www.der-mopedladen.de\/","name":"","description":"","publisher":{"@id":"https:\/\/www.der-mopedladen.de\/#organization"},"potentialAction":[{"@type":"SearchAction","target":{"@type":"EntryPoint","urlTemplate":"https:\/\/www.der-mopedladen.de\/?s={search_term_string}"},"query-input":{"@type":"PropertyValueSpecification","valueRequired":true,"valueName":"search_term_string"}}],"inLanguage":"de"},{"@type":"Organization","@id":"https:\/\/www.der-mopedladen.de\/#organization","name":"Der Mopedladen OHG","url":"https:\/\/www.der-mopedladen.de\/","logo":{"@type":"ImageObject","inLanguage":"de","@id":"https:\/\/www.der-mopedladen.de\/#\/schema\/logo\/image\/","url":"https:\/\/www.der-mopedladen.de\/wp-content\/uploads\/2021\/04\/Logo-DerMopedladen_ZW_CMYK-50x36mm.jpg","contentUrl":"https:\/\/www.der-mopedladen.de\/wp-content\/uploads\/2021\/04\/Logo-DerMopedladen_ZW_CMYK-50x36mm.jpg","width":602,"height":437,"caption":"Der Mopedladen OHG"},"image":{"@id":"https:\/\/www.der-mopedladen.de\/#\/schema\/logo\/image\/"}},{"@type":"Person","@id":"https:\/\/www.der-mopedladen.de\/#\/schema\/person\/4d0c0c9ed7d36464398049539cfdc1c0","name":"Carsten Maluche","image":{"@type":"ImageObject","inLanguage":"de","@id":"https:\/\/www.der-mopedladen.de\/#\/schema\/person\/image\/","url":"https:\/\/secure.gravatar.com\/avatar\/a535b4a133389f55485f0a633a5968f3d69e644503b1fed0e6aa81083975d04a?s=96&d=mm&r=g","contentUrl":"https:\/\/secure.gravatar.com\/avatar\/a535b4a133389f55485f0a633a5968f3d69e644503b1fed0e6aa81083975d04a?s=96&d=mm&r=g","caption":"Carsten Maluche"}}]}},"_links":{"self":[{"href":"https:\/\/www.der-mopedladen.de\/index.php?rest_route=\/wp\/v2\/posts\/2537","targetHints":{"allow":["GET"]}}],"collection":[{"href":"https:\/\/www.der-mopedladen.de\/index.php?rest_route=\/wp\/v2\/posts"}],"about":[{"href":"https:\/\/www.der-mopedladen.de\/index.php?rest_route=\/wp\/v2\/types\/post"}],"author":[{"embeddable":true,"href":"https:\/\/www.der-mopedladen.de\/index.php?rest_route=\/wp\/v2\/users\/2"}],"replies":[{"embeddable":true,"href":"https:\/\/www.der-mopedladen.de\/index.php?rest_route=%2Fwp%2Fv2%2Fcomments&post=2537"}],"version-history":[{"count":1,"href":"https:\/\/www.der-mopedladen.de\/index.php?rest_route=\/wp\/v2\/posts\/2537\/revisions"}],"predecessor-version":[{"id":23484,"href":"https:\/\/www.der-mopedladen.de\/index.php?rest_route=\/wp\/v2\/posts\/2537\/revisions\/23484"}],"wp:featuredmedia":[{"embeddable":true,"href":"https:\/\/www.der-mopedladen.de\/index.php?rest_route=\/wp\/v2\/media\/19682"}],"wp:attachment":[{"href":"https:\/\/www.der-mopedladen.de\/index.php?rest_route=%2Fwp%2Fv2%2Fmedia&parent=2537"}],"wp:term":[{"taxonomy":"category","embeddable":true,"href":"https:\/\/www.der-mopedladen.de\/index.php?rest_route=%2Fwp%2Fv2%2Fcategories&post=2537"},{"taxonomy":"post_tag","embeddable":true,"href":"https:\/\/www.der-mopedladen.de\/index.php?rest_route=%2Fwp%2Fv2%2Ftags&post=2537"}],"curies":[{"name":"wp","href":"https:\/\/api.w.org\/{rel}","templated":true}]}}