{"id":23112,"date":"2026-03-21T11:00:14","date_gmt":"2026-03-21T10:00:14","guid":{"rendered":"https:\/\/www.der-mopedladen.de\/?p=23112"},"modified":"2026-04-29T14:52:36","modified_gmt":"2026-04-29T12:52:36","slug":"benelli-trk-502-x","status":"publish","type":"post","link":"https:\/\/www.der-mopedladen.de\/?p=23112","title":{"rendered":"Benelli TRK 502 X . . . . . . . Verkauft!"},"content":{"rendered":"<div id=\"c3933\" class=\"csc-default csc-space\">\n<p class=\"bodytext\">Unsere Benelli TRK 502 X ist aus erster Hand. Das Motorrad in elegantem dunkelblau ist scheckheftgepflegt und hat noch Restgarantie bis April 2026. Die Benelli TRK 502 X kommt mit \u00fcppiger Serienaustattung: Gep\u00e4cktr\u00e4ger, Sturzb\u00fcgel, Hauptst\u00e4nder und USB-Anschluss sind ab Werk vorhanden. Das Motorrad bietet viel Platz auch f\u00fcr zwei Personen und hat eine sehr entspannte, aufrechte Sitzposition.<\/p>\n<ul>\n<li class=\"bodytext\">Erste Hand!<\/li>\n<li class=\"bodytext\">Scheckheftgepflegt<\/li>\n<li class=\"bodytext\">Sturzb\u00fcgel, Gep\u00e4cktr\u00e4ger<\/li>\n<li class=\"bodytext\">Hauptst\u00e4nder, USB Anschluss<\/li>\n<\/ul>\n<div id=\"c3937\" class=\"csc-default csc-space\">\n<div class=\"csc-header csc-header-n1\">\n<h3>Fahrzeugdetails<\/h3>\n<\/div>\n<table class=\"fahrzeugdaten\" style=\"width: 100%; height: 168px;\">\n<tbody>\n<tr style=\"height: 21px;\">\n<td style=\"height: 21px; width: 44.1667%;\">Kilometerstand<\/td>\n<td style=\"height: 21px; width: 54.881%;\">8.910 km<\/td>\n<\/tr>\n<tr style=\"height: 21px;\">\n<td style=\"height: 21px; width: 44.1667%;\">Leistung<\/td>\n<td style=\"height: 21px; width: 54.881%;\">35 kW \/ 48 PS<\/td>\n<\/tr>\n<tr style=\"height: 21px;\">\n<td style=\"height: 21px; width: 44.1667%;\">Erstzulassung\/Baujahr<\/td>\n<td style=\"height: 21px; width: 54.881%;\">04\/2024<\/td>\n<\/tr>\n<tr style=\"height: 21px;\">\n<td style=\"height: 21px; width: 44.1667%;\">Motor<\/td>\n<td style=\"height: 21px; width: 54.881%;\">500 cm\u00b3 Reihen-Zweizylinder<\/td>\n<\/tr>\n<tr style=\"height: 21px;\">\n<td style=\"height: 21px; width: 44.1667%;\">H\u00f6chstgeschwindigkeit<\/td>\n<td style=\"height: 21px; width: 54.881%;\">165 km\/h<\/td>\n<\/tr>\n<tr style=\"height: 21px;\">\n<td style=\"height: 21px; width: 44.1667%;\">Leergewicht<\/td>\n<td style=\"height: 21px; width: 54.881%;\">235 kg<\/td>\n<\/tr>\n<tr style=\"height: 21px;\">\n<td style=\"height: 21px; width: 44.1667%;\">HU\/AU<\/td>\n<td style=\"height: 21px; width: 54.881%;\">neu bei Kauf!<\/td>\n<\/tr>\n<tr style=\"height: 21px;\">\n<td style=\"height: 21px; width: 44.1667%;\">Farbe<\/td>\n<td style=\"height: 21px; width: 54.881%;\">Dunkelblau<\/td>\n<\/tr>\n<\/tbody>\n<\/table>\n<\/div>\n<div class=\"finanzierungsWrap\">\n<div id=\"c3930\" class=\"csc-default csc-space\">\n<div class=\"csc-header csc-header-n1\">\n<h3>Finanzierung<\/h3>\n<\/div>\n<table class=\"fahrzeugdaten\">\n<tbody>\n<tr>\n<td>Finanzierung \u00fcber Creditplus Bank m\u00f6glich.<\/td>\n<td><\/td>\n<\/tr>\n<\/tbody>\n<\/table>\n<\/div>\n<\/div>\n<\/div>\n<div id=\"envira-gallery-wrap-23111\" class=\"envira-gallery-wrap envira-gallery-theme-base envira-lightbox-theme-base\" itemscope itemtype=\"https:\/\/schema.org\/ImageGallery\"><div data-row-height=\"150\" data-gallery-theme=\"normal\" id=\"envira-gallery-23111\" class=\"envira-gallery-public envira-gallery-justified-public envira-gallery-0-columns envira-clear enviratope envira-gallery-css-animations\" data-envira-columns=\"0\"><div id=\"envira-gallery-item-23101\" class=\"envira-gallery-item enviratope-item envira-gallery-item-1 envira-lazy-load\" style=\"padding-left: 5px; padding-bottom: 10px; padding-right: 5px;\"  itemscope itemtype=\"https:\/\/schema.org\/ImageObject\"><div class=\"envira-gallery-item-inner\"><div class=\"envira-gallery-position-overlay  envira-gallery-top-left\"><\/div><div class=\"envira-gallery-position-overlay  envira-gallery-top-right\"><\/div><div class=\"envira-gallery-position-overlay  envira-gallery-bottom-left\"><\/div><div class=\"envira-gallery-position-overlay  envira-gallery-bottom-right\"><\/div><a href=\"https:\/\/www.der-mopedladen.de\/wp-content\/uploads\/2025\/12\/Benelli-TRK-502-X-blau-geb-02.jpg\" class=\"envira-gallery-23111 envira-gallery-link\" rel=\"enviragallery23111\" title=\"TRK 502 X blau 02\" data-envira-caption=\"TRK 502 X blau 02\" data-envira-retina=\"\" data-thumbnail=\"\"  itemprop=\"contentUrl\"><img decoding=\"async\" id=\"envira-gallery-image-23101\" class=\"envira-gallery-image envira-gallery-image-1 envira-normal envira-lazy\" data-envira-index=\"1\" src=\"https:\/\/www.der-mopedladen.de\/wp-content\/uploads\/2025\/12\/Benelli-TRK-502-X-blau-geb-02-1024x768-640x480.jpg\" data-envira-src=\"https:\/\/www.der-mopedladen.de\/wp-content\/uploads\/2025\/12\/Benelli-TRK-502-X-blau-geb-02-1024x768-640x480.jpg\" data-envira-gallery-id=\"23111\" data-envira-item-id=\"23101\" data-envira-caption=\"TRK 502 X blau 02\" alt=\"\" title=\"TRK 502 X blau 02\"  itemprop=\"thumbnailUrl\" data-envira-srcset=\"https:\/\/www.der-mopedladen.de\/wp-content\/uploads\/2025\/12\/Benelli-TRK-502-X-blau-geb-02-1024x768-640x480.jpg 400w,https:\/\/www.der-mopedladen.de\/wp-content\/uploads\/2025\/12\/Benelli-TRK-502-X-blau-geb-02-1024x768-640x480.jpg 2x\" data-envira-width=\"300\" data-envira-height=\"225\" srcset=\"data:image\/gif;base64,R0lGODlhAQABAIAAAP\/\/\/\/\/\/\/yH5BAEKAAEALAAAAAABAAEAAAICTAEAOw==\" data-safe-src=\"data:image\/gif;base64,R0lGODlhAQABAIAAAP\/\/\/\/\/\/\/yH5BAEKAAEALAAAAAABAAEAAAICTAEAOw==\" \/><\/a><\/div><\/div><div id=\"envira-gallery-item-23105\" class=\"envira-gallery-item enviratope-item envira-gallery-item-2 envira-lazy-load\" style=\"padding-left: 5px; padding-bottom: 10px; padding-right: 5px;\"  itemscope itemtype=\"https:\/\/schema.org\/ImageObject\"><div class=\"envira-gallery-item-inner\"><div class=\"envira-gallery-position-overlay  envira-gallery-top-left\"><\/div><div class=\"envira-gallery-position-overlay  envira-gallery-top-right\"><\/div><div class=\"envira-gallery-position-overlay  envira-gallery-bottom-left\"><\/div><div class=\"envira-gallery-position-overlay  envira-gallery-bottom-right\"><\/div><a href=\"https:\/\/www.der-mopedladen.de\/wp-content\/uploads\/2025\/12\/Benelli-TRK-502-X-blau-geb-06.jpg\" class=\"envira-gallery-23111 envira-gallery-link\" rel=\"enviragallery23111\" title=\"TRK 502 X blau 06\" data-envira-caption=\"TRK 502 X blau 06\" data-envira-retina=\"\" data-thumbnail=\"\"  itemprop=\"contentUrl\"><img decoding=\"async\" id=\"envira-gallery-image-23105\" class=\"envira-gallery-image envira-gallery-image-2 envira-normal envira-lazy\" data-envira-index=\"2\" src=\"https:\/\/www.der-mopedladen.de\/wp-content\/uploads\/2025\/12\/Benelli-TRK-502-X-blau-geb-06-1024x768-640x480.jpg\" data-envira-src=\"https:\/\/www.der-mopedladen.de\/wp-content\/uploads\/2025\/12\/Benelli-TRK-502-X-blau-geb-06-1024x768-640x480.jpg\" data-envira-gallery-id=\"23111\" data-envira-item-id=\"23105\" data-envira-caption=\"TRK 502 X blau 06\" alt=\"\" title=\"TRK 502 X blau 06\"  itemprop=\"thumbnailUrl\" data-envira-srcset=\"https:\/\/www.der-mopedladen.de\/wp-content\/uploads\/2025\/12\/Benelli-TRK-502-X-blau-geb-06-1024x768-640x480.jpg 400w,https:\/\/www.der-mopedladen.de\/wp-content\/uploads\/2025\/12\/Benelli-TRK-502-X-blau-geb-06-1024x768-640x480.jpg 2x\" data-envira-width=\"300\" data-envira-height=\"225\" srcset=\"data:image\/gif;base64,R0lGODlhAQABAIAAAP\/\/\/\/\/\/\/yH5BAEKAAEALAAAAAABAAEAAAICTAEAOw==\" data-safe-src=\"data:image\/gif;base64,R0lGODlhAQABAIAAAP\/\/\/\/\/\/\/yH5BAEKAAEALAAAAAABAAEAAAICTAEAOw==\" \/><\/a><\/div><\/div><div id=\"envira-gallery-item-23102\" class=\"envira-gallery-item enviratope-item envira-gallery-item-3 envira-lazy-load\" style=\"padding-left: 5px; padding-bottom: 10px; padding-right: 5px;\"  itemscope itemtype=\"https:\/\/schema.org\/ImageObject\"><div class=\"envira-gallery-item-inner\"><div class=\"envira-gallery-position-overlay  envira-gallery-top-left\"><\/div><div class=\"envira-gallery-position-overlay  envira-gallery-top-right\"><\/div><div class=\"envira-gallery-position-overlay  envira-gallery-bottom-left\"><\/div><div class=\"envira-gallery-position-overlay  envira-gallery-bottom-right\"><\/div><a href=\"https:\/\/www.der-mopedladen.de\/wp-content\/uploads\/2025\/12\/Benelli-TRK-502-X-blau-geb-03.jpg\" class=\"envira-gallery-23111 envira-gallery-link\" rel=\"enviragallery23111\" title=\"TRK 502 X blau 03\" data-envira-caption=\"TRK 502 X blau 03\" data-envira-retina=\"\" data-thumbnail=\"\"  itemprop=\"contentUrl\"><img decoding=\"async\" id=\"envira-gallery-image-23102\" class=\"envira-gallery-image envira-gallery-image-3 envira-normal envira-lazy\" data-envira-index=\"3\" src=\"https:\/\/www.der-mopedladen.de\/wp-content\/uploads\/2025\/12\/Benelli-TRK-502-X-blau-geb-03-1024x768-640x480.jpg\" data-envira-src=\"https:\/\/www.der-mopedladen.de\/wp-content\/uploads\/2025\/12\/Benelli-TRK-502-X-blau-geb-03-1024x768-640x480.jpg\" data-envira-gallery-id=\"23111\" data-envira-item-id=\"23102\" data-envira-caption=\"TRK 502 X blau 03\" alt=\"\" title=\"TRK 502 X blau 03\"  itemprop=\"thumbnailUrl\" data-envira-srcset=\"https:\/\/www.der-mopedladen.de\/wp-content\/uploads\/2025\/12\/Benelli-TRK-502-X-blau-geb-03-1024x768-640x480.jpg 400w,https:\/\/www.der-mopedladen.de\/wp-content\/uploads\/2025\/12\/Benelli-TRK-502-X-blau-geb-03-1024x768-640x480.jpg 2x\" data-envira-width=\"300\" data-envira-height=\"225\" srcset=\"data:image\/gif;base64,R0lGODlhAQABAIAAAP\/\/\/\/\/\/\/yH5BAEKAAEALAAAAAABAAEAAAICTAEAOw==\" data-safe-src=\"data:image\/gif;base64,R0lGODlhAQABAIAAAP\/\/\/\/\/\/\/yH5BAEKAAEALAAAAAABAAEAAAICTAEAOw==\" \/><\/a><\/div><\/div><div id=\"envira-gallery-item-23109\" class=\"envira-gallery-item enviratope-item envira-gallery-item-4 envira-lazy-load\" style=\"padding-left: 5px; padding-bottom: 10px; padding-right: 5px;\"  itemscope itemtype=\"https:\/\/schema.org\/ImageObject\"><div class=\"envira-gallery-item-inner\"><div class=\"envira-gallery-position-overlay  envira-gallery-top-left\"><\/div><div class=\"envira-gallery-position-overlay  envira-gallery-top-right\"><\/div><div class=\"envira-gallery-position-overlay  envira-gallery-bottom-left\"><\/div><div class=\"envira-gallery-position-overlay  envira-gallery-bottom-right\"><\/div><a href=\"https:\/\/www.der-mopedladen.de\/wp-content\/uploads\/2025\/12\/Benelli-TRK-502-X-blau-geb-10.jpg\" class=\"envira-gallery-23111 envira-gallery-link\" rel=\"enviragallery23111\" title=\"TRK 502 X blau 10\" data-envira-caption=\"TRK 502 X blau 10\" data-envira-retina=\"\" data-thumbnail=\"\"  itemprop=\"contentUrl\"><img decoding=\"async\" id=\"envira-gallery-image-23109\" class=\"envira-gallery-image envira-gallery-image-4 envira-normal envira-lazy\" data-envira-index=\"4\" src=\"https:\/\/www.der-mopedladen.de\/wp-content\/uploads\/2025\/12\/Benelli-TRK-502-X-blau-geb-10-1024x768-640x480.jpg\" data-envira-src=\"https:\/\/www.der-mopedladen.de\/wp-content\/uploads\/2025\/12\/Benelli-TRK-502-X-blau-geb-10-1024x768-640x480.jpg\" data-envira-gallery-id=\"23111\" data-envira-item-id=\"23109\" data-envira-caption=\"TRK 502 X blau 10\" alt=\"\" title=\"TRK 502 X blau 10\"  itemprop=\"thumbnailUrl\" data-envira-srcset=\"https:\/\/www.der-mopedladen.de\/wp-content\/uploads\/2025\/12\/Benelli-TRK-502-X-blau-geb-10-1024x768-640x480.jpg 400w,https:\/\/www.der-mopedladen.de\/wp-content\/uploads\/2025\/12\/Benelli-TRK-502-X-blau-geb-10-1024x768-640x480.jpg 2x\" data-envira-width=\"300\" data-envira-height=\"225\" srcset=\"data:image\/gif;base64,R0lGODlhAQABAIAAAP\/\/\/\/\/\/\/yH5BAEKAAEALAAAAAABAAEAAAICTAEAOw==\" data-safe-src=\"data:image\/gif;base64,R0lGODlhAQABAIAAAP\/\/\/\/\/\/\/yH5BAEKAAEALAAAAAABAAEAAAICTAEAOw==\" \/><\/a><\/div><\/div><div id=\"envira-gallery-item-23103\" class=\"envira-gallery-item enviratope-item envira-gallery-item-5 envira-lazy-load\" style=\"padding-left: 5px; padding-bottom: 10px; padding-right: 5px;\"  itemscope itemtype=\"https:\/\/schema.org\/ImageObject\"><div class=\"envira-gallery-item-inner\"><div class=\"envira-gallery-position-overlay  envira-gallery-top-left\"><\/div><div class=\"envira-gallery-position-overlay  envira-gallery-top-right\"><\/div><div class=\"envira-gallery-position-overlay  envira-gallery-bottom-left\"><\/div><div class=\"envira-gallery-position-overlay  envira-gallery-bottom-right\"><\/div><a href=\"https:\/\/www.der-mopedladen.de\/wp-content\/uploads\/2025\/12\/Benelli-TRK-502-X-blau-geb-04.jpg\" class=\"envira-gallery-23111 envira-gallery-link\" rel=\"enviragallery23111\" title=\"TRK 502 X blau 04\" data-envira-caption=\"TRK 502 X blau 04\" data-envira-retina=\"\" data-thumbnail=\"\"  itemprop=\"contentUrl\"><img decoding=\"async\" id=\"envira-gallery-image-23103\" class=\"envira-gallery-image envira-gallery-image-5 envira-normal envira-lazy\" data-envira-index=\"5\" src=\"https:\/\/www.der-mopedladen.de\/wp-content\/uploads\/2025\/12\/Benelli-TRK-502-X-blau-geb-04-1024x768-640x480.jpg\" data-envira-src=\"https:\/\/www.der-mopedladen.de\/wp-content\/uploads\/2025\/12\/Benelli-TRK-502-X-blau-geb-04-1024x768-640x480.jpg\" data-envira-gallery-id=\"23111\" data-envira-item-id=\"23103\" data-envira-caption=\"TRK 502 X blau 04\" alt=\"\" title=\"TRK 502 X blau 04\"  itemprop=\"thumbnailUrl\" data-envira-srcset=\"https:\/\/www.der-mopedladen.de\/wp-content\/uploads\/2025\/12\/Benelli-TRK-502-X-blau-geb-04-1024x768-640x480.jpg 400w,https:\/\/www.der-mopedladen.de\/wp-content\/uploads\/2025\/12\/Benelli-TRK-502-X-blau-geb-04-1024x768-640x480.jpg 2x\" data-envira-width=\"300\" data-envira-height=\"225\" srcset=\"data:image\/gif;base64,R0lGODlhAQABAIAAAP\/\/\/\/\/\/\/yH5BAEKAAEALAAAAAABAAEAAAICTAEAOw==\" data-safe-src=\"data:image\/gif;base64,R0lGODlhAQABAIAAAP\/\/\/\/\/\/\/yH5BAEKAAEALAAAAAABAAEAAAICTAEAOw==\" \/><\/a><\/div><\/div><div id=\"envira-gallery-item-23108\" class=\"envira-gallery-item enviratope-item envira-gallery-item-6 envira-lazy-load\" style=\"padding-left: 5px; padding-bottom: 10px; padding-right: 5px;\"  itemscope itemtype=\"https:\/\/schema.org\/ImageObject\"><div class=\"envira-gallery-item-inner\"><div class=\"envira-gallery-position-overlay  envira-gallery-top-left\"><\/div><div class=\"envira-gallery-position-overlay  envira-gallery-top-right\"><\/div><div class=\"envira-gallery-position-overlay  envira-gallery-bottom-left\"><\/div><div class=\"envira-gallery-position-overlay  envira-gallery-bottom-right\"><\/div><a href=\"https:\/\/www.der-mopedladen.de\/wp-content\/uploads\/2025\/12\/Benelli-TRK-502-X-blau-geb-09.jpg\" class=\"envira-gallery-23111 envira-gallery-link\" rel=\"enviragallery23111\" title=\"TRK 502 X blau 09\" data-envira-caption=\"TRK 502 X blau 09\" data-envira-retina=\"\" data-thumbnail=\"\"  itemprop=\"contentUrl\"><img decoding=\"async\" id=\"envira-gallery-image-23108\" class=\"envira-gallery-image envira-gallery-image-6 envira-normal envira-lazy\" data-envira-index=\"6\" src=\"https:\/\/www.der-mopedladen.de\/wp-content\/uploads\/2025\/12\/Benelli-TRK-502-X-blau-geb-09-1024x768-640x480.jpg\" data-envira-src=\"https:\/\/www.der-mopedladen.de\/wp-content\/uploads\/2025\/12\/Benelli-TRK-502-X-blau-geb-09-1024x768-640x480.jpg\" data-envira-gallery-id=\"23111\" data-envira-item-id=\"23108\" data-envira-caption=\"TRK 502 X blau 09\" alt=\"\" title=\"TRK 502 X blau 09\"  itemprop=\"thumbnailUrl\" data-envira-srcset=\"https:\/\/www.der-mopedladen.de\/wp-content\/uploads\/2025\/12\/Benelli-TRK-502-X-blau-geb-09-1024x768-640x480.jpg 400w,https:\/\/www.der-mopedladen.de\/wp-content\/uploads\/2025\/12\/Benelli-TRK-502-X-blau-geb-09-1024x768-640x480.jpg 2x\" data-envira-width=\"300\" data-envira-height=\"225\" srcset=\"data:image\/gif;base64,R0lGODlhAQABAIAAAP\/\/\/\/\/\/\/yH5BAEKAAEALAAAAAABAAEAAAICTAEAOw==\" data-safe-src=\"data:image\/gif;base64,R0lGODlhAQABAIAAAP\/\/\/\/\/\/\/yH5BAEKAAEALAAAAAABAAEAAAICTAEAOw==\" \/><\/a><\/div><\/div><div id=\"envira-gallery-item-23104\" class=\"envira-gallery-item enviratope-item envira-gallery-item-7 envira-lazy-load\" style=\"padding-left: 5px; padding-bottom: 10px; padding-right: 5px;\"  itemscope itemtype=\"https:\/\/schema.org\/ImageObject\"><div class=\"envira-gallery-item-inner\"><div class=\"envira-gallery-position-overlay  envira-gallery-top-left\"><\/div><div class=\"envira-gallery-position-overlay  envira-gallery-top-right\"><\/div><div class=\"envira-gallery-position-overlay  envira-gallery-bottom-left\"><\/div><div class=\"envira-gallery-position-overlay  envira-gallery-bottom-right\"><\/div><a href=\"https:\/\/www.der-mopedladen.de\/wp-content\/uploads\/2025\/12\/Benelli-TRK-502-X-blau-geb-05.jpg\" class=\"envira-gallery-23111 envira-gallery-link\" rel=\"enviragallery23111\" title=\"TRK 502 X blau 05\" data-envira-caption=\"TRK 502 X blau 05\" data-envira-retina=\"\" data-thumbnail=\"\"  itemprop=\"contentUrl\"><img decoding=\"async\" id=\"envira-gallery-image-23104\" class=\"envira-gallery-image envira-gallery-image-7 envira-normal envira-lazy\" data-envira-index=\"7\" src=\"https:\/\/www.der-mopedladen.de\/wp-content\/uploads\/2025\/12\/Benelli-TRK-502-X-blau-geb-05-768x1024-640x480.jpg\" data-envira-src=\"https:\/\/www.der-mopedladen.de\/wp-content\/uploads\/2025\/12\/Benelli-TRK-502-X-blau-geb-05-768x1024-640x480.jpg\" data-envira-gallery-id=\"23111\" data-envira-item-id=\"23104\" data-envira-caption=\"TRK 502 X blau 05\" alt=\"\" title=\"TRK 502 X blau 05\"  itemprop=\"thumbnailUrl\" data-envira-srcset=\"https:\/\/www.der-mopedladen.de\/wp-content\/uploads\/2025\/12\/Benelli-TRK-502-X-blau-geb-05-768x1024-640x480.jpg 400w,https:\/\/www.der-mopedladen.de\/wp-content\/uploads\/2025\/12\/Benelli-TRK-502-X-blau-geb-05-768x1024-640x480.jpg 2x\" data-envira-width=\"225\" data-envira-height=\"300\" srcset=\"data:image\/gif;base64,R0lGODlhAQABAIAAAP\/\/\/\/\/\/\/yH5BAEKAAEALAAAAAABAAEAAAICTAEAOw==\" data-safe-src=\"data:image\/gif;base64,R0lGODlhAQABAIAAAP\/\/\/\/\/\/\/yH5BAEKAAEALAAAAAABAAEAAAICTAEAOw==\" \/><\/a><\/div><\/div><div id=\"envira-gallery-item-23110\" class=\"envira-gallery-item enviratope-item envira-gallery-item-8 envira-lazy-load\" style=\"padding-left: 5px; padding-bottom: 10px; padding-right: 5px;\"  itemscope itemtype=\"https:\/\/schema.org\/ImageObject\"><div class=\"envira-gallery-item-inner\"><div class=\"envira-gallery-position-overlay  envira-gallery-top-left\"><\/div><div class=\"envira-gallery-position-overlay  envira-gallery-top-right\"><\/div><div class=\"envira-gallery-position-overlay  envira-gallery-bottom-left\"><\/div><div class=\"envira-gallery-position-overlay  envira-gallery-bottom-right\"><\/div><a href=\"https:\/\/www.der-mopedladen.de\/wp-content\/uploads\/2025\/12\/Benelli-TRK-502-X-blau-geb-11.jpg\" class=\"envira-gallery-23111 envira-gallery-link\" rel=\"enviragallery23111\" title=\"TRK 502 X blau 11\" data-envira-caption=\"TRK 502 X blau 11\" data-envira-retina=\"\" data-thumbnail=\"\"  itemprop=\"contentUrl\"><img decoding=\"async\" id=\"envira-gallery-image-23110\" class=\"envira-gallery-image envira-gallery-image-8 envira-normal envira-lazy\" data-envira-index=\"8\" src=\"https:\/\/www.der-mopedladen.de\/wp-content\/uploads\/2025\/12\/Benelli-TRK-502-X-blau-geb-11-1024x768-640x480.jpg\" data-envira-src=\"https:\/\/www.der-mopedladen.de\/wp-content\/uploads\/2025\/12\/Benelli-TRK-502-X-blau-geb-11-1024x768-640x480.jpg\" data-envira-gallery-id=\"23111\" data-envira-item-id=\"23110\" data-envira-caption=\"TRK 502 X blau 11\" alt=\"\" title=\"TRK 502 X blau 11\"  itemprop=\"thumbnailUrl\" data-envira-srcset=\"https:\/\/www.der-mopedladen.de\/wp-content\/uploads\/2025\/12\/Benelli-TRK-502-X-blau-geb-11-1024x768-640x480.jpg 400w,https:\/\/www.der-mopedladen.de\/wp-content\/uploads\/2025\/12\/Benelli-TRK-502-X-blau-geb-11-1024x768-640x480.jpg 2x\" data-envira-width=\"300\" data-envira-height=\"225\" srcset=\"data:image\/gif;base64,R0lGODlhAQABAIAAAP\/\/\/\/\/\/\/yH5BAEKAAEALAAAAAABAAEAAAICTAEAOw==\" data-safe-src=\"data:image\/gif;base64,R0lGODlhAQABAIAAAP\/\/\/\/\/\/\/yH5BAEKAAEALAAAAAABAAEAAAICTAEAOw==\" \/><\/a><\/div><\/div><div id=\"envira-gallery-item-23106\" class=\"envira-gallery-item enviratope-item envira-gallery-item-9 envira-lazy-load\" style=\"padding-left: 5px; padding-bottom: 10px; padding-right: 5px;\"  itemscope itemtype=\"https:\/\/schema.org\/ImageObject\"><div class=\"envira-gallery-item-inner\"><div class=\"envira-gallery-position-overlay  envira-gallery-top-left\"><\/div><div class=\"envira-gallery-position-overlay  envira-gallery-top-right\"><\/div><div class=\"envira-gallery-position-overlay  envira-gallery-bottom-left\"><\/div><div class=\"envira-gallery-position-overlay  envira-gallery-bottom-right\"><\/div><a href=\"https:\/\/www.der-mopedladen.de\/wp-content\/uploads\/2025\/12\/Benelli-TRK-502-X-blau-geb-07.jpg\" class=\"envira-gallery-23111 envira-gallery-link\" rel=\"enviragallery23111\" title=\"TRK 502 X blau 07\" data-envira-caption=\"TRK 502 X blau 07\" data-envira-retina=\"\" data-thumbnail=\"\"  itemprop=\"contentUrl\"><img decoding=\"async\" id=\"envira-gallery-image-23106\" class=\"envira-gallery-image envira-gallery-image-9 envira-normal envira-lazy\" data-envira-index=\"9\" src=\"https:\/\/www.der-mopedladen.de\/wp-content\/uploads\/2025\/12\/Benelli-TRK-502-X-blau-geb-07-768x1024-640x480.jpg\" data-envira-src=\"https:\/\/www.der-mopedladen.de\/wp-content\/uploads\/2025\/12\/Benelli-TRK-502-X-blau-geb-07-768x1024-640x480.jpg\" data-envira-gallery-id=\"23111\" data-envira-item-id=\"23106\" data-envira-caption=\"TRK 502 X blau 07\" alt=\"\" title=\"TRK 502 X blau 07\"  itemprop=\"thumbnailUrl\" data-envira-srcset=\"https:\/\/www.der-mopedladen.de\/wp-content\/uploads\/2025\/12\/Benelli-TRK-502-X-blau-geb-07-768x1024-640x480.jpg 400w,https:\/\/www.der-mopedladen.de\/wp-content\/uploads\/2025\/12\/Benelli-TRK-502-X-blau-geb-07-768x1024-640x480.jpg 2x\" data-envira-width=\"225\" data-envira-height=\"300\" srcset=\"data:image\/gif;base64,R0lGODlhAQABAIAAAP\/\/\/\/\/\/\/yH5BAEKAAEALAAAAAABAAEAAAICTAEAOw==\" data-safe-src=\"data:image\/gif;base64,R0lGODlhAQABAIAAAP\/\/\/\/\/\/\/yH5BAEKAAEALAAAAAABAAEAAAICTAEAOw==\" \/><\/a><\/div><\/div><div id=\"envira-gallery-item-23100\" class=\"envira-gallery-item enviratope-item envira-gallery-item-10 envira-lazy-load\" style=\"padding-left: 5px; padding-bottom: 10px; padding-right: 5px;\"  itemscope itemtype=\"https:\/\/schema.org\/ImageObject\"><div class=\"envira-gallery-item-inner\"><div class=\"envira-gallery-position-overlay  envira-gallery-top-left\"><\/div><div class=\"envira-gallery-position-overlay  envira-gallery-top-right\"><\/div><div class=\"envira-gallery-position-overlay  envira-gallery-bottom-left\"><\/div><div class=\"envira-gallery-position-overlay  envira-gallery-bottom-right\"><\/div><a href=\"https:\/\/www.der-mopedladen.de\/wp-content\/uploads\/2025\/12\/Benelli-TRK-502-X-blau-geb-01.jpg\" class=\"envira-gallery-23111 envira-gallery-link\" rel=\"enviragallery23111\" title=\"TRK 502 X blau 01\" data-envira-caption=\"TRK 502 X blau 01\" data-envira-retina=\"\" data-thumbnail=\"\"  itemprop=\"contentUrl\"><img decoding=\"async\" id=\"envira-gallery-image-23100\" class=\"envira-gallery-image envira-gallery-image-10 envira-normal envira-lazy\" data-envira-index=\"10\" src=\"https:\/\/www.der-mopedladen.de\/wp-content\/uploads\/2025\/12\/Benelli-TRK-502-X-blau-geb-01-768x1024-640x480.jpg\" data-envira-src=\"https:\/\/www.der-mopedladen.de\/wp-content\/uploads\/2025\/12\/Benelli-TRK-502-X-blau-geb-01-768x1024-640x480.jpg\" data-envira-gallery-id=\"23111\" data-envira-item-id=\"23100\" data-envira-caption=\"TRK 502 X blau 01\" alt=\"\" title=\"TRK 502 X blau 01\"  itemprop=\"thumbnailUrl\" data-envira-srcset=\"https:\/\/www.der-mopedladen.de\/wp-content\/uploads\/2025\/12\/Benelli-TRK-502-X-blau-geb-01-768x1024-640x480.jpg 400w,https:\/\/www.der-mopedladen.de\/wp-content\/uploads\/2025\/12\/Benelli-TRK-502-X-blau-geb-01-768x1024-640x480.jpg 2x\" data-envira-width=\"225\" data-envira-height=\"300\" srcset=\"data:image\/gif;base64,R0lGODlhAQABAIAAAP\/\/\/\/\/\/\/yH5BAEKAAEALAAAAAABAAEAAAICTAEAOw==\" data-safe-src=\"data:image\/gif;base64,R0lGODlhAQABAIAAAP\/\/\/\/\/\/\/yH5BAEKAAEALAAAAAABAAEAAAICTAEAOw==\" \/><\/a><\/div><\/div><\/div><\/div><noscript><img decoding=\"async\" src=\"https:\/\/www.der-mopedladen.de\/wp-content\/uploads\/2025\/12\/Benelli-TRK-502-X-blau-geb-02.jpg\" alt=\"\" \/><img decoding=\"async\" src=\"https:\/\/www.der-mopedladen.de\/wp-content\/uploads\/2025\/12\/Benelli-TRK-502-X-blau-geb-06.jpg\" alt=\"\" \/><img decoding=\"async\" src=\"https:\/\/www.der-mopedladen.de\/wp-content\/uploads\/2025\/12\/Benelli-TRK-502-X-blau-geb-03.jpg\" alt=\"\" \/><img decoding=\"async\" src=\"https:\/\/www.der-mopedladen.de\/wp-content\/uploads\/2025\/12\/Benelli-TRK-502-X-blau-geb-10.jpg\" alt=\"\" \/><img decoding=\"async\" src=\"https:\/\/www.der-mopedladen.de\/wp-content\/uploads\/2025\/12\/Benelli-TRK-502-X-blau-geb-04.jpg\" alt=\"\" \/><img decoding=\"async\" src=\"https:\/\/www.der-mopedladen.de\/wp-content\/uploads\/2025\/12\/Benelli-TRK-502-X-blau-geb-09.jpg\" alt=\"\" \/><img decoding=\"async\" src=\"https:\/\/www.der-mopedladen.de\/wp-content\/uploads\/2025\/12\/Benelli-TRK-502-X-blau-geb-05.jpg\" alt=\"\" \/><img decoding=\"async\" src=\"https:\/\/www.der-mopedladen.de\/wp-content\/uploads\/2025\/12\/Benelli-TRK-502-X-blau-geb-11.jpg\" alt=\"\" \/><img decoding=\"async\" src=\"https:\/\/www.der-mopedladen.de\/wp-content\/uploads\/2025\/12\/Benelli-TRK-502-X-blau-geb-07.jpg\" alt=\"\" \/><img decoding=\"async\" src=\"https:\/\/www.der-mopedladen.de\/wp-content\/uploads\/2025\/12\/Benelli-TRK-502-X-blau-geb-01.jpg\" alt=\"\" \/><\/noscript>\n","protected":false},"excerpt":{"rendered":"<p>Unsere Benelli TRK 502 X ist aus erster Hand. Das Motorrad in elegantem dunkelblau ist scheckheftgepflegt und hat noch Restgarantie bis April 2026. Die Benelli\u2026<\/p>\n<p class=\"continue-reading-button\"> <a class=\"continue-reading-link\" href=\"https:\/\/www.der-mopedladen.de\/?p=23112\">Mehr Informationen<i class=\"crycon-right-dir\"><\/i><\/a><\/p>\n","protected":false},"author":2,"featured_media":23101,"comment_status":"closed","ping_status":"closed","sticky":false,"template":"","format":"standard","meta":{"footnotes":""},"categories":[26],"tags":[8,44,37,32,39],"class_list":["post-23112","post","type-post","status-publish","format-standard","has-post-thumbnail","hentry","category-gebrauchtfahrzeuge","tag-abs","tag-benelli","tag-einspritzung","tag-guenstig","tag-motorrad"],"yoast_head":"<!-- This site is optimized with the Yoast SEO plugin v25.7 - https:\/\/yoast.com\/wordpress\/plugins\/seo\/ -->\n<title>Benelli TRK 502 X . . . . . . . Verkauft! -<\/title>\n<meta name=\"description\" content=\"Unsere h\u00fcbsche dunkelblaue Benelli TRK 502 X ist aus erster Hand und scheckheftgepflegt. Restgarantie bis April 2026 hat sie auch noch.\" \/>\n<meta name=\"robots\" content=\"index, follow, max-snippet:-1, max-image-preview:large, max-video-preview:-1\" \/>\n<link rel=\"canonical\" href=\"https:\/\/www.der-mopedladen.de\/?p=23112\" \/>\n<meta property=\"og:locale\" content=\"de_DE\" \/>\n<meta property=\"og:type\" content=\"article\" \/>\n<meta property=\"og:title\" content=\"Benelli TRK 502 X . . . . . . . Verkauft! -\" \/>\n<meta property=\"og:description\" content=\"Unsere h\u00fcbsche dunkelblaue Benelli TRK 502 X ist aus erster Hand und scheckheftgepflegt. Restgarantie bis April 2026 hat sie auch noch.\" \/>\n<meta property=\"og:url\" content=\"https:\/\/www.der-mopedladen.de\/?p=23112\" \/>\n<meta property=\"article:published_time\" content=\"2026-03-21T10:00:14+00:00\" \/>\n<meta property=\"article:modified_time\" content=\"2026-04-29T12:52:36+00:00\" \/>\n<meta property=\"og:image\" content=\"https:\/\/www.der-mopedladen.de\/wp-content\/uploads\/2025\/12\/Benelli-TRK-502-X-blau-geb-02.jpg\" \/>\n\t<meta property=\"og:image:width\" content=\"2560\" \/>\n\t<meta property=\"og:image:height\" content=\"1920\" \/>\n\t<meta property=\"og:image:type\" content=\"image\/jpeg\" \/>\n<meta name=\"author\" content=\"Carsten Maluche\" \/>\n<meta name=\"twitter:card\" content=\"summary_large_image\" \/>\n<meta name=\"twitter:label1\" content=\"Verfasst von\" \/>\n\t<meta name=\"twitter:data1\" content=\"Carsten Maluche\" \/>\n\t<meta name=\"twitter:label2\" content=\"Gesch\u00e4tzte Lesezeit\" \/>\n\t<meta name=\"twitter:data2\" content=\"1\u00a0Minute\" \/>\n<script type=\"application\/ld+json\" class=\"yoast-schema-graph\">{\"@context\":\"https:\/\/schema.org\",\"@graph\":[{\"@type\":\"Article\",\"@id\":\"https:\/\/www.der-mopedladen.de\/?p=23112#article\",\"isPartOf\":{\"@id\":\"https:\/\/www.der-mopedladen.de\/?p=23112\"},\"author\":{\"name\":\"Carsten Maluche\",\"@id\":\"https:\/\/www.der-mopedladen.de\/#\/schema\/person\/4d0c0c9ed7d36464398049539cfdc1c0\"},\"headline\":\"Benelli TRK 502 X . . . . . . . Verkauft!\",\"datePublished\":\"2026-03-21T10:00:14+00:00\",\"dateModified\":\"2026-04-29T12:52:36+00:00\",\"mainEntityOfPage\":{\"@id\":\"https:\/\/www.der-mopedladen.de\/?p=23112\"},\"wordCount\":108,\"publisher\":{\"@id\":\"https:\/\/www.der-mopedladen.de\/#organization\"},\"image\":{\"@id\":\"https:\/\/www.der-mopedladen.de\/?p=23112#primaryimage\"},\"thumbnailUrl\":\"https:\/\/www.der-mopedladen.de\/wp-content\/uploads\/2025\/12\/Benelli-TRK-502-X-blau-geb-02.jpg\",\"keywords\":[\"ABS\",\"Benelli\",\"Einspritzung\",\"G\u00fcnstig\",\"Motorrad\"],\"articleSection\":[\"Gebrauchtfahrzeuge\"],\"inLanguage\":\"de\"},{\"@type\":\"WebPage\",\"@id\":\"https:\/\/www.der-mopedladen.de\/?p=23112\",\"url\":\"https:\/\/www.der-mopedladen.de\/?p=23112\",\"name\":\"Benelli TRK 502 X . . . . . . . Verkauft! -\",\"isPartOf\":{\"@id\":\"https:\/\/www.der-mopedladen.de\/#website\"},\"primaryImageOfPage\":{\"@id\":\"https:\/\/www.der-mopedladen.de\/?p=23112#primaryimage\"},\"image\":{\"@id\":\"https:\/\/www.der-mopedladen.de\/?p=23112#primaryimage\"},\"thumbnailUrl\":\"https:\/\/www.der-mopedladen.de\/wp-content\/uploads\/2025\/12\/Benelli-TRK-502-X-blau-geb-02.jpg\",\"datePublished\":\"2026-03-21T10:00:14+00:00\",\"dateModified\":\"2026-04-29T12:52:36+00:00\",\"description\":\"Unsere h\u00fcbsche dunkelblaue Benelli TRK 502 X ist aus erster Hand und scheckheftgepflegt. Restgarantie bis April 2026 hat sie auch noch.\",\"breadcrumb\":{\"@id\":\"https:\/\/www.der-mopedladen.de\/?p=23112#breadcrumb\"},\"inLanguage\":\"de\",\"potentialAction\":[{\"@type\":\"ReadAction\",\"target\":[\"https:\/\/www.der-mopedladen.de\/?p=23112\"]}]},{\"@type\":\"ImageObject\",\"inLanguage\":\"de\",\"@id\":\"https:\/\/www.der-mopedladen.de\/?p=23112#primaryimage\",\"url\":\"https:\/\/www.der-mopedladen.de\/wp-content\/uploads\/2025\/12\/Benelli-TRK-502-X-blau-geb-02.jpg\",\"contentUrl\":\"https:\/\/www.der-mopedladen.de\/wp-content\/uploads\/2025\/12\/Benelli-TRK-502-X-blau-geb-02.jpg\",\"width\":2560,\"height\":1920},{\"@type\":\"BreadcrumbList\",\"@id\":\"https:\/\/www.der-mopedladen.de\/?p=23112#breadcrumb\",\"itemListElement\":[{\"@type\":\"ListItem\",\"position\":1,\"name\":\"Startseite\",\"item\":\"https:\/\/www.der-mopedladen.de\/\"},{\"@type\":\"ListItem\",\"position\":2,\"name\":\"Benelli TRK 502 X . . . . . . . Verkauft!\"}]},{\"@type\":\"WebSite\",\"@id\":\"https:\/\/www.der-mopedladen.de\/#website\",\"url\":\"https:\/\/www.der-mopedladen.de\/\",\"name\":\"\",\"description\":\"\",\"publisher\":{\"@id\":\"https:\/\/www.der-mopedladen.de\/#organization\"},\"potentialAction\":[{\"@type\":\"SearchAction\",\"target\":{\"@type\":\"EntryPoint\",\"urlTemplate\":\"https:\/\/www.der-mopedladen.de\/?s={search_term_string}\"},\"query-input\":{\"@type\":\"PropertyValueSpecification\",\"valueRequired\":true,\"valueName\":\"search_term_string\"}}],\"inLanguage\":\"de\"},{\"@type\":\"Organization\",\"@id\":\"https:\/\/www.der-mopedladen.de\/#organization\",\"name\":\"Der Mopedladen OHG\",\"url\":\"https:\/\/www.der-mopedladen.de\/\",\"logo\":{\"@type\":\"ImageObject\",\"inLanguage\":\"de\",\"@id\":\"https:\/\/www.der-mopedladen.de\/#\/schema\/logo\/image\/\",\"url\":\"https:\/\/www.der-mopedladen.de\/wp-content\/uploads\/2021\/04\/Logo-DerMopedladen_ZW_CMYK-50x36mm.jpg\",\"contentUrl\":\"https:\/\/www.der-mopedladen.de\/wp-content\/uploads\/2021\/04\/Logo-DerMopedladen_ZW_CMYK-50x36mm.jpg\",\"width\":602,\"height\":437,\"caption\":\"Der Mopedladen OHG\"},\"image\":{\"@id\":\"https:\/\/www.der-mopedladen.de\/#\/schema\/logo\/image\/\"}},{\"@type\":\"Person\",\"@id\":\"https:\/\/www.der-mopedladen.de\/#\/schema\/person\/4d0c0c9ed7d36464398049539cfdc1c0\",\"name\":\"Carsten Maluche\",\"image\":{\"@type\":\"ImageObject\",\"inLanguage\":\"de\",\"@id\":\"https:\/\/www.der-mopedladen.de\/#\/schema\/person\/image\/\",\"url\":\"https:\/\/secure.gravatar.com\/avatar\/a535b4a133389f55485f0a633a5968f3d69e644503b1fed0e6aa81083975d04a?s=96&d=mm&r=g\",\"contentUrl\":\"https:\/\/secure.gravatar.com\/avatar\/a535b4a133389f55485f0a633a5968f3d69e644503b1fed0e6aa81083975d04a?s=96&d=mm&r=g\",\"caption\":\"Carsten Maluche\"}}]}<\/script>\n<!-- \/ Yoast SEO plugin. -->","yoast_head_json":{"title":"Benelli TRK 502 X . . . . . . . Verkauft! -","description":"Unsere h\u00fcbsche dunkelblaue Benelli TRK 502 X ist aus erster Hand und scheckheftgepflegt. Restgarantie bis April 2026 hat sie auch noch.","robots":{"index":"index","follow":"follow","max-snippet":"max-snippet:-1","max-image-preview":"max-image-preview:large","max-video-preview":"max-video-preview:-1"},"canonical":"https:\/\/www.der-mopedladen.de\/?p=23112","og_locale":"de_DE","og_type":"article","og_title":"Benelli TRK 502 X . . . . . . . Verkauft! -","og_description":"Unsere h\u00fcbsche dunkelblaue Benelli TRK 502 X ist aus erster Hand und scheckheftgepflegt. Restgarantie bis April 2026 hat sie auch noch.","og_url":"https:\/\/www.der-mopedladen.de\/?p=23112","article_published_time":"2026-03-21T10:00:14+00:00","article_modified_time":"2026-04-29T12:52:36+00:00","og_image":[{"width":2560,"height":1920,"url":"https:\/\/www.der-mopedladen.de\/wp-content\/uploads\/2025\/12\/Benelli-TRK-502-X-blau-geb-02.jpg","type":"image\/jpeg"}],"author":"Carsten Maluche","twitter_card":"summary_large_image","twitter_misc":{"Verfasst von":"Carsten Maluche","Gesch\u00e4tzte Lesezeit":"1\u00a0Minute"},"schema":{"@context":"https:\/\/schema.org","@graph":[{"@type":"Article","@id":"https:\/\/www.der-mopedladen.de\/?p=23112#article","isPartOf":{"@id":"https:\/\/www.der-mopedladen.de\/?p=23112"},"author":{"name":"Carsten Maluche","@id":"https:\/\/www.der-mopedladen.de\/#\/schema\/person\/4d0c0c9ed7d36464398049539cfdc1c0"},"headline":"Benelli TRK 502 X . . . . . . . Verkauft!","datePublished":"2026-03-21T10:00:14+00:00","dateModified":"2026-04-29T12:52:36+00:00","mainEntityOfPage":{"@id":"https:\/\/www.der-mopedladen.de\/?p=23112"},"wordCount":108,"publisher":{"@id":"https:\/\/www.der-mopedladen.de\/#organization"},"image":{"@id":"https:\/\/www.der-mopedladen.de\/?p=23112#primaryimage"},"thumbnailUrl":"https:\/\/www.der-mopedladen.de\/wp-content\/uploads\/2025\/12\/Benelli-TRK-502-X-blau-geb-02.jpg","keywords":["ABS","Benelli","Einspritzung","G\u00fcnstig","Motorrad"],"articleSection":["Gebrauchtfahrzeuge"],"inLanguage":"de"},{"@type":"WebPage","@id":"https:\/\/www.der-mopedladen.de\/?p=23112","url":"https:\/\/www.der-mopedladen.de\/?p=23112","name":"Benelli TRK 502 X . . . . . . . Verkauft! -","isPartOf":{"@id":"https:\/\/www.der-mopedladen.de\/#website"},"primaryImageOfPage":{"@id":"https:\/\/www.der-mopedladen.de\/?p=23112#primaryimage"},"image":{"@id":"https:\/\/www.der-mopedladen.de\/?p=23112#primaryimage"},"thumbnailUrl":"https:\/\/www.der-mopedladen.de\/wp-content\/uploads\/2025\/12\/Benelli-TRK-502-X-blau-geb-02.jpg","datePublished":"2026-03-21T10:00:14+00:00","dateModified":"2026-04-29T12:52:36+00:00","description":"Unsere h\u00fcbsche dunkelblaue Benelli TRK 502 X ist aus erster Hand und scheckheftgepflegt. Restgarantie bis April 2026 hat sie auch noch.","breadcrumb":{"@id":"https:\/\/www.der-mopedladen.de\/?p=23112#breadcrumb"},"inLanguage":"de","potentialAction":[{"@type":"ReadAction","target":["https:\/\/www.der-mopedladen.de\/?p=23112"]}]},{"@type":"ImageObject","inLanguage":"de","@id":"https:\/\/www.der-mopedladen.de\/?p=23112#primaryimage","url":"https:\/\/www.der-mopedladen.de\/wp-content\/uploads\/2025\/12\/Benelli-TRK-502-X-blau-geb-02.jpg","contentUrl":"https:\/\/www.der-mopedladen.de\/wp-content\/uploads\/2025\/12\/Benelli-TRK-502-X-blau-geb-02.jpg","width":2560,"height":1920},{"@type":"BreadcrumbList","@id":"https:\/\/www.der-mopedladen.de\/?p=23112#breadcrumb","itemListElement":[{"@type":"ListItem","position":1,"name":"Startseite","item":"https:\/\/www.der-mopedladen.de\/"},{"@type":"ListItem","position":2,"name":"Benelli TRK 502 X . . . . . . . Verkauft!"}]},{"@type":"WebSite","@id":"https:\/\/www.der-mopedladen.de\/#website","url":"https:\/\/www.der-mopedladen.de\/","name":"","description":"","publisher":{"@id":"https:\/\/www.der-mopedladen.de\/#organization"},"potentialAction":[{"@type":"SearchAction","target":{"@type":"EntryPoint","urlTemplate":"https:\/\/www.der-mopedladen.de\/?s={search_term_string}"},"query-input":{"@type":"PropertyValueSpecification","valueRequired":true,"valueName":"search_term_string"}}],"inLanguage":"de"},{"@type":"Organization","@id":"https:\/\/www.der-mopedladen.de\/#organization","name":"Der Mopedladen OHG","url":"https:\/\/www.der-mopedladen.de\/","logo":{"@type":"ImageObject","inLanguage":"de","@id":"https:\/\/www.der-mopedladen.de\/#\/schema\/logo\/image\/","url":"https:\/\/www.der-mopedladen.de\/wp-content\/uploads\/2021\/04\/Logo-DerMopedladen_ZW_CMYK-50x36mm.jpg","contentUrl":"https:\/\/www.der-mopedladen.de\/wp-content\/uploads\/2021\/04\/Logo-DerMopedladen_ZW_CMYK-50x36mm.jpg","width":602,"height":437,"caption":"Der Mopedladen OHG"},"image":{"@id":"https:\/\/www.der-mopedladen.de\/#\/schema\/logo\/image\/"}},{"@type":"Person","@id":"https:\/\/www.der-mopedladen.de\/#\/schema\/person\/4d0c0c9ed7d36464398049539cfdc1c0","name":"Carsten Maluche","image":{"@type":"ImageObject","inLanguage":"de","@id":"https:\/\/www.der-mopedladen.de\/#\/schema\/person\/image\/","url":"https:\/\/secure.gravatar.com\/avatar\/a535b4a133389f55485f0a633a5968f3d69e644503b1fed0e6aa81083975d04a?s=96&d=mm&r=g","contentUrl":"https:\/\/secure.gravatar.com\/avatar\/a535b4a133389f55485f0a633a5968f3d69e644503b1fed0e6aa81083975d04a?s=96&d=mm&r=g","caption":"Carsten Maluche"}}]}},"_links":{"self":[{"href":"https:\/\/www.der-mopedladen.de\/index.php?rest_route=\/wp\/v2\/posts\/23112","targetHints":{"allow":["GET"]}}],"collection":[{"href":"https:\/\/www.der-mopedladen.de\/index.php?rest_route=\/wp\/v2\/posts"}],"about":[{"href":"https:\/\/www.der-mopedladen.de\/index.php?rest_route=\/wp\/v2\/types\/post"}],"author":[{"embeddable":true,"href":"https:\/\/www.der-mopedladen.de\/index.php?rest_route=\/wp\/v2\/users\/2"}],"replies":[{"embeddable":true,"href":"https:\/\/www.der-mopedladen.de\/index.php?rest_route=%2Fwp%2Fv2%2Fcomments&post=23112"}],"version-history":[{"count":5,"href":"https:\/\/www.der-mopedladen.de\/index.php?rest_route=\/wp\/v2\/posts\/23112\/revisions"}],"predecessor-version":[{"id":23558,"href":"https:\/\/www.der-mopedladen.de\/index.php?rest_route=\/wp\/v2\/posts\/23112\/revisions\/23558"}],"wp:featuredmedia":[{"embeddable":true,"href":"https:\/\/www.der-mopedladen.de\/index.php?rest_route=\/wp\/v2\/media\/23101"}],"wp:attachment":[{"href":"https:\/\/www.der-mopedladen.de\/index.php?rest_route=%2Fwp%2Fv2%2Fmedia&parent=23112"}],"wp:term":[{"taxonomy":"category","embeddable":true,"href":"https:\/\/www.der-mopedladen.de\/index.php?rest_route=%2Fwp%2Fv2%2Fcategories&post=23112"},{"taxonomy":"post_tag","embeddable":true,"href":"https:\/\/www.der-mopedladen.de\/index.php?rest_route=%2Fwp%2Fv2%2Ftags&post=23112"}],"curies":[{"name":"wp","href":"https:\/\/api.w.org\/{rel}","templated":true}]}}