{"id":22934,"date":"2025-03-20T14:27:54","date_gmt":"2025-03-20T13:27:54","guid":{"rendered":"https:\/\/www.der-mopedladen.de\/?p=22934"},"modified":"2025-11-20T14:28:38","modified_gmt":"2025-11-20T13:28:38","slug":"benda-lfc-700-pro","status":"publish","type":"post","link":"https:\/\/www.der-mopedladen.de\/?p=22934","title":{"rendered":"Benda LFC 700 pro . . . . . . . 12999 \u20ac"},"content":{"rendered":"<div id=\"c4020\" class=\"csc-default csc-space\">\n<div id=\"c4020\" class=\"csc-default csc-space\">\n<p>Die Benda LFC 700 pro ist ein Eyecatcher ohnegleichen: Ultrafetter 300er Schlappen hinten, und 4-Zylinderpower gepaart mit einer Brembobremsanlage, die sich auch an Sportmotorr\u00e4dern gut machen w\u00fcrde. Das macht Eindruck und definiert den Powercruiser neu! Im Vergleich zur &#8222;normalen&#8220; LFC kommt die Pro-Variante mit h\u00f6henverstellbarem Luftfahrwerk hinten und dem 300er Hinterradreifen. Au\u00dferdem ist der K\u00fchler gr\u00f6\u00dfer, der Auspuff leicht ge\u00e4ndert und die ber\u00fchmten Zusatzscheinwerfer sind zwar verbaut, jedoch nicht funktionsf\u00e4hig.<\/p>\n<ul>\n<li>Einzigartiges Konzept<\/li>\n<li>300er Hinterradreifen<\/li>\n<li>Komplette LED Beleuchtung<\/li>\n<li>Luftfahrwerk hinten<\/li>\n<li>radiale 4-Kolben Brembo Bremsanlage mit ABS<\/li>\n<li>Zusatzscheinwerfer verbaut, aber nicht funktionsf\u00e4hig<\/li>\n<li class=\"bodytext\">Preis zzgl. 350 \u20ac Nebenkosten!<\/li>\n<\/ul>\n<div id=\"c4026\" class=\"csc-default csc-space\">\n<div class=\"csc-header csc-header-n1\">\n<h3>Fahrzeugdetails<\/h3>\n<\/div>\n<table class=\"fahrzeugdaten\" style=\"width: 100%;\">\n<tbody>\n<tr>\n<td style=\"width: 40.3571%;\">F\u00fchrerschein<\/td>\n<td style=\"width: 58.6905%;\">A<\/td>\n<\/tr>\n<tr>\n<td style=\"width: 40.3571%;\">Leistung<\/td>\n<td style=\"width: 58.6905%;\">63 kW \/ 86 PS<\/td>\n<\/tr>\n<tr>\n<td style=\"width: 40.3571%;\">Sitzh\u00f6he<\/td>\n<td style=\"width: 58.6905%;\">695 mm<\/td>\n<\/tr>\n<tr>\n<td style=\"width: 40.3571%;\">H\u00f6chstgeschwindigkeit<\/td>\n<td style=\"width: 58.6905%;\">160 km\/h<\/td>\n<\/tr>\n<tr>\n<td style=\"width: 40.3571%;\">Leer-\/Gesamtgewicht<\/td>\n<td style=\"width: 58.6905%;\">295 kg (fahrbereit) \/ 467 kg<\/td>\n<\/tr>\n<tr>\n<td style=\"width: 40.3571%;\">Farben<\/td>\n<td style=\"width: 58.6905%;\">Schwarz-Gold, Schwarz-Silber<\/td>\n<\/tr>\n<\/tbody>\n<\/table>\n<\/div>\n<div class=\"finanzierungsWrap\">\n<div id=\"c4019\" class=\"csc-default csc-space\">\n<div class=\"csc-header csc-header-n1\">\n<h3>Finanzierung<\/h3>\n<\/div>\n<table class=\"fahrzeugdaten\">\n<tbody>\n<tr>\n<td>Finanzierung \u00fcber Creditplus-Bank m\u00f6glich!<\/td>\n<td><\/td>\n<\/tr>\n<\/tbody>\n<\/table>\n<\/div>\n<\/div>\n<\/div>\n<\/div>\n<div id=\"envira-gallery-wrap-22933\" class=\"envira-gallery-wrap envira-gallery-theme-base envira-lightbox-theme-base\" itemscope itemtype=\"https:\/\/schema.org\/ImageGallery\"><div data-row-height=\"150\" data-gallery-theme=\"normal\" id=\"envira-gallery-22933\" class=\"envira-gallery-public envira-gallery-justified-public envira-gallery-0-columns envira-clear enviratope envira-gallery-css-animations\" data-envira-columns=\"0\"><div id=\"envira-gallery-item-22881\" class=\"envira-gallery-item enviratope-item envira-gallery-item-1 envira-lazy-load\" style=\"padding-left: 5px; padding-bottom: 10px; padding-right: 5px;\"  itemscope itemtype=\"https:\/\/schema.org\/ImageObject\"><div class=\"envira-gallery-item-inner\"><div class=\"envira-gallery-position-overlay  envira-gallery-top-left\"><\/div><div class=\"envira-gallery-position-overlay  envira-gallery-top-right\"><\/div><div class=\"envira-gallery-position-overlay  envira-gallery-bottom-left\"><\/div><div class=\"envira-gallery-position-overlay  envira-gallery-bottom-right\"><\/div><a href=\"https:\/\/www.der-mopedladen.de\/wp-content\/uploads\/2025\/11\/LFC-700-Pro-01.jpg\" class=\"envira-gallery-22933 envira-gallery-link\" rel=\"enviragallery22933\" title=\"LFC 700 Pro 01\" data-envira-caption=\"LFC 700 Pro 01\" data-envira-retina=\"\" data-thumbnail=\"\"  itemprop=\"contentUrl\"><img decoding=\"async\" id=\"envira-gallery-image-22881\" class=\"envira-gallery-image envira-gallery-image-1 envira-normal envira-lazy\" data-envira-index=\"1\" src=\"https:\/\/www.der-mopedladen.de\/wp-content\/uploads\/2025\/11\/LFC-700-Pro-01-1024x683-640x480.jpg\" data-envira-src=\"https:\/\/www.der-mopedladen.de\/wp-content\/uploads\/2025\/11\/LFC-700-Pro-01-1024x683-640x480.jpg\" data-envira-gallery-id=\"22933\" data-envira-item-id=\"22881\" data-envira-caption=\"LFC 700 Pro 01\" alt=\"\" title=\"LFC 700 Pro 01\"  itemprop=\"thumbnailUrl\" data-envira-srcset=\"https:\/\/www.der-mopedladen.de\/wp-content\/uploads\/2025\/11\/LFC-700-Pro-01-1024x683-640x480.jpg 400w,https:\/\/www.der-mopedladen.de\/wp-content\/uploads\/2025\/11\/LFC-700-Pro-01-1024x683-640x480.jpg 2x\" data-envira-width=\"300\" data-envira-height=\"200\" srcset=\"data:image\/gif;base64,R0lGODlhAQABAIAAAP\/\/\/\/\/\/\/yH5BAEKAAEALAAAAAABAAEAAAICTAEAOw==\" data-safe-src=\"data:image\/gif;base64,R0lGODlhAQABAIAAAP\/\/\/\/\/\/\/yH5BAEKAAEALAAAAAABAAEAAAICTAEAOw==\" \/><\/a><\/div><\/div><div id=\"envira-gallery-item-22931\" class=\"envira-gallery-item enviratope-item envira-gallery-item-2 envira-lazy-load\" style=\"padding-left: 5px; padding-bottom: 10px; padding-right: 5px;\"  itemscope itemtype=\"https:\/\/schema.org\/ImageObject\"><div class=\"envira-gallery-item-inner\"><div class=\"envira-gallery-position-overlay  envira-gallery-top-left\"><\/div><div class=\"envira-gallery-position-overlay  envira-gallery-top-right\"><\/div><div class=\"envira-gallery-position-overlay  envira-gallery-bottom-left\"><\/div><div class=\"envira-gallery-position-overlay  envira-gallery-bottom-right\"><\/div><a href=\"https:\/\/www.der-mopedladen.de\/wp-content\/uploads\/2025\/11\/LFC-700-Pro-85.jpg\" class=\"envira-gallery-22933 envira-gallery-link\" rel=\"enviragallery22933\" title=\"LFC 700 Pro 85\" data-envira-caption=\"LFC 700 Pro 85\" data-envira-retina=\"\" data-thumbnail=\"\"  itemprop=\"contentUrl\"><img decoding=\"async\" id=\"envira-gallery-image-22931\" class=\"envira-gallery-image envira-gallery-image-2 envira-normal envira-lazy\" data-envira-index=\"2\" src=\"https:\/\/www.der-mopedladen.de\/wp-content\/uploads\/2025\/11\/LFC-700-Pro-85-683x1024-640x480.jpg\" data-envira-src=\"https:\/\/www.der-mopedladen.de\/wp-content\/uploads\/2025\/11\/LFC-700-Pro-85-683x1024-640x480.jpg\" data-envira-gallery-id=\"22933\" data-envira-item-id=\"22931\" data-envira-caption=\"LFC 700 Pro 85\" alt=\"\" title=\"LFC 700 Pro 85\"  itemprop=\"thumbnailUrl\" data-envira-srcset=\"https:\/\/www.der-mopedladen.de\/wp-content\/uploads\/2025\/11\/LFC-700-Pro-85-683x1024-640x480.jpg 400w,https:\/\/www.der-mopedladen.de\/wp-content\/uploads\/2025\/11\/LFC-700-Pro-85-683x1024-640x480.jpg 2x\" data-envira-width=\"200\" data-envira-height=\"300\" srcset=\"data:image\/gif;base64,R0lGODlhAQABAIAAAP\/\/\/\/\/\/\/yH5BAEKAAEALAAAAAABAAEAAAICTAEAOw==\" data-safe-src=\"data:image\/gif;base64,R0lGODlhAQABAIAAAP\/\/\/\/\/\/\/yH5BAEKAAEALAAAAAABAAEAAAICTAEAOw==\" \/><\/a><\/div><\/div><div id=\"envira-gallery-item-22930\" class=\"envira-gallery-item enviratope-item envira-gallery-item-3 envira-lazy-load\" style=\"padding-left: 5px; padding-bottom: 10px; padding-right: 5px;\"  itemscope itemtype=\"https:\/\/schema.org\/ImageObject\"><div class=\"envira-gallery-item-inner\"><div class=\"envira-gallery-position-overlay  envira-gallery-top-left\"><\/div><div class=\"envira-gallery-position-overlay  envira-gallery-top-right\"><\/div><div class=\"envira-gallery-position-overlay  envira-gallery-bottom-left\"><\/div><div class=\"envira-gallery-position-overlay  envira-gallery-bottom-right\"><\/div><a href=\"https:\/\/www.der-mopedladen.de\/wp-content\/uploads\/2025\/11\/LFC-700-Pro-83.jpg\" class=\"envira-gallery-22933 envira-gallery-link\" rel=\"enviragallery22933\" title=\"LFC 700 Pro 83\" data-envira-caption=\"LFC 700 Pro 83\" data-envira-retina=\"\" data-thumbnail=\"\"  itemprop=\"contentUrl\"><img decoding=\"async\" id=\"envira-gallery-image-22930\" class=\"envira-gallery-image envira-gallery-image-3 envira-normal envira-lazy\" data-envira-index=\"3\" src=\"https:\/\/www.der-mopedladen.de\/wp-content\/uploads\/2025\/11\/LFC-700-Pro-83-1024x683-640x480.jpg\" data-envira-src=\"https:\/\/www.der-mopedladen.de\/wp-content\/uploads\/2025\/11\/LFC-700-Pro-83-1024x683-640x480.jpg\" data-envira-gallery-id=\"22933\" data-envira-item-id=\"22930\" data-envira-caption=\"LFC 700 Pro 83\" alt=\"\" title=\"LFC 700 Pro 83\"  itemprop=\"thumbnailUrl\" data-envira-srcset=\"https:\/\/www.der-mopedladen.de\/wp-content\/uploads\/2025\/11\/LFC-700-Pro-83-1024x683-640x480.jpg 400w,https:\/\/www.der-mopedladen.de\/wp-content\/uploads\/2025\/11\/LFC-700-Pro-83-1024x683-640x480.jpg 2x\" data-envira-width=\"300\" data-envira-height=\"200\" srcset=\"data:image\/gif;base64,R0lGODlhAQABAIAAAP\/\/\/\/\/\/\/yH5BAEKAAEALAAAAAABAAEAAAICTAEAOw==\" data-safe-src=\"data:image\/gif;base64,R0lGODlhAQABAIAAAP\/\/\/\/\/\/\/yH5BAEKAAEALAAAAAABAAEAAAICTAEAOw==\" \/><\/a><\/div><\/div><div id=\"envira-gallery-item-22928\" class=\"envira-gallery-item enviratope-item envira-gallery-item-4 envira-lazy-load\" style=\"padding-left: 5px; padding-bottom: 10px; padding-right: 5px;\"  itemscope itemtype=\"https:\/\/schema.org\/ImageObject\"><div class=\"envira-gallery-item-inner\"><div class=\"envira-gallery-position-overlay  envira-gallery-top-left\"><\/div><div class=\"envira-gallery-position-overlay  envira-gallery-top-right\"><\/div><div class=\"envira-gallery-position-overlay  envira-gallery-bottom-left\"><\/div><div class=\"envira-gallery-position-overlay  envira-gallery-bottom-right\"><\/div><a href=\"https:\/\/www.der-mopedladen.de\/wp-content\/uploads\/2025\/11\/LFC-700-Pro-79.jpg\" class=\"envira-gallery-22933 envira-gallery-link\" rel=\"enviragallery22933\" title=\"LFC 700 Pro 79\" data-envira-caption=\"LFC 700 Pro 79\" data-envira-retina=\"\" data-thumbnail=\"\"  itemprop=\"contentUrl\"><img decoding=\"async\" id=\"envira-gallery-image-22928\" class=\"envira-gallery-image envira-gallery-image-4 envira-normal envira-lazy\" data-envira-index=\"4\" src=\"https:\/\/www.der-mopedladen.de\/wp-content\/uploads\/2025\/11\/LFC-700-Pro-79-683x1024-640x480.jpg\" data-envira-src=\"https:\/\/www.der-mopedladen.de\/wp-content\/uploads\/2025\/11\/LFC-700-Pro-79-683x1024-640x480.jpg\" data-envira-gallery-id=\"22933\" data-envira-item-id=\"22928\" data-envira-caption=\"LFC 700 Pro 79\" alt=\"\" title=\"LFC 700 Pro 79\"  itemprop=\"thumbnailUrl\" data-envira-srcset=\"https:\/\/www.der-mopedladen.de\/wp-content\/uploads\/2025\/11\/LFC-700-Pro-79-683x1024-640x480.jpg 400w,https:\/\/www.der-mopedladen.de\/wp-content\/uploads\/2025\/11\/LFC-700-Pro-79-683x1024-640x480.jpg 2x\" data-envira-width=\"200\" data-envira-height=\"300\" srcset=\"data:image\/gif;base64,R0lGODlhAQABAIAAAP\/\/\/\/\/\/\/yH5BAEKAAEALAAAAAABAAEAAAICTAEAOw==\" data-safe-src=\"data:image\/gif;base64,R0lGODlhAQABAIAAAP\/\/\/\/\/\/\/yH5BAEKAAEALAAAAAABAAEAAAICTAEAOw==\" \/><\/a><\/div><\/div><div id=\"envira-gallery-item-22926\" class=\"envira-gallery-item enviratope-item envira-gallery-item-5 envira-lazy-load\" style=\"padding-left: 5px; padding-bottom: 10px; padding-right: 5px;\"  itemscope itemtype=\"https:\/\/schema.org\/ImageObject\"><div class=\"envira-gallery-item-inner\"><div class=\"envira-gallery-position-overlay  envira-gallery-top-left\"><\/div><div class=\"envira-gallery-position-overlay  envira-gallery-top-right\"><\/div><div class=\"envira-gallery-position-overlay  envira-gallery-bottom-left\"><\/div><div class=\"envira-gallery-position-overlay  envira-gallery-bottom-right\"><\/div><a href=\"https:\/\/www.der-mopedladen.de\/wp-content\/uploads\/2025\/11\/LFC-700-Pro-77.jpg\" class=\"envira-gallery-22933 envira-gallery-link\" rel=\"enviragallery22933\" title=\"LFC 700 Pro 77\" data-envira-caption=\"LFC 700 Pro 77\" data-envira-retina=\"\" data-thumbnail=\"\"  itemprop=\"contentUrl\"><img decoding=\"async\" id=\"envira-gallery-image-22926\" class=\"envira-gallery-image envira-gallery-image-5 envira-normal envira-lazy\" data-envira-index=\"5\" src=\"https:\/\/www.der-mopedladen.de\/wp-content\/uploads\/2025\/11\/LFC-700-Pro-77-683x1024-640x480.jpg\" data-envira-src=\"https:\/\/www.der-mopedladen.de\/wp-content\/uploads\/2025\/11\/LFC-700-Pro-77-683x1024-640x480.jpg\" data-envira-gallery-id=\"22933\" data-envira-item-id=\"22926\" data-envira-caption=\"LFC 700 Pro 77\" alt=\"\" title=\"LFC 700 Pro 77\"  itemprop=\"thumbnailUrl\" data-envira-srcset=\"https:\/\/www.der-mopedladen.de\/wp-content\/uploads\/2025\/11\/LFC-700-Pro-77-683x1024-640x480.jpg 400w,https:\/\/www.der-mopedladen.de\/wp-content\/uploads\/2025\/11\/LFC-700-Pro-77-683x1024-640x480.jpg 2x\" data-envira-width=\"200\" data-envira-height=\"300\" srcset=\"data:image\/gif;base64,R0lGODlhAQABAIAAAP\/\/\/\/\/\/\/yH5BAEKAAEALAAAAAABAAEAAAICTAEAOw==\" data-safe-src=\"data:image\/gif;base64,R0lGODlhAQABAIAAAP\/\/\/\/\/\/\/yH5BAEKAAEALAAAAAABAAEAAAICTAEAOw==\" \/><\/a><\/div><\/div><div id=\"envira-gallery-item-22925\" class=\"envira-gallery-item enviratope-item envira-gallery-item-6 envira-lazy-load\" style=\"padding-left: 5px; padding-bottom: 10px; padding-right: 5px;\"  itemscope itemtype=\"https:\/\/schema.org\/ImageObject\"><div class=\"envira-gallery-item-inner\"><div class=\"envira-gallery-position-overlay  envira-gallery-top-left\"><\/div><div class=\"envira-gallery-position-overlay  envira-gallery-top-right\"><\/div><div class=\"envira-gallery-position-overlay  envira-gallery-bottom-left\"><\/div><div class=\"envira-gallery-position-overlay  envira-gallery-bottom-right\"><\/div><a href=\"https:\/\/www.der-mopedladen.de\/wp-content\/uploads\/2025\/11\/LFC-700-Pro-76.jpg\" class=\"envira-gallery-22933 envira-gallery-link\" rel=\"enviragallery22933\" title=\"LFC 700 Pro 76\" data-envira-caption=\"LFC 700 Pro 76\" data-envira-retina=\"\" data-thumbnail=\"\"  itemprop=\"contentUrl\"><img decoding=\"async\" id=\"envira-gallery-image-22925\" class=\"envira-gallery-image envira-gallery-image-6 envira-normal envira-lazy\" data-envira-index=\"6\" src=\"https:\/\/www.der-mopedladen.de\/wp-content\/uploads\/2025\/11\/LFC-700-Pro-76-683x1024-640x480.jpg\" data-envira-src=\"https:\/\/www.der-mopedladen.de\/wp-content\/uploads\/2025\/11\/LFC-700-Pro-76-683x1024-640x480.jpg\" data-envira-gallery-id=\"22933\" data-envira-item-id=\"22925\" data-envira-caption=\"LFC 700 Pro 76\" alt=\"\" title=\"LFC 700 Pro 76\"  itemprop=\"thumbnailUrl\" data-envira-srcset=\"https:\/\/www.der-mopedladen.de\/wp-content\/uploads\/2025\/11\/LFC-700-Pro-76-683x1024-640x480.jpg 400w,https:\/\/www.der-mopedladen.de\/wp-content\/uploads\/2025\/11\/LFC-700-Pro-76-683x1024-640x480.jpg 2x\" data-envira-width=\"200\" data-envira-height=\"300\" srcset=\"data:image\/gif;base64,R0lGODlhAQABAIAAAP\/\/\/\/\/\/\/yH5BAEKAAEALAAAAAABAAEAAAICTAEAOw==\" data-safe-src=\"data:image\/gif;base64,R0lGODlhAQABAIAAAP\/\/\/\/\/\/\/yH5BAEKAAEALAAAAAABAAEAAAICTAEAOw==\" \/><\/a><\/div><\/div><div id=\"envira-gallery-item-22924\" class=\"envira-gallery-item enviratope-item envira-gallery-item-7 envira-lazy-load\" style=\"padding-left: 5px; padding-bottom: 10px; padding-right: 5px;\"  itemscope itemtype=\"https:\/\/schema.org\/ImageObject\"><div class=\"envira-gallery-item-inner\"><div class=\"envira-gallery-position-overlay  envira-gallery-top-left\"><\/div><div class=\"envira-gallery-position-overlay  envira-gallery-top-right\"><\/div><div class=\"envira-gallery-position-overlay  envira-gallery-bottom-left\"><\/div><div class=\"envira-gallery-position-overlay  envira-gallery-bottom-right\"><\/div><a href=\"https:\/\/www.der-mopedladen.de\/wp-content\/uploads\/2025\/11\/LFC-700-Pro-75.jpg\" class=\"envira-gallery-22933 envira-gallery-link\" rel=\"enviragallery22933\" title=\"LFC 700 Pro 75\" data-envira-caption=\"LFC 700 Pro 75\" data-envira-retina=\"\" data-thumbnail=\"\"  itemprop=\"contentUrl\"><img decoding=\"async\" id=\"envira-gallery-image-22924\" class=\"envira-gallery-image envira-gallery-image-7 envira-normal envira-lazy\" data-envira-index=\"7\" src=\"https:\/\/www.der-mopedladen.de\/wp-content\/uploads\/2025\/11\/LFC-700-Pro-75-683x1024-640x480.jpg\" data-envira-src=\"https:\/\/www.der-mopedladen.de\/wp-content\/uploads\/2025\/11\/LFC-700-Pro-75-683x1024-640x480.jpg\" data-envira-gallery-id=\"22933\" data-envira-item-id=\"22924\" data-envira-caption=\"LFC 700 Pro 75\" alt=\"\" title=\"LFC 700 Pro 75\"  itemprop=\"thumbnailUrl\" data-envira-srcset=\"https:\/\/www.der-mopedladen.de\/wp-content\/uploads\/2025\/11\/LFC-700-Pro-75-683x1024-640x480.jpg 400w,https:\/\/www.der-mopedladen.de\/wp-content\/uploads\/2025\/11\/LFC-700-Pro-75-683x1024-640x480.jpg 2x\" data-envira-width=\"200\" data-envira-height=\"300\" srcset=\"data:image\/gif;base64,R0lGODlhAQABAIAAAP\/\/\/\/\/\/\/yH5BAEKAAEALAAAAAABAAEAAAICTAEAOw==\" data-safe-src=\"data:image\/gif;base64,R0lGODlhAQABAIAAAP\/\/\/\/\/\/\/yH5BAEKAAEALAAAAAABAAEAAAICTAEAOw==\" \/><\/a><\/div><\/div><div id=\"envira-gallery-item-22923\" class=\"envira-gallery-item enviratope-item envira-gallery-item-8 envira-lazy-load\" style=\"padding-left: 5px; padding-bottom: 10px; padding-right: 5px;\"  itemscope itemtype=\"https:\/\/schema.org\/ImageObject\"><div class=\"envira-gallery-item-inner\"><div class=\"envira-gallery-position-overlay  envira-gallery-top-left\"><\/div><div class=\"envira-gallery-position-overlay  envira-gallery-top-right\"><\/div><div class=\"envira-gallery-position-overlay  envira-gallery-bottom-left\"><\/div><div class=\"envira-gallery-position-overlay  envira-gallery-bottom-right\"><\/div><a href=\"https:\/\/www.der-mopedladen.de\/wp-content\/uploads\/2025\/11\/LFC-700-Pro-74.jpg\" class=\"envira-gallery-22933 envira-gallery-link\" rel=\"enviragallery22933\" title=\"LFC 700 Pro 74\" data-envira-caption=\"LFC 700 Pro 74\" data-envira-retina=\"\" data-thumbnail=\"\"  itemprop=\"contentUrl\"><img decoding=\"async\" id=\"envira-gallery-image-22923\" class=\"envira-gallery-image envira-gallery-image-8 envira-normal envira-lazy\" data-envira-index=\"8\" src=\"https:\/\/www.der-mopedladen.de\/wp-content\/uploads\/2025\/11\/LFC-700-Pro-74-1024x576-640x480.jpg\" data-envira-src=\"https:\/\/www.der-mopedladen.de\/wp-content\/uploads\/2025\/11\/LFC-700-Pro-74-1024x576-640x480.jpg\" data-envira-gallery-id=\"22933\" data-envira-item-id=\"22923\" data-envira-caption=\"LFC 700 Pro 74\" alt=\"\" title=\"LFC 700 Pro 74\"  itemprop=\"thumbnailUrl\" data-envira-srcset=\"https:\/\/www.der-mopedladen.de\/wp-content\/uploads\/2025\/11\/LFC-700-Pro-74-1024x576-640x480.jpg 400w,https:\/\/www.der-mopedladen.de\/wp-content\/uploads\/2025\/11\/LFC-700-Pro-74-1024x576-640x480.jpg 2x\" data-envira-width=\"300\" data-envira-height=\"169\" srcset=\"data:image\/gif;base64,R0lGODlhAQABAIAAAP\/\/\/\/\/\/\/yH5BAEKAAEALAAAAAABAAEAAAICTAEAOw==\" data-safe-src=\"data:image\/gif;base64,R0lGODlhAQABAIAAAP\/\/\/\/\/\/\/yH5BAEKAAEALAAAAAABAAEAAAICTAEAOw==\" \/><\/a><\/div><\/div><div id=\"envira-gallery-item-22922\" class=\"envira-gallery-item enviratope-item envira-gallery-item-9 envira-lazy-load\" style=\"padding-left: 5px; padding-bottom: 10px; padding-right: 5px;\"  itemscope itemtype=\"https:\/\/schema.org\/ImageObject\"><div class=\"envira-gallery-item-inner\"><div class=\"envira-gallery-position-overlay  envira-gallery-top-left\"><\/div><div class=\"envira-gallery-position-overlay  envira-gallery-top-right\"><\/div><div class=\"envira-gallery-position-overlay  envira-gallery-bottom-left\"><\/div><div class=\"envira-gallery-position-overlay  envira-gallery-bottom-right\"><\/div><a href=\"https:\/\/www.der-mopedladen.de\/wp-content\/uploads\/2025\/11\/LFC-700-Pro-73.jpg\" class=\"envira-gallery-22933 envira-gallery-link\" rel=\"enviragallery22933\" title=\"LFC 700 Pro 73\" data-envira-caption=\"LFC 700 Pro 73\" data-envira-retina=\"\" data-thumbnail=\"\"  itemprop=\"contentUrl\"><img decoding=\"async\" id=\"envira-gallery-image-22922\" class=\"envira-gallery-image envira-gallery-image-9 envira-normal envira-lazy\" data-envira-index=\"9\" src=\"https:\/\/www.der-mopedladen.de\/wp-content\/uploads\/2025\/11\/LFC-700-Pro-73-1024x683-640x480.jpg\" data-envira-src=\"https:\/\/www.der-mopedladen.de\/wp-content\/uploads\/2025\/11\/LFC-700-Pro-73-1024x683-640x480.jpg\" data-envira-gallery-id=\"22933\" data-envira-item-id=\"22922\" data-envira-caption=\"LFC 700 Pro 73\" alt=\"\" title=\"LFC 700 Pro 73\"  itemprop=\"thumbnailUrl\" data-envira-srcset=\"https:\/\/www.der-mopedladen.de\/wp-content\/uploads\/2025\/11\/LFC-700-Pro-73-1024x683-640x480.jpg 400w,https:\/\/www.der-mopedladen.de\/wp-content\/uploads\/2025\/11\/LFC-700-Pro-73-1024x683-640x480.jpg 2x\" data-envira-width=\"300\" data-envira-height=\"200\" srcset=\"data:image\/gif;base64,R0lGODlhAQABAIAAAP\/\/\/\/\/\/\/yH5BAEKAAEALAAAAAABAAEAAAICTAEAOw==\" data-safe-src=\"data:image\/gif;base64,R0lGODlhAQABAIAAAP\/\/\/\/\/\/\/yH5BAEKAAEALAAAAAABAAEAAAICTAEAOw==\" \/><\/a><\/div><\/div><div id=\"envira-gallery-item-22921\" class=\"envira-gallery-item enviratope-item envira-gallery-item-10 envira-lazy-load\" style=\"padding-left: 5px; padding-bottom: 10px; padding-right: 5px;\"  itemscope itemtype=\"https:\/\/schema.org\/ImageObject\"><div class=\"envira-gallery-item-inner\"><div class=\"envira-gallery-position-overlay  envira-gallery-top-left\"><\/div><div class=\"envira-gallery-position-overlay  envira-gallery-top-right\"><\/div><div class=\"envira-gallery-position-overlay  envira-gallery-bottom-left\"><\/div><div class=\"envira-gallery-position-overlay  envira-gallery-bottom-right\"><\/div><a href=\"https:\/\/www.der-mopedladen.de\/wp-content\/uploads\/2025\/11\/LFC-700-Pro-72.jpg\" class=\"envira-gallery-22933 envira-gallery-link\" rel=\"enviragallery22933\" title=\"LFC 700 Pro 72\" data-envira-caption=\"LFC 700 Pro 72\" data-envira-retina=\"\" data-thumbnail=\"\"  itemprop=\"contentUrl\"><img decoding=\"async\" id=\"envira-gallery-image-22921\" class=\"envira-gallery-image envira-gallery-image-10 envira-normal envira-lazy\" data-envira-index=\"10\" src=\"https:\/\/www.der-mopedladen.de\/wp-content\/uploads\/2025\/11\/LFC-700-Pro-72-683x1024-640x480.jpg\" data-envira-src=\"https:\/\/www.der-mopedladen.de\/wp-content\/uploads\/2025\/11\/LFC-700-Pro-72-683x1024-640x480.jpg\" data-envira-gallery-id=\"22933\" data-envira-item-id=\"22921\" data-envira-caption=\"LFC 700 Pro 72\" alt=\"\" title=\"LFC 700 Pro 72\"  itemprop=\"thumbnailUrl\" data-envira-srcset=\"https:\/\/www.der-mopedladen.de\/wp-content\/uploads\/2025\/11\/LFC-700-Pro-72-683x1024-640x480.jpg 400w,https:\/\/www.der-mopedladen.de\/wp-content\/uploads\/2025\/11\/LFC-700-Pro-72-683x1024-640x480.jpg 2x\" data-envira-width=\"200\" data-envira-height=\"300\" srcset=\"data:image\/gif;base64,R0lGODlhAQABAIAAAP\/\/\/\/\/\/\/yH5BAEKAAEALAAAAAABAAEAAAICTAEAOw==\" data-safe-src=\"data:image\/gif;base64,R0lGODlhAQABAIAAAP\/\/\/\/\/\/\/yH5BAEKAAEALAAAAAABAAEAAAICTAEAOw==\" \/><\/a><\/div><\/div><div id=\"envira-gallery-item-22920\" class=\"envira-gallery-item enviratope-item envira-gallery-item-11 envira-lazy-load\" style=\"padding-left: 5px; padding-bottom: 10px; padding-right: 5px;\"  itemscope itemtype=\"https:\/\/schema.org\/ImageObject\"><div class=\"envira-gallery-item-inner\"><div class=\"envira-gallery-position-overlay  envira-gallery-top-left\"><\/div><div class=\"envira-gallery-position-overlay  envira-gallery-top-right\"><\/div><div class=\"envira-gallery-position-overlay  envira-gallery-bottom-left\"><\/div><div class=\"envira-gallery-position-overlay  envira-gallery-bottom-right\"><\/div><a href=\"https:\/\/www.der-mopedladen.de\/wp-content\/uploads\/2025\/11\/LFC-700-Pro-70.jpg\" class=\"envira-gallery-22933 envira-gallery-link\" rel=\"enviragallery22933\" title=\"LFC 700 Pro 70\" data-envira-caption=\"LFC 700 Pro 70\" data-envira-retina=\"\" data-thumbnail=\"\"  itemprop=\"contentUrl\"><img decoding=\"async\" id=\"envira-gallery-image-22920\" class=\"envira-gallery-image envira-gallery-image-11 envira-normal envira-lazy\" data-envira-index=\"11\" src=\"https:\/\/www.der-mopedladen.de\/wp-content\/uploads\/2025\/11\/LFC-700-Pro-70-1024x683-640x480.jpg\" data-envira-src=\"https:\/\/www.der-mopedladen.de\/wp-content\/uploads\/2025\/11\/LFC-700-Pro-70-1024x683-640x480.jpg\" data-envira-gallery-id=\"22933\" data-envira-item-id=\"22920\" data-envira-caption=\"LFC 700 Pro 70\" alt=\"\" title=\"LFC 700 Pro 70\"  itemprop=\"thumbnailUrl\" data-envira-srcset=\"https:\/\/www.der-mopedladen.de\/wp-content\/uploads\/2025\/11\/LFC-700-Pro-70-1024x683-640x480.jpg 400w,https:\/\/www.der-mopedladen.de\/wp-content\/uploads\/2025\/11\/LFC-700-Pro-70-1024x683-640x480.jpg 2x\" data-envira-width=\"300\" data-envira-height=\"200\" srcset=\"data:image\/gif;base64,R0lGODlhAQABAIAAAP\/\/\/\/\/\/\/yH5BAEKAAEALAAAAAABAAEAAAICTAEAOw==\" data-safe-src=\"data:image\/gif;base64,R0lGODlhAQABAIAAAP\/\/\/\/\/\/\/yH5BAEKAAEALAAAAAABAAEAAAICTAEAOw==\" \/><\/a><\/div><\/div><div id=\"envira-gallery-item-22919\" class=\"envira-gallery-item enviratope-item envira-gallery-item-12 envira-lazy-load\" style=\"padding-left: 5px; padding-bottom: 10px; padding-right: 5px;\"  itemscope itemtype=\"https:\/\/schema.org\/ImageObject\"><div class=\"envira-gallery-item-inner\"><div class=\"envira-gallery-position-overlay  envira-gallery-top-left\"><\/div><div class=\"envira-gallery-position-overlay  envira-gallery-top-right\"><\/div><div class=\"envira-gallery-position-overlay  envira-gallery-bottom-left\"><\/div><div class=\"envira-gallery-position-overlay  envira-gallery-bottom-right\"><\/div><a href=\"https:\/\/www.der-mopedladen.de\/wp-content\/uploads\/2025\/11\/LFC-700-Pro-69.jpg\" class=\"envira-gallery-22933 envira-gallery-link\" rel=\"enviragallery22933\" title=\"LFC 700 Pro 69\" data-envira-caption=\"LFC 700 Pro 69\" data-envira-retina=\"\" data-thumbnail=\"\"  itemprop=\"contentUrl\"><img decoding=\"async\" id=\"envira-gallery-image-22919\" class=\"envira-gallery-image envira-gallery-image-12 envira-normal envira-lazy\" data-envira-index=\"12\" src=\"https:\/\/www.der-mopedladen.de\/wp-content\/uploads\/2025\/11\/LFC-700-Pro-69-1024x683-640x480.jpg\" data-envira-src=\"https:\/\/www.der-mopedladen.de\/wp-content\/uploads\/2025\/11\/LFC-700-Pro-69-1024x683-640x480.jpg\" data-envira-gallery-id=\"22933\" data-envira-item-id=\"22919\" data-envira-caption=\"LFC 700 Pro 69\" alt=\"\" title=\"LFC 700 Pro 69\"  itemprop=\"thumbnailUrl\" data-envira-srcset=\"https:\/\/www.der-mopedladen.de\/wp-content\/uploads\/2025\/11\/LFC-700-Pro-69-1024x683-640x480.jpg 400w,https:\/\/www.der-mopedladen.de\/wp-content\/uploads\/2025\/11\/LFC-700-Pro-69-1024x683-640x480.jpg 2x\" data-envira-width=\"300\" data-envira-height=\"200\" srcset=\"data:image\/gif;base64,R0lGODlhAQABAIAAAP\/\/\/\/\/\/\/yH5BAEKAAEALAAAAAABAAEAAAICTAEAOw==\" data-safe-src=\"data:image\/gif;base64,R0lGODlhAQABAIAAAP\/\/\/\/\/\/\/yH5BAEKAAEALAAAAAABAAEAAAICTAEAOw==\" \/><\/a><\/div><\/div><div id=\"envira-gallery-item-22918\" class=\"envira-gallery-item enviratope-item envira-gallery-item-13 envira-lazy-load\" style=\"padding-left: 5px; padding-bottom: 10px; padding-right: 5px;\"  itemscope itemtype=\"https:\/\/schema.org\/ImageObject\"><div class=\"envira-gallery-item-inner\"><div class=\"envira-gallery-position-overlay  envira-gallery-top-left\"><\/div><div class=\"envira-gallery-position-overlay  envira-gallery-top-right\"><\/div><div class=\"envira-gallery-position-overlay  envira-gallery-bottom-left\"><\/div><div class=\"envira-gallery-position-overlay  envira-gallery-bottom-right\"><\/div><a href=\"https:\/\/www.der-mopedladen.de\/wp-content\/uploads\/2025\/11\/LFC-700-Pro-68.jpg\" class=\"envira-gallery-22933 envira-gallery-link\" rel=\"enviragallery22933\" title=\"LFC 700 Pro 68\" data-envira-caption=\"LFC 700 Pro 68\" data-envira-retina=\"\" data-thumbnail=\"\"  itemprop=\"contentUrl\"><img decoding=\"async\" id=\"envira-gallery-image-22918\" class=\"envira-gallery-image envira-gallery-image-13 envira-normal envira-lazy\" data-envira-index=\"13\" src=\"https:\/\/www.der-mopedladen.de\/wp-content\/uploads\/2025\/11\/LFC-700-Pro-68-1024x683-640x480.jpg\" data-envira-src=\"https:\/\/www.der-mopedladen.de\/wp-content\/uploads\/2025\/11\/LFC-700-Pro-68-1024x683-640x480.jpg\" data-envira-gallery-id=\"22933\" data-envira-item-id=\"22918\" data-envira-caption=\"LFC 700 Pro 68\" alt=\"\" title=\"LFC 700 Pro 68\"  itemprop=\"thumbnailUrl\" data-envira-srcset=\"https:\/\/www.der-mopedladen.de\/wp-content\/uploads\/2025\/11\/LFC-700-Pro-68-1024x683-640x480.jpg 400w,https:\/\/www.der-mopedladen.de\/wp-content\/uploads\/2025\/11\/LFC-700-Pro-68-1024x683-640x480.jpg 2x\" data-envira-width=\"300\" data-envira-height=\"200\" srcset=\"data:image\/gif;base64,R0lGODlhAQABAIAAAP\/\/\/\/\/\/\/yH5BAEKAAEALAAAAAABAAEAAAICTAEAOw==\" data-safe-src=\"data:image\/gif;base64,R0lGODlhAQABAIAAAP\/\/\/\/\/\/\/yH5BAEKAAEALAAAAAABAAEAAAICTAEAOw==\" \/><\/a><\/div><\/div><div id=\"envira-gallery-item-22917\" class=\"envira-gallery-item enviratope-item envira-gallery-item-14 envira-lazy-load\" style=\"padding-left: 5px; padding-bottom: 10px; padding-right: 5px;\"  itemscope itemtype=\"https:\/\/schema.org\/ImageObject\"><div class=\"envira-gallery-item-inner\"><div class=\"envira-gallery-position-overlay  envira-gallery-top-left\"><\/div><div class=\"envira-gallery-position-overlay  envira-gallery-top-right\"><\/div><div class=\"envira-gallery-position-overlay  envira-gallery-bottom-left\"><\/div><div class=\"envira-gallery-position-overlay  envira-gallery-bottom-right\"><\/div><a href=\"https:\/\/www.der-mopedladen.de\/wp-content\/uploads\/2025\/11\/LFC-700-Pro-66.jpg\" class=\"envira-gallery-22933 envira-gallery-link\" rel=\"enviragallery22933\" title=\"LFC 700 Pro 66\" data-envira-caption=\"LFC 700 Pro 66\" data-envira-retina=\"\" data-thumbnail=\"\"  itemprop=\"contentUrl\"><img decoding=\"async\" id=\"envira-gallery-image-22917\" class=\"envira-gallery-image envira-gallery-image-14 envira-normal envira-lazy\" data-envira-index=\"14\" src=\"https:\/\/www.der-mopedladen.de\/wp-content\/uploads\/2025\/11\/LFC-700-Pro-66-1024x683-640x480.jpg\" data-envira-src=\"https:\/\/www.der-mopedladen.de\/wp-content\/uploads\/2025\/11\/LFC-700-Pro-66-1024x683-640x480.jpg\" data-envira-gallery-id=\"22933\" data-envira-item-id=\"22917\" data-envira-caption=\"LFC 700 Pro 66\" alt=\"\" title=\"LFC 700 Pro 66\"  itemprop=\"thumbnailUrl\" data-envira-srcset=\"https:\/\/www.der-mopedladen.de\/wp-content\/uploads\/2025\/11\/LFC-700-Pro-66-1024x683-640x480.jpg 400w,https:\/\/www.der-mopedladen.de\/wp-content\/uploads\/2025\/11\/LFC-700-Pro-66-1024x683-640x480.jpg 2x\" data-envira-width=\"300\" data-envira-height=\"200\" srcset=\"data:image\/gif;base64,R0lGODlhAQABAIAAAP\/\/\/\/\/\/\/yH5BAEKAAEALAAAAAABAAEAAAICTAEAOw==\" data-safe-src=\"data:image\/gif;base64,R0lGODlhAQABAIAAAP\/\/\/\/\/\/\/yH5BAEKAAEALAAAAAABAAEAAAICTAEAOw==\" \/><\/a><\/div><\/div><div id=\"envira-gallery-item-22916\" class=\"envira-gallery-item enviratope-item envira-gallery-item-15 envira-lazy-load\" style=\"padding-left: 5px; padding-bottom: 10px; padding-right: 5px;\"  itemscope itemtype=\"https:\/\/schema.org\/ImageObject\"><div class=\"envira-gallery-item-inner\"><div class=\"envira-gallery-position-overlay  envira-gallery-top-left\"><\/div><div class=\"envira-gallery-position-overlay  envira-gallery-top-right\"><\/div><div class=\"envira-gallery-position-overlay  envira-gallery-bottom-left\"><\/div><div class=\"envira-gallery-position-overlay  envira-gallery-bottom-right\"><\/div><a href=\"https:\/\/www.der-mopedladen.de\/wp-content\/uploads\/2025\/11\/LFC-700-Pro-65.jpg\" class=\"envira-gallery-22933 envira-gallery-link\" rel=\"enviragallery22933\" title=\"LFC 700 Pro 65\" data-envira-caption=\"LFC 700 Pro 65\" data-envira-retina=\"\" data-thumbnail=\"\"  itemprop=\"contentUrl\"><img decoding=\"async\" id=\"envira-gallery-image-22916\" class=\"envira-gallery-image envira-gallery-image-15 envira-normal envira-lazy\" data-envira-index=\"15\" src=\"https:\/\/www.der-mopedladen.de\/wp-content\/uploads\/2025\/11\/LFC-700-Pro-65-1024x683-640x480.jpg\" data-envira-src=\"https:\/\/www.der-mopedladen.de\/wp-content\/uploads\/2025\/11\/LFC-700-Pro-65-1024x683-640x480.jpg\" data-envira-gallery-id=\"22933\" data-envira-item-id=\"22916\" data-envira-caption=\"LFC 700 Pro 65\" alt=\"\" title=\"LFC 700 Pro 65\"  itemprop=\"thumbnailUrl\" data-envira-srcset=\"https:\/\/www.der-mopedladen.de\/wp-content\/uploads\/2025\/11\/LFC-700-Pro-65-1024x683-640x480.jpg 400w,https:\/\/www.der-mopedladen.de\/wp-content\/uploads\/2025\/11\/LFC-700-Pro-65-1024x683-640x480.jpg 2x\" data-envira-width=\"300\" data-envira-height=\"200\" srcset=\"data:image\/gif;base64,R0lGODlhAQABAIAAAP\/\/\/\/\/\/\/yH5BAEKAAEALAAAAAABAAEAAAICTAEAOw==\" data-safe-src=\"data:image\/gif;base64,R0lGODlhAQABAIAAAP\/\/\/\/\/\/\/yH5BAEKAAEALAAAAAABAAEAAAICTAEAOw==\" \/><\/a><\/div><\/div><div id=\"envira-gallery-item-22915\" class=\"envira-gallery-item enviratope-item envira-gallery-item-16 envira-lazy-load\" style=\"padding-left: 5px; padding-bottom: 10px; padding-right: 5px;\"  itemscope itemtype=\"https:\/\/schema.org\/ImageObject\"><div class=\"envira-gallery-item-inner\"><div class=\"envira-gallery-position-overlay  envira-gallery-top-left\"><\/div><div class=\"envira-gallery-position-overlay  envira-gallery-top-right\"><\/div><div class=\"envira-gallery-position-overlay  envira-gallery-bottom-left\"><\/div><div class=\"envira-gallery-position-overlay  envira-gallery-bottom-right\"><\/div><a href=\"https:\/\/www.der-mopedladen.de\/wp-content\/uploads\/2025\/11\/LFC-700-Pro-64.jpg\" class=\"envira-gallery-22933 envira-gallery-link\" rel=\"enviragallery22933\" title=\"LFC 700 Pro 64\" data-envira-caption=\"LFC 700 Pro 64\" data-envira-retina=\"\" data-thumbnail=\"\"  itemprop=\"contentUrl\"><img decoding=\"async\" id=\"envira-gallery-image-22915\" class=\"envira-gallery-image envira-gallery-image-16 envira-normal envira-lazy\" data-envira-index=\"16\" src=\"https:\/\/www.der-mopedladen.de\/wp-content\/uploads\/2025\/11\/LFC-700-Pro-64-1024x683-640x480.jpg\" data-envira-src=\"https:\/\/www.der-mopedladen.de\/wp-content\/uploads\/2025\/11\/LFC-700-Pro-64-1024x683-640x480.jpg\" data-envira-gallery-id=\"22933\" data-envira-item-id=\"22915\" data-envira-caption=\"LFC 700 Pro 64\" alt=\"\" title=\"LFC 700 Pro 64\"  itemprop=\"thumbnailUrl\" data-envira-srcset=\"https:\/\/www.der-mopedladen.de\/wp-content\/uploads\/2025\/11\/LFC-700-Pro-64-1024x683-640x480.jpg 400w,https:\/\/www.der-mopedladen.de\/wp-content\/uploads\/2025\/11\/LFC-700-Pro-64-1024x683-640x480.jpg 2x\" data-envira-width=\"300\" data-envira-height=\"200\" srcset=\"data:image\/gif;base64,R0lGODlhAQABAIAAAP\/\/\/\/\/\/\/yH5BAEKAAEALAAAAAABAAEAAAICTAEAOw==\" data-safe-src=\"data:image\/gif;base64,R0lGODlhAQABAIAAAP\/\/\/\/\/\/\/yH5BAEKAAEALAAAAAABAAEAAAICTAEAOw==\" \/><\/a><\/div><\/div><div id=\"envira-gallery-item-22914\" class=\"envira-gallery-item enviratope-item envira-gallery-item-17 envira-lazy-load\" style=\"padding-left: 5px; padding-bottom: 10px; padding-right: 5px;\"  itemscope itemtype=\"https:\/\/schema.org\/ImageObject\"><div class=\"envira-gallery-item-inner\"><div class=\"envira-gallery-position-overlay  envira-gallery-top-left\"><\/div><div class=\"envira-gallery-position-overlay  envira-gallery-top-right\"><\/div><div class=\"envira-gallery-position-overlay  envira-gallery-bottom-left\"><\/div><div class=\"envira-gallery-position-overlay  envira-gallery-bottom-right\"><\/div><a href=\"https:\/\/www.der-mopedladen.de\/wp-content\/uploads\/2025\/11\/LFC-700-Pro-61.jpg\" class=\"envira-gallery-22933 envira-gallery-link\" rel=\"enviragallery22933\" title=\"LFC 700 Pro 61\" data-envira-caption=\"LFC 700 Pro 61\" data-envira-retina=\"\" data-thumbnail=\"\"  itemprop=\"contentUrl\"><img decoding=\"async\" id=\"envira-gallery-image-22914\" class=\"envira-gallery-image envira-gallery-image-17 envira-normal envira-lazy\" data-envira-index=\"17\" src=\"https:\/\/www.der-mopedladen.de\/wp-content\/uploads\/2025\/11\/LFC-700-Pro-61-683x1024-640x480.jpg\" data-envira-src=\"https:\/\/www.der-mopedladen.de\/wp-content\/uploads\/2025\/11\/LFC-700-Pro-61-683x1024-640x480.jpg\" data-envira-gallery-id=\"22933\" data-envira-item-id=\"22914\" data-envira-caption=\"LFC 700 Pro 61\" alt=\"\" title=\"LFC 700 Pro 61\"  itemprop=\"thumbnailUrl\" data-envira-srcset=\"https:\/\/www.der-mopedladen.de\/wp-content\/uploads\/2025\/11\/LFC-700-Pro-61-683x1024-640x480.jpg 400w,https:\/\/www.der-mopedladen.de\/wp-content\/uploads\/2025\/11\/LFC-700-Pro-61-683x1024-640x480.jpg 2x\" data-envira-width=\"200\" data-envira-height=\"300\" srcset=\"data:image\/gif;base64,R0lGODlhAQABAIAAAP\/\/\/\/\/\/\/yH5BAEKAAEALAAAAAABAAEAAAICTAEAOw==\" data-safe-src=\"data:image\/gif;base64,R0lGODlhAQABAIAAAP\/\/\/\/\/\/\/yH5BAEKAAEALAAAAAABAAEAAAICTAEAOw==\" \/><\/a><\/div><\/div><div id=\"envira-gallery-item-22913\" class=\"envira-gallery-item enviratope-item envira-gallery-item-18 envira-lazy-load\" style=\"padding-left: 5px; padding-bottom: 10px; padding-right: 5px;\"  itemscope itemtype=\"https:\/\/schema.org\/ImageObject\"><div class=\"envira-gallery-item-inner\"><div class=\"envira-gallery-position-overlay  envira-gallery-top-left\"><\/div><div class=\"envira-gallery-position-overlay  envira-gallery-top-right\"><\/div><div class=\"envira-gallery-position-overlay  envira-gallery-bottom-left\"><\/div><div class=\"envira-gallery-position-overlay  envira-gallery-bottom-right\"><\/div><a href=\"https:\/\/www.der-mopedladen.de\/wp-content\/uploads\/2025\/11\/LFC-700-Pro-60.jpg\" class=\"envira-gallery-22933 envira-gallery-link\" rel=\"enviragallery22933\" title=\"LFC 700 Pro 60\" data-envira-caption=\"LFC 700 Pro 60\" data-envira-retina=\"\" data-thumbnail=\"\"  itemprop=\"contentUrl\"><img decoding=\"async\" id=\"envira-gallery-image-22913\" class=\"envira-gallery-image envira-gallery-image-18 envira-normal envira-lazy\" data-envira-index=\"18\" src=\"https:\/\/www.der-mopedladen.de\/wp-content\/uploads\/2025\/11\/LFC-700-Pro-60-1024x683-640x480.jpg\" data-envira-src=\"https:\/\/www.der-mopedladen.de\/wp-content\/uploads\/2025\/11\/LFC-700-Pro-60-1024x683-640x480.jpg\" data-envira-gallery-id=\"22933\" data-envira-item-id=\"22913\" data-envira-caption=\"LFC 700 Pro 60\" alt=\"\" title=\"LFC 700 Pro 60\"  itemprop=\"thumbnailUrl\" data-envira-srcset=\"https:\/\/www.der-mopedladen.de\/wp-content\/uploads\/2025\/11\/LFC-700-Pro-60-1024x683-640x480.jpg 400w,https:\/\/www.der-mopedladen.de\/wp-content\/uploads\/2025\/11\/LFC-700-Pro-60-1024x683-640x480.jpg 2x\" data-envira-width=\"300\" data-envira-height=\"200\" srcset=\"data:image\/gif;base64,R0lGODlhAQABAIAAAP\/\/\/\/\/\/\/yH5BAEKAAEALAAAAAABAAEAAAICTAEAOw==\" data-safe-src=\"data:image\/gif;base64,R0lGODlhAQABAIAAAP\/\/\/\/\/\/\/yH5BAEKAAEALAAAAAABAAEAAAICTAEAOw==\" \/><\/a><\/div><\/div><div id=\"envira-gallery-item-22912\" class=\"envira-gallery-item enviratope-item envira-gallery-item-19 envira-lazy-load\" style=\"padding-left: 5px; padding-bottom: 10px; padding-right: 5px;\"  itemscope itemtype=\"https:\/\/schema.org\/ImageObject\"><div class=\"envira-gallery-item-inner\"><div class=\"envira-gallery-position-overlay  envira-gallery-top-left\"><\/div><div class=\"envira-gallery-position-overlay  envira-gallery-top-right\"><\/div><div class=\"envira-gallery-position-overlay  envira-gallery-bottom-left\"><\/div><div class=\"envira-gallery-position-overlay  envira-gallery-bottom-right\"><\/div><a href=\"https:\/\/www.der-mopedladen.de\/wp-content\/uploads\/2025\/11\/LFC-700-Pro-59.jpg\" class=\"envira-gallery-22933 envira-gallery-link\" rel=\"enviragallery22933\" title=\"LFC 700 Pro 59\" data-envira-caption=\"LFC 700 Pro 59\" data-envira-retina=\"\" data-thumbnail=\"\"  itemprop=\"contentUrl\"><img decoding=\"async\" id=\"envira-gallery-image-22912\" class=\"envira-gallery-image envira-gallery-image-19 envira-normal envira-lazy\" data-envira-index=\"19\" src=\"https:\/\/www.der-mopedladen.de\/wp-content\/uploads\/2025\/11\/LFC-700-Pro-59-1024x683-640x480.jpg\" data-envira-src=\"https:\/\/www.der-mopedladen.de\/wp-content\/uploads\/2025\/11\/LFC-700-Pro-59-1024x683-640x480.jpg\" data-envira-gallery-id=\"22933\" data-envira-item-id=\"22912\" data-envira-caption=\"LFC 700 Pro 59\" alt=\"\" title=\"LFC 700 Pro 59\"  itemprop=\"thumbnailUrl\" data-envira-srcset=\"https:\/\/www.der-mopedladen.de\/wp-content\/uploads\/2025\/11\/LFC-700-Pro-59-1024x683-640x480.jpg 400w,https:\/\/www.der-mopedladen.de\/wp-content\/uploads\/2025\/11\/LFC-700-Pro-59-1024x683-640x480.jpg 2x\" data-envira-width=\"300\" data-envira-height=\"200\" srcset=\"data:image\/gif;base64,R0lGODlhAQABAIAAAP\/\/\/\/\/\/\/yH5BAEKAAEALAAAAAABAAEAAAICTAEAOw==\" data-safe-src=\"data:image\/gif;base64,R0lGODlhAQABAIAAAP\/\/\/\/\/\/\/yH5BAEKAAEALAAAAAABAAEAAAICTAEAOw==\" \/><\/a><\/div><\/div><div id=\"envira-gallery-item-22911\" class=\"envira-gallery-item enviratope-item envira-gallery-item-20 envira-lazy-load\" style=\"padding-left: 5px; padding-bottom: 10px; padding-right: 5px;\"  itemscope itemtype=\"https:\/\/schema.org\/ImageObject\"><div class=\"envira-gallery-item-inner\"><div class=\"envira-gallery-position-overlay  envira-gallery-top-left\"><\/div><div class=\"envira-gallery-position-overlay  envira-gallery-top-right\"><\/div><div class=\"envira-gallery-position-overlay  envira-gallery-bottom-left\"><\/div><div class=\"envira-gallery-position-overlay  envira-gallery-bottom-right\"><\/div><a href=\"https:\/\/www.der-mopedladen.de\/wp-content\/uploads\/2025\/11\/LFC-700-Pro-57.jpg\" class=\"envira-gallery-22933 envira-gallery-link\" rel=\"enviragallery22933\" title=\"LFC 700 Pro 57\" data-envira-caption=\"LFC 700 Pro 57\" data-envira-retina=\"\" data-thumbnail=\"\"  itemprop=\"contentUrl\"><img decoding=\"async\" id=\"envira-gallery-image-22911\" class=\"envira-gallery-image envira-gallery-image-20 envira-normal envira-lazy\" data-envira-index=\"20\" src=\"https:\/\/www.der-mopedladen.de\/wp-content\/uploads\/2025\/11\/LFC-700-Pro-57-1024x576-640x480.jpg\" data-envira-src=\"https:\/\/www.der-mopedladen.de\/wp-content\/uploads\/2025\/11\/LFC-700-Pro-57-1024x576-640x480.jpg\" data-envira-gallery-id=\"22933\" data-envira-item-id=\"22911\" data-envira-caption=\"LFC 700 Pro 57\" alt=\"\" title=\"LFC 700 Pro 57\"  itemprop=\"thumbnailUrl\" data-envira-srcset=\"https:\/\/www.der-mopedladen.de\/wp-content\/uploads\/2025\/11\/LFC-700-Pro-57-1024x576-640x480.jpg 400w,https:\/\/www.der-mopedladen.de\/wp-content\/uploads\/2025\/11\/LFC-700-Pro-57-1024x576-640x480.jpg 2x\" data-envira-width=\"300\" data-envira-height=\"169\" srcset=\"data:image\/gif;base64,R0lGODlhAQABAIAAAP\/\/\/\/\/\/\/yH5BAEKAAEALAAAAAABAAEAAAICTAEAOw==\" data-safe-src=\"data:image\/gif;base64,R0lGODlhAQABAIAAAP\/\/\/\/\/\/\/yH5BAEKAAEALAAAAAABAAEAAAICTAEAOw==\" \/><\/a><\/div><\/div><div id=\"envira-gallery-item-22910\" class=\"envira-gallery-item enviratope-item envira-gallery-item-21 envira-lazy-load\" style=\"padding-left: 5px; padding-bottom: 10px; padding-right: 5px;\"  itemscope itemtype=\"https:\/\/schema.org\/ImageObject\"><div class=\"envira-gallery-item-inner\"><div class=\"envira-gallery-position-overlay  envira-gallery-top-left\"><\/div><div class=\"envira-gallery-position-overlay  envira-gallery-top-right\"><\/div><div class=\"envira-gallery-position-overlay  envira-gallery-bottom-left\"><\/div><div class=\"envira-gallery-position-overlay  envira-gallery-bottom-right\"><\/div><a href=\"https:\/\/www.der-mopedladen.de\/wp-content\/uploads\/2025\/11\/LFC-700-Pro-56.jpg\" class=\"envira-gallery-22933 envira-gallery-link\" rel=\"enviragallery22933\" title=\"LFC 700 Pro 56\" data-envira-caption=\"LFC 700 Pro 56\" data-envira-retina=\"\" data-thumbnail=\"\"  itemprop=\"contentUrl\"><img decoding=\"async\" id=\"envira-gallery-image-22910\" class=\"envira-gallery-image envira-gallery-image-21 envira-normal envira-lazy\" data-envira-index=\"21\" src=\"https:\/\/www.der-mopedladen.de\/wp-content\/uploads\/2025\/11\/LFC-700-Pro-56-1024x683-640x480.jpg\" data-envira-src=\"https:\/\/www.der-mopedladen.de\/wp-content\/uploads\/2025\/11\/LFC-700-Pro-56-1024x683-640x480.jpg\" data-envira-gallery-id=\"22933\" data-envira-item-id=\"22910\" data-envira-caption=\"LFC 700 Pro 56\" alt=\"\" title=\"LFC 700 Pro 56\"  itemprop=\"thumbnailUrl\" data-envira-srcset=\"https:\/\/www.der-mopedladen.de\/wp-content\/uploads\/2025\/11\/LFC-700-Pro-56-1024x683-640x480.jpg 400w,https:\/\/www.der-mopedladen.de\/wp-content\/uploads\/2025\/11\/LFC-700-Pro-56-1024x683-640x480.jpg 2x\" data-envira-width=\"300\" data-envira-height=\"200\" srcset=\"data:image\/gif;base64,R0lGODlhAQABAIAAAP\/\/\/\/\/\/\/yH5BAEKAAEALAAAAAABAAEAAAICTAEAOw==\" data-safe-src=\"data:image\/gif;base64,R0lGODlhAQABAIAAAP\/\/\/\/\/\/\/yH5BAEKAAEALAAAAAABAAEAAAICTAEAOw==\" \/><\/a><\/div><\/div><div id=\"envira-gallery-item-22909\" class=\"envira-gallery-item enviratope-item envira-gallery-item-22 envira-lazy-load\" style=\"padding-left: 5px; padding-bottom: 10px; padding-right: 5px;\"  itemscope itemtype=\"https:\/\/schema.org\/ImageObject\"><div class=\"envira-gallery-item-inner\"><div class=\"envira-gallery-position-overlay  envira-gallery-top-left\"><\/div><div class=\"envira-gallery-position-overlay  envira-gallery-top-right\"><\/div><div class=\"envira-gallery-position-overlay  envira-gallery-bottom-left\"><\/div><div class=\"envira-gallery-position-overlay  envira-gallery-bottom-right\"><\/div><a href=\"https:\/\/www.der-mopedladen.de\/wp-content\/uploads\/2025\/11\/LFC-700-Pro-51.jpg\" class=\"envira-gallery-22933 envira-gallery-link\" rel=\"enviragallery22933\" title=\"LFC 700 Pro 51\" data-envira-caption=\"LFC 700 Pro 51\" data-envira-retina=\"\" data-thumbnail=\"\"  itemprop=\"contentUrl\"><img decoding=\"async\" id=\"envira-gallery-image-22909\" class=\"envira-gallery-image envira-gallery-image-22 envira-normal envira-lazy\" data-envira-index=\"22\" src=\"https:\/\/www.der-mopedladen.de\/wp-content\/uploads\/2025\/11\/LFC-700-Pro-51-1024x576-640x480.jpg\" data-envira-src=\"https:\/\/www.der-mopedladen.de\/wp-content\/uploads\/2025\/11\/LFC-700-Pro-51-1024x576-640x480.jpg\" data-envira-gallery-id=\"22933\" data-envira-item-id=\"22909\" data-envira-caption=\"LFC 700 Pro 51\" alt=\"\" title=\"LFC 700 Pro 51\"  itemprop=\"thumbnailUrl\" data-envira-srcset=\"https:\/\/www.der-mopedladen.de\/wp-content\/uploads\/2025\/11\/LFC-700-Pro-51-1024x576-640x480.jpg 400w,https:\/\/www.der-mopedladen.de\/wp-content\/uploads\/2025\/11\/LFC-700-Pro-51-1024x576-640x480.jpg 2x\" data-envira-width=\"300\" data-envira-height=\"169\" srcset=\"data:image\/gif;base64,R0lGODlhAQABAIAAAP\/\/\/\/\/\/\/yH5BAEKAAEALAAAAAABAAEAAAICTAEAOw==\" data-safe-src=\"data:image\/gif;base64,R0lGODlhAQABAIAAAP\/\/\/\/\/\/\/yH5BAEKAAEALAAAAAABAAEAAAICTAEAOw==\" \/><\/a><\/div><\/div><div id=\"envira-gallery-item-22907\" class=\"envira-gallery-item enviratope-item envira-gallery-item-23 envira-lazy-load\" style=\"padding-left: 5px; padding-bottom: 10px; padding-right: 5px;\"  itemscope itemtype=\"https:\/\/schema.org\/ImageObject\"><div class=\"envira-gallery-item-inner\"><div class=\"envira-gallery-position-overlay  envira-gallery-top-left\"><\/div><div class=\"envira-gallery-position-overlay  envira-gallery-top-right\"><\/div><div class=\"envira-gallery-position-overlay  envira-gallery-bottom-left\"><\/div><div class=\"envira-gallery-position-overlay  envira-gallery-bottom-right\"><\/div><a href=\"https:\/\/www.der-mopedladen.de\/wp-content\/uploads\/2025\/11\/LFC-700-Pro-46.jpg\" class=\"envira-gallery-22933 envira-gallery-link\" rel=\"enviragallery22933\" title=\"LFC 700 Pro 46\" data-envira-caption=\"LFC 700 Pro 46\" data-envira-retina=\"\" data-thumbnail=\"\"  itemprop=\"contentUrl\"><img decoding=\"async\" id=\"envira-gallery-image-22907\" class=\"envira-gallery-image envira-gallery-image-23 envira-normal envira-lazy\" data-envira-index=\"23\" src=\"https:\/\/www.der-mopedladen.de\/wp-content\/uploads\/2025\/11\/LFC-700-Pro-46-1024x683-640x480.jpg\" data-envira-src=\"https:\/\/www.der-mopedladen.de\/wp-content\/uploads\/2025\/11\/LFC-700-Pro-46-1024x683-640x480.jpg\" data-envira-gallery-id=\"22933\" data-envira-item-id=\"22907\" data-envira-caption=\"LFC 700 Pro 46\" alt=\"\" title=\"LFC 700 Pro 46\"  itemprop=\"thumbnailUrl\" data-envira-srcset=\"https:\/\/www.der-mopedladen.de\/wp-content\/uploads\/2025\/11\/LFC-700-Pro-46-1024x683-640x480.jpg 400w,https:\/\/www.der-mopedladen.de\/wp-content\/uploads\/2025\/11\/LFC-700-Pro-46-1024x683-640x480.jpg 2x\" data-envira-width=\"300\" data-envira-height=\"200\" srcset=\"data:image\/gif;base64,R0lGODlhAQABAIAAAP\/\/\/\/\/\/\/yH5BAEKAAEALAAAAAABAAEAAAICTAEAOw==\" data-safe-src=\"data:image\/gif;base64,R0lGODlhAQABAIAAAP\/\/\/\/\/\/\/yH5BAEKAAEALAAAAAABAAEAAAICTAEAOw==\" \/><\/a><\/div><\/div><div id=\"envira-gallery-item-22906\" class=\"envira-gallery-item enviratope-item envira-gallery-item-24 envira-lazy-load\" style=\"padding-left: 5px; padding-bottom: 10px; padding-right: 5px;\"  itemscope itemtype=\"https:\/\/schema.org\/ImageObject\"><div class=\"envira-gallery-item-inner\"><div class=\"envira-gallery-position-overlay  envira-gallery-top-left\"><\/div><div class=\"envira-gallery-position-overlay  envira-gallery-top-right\"><\/div><div class=\"envira-gallery-position-overlay  envira-gallery-bottom-left\"><\/div><div class=\"envira-gallery-position-overlay  envira-gallery-bottom-right\"><\/div><a href=\"https:\/\/www.der-mopedladen.de\/wp-content\/uploads\/2025\/11\/LFC-700-Pro-44.jpg\" class=\"envira-gallery-22933 envira-gallery-link\" rel=\"enviragallery22933\" title=\"LFC 700 Pro 44\" data-envira-caption=\"LFC 700 Pro 44\" data-envira-retina=\"\" data-thumbnail=\"\"  itemprop=\"contentUrl\"><img decoding=\"async\" id=\"envira-gallery-image-22906\" class=\"envira-gallery-image envira-gallery-image-24 envira-normal envira-lazy\" data-envira-index=\"24\" src=\"https:\/\/www.der-mopedladen.de\/wp-content\/uploads\/2025\/11\/LFC-700-Pro-44-683x1024-640x480.jpg\" data-envira-src=\"https:\/\/www.der-mopedladen.de\/wp-content\/uploads\/2025\/11\/LFC-700-Pro-44-683x1024-640x480.jpg\" data-envira-gallery-id=\"22933\" data-envira-item-id=\"22906\" data-envira-caption=\"LFC 700 Pro 44\" alt=\"\" title=\"LFC 700 Pro 44\"  itemprop=\"thumbnailUrl\" data-envira-srcset=\"https:\/\/www.der-mopedladen.de\/wp-content\/uploads\/2025\/11\/LFC-700-Pro-44-683x1024-640x480.jpg 400w,https:\/\/www.der-mopedladen.de\/wp-content\/uploads\/2025\/11\/LFC-700-Pro-44-683x1024-640x480.jpg 2x\" data-envira-width=\"200\" data-envira-height=\"300\" srcset=\"data:image\/gif;base64,R0lGODlhAQABAIAAAP\/\/\/\/\/\/\/yH5BAEKAAEALAAAAAABAAEAAAICTAEAOw==\" data-safe-src=\"data:image\/gif;base64,R0lGODlhAQABAIAAAP\/\/\/\/\/\/\/yH5BAEKAAEALAAAAAABAAEAAAICTAEAOw==\" \/><\/a><\/div><\/div><div id=\"envira-gallery-item-22905\" class=\"envira-gallery-item enviratope-item envira-gallery-item-25 envira-lazy-load\" style=\"padding-left: 5px; padding-bottom: 10px; padding-right: 5px;\"  itemscope itemtype=\"https:\/\/schema.org\/ImageObject\"><div class=\"envira-gallery-item-inner\"><div class=\"envira-gallery-position-overlay  envira-gallery-top-left\"><\/div><div class=\"envira-gallery-position-overlay  envira-gallery-top-right\"><\/div><div class=\"envira-gallery-position-overlay  envira-gallery-bottom-left\"><\/div><div class=\"envira-gallery-position-overlay  envira-gallery-bottom-right\"><\/div><a href=\"https:\/\/www.der-mopedladen.de\/wp-content\/uploads\/2025\/11\/LFC-700-Pro-41.jpg\" class=\"envira-gallery-22933 envira-gallery-link\" rel=\"enviragallery22933\" title=\"LFC 700 Pro 41\" data-envira-caption=\"LFC 700 Pro 41\" data-envira-retina=\"\" data-thumbnail=\"\"  itemprop=\"contentUrl\"><img decoding=\"async\" id=\"envira-gallery-image-22905\" class=\"envira-gallery-image envira-gallery-image-25 envira-normal envira-lazy\" data-envira-index=\"25\" src=\"https:\/\/www.der-mopedladen.de\/wp-content\/uploads\/2025\/11\/LFC-700-Pro-41-1024x683-640x480.jpg\" data-envira-src=\"https:\/\/www.der-mopedladen.de\/wp-content\/uploads\/2025\/11\/LFC-700-Pro-41-1024x683-640x480.jpg\" data-envira-gallery-id=\"22933\" data-envira-item-id=\"22905\" data-envira-caption=\"LFC 700 Pro 41\" alt=\"\" title=\"LFC 700 Pro 41\"  itemprop=\"thumbnailUrl\" data-envira-srcset=\"https:\/\/www.der-mopedladen.de\/wp-content\/uploads\/2025\/11\/LFC-700-Pro-41-1024x683-640x480.jpg 400w,https:\/\/www.der-mopedladen.de\/wp-content\/uploads\/2025\/11\/LFC-700-Pro-41-1024x683-640x480.jpg 2x\" data-envira-width=\"300\" data-envira-height=\"200\" srcset=\"data:image\/gif;base64,R0lGODlhAQABAIAAAP\/\/\/\/\/\/\/yH5BAEKAAEALAAAAAABAAEAAAICTAEAOw==\" data-safe-src=\"data:image\/gif;base64,R0lGODlhAQABAIAAAP\/\/\/\/\/\/\/yH5BAEKAAEALAAAAAABAAEAAAICTAEAOw==\" \/><\/a><\/div><\/div><div id=\"envira-gallery-item-22904\" class=\"envira-gallery-item enviratope-item envira-gallery-item-26 envira-lazy-load\" style=\"padding-left: 5px; padding-bottom: 10px; padding-right: 5px;\"  itemscope itemtype=\"https:\/\/schema.org\/ImageObject\"><div class=\"envira-gallery-item-inner\"><div class=\"envira-gallery-position-overlay  envira-gallery-top-left\"><\/div><div class=\"envira-gallery-position-overlay  envira-gallery-top-right\"><\/div><div class=\"envira-gallery-position-overlay  envira-gallery-bottom-left\"><\/div><div class=\"envira-gallery-position-overlay  envira-gallery-bottom-right\"><\/div><a href=\"https:\/\/www.der-mopedladen.de\/wp-content\/uploads\/2025\/11\/LFC-700-Pro-40.jpg\" class=\"envira-gallery-22933 envira-gallery-link\" rel=\"enviragallery22933\" title=\"LFC 700 Pro 40\" data-envira-caption=\"LFC 700 Pro 40\" data-envira-retina=\"\" data-thumbnail=\"\"  itemprop=\"contentUrl\"><img decoding=\"async\" id=\"envira-gallery-image-22904\" class=\"envira-gallery-image envira-gallery-image-26 envira-normal envira-lazy\" data-envira-index=\"26\" src=\"https:\/\/www.der-mopedladen.de\/wp-content\/uploads\/2025\/11\/LFC-700-Pro-40-683x1024-640x480.jpg\" data-envira-src=\"https:\/\/www.der-mopedladen.de\/wp-content\/uploads\/2025\/11\/LFC-700-Pro-40-683x1024-640x480.jpg\" data-envira-gallery-id=\"22933\" data-envira-item-id=\"22904\" data-envira-caption=\"LFC 700 Pro 40\" alt=\"\" title=\"LFC 700 Pro 40\"  itemprop=\"thumbnailUrl\" data-envira-srcset=\"https:\/\/www.der-mopedladen.de\/wp-content\/uploads\/2025\/11\/LFC-700-Pro-40-683x1024-640x480.jpg 400w,https:\/\/www.der-mopedladen.de\/wp-content\/uploads\/2025\/11\/LFC-700-Pro-40-683x1024-640x480.jpg 2x\" data-envira-width=\"200\" data-envira-height=\"300\" srcset=\"data:image\/gif;base64,R0lGODlhAQABAIAAAP\/\/\/\/\/\/\/yH5BAEKAAEALAAAAAABAAEAAAICTAEAOw==\" data-safe-src=\"data:image\/gif;base64,R0lGODlhAQABAIAAAP\/\/\/\/\/\/\/yH5BAEKAAEALAAAAAABAAEAAAICTAEAOw==\" \/><\/a><\/div><\/div><div id=\"envira-gallery-item-22902\" class=\"envira-gallery-item enviratope-item envira-gallery-item-27 envira-lazy-load\" style=\"padding-left: 5px; padding-bottom: 10px; padding-right: 5px;\"  itemscope itemtype=\"https:\/\/schema.org\/ImageObject\"><div class=\"envira-gallery-item-inner\"><div class=\"envira-gallery-position-overlay  envira-gallery-top-left\"><\/div><div class=\"envira-gallery-position-overlay  envira-gallery-top-right\"><\/div><div class=\"envira-gallery-position-overlay  envira-gallery-bottom-left\"><\/div><div class=\"envira-gallery-position-overlay  envira-gallery-bottom-right\"><\/div><a href=\"https:\/\/www.der-mopedladen.de\/wp-content\/uploads\/2025\/11\/LFC-700-Pro-36.jpg\" class=\"envira-gallery-22933 envira-gallery-link\" rel=\"enviragallery22933\" title=\"LFC 700 Pro 36\" data-envira-caption=\"LFC 700 Pro 36\" data-envira-retina=\"\" data-thumbnail=\"\"  itemprop=\"contentUrl\"><img decoding=\"async\" id=\"envira-gallery-image-22902\" class=\"envira-gallery-image envira-gallery-image-27 envira-normal envira-lazy\" data-envira-index=\"27\" src=\"https:\/\/www.der-mopedladen.de\/wp-content\/uploads\/2025\/11\/LFC-700-Pro-36-1024x683-640x480.jpg\" data-envira-src=\"https:\/\/www.der-mopedladen.de\/wp-content\/uploads\/2025\/11\/LFC-700-Pro-36-1024x683-640x480.jpg\" data-envira-gallery-id=\"22933\" data-envira-item-id=\"22902\" data-envira-caption=\"LFC 700 Pro 36\" alt=\"\" title=\"LFC 700 Pro 36\"  itemprop=\"thumbnailUrl\" data-envira-srcset=\"https:\/\/www.der-mopedladen.de\/wp-content\/uploads\/2025\/11\/LFC-700-Pro-36-1024x683-640x480.jpg 400w,https:\/\/www.der-mopedladen.de\/wp-content\/uploads\/2025\/11\/LFC-700-Pro-36-1024x683-640x480.jpg 2x\" data-envira-width=\"300\" data-envira-height=\"200\" srcset=\"data:image\/gif;base64,R0lGODlhAQABAIAAAP\/\/\/\/\/\/\/yH5BAEKAAEALAAAAAABAAEAAAICTAEAOw==\" data-safe-src=\"data:image\/gif;base64,R0lGODlhAQABAIAAAP\/\/\/\/\/\/\/yH5BAEKAAEALAAAAAABAAEAAAICTAEAOw==\" \/><\/a><\/div><\/div><div id=\"envira-gallery-item-22901\" class=\"envira-gallery-item enviratope-item envira-gallery-item-28 envira-lazy-load\" style=\"padding-left: 5px; padding-bottom: 10px; padding-right: 5px;\"  itemscope itemtype=\"https:\/\/schema.org\/ImageObject\"><div class=\"envira-gallery-item-inner\"><div class=\"envira-gallery-position-overlay  envira-gallery-top-left\"><\/div><div class=\"envira-gallery-position-overlay  envira-gallery-top-right\"><\/div><div class=\"envira-gallery-position-overlay  envira-gallery-bottom-left\"><\/div><div class=\"envira-gallery-position-overlay  envira-gallery-bottom-right\"><\/div><a href=\"https:\/\/www.der-mopedladen.de\/wp-content\/uploads\/2025\/11\/LFC-700-Pro-34.jpg\" class=\"envira-gallery-22933 envira-gallery-link\" rel=\"enviragallery22933\" title=\"LFC 700 Pro 34\" data-envira-caption=\"LFC 700 Pro 34\" data-envira-retina=\"\" data-thumbnail=\"\"  itemprop=\"contentUrl\"><img decoding=\"async\" id=\"envira-gallery-image-22901\" class=\"envira-gallery-image envira-gallery-image-28 envira-normal envira-lazy\" data-envira-index=\"28\" src=\"https:\/\/www.der-mopedladen.de\/wp-content\/uploads\/2025\/11\/LFC-700-Pro-34-1024x683-640x480.jpg\" data-envira-src=\"https:\/\/www.der-mopedladen.de\/wp-content\/uploads\/2025\/11\/LFC-700-Pro-34-1024x683-640x480.jpg\" data-envira-gallery-id=\"22933\" data-envira-item-id=\"22901\" data-envira-caption=\"LFC 700 Pro 34\" alt=\"\" title=\"LFC 700 Pro 34\"  itemprop=\"thumbnailUrl\" data-envira-srcset=\"https:\/\/www.der-mopedladen.de\/wp-content\/uploads\/2025\/11\/LFC-700-Pro-34-1024x683-640x480.jpg 400w,https:\/\/www.der-mopedladen.de\/wp-content\/uploads\/2025\/11\/LFC-700-Pro-34-1024x683-640x480.jpg 2x\" data-envira-width=\"300\" data-envira-height=\"200\" srcset=\"data:image\/gif;base64,R0lGODlhAQABAIAAAP\/\/\/\/\/\/\/yH5BAEKAAEALAAAAAABAAEAAAICTAEAOw==\" data-safe-src=\"data:image\/gif;base64,R0lGODlhAQABAIAAAP\/\/\/\/\/\/\/yH5BAEKAAEALAAAAAABAAEAAAICTAEAOw==\" \/><\/a><\/div><\/div><div id=\"envira-gallery-item-22900\" class=\"envira-gallery-item enviratope-item envira-gallery-item-29 envira-lazy-load\" style=\"padding-left: 5px; padding-bottom: 10px; padding-right: 5px;\"  itemscope itemtype=\"https:\/\/schema.org\/ImageObject\"><div class=\"envira-gallery-item-inner\"><div class=\"envira-gallery-position-overlay  envira-gallery-top-left\"><\/div><div class=\"envira-gallery-position-overlay  envira-gallery-top-right\"><\/div><div class=\"envira-gallery-position-overlay  envira-gallery-bottom-left\"><\/div><div class=\"envira-gallery-position-overlay  envira-gallery-bottom-right\"><\/div><a href=\"https:\/\/www.der-mopedladen.de\/wp-content\/uploads\/2025\/11\/LFC-700-Pro-32.jpg\" class=\"envira-gallery-22933 envira-gallery-link\" rel=\"enviragallery22933\" title=\"LFC 700 Pro 32\" data-envira-caption=\"LFC 700 Pro 32\" data-envira-retina=\"\" data-thumbnail=\"\"  itemprop=\"contentUrl\"><img decoding=\"async\" id=\"envira-gallery-image-22900\" class=\"envira-gallery-image envira-gallery-image-29 envira-normal envira-lazy\" data-envira-index=\"29\" src=\"https:\/\/www.der-mopedladen.de\/wp-content\/uploads\/2025\/11\/LFC-700-Pro-32-683x1024-640x480.jpg\" data-envira-src=\"https:\/\/www.der-mopedladen.de\/wp-content\/uploads\/2025\/11\/LFC-700-Pro-32-683x1024-640x480.jpg\" data-envira-gallery-id=\"22933\" data-envira-item-id=\"22900\" data-envira-caption=\"LFC 700 Pro 32\" alt=\"\" title=\"LFC 700 Pro 32\"  itemprop=\"thumbnailUrl\" data-envira-srcset=\"https:\/\/www.der-mopedladen.de\/wp-content\/uploads\/2025\/11\/LFC-700-Pro-32-683x1024-640x480.jpg 400w,https:\/\/www.der-mopedladen.de\/wp-content\/uploads\/2025\/11\/LFC-700-Pro-32-683x1024-640x480.jpg 2x\" data-envira-width=\"200\" data-envira-height=\"300\" srcset=\"data:image\/gif;base64,R0lGODlhAQABAIAAAP\/\/\/\/\/\/\/yH5BAEKAAEALAAAAAABAAEAAAICTAEAOw==\" data-safe-src=\"data:image\/gif;base64,R0lGODlhAQABAIAAAP\/\/\/\/\/\/\/yH5BAEKAAEALAAAAAABAAEAAAICTAEAOw==\" \/><\/a><\/div><\/div><div id=\"envira-gallery-item-22899\" class=\"envira-gallery-item enviratope-item envira-gallery-item-30 envira-lazy-load\" style=\"padding-left: 5px; padding-bottom: 10px; padding-right: 5px;\"  itemscope itemtype=\"https:\/\/schema.org\/ImageObject\"><div class=\"envira-gallery-item-inner\"><div class=\"envira-gallery-position-overlay  envira-gallery-top-left\"><\/div><div class=\"envira-gallery-position-overlay  envira-gallery-top-right\"><\/div><div class=\"envira-gallery-position-overlay  envira-gallery-bottom-left\"><\/div><div class=\"envira-gallery-position-overlay  envira-gallery-bottom-right\"><\/div><a href=\"https:\/\/www.der-mopedladen.de\/wp-content\/uploads\/2025\/11\/LFC-700-Pro-31.jpg\" class=\"envira-gallery-22933 envira-gallery-link\" rel=\"enviragallery22933\" title=\"LFC 700 Pro 31\" data-envira-caption=\"LFC 700 Pro 31\" data-envira-retina=\"\" data-thumbnail=\"\"  itemprop=\"contentUrl\"><img decoding=\"async\" id=\"envira-gallery-image-22899\" class=\"envira-gallery-image envira-gallery-image-30 envira-normal envira-lazy\" data-envira-index=\"30\" src=\"https:\/\/www.der-mopedladen.de\/wp-content\/uploads\/2025\/11\/LFC-700-Pro-31-1024x683-640x480.jpg\" data-envira-src=\"https:\/\/www.der-mopedladen.de\/wp-content\/uploads\/2025\/11\/LFC-700-Pro-31-1024x683-640x480.jpg\" data-envira-gallery-id=\"22933\" data-envira-item-id=\"22899\" data-envira-caption=\"LFC 700 Pro 31\" alt=\"\" title=\"LFC 700 Pro 31\"  itemprop=\"thumbnailUrl\" data-envira-srcset=\"https:\/\/www.der-mopedladen.de\/wp-content\/uploads\/2025\/11\/LFC-700-Pro-31-1024x683-640x480.jpg 400w,https:\/\/www.der-mopedladen.de\/wp-content\/uploads\/2025\/11\/LFC-700-Pro-31-1024x683-640x480.jpg 2x\" data-envira-width=\"300\" data-envira-height=\"200\" srcset=\"data:image\/gif;base64,R0lGODlhAQABAIAAAP\/\/\/\/\/\/\/yH5BAEKAAEALAAAAAABAAEAAAICTAEAOw==\" data-safe-src=\"data:image\/gif;base64,R0lGODlhAQABAIAAAP\/\/\/\/\/\/\/yH5BAEKAAEALAAAAAABAAEAAAICTAEAOw==\" \/><\/a><\/div><\/div><div id=\"envira-gallery-item-22898\" class=\"envira-gallery-item enviratope-item envira-gallery-item-31 envira-lazy-load\" style=\"padding-left: 5px; padding-bottom: 10px; padding-right: 5px;\"  itemscope itemtype=\"https:\/\/schema.org\/ImageObject\"><div class=\"envira-gallery-item-inner\"><div class=\"envira-gallery-position-overlay  envira-gallery-top-left\"><\/div><div class=\"envira-gallery-position-overlay  envira-gallery-top-right\"><\/div><div class=\"envira-gallery-position-overlay  envira-gallery-bottom-left\"><\/div><div class=\"envira-gallery-position-overlay  envira-gallery-bottom-right\"><\/div><a href=\"https:\/\/www.der-mopedladen.de\/wp-content\/uploads\/2025\/11\/LFC-700-Pro-30.jpg\" class=\"envira-gallery-22933 envira-gallery-link\" rel=\"enviragallery22933\" title=\"LFC 700 Pro 30\" data-envira-caption=\"LFC 700 Pro 30\" data-envira-retina=\"\" data-thumbnail=\"\"  itemprop=\"contentUrl\"><img decoding=\"async\" id=\"envira-gallery-image-22898\" class=\"envira-gallery-image envira-gallery-image-31 envira-normal envira-lazy\" data-envira-index=\"31\" src=\"https:\/\/www.der-mopedladen.de\/wp-content\/uploads\/2025\/11\/LFC-700-Pro-30-1024x683-640x480.jpg\" data-envira-src=\"https:\/\/www.der-mopedladen.de\/wp-content\/uploads\/2025\/11\/LFC-700-Pro-30-1024x683-640x480.jpg\" data-envira-gallery-id=\"22933\" data-envira-item-id=\"22898\" data-envira-caption=\"LFC 700 Pro 30\" alt=\"\" title=\"LFC 700 Pro 30\"  itemprop=\"thumbnailUrl\" data-envira-srcset=\"https:\/\/www.der-mopedladen.de\/wp-content\/uploads\/2025\/11\/LFC-700-Pro-30-1024x683-640x480.jpg 400w,https:\/\/www.der-mopedladen.de\/wp-content\/uploads\/2025\/11\/LFC-700-Pro-30-1024x683-640x480.jpg 2x\" data-envira-width=\"300\" data-envira-height=\"200\" srcset=\"data:image\/gif;base64,R0lGODlhAQABAIAAAP\/\/\/\/\/\/\/yH5BAEKAAEALAAAAAABAAEAAAICTAEAOw==\" data-safe-src=\"data:image\/gif;base64,R0lGODlhAQABAIAAAP\/\/\/\/\/\/\/yH5BAEKAAEALAAAAAABAAEAAAICTAEAOw==\" \/><\/a><\/div><\/div><div id=\"envira-gallery-item-22897\" class=\"envira-gallery-item enviratope-item envira-gallery-item-32 envira-lazy-load\" style=\"padding-left: 5px; padding-bottom: 10px; padding-right: 5px;\"  itemscope itemtype=\"https:\/\/schema.org\/ImageObject\"><div class=\"envira-gallery-item-inner\"><div class=\"envira-gallery-position-overlay  envira-gallery-top-left\"><\/div><div class=\"envira-gallery-position-overlay  envira-gallery-top-right\"><\/div><div class=\"envira-gallery-position-overlay  envira-gallery-bottom-left\"><\/div><div class=\"envira-gallery-position-overlay  envira-gallery-bottom-right\"><\/div><a href=\"https:\/\/www.der-mopedladen.de\/wp-content\/uploads\/2025\/11\/LFC-700-Pro-26.jpg\" class=\"envira-gallery-22933 envira-gallery-link\" rel=\"enviragallery22933\" title=\"PixCake\" data-envira-caption=\"PixCake\" data-envira-retina=\"\" data-thumbnail=\"\"  itemprop=\"contentUrl\"><img decoding=\"async\" id=\"envira-gallery-image-22897\" class=\"envira-gallery-image envira-gallery-image-32 envira-normal envira-lazy\" data-envira-index=\"32\" src=\"https:\/\/www.der-mopedladen.de\/wp-content\/uploads\/2025\/11\/LFC-700-Pro-26-683x1024-640x480.jpg\" data-envira-src=\"https:\/\/www.der-mopedladen.de\/wp-content\/uploads\/2025\/11\/LFC-700-Pro-26-683x1024-640x480.jpg\" data-envira-gallery-id=\"22933\" data-envira-item-id=\"22897\" data-envira-caption=\"PixCake\" alt=\"\" title=\"PixCake\"  itemprop=\"thumbnailUrl\" data-envira-srcset=\"https:\/\/www.der-mopedladen.de\/wp-content\/uploads\/2025\/11\/LFC-700-Pro-26-683x1024-640x480.jpg 400w,https:\/\/www.der-mopedladen.de\/wp-content\/uploads\/2025\/11\/LFC-700-Pro-26-683x1024-640x480.jpg 2x\" data-envira-width=\"200\" data-envira-height=\"300\" srcset=\"data:image\/gif;base64,R0lGODlhAQABAIAAAP\/\/\/\/\/\/\/yH5BAEKAAEALAAAAAABAAEAAAICTAEAOw==\" data-safe-src=\"data:image\/gif;base64,R0lGODlhAQABAIAAAP\/\/\/\/\/\/\/yH5BAEKAAEALAAAAAABAAEAAAICTAEAOw==\" \/><\/a><\/div><\/div><div id=\"envira-gallery-item-22896\" class=\"envira-gallery-item enviratope-item envira-gallery-item-33 envira-lazy-load\" style=\"padding-left: 5px; padding-bottom: 10px; padding-right: 5px;\"  itemscope itemtype=\"https:\/\/schema.org\/ImageObject\"><div class=\"envira-gallery-item-inner\"><div class=\"envira-gallery-position-overlay  envira-gallery-top-left\"><\/div><div class=\"envira-gallery-position-overlay  envira-gallery-top-right\"><\/div><div class=\"envira-gallery-position-overlay  envira-gallery-bottom-left\"><\/div><div class=\"envira-gallery-position-overlay  envira-gallery-bottom-right\"><\/div><a href=\"https:\/\/www.der-mopedladen.de\/wp-content\/uploads\/2025\/11\/LFC-700-Pro-25.jpg\" class=\"envira-gallery-22933 envira-gallery-link\" rel=\"enviragallery22933\" title=\"LFC 700 Pro 25\" data-envira-caption=\"LFC 700 Pro 25\" data-envira-retina=\"\" data-thumbnail=\"\"  itemprop=\"contentUrl\"><img decoding=\"async\" id=\"envira-gallery-image-22896\" class=\"envira-gallery-image envira-gallery-image-33 envira-normal envira-lazy\" data-envira-index=\"33\" src=\"https:\/\/www.der-mopedladen.de\/wp-content\/uploads\/2025\/11\/LFC-700-Pro-25-683x1024-640x480.jpg\" data-envira-src=\"https:\/\/www.der-mopedladen.de\/wp-content\/uploads\/2025\/11\/LFC-700-Pro-25-683x1024-640x480.jpg\" data-envira-gallery-id=\"22933\" data-envira-item-id=\"22896\" data-envira-caption=\"LFC 700 Pro 25\" alt=\"\" title=\"LFC 700 Pro 25\"  itemprop=\"thumbnailUrl\" data-envira-srcset=\"https:\/\/www.der-mopedladen.de\/wp-content\/uploads\/2025\/11\/LFC-700-Pro-25-683x1024-640x480.jpg 400w,https:\/\/www.der-mopedladen.de\/wp-content\/uploads\/2025\/11\/LFC-700-Pro-25-683x1024-640x480.jpg 2x\" data-envira-width=\"200\" data-envira-height=\"300\" srcset=\"data:image\/gif;base64,R0lGODlhAQABAIAAAP\/\/\/\/\/\/\/yH5BAEKAAEALAAAAAABAAEAAAICTAEAOw==\" data-safe-src=\"data:image\/gif;base64,R0lGODlhAQABAIAAAP\/\/\/\/\/\/\/yH5BAEKAAEALAAAAAABAAEAAAICTAEAOw==\" \/><\/a><\/div><\/div><div id=\"envira-gallery-item-22894\" class=\"envira-gallery-item enviratope-item envira-gallery-item-34 envira-lazy-load\" style=\"padding-left: 5px; padding-bottom: 10px; padding-right: 5px;\"  itemscope itemtype=\"https:\/\/schema.org\/ImageObject\"><div class=\"envira-gallery-item-inner\"><div class=\"envira-gallery-position-overlay  envira-gallery-top-left\"><\/div><div class=\"envira-gallery-position-overlay  envira-gallery-top-right\"><\/div><div class=\"envira-gallery-position-overlay  envira-gallery-bottom-left\"><\/div><div class=\"envira-gallery-position-overlay  envira-gallery-bottom-right\"><\/div><a href=\"https:\/\/www.der-mopedladen.de\/wp-content\/uploads\/2025\/11\/LFC-700-Pro-21.jpg\" class=\"envira-gallery-22933 envira-gallery-link\" rel=\"enviragallery22933\" title=\"LFC 700 Pro 21\" data-envira-caption=\"LFC 700 Pro 21\" data-envira-retina=\"\" data-thumbnail=\"\"  itemprop=\"contentUrl\"><img decoding=\"async\" id=\"envira-gallery-image-22894\" class=\"envira-gallery-image envira-gallery-image-34 envira-normal envira-lazy\" data-envira-index=\"34\" src=\"https:\/\/www.der-mopedladen.de\/wp-content\/uploads\/2025\/11\/LFC-700-Pro-21-683x1024-640x480.jpg\" data-envira-src=\"https:\/\/www.der-mopedladen.de\/wp-content\/uploads\/2025\/11\/LFC-700-Pro-21-683x1024-640x480.jpg\" data-envira-gallery-id=\"22933\" data-envira-item-id=\"22894\" data-envira-caption=\"LFC 700 Pro 21\" alt=\"\" title=\"LFC 700 Pro 21\"  itemprop=\"thumbnailUrl\" data-envira-srcset=\"https:\/\/www.der-mopedladen.de\/wp-content\/uploads\/2025\/11\/LFC-700-Pro-21-683x1024-640x480.jpg 400w,https:\/\/www.der-mopedladen.de\/wp-content\/uploads\/2025\/11\/LFC-700-Pro-21-683x1024-640x480.jpg 2x\" data-envira-width=\"200\" data-envira-height=\"300\" srcset=\"data:image\/gif;base64,R0lGODlhAQABAIAAAP\/\/\/\/\/\/\/yH5BAEKAAEALAAAAAABAAEAAAICTAEAOw==\" data-safe-src=\"data:image\/gif;base64,R0lGODlhAQABAIAAAP\/\/\/\/\/\/\/yH5BAEKAAEALAAAAAABAAEAAAICTAEAOw==\" \/><\/a><\/div><\/div><div id=\"envira-gallery-item-22892\" class=\"envira-gallery-item enviratope-item envira-gallery-item-35 envira-lazy-load\" style=\"padding-left: 5px; padding-bottom: 10px; padding-right: 5px;\"  itemscope itemtype=\"https:\/\/schema.org\/ImageObject\"><div class=\"envira-gallery-item-inner\"><div class=\"envira-gallery-position-overlay  envira-gallery-top-left\"><\/div><div class=\"envira-gallery-position-overlay  envira-gallery-top-right\"><\/div><div class=\"envira-gallery-position-overlay  envira-gallery-bottom-left\"><\/div><div class=\"envira-gallery-position-overlay  envira-gallery-bottom-right\"><\/div><a href=\"https:\/\/www.der-mopedladen.de\/wp-content\/uploads\/2025\/11\/LFC-700-Pro-19.jpg\" class=\"envira-gallery-22933 envira-gallery-link\" rel=\"enviragallery22933\" title=\"PixCake\" data-envira-caption=\"PixCake\" data-envira-retina=\"\" data-thumbnail=\"\"  itemprop=\"contentUrl\"><img decoding=\"async\" id=\"envira-gallery-image-22892\" class=\"envira-gallery-image envira-gallery-image-35 envira-normal envira-lazy\" data-envira-index=\"35\" src=\"https:\/\/www.der-mopedladen.de\/wp-content\/uploads\/2025\/11\/LFC-700-Pro-19-1024x683-640x480.jpg\" data-envira-src=\"https:\/\/www.der-mopedladen.de\/wp-content\/uploads\/2025\/11\/LFC-700-Pro-19-1024x683-640x480.jpg\" data-envira-gallery-id=\"22933\" data-envira-item-id=\"22892\" data-envira-caption=\"PixCake\" alt=\"\" title=\"PixCake\"  itemprop=\"thumbnailUrl\" data-envira-srcset=\"https:\/\/www.der-mopedladen.de\/wp-content\/uploads\/2025\/11\/LFC-700-Pro-19-1024x683-640x480.jpg 400w,https:\/\/www.der-mopedladen.de\/wp-content\/uploads\/2025\/11\/LFC-700-Pro-19-1024x683-640x480.jpg 2x\" data-envira-width=\"300\" data-envira-height=\"200\" srcset=\"data:image\/gif;base64,R0lGODlhAQABAIAAAP\/\/\/\/\/\/\/yH5BAEKAAEALAAAAAABAAEAAAICTAEAOw==\" data-safe-src=\"data:image\/gif;base64,R0lGODlhAQABAIAAAP\/\/\/\/\/\/\/yH5BAEKAAEALAAAAAABAAEAAAICTAEAOw==\" \/><\/a><\/div><\/div><div id=\"envira-gallery-item-22891\" class=\"envira-gallery-item enviratope-item envira-gallery-item-36 envira-lazy-load\" style=\"padding-left: 5px; padding-bottom: 10px; padding-right: 5px;\"  itemscope itemtype=\"https:\/\/schema.org\/ImageObject\"><div class=\"envira-gallery-item-inner\"><div class=\"envira-gallery-position-overlay  envira-gallery-top-left\"><\/div><div class=\"envira-gallery-position-overlay  envira-gallery-top-right\"><\/div><div class=\"envira-gallery-position-overlay  envira-gallery-bottom-left\"><\/div><div class=\"envira-gallery-position-overlay  envira-gallery-bottom-right\"><\/div><a href=\"https:\/\/www.der-mopedladen.de\/wp-content\/uploads\/2025\/11\/LFC-700-Pro-18.jpg\" class=\"envira-gallery-22933 envira-gallery-link\" rel=\"enviragallery22933\" title=\"LFC 700 Pro 18\" data-envira-caption=\"LFC 700 Pro 18\" data-envira-retina=\"\" data-thumbnail=\"\"  itemprop=\"contentUrl\"><img decoding=\"async\" id=\"envira-gallery-image-22891\" class=\"envira-gallery-image envira-gallery-image-36 envira-normal envira-lazy\" data-envira-index=\"36\" src=\"https:\/\/www.der-mopedladen.de\/wp-content\/uploads\/2025\/11\/LFC-700-Pro-18-1024x683-640x480.jpg\" data-envira-src=\"https:\/\/www.der-mopedladen.de\/wp-content\/uploads\/2025\/11\/LFC-700-Pro-18-1024x683-640x480.jpg\" data-envira-gallery-id=\"22933\" data-envira-item-id=\"22891\" data-envira-caption=\"LFC 700 Pro 18\" alt=\"\" title=\"LFC 700 Pro 18\"  itemprop=\"thumbnailUrl\" data-envira-srcset=\"https:\/\/www.der-mopedladen.de\/wp-content\/uploads\/2025\/11\/LFC-700-Pro-18-1024x683-640x480.jpg 400w,https:\/\/www.der-mopedladen.de\/wp-content\/uploads\/2025\/11\/LFC-700-Pro-18-1024x683-640x480.jpg 2x\" data-envira-width=\"300\" data-envira-height=\"200\" srcset=\"data:image\/gif;base64,R0lGODlhAQABAIAAAP\/\/\/\/\/\/\/yH5BAEKAAEALAAAAAABAAEAAAICTAEAOw==\" data-safe-src=\"data:image\/gif;base64,R0lGODlhAQABAIAAAP\/\/\/\/\/\/\/yH5BAEKAAEALAAAAAABAAEAAAICTAEAOw==\" \/><\/a><\/div><\/div><div id=\"envira-gallery-item-22890\" class=\"envira-gallery-item enviratope-item envira-gallery-item-37 envira-lazy-load\" style=\"padding-left: 5px; padding-bottom: 10px; padding-right: 5px;\"  itemscope itemtype=\"https:\/\/schema.org\/ImageObject\"><div class=\"envira-gallery-item-inner\"><div class=\"envira-gallery-position-overlay  envira-gallery-top-left\"><\/div><div class=\"envira-gallery-position-overlay  envira-gallery-top-right\"><\/div><div class=\"envira-gallery-position-overlay  envira-gallery-bottom-left\"><\/div><div class=\"envira-gallery-position-overlay  envira-gallery-bottom-right\"><\/div><a href=\"https:\/\/www.der-mopedladen.de\/wp-content\/uploads\/2025\/11\/LFC-700-Pro-16.jpg\" class=\"envira-gallery-22933 envira-gallery-link\" rel=\"enviragallery22933\" title=\"LFC 700 Pro 16\" data-envira-caption=\"LFC 700 Pro 16\" data-envira-retina=\"\" data-thumbnail=\"\"  itemprop=\"contentUrl\"><img decoding=\"async\" id=\"envira-gallery-image-22890\" class=\"envira-gallery-image envira-gallery-image-37 envira-normal envira-lazy\" data-envira-index=\"37\" src=\"https:\/\/www.der-mopedladen.de\/wp-content\/uploads\/2025\/11\/LFC-700-Pro-16-1024x683-640x480.jpg\" data-envira-src=\"https:\/\/www.der-mopedladen.de\/wp-content\/uploads\/2025\/11\/LFC-700-Pro-16-1024x683-640x480.jpg\" data-envira-gallery-id=\"22933\" data-envira-item-id=\"22890\" data-envira-caption=\"LFC 700 Pro 16\" alt=\"\" title=\"LFC 700 Pro 16\"  itemprop=\"thumbnailUrl\" data-envira-srcset=\"https:\/\/www.der-mopedladen.de\/wp-content\/uploads\/2025\/11\/LFC-700-Pro-16-1024x683-640x480.jpg 400w,https:\/\/www.der-mopedladen.de\/wp-content\/uploads\/2025\/11\/LFC-700-Pro-16-1024x683-640x480.jpg 2x\" data-envira-width=\"300\" data-envira-height=\"200\" srcset=\"data:image\/gif;base64,R0lGODlhAQABAIAAAP\/\/\/\/\/\/\/yH5BAEKAAEALAAAAAABAAEAAAICTAEAOw==\" data-safe-src=\"data:image\/gif;base64,R0lGODlhAQABAIAAAP\/\/\/\/\/\/\/yH5BAEKAAEALAAAAAABAAEAAAICTAEAOw==\" \/><\/a><\/div><\/div><div id=\"envira-gallery-item-22889\" class=\"envira-gallery-item enviratope-item envira-gallery-item-38 envira-lazy-load\" style=\"padding-left: 5px; padding-bottom: 10px; padding-right: 5px;\"  itemscope itemtype=\"https:\/\/schema.org\/ImageObject\"><div class=\"envira-gallery-item-inner\"><div class=\"envira-gallery-position-overlay  envira-gallery-top-left\"><\/div><div class=\"envira-gallery-position-overlay  envira-gallery-top-right\"><\/div><div class=\"envira-gallery-position-overlay  envira-gallery-bottom-left\"><\/div><div class=\"envira-gallery-position-overlay  envira-gallery-bottom-right\"><\/div><a href=\"https:\/\/www.der-mopedladen.de\/wp-content\/uploads\/2025\/11\/LFC-700-Pro-15.jpg\" class=\"envira-gallery-22933 envira-gallery-link\" rel=\"enviragallery22933\" title=\"PixCake\" data-envira-caption=\"PixCake\" data-envira-retina=\"\" data-thumbnail=\"\"  itemprop=\"contentUrl\"><img decoding=\"async\" id=\"envira-gallery-image-22889\" class=\"envira-gallery-image envira-gallery-image-38 envira-normal envira-lazy\" data-envira-index=\"38\" src=\"https:\/\/www.der-mopedladen.de\/wp-content\/uploads\/2025\/11\/LFC-700-Pro-15-1024x683-640x480.jpg\" data-envira-src=\"https:\/\/www.der-mopedladen.de\/wp-content\/uploads\/2025\/11\/LFC-700-Pro-15-1024x683-640x480.jpg\" data-envira-gallery-id=\"22933\" data-envira-item-id=\"22889\" data-envira-caption=\"PixCake\" alt=\"\" title=\"PixCake\"  itemprop=\"thumbnailUrl\" data-envira-srcset=\"https:\/\/www.der-mopedladen.de\/wp-content\/uploads\/2025\/11\/LFC-700-Pro-15-1024x683-640x480.jpg 400w,https:\/\/www.der-mopedladen.de\/wp-content\/uploads\/2025\/11\/LFC-700-Pro-15-1024x683-640x480.jpg 2x\" data-envira-width=\"300\" data-envira-height=\"200\" srcset=\"data:image\/gif;base64,R0lGODlhAQABAIAAAP\/\/\/\/\/\/\/yH5BAEKAAEALAAAAAABAAEAAAICTAEAOw==\" data-safe-src=\"data:image\/gif;base64,R0lGODlhAQABAIAAAP\/\/\/\/\/\/\/yH5BAEKAAEALAAAAAABAAEAAAICTAEAOw==\" \/><\/a><\/div><\/div><div id=\"envira-gallery-item-22888\" class=\"envira-gallery-item enviratope-item envira-gallery-item-39 envira-lazy-load\" style=\"padding-left: 5px; padding-bottom: 10px; padding-right: 5px;\"  itemscope itemtype=\"https:\/\/schema.org\/ImageObject\"><div class=\"envira-gallery-item-inner\"><div class=\"envira-gallery-position-overlay  envira-gallery-top-left\"><\/div><div class=\"envira-gallery-position-overlay  envira-gallery-top-right\"><\/div><div class=\"envira-gallery-position-overlay  envira-gallery-bottom-left\"><\/div><div class=\"envira-gallery-position-overlay  envira-gallery-bottom-right\"><\/div><a href=\"https:\/\/www.der-mopedladen.de\/wp-content\/uploads\/2025\/11\/LFC-700-Pro-14.jpg\" class=\"envira-gallery-22933 envira-gallery-link\" rel=\"enviragallery22933\" title=\"PixCake\" data-envira-caption=\"PixCake\" data-envira-retina=\"\" data-thumbnail=\"\"  itemprop=\"contentUrl\"><img decoding=\"async\" id=\"envira-gallery-image-22888\" class=\"envira-gallery-image envira-gallery-image-39 envira-normal envira-lazy\" data-envira-index=\"39\" src=\"https:\/\/www.der-mopedladen.de\/wp-content\/uploads\/2025\/11\/LFC-700-Pro-14-1024x683-640x480.jpg\" data-envira-src=\"https:\/\/www.der-mopedladen.de\/wp-content\/uploads\/2025\/11\/LFC-700-Pro-14-1024x683-640x480.jpg\" data-envira-gallery-id=\"22933\" data-envira-item-id=\"22888\" data-envira-caption=\"PixCake\" alt=\"\" title=\"PixCake\"  itemprop=\"thumbnailUrl\" data-envira-srcset=\"https:\/\/www.der-mopedladen.de\/wp-content\/uploads\/2025\/11\/LFC-700-Pro-14-1024x683-640x480.jpg 400w,https:\/\/www.der-mopedladen.de\/wp-content\/uploads\/2025\/11\/LFC-700-Pro-14-1024x683-640x480.jpg 2x\" data-envira-width=\"300\" data-envira-height=\"200\" srcset=\"data:image\/gif;base64,R0lGODlhAQABAIAAAP\/\/\/\/\/\/\/yH5BAEKAAEALAAAAAABAAEAAAICTAEAOw==\" data-safe-src=\"data:image\/gif;base64,R0lGODlhAQABAIAAAP\/\/\/\/\/\/\/yH5BAEKAAEALAAAAAABAAEAAAICTAEAOw==\" \/><\/a><\/div><\/div><div id=\"envira-gallery-item-22886\" class=\"envira-gallery-item enviratope-item envira-gallery-item-40 envira-lazy-load\" style=\"padding-left: 5px; padding-bottom: 10px; padding-right: 5px;\"  itemscope itemtype=\"https:\/\/schema.org\/ImageObject\"><div class=\"envira-gallery-item-inner\"><div class=\"envira-gallery-position-overlay  envira-gallery-top-left\"><\/div><div class=\"envira-gallery-position-overlay  envira-gallery-top-right\"><\/div><div class=\"envira-gallery-position-overlay  envira-gallery-bottom-left\"><\/div><div class=\"envira-gallery-position-overlay  envira-gallery-bottom-right\"><\/div><a href=\"https:\/\/www.der-mopedladen.de\/wp-content\/uploads\/2025\/11\/LFC-700-Pro-11.jpg\" class=\"envira-gallery-22933 envira-gallery-link\" rel=\"enviragallery22933\" title=\"PixCake\" data-envira-caption=\"PixCake\" data-envira-retina=\"\" data-thumbnail=\"\"  itemprop=\"contentUrl\"><img decoding=\"async\" id=\"envira-gallery-image-22886\" class=\"envira-gallery-image envira-gallery-image-40 envira-normal envira-lazy\" data-envira-index=\"40\" src=\"https:\/\/www.der-mopedladen.de\/wp-content\/uploads\/2025\/11\/LFC-700-Pro-11-1024x683-640x480.jpg\" data-envira-src=\"https:\/\/www.der-mopedladen.de\/wp-content\/uploads\/2025\/11\/LFC-700-Pro-11-1024x683-640x480.jpg\" data-envira-gallery-id=\"22933\" data-envira-item-id=\"22886\" data-envira-caption=\"PixCake\" alt=\"\" title=\"PixCake\"  itemprop=\"thumbnailUrl\" data-envira-srcset=\"https:\/\/www.der-mopedladen.de\/wp-content\/uploads\/2025\/11\/LFC-700-Pro-11-1024x683-640x480.jpg 400w,https:\/\/www.der-mopedladen.de\/wp-content\/uploads\/2025\/11\/LFC-700-Pro-11-1024x683-640x480.jpg 2x\" data-envira-width=\"300\" data-envira-height=\"200\" srcset=\"data:image\/gif;base64,R0lGODlhAQABAIAAAP\/\/\/\/\/\/\/yH5BAEKAAEALAAAAAABAAEAAAICTAEAOw==\" data-safe-src=\"data:image\/gif;base64,R0lGODlhAQABAIAAAP\/\/\/\/\/\/\/yH5BAEKAAEALAAAAAABAAEAAAICTAEAOw==\" \/><\/a><\/div><\/div><div id=\"envira-gallery-item-22885\" class=\"envira-gallery-item enviratope-item envira-gallery-item-41 envira-lazy-load\" style=\"padding-left: 5px; padding-bottom: 10px; padding-right: 5px;\"  itemscope itemtype=\"https:\/\/schema.org\/ImageObject\"><div class=\"envira-gallery-item-inner\"><div class=\"envira-gallery-position-overlay  envira-gallery-top-left\"><\/div><div class=\"envira-gallery-position-overlay  envira-gallery-top-right\"><\/div><div class=\"envira-gallery-position-overlay  envira-gallery-bottom-left\"><\/div><div class=\"envira-gallery-position-overlay  envira-gallery-bottom-right\"><\/div><a href=\"https:\/\/www.der-mopedladen.de\/wp-content\/uploads\/2025\/11\/LFC-700-Pro-07.jpg\" class=\"envira-gallery-22933 envira-gallery-link\" rel=\"enviragallery22933\" title=\"LFC 700 Pro 07\" data-envira-caption=\"LFC 700 Pro 07\" data-envira-retina=\"\" data-thumbnail=\"\"  itemprop=\"contentUrl\"><img decoding=\"async\" id=\"envira-gallery-image-22885\" class=\"envira-gallery-image envira-gallery-image-41 envira-normal envira-lazy\" data-envira-index=\"41\" src=\"https:\/\/www.der-mopedladen.de\/wp-content\/uploads\/2025\/11\/LFC-700-Pro-07-1024x683-640x480.jpg\" data-envira-src=\"https:\/\/www.der-mopedladen.de\/wp-content\/uploads\/2025\/11\/LFC-700-Pro-07-1024x683-640x480.jpg\" data-envira-gallery-id=\"22933\" data-envira-item-id=\"22885\" data-envira-caption=\"LFC 700 Pro 07\" alt=\"\" title=\"LFC 700 Pro 07\"  itemprop=\"thumbnailUrl\" data-envira-srcset=\"https:\/\/www.der-mopedladen.de\/wp-content\/uploads\/2025\/11\/LFC-700-Pro-07-1024x683-640x480.jpg 400w,https:\/\/www.der-mopedladen.de\/wp-content\/uploads\/2025\/11\/LFC-700-Pro-07-1024x683-640x480.jpg 2x\" data-envira-width=\"300\" data-envira-height=\"200\" srcset=\"data:image\/gif;base64,R0lGODlhAQABAIAAAP\/\/\/\/\/\/\/yH5BAEKAAEALAAAAAABAAEAAAICTAEAOw==\" data-safe-src=\"data:image\/gif;base64,R0lGODlhAQABAIAAAP\/\/\/\/\/\/\/yH5BAEKAAEALAAAAAABAAEAAAICTAEAOw==\" \/><\/a><\/div><\/div><div id=\"envira-gallery-item-22884\" class=\"envira-gallery-item enviratope-item envira-gallery-item-42 envira-lazy-load\" style=\"padding-left: 5px; padding-bottom: 10px; padding-right: 5px;\"  itemscope itemtype=\"https:\/\/schema.org\/ImageObject\"><div class=\"envira-gallery-item-inner\"><div class=\"envira-gallery-position-overlay  envira-gallery-top-left\"><\/div><div class=\"envira-gallery-position-overlay  envira-gallery-top-right\"><\/div><div class=\"envira-gallery-position-overlay  envira-gallery-bottom-left\"><\/div><div class=\"envira-gallery-position-overlay  envira-gallery-bottom-right\"><\/div><a href=\"https:\/\/www.der-mopedladen.de\/wp-content\/uploads\/2025\/11\/LFC-700-Pro-05.jpg\" class=\"envira-gallery-22933 envira-gallery-link\" rel=\"enviragallery22933\" title=\"PixCake\" data-envira-caption=\"PixCake\" data-envira-retina=\"\" data-thumbnail=\"\"  itemprop=\"contentUrl\"><img decoding=\"async\" id=\"envira-gallery-image-22884\" class=\"envira-gallery-image envira-gallery-image-42 envira-normal envira-lazy\" data-envira-index=\"42\" src=\"https:\/\/www.der-mopedladen.de\/wp-content\/uploads\/2025\/11\/LFC-700-Pro-05-683x1024-640x480.jpg\" data-envira-src=\"https:\/\/www.der-mopedladen.de\/wp-content\/uploads\/2025\/11\/LFC-700-Pro-05-683x1024-640x480.jpg\" data-envira-gallery-id=\"22933\" data-envira-item-id=\"22884\" data-envira-caption=\"PixCake\" alt=\"\" title=\"PixCake\"  itemprop=\"thumbnailUrl\" data-envira-srcset=\"https:\/\/www.der-mopedladen.de\/wp-content\/uploads\/2025\/11\/LFC-700-Pro-05-683x1024-640x480.jpg 400w,https:\/\/www.der-mopedladen.de\/wp-content\/uploads\/2025\/11\/LFC-700-Pro-05-683x1024-640x480.jpg 2x\" data-envira-width=\"200\" data-envira-height=\"300\" srcset=\"data:image\/gif;base64,R0lGODlhAQABAIAAAP\/\/\/\/\/\/\/yH5BAEKAAEALAAAAAABAAEAAAICTAEAOw==\" data-safe-src=\"data:image\/gif;base64,R0lGODlhAQABAIAAAP\/\/\/\/\/\/\/yH5BAEKAAEALAAAAAABAAEAAAICTAEAOw==\" \/><\/a><\/div><\/div><div id=\"envira-gallery-item-22883\" class=\"envira-gallery-item enviratope-item envira-gallery-item-43 envira-lazy-load\" style=\"padding-left: 5px; padding-bottom: 10px; padding-right: 5px;\"  itemscope itemtype=\"https:\/\/schema.org\/ImageObject\"><div class=\"envira-gallery-item-inner\"><div class=\"envira-gallery-position-overlay  envira-gallery-top-left\"><\/div><div class=\"envira-gallery-position-overlay  envira-gallery-top-right\"><\/div><div class=\"envira-gallery-position-overlay  envira-gallery-bottom-left\"><\/div><div class=\"envira-gallery-position-overlay  envira-gallery-bottom-right\"><\/div><a href=\"https:\/\/www.der-mopedladen.de\/wp-content\/uploads\/2025\/11\/LFC-700-Pro-04.jpg\" class=\"envira-gallery-22933 envira-gallery-link\" rel=\"enviragallery22933\" title=\"LFC 700 Pro 04\" data-envira-caption=\"LFC 700 Pro 04\" data-envira-retina=\"\" data-thumbnail=\"\"  itemprop=\"contentUrl\"><img decoding=\"async\" id=\"envira-gallery-image-22883\" class=\"envira-gallery-image envira-gallery-image-43 envira-normal envira-lazy\" data-envira-index=\"43\" src=\"https:\/\/www.der-mopedladen.de\/wp-content\/uploads\/2025\/11\/LFC-700-Pro-04-1024x683-640x480.jpg\" data-envira-src=\"https:\/\/www.der-mopedladen.de\/wp-content\/uploads\/2025\/11\/LFC-700-Pro-04-1024x683-640x480.jpg\" data-envira-gallery-id=\"22933\" data-envira-item-id=\"22883\" data-envira-caption=\"LFC 700 Pro 04\" alt=\"\" title=\"LFC 700 Pro 04\"  itemprop=\"thumbnailUrl\" data-envira-srcset=\"https:\/\/www.der-mopedladen.de\/wp-content\/uploads\/2025\/11\/LFC-700-Pro-04-1024x683-640x480.jpg 400w,https:\/\/www.der-mopedladen.de\/wp-content\/uploads\/2025\/11\/LFC-700-Pro-04-1024x683-640x480.jpg 2x\" data-envira-width=\"300\" data-envira-height=\"200\" srcset=\"data:image\/gif;base64,R0lGODlhAQABAIAAAP\/\/\/\/\/\/\/yH5BAEKAAEALAAAAAABAAEAAAICTAEAOw==\" data-safe-src=\"data:image\/gif;base64,R0lGODlhAQABAIAAAP\/\/\/\/\/\/\/yH5BAEKAAEALAAAAAABAAEAAAICTAEAOw==\" \/><\/a><\/div><\/div><div id=\"envira-gallery-item-22882\" class=\"envira-gallery-item enviratope-item envira-gallery-item-44 envira-lazy-load\" style=\"padding-left: 5px; padding-bottom: 10px; padding-right: 5px;\"  itemscope itemtype=\"https:\/\/schema.org\/ImageObject\"><div class=\"envira-gallery-item-inner\"><div class=\"envira-gallery-position-overlay  envira-gallery-top-left\"><\/div><div class=\"envira-gallery-position-overlay  envira-gallery-top-right\"><\/div><div class=\"envira-gallery-position-overlay  envira-gallery-bottom-left\"><\/div><div class=\"envira-gallery-position-overlay  envira-gallery-bottom-right\"><\/div><a href=\"https:\/\/www.der-mopedladen.de\/wp-content\/uploads\/2025\/11\/LFC-700-Pro-03.jpg\" class=\"envira-gallery-22933 envira-gallery-link\" rel=\"enviragallery22933\" title=\"LFC 700 Pro 03\" data-envira-caption=\"LFC 700 Pro 03\" data-envira-retina=\"\" data-thumbnail=\"\"  itemprop=\"contentUrl\"><img decoding=\"async\" id=\"envira-gallery-image-22882\" class=\"envira-gallery-image envira-gallery-image-44 envira-normal envira-lazy\" data-envira-index=\"44\" src=\"https:\/\/www.der-mopedladen.de\/wp-content\/uploads\/2025\/11\/LFC-700-Pro-03-1024x683-640x480.jpg\" data-envira-src=\"https:\/\/www.der-mopedladen.de\/wp-content\/uploads\/2025\/11\/LFC-700-Pro-03-1024x683-640x480.jpg\" data-envira-gallery-id=\"22933\" data-envira-item-id=\"22882\" data-envira-caption=\"LFC 700 Pro 03\" alt=\"\" title=\"LFC 700 Pro 03\"  itemprop=\"thumbnailUrl\" data-envira-srcset=\"https:\/\/www.der-mopedladen.de\/wp-content\/uploads\/2025\/11\/LFC-700-Pro-03-1024x683-640x480.jpg 400w,https:\/\/www.der-mopedladen.de\/wp-content\/uploads\/2025\/11\/LFC-700-Pro-03-1024x683-640x480.jpg 2x\" data-envira-width=\"300\" data-envira-height=\"200\" srcset=\"data:image\/gif;base64,R0lGODlhAQABAIAAAP\/\/\/\/\/\/\/yH5BAEKAAEALAAAAAABAAEAAAICTAEAOw==\" data-safe-src=\"data:image\/gif;base64,R0lGODlhAQABAIAAAP\/\/\/\/\/\/\/yH5BAEKAAEALAAAAAABAAEAAAICTAEAOw==\" \/><\/a><\/div><\/div><\/div><\/div><noscript><img decoding=\"async\" src=\"https:\/\/www.der-mopedladen.de\/wp-content\/uploads\/2025\/11\/LFC-700-Pro-01.jpg\" alt=\"\" \/><img decoding=\"async\" src=\"https:\/\/www.der-mopedladen.de\/wp-content\/uploads\/2025\/11\/LFC-700-Pro-85.jpg\" alt=\"\" \/><img decoding=\"async\" src=\"https:\/\/www.der-mopedladen.de\/wp-content\/uploads\/2025\/11\/LFC-700-Pro-83.jpg\" alt=\"\" \/><img decoding=\"async\" src=\"https:\/\/www.der-mopedladen.de\/wp-content\/uploads\/2025\/11\/LFC-700-Pro-79.jpg\" alt=\"\" \/><img decoding=\"async\" src=\"https:\/\/www.der-mopedladen.de\/wp-content\/uploads\/2025\/11\/LFC-700-Pro-77.jpg\" alt=\"\" \/><img decoding=\"async\" src=\"https:\/\/www.der-mopedladen.de\/wp-content\/uploads\/2025\/11\/LFC-700-Pro-76.jpg\" alt=\"\" \/><img decoding=\"async\" src=\"https:\/\/www.der-mopedladen.de\/wp-content\/uploads\/2025\/11\/LFC-700-Pro-75.jpg\" alt=\"\" \/><img decoding=\"async\" src=\"https:\/\/www.der-mopedladen.de\/wp-content\/uploads\/2025\/11\/LFC-700-Pro-74.jpg\" alt=\"\" \/><img decoding=\"async\" src=\"https:\/\/www.der-mopedladen.de\/wp-content\/uploads\/2025\/11\/LFC-700-Pro-73.jpg\" alt=\"\" \/><img decoding=\"async\" src=\"https:\/\/www.der-mopedladen.de\/wp-content\/uploads\/2025\/11\/LFC-700-Pro-72.jpg\" alt=\"\" \/><img decoding=\"async\" src=\"https:\/\/www.der-mopedladen.de\/wp-content\/uploads\/2025\/11\/LFC-700-Pro-70.jpg\" alt=\"\" \/><img decoding=\"async\" src=\"https:\/\/www.der-mopedladen.de\/wp-content\/uploads\/2025\/11\/LFC-700-Pro-69.jpg\" alt=\"\" \/><img decoding=\"async\" src=\"https:\/\/www.der-mopedladen.de\/wp-content\/uploads\/2025\/11\/LFC-700-Pro-68.jpg\" alt=\"\" \/><img decoding=\"async\" src=\"https:\/\/www.der-mopedladen.de\/wp-content\/uploads\/2025\/11\/LFC-700-Pro-66.jpg\" alt=\"\" \/><img decoding=\"async\" src=\"https:\/\/www.der-mopedladen.de\/wp-content\/uploads\/2025\/11\/LFC-700-Pro-65.jpg\" alt=\"\" \/><img decoding=\"async\" src=\"https:\/\/www.der-mopedladen.de\/wp-content\/uploads\/2025\/11\/LFC-700-Pro-64.jpg\" alt=\"\" \/><img decoding=\"async\" src=\"https:\/\/www.der-mopedladen.de\/wp-content\/uploads\/2025\/11\/LFC-700-Pro-61.jpg\" alt=\"\" \/><img decoding=\"async\" src=\"https:\/\/www.der-mopedladen.de\/wp-content\/uploads\/2025\/11\/LFC-700-Pro-60.jpg\" alt=\"\" \/><img decoding=\"async\" src=\"https:\/\/www.der-mopedladen.de\/wp-content\/uploads\/2025\/11\/LFC-700-Pro-59.jpg\" alt=\"\" \/><img decoding=\"async\" src=\"https:\/\/www.der-mopedladen.de\/wp-content\/uploads\/2025\/11\/LFC-700-Pro-57.jpg\" alt=\"\" \/><img decoding=\"async\" src=\"https:\/\/www.der-mopedladen.de\/wp-content\/uploads\/2025\/11\/LFC-700-Pro-56.jpg\" alt=\"\" \/><img decoding=\"async\" src=\"https:\/\/www.der-mopedladen.de\/wp-content\/uploads\/2025\/11\/LFC-700-Pro-51.jpg\" alt=\"\" \/><img decoding=\"async\" src=\"https:\/\/www.der-mopedladen.de\/wp-content\/uploads\/2025\/11\/LFC-700-Pro-46.jpg\" alt=\"\" \/><img decoding=\"async\" src=\"https:\/\/www.der-mopedladen.de\/wp-content\/uploads\/2025\/11\/LFC-700-Pro-44.jpg\" alt=\"\" \/><img decoding=\"async\" src=\"https:\/\/www.der-mopedladen.de\/wp-content\/uploads\/2025\/11\/LFC-700-Pro-41.jpg\" alt=\"\" \/><img decoding=\"async\" src=\"https:\/\/www.der-mopedladen.de\/wp-content\/uploads\/2025\/11\/LFC-700-Pro-40.jpg\" alt=\"\" \/><img decoding=\"async\" src=\"https:\/\/www.der-mopedladen.de\/wp-content\/uploads\/2025\/11\/LFC-700-Pro-36.jpg\" alt=\"\" \/><img decoding=\"async\" src=\"https:\/\/www.der-mopedladen.de\/wp-content\/uploads\/2025\/11\/LFC-700-Pro-34.jpg\" alt=\"\" \/><img decoding=\"async\" src=\"https:\/\/www.der-mopedladen.de\/wp-content\/uploads\/2025\/11\/LFC-700-Pro-32.jpg\" alt=\"\" \/><img decoding=\"async\" src=\"https:\/\/www.der-mopedladen.de\/wp-content\/uploads\/2025\/11\/LFC-700-Pro-31.jpg\" alt=\"\" \/><img decoding=\"async\" src=\"https:\/\/www.der-mopedladen.de\/wp-content\/uploads\/2025\/11\/LFC-700-Pro-30.jpg\" alt=\"\" \/><img decoding=\"async\" src=\"https:\/\/www.der-mopedladen.de\/wp-content\/uploads\/2025\/11\/LFC-700-Pro-26.jpg\" alt=\"\" \/><img decoding=\"async\" src=\"https:\/\/www.der-mopedladen.de\/wp-content\/uploads\/2025\/11\/LFC-700-Pro-25.jpg\" alt=\"\" \/><img decoding=\"async\" src=\"https:\/\/www.der-mopedladen.de\/wp-content\/uploads\/2025\/11\/LFC-700-Pro-21.jpg\" alt=\"\" \/><img decoding=\"async\" src=\"https:\/\/www.der-mopedladen.de\/wp-content\/uploads\/2025\/11\/LFC-700-Pro-19.jpg\" alt=\"\" \/><img decoding=\"async\" src=\"https:\/\/www.der-mopedladen.de\/wp-content\/uploads\/2025\/11\/LFC-700-Pro-18.jpg\" alt=\"\" \/><img decoding=\"async\" src=\"https:\/\/www.der-mopedladen.de\/wp-content\/uploads\/2025\/11\/LFC-700-Pro-16.jpg\" alt=\"\" \/><img decoding=\"async\" src=\"https:\/\/www.der-mopedladen.de\/wp-content\/uploads\/2025\/11\/LFC-700-Pro-15.jpg\" alt=\"\" \/><img decoding=\"async\" src=\"https:\/\/www.der-mopedladen.de\/wp-content\/uploads\/2025\/11\/LFC-700-Pro-14.jpg\" alt=\"\" \/><img decoding=\"async\" src=\"https:\/\/www.der-mopedladen.de\/wp-content\/uploads\/2025\/11\/LFC-700-Pro-11.jpg\" alt=\"\" \/><img decoding=\"async\" src=\"https:\/\/www.der-mopedladen.de\/wp-content\/uploads\/2025\/11\/LFC-700-Pro-07.jpg\" alt=\"\" \/><img decoding=\"async\" src=\"https:\/\/www.der-mopedladen.de\/wp-content\/uploads\/2025\/11\/LFC-700-Pro-05.jpg\" alt=\"\" \/><img decoding=\"async\" src=\"https:\/\/www.der-mopedladen.de\/wp-content\/uploads\/2025\/11\/LFC-700-Pro-04.jpg\" alt=\"\" \/><img decoding=\"async\" src=\"https:\/\/www.der-mopedladen.de\/wp-content\/uploads\/2025\/11\/LFC-700-Pro-03.jpg\" alt=\"\" \/><\/noscript>\n","protected":false},"excerpt":{"rendered":"<p>Die Benda LFC 700 pro ist ein Eyecatcher ohnegleichen: Ultrafetter 300er Schlappen hinten, und 4-Zylinderpower gepaart mit einer Brembobremsanlage, die sich auch an Sportmotorr\u00e4dern gut\u2026<\/p>\n<p class=\"continue-reading-button\"> <a class=\"continue-reading-link\" href=\"https:\/\/www.der-mopedladen.de\/?p=22934\">Mehr Informationen<i class=\"crycon-right-dir\"><\/i><\/a><\/p>\n","protected":false},"author":2,"featured_media":22898,"comment_status":"closed","ping_status":"closed","sticky":false,"template":"","format":"standard","meta":{"footnotes":""},"categories":[232,82],"tags":[35,8,231,100,120,37,39],"class_list":["post-22934","post","type-post","status-publish","format-standard","has-post-thumbnail","hentry","category-benda","category-motorrad-ab125","tag-4-takt","tag-abs","tag-benda","tag-chopper","tag-cruiser","tag-einspritzung","tag-motorrad"],"yoast_head":"<!-- This site is optimized with the Yoast SEO plugin v25.7 - https:\/\/yoast.com\/wordpress\/plugins\/seo\/ -->\n<title>Benda LFC 700 pro . . . . . . . 12999 \u20ac -<\/title>\n<meta name=\"description\" content=\"Die neue Benda LFC 700 pro ist jetzt das Spitzenmodell der Baureihe, zus\u00e4tzlich mit komfortablem Luftfahrwerk.\" \/>\n<meta name=\"robots\" content=\"index, follow, max-snippet:-1, max-image-preview:large, max-video-preview:-1\" \/>\n<link rel=\"canonical\" href=\"https:\/\/www.der-mopedladen.de\/?p=22934\" \/>\n<meta property=\"og:locale\" content=\"de_DE\" \/>\n<meta property=\"og:type\" content=\"article\" \/>\n<meta property=\"og:title\" content=\"Benda LFC 700 pro . . . . . . . 12999 \u20ac -\" \/>\n<meta property=\"og:description\" content=\"Die neue Benda LFC 700 pro ist jetzt das Spitzenmodell der Baureihe, zus\u00e4tzlich mit komfortablem Luftfahrwerk.\" \/>\n<meta property=\"og:url\" content=\"https:\/\/www.der-mopedladen.de\/?p=22934\" \/>\n<meta property=\"article:published_time\" content=\"2025-03-20T13:27:54+00:00\" \/>\n<meta property=\"article:modified_time\" content=\"2025-11-20T13:28:38+00:00\" \/>\n<meta property=\"og:image\" content=\"https:\/\/www.der-mopedladen.de\/wp-content\/uploads\/2025\/11\/LFC-700-Pro-30.jpg\" \/>\n\t<meta property=\"og:image:width\" content=\"2102\" \/>\n\t<meta property=\"og:image:height\" content=\"1402\" \/>\n\t<meta property=\"og:image:type\" content=\"image\/jpeg\" \/>\n<meta name=\"author\" content=\"Carsten Maluche\" \/>\n<meta name=\"twitter:card\" content=\"summary_large_image\" \/>\n<meta name=\"twitter:label1\" content=\"Verfasst von\" \/>\n\t<meta name=\"twitter:data1\" content=\"Carsten Maluche\" \/>\n\t<meta name=\"twitter:label2\" content=\"Gesch\u00e4tzte Lesezeit\" \/>\n\t<meta name=\"twitter:data2\" content=\"1\u00a0Minute\" \/>\n<script type=\"application\/ld+json\" class=\"yoast-schema-graph\">{\"@context\":\"https:\/\/schema.org\",\"@graph\":[{\"@type\":\"Article\",\"@id\":\"https:\/\/www.der-mopedladen.de\/?p=22934#article\",\"isPartOf\":{\"@id\":\"https:\/\/www.der-mopedladen.de\/?p=22934\"},\"author\":{\"name\":\"Carsten Maluche\",\"@id\":\"https:\/\/www.der-mopedladen.de\/#\/schema\/person\/4d0c0c9ed7d36464398049539cfdc1c0\"},\"headline\":\"Benda LFC 700 pro . . . . . . . 12999 \u20ac\",\"datePublished\":\"2025-03-20T13:27:54+00:00\",\"dateModified\":\"2025-11-20T13:28:38+00:00\",\"mainEntityOfPage\":{\"@id\":\"https:\/\/www.der-mopedladen.de\/?p=22934\"},\"wordCount\":135,\"publisher\":{\"@id\":\"https:\/\/www.der-mopedladen.de\/#organization\"},\"image\":{\"@id\":\"https:\/\/www.der-mopedladen.de\/?p=22934#primaryimage\"},\"thumbnailUrl\":\"https:\/\/www.der-mopedladen.de\/wp-content\/uploads\/2025\/11\/LFC-700-Pro-30.jpg\",\"keywords\":[\"4 Takt\",\"ABS\",\"BENDA\",\"Chopper\",\"Cruiser\",\"Einspritzung\",\"Motorrad\"],\"articleSection\":[\"Benda\",\"\u00fcber 125 ccm\"],\"inLanguage\":\"de\"},{\"@type\":\"WebPage\",\"@id\":\"https:\/\/www.der-mopedladen.de\/?p=22934\",\"url\":\"https:\/\/www.der-mopedladen.de\/?p=22934\",\"name\":\"Benda LFC 700 pro . . . . . . . 12999 \u20ac -\",\"isPartOf\":{\"@id\":\"https:\/\/www.der-mopedladen.de\/#website\"},\"primaryImageOfPage\":{\"@id\":\"https:\/\/www.der-mopedladen.de\/?p=22934#primaryimage\"},\"image\":{\"@id\":\"https:\/\/www.der-mopedladen.de\/?p=22934#primaryimage\"},\"thumbnailUrl\":\"https:\/\/www.der-mopedladen.de\/wp-content\/uploads\/2025\/11\/LFC-700-Pro-30.jpg\",\"datePublished\":\"2025-03-20T13:27:54+00:00\",\"dateModified\":\"2025-11-20T13:28:38+00:00\",\"description\":\"Die neue Benda LFC 700 pro ist jetzt das Spitzenmodell der Baureihe, zus\u00e4tzlich mit komfortablem Luftfahrwerk.\",\"breadcrumb\":{\"@id\":\"https:\/\/www.der-mopedladen.de\/?p=22934#breadcrumb\"},\"inLanguage\":\"de\",\"potentialAction\":[{\"@type\":\"ReadAction\",\"target\":[\"https:\/\/www.der-mopedladen.de\/?p=22934\"]}]},{\"@type\":\"ImageObject\",\"inLanguage\":\"de\",\"@id\":\"https:\/\/www.der-mopedladen.de\/?p=22934#primaryimage\",\"url\":\"https:\/\/www.der-mopedladen.de\/wp-content\/uploads\/2025\/11\/LFC-700-Pro-30.jpg\",\"contentUrl\":\"https:\/\/www.der-mopedladen.de\/wp-content\/uploads\/2025\/11\/LFC-700-Pro-30.jpg\",\"width\":2102,\"height\":1402},{\"@type\":\"BreadcrumbList\",\"@id\":\"https:\/\/www.der-mopedladen.de\/?p=22934#breadcrumb\",\"itemListElement\":[{\"@type\":\"ListItem\",\"position\":1,\"name\":\"Startseite\",\"item\":\"https:\/\/www.der-mopedladen.de\/\"},{\"@type\":\"ListItem\",\"position\":2,\"name\":\"Benda LFC 700 pro . . . . . . . 12999 \u20ac\"}]},{\"@type\":\"WebSite\",\"@id\":\"https:\/\/www.der-mopedladen.de\/#website\",\"url\":\"https:\/\/www.der-mopedladen.de\/\",\"name\":\"\",\"description\":\"\",\"publisher\":{\"@id\":\"https:\/\/www.der-mopedladen.de\/#organization\"},\"potentialAction\":[{\"@type\":\"SearchAction\",\"target\":{\"@type\":\"EntryPoint\",\"urlTemplate\":\"https:\/\/www.der-mopedladen.de\/?s={search_term_string}\"},\"query-input\":{\"@type\":\"PropertyValueSpecification\",\"valueRequired\":true,\"valueName\":\"search_term_string\"}}],\"inLanguage\":\"de\"},{\"@type\":\"Organization\",\"@id\":\"https:\/\/www.der-mopedladen.de\/#organization\",\"name\":\"Der Mopedladen OHG\",\"url\":\"https:\/\/www.der-mopedladen.de\/\",\"logo\":{\"@type\":\"ImageObject\",\"inLanguage\":\"de\",\"@id\":\"https:\/\/www.der-mopedladen.de\/#\/schema\/logo\/image\/\",\"url\":\"https:\/\/www.der-mopedladen.de\/wp-content\/uploads\/2021\/04\/Logo-DerMopedladen_ZW_CMYK-50x36mm.jpg\",\"contentUrl\":\"https:\/\/www.der-mopedladen.de\/wp-content\/uploads\/2021\/04\/Logo-DerMopedladen_ZW_CMYK-50x36mm.jpg\",\"width\":602,\"height\":437,\"caption\":\"Der Mopedladen OHG\"},\"image\":{\"@id\":\"https:\/\/www.der-mopedladen.de\/#\/schema\/logo\/image\/\"}},{\"@type\":\"Person\",\"@id\":\"https:\/\/www.der-mopedladen.de\/#\/schema\/person\/4d0c0c9ed7d36464398049539cfdc1c0\",\"name\":\"Carsten Maluche\",\"image\":{\"@type\":\"ImageObject\",\"inLanguage\":\"de\",\"@id\":\"https:\/\/www.der-mopedladen.de\/#\/schema\/person\/image\/\",\"url\":\"https:\/\/secure.gravatar.com\/avatar\/a535b4a133389f55485f0a633a5968f3d69e644503b1fed0e6aa81083975d04a?s=96&d=mm&r=g\",\"contentUrl\":\"https:\/\/secure.gravatar.com\/avatar\/a535b4a133389f55485f0a633a5968f3d69e644503b1fed0e6aa81083975d04a?s=96&d=mm&r=g\",\"caption\":\"Carsten Maluche\"}}]}<\/script>\n<!-- \/ Yoast SEO plugin. -->","yoast_head_json":{"title":"Benda LFC 700 pro . . . . . . . 12999 \u20ac -","description":"Die neue Benda LFC 700 pro ist jetzt das Spitzenmodell der Baureihe, zus\u00e4tzlich mit komfortablem Luftfahrwerk.","robots":{"index":"index","follow":"follow","max-snippet":"max-snippet:-1","max-image-preview":"max-image-preview:large","max-video-preview":"max-video-preview:-1"},"canonical":"https:\/\/www.der-mopedladen.de\/?p=22934","og_locale":"de_DE","og_type":"article","og_title":"Benda LFC 700 pro . . . . . . . 12999 \u20ac -","og_description":"Die neue Benda LFC 700 pro ist jetzt das Spitzenmodell der Baureihe, zus\u00e4tzlich mit komfortablem Luftfahrwerk.","og_url":"https:\/\/www.der-mopedladen.de\/?p=22934","article_published_time":"2025-03-20T13:27:54+00:00","article_modified_time":"2025-11-20T13:28:38+00:00","og_image":[{"width":2102,"height":1402,"url":"https:\/\/www.der-mopedladen.de\/wp-content\/uploads\/2025\/11\/LFC-700-Pro-30.jpg","type":"image\/jpeg"}],"author":"Carsten Maluche","twitter_card":"summary_large_image","twitter_misc":{"Verfasst von":"Carsten Maluche","Gesch\u00e4tzte Lesezeit":"1\u00a0Minute"},"schema":{"@context":"https:\/\/schema.org","@graph":[{"@type":"Article","@id":"https:\/\/www.der-mopedladen.de\/?p=22934#article","isPartOf":{"@id":"https:\/\/www.der-mopedladen.de\/?p=22934"},"author":{"name":"Carsten Maluche","@id":"https:\/\/www.der-mopedladen.de\/#\/schema\/person\/4d0c0c9ed7d36464398049539cfdc1c0"},"headline":"Benda LFC 700 pro . . . . . . . 12999 \u20ac","datePublished":"2025-03-20T13:27:54+00:00","dateModified":"2025-11-20T13:28:38+00:00","mainEntityOfPage":{"@id":"https:\/\/www.der-mopedladen.de\/?p=22934"},"wordCount":135,"publisher":{"@id":"https:\/\/www.der-mopedladen.de\/#organization"},"image":{"@id":"https:\/\/www.der-mopedladen.de\/?p=22934#primaryimage"},"thumbnailUrl":"https:\/\/www.der-mopedladen.de\/wp-content\/uploads\/2025\/11\/LFC-700-Pro-30.jpg","keywords":["4 Takt","ABS","BENDA","Chopper","Cruiser","Einspritzung","Motorrad"],"articleSection":["Benda","\u00fcber 125 ccm"],"inLanguage":"de"},{"@type":"WebPage","@id":"https:\/\/www.der-mopedladen.de\/?p=22934","url":"https:\/\/www.der-mopedladen.de\/?p=22934","name":"Benda LFC 700 pro . . . . . . . 12999 \u20ac -","isPartOf":{"@id":"https:\/\/www.der-mopedladen.de\/#website"},"primaryImageOfPage":{"@id":"https:\/\/www.der-mopedladen.de\/?p=22934#primaryimage"},"image":{"@id":"https:\/\/www.der-mopedladen.de\/?p=22934#primaryimage"},"thumbnailUrl":"https:\/\/www.der-mopedladen.de\/wp-content\/uploads\/2025\/11\/LFC-700-Pro-30.jpg","datePublished":"2025-03-20T13:27:54+00:00","dateModified":"2025-11-20T13:28:38+00:00","description":"Die neue Benda LFC 700 pro ist jetzt das Spitzenmodell der Baureihe, zus\u00e4tzlich mit komfortablem Luftfahrwerk.","breadcrumb":{"@id":"https:\/\/www.der-mopedladen.de\/?p=22934#breadcrumb"},"inLanguage":"de","potentialAction":[{"@type":"ReadAction","target":["https:\/\/www.der-mopedladen.de\/?p=22934"]}]},{"@type":"ImageObject","inLanguage":"de","@id":"https:\/\/www.der-mopedladen.de\/?p=22934#primaryimage","url":"https:\/\/www.der-mopedladen.de\/wp-content\/uploads\/2025\/11\/LFC-700-Pro-30.jpg","contentUrl":"https:\/\/www.der-mopedladen.de\/wp-content\/uploads\/2025\/11\/LFC-700-Pro-30.jpg","width":2102,"height":1402},{"@type":"BreadcrumbList","@id":"https:\/\/www.der-mopedladen.de\/?p=22934#breadcrumb","itemListElement":[{"@type":"ListItem","position":1,"name":"Startseite","item":"https:\/\/www.der-mopedladen.de\/"},{"@type":"ListItem","position":2,"name":"Benda LFC 700 pro . . . . . . . 12999 \u20ac"}]},{"@type":"WebSite","@id":"https:\/\/www.der-mopedladen.de\/#website","url":"https:\/\/www.der-mopedladen.de\/","name":"","description":"","publisher":{"@id":"https:\/\/www.der-mopedladen.de\/#organization"},"potentialAction":[{"@type":"SearchAction","target":{"@type":"EntryPoint","urlTemplate":"https:\/\/www.der-mopedladen.de\/?s={search_term_string}"},"query-input":{"@type":"PropertyValueSpecification","valueRequired":true,"valueName":"search_term_string"}}],"inLanguage":"de"},{"@type":"Organization","@id":"https:\/\/www.der-mopedladen.de\/#organization","name":"Der Mopedladen OHG","url":"https:\/\/www.der-mopedladen.de\/","logo":{"@type":"ImageObject","inLanguage":"de","@id":"https:\/\/www.der-mopedladen.de\/#\/schema\/logo\/image\/","url":"https:\/\/www.der-mopedladen.de\/wp-content\/uploads\/2021\/04\/Logo-DerMopedladen_ZW_CMYK-50x36mm.jpg","contentUrl":"https:\/\/www.der-mopedladen.de\/wp-content\/uploads\/2021\/04\/Logo-DerMopedladen_ZW_CMYK-50x36mm.jpg","width":602,"height":437,"caption":"Der Mopedladen OHG"},"image":{"@id":"https:\/\/www.der-mopedladen.de\/#\/schema\/logo\/image\/"}},{"@type":"Person","@id":"https:\/\/www.der-mopedladen.de\/#\/schema\/person\/4d0c0c9ed7d36464398049539cfdc1c0","name":"Carsten Maluche","image":{"@type":"ImageObject","inLanguage":"de","@id":"https:\/\/www.der-mopedladen.de\/#\/schema\/person\/image\/","url":"https:\/\/secure.gravatar.com\/avatar\/a535b4a133389f55485f0a633a5968f3d69e644503b1fed0e6aa81083975d04a?s=96&d=mm&r=g","contentUrl":"https:\/\/secure.gravatar.com\/avatar\/a535b4a133389f55485f0a633a5968f3d69e644503b1fed0e6aa81083975d04a?s=96&d=mm&r=g","caption":"Carsten Maluche"}}]}},"_links":{"self":[{"href":"https:\/\/www.der-mopedladen.de\/index.php?rest_route=\/wp\/v2\/posts\/22934","targetHints":{"allow":["GET"]}}],"collection":[{"href":"https:\/\/www.der-mopedladen.de\/index.php?rest_route=\/wp\/v2\/posts"}],"about":[{"href":"https:\/\/www.der-mopedladen.de\/index.php?rest_route=\/wp\/v2\/types\/post"}],"author":[{"embeddable":true,"href":"https:\/\/www.der-mopedladen.de\/index.php?rest_route=\/wp\/v2\/users\/2"}],"replies":[{"embeddable":true,"href":"https:\/\/www.der-mopedladen.de\/index.php?rest_route=%2Fwp%2Fv2%2Fcomments&post=22934"}],"version-history":[{"count":2,"href":"https:\/\/www.der-mopedladen.de\/index.php?rest_route=\/wp\/v2\/posts\/22934\/revisions"}],"predecessor-version":[{"id":22936,"href":"https:\/\/www.der-mopedladen.de\/index.php?rest_route=\/wp\/v2\/posts\/22934\/revisions\/22936"}],"wp:featuredmedia":[{"embeddable":true,"href":"https:\/\/www.der-mopedladen.de\/index.php?rest_route=\/wp\/v2\/media\/22898"}],"wp:attachment":[{"href":"https:\/\/www.der-mopedladen.de\/index.php?rest_route=%2Fwp%2Fv2%2Fmedia&parent=22934"}],"wp:term":[{"taxonomy":"category","embeddable":true,"href":"https:\/\/www.der-mopedladen.de\/index.php?rest_route=%2Fwp%2Fv2%2Fcategories&post=22934"},{"taxonomy":"post_tag","embeddable":true,"href":"https:\/\/www.der-mopedladen.de\/index.php?rest_route=%2Fwp%2Fv2%2Ftags&post=22934"}],"curies":[{"name":"wp","href":"https:\/\/api.w.org\/{rel}","templated":true}]}}