{"id":22864,"date":"2024-10-01T11:38:29","date_gmt":"2024-10-01T09:38:29","guid":{"rendered":"https:\/\/www.der-mopedladen.de\/?p=22864"},"modified":"2025-11-14T14:13:53","modified_gmt":"2025-11-14T13:13:53","slug":"vespa-gts-supertech-310","status":"publish","type":"post","link":"https:\/\/www.der-mopedladen.de\/?p=22864","title":{"rendered":"Vespa GTS Supertech 310 . . . . . . . 7499 statt 7699 \u20ac"},"content":{"rendered":"\n<div id=\"c4020\" class=\"csc-default csc-space\">\n<div id=\"c4020\" class=\"csc-default csc-space\">\n<p><strong>Die Vespa GTS Supertech 310 gibts bei uns zum Sonderpreis von 7499 statt 7699 \u20ac.<\/strong><\/p>\n<p>Ein einzigartiges und attraktives Design, das an die Exklusivit\u00e4t und technologische Innovation einer authentischen italienischen Ikone erinnert. Die Vespa GTS SuperTech zeichnet sich durch ihre <strong>gl\u00e4nzenden und matten Farben<\/strong>, die\u00a0<strong>Farbverl\u00e4ufe<\/strong>\u00a0und die\u00a0<strong>fluoreszierenden Details<\/strong> aus, die ihren Hightech-Spirit und raffinierten Charakter widerspiegeln. Die sorgf\u00e4ltigen Verarbeitungen am schwarzen Sattel und an den Schutzblechkanten betonen ihre Eleganz und ihren Charakter noch weiter. Ergonomisch geformt, \u00fcberzeugt die bequeme Sitzbank Fahrer und Beifahrer mit einem H\u00f6chstma\u00df an Komfort. Praktisch der USB-Anschluss f\u00fcr das Smartphone im Handschuhfach und das ger\u00e4umige Ablagefach unter der Sitzbank.<\/p>\n<p>Ein Meisterwerk der modernen Technik, das sich mit der zeitlosen Klasse der Vespa GTS SuperTech verbindet. Der <strong>310 cm\u00b3 hpe Motor, der nach Euro 5+ Norm zugelassen<\/strong>\u00a0ist, bietet ein fl\u00fcssiges, spritziges und reaktionsschnelles Fahrerlebnis, sowohl in der Stadt als auch au\u00dferhalb. Umh\u00fcllt von einer Stahlkarosserie, mit 12 Zoll Felgen und ausgestattet mit\u00a0<strong>Zweikanal-ABS<\/strong>\u00a0und\u00a0<strong>ASR<\/strong>, unterstreicht die Vespa GTS SuperTech ihre einzigartigen Eigenschaften. Die Qualit\u00e4t der Leistung spiegelt sich auch in dem <strong>niedrigen Verbrauch<\/strong> und der Ger\u00e4uschreduzierung wider, f\u00fcr ein effizienteres Fahrerlebnis.<\/p>\n<p>Neben ihrem Design zeichnet sich die Vespa GTS SuperTech durch ihr fortschrittliches Technologiepaket aus. Das <strong>5 Zoll TFT-Farbdisplay<\/strong>\u00a0dient als Bordcomputer und liefert alle wichtigen Reise- und Fahrzeuginformationen. Mit dem Vespa MIA-System k\u00f6nnen Fahrer Benachrichtigungen und eingehende Anrufe verwalten, Musik abspielen und Anrufe t\u00e4tigen, auch \u00fcber Sprachbefehle. Der\u00a0<strong>Bike Finder<\/strong>\u00a0und das\u00a0<strong>Navigationssystem (3 Jahre kostenlos)<\/strong>\u00a0runden das Paket ab und machen jede Fahrt noch intuitiver und angenehmer.<\/p>\n<ul>\n<li>Sparsamer Viertaktmotor mit Einspritzung<\/li>\n<li>Komplette LED Beleuchtung<\/li>\n<li>ABS und ASR serienm\u00e4\u00dfig<\/li>\n<li>Vespa MIA + Farb-TFT-Display<\/li>\n<li>Keyless System<\/li>\n<li class=\"bodytext\">Klassisches Design<\/li>\n<\/ul>\n<\/div>\n<div id=\"c4020\" class=\"csc-default csc-space\">\n<ul>\n<li>\n<h4><strong>ACHTUNG: Alle aktuellen Farben und Modelle finden Sie auf der\u00a0<a href=\"https:\/\/www.vespa.com\/de_DE\" target=\"_blank\" rel=\"noopener\">VESPA-Homepage!<\/a><\/strong><\/h4>\n<\/li>\n<\/ul>\n<div id=\"c4026\" class=\"csc-default csc-space\">\n<div class=\"csc-header csc-header-n1\">\n<h3>Fahrzeugdetails<\/h3>\n<\/div>\n<table class=\"fahrzeugdaten\" style=\"width: 100%; height: 223px;\">\n<tbody>\n<tr style=\"height: 25px;\">\n<td style=\"height: 25px;\">F\u00fchrerschein<\/td>\n<td style=\"height: 25px;\">A, A2<\/td>\n<\/tr>\n<tr style=\"height: 25px;\">\n<td style=\"height: 25px;\">Leistung<\/td>\n<td style=\"height: 25px;\">18,4 kW \/ 25 PS<\/td>\n<\/tr>\n<tr style=\"height: 25px;\">\n<td style=\"height: 25px;\">Sitzh\u00f6he<\/td>\n<td style=\"height: 25px;\">790 mm<\/td>\n<\/tr>\n<tr style=\"height: 25px;\">\n<td style=\"height: 25px;\">H\u00f6chstgeschwindigkeit<\/td>\n<td style=\"height: 25px;\">127 km\/h<\/td>\n<\/tr>\n<tr style=\"height: 25px;\">\n<td style=\"height: 25px;\">Leer-\/Gesamtgewicht<\/td>\n<td style=\"height: 25px;\">163 kg (fahrbereit) \/ 340 kg<\/td>\n<\/tr>\n<tr style=\"height: 73px;\">\n<td style=\"height: 73px;\">Farben<\/td>\n<td style=\"height: 73px;\">\n<p>Dunkelblau-Matt, Dunkelgrau-Matt, Weiss-Gl\u00e4nzend<\/p>\n<\/td>\n<\/tr>\n<\/tbody>\n<\/table>\n<\/div>\n<div class=\"finanzierungsWrap\">\n<div id=\"c4019\" class=\"csc-default csc-space\">\n<div class=\"csc-header csc-header-n1\">\n<h3>Finanzierung<\/h3>\n<\/div>\n<table class=\"fahrzeugdaten\">\n<tbody>\n<tr>\n<td>\n<p>Finanzierung \u00fcber Creditplus-Bank m\u00f6glich!<\/p>\n<\/td>\n<td>\u00a0<\/td>\n<\/tr>\n<\/tbody>\n<\/table>\n<\/div>\n<\/div>\n<\/div>\n<\/div>\n<div id=\"envira-gallery-wrap-14278\" class=\"envira-gallery-wrap envira-gallery-theme-base envira-lightbox-theme-base\" itemscope itemtype=\"https:\/\/schema.org\/ImageGallery\"><div data-row-height=\"150\" data-gallery-theme=\"normal\" id=\"envira-gallery-14278\" class=\"envira-gallery-public envira-gallery-justified-public envira-gallery-0-columns envira-clear enviratope envira-gallery-css-animations\" data-envira-columns=\"0\"><div id=\"envira-gallery-item-14838\" class=\"envira-gallery-item enviratope-item envira-gallery-item-1 envira-lazy-load\" style=\"padding-left: 5px; padding-bottom: 10px; padding-right: 5px;\"  itemscope itemtype=\"https:\/\/schema.org\/ImageObject\"><div class=\"envira-gallery-item-inner\"><div class=\"envira-gallery-position-overlay  envira-gallery-top-left\"><\/div><div class=\"envira-gallery-position-overlay  envira-gallery-top-right\"><\/div><div class=\"envira-gallery-position-overlay  envira-gallery-bottom-left\"><\/div><div class=\"envira-gallery-position-overlay  envira-gallery-bottom-right\"><\/div><a href=\"https:\/\/www.der-mopedladen.de\/wp-content\/uploads\/2023\/01\/GTS-Supertech-mattblau-2023-3.jpg\" class=\"envira-gallery-14278 envira-gallery-link\" rel=\"enviragallery14278\" title=\"GTS Supertech mattblau 6\" data-envira-caption=\"GTS Supertech mattblau 6\" data-envira-retina=\"\" data-thumbnail=\"\"  itemprop=\"contentUrl\"><img decoding=\"async\" id=\"envira-gallery-image-14838\" class=\"envira-gallery-image envira-gallery-image-1 envira-normal envira-lazy\" data-envira-index=\"1\" src=\"https:\/\/www.der-mopedladen.de\/wp-content\/uploads\/2023\/01\/GTS-Supertech-mattblau-2023-3-1024x768-640x480.jpg\" data-envira-src=\"https:\/\/www.der-mopedladen.de\/wp-content\/uploads\/2023\/01\/GTS-Supertech-mattblau-2023-3-1024x768-640x480.jpg\" data-envira-gallery-id=\"14278\" data-envira-item-id=\"14838\" data-envira-caption=\"GTS Supertech mattblau 6\" alt=\"\" title=\"GTS Supertech mattblau 6\"  itemprop=\"thumbnailUrl\" data-envira-srcset=\"https:\/\/www.der-mopedladen.de\/wp-content\/uploads\/2023\/01\/GTS-Supertech-mattblau-2023-3-1024x768-640x480.jpg 400w,https:\/\/www.der-mopedladen.de\/wp-content\/uploads\/2023\/01\/GTS-Supertech-mattblau-2023-3-1024x768-640x480.jpg 2x\" data-envira-width=\"300\" data-envira-height=\"225\" srcset=\"data:image\/gif;base64,R0lGODlhAQABAIAAAP\/\/\/\/\/\/\/yH5BAEKAAEALAAAAAABAAEAAAICTAEAOw==\" data-safe-src=\"data:image\/gif;base64,R0lGODlhAQABAIAAAP\/\/\/\/\/\/\/yH5BAEKAAEALAAAAAABAAEAAAICTAEAOw==\" \/><\/a><\/div><\/div><div id=\"envira-gallery-item-14831\" class=\"envira-gallery-item enviratope-item envira-gallery-item-2 envira-lazy-load\" style=\"padding-left: 5px; padding-bottom: 10px; padding-right: 5px;\"  itemscope itemtype=\"https:\/\/schema.org\/ImageObject\"><div class=\"envira-gallery-item-inner\"><div class=\"envira-gallery-position-overlay  envira-gallery-top-left\"><\/div><div class=\"envira-gallery-position-overlay  envira-gallery-top-right\"><\/div><div class=\"envira-gallery-position-overlay  envira-gallery-bottom-left\"><\/div><div class=\"envira-gallery-position-overlay  envira-gallery-bottom-right\"><\/div><a href=\"https:\/\/www.der-mopedladen.de\/wp-content\/uploads\/2023\/01\/GTS-Supertech-dunkelgrau-2023-3.jpg\" class=\"envira-gallery-14278 envira-gallery-link\" rel=\"enviragallery14278\" title=\"GTS Supertech dunkelgrau 4\" data-envira-caption=\"GTS Supertech dunkelgrau 4\" data-envira-retina=\"\" data-thumbnail=\"\"  itemprop=\"contentUrl\"><img decoding=\"async\" id=\"envira-gallery-image-14831\" class=\"envira-gallery-image envira-gallery-image-2 envira-normal envira-lazy\" data-envira-index=\"2\" src=\"https:\/\/www.der-mopedladen.de\/wp-content\/uploads\/2023\/01\/GTS-Supertech-dunkelgrau-2023-3-1024x768-640x480.jpg\" data-envira-src=\"https:\/\/www.der-mopedladen.de\/wp-content\/uploads\/2023\/01\/GTS-Supertech-dunkelgrau-2023-3-1024x768-640x480.jpg\" data-envira-gallery-id=\"14278\" data-envira-item-id=\"14831\" data-envira-caption=\"GTS Supertech dunkelgrau 4\" alt=\"\" title=\"GTS Supertech dunkelgrau 4\"  itemprop=\"thumbnailUrl\" data-envira-srcset=\"https:\/\/www.der-mopedladen.de\/wp-content\/uploads\/2023\/01\/GTS-Supertech-dunkelgrau-2023-3-1024x768-640x480.jpg 400w,https:\/\/www.der-mopedladen.de\/wp-content\/uploads\/2023\/01\/GTS-Supertech-dunkelgrau-2023-3-1024x768-640x480.jpg 2x\" data-envira-width=\"300\" data-envira-height=\"225\" srcset=\"data:image\/gif;base64,R0lGODlhAQABAIAAAP\/\/\/\/\/\/\/yH5BAEKAAEALAAAAAABAAEAAAICTAEAOw==\" data-safe-src=\"data:image\/gif;base64,R0lGODlhAQABAIAAAP\/\/\/\/\/\/\/yH5BAEKAAEALAAAAAABAAEAAAICTAEAOw==\" \/><\/a><\/div><\/div><div id=\"envira-gallery-item-14839\" class=\"envira-gallery-item enviratope-item envira-gallery-item-3 envira-lazy-load\" style=\"padding-left: 5px; padding-bottom: 10px; padding-right: 5px;\"  itemscope itemtype=\"https:\/\/schema.org\/ImageObject\"><div class=\"envira-gallery-item-inner\"><div class=\"envira-gallery-position-overlay  envira-gallery-top-left\"><\/div><div class=\"envira-gallery-position-overlay  envira-gallery-top-right\"><\/div><div class=\"envira-gallery-position-overlay  envira-gallery-bottom-left\"><\/div><div class=\"envira-gallery-position-overlay  envira-gallery-bottom-right\"><\/div><a href=\"https:\/\/www.der-mopedladen.de\/wp-content\/uploads\/2023\/01\/GTS-Supertech-mattblau-2023-2.jpg\" class=\"envira-gallery-14278 envira-gallery-link\" rel=\"enviragallery14278\" title=\"GTS Supertech mattblau 7\" data-envira-caption=\"GTS Supertech mattblau 7\" data-envira-retina=\"\" data-thumbnail=\"\"  itemprop=\"contentUrl\"><img decoding=\"async\" id=\"envira-gallery-image-14839\" class=\"envira-gallery-image envira-gallery-image-3 envira-normal envira-lazy\" data-envira-index=\"3\" src=\"https:\/\/www.der-mopedladen.de\/wp-content\/uploads\/2023\/01\/GTS-Supertech-mattblau-2023-2-1024x768-640x480.jpg\" data-envira-src=\"https:\/\/www.der-mopedladen.de\/wp-content\/uploads\/2023\/01\/GTS-Supertech-mattblau-2023-2-1024x768-640x480.jpg\" data-envira-gallery-id=\"14278\" data-envira-item-id=\"14839\" data-envira-caption=\"GTS Supertech mattblau 7\" alt=\"\" title=\"GTS Supertech mattblau 7\"  itemprop=\"thumbnailUrl\" data-envira-srcset=\"https:\/\/www.der-mopedladen.de\/wp-content\/uploads\/2023\/01\/GTS-Supertech-mattblau-2023-2-1024x768-640x480.jpg 400w,https:\/\/www.der-mopedladen.de\/wp-content\/uploads\/2023\/01\/GTS-Supertech-mattblau-2023-2-1024x768-640x480.jpg 2x\" data-envira-width=\"300\" data-envira-height=\"225\" srcset=\"data:image\/gif;base64,R0lGODlhAQABAIAAAP\/\/\/\/\/\/\/yH5BAEKAAEALAAAAAABAAEAAAICTAEAOw==\" data-safe-src=\"data:image\/gif;base64,R0lGODlhAQABAIAAAP\/\/\/\/\/\/\/yH5BAEKAAEALAAAAAABAAEAAAICTAEAOw==\" \/><\/a><\/div><\/div><div id=\"envira-gallery-item-14832\" class=\"envira-gallery-item enviratope-item envira-gallery-item-4 envira-lazy-load\" style=\"padding-left: 5px; padding-bottom: 10px; padding-right: 5px;\"  itemscope itemtype=\"https:\/\/schema.org\/ImageObject\"><div class=\"envira-gallery-item-inner\"><div class=\"envira-gallery-position-overlay  envira-gallery-top-left\"><\/div><div class=\"envira-gallery-position-overlay  envira-gallery-top-right\"><\/div><div class=\"envira-gallery-position-overlay  envira-gallery-bottom-left\"><\/div><div class=\"envira-gallery-position-overlay  envira-gallery-bottom-right\"><\/div><a href=\"https:\/\/www.der-mopedladen.de\/wp-content\/uploads\/2023\/01\/GTS-Supertech-dunkelgrau-2023-2.jpg\" class=\"envira-gallery-14278 envira-gallery-link\" rel=\"enviragallery14278\" title=\"GTS Supertech dunkelgrau 5\" data-envira-caption=\"GTS Supertech dunkelgrau 5\" data-envira-retina=\"\" data-thumbnail=\"\"  itemprop=\"contentUrl\"><img decoding=\"async\" id=\"envira-gallery-image-14832\" class=\"envira-gallery-image envira-gallery-image-4 envira-normal envira-lazy\" data-envira-index=\"4\" src=\"https:\/\/www.der-mopedladen.de\/wp-content\/uploads\/2023\/01\/GTS-Supertech-dunkelgrau-2023-2-1024x768-640x480.jpg\" data-envira-src=\"https:\/\/www.der-mopedladen.de\/wp-content\/uploads\/2023\/01\/GTS-Supertech-dunkelgrau-2023-2-1024x768-640x480.jpg\" data-envira-gallery-id=\"14278\" data-envira-item-id=\"14832\" data-envira-caption=\"GTS Supertech dunkelgrau 5\" alt=\"\" title=\"GTS Supertech dunkelgrau 5\"  itemprop=\"thumbnailUrl\" data-envira-srcset=\"https:\/\/www.der-mopedladen.de\/wp-content\/uploads\/2023\/01\/GTS-Supertech-dunkelgrau-2023-2-1024x768-640x480.jpg 400w,https:\/\/www.der-mopedladen.de\/wp-content\/uploads\/2023\/01\/GTS-Supertech-dunkelgrau-2023-2-1024x768-640x480.jpg 2x\" data-envira-width=\"300\" data-envira-height=\"225\" srcset=\"data:image\/gif;base64,R0lGODlhAQABAIAAAP\/\/\/\/\/\/\/yH5BAEKAAEALAAAAAABAAEAAAICTAEAOw==\" data-safe-src=\"data:image\/gif;base64,R0lGODlhAQABAIAAAP\/\/\/\/\/\/\/yH5BAEKAAEALAAAAAABAAEAAAICTAEAOw==\" \/><\/a><\/div><\/div><div id=\"envira-gallery-item-14837\" class=\"envira-gallery-item enviratope-item envira-gallery-item-5 envira-lazy-load\" style=\"padding-left: 5px; padding-bottom: 10px; padding-right: 5px;\"  itemscope itemtype=\"https:\/\/schema.org\/ImageObject\"><div class=\"envira-gallery-item-inner\"><div class=\"envira-gallery-position-overlay  envira-gallery-top-left\"><\/div><div class=\"envira-gallery-position-overlay  envira-gallery-top-right\"><\/div><div class=\"envira-gallery-position-overlay  envira-gallery-bottom-left\"><\/div><div class=\"envira-gallery-position-overlay  envira-gallery-bottom-right\"><\/div><a href=\"https:\/\/www.der-mopedladen.de\/wp-content\/uploads\/2023\/01\/GTS-Supertech-mattblau-2023-4.jpg\" class=\"envira-gallery-14278 envira-gallery-link\" rel=\"enviragallery14278\" title=\"GTS Supertech mattblau 5\" data-envira-caption=\"GTS Supertech mattblau 5\" data-envira-retina=\"\" data-thumbnail=\"\"  itemprop=\"contentUrl\"><img decoding=\"async\" id=\"envira-gallery-image-14837\" class=\"envira-gallery-image envira-gallery-image-5 envira-normal envira-lazy\" data-envira-index=\"5\" src=\"https:\/\/www.der-mopedladen.de\/wp-content\/uploads\/2023\/01\/GTS-Supertech-mattblau-2023-4-1024x768-640x480.jpg\" data-envira-src=\"https:\/\/www.der-mopedladen.de\/wp-content\/uploads\/2023\/01\/GTS-Supertech-mattblau-2023-4-1024x768-640x480.jpg\" data-envira-gallery-id=\"14278\" data-envira-item-id=\"14837\" data-envira-caption=\"GTS Supertech mattblau 5\" alt=\"\" title=\"GTS Supertech mattblau 5\"  itemprop=\"thumbnailUrl\" data-envira-srcset=\"https:\/\/www.der-mopedladen.de\/wp-content\/uploads\/2023\/01\/GTS-Supertech-mattblau-2023-4-1024x768-640x480.jpg 400w,https:\/\/www.der-mopedladen.de\/wp-content\/uploads\/2023\/01\/GTS-Supertech-mattblau-2023-4-1024x768-640x480.jpg 2x\" data-envira-width=\"300\" data-envira-height=\"225\" srcset=\"data:image\/gif;base64,R0lGODlhAQABAIAAAP\/\/\/\/\/\/\/yH5BAEKAAEALAAAAAABAAEAAAICTAEAOw==\" data-safe-src=\"data:image\/gif;base64,R0lGODlhAQABAIAAAP\/\/\/\/\/\/\/yH5BAEKAAEALAAAAAABAAEAAAICTAEAOw==\" \/><\/a><\/div><\/div><div id=\"envira-gallery-item-14830\" class=\"envira-gallery-item enviratope-item envira-gallery-item-6 envira-lazy-load\" style=\"padding-left: 5px; padding-bottom: 10px; padding-right: 5px;\"  itemscope itemtype=\"https:\/\/schema.org\/ImageObject\"><div class=\"envira-gallery-item-inner\"><div class=\"envira-gallery-position-overlay  envira-gallery-top-left\"><\/div><div class=\"envira-gallery-position-overlay  envira-gallery-top-right\"><\/div><div class=\"envira-gallery-position-overlay  envira-gallery-bottom-left\"><\/div><div class=\"envira-gallery-position-overlay  envira-gallery-bottom-right\"><\/div><a href=\"https:\/\/www.der-mopedladen.de\/wp-content\/uploads\/2023\/01\/GTS-Supertech-dunkelgrau-2023-4.jpg\" class=\"envira-gallery-14278 envira-gallery-link\" rel=\"enviragallery14278\" title=\"GTS Supertech dunkelgrau 3\" data-envira-caption=\"GTS Supertech dunkelgrau 3\" data-envira-retina=\"\" data-thumbnail=\"\"  itemprop=\"contentUrl\"><img decoding=\"async\" id=\"envira-gallery-image-14830\" class=\"envira-gallery-image envira-gallery-image-6 envira-normal envira-lazy\" data-envira-index=\"6\" src=\"https:\/\/www.der-mopedladen.de\/wp-content\/uploads\/2023\/01\/GTS-Supertech-dunkelgrau-2023-4-1024x768-640x480.jpg\" data-envira-src=\"https:\/\/www.der-mopedladen.de\/wp-content\/uploads\/2023\/01\/GTS-Supertech-dunkelgrau-2023-4-1024x768-640x480.jpg\" data-envira-gallery-id=\"14278\" data-envira-item-id=\"14830\" data-envira-caption=\"GTS Supertech dunkelgrau 3\" alt=\"\" title=\"GTS Supertech dunkelgrau 3\"  itemprop=\"thumbnailUrl\" data-envira-srcset=\"https:\/\/www.der-mopedladen.de\/wp-content\/uploads\/2023\/01\/GTS-Supertech-dunkelgrau-2023-4-1024x768-640x480.jpg 400w,https:\/\/www.der-mopedladen.de\/wp-content\/uploads\/2023\/01\/GTS-Supertech-dunkelgrau-2023-4-1024x768-640x480.jpg 2x\" data-envira-width=\"300\" data-envira-height=\"225\" srcset=\"data:image\/gif;base64,R0lGODlhAQABAIAAAP\/\/\/\/\/\/\/yH5BAEKAAEALAAAAAABAAEAAAICTAEAOw==\" data-safe-src=\"data:image\/gif;base64,R0lGODlhAQABAIAAAP\/\/\/\/\/\/\/yH5BAEKAAEALAAAAAABAAEAAAICTAEAOw==\" \/><\/a><\/div><\/div><div id=\"envira-gallery-item-14835\" class=\"envira-gallery-item enviratope-item envira-gallery-item-7 envira-lazy-load\" style=\"padding-left: 5px; padding-bottom: 10px; padding-right: 5px;\"  itemscope itemtype=\"https:\/\/schema.org\/ImageObject\"><div class=\"envira-gallery-item-inner\"><div class=\"envira-gallery-position-overlay  envira-gallery-top-left\"><\/div><div class=\"envira-gallery-position-overlay  envira-gallery-top-right\"><\/div><div class=\"envira-gallery-position-overlay  envira-gallery-bottom-left\"><\/div><div class=\"envira-gallery-position-overlay  envira-gallery-bottom-right\"><\/div><a href=\"https:\/\/www.der-mopedladen.de\/wp-content\/uploads\/2023\/01\/GTS-Supertech-mattblau-2023-6.jpg\" class=\"envira-gallery-14278 envira-gallery-link\" rel=\"enviragallery14278\" title=\"GTS Supertech mattblau 3\" data-envira-caption=\"GTS Supertech mattblau 3\" data-envira-retina=\"\" data-thumbnail=\"\"  itemprop=\"contentUrl\"><img decoding=\"async\" id=\"envira-gallery-image-14835\" class=\"envira-gallery-image envira-gallery-image-7 envira-normal envira-lazy\" data-envira-index=\"7\" src=\"https:\/\/www.der-mopedladen.de\/wp-content\/uploads\/2023\/01\/GTS-Supertech-mattblau-2023-6-1024x768-640x480.jpg\" data-envira-src=\"https:\/\/www.der-mopedladen.de\/wp-content\/uploads\/2023\/01\/GTS-Supertech-mattblau-2023-6-1024x768-640x480.jpg\" data-envira-gallery-id=\"14278\" data-envira-item-id=\"14835\" data-envira-caption=\"GTS Supertech mattblau 3\" alt=\"\" title=\"GTS Supertech mattblau 3\"  itemprop=\"thumbnailUrl\" data-envira-srcset=\"https:\/\/www.der-mopedladen.de\/wp-content\/uploads\/2023\/01\/GTS-Supertech-mattblau-2023-6-1024x768-640x480.jpg 400w,https:\/\/www.der-mopedladen.de\/wp-content\/uploads\/2023\/01\/GTS-Supertech-mattblau-2023-6-1024x768-640x480.jpg 2x\" data-envira-width=\"300\" data-envira-height=\"225\" srcset=\"data:image\/gif;base64,R0lGODlhAQABAIAAAP\/\/\/\/\/\/\/yH5BAEKAAEALAAAAAABAAEAAAICTAEAOw==\" data-safe-src=\"data:image\/gif;base64,R0lGODlhAQABAIAAAP\/\/\/\/\/\/\/yH5BAEKAAEALAAAAAABAAEAAAICTAEAOw==\" \/><\/a><\/div><\/div><div id=\"envira-gallery-item-14829\" class=\"envira-gallery-item enviratope-item envira-gallery-item-8 envira-lazy-load\" style=\"padding-left: 5px; padding-bottom: 10px; padding-right: 5px;\"  itemscope itemtype=\"https:\/\/schema.org\/ImageObject\"><div class=\"envira-gallery-item-inner\"><div class=\"envira-gallery-position-overlay  envira-gallery-top-left\"><\/div><div class=\"envira-gallery-position-overlay  envira-gallery-top-right\"><\/div><div class=\"envira-gallery-position-overlay  envira-gallery-bottom-left\"><\/div><div class=\"envira-gallery-position-overlay  envira-gallery-bottom-right\"><\/div><a href=\"https:\/\/www.der-mopedladen.de\/wp-content\/uploads\/2023\/01\/GTS-Supertech-dunkelgrau-2023-5.jpg\" class=\"envira-gallery-14278 envira-gallery-link\" rel=\"enviragallery14278\" title=\"GTS Supertech dunkelgrau 2\" data-envira-caption=\"GTS Supertech dunkelgrau 2\" data-envira-retina=\"\" data-thumbnail=\"\"  itemprop=\"contentUrl\"><img decoding=\"async\" id=\"envira-gallery-image-14829\" class=\"envira-gallery-image envira-gallery-image-8 envira-normal envira-lazy\" data-envira-index=\"8\" src=\"https:\/\/www.der-mopedladen.de\/wp-content\/uploads\/2023\/01\/GTS-Supertech-dunkelgrau-2023-5-1024x768-640x480.jpg\" data-envira-src=\"https:\/\/www.der-mopedladen.de\/wp-content\/uploads\/2023\/01\/GTS-Supertech-dunkelgrau-2023-5-1024x768-640x480.jpg\" data-envira-gallery-id=\"14278\" data-envira-item-id=\"14829\" data-envira-caption=\"GTS Supertech dunkelgrau 2\" alt=\"\" title=\"GTS Supertech dunkelgrau 2\"  itemprop=\"thumbnailUrl\" data-envira-srcset=\"https:\/\/www.der-mopedladen.de\/wp-content\/uploads\/2023\/01\/GTS-Supertech-dunkelgrau-2023-5-1024x768-640x480.jpg 400w,https:\/\/www.der-mopedladen.de\/wp-content\/uploads\/2023\/01\/GTS-Supertech-dunkelgrau-2023-5-1024x768-640x480.jpg 2x\" data-envira-width=\"300\" data-envira-height=\"225\" srcset=\"data:image\/gif;base64,R0lGODlhAQABAIAAAP\/\/\/\/\/\/\/yH5BAEKAAEALAAAAAABAAEAAAICTAEAOw==\" data-safe-src=\"data:image\/gif;base64,R0lGODlhAQABAIAAAP\/\/\/\/\/\/\/yH5BAEKAAEALAAAAAABAAEAAAICTAEAOw==\" \/><\/a><\/div><\/div><div id=\"envira-gallery-item-14828\" class=\"envira-gallery-item enviratope-item envira-gallery-item-9 envira-lazy-load\" style=\"padding-left: 5px; padding-bottom: 10px; padding-right: 5px;\"  itemscope itemtype=\"https:\/\/schema.org\/ImageObject\"><div class=\"envira-gallery-item-inner\"><div class=\"envira-gallery-position-overlay  envira-gallery-top-left\"><\/div><div class=\"envira-gallery-position-overlay  envira-gallery-top-right\"><\/div><div class=\"envira-gallery-position-overlay  envira-gallery-bottom-left\"><\/div><div class=\"envira-gallery-position-overlay  envira-gallery-bottom-right\"><\/div><a href=\"https:\/\/www.der-mopedladen.de\/wp-content\/uploads\/2023\/01\/GTS-Supertech-dunkelgrau-2023-1.jpg\" class=\"envira-gallery-14278 envira-gallery-link\" rel=\"enviragallery14278\" title=\"GTS Supertech dunkelgrau 1\" data-envira-caption=\"GTS Supertech dunkelgrau 1\" data-envira-retina=\"\" data-thumbnail=\"\"  itemprop=\"contentUrl\"><img decoding=\"async\" id=\"envira-gallery-image-14828\" class=\"envira-gallery-image envira-gallery-image-9 envira-normal envira-lazy\" data-envira-index=\"9\" src=\"https:\/\/www.der-mopedladen.de\/wp-content\/uploads\/2023\/01\/GTS-Supertech-dunkelgrau-2023-1-1024x768-640x480.jpg\" data-envira-src=\"https:\/\/www.der-mopedladen.de\/wp-content\/uploads\/2023\/01\/GTS-Supertech-dunkelgrau-2023-1-1024x768-640x480.jpg\" data-envira-gallery-id=\"14278\" data-envira-item-id=\"14828\" data-envira-caption=\"GTS Supertech dunkelgrau 1\" alt=\"\" title=\"GTS Supertech dunkelgrau 1\"  itemprop=\"thumbnailUrl\" data-envira-srcset=\"https:\/\/www.der-mopedladen.de\/wp-content\/uploads\/2023\/01\/GTS-Supertech-dunkelgrau-2023-1-1024x768-640x480.jpg 400w,https:\/\/www.der-mopedladen.de\/wp-content\/uploads\/2023\/01\/GTS-Supertech-dunkelgrau-2023-1-1024x768-640x480.jpg 2x\" data-envira-width=\"300\" data-envira-height=\"225\" srcset=\"data:image\/gif;base64,R0lGODlhAQABAIAAAP\/\/\/\/\/\/\/yH5BAEKAAEALAAAAAABAAEAAAICTAEAOw==\" data-safe-src=\"data:image\/gif;base64,R0lGODlhAQABAIAAAP\/\/\/\/\/\/\/yH5BAEKAAEALAAAAAABAAEAAAICTAEAOw==\" \/><\/a><\/div><\/div><div id=\"envira-gallery-item-14836\" class=\"envira-gallery-item enviratope-item envira-gallery-item-10 envira-lazy-load\" style=\"padding-left: 5px; padding-bottom: 10px; padding-right: 5px;\"  itemscope itemtype=\"https:\/\/schema.org\/ImageObject\"><div class=\"envira-gallery-item-inner\"><div class=\"envira-gallery-position-overlay  envira-gallery-top-left\"><\/div><div class=\"envira-gallery-position-overlay  envira-gallery-top-right\"><\/div><div class=\"envira-gallery-position-overlay  envira-gallery-bottom-left\"><\/div><div class=\"envira-gallery-position-overlay  envira-gallery-bottom-right\"><\/div><a href=\"https:\/\/www.der-mopedladen.de\/wp-content\/uploads\/2023\/01\/GTS-Supertech-mattblau-2023-5.jpg\" class=\"envira-gallery-14278 envira-gallery-link\" rel=\"enviragallery14278\" title=\"GTS Supertech mattblau 4\" data-envira-caption=\"GTS Supertech mattblau 4\" data-envira-retina=\"\" data-thumbnail=\"\"  itemprop=\"contentUrl\"><img decoding=\"async\" id=\"envira-gallery-image-14836\" class=\"envira-gallery-image envira-gallery-image-10 envira-normal envira-lazy\" data-envira-index=\"10\" src=\"https:\/\/www.der-mopedladen.de\/wp-content\/uploads\/2023\/01\/GTS-Supertech-mattblau-2023-5-1024x768-640x480.jpg\" data-envira-src=\"https:\/\/www.der-mopedladen.de\/wp-content\/uploads\/2023\/01\/GTS-Supertech-mattblau-2023-5-1024x768-640x480.jpg\" data-envira-gallery-id=\"14278\" data-envira-item-id=\"14836\" data-envira-caption=\"GTS Supertech mattblau 4\" alt=\"\" title=\"GTS Supertech mattblau 4\"  itemprop=\"thumbnailUrl\" data-envira-srcset=\"https:\/\/www.der-mopedladen.de\/wp-content\/uploads\/2023\/01\/GTS-Supertech-mattblau-2023-5-1024x768-640x480.jpg 400w,https:\/\/www.der-mopedladen.de\/wp-content\/uploads\/2023\/01\/GTS-Supertech-mattblau-2023-5-1024x768-640x480.jpg 2x\" data-envira-width=\"300\" data-envira-height=\"225\" srcset=\"data:image\/gif;base64,R0lGODlhAQABAIAAAP\/\/\/\/\/\/\/yH5BAEKAAEALAAAAAABAAEAAAICTAEAOw==\" data-safe-src=\"data:image\/gif;base64,R0lGODlhAQABAIAAAP\/\/\/\/\/\/\/yH5BAEKAAEALAAAAAABAAEAAAICTAEAOw==\" \/><\/a><\/div><\/div><div id=\"envira-gallery-item-14834\" class=\"envira-gallery-item enviratope-item envira-gallery-item-11 envira-lazy-load\" style=\"padding-left: 5px; padding-bottom: 10px; padding-right: 5px;\"  itemscope itemtype=\"https:\/\/schema.org\/ImageObject\"><div class=\"envira-gallery-item-inner\"><div class=\"envira-gallery-position-overlay  envira-gallery-top-left\"><\/div><div class=\"envira-gallery-position-overlay  envira-gallery-top-right\"><\/div><div class=\"envira-gallery-position-overlay  envira-gallery-bottom-left\"><\/div><div class=\"envira-gallery-position-overlay  envira-gallery-bottom-right\"><\/div><a href=\"https:\/\/www.der-mopedladen.de\/wp-content\/uploads\/2023\/01\/GTS-Supertech-mattblau-2023-7.jpg\" class=\"envira-gallery-14278 envira-gallery-link\" rel=\"enviragallery14278\" title=\"GTS Supertech mattblau 2\" data-envira-caption=\"GTS Supertech mattblau 2\" data-envira-retina=\"\" data-thumbnail=\"\"  itemprop=\"contentUrl\"><img decoding=\"async\" id=\"envira-gallery-image-14834\" class=\"envira-gallery-image envira-gallery-image-11 envira-normal envira-lazy\" data-envira-index=\"11\" src=\"https:\/\/www.der-mopedladen.de\/wp-content\/uploads\/2023\/01\/GTS-Supertech-mattblau-2023-7-1024x768-640x480.jpg\" data-envira-src=\"https:\/\/www.der-mopedladen.de\/wp-content\/uploads\/2023\/01\/GTS-Supertech-mattblau-2023-7-1024x768-640x480.jpg\" data-envira-gallery-id=\"14278\" data-envira-item-id=\"14834\" data-envira-caption=\"GTS Supertech mattblau 2\" alt=\"\" title=\"GTS Supertech mattblau 2\"  itemprop=\"thumbnailUrl\" data-envira-srcset=\"https:\/\/www.der-mopedladen.de\/wp-content\/uploads\/2023\/01\/GTS-Supertech-mattblau-2023-7-1024x768-640x480.jpg 400w,https:\/\/www.der-mopedladen.de\/wp-content\/uploads\/2023\/01\/GTS-Supertech-mattblau-2023-7-1024x768-640x480.jpg 2x\" data-envira-width=\"300\" data-envira-height=\"225\" srcset=\"data:image\/gif;base64,R0lGODlhAQABAIAAAP\/\/\/\/\/\/\/yH5BAEKAAEALAAAAAABAAEAAAICTAEAOw==\" data-safe-src=\"data:image\/gif;base64,R0lGODlhAQABAIAAAP\/\/\/\/\/\/\/yH5BAEKAAEALAAAAAABAAEAAAICTAEAOw==\" \/><\/a><\/div><\/div><div id=\"envira-gallery-item-14833\" class=\"envira-gallery-item enviratope-item envira-gallery-item-12 envira-lazy-load\" style=\"padding-left: 5px; padding-bottom: 10px; padding-right: 5px;\"  itemscope itemtype=\"https:\/\/schema.org\/ImageObject\"><div class=\"envira-gallery-item-inner\"><div class=\"envira-gallery-position-overlay  envira-gallery-top-left\"><\/div><div class=\"envira-gallery-position-overlay  envira-gallery-top-right\"><\/div><div class=\"envira-gallery-position-overlay  envira-gallery-bottom-left\"><\/div><div class=\"envira-gallery-position-overlay  envira-gallery-bottom-right\"><\/div><a href=\"https:\/\/www.der-mopedladen.de\/wp-content\/uploads\/2023\/01\/GTS-Supertech-mattblau-2023-1.jpg\" class=\"envira-gallery-14278 envira-gallery-link\" rel=\"enviragallery14278\" title=\"GTS Supertech mattblau 1\" data-envira-caption=\"GTS Supertech mattblau 1\" data-envira-retina=\"\" data-thumbnail=\"\"  itemprop=\"contentUrl\"><img decoding=\"async\" id=\"envira-gallery-image-14833\" class=\"envira-gallery-image envira-gallery-image-12 envira-normal envira-lazy\" data-envira-index=\"12\" src=\"https:\/\/www.der-mopedladen.de\/wp-content\/uploads\/2023\/01\/GTS-Supertech-mattblau-2023-1-1024x768-640x480.jpg\" data-envira-src=\"https:\/\/www.der-mopedladen.de\/wp-content\/uploads\/2023\/01\/GTS-Supertech-mattblau-2023-1-1024x768-640x480.jpg\" data-envira-gallery-id=\"14278\" data-envira-item-id=\"14833\" data-envira-caption=\"GTS Supertech mattblau 1\" alt=\"\" title=\"GTS Supertech mattblau 1\"  itemprop=\"thumbnailUrl\" data-envira-srcset=\"https:\/\/www.der-mopedladen.de\/wp-content\/uploads\/2023\/01\/GTS-Supertech-mattblau-2023-1-1024x768-640x480.jpg 400w,https:\/\/www.der-mopedladen.de\/wp-content\/uploads\/2023\/01\/GTS-Supertech-mattblau-2023-1-1024x768-640x480.jpg 2x\" data-envira-width=\"300\" data-envira-height=\"225\" srcset=\"data:image\/gif;base64,R0lGODlhAQABAIAAAP\/\/\/\/\/\/\/yH5BAEKAAEALAAAAAABAAEAAAICTAEAOw==\" data-safe-src=\"data:image\/gif;base64,R0lGODlhAQABAIAAAP\/\/\/\/\/\/\/yH5BAEKAAEALAAAAAABAAEAAAICTAEAOw==\" \/><\/a><\/div><\/div><div id=\"envira-gallery-item-15322\" class=\"envira-gallery-item enviratope-item envira-gallery-item-13 envira-lazy-load\" style=\"padding-left: 5px; padding-bottom: 10px; padding-right: 5px;\"  itemscope itemtype=\"https:\/\/schema.org\/ImageObject\"><div class=\"envira-gallery-item-inner\"><div class=\"envira-gallery-position-overlay  envira-gallery-top-left\"><\/div><div class=\"envira-gallery-position-overlay  envira-gallery-top-right\"><\/div><div class=\"envira-gallery-position-overlay  envira-gallery-bottom-left\"><\/div><div class=\"envira-gallery-position-overlay  envira-gallery-bottom-right\"><\/div><a href=\"https:\/\/www.der-mopedladen.de\/wp-content\/uploads\/2023\/03\/GTS-Umbau-12.jpg\" class=\"envira-gallery-14278 envira-gallery-link\" rel=\"enviragallery14278\" title=\"MG-Biketec Hebel 2\" data-envira-caption=\"MG-Biketec Hebel 2\" data-envira-retina=\"\" data-thumbnail=\"\"  itemprop=\"contentUrl\"><img decoding=\"async\" id=\"envira-gallery-image-15322\" class=\"envira-gallery-image envira-gallery-image-13 envira-normal envira-lazy\" data-envira-index=\"13\" src=\"https:\/\/www.der-mopedladen.de\/wp-content\/uploads\/2023\/03\/GTS-Umbau-12-1024x768-640x480.jpg\" data-envira-src=\"https:\/\/www.der-mopedladen.de\/wp-content\/uploads\/2023\/03\/GTS-Umbau-12-1024x768-640x480.jpg\" data-envira-gallery-id=\"14278\" data-envira-item-id=\"15322\" data-envira-caption=\"MG-Biketec Hebel 2\" alt=\"\" title=\"MG-Biketec Hebel 2\"  itemprop=\"thumbnailUrl\" data-envira-srcset=\"https:\/\/www.der-mopedladen.de\/wp-content\/uploads\/2023\/03\/GTS-Umbau-12-1024x768-640x480.jpg 400w,https:\/\/www.der-mopedladen.de\/wp-content\/uploads\/2023\/03\/GTS-Umbau-12-1024x768-640x480.jpg 2x\" data-envira-width=\"300\" data-envira-height=\"225\" srcset=\"data:image\/gif;base64,R0lGODlhAQABAIAAAP\/\/\/\/\/\/\/yH5BAEKAAEALAAAAAABAAEAAAICTAEAOw==\" data-safe-src=\"data:image\/gif;base64,R0lGODlhAQABAIAAAP\/\/\/\/\/\/\/yH5BAEKAAEALAAAAAABAAEAAAICTAEAOw==\" \/><\/a><\/div><\/div><div id=\"envira-gallery-item-15321\" class=\"envira-gallery-item enviratope-item envira-gallery-item-14 envira-lazy-load\" style=\"padding-left: 5px; padding-bottom: 10px; padding-right: 5px;\"  itemscope itemtype=\"https:\/\/schema.org\/ImageObject\"><div class=\"envira-gallery-item-inner\"><div class=\"envira-gallery-position-overlay  envira-gallery-top-left\"><\/div><div class=\"envira-gallery-position-overlay  envira-gallery-top-right\"><\/div><div class=\"envira-gallery-position-overlay  envira-gallery-bottom-left\"><\/div><div class=\"envira-gallery-position-overlay  envira-gallery-bottom-right\"><\/div><a href=\"https:\/\/www.der-mopedladen.de\/wp-content\/uploads\/2023\/03\/GTS-Umbau-13.jpg\" class=\"envira-gallery-14278 envira-gallery-link\" rel=\"enviragallery14278\" title=\"MG-Biketec Hebel 1\" data-envira-caption=\"MG-Biketec Hebel 1\" data-envira-retina=\"\" data-thumbnail=\"\"  itemprop=\"contentUrl\"><img decoding=\"async\" id=\"envira-gallery-image-15321\" class=\"envira-gallery-image envira-gallery-image-14 envira-normal envira-lazy\" data-envira-index=\"14\" src=\"https:\/\/www.der-mopedladen.de\/wp-content\/uploads\/2023\/03\/GTS-Umbau-13-1024x768-640x480.jpg\" data-envira-src=\"https:\/\/www.der-mopedladen.de\/wp-content\/uploads\/2023\/03\/GTS-Umbau-13-1024x768-640x480.jpg\" data-envira-gallery-id=\"14278\" data-envira-item-id=\"15321\" data-envira-caption=\"MG-Biketec Hebel 1\" alt=\"\" title=\"MG-Biketec Hebel 1\"  itemprop=\"thumbnailUrl\" data-envira-srcset=\"https:\/\/www.der-mopedladen.de\/wp-content\/uploads\/2023\/03\/GTS-Umbau-13-1024x768-640x480.jpg 400w,https:\/\/www.der-mopedladen.de\/wp-content\/uploads\/2023\/03\/GTS-Umbau-13-1024x768-640x480.jpg 2x\" data-envira-width=\"300\" data-envira-height=\"225\" srcset=\"data:image\/gif;base64,R0lGODlhAQABAIAAAP\/\/\/\/\/\/\/yH5BAEKAAEALAAAAAABAAEAAAICTAEAOw==\" data-safe-src=\"data:image\/gif;base64,R0lGODlhAQABAIAAAP\/\/\/\/\/\/\/yH5BAEKAAEALAAAAAABAAEAAAICTAEAOw==\" \/><\/a><\/div><\/div><div id=\"envira-gallery-item-15320\" class=\"envira-gallery-item enviratope-item envira-gallery-item-15 envira-lazy-load\" style=\"padding-left: 5px; padding-bottom: 10px; padding-right: 5px;\"  itemscope itemtype=\"https:\/\/schema.org\/ImageObject\"><div class=\"envira-gallery-item-inner\"><div class=\"envira-gallery-position-overlay  envira-gallery-top-left\"><\/div><div class=\"envira-gallery-position-overlay  envira-gallery-top-right\"><\/div><div class=\"envira-gallery-position-overlay  envira-gallery-bottom-left\"><\/div><div class=\"envira-gallery-position-overlay  envira-gallery-bottom-right\"><\/div><a href=\"https:\/\/www.der-mopedladen.de\/wp-content\/uploads\/2023\/03\/GTS-Umbau-14.jpg\" class=\"envira-gallery-14278 envira-gallery-link\" rel=\"enviragallery14278\" title=\"Rizoma Eccentrico\" data-envira-caption=\"Rizoma Eccentrico\" data-envira-retina=\"\" data-thumbnail=\"\"  itemprop=\"contentUrl\"><img decoding=\"async\" id=\"envira-gallery-image-15320\" class=\"envira-gallery-image envira-gallery-image-15 envira-normal envira-lazy\" data-envira-index=\"15\" src=\"https:\/\/www.der-mopedladen.de\/wp-content\/uploads\/2023\/03\/GTS-Umbau-14-1024x768-640x480.jpg\" data-envira-src=\"https:\/\/www.der-mopedladen.de\/wp-content\/uploads\/2023\/03\/GTS-Umbau-14-1024x768-640x480.jpg\" data-envira-gallery-id=\"14278\" data-envira-item-id=\"15320\" data-envira-caption=\"Rizoma Eccentrico\" alt=\"\" title=\"Rizoma Eccentrico\"  itemprop=\"thumbnailUrl\" data-envira-srcset=\"https:\/\/www.der-mopedladen.de\/wp-content\/uploads\/2023\/03\/GTS-Umbau-14-1024x768-640x480.jpg 400w,https:\/\/www.der-mopedladen.de\/wp-content\/uploads\/2023\/03\/GTS-Umbau-14-1024x768-640x480.jpg 2x\" data-envira-width=\"300\" data-envira-height=\"225\" srcset=\"data:image\/gif;base64,R0lGODlhAQABAIAAAP\/\/\/\/\/\/\/yH5BAEKAAEALAAAAAABAAEAAAICTAEAOw==\" data-safe-src=\"data:image\/gif;base64,R0lGODlhAQABAIAAAP\/\/\/\/\/\/\/yH5BAEKAAEALAAAAAABAAEAAAICTAEAOw==\" \/><\/a><\/div><\/div><\/div><\/div><noscript><img decoding=\"async\" src=\"https:\/\/www.der-mopedladen.de\/wp-content\/uploads\/2023\/01\/GTS-Supertech-mattblau-2023-3.jpg\" alt=\"\" \/><img decoding=\"async\" src=\"https:\/\/www.der-mopedladen.de\/wp-content\/uploads\/2023\/01\/GTS-Supertech-dunkelgrau-2023-3.jpg\" alt=\"\" \/><img decoding=\"async\" src=\"https:\/\/www.der-mopedladen.de\/wp-content\/uploads\/2023\/01\/GTS-Supertech-mattblau-2023-2.jpg\" alt=\"\" \/><img decoding=\"async\" src=\"https:\/\/www.der-mopedladen.de\/wp-content\/uploads\/2023\/01\/GTS-Supertech-dunkelgrau-2023-2.jpg\" alt=\"\" \/><img decoding=\"async\" src=\"https:\/\/www.der-mopedladen.de\/wp-content\/uploads\/2023\/01\/GTS-Supertech-mattblau-2023-4.jpg\" alt=\"\" \/><img decoding=\"async\" src=\"https:\/\/www.der-mopedladen.de\/wp-content\/uploads\/2023\/01\/GTS-Supertech-dunkelgrau-2023-4.jpg\" alt=\"\" \/><img decoding=\"async\" src=\"https:\/\/www.der-mopedladen.de\/wp-content\/uploads\/2023\/01\/GTS-Supertech-mattblau-2023-6.jpg\" alt=\"\" \/><img decoding=\"async\" src=\"https:\/\/www.der-mopedladen.de\/wp-content\/uploads\/2023\/01\/GTS-Supertech-dunkelgrau-2023-5.jpg\" alt=\"\" \/><img decoding=\"async\" src=\"https:\/\/www.der-mopedladen.de\/wp-content\/uploads\/2023\/01\/GTS-Supertech-dunkelgrau-2023-1.jpg\" alt=\"\" \/><img decoding=\"async\" src=\"https:\/\/www.der-mopedladen.de\/wp-content\/uploads\/2023\/01\/GTS-Supertech-mattblau-2023-5.jpg\" alt=\"\" \/><img decoding=\"async\" src=\"https:\/\/www.der-mopedladen.de\/wp-content\/uploads\/2023\/01\/GTS-Supertech-mattblau-2023-7.jpg\" alt=\"\" \/><img decoding=\"async\" src=\"https:\/\/www.der-mopedladen.de\/wp-content\/uploads\/2023\/01\/GTS-Supertech-mattblau-2023-1.jpg\" alt=\"\" \/><img decoding=\"async\" src=\"https:\/\/www.der-mopedladen.de\/wp-content\/uploads\/2023\/03\/GTS-Umbau-12.jpg\" alt=\"\" \/><img decoding=\"async\" src=\"https:\/\/www.der-mopedladen.de\/wp-content\/uploads\/2023\/03\/GTS-Umbau-13.jpg\" alt=\"\" \/><img decoding=\"async\" src=\"https:\/\/www.der-mopedladen.de\/wp-content\/uploads\/2023\/03\/GTS-Umbau-14.jpg\" alt=\"\" \/><\/noscript>\n","protected":false},"excerpt":{"rendered":"<p>Die Vespa GTS Supertech 310 gibts bei uns zum Sonderpreis von 7499 statt 7699 \u20ac. Ein einzigartiges und attraktives Design, das an die Exklusivit\u00e4t und\u2026<\/p>\n<p class=\"continue-reading-button\"> <a class=\"continue-reading-link\" href=\"https:\/\/www.der-mopedladen.de\/?p=22864\">Mehr Informationen<i class=\"crycon-right-dir\"><\/i><\/a><\/p>\n","protected":false},"author":2,"featured_media":14838,"comment_status":"closed","ping_status":"closed","sticky":false,"template":"","format":"standard","meta":{"footnotes":""},"categories":[33,70],"tags":[35,8,37,133,63],"class_list":["post-22864","post","type-post","status-publish","format-standard","has-post-thumbnail","hentry","category-rollergross","category-vespa-rollergross","tag-4-takt","tag-abs","tag-einspritzung","tag-tcs","tag-vespa"],"yoast_head":"<!-- This site is optimized with the Yoast SEO plugin v25.7 - https:\/\/yoast.com\/wordpress\/plugins\/seo\/ -->\n<title>Vespa GTS Supertech 310 . . . . . . . 7499 statt 7699 \u20ac -<\/title>\n<meta name=\"description\" content=\"Das Top-Modell der GTS Baureihe, die Supertech 310 bietet zus\u00e4tzlich ein Farb-TFT und exklusive Farben.\" \/>\n<meta name=\"robots\" content=\"index, follow, max-snippet:-1, max-image-preview:large, max-video-preview:-1\" \/>\n<link rel=\"canonical\" href=\"https:\/\/www.der-mopedladen.de\/?p=22864\" \/>\n<meta property=\"og:locale\" content=\"de_DE\" \/>\n<meta property=\"og:type\" content=\"article\" \/>\n<meta property=\"og:title\" content=\"Vespa GTS Supertech 310 . . . . . . . 7499 statt 7699 \u20ac -\" \/>\n<meta property=\"og:description\" content=\"Das Top-Modell der GTS Baureihe, die Supertech 310 bietet zus\u00e4tzlich ein Farb-TFT und exklusive Farben.\" \/>\n<meta property=\"og:url\" content=\"https:\/\/www.der-mopedladen.de\/?p=22864\" \/>\n<meta property=\"article:published_time\" content=\"2024-10-01T09:38:29+00:00\" \/>\n<meta property=\"article:modified_time\" content=\"2025-11-14T13:13:53+00:00\" \/>\n<meta property=\"og:image\" content=\"https:\/\/www.der-mopedladen.de\/wp-content\/uploads\/2023\/01\/GTS-Supertech-mattblau-2023-3.jpg\" \/>\n\t<meta property=\"og:image:width\" content=\"2560\" \/>\n\t<meta property=\"og:image:height\" content=\"1920\" \/>\n\t<meta property=\"og:image:type\" content=\"image\/jpeg\" \/>\n<meta name=\"author\" content=\"Carsten Maluche\" \/>\n<meta name=\"twitter:card\" content=\"summary_large_image\" \/>\n<meta name=\"twitter:label1\" content=\"Verfasst von\" \/>\n\t<meta name=\"twitter:data1\" content=\"Carsten Maluche\" \/>\n\t<meta name=\"twitter:label2\" content=\"Gesch\u00e4tzte Lesezeit\" \/>\n\t<meta name=\"twitter:data2\" content=\"2\u00a0Minuten\" \/>\n<script type=\"application\/ld+json\" class=\"yoast-schema-graph\">{\"@context\":\"https:\/\/schema.org\",\"@graph\":[{\"@type\":\"Article\",\"@id\":\"https:\/\/www.der-mopedladen.de\/?p=22864#article\",\"isPartOf\":{\"@id\":\"https:\/\/www.der-mopedladen.de\/?p=22864\"},\"author\":{\"name\":\"Carsten Maluche\",\"@id\":\"https:\/\/www.der-mopedladen.de\/#\/schema\/person\/4d0c0c9ed7d36464398049539cfdc1c0\"},\"headline\":\"Vespa GTS Supertech 310 . . . . . . . 7499 statt 7699 \u20ac\",\"datePublished\":\"2024-10-01T09:38:29+00:00\",\"dateModified\":\"2025-11-14T13:13:53+00:00\",\"mainEntityOfPage\":{\"@id\":\"https:\/\/www.der-mopedladen.de\/?p=22864\"},\"wordCount\":329,\"publisher\":{\"@id\":\"https:\/\/www.der-mopedladen.de\/#organization\"},\"image\":{\"@id\":\"https:\/\/www.der-mopedladen.de\/?p=22864#primaryimage\"},\"thumbnailUrl\":\"https:\/\/www.der-mopedladen.de\/wp-content\/uploads\/2023\/01\/GTS-Supertech-mattblau-2023-3.jpg\",\"keywords\":[\"4 Takt\",\"ABS\",\"Einspritzung\",\"TCS\",\"Vespa\"],\"articleSection\":[\"Roller ab 125 ccm\",\"Vespa\"],\"inLanguage\":\"de\"},{\"@type\":\"WebPage\",\"@id\":\"https:\/\/www.der-mopedladen.de\/?p=22864\",\"url\":\"https:\/\/www.der-mopedladen.de\/?p=22864\",\"name\":\"Vespa GTS Supertech 310 . . . . . . . 7499 statt 7699 \u20ac -\",\"isPartOf\":{\"@id\":\"https:\/\/www.der-mopedladen.de\/#website\"},\"primaryImageOfPage\":{\"@id\":\"https:\/\/www.der-mopedladen.de\/?p=22864#primaryimage\"},\"image\":{\"@id\":\"https:\/\/www.der-mopedladen.de\/?p=22864#primaryimage\"},\"thumbnailUrl\":\"https:\/\/www.der-mopedladen.de\/wp-content\/uploads\/2023\/01\/GTS-Supertech-mattblau-2023-3.jpg\",\"datePublished\":\"2024-10-01T09:38:29+00:00\",\"dateModified\":\"2025-11-14T13:13:53+00:00\",\"description\":\"Das Top-Modell der GTS Baureihe, die Supertech 310 bietet zus\u00e4tzlich ein Farb-TFT und exklusive Farben.\",\"breadcrumb\":{\"@id\":\"https:\/\/www.der-mopedladen.de\/?p=22864#breadcrumb\"},\"inLanguage\":\"de\",\"potentialAction\":[{\"@type\":\"ReadAction\",\"target\":[\"https:\/\/www.der-mopedladen.de\/?p=22864\"]}]},{\"@type\":\"ImageObject\",\"inLanguage\":\"de\",\"@id\":\"https:\/\/www.der-mopedladen.de\/?p=22864#primaryimage\",\"url\":\"https:\/\/www.der-mopedladen.de\/wp-content\/uploads\/2023\/01\/GTS-Supertech-mattblau-2023-3.jpg\",\"contentUrl\":\"https:\/\/www.der-mopedladen.de\/wp-content\/uploads\/2023\/01\/GTS-Supertech-mattblau-2023-3.jpg\",\"width\":2560,\"height\":1920},{\"@type\":\"BreadcrumbList\",\"@id\":\"https:\/\/www.der-mopedladen.de\/?p=22864#breadcrumb\",\"itemListElement\":[{\"@type\":\"ListItem\",\"position\":1,\"name\":\"Startseite\",\"item\":\"https:\/\/www.der-mopedladen.de\/\"},{\"@type\":\"ListItem\",\"position\":2,\"name\":\"Vespa GTS Supertech 310 . . . . . . . 7499 statt 7699 \u20ac\"}]},{\"@type\":\"WebSite\",\"@id\":\"https:\/\/www.der-mopedladen.de\/#website\",\"url\":\"https:\/\/www.der-mopedladen.de\/\",\"name\":\"\",\"description\":\"\",\"publisher\":{\"@id\":\"https:\/\/www.der-mopedladen.de\/#organization\"},\"potentialAction\":[{\"@type\":\"SearchAction\",\"target\":{\"@type\":\"EntryPoint\",\"urlTemplate\":\"https:\/\/www.der-mopedladen.de\/?s={search_term_string}\"},\"query-input\":{\"@type\":\"PropertyValueSpecification\",\"valueRequired\":true,\"valueName\":\"search_term_string\"}}],\"inLanguage\":\"de\"},{\"@type\":\"Organization\",\"@id\":\"https:\/\/www.der-mopedladen.de\/#organization\",\"name\":\"Der Mopedladen OHG\",\"url\":\"https:\/\/www.der-mopedladen.de\/\",\"logo\":{\"@type\":\"ImageObject\",\"inLanguage\":\"de\",\"@id\":\"https:\/\/www.der-mopedladen.de\/#\/schema\/logo\/image\/\",\"url\":\"https:\/\/www.der-mopedladen.de\/wp-content\/uploads\/2021\/04\/Logo-DerMopedladen_ZW_CMYK-50x36mm.jpg\",\"contentUrl\":\"https:\/\/www.der-mopedladen.de\/wp-content\/uploads\/2021\/04\/Logo-DerMopedladen_ZW_CMYK-50x36mm.jpg\",\"width\":602,\"height\":437,\"caption\":\"Der Mopedladen OHG\"},\"image\":{\"@id\":\"https:\/\/www.der-mopedladen.de\/#\/schema\/logo\/image\/\"}},{\"@type\":\"Person\",\"@id\":\"https:\/\/www.der-mopedladen.de\/#\/schema\/person\/4d0c0c9ed7d36464398049539cfdc1c0\",\"name\":\"Carsten Maluche\",\"image\":{\"@type\":\"ImageObject\",\"inLanguage\":\"de\",\"@id\":\"https:\/\/www.der-mopedladen.de\/#\/schema\/person\/image\/\",\"url\":\"https:\/\/secure.gravatar.com\/avatar\/a535b4a133389f55485f0a633a5968f3d69e644503b1fed0e6aa81083975d04a?s=96&d=mm&r=g\",\"contentUrl\":\"https:\/\/secure.gravatar.com\/avatar\/a535b4a133389f55485f0a633a5968f3d69e644503b1fed0e6aa81083975d04a?s=96&d=mm&r=g\",\"caption\":\"Carsten Maluche\"}}]}<\/script>\n<!-- \/ Yoast SEO plugin. -->","yoast_head_json":{"title":"Vespa GTS Supertech 310 . . . . . . . 7499 statt 7699 \u20ac -","description":"Das Top-Modell der GTS Baureihe, die Supertech 310 bietet zus\u00e4tzlich ein Farb-TFT und exklusive Farben.","robots":{"index":"index","follow":"follow","max-snippet":"max-snippet:-1","max-image-preview":"max-image-preview:large","max-video-preview":"max-video-preview:-1"},"canonical":"https:\/\/www.der-mopedladen.de\/?p=22864","og_locale":"de_DE","og_type":"article","og_title":"Vespa GTS Supertech 310 . . . . . . . 7499 statt 7699 \u20ac -","og_description":"Das Top-Modell der GTS Baureihe, die Supertech 310 bietet zus\u00e4tzlich ein Farb-TFT und exklusive Farben.","og_url":"https:\/\/www.der-mopedladen.de\/?p=22864","article_published_time":"2024-10-01T09:38:29+00:00","article_modified_time":"2025-11-14T13:13:53+00:00","og_image":[{"width":2560,"height":1920,"url":"https:\/\/www.der-mopedladen.de\/wp-content\/uploads\/2023\/01\/GTS-Supertech-mattblau-2023-3.jpg","type":"image\/jpeg"}],"author":"Carsten Maluche","twitter_card":"summary_large_image","twitter_misc":{"Verfasst von":"Carsten Maluche","Gesch\u00e4tzte Lesezeit":"2\u00a0Minuten"},"schema":{"@context":"https:\/\/schema.org","@graph":[{"@type":"Article","@id":"https:\/\/www.der-mopedladen.de\/?p=22864#article","isPartOf":{"@id":"https:\/\/www.der-mopedladen.de\/?p=22864"},"author":{"name":"Carsten Maluche","@id":"https:\/\/www.der-mopedladen.de\/#\/schema\/person\/4d0c0c9ed7d36464398049539cfdc1c0"},"headline":"Vespa GTS Supertech 310 . . . . . . . 7499 statt 7699 \u20ac","datePublished":"2024-10-01T09:38:29+00:00","dateModified":"2025-11-14T13:13:53+00:00","mainEntityOfPage":{"@id":"https:\/\/www.der-mopedladen.de\/?p=22864"},"wordCount":329,"publisher":{"@id":"https:\/\/www.der-mopedladen.de\/#organization"},"image":{"@id":"https:\/\/www.der-mopedladen.de\/?p=22864#primaryimage"},"thumbnailUrl":"https:\/\/www.der-mopedladen.de\/wp-content\/uploads\/2023\/01\/GTS-Supertech-mattblau-2023-3.jpg","keywords":["4 Takt","ABS","Einspritzung","TCS","Vespa"],"articleSection":["Roller ab 125 ccm","Vespa"],"inLanguage":"de"},{"@type":"WebPage","@id":"https:\/\/www.der-mopedladen.de\/?p=22864","url":"https:\/\/www.der-mopedladen.de\/?p=22864","name":"Vespa GTS Supertech 310 . . . . . . . 7499 statt 7699 \u20ac -","isPartOf":{"@id":"https:\/\/www.der-mopedladen.de\/#website"},"primaryImageOfPage":{"@id":"https:\/\/www.der-mopedladen.de\/?p=22864#primaryimage"},"image":{"@id":"https:\/\/www.der-mopedladen.de\/?p=22864#primaryimage"},"thumbnailUrl":"https:\/\/www.der-mopedladen.de\/wp-content\/uploads\/2023\/01\/GTS-Supertech-mattblau-2023-3.jpg","datePublished":"2024-10-01T09:38:29+00:00","dateModified":"2025-11-14T13:13:53+00:00","description":"Das Top-Modell der GTS Baureihe, die Supertech 310 bietet zus\u00e4tzlich ein Farb-TFT und exklusive Farben.","breadcrumb":{"@id":"https:\/\/www.der-mopedladen.de\/?p=22864#breadcrumb"},"inLanguage":"de","potentialAction":[{"@type":"ReadAction","target":["https:\/\/www.der-mopedladen.de\/?p=22864"]}]},{"@type":"ImageObject","inLanguage":"de","@id":"https:\/\/www.der-mopedladen.de\/?p=22864#primaryimage","url":"https:\/\/www.der-mopedladen.de\/wp-content\/uploads\/2023\/01\/GTS-Supertech-mattblau-2023-3.jpg","contentUrl":"https:\/\/www.der-mopedladen.de\/wp-content\/uploads\/2023\/01\/GTS-Supertech-mattblau-2023-3.jpg","width":2560,"height":1920},{"@type":"BreadcrumbList","@id":"https:\/\/www.der-mopedladen.de\/?p=22864#breadcrumb","itemListElement":[{"@type":"ListItem","position":1,"name":"Startseite","item":"https:\/\/www.der-mopedladen.de\/"},{"@type":"ListItem","position":2,"name":"Vespa GTS Supertech 310 . . . . . . . 7499 statt 7699 \u20ac"}]},{"@type":"WebSite","@id":"https:\/\/www.der-mopedladen.de\/#website","url":"https:\/\/www.der-mopedladen.de\/","name":"","description":"","publisher":{"@id":"https:\/\/www.der-mopedladen.de\/#organization"},"potentialAction":[{"@type":"SearchAction","target":{"@type":"EntryPoint","urlTemplate":"https:\/\/www.der-mopedladen.de\/?s={search_term_string}"},"query-input":{"@type":"PropertyValueSpecification","valueRequired":true,"valueName":"search_term_string"}}],"inLanguage":"de"},{"@type":"Organization","@id":"https:\/\/www.der-mopedladen.de\/#organization","name":"Der Mopedladen OHG","url":"https:\/\/www.der-mopedladen.de\/","logo":{"@type":"ImageObject","inLanguage":"de","@id":"https:\/\/www.der-mopedladen.de\/#\/schema\/logo\/image\/","url":"https:\/\/www.der-mopedladen.de\/wp-content\/uploads\/2021\/04\/Logo-DerMopedladen_ZW_CMYK-50x36mm.jpg","contentUrl":"https:\/\/www.der-mopedladen.de\/wp-content\/uploads\/2021\/04\/Logo-DerMopedladen_ZW_CMYK-50x36mm.jpg","width":602,"height":437,"caption":"Der Mopedladen OHG"},"image":{"@id":"https:\/\/www.der-mopedladen.de\/#\/schema\/logo\/image\/"}},{"@type":"Person","@id":"https:\/\/www.der-mopedladen.de\/#\/schema\/person\/4d0c0c9ed7d36464398049539cfdc1c0","name":"Carsten Maluche","image":{"@type":"ImageObject","inLanguage":"de","@id":"https:\/\/www.der-mopedladen.de\/#\/schema\/person\/image\/","url":"https:\/\/secure.gravatar.com\/avatar\/a535b4a133389f55485f0a633a5968f3d69e644503b1fed0e6aa81083975d04a?s=96&d=mm&r=g","contentUrl":"https:\/\/secure.gravatar.com\/avatar\/a535b4a133389f55485f0a633a5968f3d69e644503b1fed0e6aa81083975d04a?s=96&d=mm&r=g","caption":"Carsten Maluche"}}]}},"_links":{"self":[{"href":"https:\/\/www.der-mopedladen.de\/index.php?rest_route=\/wp\/v2\/posts\/22864","targetHints":{"allow":["GET"]}}],"collection":[{"href":"https:\/\/www.der-mopedladen.de\/index.php?rest_route=\/wp\/v2\/posts"}],"about":[{"href":"https:\/\/www.der-mopedladen.de\/index.php?rest_route=\/wp\/v2\/types\/post"}],"author":[{"embeddable":true,"href":"https:\/\/www.der-mopedladen.de\/index.php?rest_route=\/wp\/v2\/users\/2"}],"replies":[{"embeddable":true,"href":"https:\/\/www.der-mopedladen.de\/index.php?rest_route=%2Fwp%2Fv2%2Fcomments&post=22864"}],"version-history":[{"count":5,"href":"https:\/\/www.der-mopedladen.de\/index.php?rest_route=\/wp\/v2\/posts\/22864\/revisions"}],"predecessor-version":[{"id":22876,"href":"https:\/\/www.der-mopedladen.de\/index.php?rest_route=\/wp\/v2\/posts\/22864\/revisions\/22876"}],"wp:featuredmedia":[{"embeddable":true,"href":"https:\/\/www.der-mopedladen.de\/index.php?rest_route=\/wp\/v2\/media\/14838"}],"wp:attachment":[{"href":"https:\/\/www.der-mopedladen.de\/index.php?rest_route=%2Fwp%2Fv2%2Fmedia&parent=22864"}],"wp:term":[{"taxonomy":"category","embeddable":true,"href":"https:\/\/www.der-mopedladen.de\/index.php?rest_route=%2Fwp%2Fv2%2Fcategories&post=22864"},{"taxonomy":"post_tag","embeddable":true,"href":"https:\/\/www.der-mopedladen.de\/index.php?rest_route=%2Fwp%2Fv2%2Ftags&post=22864"}],"curies":[{"name":"wp","href":"https:\/\/api.w.org\/{rel}","templated":true}]}}