{"id":22227,"date":"2026-03-24T12:59:50","date_gmt":"2026-03-24T11:59:50","guid":{"rendered":"https:\/\/www.der-mopedladen.de\/?p=22227"},"modified":"2026-03-25T15:35:09","modified_gmt":"2026-03-25T14:35:09","slug":"kymco-cv3-550i-vorfuehrer","status":"publish","type":"post","link":"https:\/\/www.der-mopedladen.de\/?p=22227","title":{"rendered":"Vorf\u00fchrer: Kymco CV3 550i . . . . . . 11999 \u20ac"},"content":{"rendered":"<div id=\"c3933\" class=\"csc-default csc-space\">\n<p class=\"bodytext\">Wir verkaufen unseren mattblauen Kymco CV3 Vorf\u00fchrer mit lediglich 32km f\u00fcr 11999,- statt 13999,- Euro.<\/p>\n<p class=\"bodytext\">Der\u00a0<b>KYMCO CV3 550i ABS<\/b>\u00a0ist der erste dreir\u00e4drige Scooter in der KYMCO Flotte. Mit seinen zahlreichen Sicherheits- und Komfortmerkmalen ist der KYMCO CV3 eine gro\u00dfartige Alternative f\u00fcr alle, die die Wendigkeit eines Rollers im Stadtverkehr lieben und gleichzeitig die Freiheit und den Komfort eines Autos genie\u00dfen m\u00f6chten.<\/p>\n<p>Die beiden Vorderr\u00e4der werden von einer Parallelogramm-Aufh\u00e4ngung mit doppelten Gabeln gef\u00fchrt und sorgen in jeder Situation f\u00fcr zus\u00e4tzliche Stabilit\u00e4t und Vertrauen. Zuverl\u00e4ssig geschmeidigen Vortrieb liefert der 550er Zweizylinder-Viertakt-Reihenmotor. F\u00fcr die Fahrstabilit\u00e4t und optimales Handling sind vor allem der leichte, aber robuste Aluminiumrahmen sowie eine Power Transmission Matrix (PTM) \u2013 f\u00fcr eine perfekte Gewichtsverteilung des Rollers \u2013 verantwortlich.<\/p>\n<p>Und auch bei den Extras wurde nicht gegeizt: das Cockpit ist mit NOODOE samt GPS-Navigation \u00fcbers Smartphone und Tempomat ausgestattet. Au\u00dferdem bietet das Dreirad ein Windschild, Heizgriffe sowie ein Keyless-System. Per Schalter am Lenker kann die Neigetechnik im Parkzustand oder an der Ampel bequem blockiert werden.<\/p>\n<ul>\n<li class=\"bodytext\">3 Jahre Garantie!<\/li>\n<li class=\"bodytext\">Neuwertiger Zustand<\/li>\n<li class=\"bodytext\">HU\/AU bis 04\/2027<\/li>\n<li class=\"bodytext\">Vollwertige Navigation mit NOODOE System<\/li>\n<li class=\"bodytext\">Heizgriffe serienm\u00e4ssig<\/li>\n<li>Keyless System<\/li>\n<\/ul>\n<div id=\"c3937\" class=\"csc-default csc-space\">\n<div class=\"csc-header csc-header-n1\">\n<h3>Fahrzeugdetails<\/h3>\n<\/div>\n<table class=\"fahrzeugdaten\" style=\"width: 100%; height: 168px;\">\n<tbody>\n<tr style=\"height: 21px;\">\n<td style=\"height: 21px;\">Kilometerstand<\/td>\n<td style=\"height: 21px;\">32 km (!)<\/td>\n<\/tr>\n<tr style=\"height: 21px;\">\n<td style=\"height: 21px;\">Leistung<\/td>\n<td style=\"height: 21px;\">37,5 kW \/ 51 PS<\/td>\n<\/tr>\n<tr style=\"height: 21px;\">\n<td style=\"height: 21px;\">Erstzulassung\/Baujahr<\/td>\n<td style=\"height: 21px;\">04\/2025<\/td>\n<\/tr>\n<tr style=\"height: 21px;\">\n<td style=\"height: 21px;\">Motor<\/td>\n<td style=\"height: 21px;\">550 cm\u00b3 Reihenzweizylinder<\/td>\n<\/tr>\n<tr style=\"height: 21px;\">\n<td style=\"height: 21px;\">H\u00f6chstgeschwindigkeit<\/td>\n<td style=\"height: 21px;\">152 km\/h<\/td>\n<\/tr>\n<tr style=\"height: 21px;\">\n<td style=\"height: 21px;\">Leergewicht<\/td>\n<td style=\"height: 21px;\">282 kg<\/td>\n<\/tr>\n<tr style=\"height: 21px;\">\n<td style=\"height: 21px;\">HU\/AU<\/td>\n<td style=\"height: 21px;\">04\/2027<\/td>\n<\/tr>\n<tr style=\"height: 21px;\">\n<td style=\"height: 21px;\">Farbe<\/td>\n<td style=\"height: 21px;\">Blau-Matt<\/td>\n<\/tr>\n<\/tbody>\n<\/table>\n<\/div>\n<div class=\"finanzierungsWrap\">\n<div id=\"c3930\" class=\"csc-default csc-space\">\n<div class=\"csc-header csc-header-n1\">\n<h3>Finanzierung<\/h3>\n<\/div>\n<table class=\"fahrzeugdaten\">\n<tbody>\n<tr>\n<td>Finanzierung \u00fcber Creditplus Bank m\u00f6glich.<\/td>\n<td><\/td>\n<\/tr>\n<\/tbody>\n<\/table>\n<\/div>\n<\/div>\n<\/div>\n<div id=\"envira-gallery-wrap-22226\" class=\"envira-gallery-wrap envira-gallery-theme-base envira-lightbox-theme-base\" itemscope itemtype=\"https:\/\/schema.org\/ImageGallery\"><div data-row-height=\"150\" data-gallery-theme=\"normal\" id=\"envira-gallery-22226\" class=\"envira-gallery-public envira-gallery-justified-public envira-gallery-0-columns envira-clear enviratope envira-gallery-css-animations\" data-envira-columns=\"0\"><div id=\"envira-gallery-item-20137\" class=\"envira-gallery-item enviratope-item envira-gallery-item-1 envira-lazy-load\" style=\"padding-left: 5px; padding-bottom: 10px; padding-right: 5px;\"  itemscope itemtype=\"https:\/\/schema.org\/ImageObject\"><div class=\"envira-gallery-item-inner\"><div class=\"envira-gallery-position-overlay  envira-gallery-top-left\"><\/div><div class=\"envira-gallery-position-overlay  envira-gallery-top-right\"><\/div><div class=\"envira-gallery-position-overlay  envira-gallery-bottom-left\"><\/div><div class=\"envira-gallery-position-overlay  envira-gallery-bottom-right\"><\/div><a href=\"https:\/\/www.der-mopedladen.de\/wp-content\/uploads\/2024\/08\/CV3-mattblau-3.jpg\" class=\"envira-gallery-22226 envira-gallery-link\" rel=\"enviragallery22226\" title=\"CV3 mattblau 2\" data-envira-caption=\"CV3 mattblau 2\" data-envira-retina=\"\" data-thumbnail=\"\"  itemprop=\"contentUrl\"><img decoding=\"async\" id=\"envira-gallery-image-20137\" class=\"envira-gallery-image envira-gallery-image-1 envira-normal envira-lazy\" data-envira-index=\"1\" src=\"https:\/\/www.der-mopedladen.de\/wp-content\/uploads\/2024\/08\/CV3-mattblau-3-1024x768-640x480.jpg\" data-envira-src=\"https:\/\/www.der-mopedladen.de\/wp-content\/uploads\/2024\/08\/CV3-mattblau-3-1024x768-640x480.jpg\" data-envira-gallery-id=\"22226\" data-envira-item-id=\"20137\" data-envira-caption=\"CV3 mattblau 2\" alt=\"\" title=\"CV3 mattblau 2\"  itemprop=\"thumbnailUrl\" data-envira-srcset=\"https:\/\/www.der-mopedladen.de\/wp-content\/uploads\/2024\/08\/CV3-mattblau-3-1024x768-640x480.jpg 400w,https:\/\/www.der-mopedladen.de\/wp-content\/uploads\/2024\/08\/CV3-mattblau-3-1024x768-640x480.jpg 2x\" data-envira-width=\"300\" data-envira-height=\"225\" srcset=\"data:image\/gif;base64,R0lGODlhAQABAIAAAP\/\/\/\/\/\/\/yH5BAEKAAEALAAAAAABAAEAAAICTAEAOw==\" data-safe-src=\"data:image\/gif;base64,R0lGODlhAQABAIAAAP\/\/\/\/\/\/\/yH5BAEKAAEALAAAAAABAAEAAAICTAEAOw==\" \/><\/a><\/div><\/div><div id=\"envira-gallery-item-22222\" class=\"envira-gallery-item enviratope-item envira-gallery-item-2 envira-lazy-load\" style=\"padding-left: 5px; padding-bottom: 10px; padding-right: 5px;\"  itemscope itemtype=\"https:\/\/schema.org\/ImageObject\"><div class=\"envira-gallery-item-inner\"><div class=\"envira-gallery-position-overlay  envira-gallery-top-left\"><\/div><div class=\"envira-gallery-position-overlay  envira-gallery-top-right\"><\/div><div class=\"envira-gallery-position-overlay  envira-gallery-bottom-left\"><\/div><div class=\"envira-gallery-position-overlay  envira-gallery-bottom-right\"><\/div><a href=\"https:\/\/www.der-mopedladen.de\/wp-content\/uploads\/2025\/08\/Tacho-CV3.jpg\" class=\"envira-gallery-22226 envira-gallery-link\" rel=\"enviragallery22226\" title=\"Tacho CV3 Vorf&uuml;hrer\" data-envira-caption=\"Tacho CV3 Vorf&uuml;hrer\" data-envira-retina=\"\" data-thumbnail=\"\"  itemprop=\"contentUrl\"><img decoding=\"async\" id=\"envira-gallery-image-22222\" class=\"envira-gallery-image envira-gallery-image-2 envira-normal envira-lazy\" data-envira-index=\"2\" src=\"https:\/\/www.der-mopedladen.de\/wp-content\/uploads\/2025\/08\/Tacho-CV3-1024x768-640x480.jpg\" data-envira-src=\"https:\/\/www.der-mopedladen.de\/wp-content\/uploads\/2025\/08\/Tacho-CV3-1024x768-640x480.jpg\" data-envira-gallery-id=\"22226\" data-envira-item-id=\"22222\" data-envira-caption=\"Tacho CV3 Vorf&uuml;hrer\" alt=\"\" title=\"Tacho CV3 Vorf\u00fchrer\"  itemprop=\"thumbnailUrl\" data-envira-srcset=\"https:\/\/www.der-mopedladen.de\/wp-content\/uploads\/2025\/08\/Tacho-CV3-1024x768-640x480.jpg 400w,https:\/\/www.der-mopedladen.de\/wp-content\/uploads\/2025\/08\/Tacho-CV3-1024x768-640x480.jpg 2x\" data-envira-width=\"300\" data-envira-height=\"225\" srcset=\"data:image\/gif;base64,R0lGODlhAQABAIAAAP\/\/\/\/\/\/\/yH5BAEKAAEALAAAAAABAAEAAAICTAEAOw==\" data-safe-src=\"data:image\/gif;base64,R0lGODlhAQABAIAAAP\/\/\/\/\/\/\/yH5BAEKAAEALAAAAAABAAEAAAICTAEAOw==\" \/><\/a><\/div><\/div><div id=\"envira-gallery-item-20139\" class=\"envira-gallery-item enviratope-item envira-gallery-item-3 envira-lazy-load\" style=\"padding-left: 5px; padding-bottom: 10px; padding-right: 5px;\"  itemscope itemtype=\"https:\/\/schema.org\/ImageObject\"><div class=\"envira-gallery-item-inner\"><div class=\"envira-gallery-position-overlay  envira-gallery-top-left\"><\/div><div class=\"envira-gallery-position-overlay  envira-gallery-top-right\"><\/div><div class=\"envira-gallery-position-overlay  envira-gallery-bottom-left\"><\/div><div class=\"envira-gallery-position-overlay  envira-gallery-bottom-right\"><\/div><a href=\"https:\/\/www.der-mopedladen.de\/wp-content\/uploads\/2024\/08\/CV3-mattblau-4.jpg\" class=\"envira-gallery-22226 envira-gallery-link\" rel=\"enviragallery22226\" title=\"CV3 mattblau 4\" data-envira-caption=\"CV3 mattblau 4\" data-envira-retina=\"\" data-thumbnail=\"\"  itemprop=\"contentUrl\"><img decoding=\"async\" id=\"envira-gallery-image-20139\" class=\"envira-gallery-image envira-gallery-image-3 envira-normal envira-lazy\" data-envira-index=\"3\" src=\"https:\/\/www.der-mopedladen.de\/wp-content\/uploads\/2024\/08\/CV3-mattblau-4-1024x768-640x480.jpg\" data-envira-src=\"https:\/\/www.der-mopedladen.de\/wp-content\/uploads\/2024\/08\/CV3-mattblau-4-1024x768-640x480.jpg\" data-envira-gallery-id=\"22226\" data-envira-item-id=\"20139\" data-envira-caption=\"CV3 mattblau 4\" alt=\"\" title=\"CV3 mattblau 4\"  itemprop=\"thumbnailUrl\" data-envira-srcset=\"https:\/\/www.der-mopedladen.de\/wp-content\/uploads\/2024\/08\/CV3-mattblau-4-1024x768-640x480.jpg 400w,https:\/\/www.der-mopedladen.de\/wp-content\/uploads\/2024\/08\/CV3-mattblau-4-1024x768-640x480.jpg 2x\" data-envira-width=\"300\" data-envira-height=\"225\" srcset=\"data:image\/gif;base64,R0lGODlhAQABAIAAAP\/\/\/\/\/\/\/yH5BAEKAAEALAAAAAABAAEAAAICTAEAOw==\" data-safe-src=\"data:image\/gif;base64,R0lGODlhAQABAIAAAP\/\/\/\/\/\/\/yH5BAEKAAEALAAAAAABAAEAAAICTAEAOw==\" \/><\/a><\/div><\/div><div id=\"envira-gallery-item-20138\" class=\"envira-gallery-item enviratope-item envira-gallery-item-4 envira-lazy-load\" style=\"padding-left: 5px; padding-bottom: 10px; padding-right: 5px;\"  itemscope itemtype=\"https:\/\/schema.org\/ImageObject\"><div class=\"envira-gallery-item-inner\"><div class=\"envira-gallery-position-overlay  envira-gallery-top-left\"><\/div><div class=\"envira-gallery-position-overlay  envira-gallery-top-right\"><\/div><div class=\"envira-gallery-position-overlay  envira-gallery-bottom-left\"><\/div><div class=\"envira-gallery-position-overlay  envira-gallery-bottom-right\"><\/div><a href=\"https:\/\/www.der-mopedladen.de\/wp-content\/uploads\/2024\/08\/CV3-mattblau-2.jpg\" class=\"envira-gallery-22226 envira-gallery-link\" rel=\"enviragallery22226\" title=\"CV3 mattblau 3\" data-envira-caption=\"CV3 mattblau 3\" data-envira-retina=\"\" data-thumbnail=\"\"  itemprop=\"contentUrl\"><img decoding=\"async\" id=\"envira-gallery-image-20138\" class=\"envira-gallery-image envira-gallery-image-4 envira-normal envira-lazy\" data-envira-index=\"4\" src=\"https:\/\/www.der-mopedladen.de\/wp-content\/uploads\/2024\/08\/CV3-mattblau-2-1024x768-640x480.jpg\" data-envira-src=\"https:\/\/www.der-mopedladen.de\/wp-content\/uploads\/2024\/08\/CV3-mattblau-2-1024x768-640x480.jpg\" data-envira-gallery-id=\"22226\" data-envira-item-id=\"20138\" data-envira-caption=\"CV3 mattblau 3\" alt=\"\" title=\"CV3 mattblau 3\"  itemprop=\"thumbnailUrl\" data-envira-srcset=\"https:\/\/www.der-mopedladen.de\/wp-content\/uploads\/2024\/08\/CV3-mattblau-2-1024x768-640x480.jpg 400w,https:\/\/www.der-mopedladen.de\/wp-content\/uploads\/2024\/08\/CV3-mattblau-2-1024x768-640x480.jpg 2x\" data-envira-width=\"300\" data-envira-height=\"225\" srcset=\"data:image\/gif;base64,R0lGODlhAQABAIAAAP\/\/\/\/\/\/\/yH5BAEKAAEALAAAAAABAAEAAAICTAEAOw==\" data-safe-src=\"data:image\/gif;base64,R0lGODlhAQABAIAAAP\/\/\/\/\/\/\/yH5BAEKAAEALAAAAAABAAEAAAICTAEAOw==\" \/><\/a><\/div><\/div><div id=\"envira-gallery-item-20136\" class=\"envira-gallery-item enviratope-item envira-gallery-item-5 envira-lazy-load\" style=\"padding-left: 5px; padding-bottom: 10px; padding-right: 5px;\"  itemscope itemtype=\"https:\/\/schema.org\/ImageObject\"><div class=\"envira-gallery-item-inner\"><div class=\"envira-gallery-position-overlay  envira-gallery-top-left\"><\/div><div class=\"envira-gallery-position-overlay  envira-gallery-top-right\"><\/div><div class=\"envira-gallery-position-overlay  envira-gallery-bottom-left\"><\/div><div class=\"envira-gallery-position-overlay  envira-gallery-bottom-right\"><\/div><a href=\"https:\/\/www.der-mopedladen.de\/wp-content\/uploads\/2024\/08\/CV3-mattblau-1.jpg\" class=\"envira-gallery-22226 envira-gallery-link\" rel=\"enviragallery22226\" title=\"CV3 mattblau 1\" data-envira-caption=\"CV3 mattblau 1\" data-envira-retina=\"\" data-thumbnail=\"\"  itemprop=\"contentUrl\"><img decoding=\"async\" id=\"envira-gallery-image-20136\" class=\"envira-gallery-image envira-gallery-image-5 envira-normal envira-lazy\" data-envira-index=\"5\" src=\"https:\/\/www.der-mopedladen.de\/wp-content\/uploads\/2024\/08\/CV3-mattblau-1-1024x768-640x480.jpg\" data-envira-src=\"https:\/\/www.der-mopedladen.de\/wp-content\/uploads\/2024\/08\/CV3-mattblau-1-1024x768-640x480.jpg\" data-envira-gallery-id=\"22226\" data-envira-item-id=\"20136\" data-envira-caption=\"CV3 mattblau 1\" alt=\"\" title=\"CV3 mattblau 1\"  itemprop=\"thumbnailUrl\" data-envira-srcset=\"https:\/\/www.der-mopedladen.de\/wp-content\/uploads\/2024\/08\/CV3-mattblau-1-1024x768-640x480.jpg 400w,https:\/\/www.der-mopedladen.de\/wp-content\/uploads\/2024\/08\/CV3-mattblau-1-1024x768-640x480.jpg 2x\" data-envira-width=\"300\" data-envira-height=\"225\" srcset=\"data:image\/gif;base64,R0lGODlhAQABAIAAAP\/\/\/\/\/\/\/yH5BAEKAAEALAAAAAABAAEAAAICTAEAOw==\" data-safe-src=\"data:image\/gif;base64,R0lGODlhAQABAIAAAP\/\/\/\/\/\/\/yH5BAEKAAEALAAAAAABAAEAAAICTAEAOw==\" \/><\/a><\/div><\/div><\/div><\/div><noscript><img decoding=\"async\" src=\"https:\/\/www.der-mopedladen.de\/wp-content\/uploads\/2024\/08\/CV3-mattblau-3.jpg\" alt=\"\" \/><img decoding=\"async\" src=\"https:\/\/www.der-mopedladen.de\/wp-content\/uploads\/2025\/08\/Tacho-CV3.jpg\" alt=\"\" \/><img decoding=\"async\" src=\"https:\/\/www.der-mopedladen.de\/wp-content\/uploads\/2024\/08\/CV3-mattblau-4.jpg\" alt=\"\" \/><img decoding=\"async\" src=\"https:\/\/www.der-mopedladen.de\/wp-content\/uploads\/2024\/08\/CV3-mattblau-2.jpg\" alt=\"\" \/><img decoding=\"async\" src=\"https:\/\/www.der-mopedladen.de\/wp-content\/uploads\/2024\/08\/CV3-mattblau-1.jpg\" alt=\"\" \/><\/noscript>\n","protected":false},"excerpt":{"rendered":"<p>Wir verkaufen unseren mattblauen Kymco CV3 Vorf\u00fchrer mit lediglich 32km f\u00fcr 11999,- statt 13999,- Euro. Der\u00a0KYMCO CV3 550i ABS\u00a0ist der erste dreir\u00e4drige Scooter in der\u2026<\/p>\n<p class=\"continue-reading-button\"> <a class=\"continue-reading-link\" href=\"https:\/\/www.der-mopedladen.de\/?p=22227\">Mehr Informationen<i class=\"crycon-right-dir\"><\/i><\/a><\/p>\n","protected":false},"author":2,"featured_media":20137,"comment_status":"closed","ping_status":"closed","sticky":false,"template":"","format":"standard","meta":{"footnotes":""},"categories":[26],"tags":[35,8,37,32,9],"class_list":["post-22227","post","type-post","status-publish","format-standard","has-post-thumbnail","hentry","category-gebrauchtfahrzeuge","tag-4-takt","tag-abs","tag-einspritzung","tag-guenstig","tag-kymco"],"yoast_head":"<!-- This site is optimized with the Yoast SEO plugin v25.7 - https:\/\/yoast.com\/wordpress\/plugins\/seo\/ -->\n<title>Vorf\u00fchrer: Kymco CV3 550i . . . . . . 11999 \u20ac -<\/title>\n<meta name=\"description\" content=\"Wir verkaufen unseren Kymco CV3 550i Vorf\u00fchrer mit lediglich 32km zum TOP Preis! Mit Autof\u00fchrerschein fahrbar.\" \/>\n<meta name=\"robots\" content=\"index, follow, max-snippet:-1, max-image-preview:large, max-video-preview:-1\" \/>\n<link rel=\"canonical\" href=\"https:\/\/www.der-mopedladen.de\/?p=22227\" \/>\n<meta property=\"og:locale\" content=\"de_DE\" \/>\n<meta property=\"og:type\" content=\"article\" \/>\n<meta property=\"og:title\" content=\"Vorf\u00fchrer: Kymco CV3 550i . . . . . . 11999 \u20ac -\" \/>\n<meta property=\"og:description\" content=\"Wir verkaufen unseren Kymco CV3 550i Vorf\u00fchrer mit lediglich 32km zum TOP Preis! Mit Autof\u00fchrerschein fahrbar.\" \/>\n<meta property=\"og:url\" content=\"https:\/\/www.der-mopedladen.de\/?p=22227\" \/>\n<meta property=\"article:published_time\" content=\"2026-03-24T11:59:50+00:00\" \/>\n<meta property=\"article:modified_time\" content=\"2026-03-25T14:35:09+00:00\" \/>\n<meta property=\"og:image\" content=\"https:\/\/www.der-mopedladen.de\/wp-content\/uploads\/2024\/08\/CV3-mattblau-3.jpg\" \/>\n\t<meta property=\"og:image:width\" content=\"2560\" \/>\n\t<meta property=\"og:image:height\" content=\"1920\" \/>\n\t<meta property=\"og:image:type\" content=\"image\/jpeg\" \/>\n<meta name=\"author\" content=\"Carsten Maluche\" \/>\n<meta name=\"twitter:card\" content=\"summary_large_image\" \/>\n<meta name=\"twitter:label1\" content=\"Verfasst von\" \/>\n\t<meta name=\"twitter:data1\" content=\"Carsten Maluche\" \/>\n\t<meta name=\"twitter:label2\" content=\"Gesch\u00e4tzte Lesezeit\" \/>\n\t<meta name=\"twitter:data2\" content=\"1\u00a0Minute\" \/>\n<script type=\"application\/ld+json\" class=\"yoast-schema-graph\">{\"@context\":\"https:\/\/schema.org\",\"@graph\":[{\"@type\":\"Article\",\"@id\":\"https:\/\/www.der-mopedladen.de\/?p=22227#article\",\"isPartOf\":{\"@id\":\"https:\/\/www.der-mopedladen.de\/?p=22227\"},\"author\":{\"name\":\"Carsten Maluche\",\"@id\":\"https:\/\/www.der-mopedladen.de\/#\/schema\/person\/4d0c0c9ed7d36464398049539cfdc1c0\"},\"headline\":\"Vorf\u00fchrer: Kymco CV3 550i . . . . . . 11999 \u20ac\",\"datePublished\":\"2026-03-24T11:59:50+00:00\",\"dateModified\":\"2026-03-25T14:35:09+00:00\",\"mainEntityOfPage\":{\"@id\":\"https:\/\/www.der-mopedladen.de\/?p=22227\"},\"wordCount\":234,\"publisher\":{\"@id\":\"https:\/\/www.der-mopedladen.de\/#organization\"},\"image\":{\"@id\":\"https:\/\/www.der-mopedladen.de\/?p=22227#primaryimage\"},\"thumbnailUrl\":\"https:\/\/www.der-mopedladen.de\/wp-content\/uploads\/2024\/08\/CV3-mattblau-3.jpg\",\"keywords\":[\"4 Takt\",\"ABS\",\"Einspritzung\",\"G\u00fcnstig\",\"Kymco\"],\"articleSection\":[\"Gebrauchtfahrzeuge\"],\"inLanguage\":\"de\"},{\"@type\":\"WebPage\",\"@id\":\"https:\/\/www.der-mopedladen.de\/?p=22227\",\"url\":\"https:\/\/www.der-mopedladen.de\/?p=22227\",\"name\":\"Vorf\u00fchrer: Kymco CV3 550i . . . . . . 11999 \u20ac -\",\"isPartOf\":{\"@id\":\"https:\/\/www.der-mopedladen.de\/#website\"},\"primaryImageOfPage\":{\"@id\":\"https:\/\/www.der-mopedladen.de\/?p=22227#primaryimage\"},\"image\":{\"@id\":\"https:\/\/www.der-mopedladen.de\/?p=22227#primaryimage\"},\"thumbnailUrl\":\"https:\/\/www.der-mopedladen.de\/wp-content\/uploads\/2024\/08\/CV3-mattblau-3.jpg\",\"datePublished\":\"2026-03-24T11:59:50+00:00\",\"dateModified\":\"2026-03-25T14:35:09+00:00\",\"description\":\"Wir verkaufen unseren Kymco CV3 550i Vorf\u00fchrer mit lediglich 32km zum TOP Preis! Mit Autof\u00fchrerschein fahrbar.\",\"breadcrumb\":{\"@id\":\"https:\/\/www.der-mopedladen.de\/?p=22227#breadcrumb\"},\"inLanguage\":\"de\",\"potentialAction\":[{\"@type\":\"ReadAction\",\"target\":[\"https:\/\/www.der-mopedladen.de\/?p=22227\"]}]},{\"@type\":\"ImageObject\",\"inLanguage\":\"de\",\"@id\":\"https:\/\/www.der-mopedladen.de\/?p=22227#primaryimage\",\"url\":\"https:\/\/www.der-mopedladen.de\/wp-content\/uploads\/2024\/08\/CV3-mattblau-3.jpg\",\"contentUrl\":\"https:\/\/www.der-mopedladen.de\/wp-content\/uploads\/2024\/08\/CV3-mattblau-3.jpg\",\"width\":2560,\"height\":1920},{\"@type\":\"BreadcrumbList\",\"@id\":\"https:\/\/www.der-mopedladen.de\/?p=22227#breadcrumb\",\"itemListElement\":[{\"@type\":\"ListItem\",\"position\":1,\"name\":\"Startseite\",\"item\":\"https:\/\/www.der-mopedladen.de\/\"},{\"@type\":\"ListItem\",\"position\":2,\"name\":\"Vorf\u00fchrer: Kymco CV3 550i . . . . . . 11999 \u20ac\"}]},{\"@type\":\"WebSite\",\"@id\":\"https:\/\/www.der-mopedladen.de\/#website\",\"url\":\"https:\/\/www.der-mopedladen.de\/\",\"name\":\"\",\"description\":\"\",\"publisher\":{\"@id\":\"https:\/\/www.der-mopedladen.de\/#organization\"},\"potentialAction\":[{\"@type\":\"SearchAction\",\"target\":{\"@type\":\"EntryPoint\",\"urlTemplate\":\"https:\/\/www.der-mopedladen.de\/?s={search_term_string}\"},\"query-input\":{\"@type\":\"PropertyValueSpecification\",\"valueRequired\":true,\"valueName\":\"search_term_string\"}}],\"inLanguage\":\"de\"},{\"@type\":\"Organization\",\"@id\":\"https:\/\/www.der-mopedladen.de\/#organization\",\"name\":\"Der Mopedladen OHG\",\"url\":\"https:\/\/www.der-mopedladen.de\/\",\"logo\":{\"@type\":\"ImageObject\",\"inLanguage\":\"de\",\"@id\":\"https:\/\/www.der-mopedladen.de\/#\/schema\/logo\/image\/\",\"url\":\"https:\/\/www.der-mopedladen.de\/wp-content\/uploads\/2021\/04\/Logo-DerMopedladen_ZW_CMYK-50x36mm.jpg\",\"contentUrl\":\"https:\/\/www.der-mopedladen.de\/wp-content\/uploads\/2021\/04\/Logo-DerMopedladen_ZW_CMYK-50x36mm.jpg\",\"width\":602,\"height\":437,\"caption\":\"Der Mopedladen OHG\"},\"image\":{\"@id\":\"https:\/\/www.der-mopedladen.de\/#\/schema\/logo\/image\/\"}},{\"@type\":\"Person\",\"@id\":\"https:\/\/www.der-mopedladen.de\/#\/schema\/person\/4d0c0c9ed7d36464398049539cfdc1c0\",\"name\":\"Carsten Maluche\",\"image\":{\"@type\":\"ImageObject\",\"inLanguage\":\"de\",\"@id\":\"https:\/\/www.der-mopedladen.de\/#\/schema\/person\/image\/\",\"url\":\"https:\/\/secure.gravatar.com\/avatar\/a535b4a133389f55485f0a633a5968f3d69e644503b1fed0e6aa81083975d04a?s=96&d=mm&r=g\",\"contentUrl\":\"https:\/\/secure.gravatar.com\/avatar\/a535b4a133389f55485f0a633a5968f3d69e644503b1fed0e6aa81083975d04a?s=96&d=mm&r=g\",\"caption\":\"Carsten Maluche\"}}]}<\/script>\n<!-- \/ Yoast SEO plugin. -->","yoast_head_json":{"title":"Vorf\u00fchrer: Kymco CV3 550i . . . . . . 11999 \u20ac -","description":"Wir verkaufen unseren Kymco CV3 550i Vorf\u00fchrer mit lediglich 32km zum TOP Preis! Mit Autof\u00fchrerschein fahrbar.","robots":{"index":"index","follow":"follow","max-snippet":"max-snippet:-1","max-image-preview":"max-image-preview:large","max-video-preview":"max-video-preview:-1"},"canonical":"https:\/\/www.der-mopedladen.de\/?p=22227","og_locale":"de_DE","og_type":"article","og_title":"Vorf\u00fchrer: Kymco CV3 550i . . . . . . 11999 \u20ac -","og_description":"Wir verkaufen unseren Kymco CV3 550i Vorf\u00fchrer mit lediglich 32km zum TOP Preis! Mit Autof\u00fchrerschein fahrbar.","og_url":"https:\/\/www.der-mopedladen.de\/?p=22227","article_published_time":"2026-03-24T11:59:50+00:00","article_modified_time":"2026-03-25T14:35:09+00:00","og_image":[{"width":2560,"height":1920,"url":"https:\/\/www.der-mopedladen.de\/wp-content\/uploads\/2024\/08\/CV3-mattblau-3.jpg","type":"image\/jpeg"}],"author":"Carsten Maluche","twitter_card":"summary_large_image","twitter_misc":{"Verfasst von":"Carsten Maluche","Gesch\u00e4tzte Lesezeit":"1\u00a0Minute"},"schema":{"@context":"https:\/\/schema.org","@graph":[{"@type":"Article","@id":"https:\/\/www.der-mopedladen.de\/?p=22227#article","isPartOf":{"@id":"https:\/\/www.der-mopedladen.de\/?p=22227"},"author":{"name":"Carsten Maluche","@id":"https:\/\/www.der-mopedladen.de\/#\/schema\/person\/4d0c0c9ed7d36464398049539cfdc1c0"},"headline":"Vorf\u00fchrer: Kymco CV3 550i . . . . . . 11999 \u20ac","datePublished":"2026-03-24T11:59:50+00:00","dateModified":"2026-03-25T14:35:09+00:00","mainEntityOfPage":{"@id":"https:\/\/www.der-mopedladen.de\/?p=22227"},"wordCount":234,"publisher":{"@id":"https:\/\/www.der-mopedladen.de\/#organization"},"image":{"@id":"https:\/\/www.der-mopedladen.de\/?p=22227#primaryimage"},"thumbnailUrl":"https:\/\/www.der-mopedladen.de\/wp-content\/uploads\/2024\/08\/CV3-mattblau-3.jpg","keywords":["4 Takt","ABS","Einspritzung","G\u00fcnstig","Kymco"],"articleSection":["Gebrauchtfahrzeuge"],"inLanguage":"de"},{"@type":"WebPage","@id":"https:\/\/www.der-mopedladen.de\/?p=22227","url":"https:\/\/www.der-mopedladen.de\/?p=22227","name":"Vorf\u00fchrer: Kymco CV3 550i . . . . . . 11999 \u20ac -","isPartOf":{"@id":"https:\/\/www.der-mopedladen.de\/#website"},"primaryImageOfPage":{"@id":"https:\/\/www.der-mopedladen.de\/?p=22227#primaryimage"},"image":{"@id":"https:\/\/www.der-mopedladen.de\/?p=22227#primaryimage"},"thumbnailUrl":"https:\/\/www.der-mopedladen.de\/wp-content\/uploads\/2024\/08\/CV3-mattblau-3.jpg","datePublished":"2026-03-24T11:59:50+00:00","dateModified":"2026-03-25T14:35:09+00:00","description":"Wir verkaufen unseren Kymco CV3 550i Vorf\u00fchrer mit lediglich 32km zum TOP Preis! Mit Autof\u00fchrerschein fahrbar.","breadcrumb":{"@id":"https:\/\/www.der-mopedladen.de\/?p=22227#breadcrumb"},"inLanguage":"de","potentialAction":[{"@type":"ReadAction","target":["https:\/\/www.der-mopedladen.de\/?p=22227"]}]},{"@type":"ImageObject","inLanguage":"de","@id":"https:\/\/www.der-mopedladen.de\/?p=22227#primaryimage","url":"https:\/\/www.der-mopedladen.de\/wp-content\/uploads\/2024\/08\/CV3-mattblau-3.jpg","contentUrl":"https:\/\/www.der-mopedladen.de\/wp-content\/uploads\/2024\/08\/CV3-mattblau-3.jpg","width":2560,"height":1920},{"@type":"BreadcrumbList","@id":"https:\/\/www.der-mopedladen.de\/?p=22227#breadcrumb","itemListElement":[{"@type":"ListItem","position":1,"name":"Startseite","item":"https:\/\/www.der-mopedladen.de\/"},{"@type":"ListItem","position":2,"name":"Vorf\u00fchrer: Kymco CV3 550i . . . . . . 11999 \u20ac"}]},{"@type":"WebSite","@id":"https:\/\/www.der-mopedladen.de\/#website","url":"https:\/\/www.der-mopedladen.de\/","name":"","description":"","publisher":{"@id":"https:\/\/www.der-mopedladen.de\/#organization"},"potentialAction":[{"@type":"SearchAction","target":{"@type":"EntryPoint","urlTemplate":"https:\/\/www.der-mopedladen.de\/?s={search_term_string}"},"query-input":{"@type":"PropertyValueSpecification","valueRequired":true,"valueName":"search_term_string"}}],"inLanguage":"de"},{"@type":"Organization","@id":"https:\/\/www.der-mopedladen.de\/#organization","name":"Der Mopedladen OHG","url":"https:\/\/www.der-mopedladen.de\/","logo":{"@type":"ImageObject","inLanguage":"de","@id":"https:\/\/www.der-mopedladen.de\/#\/schema\/logo\/image\/","url":"https:\/\/www.der-mopedladen.de\/wp-content\/uploads\/2021\/04\/Logo-DerMopedladen_ZW_CMYK-50x36mm.jpg","contentUrl":"https:\/\/www.der-mopedladen.de\/wp-content\/uploads\/2021\/04\/Logo-DerMopedladen_ZW_CMYK-50x36mm.jpg","width":602,"height":437,"caption":"Der Mopedladen OHG"},"image":{"@id":"https:\/\/www.der-mopedladen.de\/#\/schema\/logo\/image\/"}},{"@type":"Person","@id":"https:\/\/www.der-mopedladen.de\/#\/schema\/person\/4d0c0c9ed7d36464398049539cfdc1c0","name":"Carsten Maluche","image":{"@type":"ImageObject","inLanguage":"de","@id":"https:\/\/www.der-mopedladen.de\/#\/schema\/person\/image\/","url":"https:\/\/secure.gravatar.com\/avatar\/a535b4a133389f55485f0a633a5968f3d69e644503b1fed0e6aa81083975d04a?s=96&d=mm&r=g","contentUrl":"https:\/\/secure.gravatar.com\/avatar\/a535b4a133389f55485f0a633a5968f3d69e644503b1fed0e6aa81083975d04a?s=96&d=mm&r=g","caption":"Carsten Maluche"}}]}},"_links":{"self":[{"href":"https:\/\/www.der-mopedladen.de\/index.php?rest_route=\/wp\/v2\/posts\/22227","targetHints":{"allow":["GET"]}}],"collection":[{"href":"https:\/\/www.der-mopedladen.de\/index.php?rest_route=\/wp\/v2\/posts"}],"about":[{"href":"https:\/\/www.der-mopedladen.de\/index.php?rest_route=\/wp\/v2\/types\/post"}],"author":[{"embeddable":true,"href":"https:\/\/www.der-mopedladen.de\/index.php?rest_route=\/wp\/v2\/users\/2"}],"replies":[{"embeddable":true,"href":"https:\/\/www.der-mopedladen.de\/index.php?rest_route=%2Fwp%2Fv2%2Fcomments&post=22227"}],"version-history":[{"count":7,"href":"https:\/\/www.der-mopedladen.de\/index.php?rest_route=\/wp\/v2\/posts\/22227\/revisions"}],"predecessor-version":[{"id":23336,"href":"https:\/\/www.der-mopedladen.de\/index.php?rest_route=\/wp\/v2\/posts\/22227\/revisions\/23336"}],"wp:featuredmedia":[{"embeddable":true,"href":"https:\/\/www.der-mopedladen.de\/index.php?rest_route=\/wp\/v2\/media\/20137"}],"wp:attachment":[{"href":"https:\/\/www.der-mopedladen.de\/index.php?rest_route=%2Fwp%2Fv2%2Fmedia&parent=22227"}],"wp:term":[{"taxonomy":"category","embeddable":true,"href":"https:\/\/www.der-mopedladen.de\/index.php?rest_route=%2Fwp%2Fv2%2Fcategories&post=22227"},{"taxonomy":"post_tag","embeddable":true,"href":"https:\/\/www.der-mopedladen.de\/index.php?rest_route=%2Fwp%2Fv2%2Ftags&post=22227"}],"curies":[{"name":"wp","href":"https:\/\/api.w.org\/{rel}","templated":true}]}}