{"id":21701,"date":"2025-04-28T17:56:04","date_gmt":"2025-04-28T15:56:04","guid":{"rendered":"https:\/\/www.der-mopedladen.de\/?p=21701"},"modified":"2026-01-30T11:41:58","modified_gmt":"2026-01-30T10:41:58","slug":"benelli-tornado-550","status":"publish","type":"post","link":"https:\/\/www.der-mopedladen.de\/?p=21701","title":{"rendered":"NEUHEIT: Benelli Tornado 550 . . . . . . . 7069 \u20ac"},"content":{"rendered":"<div id=\"c4020\" class=\"csc-default csc-space\">\n<div id=\"c4020\" class=\"csc-default csc-space\">\n<p class=\"bodytext\">Das neue Sportmotorrad von Benelli f\u00fcr die Einstiegsklasse.<\/p>\n<ul>\n<li class=\"bodytext\">Doppelscheibenbremsanlage mit radialen 4-Kolbens\u00e4tteln<\/li>\n<li>windschl\u00fcpfrige Vollverkleidung<\/li>\n<li class=\"bodytext\">Komplette LED Beleuchtung<\/li>\n<li>Sportliches Design<\/li>\n<\/ul>\n<div id=\"c4026\" class=\"csc-default csc-space\">\n<div class=\"csc-header csc-header-n1\">\n<h3>Fahrzeugdetails<\/h3>\n<\/div>\n<table class=\"fahrzeugdaten\">\n<tbody>\n<tr>\n<td>F\u00fchrerschein<\/td>\n<td>A<\/td>\n<\/tr>\n<tr>\n<td>Leistung<\/td>\n<td>41 kW \/ 56 PS<\/td>\n<\/tr>\n<tr>\n<td>Sitzh\u00f6he<\/td>\n<td>790 mm<\/td>\n<\/tr>\n<tr>\n<td>H\u00f6chstgeschwindigkeit<\/td>\n<td>175 km\/h<\/td>\n<\/tr>\n<tr>\n<td>Leer-\/Gesamtgewicht<\/td>\n<td>198 kg (fahrbereit) \/ 366 kg<\/td>\n<\/tr>\n<tr>\n<td>Farben<\/td>\n<td>Weiss, Schwarz<\/td>\n<\/tr>\n<\/tbody>\n<\/table>\n<\/div>\n<div class=\"finanzierungsWrap\">\n<div id=\"c4019\" class=\"csc-default csc-space\">\n<div class=\"csc-header csc-header-n1\">\n<h3>Finanzierung<\/h3>\n<\/div>\n<table class=\"fahrzeugdaten\">\n<tbody>\n<tr>\n<td>Finanzierung \u00fcber Creditplus-Bank m\u00f6glich!<\/td>\n<td><\/td>\n<\/tr>\n<\/tbody>\n<\/table>\n<\/div>\n<\/div>\n<\/div>\n<\/div>\n<div id=\"envira-gallery-wrap-21697\" class=\"envira-gallery-wrap envira-gallery-theme-base envira-lightbox-theme-base\" itemscope itemtype=\"https:\/\/schema.org\/ImageGallery\"><div data-row-height=\"150\" data-gallery-theme=\"normal\" id=\"envira-gallery-21697\" class=\"envira-gallery-public envira-gallery-justified-public envira-gallery-0-columns envira-clear enviratope envira-gallery-css-animations\" data-envira-columns=\"0\"><div id=\"envira-gallery-item-21672\" class=\"envira-gallery-item enviratope-item envira-gallery-item-1 envira-lazy-load\" style=\"padding-left: 5px; padding-bottom: 10px; padding-right: 5px;\"  itemscope itemtype=\"https:\/\/schema.org\/ImageObject\"><div class=\"envira-gallery-item-inner\"><div class=\"envira-gallery-position-overlay  envira-gallery-top-left\"><\/div><div class=\"envira-gallery-position-overlay  envira-gallery-top-right\"><\/div><div class=\"envira-gallery-position-overlay  envira-gallery-bottom-left\"><\/div><div class=\"envira-gallery-position-overlay  envira-gallery-bottom-right\"><\/div><a href=\"https:\/\/www.der-mopedladen.de\/wp-content\/uploads\/2025\/04\/benelli-tornado-550-6.jpg\" class=\"envira-gallery-21697 envira-gallery-link\" rel=\"enviragallery21697\" title=\"benelli-tornado-550 6\" data-envira-caption=\"benelli-tornado-550 6\" data-envira-retina=\"\" data-thumbnail=\"\"  itemprop=\"contentUrl\"><img decoding=\"async\" id=\"envira-gallery-image-21672\" class=\"envira-gallery-image envira-gallery-image-1 envira-normal envira-lazy\" data-envira-index=\"1\" src=\"https:\/\/www.der-mopedladen.de\/wp-content\/uploads\/2025\/04\/benelli-tornado-550-6-1024x683-640x480.jpg\" data-envira-src=\"https:\/\/www.der-mopedladen.de\/wp-content\/uploads\/2025\/04\/benelli-tornado-550-6-1024x683-640x480.jpg\" data-envira-gallery-id=\"21697\" data-envira-item-id=\"21672\" data-envira-caption=\"benelli-tornado-550 6\" alt=\"\" title=\"benelli-tornado-550 6\"  itemprop=\"thumbnailUrl\" data-envira-srcset=\"https:\/\/www.der-mopedladen.de\/wp-content\/uploads\/2025\/04\/benelli-tornado-550-6-1024x683-640x480.jpg 400w,https:\/\/www.der-mopedladen.de\/wp-content\/uploads\/2025\/04\/benelli-tornado-550-6-1024x683-640x480.jpg 2x\" data-envira-width=\"300\" data-envira-height=\"200\" srcset=\"data:image\/gif;base64,R0lGODlhAQABAIAAAP\/\/\/\/\/\/\/yH5BAEKAAEALAAAAAABAAEAAAICTAEAOw==\" data-safe-src=\"data:image\/gif;base64,R0lGODlhAQABAIAAAP\/\/\/\/\/\/\/yH5BAEKAAEALAAAAAABAAEAAAICTAEAOw==\" \/><\/a><\/div><\/div><div id=\"envira-gallery-item-21676\" class=\"envira-gallery-item enviratope-item envira-gallery-item-2 envira-lazy-load\" style=\"padding-left: 5px; padding-bottom: 10px; padding-right: 5px;\"  itemscope itemtype=\"https:\/\/schema.org\/ImageObject\"><div class=\"envira-gallery-item-inner\"><div class=\"envira-gallery-position-overlay  envira-gallery-top-left\"><\/div><div class=\"envira-gallery-position-overlay  envira-gallery-top-right\"><\/div><div class=\"envira-gallery-position-overlay  envira-gallery-bottom-left\"><\/div><div class=\"envira-gallery-position-overlay  envira-gallery-bottom-right\"><\/div><a href=\"https:\/\/www.der-mopedladen.de\/wp-content\/uploads\/2025\/04\/benelli-tornado-550-2.jpg\" class=\"envira-gallery-21697 envira-gallery-link\" rel=\"enviragallery21697\" title=\"benelli-tornado-550 2\" data-envira-caption=\"benelli-tornado-550 2\" data-envira-retina=\"\" data-thumbnail=\"\"  itemprop=\"contentUrl\"><img decoding=\"async\" id=\"envira-gallery-image-21676\" class=\"envira-gallery-image envira-gallery-image-2 envira-normal envira-lazy\" data-envira-index=\"2\" src=\"https:\/\/www.der-mopedladen.de\/wp-content\/uploads\/2025\/04\/benelli-tornado-550-2-1024x683-640x480.jpg\" data-envira-src=\"https:\/\/www.der-mopedladen.de\/wp-content\/uploads\/2025\/04\/benelli-tornado-550-2-1024x683-640x480.jpg\" data-envira-gallery-id=\"21697\" data-envira-item-id=\"21676\" data-envira-caption=\"benelli-tornado-550 2\" alt=\"\" title=\"benelli-tornado-550 2\"  itemprop=\"thumbnailUrl\" data-envira-srcset=\"https:\/\/www.der-mopedladen.de\/wp-content\/uploads\/2025\/04\/benelli-tornado-550-2-1024x683-640x480.jpg 400w,https:\/\/www.der-mopedladen.de\/wp-content\/uploads\/2025\/04\/benelli-tornado-550-2-1024x683-640x480.jpg 2x\" data-envira-width=\"300\" data-envira-height=\"200\" srcset=\"data:image\/gif;base64,R0lGODlhAQABAIAAAP\/\/\/\/\/\/\/yH5BAEKAAEALAAAAAABAAEAAAICTAEAOw==\" data-safe-src=\"data:image\/gif;base64,R0lGODlhAQABAIAAAP\/\/\/\/\/\/\/yH5BAEKAAEALAAAAAABAAEAAAICTAEAOw==\" \/><\/a><\/div><\/div><div id=\"envira-gallery-item-21675\" class=\"envira-gallery-item enviratope-item envira-gallery-item-3 envira-lazy-load\" style=\"padding-left: 5px; padding-bottom: 10px; padding-right: 5px;\"  itemscope itemtype=\"https:\/\/schema.org\/ImageObject\"><div class=\"envira-gallery-item-inner\"><div class=\"envira-gallery-position-overlay  envira-gallery-top-left\"><\/div><div class=\"envira-gallery-position-overlay  envira-gallery-top-right\"><\/div><div class=\"envira-gallery-position-overlay  envira-gallery-bottom-left\"><\/div><div class=\"envira-gallery-position-overlay  envira-gallery-bottom-right\"><\/div><a href=\"https:\/\/www.der-mopedladen.de\/wp-content\/uploads\/2025\/04\/benelli-tornado-550-3.jpg\" class=\"envira-gallery-21697 envira-gallery-link\" rel=\"enviragallery21697\" title=\"benelli-tornado-550 3\" data-envira-caption=\"benelli-tornado-550 3\" data-envira-retina=\"\" data-thumbnail=\"\"  itemprop=\"contentUrl\"><img decoding=\"async\" id=\"envira-gallery-image-21675\" class=\"envira-gallery-image envira-gallery-image-3 envira-normal envira-lazy\" data-envira-index=\"3\" src=\"https:\/\/www.der-mopedladen.de\/wp-content\/uploads\/2025\/04\/benelli-tornado-550-3-1024x683-640x480.jpg\" data-envira-src=\"https:\/\/www.der-mopedladen.de\/wp-content\/uploads\/2025\/04\/benelli-tornado-550-3-1024x683-640x480.jpg\" data-envira-gallery-id=\"21697\" data-envira-item-id=\"21675\" data-envira-caption=\"benelli-tornado-550 3\" alt=\"\" title=\"benelli-tornado-550 3\"  itemprop=\"thumbnailUrl\" data-envira-srcset=\"https:\/\/www.der-mopedladen.de\/wp-content\/uploads\/2025\/04\/benelli-tornado-550-3-1024x683-640x480.jpg 400w,https:\/\/www.der-mopedladen.de\/wp-content\/uploads\/2025\/04\/benelli-tornado-550-3-1024x683-640x480.jpg 2x\" data-envira-width=\"300\" data-envira-height=\"200\" srcset=\"data:image\/gif;base64,R0lGODlhAQABAIAAAP\/\/\/\/\/\/\/yH5BAEKAAEALAAAAAABAAEAAAICTAEAOw==\" data-safe-src=\"data:image\/gif;base64,R0lGODlhAQABAIAAAP\/\/\/\/\/\/\/yH5BAEKAAEALAAAAAABAAEAAAICTAEAOw==\" \/><\/a><\/div><\/div><div id=\"envira-gallery-item-21674\" class=\"envira-gallery-item enviratope-item envira-gallery-item-4 envira-lazy-load\" style=\"padding-left: 5px; padding-bottom: 10px; padding-right: 5px;\"  itemscope itemtype=\"https:\/\/schema.org\/ImageObject\"><div class=\"envira-gallery-item-inner\"><div class=\"envira-gallery-position-overlay  envira-gallery-top-left\"><\/div><div class=\"envira-gallery-position-overlay  envira-gallery-top-right\"><\/div><div class=\"envira-gallery-position-overlay  envira-gallery-bottom-left\"><\/div><div class=\"envira-gallery-position-overlay  envira-gallery-bottom-right\"><\/div><a href=\"https:\/\/www.der-mopedladen.de\/wp-content\/uploads\/2025\/04\/benelli-tornado-550-4.jpg\" class=\"envira-gallery-21697 envira-gallery-link\" rel=\"enviragallery21697\" title=\"benelli-tornado-550 4\" data-envira-caption=\"benelli-tornado-550 4\" data-envira-retina=\"\" data-thumbnail=\"\"  itemprop=\"contentUrl\"><img decoding=\"async\" id=\"envira-gallery-image-21674\" class=\"envira-gallery-image envira-gallery-image-4 envira-normal envira-lazy\" data-envira-index=\"4\" src=\"https:\/\/www.der-mopedladen.de\/wp-content\/uploads\/2025\/04\/benelli-tornado-550-4-1024x683-640x480.jpg\" data-envira-src=\"https:\/\/www.der-mopedladen.de\/wp-content\/uploads\/2025\/04\/benelli-tornado-550-4-1024x683-640x480.jpg\" data-envira-gallery-id=\"21697\" data-envira-item-id=\"21674\" data-envira-caption=\"benelli-tornado-550 4\" alt=\"\" title=\"benelli-tornado-550 4\"  itemprop=\"thumbnailUrl\" data-envira-srcset=\"https:\/\/www.der-mopedladen.de\/wp-content\/uploads\/2025\/04\/benelli-tornado-550-4-1024x683-640x480.jpg 400w,https:\/\/www.der-mopedladen.de\/wp-content\/uploads\/2025\/04\/benelli-tornado-550-4-1024x683-640x480.jpg 2x\" data-envira-width=\"300\" data-envira-height=\"200\" srcset=\"data:image\/gif;base64,R0lGODlhAQABAIAAAP\/\/\/\/\/\/\/yH5BAEKAAEALAAAAAABAAEAAAICTAEAOw==\" data-safe-src=\"data:image\/gif;base64,R0lGODlhAQABAIAAAP\/\/\/\/\/\/\/yH5BAEKAAEALAAAAAABAAEAAAICTAEAOw==\" \/><\/a><\/div><\/div><div id=\"envira-gallery-item-21673\" class=\"envira-gallery-item enviratope-item envira-gallery-item-5 envira-lazy-load\" style=\"padding-left: 5px; padding-bottom: 10px; padding-right: 5px;\"  itemscope itemtype=\"https:\/\/schema.org\/ImageObject\"><div class=\"envira-gallery-item-inner\"><div class=\"envira-gallery-position-overlay  envira-gallery-top-left\"><\/div><div class=\"envira-gallery-position-overlay  envira-gallery-top-right\"><\/div><div class=\"envira-gallery-position-overlay  envira-gallery-bottom-left\"><\/div><div class=\"envira-gallery-position-overlay  envira-gallery-bottom-right\"><\/div><a href=\"https:\/\/www.der-mopedladen.de\/wp-content\/uploads\/2025\/04\/benelli-tornado-550-5.jpg\" class=\"envira-gallery-21697 envira-gallery-link\" rel=\"enviragallery21697\" title=\"benelli-tornado-550 5\" data-envira-caption=\"benelli-tornado-550 5\" data-envira-retina=\"\" data-thumbnail=\"\"  itemprop=\"contentUrl\"><img decoding=\"async\" id=\"envira-gallery-image-21673\" class=\"envira-gallery-image envira-gallery-image-5 envira-normal envira-lazy\" data-envira-index=\"5\" src=\"https:\/\/www.der-mopedladen.de\/wp-content\/uploads\/2025\/04\/benelli-tornado-550-5-1024x683-640x480.jpg\" data-envira-src=\"https:\/\/www.der-mopedladen.de\/wp-content\/uploads\/2025\/04\/benelli-tornado-550-5-1024x683-640x480.jpg\" data-envira-gallery-id=\"21697\" data-envira-item-id=\"21673\" data-envira-caption=\"benelli-tornado-550 5\" alt=\"\" title=\"benelli-tornado-550 5\"  itemprop=\"thumbnailUrl\" data-envira-srcset=\"https:\/\/www.der-mopedladen.de\/wp-content\/uploads\/2025\/04\/benelli-tornado-550-5-1024x683-640x480.jpg 400w,https:\/\/www.der-mopedladen.de\/wp-content\/uploads\/2025\/04\/benelli-tornado-550-5-1024x683-640x480.jpg 2x\" data-envira-width=\"300\" data-envira-height=\"200\" srcset=\"data:image\/gif;base64,R0lGODlhAQABAIAAAP\/\/\/\/\/\/\/yH5BAEKAAEALAAAAAABAAEAAAICTAEAOw==\" data-safe-src=\"data:image\/gif;base64,R0lGODlhAQABAIAAAP\/\/\/\/\/\/\/yH5BAEKAAEALAAAAAABAAEAAAICTAEAOw==\" \/><\/a><\/div><\/div><div id=\"envira-gallery-item-21671\" class=\"envira-gallery-item enviratope-item envira-gallery-item-6 envira-lazy-load\" style=\"padding-left: 5px; padding-bottom: 10px; padding-right: 5px;\"  itemscope itemtype=\"https:\/\/schema.org\/ImageObject\"><div class=\"envira-gallery-item-inner\"><div class=\"envira-gallery-position-overlay  envira-gallery-top-left\"><\/div><div class=\"envira-gallery-position-overlay  envira-gallery-top-right\"><\/div><div class=\"envira-gallery-position-overlay  envira-gallery-bottom-left\"><\/div><div class=\"envira-gallery-position-overlay  envira-gallery-bottom-right\"><\/div><a href=\"https:\/\/www.der-mopedladen.de\/wp-content\/uploads\/2025\/04\/benelli-tornado-550-7.jpg\" class=\"envira-gallery-21697 envira-gallery-link\" rel=\"enviragallery21697\" title=\"benelli-tornado-550 7\" data-envira-caption=\"benelli-tornado-550 7\" data-envira-retina=\"\" data-thumbnail=\"\"  itemprop=\"contentUrl\"><img decoding=\"async\" id=\"envira-gallery-image-21671\" class=\"envira-gallery-image envira-gallery-image-6 envira-normal envira-lazy\" data-envira-index=\"6\" src=\"https:\/\/www.der-mopedladen.de\/wp-content\/uploads\/2025\/04\/benelli-tornado-550-7-1024x683-640x480.jpg\" data-envira-src=\"https:\/\/www.der-mopedladen.de\/wp-content\/uploads\/2025\/04\/benelli-tornado-550-7-1024x683-640x480.jpg\" data-envira-gallery-id=\"21697\" data-envira-item-id=\"21671\" data-envira-caption=\"benelli-tornado-550 7\" alt=\"\" title=\"benelli-tornado-550 7\"  itemprop=\"thumbnailUrl\" data-envira-srcset=\"https:\/\/www.der-mopedladen.de\/wp-content\/uploads\/2025\/04\/benelli-tornado-550-7-1024x683-640x480.jpg 400w,https:\/\/www.der-mopedladen.de\/wp-content\/uploads\/2025\/04\/benelli-tornado-550-7-1024x683-640x480.jpg 2x\" data-envira-width=\"300\" data-envira-height=\"200\" srcset=\"data:image\/gif;base64,R0lGODlhAQABAIAAAP\/\/\/\/\/\/\/yH5BAEKAAEALAAAAAABAAEAAAICTAEAOw==\" data-safe-src=\"data:image\/gif;base64,R0lGODlhAQABAIAAAP\/\/\/\/\/\/\/yH5BAEKAAEALAAAAAABAAEAAAICTAEAOw==\" \/><\/a><\/div><\/div><div id=\"envira-gallery-item-21670\" class=\"envira-gallery-item enviratope-item envira-gallery-item-7 envira-lazy-load\" style=\"padding-left: 5px; padding-bottom: 10px; padding-right: 5px;\"  itemscope itemtype=\"https:\/\/schema.org\/ImageObject\"><div class=\"envira-gallery-item-inner\"><div class=\"envira-gallery-position-overlay  envira-gallery-top-left\"><\/div><div class=\"envira-gallery-position-overlay  envira-gallery-top-right\"><\/div><div class=\"envira-gallery-position-overlay  envira-gallery-bottom-left\"><\/div><div class=\"envira-gallery-position-overlay  envira-gallery-bottom-right\"><\/div><a href=\"https:\/\/www.der-mopedladen.de\/wp-content\/uploads\/2025\/04\/benelli-tornado-550-8.jpg\" class=\"envira-gallery-21697 envira-gallery-link\" rel=\"enviragallery21697\" title=\"benelli-tornado-550 8\" data-envira-caption=\"benelli-tornado-550 8\" data-envira-retina=\"\" data-thumbnail=\"\"  itemprop=\"contentUrl\"><img decoding=\"async\" id=\"envira-gallery-image-21670\" class=\"envira-gallery-image envira-gallery-image-7 envira-normal envira-lazy\" data-envira-index=\"7\" src=\"https:\/\/www.der-mopedladen.de\/wp-content\/uploads\/2025\/04\/benelli-tornado-550-8-1024x683-640x480.jpg\" data-envira-src=\"https:\/\/www.der-mopedladen.de\/wp-content\/uploads\/2025\/04\/benelli-tornado-550-8-1024x683-640x480.jpg\" data-envira-gallery-id=\"21697\" data-envira-item-id=\"21670\" data-envira-caption=\"benelli-tornado-550 8\" alt=\"\" title=\"benelli-tornado-550 8\"  itemprop=\"thumbnailUrl\" data-envira-srcset=\"https:\/\/www.der-mopedladen.de\/wp-content\/uploads\/2025\/04\/benelli-tornado-550-8-1024x683-640x480.jpg 400w,https:\/\/www.der-mopedladen.de\/wp-content\/uploads\/2025\/04\/benelli-tornado-550-8-1024x683-640x480.jpg 2x\" data-envira-width=\"300\" data-envira-height=\"200\" srcset=\"data:image\/gif;base64,R0lGODlhAQABAIAAAP\/\/\/\/\/\/\/yH5BAEKAAEALAAAAAABAAEAAAICTAEAOw==\" data-safe-src=\"data:image\/gif;base64,R0lGODlhAQABAIAAAP\/\/\/\/\/\/\/yH5BAEKAAEALAAAAAABAAEAAAICTAEAOw==\" \/><\/a><\/div><\/div><div id=\"envira-gallery-item-21677\" class=\"envira-gallery-item enviratope-item envira-gallery-item-8 envira-lazy-load\" style=\"padding-left: 5px; padding-bottom: 10px; padding-right: 5px;\"  itemscope itemtype=\"https:\/\/schema.org\/ImageObject\"><div class=\"envira-gallery-item-inner\"><div class=\"envira-gallery-position-overlay  envira-gallery-top-left\"><\/div><div class=\"envira-gallery-position-overlay  envira-gallery-top-right\"><\/div><div class=\"envira-gallery-position-overlay  envira-gallery-bottom-left\"><\/div><div class=\"envira-gallery-position-overlay  envira-gallery-bottom-right\"><\/div><a href=\"https:\/\/www.der-mopedladen.de\/wp-content\/uploads\/2025\/04\/benelli-tornado-550-1.jpg\" class=\"envira-gallery-21697 envira-gallery-link\" rel=\"enviragallery21697\" title=\"benelli-tornado-550 1\" data-envira-caption=\"benelli-tornado-550 1\" data-envira-retina=\"\" data-thumbnail=\"\"  itemprop=\"contentUrl\"><img decoding=\"async\" id=\"envira-gallery-image-21677\" class=\"envira-gallery-image envira-gallery-image-8 envira-normal envira-lazy\" data-envira-index=\"8\" src=\"https:\/\/www.der-mopedladen.de\/wp-content\/uploads\/2025\/04\/benelli-tornado-550-1-1024x533-640x480.jpg\" data-envira-src=\"https:\/\/www.der-mopedladen.de\/wp-content\/uploads\/2025\/04\/benelli-tornado-550-1-1024x533-640x480.jpg\" data-envira-gallery-id=\"21697\" data-envira-item-id=\"21677\" data-envira-caption=\"benelli-tornado-550 1\" alt=\"\" title=\"benelli-tornado-550 1\"  itemprop=\"thumbnailUrl\" data-envira-srcset=\"https:\/\/www.der-mopedladen.de\/wp-content\/uploads\/2025\/04\/benelli-tornado-550-1-1024x533-640x480.jpg 400w,https:\/\/www.der-mopedladen.de\/wp-content\/uploads\/2025\/04\/benelli-tornado-550-1-1024x533-640x480.jpg 2x\" data-envira-width=\"300\" data-envira-height=\"156\" srcset=\"data:image\/gif;base64,R0lGODlhAQABAIAAAP\/\/\/\/\/\/\/yH5BAEKAAEALAAAAAABAAEAAAICTAEAOw==\" data-safe-src=\"data:image\/gif;base64,R0lGODlhAQABAIAAAP\/\/\/\/\/\/\/yH5BAEKAAEALAAAAAABAAEAAAICTAEAOw==\" \/><\/a><\/div><\/div><\/div><\/div><noscript><img decoding=\"async\" src=\"https:\/\/www.der-mopedladen.de\/wp-content\/uploads\/2025\/04\/benelli-tornado-550-6.jpg\" alt=\"\" \/><img decoding=\"async\" src=\"https:\/\/www.der-mopedladen.de\/wp-content\/uploads\/2025\/04\/benelli-tornado-550-2.jpg\" alt=\"\" \/><img decoding=\"async\" src=\"https:\/\/www.der-mopedladen.de\/wp-content\/uploads\/2025\/04\/benelli-tornado-550-3.jpg\" alt=\"\" \/><img decoding=\"async\" src=\"https:\/\/www.der-mopedladen.de\/wp-content\/uploads\/2025\/04\/benelli-tornado-550-4.jpg\" alt=\"\" \/><img decoding=\"async\" src=\"https:\/\/www.der-mopedladen.de\/wp-content\/uploads\/2025\/04\/benelli-tornado-550-5.jpg\" alt=\"\" \/><img decoding=\"async\" src=\"https:\/\/www.der-mopedladen.de\/wp-content\/uploads\/2025\/04\/benelli-tornado-550-7.jpg\" alt=\"\" \/><img decoding=\"async\" src=\"https:\/\/www.der-mopedladen.de\/wp-content\/uploads\/2025\/04\/benelli-tornado-550-8.jpg\" alt=\"\" \/><img decoding=\"async\" src=\"https:\/\/www.der-mopedladen.de\/wp-content\/uploads\/2025\/04\/benelli-tornado-550-1.jpg\" alt=\"\" \/><\/noscript>\n","protected":false},"excerpt":{"rendered":"<p>Das neue Sportmotorrad von Benelli f\u00fcr die Einstiegsklasse. Doppelscheibenbremsanlage mit radialen 4-Kolbens\u00e4tteln windschl\u00fcpfrige Vollverkleidung Komplette LED Beleuchtung Sportliches Design Fahrzeugdetails F\u00fchrerschein A Leistung 41 kW\u2026<\/p>\n<p class=\"continue-reading-button\"> <a class=\"continue-reading-link\" href=\"https:\/\/www.der-mopedladen.de\/?p=21701\">Mehr Informationen<i class=\"crycon-right-dir\"><\/i><\/a><\/p>\n","protected":false},"author":2,"featured_media":21672,"comment_status":"closed","ping_status":"closed","sticky":false,"template":"","format":"standard","meta":{"footnotes":""},"categories":[124,82],"tags":[8,44,37,32,39],"class_list":["post-21701","post","type-post","status-publish","format-standard","has-post-thumbnail","hentry","category-benelli","category-motorrad-ab125","tag-abs","tag-benelli","tag-einspritzung","tag-guenstig","tag-motorrad"],"yoast_head":"<!-- This site is optimized with the Yoast SEO plugin v25.7 - https:\/\/yoast.com\/wordpress\/plugins\/seo\/ -->\n<title>NEUHEIT: Benelli Tornado 550 . . . . . . . 7069 \u20ac -<\/title>\n<meta name=\"description\" content=\"Das neue Sportmotorrad von Benelli f\u00fcr die Einstiegsklasse.\u00a0\" \/>\n<meta name=\"robots\" content=\"index, follow, max-snippet:-1, max-image-preview:large, max-video-preview:-1\" \/>\n<link rel=\"canonical\" href=\"https:\/\/www.der-mopedladen.de\/?p=21701\" \/>\n<meta property=\"og:locale\" content=\"de_DE\" \/>\n<meta property=\"og:type\" content=\"article\" \/>\n<meta property=\"og:title\" content=\"NEUHEIT: Benelli Tornado 550 . . . . . . . 7069 \u20ac -\" \/>\n<meta property=\"og:description\" content=\"Das neue Sportmotorrad von Benelli f\u00fcr die Einstiegsklasse.\u00a0\" \/>\n<meta property=\"og:url\" content=\"https:\/\/www.der-mopedladen.de\/?p=21701\" \/>\n<meta property=\"article:published_time\" content=\"2025-04-28T15:56:04+00:00\" \/>\n<meta property=\"article:modified_time\" content=\"2026-01-30T10:41:58+00:00\" \/>\n<meta property=\"og:image\" content=\"https:\/\/www.der-mopedladen.de\/wp-content\/uploads\/2025\/04\/benelli-tornado-550-6.jpg\" \/>\n\t<meta property=\"og:image:width\" content=\"2048\" \/>\n\t<meta property=\"og:image:height\" content=\"1365\" \/>\n\t<meta property=\"og:image:type\" content=\"image\/jpeg\" \/>\n<meta name=\"author\" content=\"Carsten Maluche\" \/>\n<meta name=\"twitter:card\" content=\"summary_large_image\" \/>\n<meta name=\"twitter:label1\" content=\"Verfasst von\" \/>\n\t<meta name=\"twitter:data1\" content=\"Carsten Maluche\" \/>\n<script type=\"application\/ld+json\" class=\"yoast-schema-graph\">{\"@context\":\"https:\/\/schema.org\",\"@graph\":[{\"@type\":\"Article\",\"@id\":\"https:\/\/www.der-mopedladen.de\/?p=21701#article\",\"isPartOf\":{\"@id\":\"https:\/\/www.der-mopedladen.de\/?p=21701\"},\"author\":{\"name\":\"Carsten Maluche\",\"@id\":\"https:\/\/www.der-mopedladen.de\/#\/schema\/person\/4d0c0c9ed7d36464398049539cfdc1c0\"},\"headline\":\"NEUHEIT: Benelli Tornado 550 . . . . . . . 7069 \u20ac\",\"datePublished\":\"2025-04-28T15:56:04+00:00\",\"dateModified\":\"2026-01-30T10:41:58+00:00\",\"mainEntityOfPage\":{\"@id\":\"https:\/\/www.der-mopedladen.de\/?p=21701\"},\"wordCount\":55,\"publisher\":{\"@id\":\"https:\/\/www.der-mopedladen.de\/#organization\"},\"image\":{\"@id\":\"https:\/\/www.der-mopedladen.de\/?p=21701#primaryimage\"},\"thumbnailUrl\":\"https:\/\/www.der-mopedladen.de\/wp-content\/uploads\/2025\/04\/benelli-tornado-550-6.jpg\",\"keywords\":[\"ABS\",\"Benelli\",\"Einspritzung\",\"G\u00fcnstig\",\"Motorrad\"],\"articleSection\":[\"Benelli\",\"\u00fcber 125 ccm\"],\"inLanguage\":\"de\"},{\"@type\":\"WebPage\",\"@id\":\"https:\/\/www.der-mopedladen.de\/?p=21701\",\"url\":\"https:\/\/www.der-mopedladen.de\/?p=21701\",\"name\":\"NEUHEIT: Benelli Tornado 550 . . . . . . . 7069 \u20ac -\",\"isPartOf\":{\"@id\":\"https:\/\/www.der-mopedladen.de\/#website\"},\"primaryImageOfPage\":{\"@id\":\"https:\/\/www.der-mopedladen.de\/?p=21701#primaryimage\"},\"image\":{\"@id\":\"https:\/\/www.der-mopedladen.de\/?p=21701#primaryimage\"},\"thumbnailUrl\":\"https:\/\/www.der-mopedladen.de\/wp-content\/uploads\/2025\/04\/benelli-tornado-550-6.jpg\",\"datePublished\":\"2025-04-28T15:56:04+00:00\",\"dateModified\":\"2026-01-30T10:41:58+00:00\",\"description\":\"Das neue Sportmotorrad von Benelli f\u00fcr die Einstiegsklasse.\u00a0\",\"breadcrumb\":{\"@id\":\"https:\/\/www.der-mopedladen.de\/?p=21701#breadcrumb\"},\"inLanguage\":\"de\",\"potentialAction\":[{\"@type\":\"ReadAction\",\"target\":[\"https:\/\/www.der-mopedladen.de\/?p=21701\"]}]},{\"@type\":\"ImageObject\",\"inLanguage\":\"de\",\"@id\":\"https:\/\/www.der-mopedladen.de\/?p=21701#primaryimage\",\"url\":\"https:\/\/www.der-mopedladen.de\/wp-content\/uploads\/2025\/04\/benelli-tornado-550-6.jpg\",\"contentUrl\":\"https:\/\/www.der-mopedladen.de\/wp-content\/uploads\/2025\/04\/benelli-tornado-550-6.jpg\",\"width\":2048,\"height\":1365},{\"@type\":\"BreadcrumbList\",\"@id\":\"https:\/\/www.der-mopedladen.de\/?p=21701#breadcrumb\",\"itemListElement\":[{\"@type\":\"ListItem\",\"position\":1,\"name\":\"Startseite\",\"item\":\"https:\/\/www.der-mopedladen.de\/\"},{\"@type\":\"ListItem\",\"position\":2,\"name\":\"NEUHEIT: Benelli Tornado 550 . . . . . . . 7069 \u20ac\"}]},{\"@type\":\"WebSite\",\"@id\":\"https:\/\/www.der-mopedladen.de\/#website\",\"url\":\"https:\/\/www.der-mopedladen.de\/\",\"name\":\"\",\"description\":\"\",\"publisher\":{\"@id\":\"https:\/\/www.der-mopedladen.de\/#organization\"},\"potentialAction\":[{\"@type\":\"SearchAction\",\"target\":{\"@type\":\"EntryPoint\",\"urlTemplate\":\"https:\/\/www.der-mopedladen.de\/?s={search_term_string}\"},\"query-input\":{\"@type\":\"PropertyValueSpecification\",\"valueRequired\":true,\"valueName\":\"search_term_string\"}}],\"inLanguage\":\"de\"},{\"@type\":\"Organization\",\"@id\":\"https:\/\/www.der-mopedladen.de\/#organization\",\"name\":\"Der Mopedladen OHG\",\"url\":\"https:\/\/www.der-mopedladen.de\/\",\"logo\":{\"@type\":\"ImageObject\",\"inLanguage\":\"de\",\"@id\":\"https:\/\/www.der-mopedladen.de\/#\/schema\/logo\/image\/\",\"url\":\"https:\/\/www.der-mopedladen.de\/wp-content\/uploads\/2021\/04\/Logo-DerMopedladen_ZW_CMYK-50x36mm.jpg\",\"contentUrl\":\"https:\/\/www.der-mopedladen.de\/wp-content\/uploads\/2021\/04\/Logo-DerMopedladen_ZW_CMYK-50x36mm.jpg\",\"width\":602,\"height\":437,\"caption\":\"Der Mopedladen OHG\"},\"image\":{\"@id\":\"https:\/\/www.der-mopedladen.de\/#\/schema\/logo\/image\/\"}},{\"@type\":\"Person\",\"@id\":\"https:\/\/www.der-mopedladen.de\/#\/schema\/person\/4d0c0c9ed7d36464398049539cfdc1c0\",\"name\":\"Carsten Maluche\",\"image\":{\"@type\":\"ImageObject\",\"inLanguage\":\"de\",\"@id\":\"https:\/\/www.der-mopedladen.de\/#\/schema\/person\/image\/\",\"url\":\"https:\/\/secure.gravatar.com\/avatar\/a535b4a133389f55485f0a633a5968f3d69e644503b1fed0e6aa81083975d04a?s=96&d=mm&r=g\",\"contentUrl\":\"https:\/\/secure.gravatar.com\/avatar\/a535b4a133389f55485f0a633a5968f3d69e644503b1fed0e6aa81083975d04a?s=96&d=mm&r=g\",\"caption\":\"Carsten Maluche\"}}]}<\/script>\n<!-- \/ Yoast SEO plugin. -->","yoast_head_json":{"title":"NEUHEIT: Benelli Tornado 550 . . . . . . . 7069 \u20ac -","description":"Das neue Sportmotorrad von Benelli f\u00fcr die Einstiegsklasse.\u00a0","robots":{"index":"index","follow":"follow","max-snippet":"max-snippet:-1","max-image-preview":"max-image-preview:large","max-video-preview":"max-video-preview:-1"},"canonical":"https:\/\/www.der-mopedladen.de\/?p=21701","og_locale":"de_DE","og_type":"article","og_title":"NEUHEIT: Benelli Tornado 550 . . . . . . . 7069 \u20ac -","og_description":"Das neue Sportmotorrad von Benelli f\u00fcr die Einstiegsklasse.\u00a0","og_url":"https:\/\/www.der-mopedladen.de\/?p=21701","article_published_time":"2025-04-28T15:56:04+00:00","article_modified_time":"2026-01-30T10:41:58+00:00","og_image":[{"width":2048,"height":1365,"url":"https:\/\/www.der-mopedladen.de\/wp-content\/uploads\/2025\/04\/benelli-tornado-550-6.jpg","type":"image\/jpeg"}],"author":"Carsten Maluche","twitter_card":"summary_large_image","twitter_misc":{"Verfasst von":"Carsten Maluche"},"schema":{"@context":"https:\/\/schema.org","@graph":[{"@type":"Article","@id":"https:\/\/www.der-mopedladen.de\/?p=21701#article","isPartOf":{"@id":"https:\/\/www.der-mopedladen.de\/?p=21701"},"author":{"name":"Carsten Maluche","@id":"https:\/\/www.der-mopedladen.de\/#\/schema\/person\/4d0c0c9ed7d36464398049539cfdc1c0"},"headline":"NEUHEIT: Benelli Tornado 550 . . . . . . . 7069 \u20ac","datePublished":"2025-04-28T15:56:04+00:00","dateModified":"2026-01-30T10:41:58+00:00","mainEntityOfPage":{"@id":"https:\/\/www.der-mopedladen.de\/?p=21701"},"wordCount":55,"publisher":{"@id":"https:\/\/www.der-mopedladen.de\/#organization"},"image":{"@id":"https:\/\/www.der-mopedladen.de\/?p=21701#primaryimage"},"thumbnailUrl":"https:\/\/www.der-mopedladen.de\/wp-content\/uploads\/2025\/04\/benelli-tornado-550-6.jpg","keywords":["ABS","Benelli","Einspritzung","G\u00fcnstig","Motorrad"],"articleSection":["Benelli","\u00fcber 125 ccm"],"inLanguage":"de"},{"@type":"WebPage","@id":"https:\/\/www.der-mopedladen.de\/?p=21701","url":"https:\/\/www.der-mopedladen.de\/?p=21701","name":"NEUHEIT: Benelli Tornado 550 . . . . . . . 7069 \u20ac -","isPartOf":{"@id":"https:\/\/www.der-mopedladen.de\/#website"},"primaryImageOfPage":{"@id":"https:\/\/www.der-mopedladen.de\/?p=21701#primaryimage"},"image":{"@id":"https:\/\/www.der-mopedladen.de\/?p=21701#primaryimage"},"thumbnailUrl":"https:\/\/www.der-mopedladen.de\/wp-content\/uploads\/2025\/04\/benelli-tornado-550-6.jpg","datePublished":"2025-04-28T15:56:04+00:00","dateModified":"2026-01-30T10:41:58+00:00","description":"Das neue Sportmotorrad von Benelli f\u00fcr die Einstiegsklasse.\u00a0","breadcrumb":{"@id":"https:\/\/www.der-mopedladen.de\/?p=21701#breadcrumb"},"inLanguage":"de","potentialAction":[{"@type":"ReadAction","target":["https:\/\/www.der-mopedladen.de\/?p=21701"]}]},{"@type":"ImageObject","inLanguage":"de","@id":"https:\/\/www.der-mopedladen.de\/?p=21701#primaryimage","url":"https:\/\/www.der-mopedladen.de\/wp-content\/uploads\/2025\/04\/benelli-tornado-550-6.jpg","contentUrl":"https:\/\/www.der-mopedladen.de\/wp-content\/uploads\/2025\/04\/benelli-tornado-550-6.jpg","width":2048,"height":1365},{"@type":"BreadcrumbList","@id":"https:\/\/www.der-mopedladen.de\/?p=21701#breadcrumb","itemListElement":[{"@type":"ListItem","position":1,"name":"Startseite","item":"https:\/\/www.der-mopedladen.de\/"},{"@type":"ListItem","position":2,"name":"NEUHEIT: Benelli Tornado 550 . . . . . . . 7069 \u20ac"}]},{"@type":"WebSite","@id":"https:\/\/www.der-mopedladen.de\/#website","url":"https:\/\/www.der-mopedladen.de\/","name":"","description":"","publisher":{"@id":"https:\/\/www.der-mopedladen.de\/#organization"},"potentialAction":[{"@type":"SearchAction","target":{"@type":"EntryPoint","urlTemplate":"https:\/\/www.der-mopedladen.de\/?s={search_term_string}"},"query-input":{"@type":"PropertyValueSpecification","valueRequired":true,"valueName":"search_term_string"}}],"inLanguage":"de"},{"@type":"Organization","@id":"https:\/\/www.der-mopedladen.de\/#organization","name":"Der Mopedladen OHG","url":"https:\/\/www.der-mopedladen.de\/","logo":{"@type":"ImageObject","inLanguage":"de","@id":"https:\/\/www.der-mopedladen.de\/#\/schema\/logo\/image\/","url":"https:\/\/www.der-mopedladen.de\/wp-content\/uploads\/2021\/04\/Logo-DerMopedladen_ZW_CMYK-50x36mm.jpg","contentUrl":"https:\/\/www.der-mopedladen.de\/wp-content\/uploads\/2021\/04\/Logo-DerMopedladen_ZW_CMYK-50x36mm.jpg","width":602,"height":437,"caption":"Der Mopedladen OHG"},"image":{"@id":"https:\/\/www.der-mopedladen.de\/#\/schema\/logo\/image\/"}},{"@type":"Person","@id":"https:\/\/www.der-mopedladen.de\/#\/schema\/person\/4d0c0c9ed7d36464398049539cfdc1c0","name":"Carsten Maluche","image":{"@type":"ImageObject","inLanguage":"de","@id":"https:\/\/www.der-mopedladen.de\/#\/schema\/person\/image\/","url":"https:\/\/secure.gravatar.com\/avatar\/a535b4a133389f55485f0a633a5968f3d69e644503b1fed0e6aa81083975d04a?s=96&d=mm&r=g","contentUrl":"https:\/\/secure.gravatar.com\/avatar\/a535b4a133389f55485f0a633a5968f3d69e644503b1fed0e6aa81083975d04a?s=96&d=mm&r=g","caption":"Carsten Maluche"}}]}},"_links":{"self":[{"href":"https:\/\/www.der-mopedladen.de\/index.php?rest_route=\/wp\/v2\/posts\/21701","targetHints":{"allow":["GET"]}}],"collection":[{"href":"https:\/\/www.der-mopedladen.de\/index.php?rest_route=\/wp\/v2\/posts"}],"about":[{"href":"https:\/\/www.der-mopedladen.de\/index.php?rest_route=\/wp\/v2\/types\/post"}],"author":[{"embeddable":true,"href":"https:\/\/www.der-mopedladen.de\/index.php?rest_route=\/wp\/v2\/users\/2"}],"replies":[{"embeddable":true,"href":"https:\/\/www.der-mopedladen.de\/index.php?rest_route=%2Fwp%2Fv2%2Fcomments&post=21701"}],"version-history":[{"count":1,"href":"https:\/\/www.der-mopedladen.de\/index.php?rest_route=\/wp\/v2\/posts\/21701\/revisions"}],"predecessor-version":[{"id":23270,"href":"https:\/\/www.der-mopedladen.de\/index.php?rest_route=\/wp\/v2\/posts\/21701\/revisions\/23270"}],"wp:featuredmedia":[{"embeddable":true,"href":"https:\/\/www.der-mopedladen.de\/index.php?rest_route=\/wp\/v2\/media\/21672"}],"wp:attachment":[{"href":"https:\/\/www.der-mopedladen.de\/index.php?rest_route=%2Fwp%2Fv2%2Fmedia&parent=21701"}],"wp:term":[{"taxonomy":"category","embeddable":true,"href":"https:\/\/www.der-mopedladen.de\/index.php?rest_route=%2Fwp%2Fv2%2Fcategories&post=21701"},{"taxonomy":"post_tag","embeddable":true,"href":"https:\/\/www.der-mopedladen.de\/index.php?rest_route=%2Fwp%2Fv2%2Ftags&post=21701"}],"curies":[{"name":"wp","href":"https:\/\/api.w.org\/{rel}","templated":true}]}}