{"id":21160,"date":"2025-01-29T16:52:29","date_gmt":"2025-01-29T15:52:29","guid":{"rendered":"https:\/\/www.der-mopedladen.de\/?p=21160"},"modified":"2025-01-30T16:52:53","modified_gmt":"2025-01-30T15:52:53","slug":"vespa-sprint-s-elettrica","status":"publish","type":"post","link":"https:\/\/www.der-mopedladen.de\/?p=21160","title":{"rendered":"Vespa Sprint S Elettrica . . . . . . . ab 5099 statt 5299 \u20ac"},"content":{"rendered":"<div id=\"c3933\" class=\"csc-default csc-space\">\n<p>Die Vespa Sprint S Elettrica wurde entwickelt, um die Fahrt zwischen Wohnung und Arbeitsplatz <strong>komfortabler<\/strong>\u00a0und\u00a0<strong>praktischer<\/strong>\u00a0zu gestalten und so den Spa\u00dffaktor zu erh\u00f6hen. Die fortschrittliche Technologie verbessert jeden Aspekt, vom herausnehmbaren Akku zum leichteren Aufladen bis hin zum neuen Cockpit, das Ihnen die sofortige Kontrolle \u00fcber alle Funktionen Ihrer Vespa erm\u00f6glicht. Dar\u00fcber hinaus k\u00f6nnen Sie die Leistung und die Reichweite steuern, indem Sie zwischen den Fahrmodi\u00a0<strong>ECO, SPORT und REVERSE\u00a0<\/strong>w\u00e4hlen.Fahren Sie sicher und stilvoll durch die Stra\u00dfen Ihrer Stadt,\u00a0<strong>ohne L\u00e4rm<\/strong>\u00a0und\u00a0<strong>ohne CO2-Emissionen.<\/strong>\u00a0Mit ihrem sauberen, leisen Motor, der die Umwelt schont und die L\u00e4rmbel\u00e4stigung reduziert, ist die Vespa Sprint S Elettrica ein leuchtendes Beispiel f\u00fcr nachhaltige Mobilit\u00e4t. Keine Kompromisse bei der Leistung, sondern eine neue Art der Mobilit\u00e4t, die es in sich hat.<\/p>\n<p>Die neue Vespa Primavera Elettrica ist mit einem <strong>leistungsstarken, aber ger\u00e4uscharmen Motor<\/strong>\u00a0ausgestattet, der f\u00fcr ein fl\u00fcssiges Fahrverhalten sorgt, ohne zur L\u00e4rmbel\u00e4stigung in der Stadt beizutragen. Dank ihrer fortschrittlichen\u00a0<strong>Technologie<\/strong>\u00a0und ihrer\u00a0<strong>umweltfreundlichen Eigenschaften<\/strong>\u00a0reduziert sie die Emissionen, ohne die Mobilit\u00e4t und Leistung zu beeintr\u00e4chtigen.<\/p>\n<\/div>\n<ul>\n<li>Komplette LED Beleuchtung<\/li>\n<li>herausnehmbarer LiIon-Akku<\/li>\n<\/ul>\n<div id=\"c3933\" class=\"csc-default csc-space\">\n<div id=\"c3937\" class=\"csc-default csc-space\">\n<div class=\"csc-header csc-header-n1\">\n<h3>Fahrzeugdetails<\/h3>\n<\/div>\n<table class=\"fahrzeugdaten\" style=\"width: 100%; height: 147px;\">\n<tbody>\n<tr style=\"height: 21px;\">\n<td style=\"height: 21px;\">F\u00fchrerschein<\/td>\n<td style=\"height: 21px;\">B, AM<\/td>\n<\/tr>\n<tr style=\"height: 21px;\">\n<td style=\"height: 21px;\">Motor<\/td>\n<td style=\"height: 21px;\">Elektromotor mit 2,7 KW<\/td>\n<\/tr>\n<tr style=\"height: 21px;\">\n<td style=\"height: 21px;\">Sitzh\u00f6he<\/td>\n<td style=\"height: 21px;\">785 mm<\/td>\n<\/tr>\n<tr style=\"height: 21px;\">\n<td style=\"height: 21px;\">H\u00f6chstgeschwindigkeit<\/td>\n<td style=\"height: 21px;\">45 km\/h<\/td>\n<\/tr>\n<tr style=\"height: 21px;\">\n<td style=\"height: 21px;\">Akku + Reichweite<\/td>\n<td style=\"height: 21px;\">Li-Ionen 48Ah, herausnehmbar, bis zu 68 km Reichweite<\/td>\n<\/tr>\n<tr style=\"height: 21px;\">\n<td style=\"height: 21px;\">Leer-\/Gesamtgewicht<\/td>\n<td style=\"height: 21px;\">111 kg (fahrbereit) \/ 291 kg<\/td>\n<\/tr>\n<tr style=\"height: 21px;\">\n<td style=\"height: 21px;\">Farben<\/td>\n<td style=\"height: 21px;\">Schwarz-Matt, Gr\u00fcn-Matt<\/td>\n<\/tr>\n<\/tbody>\n<\/table>\n<\/div>\n<div class=\"finanzierungsWrap\">\n<div id=\"c3930\" class=\"csc-default csc-space\">\n<div class=\"csc-header csc-header-n1\">\n<h3>Finanzierung<\/h3>\n<\/div>\n<table class=\"fahrzeugdaten\">\n<tbody>\n<tr>\n<td>Finanzierung \u00fcber Creditplus-Bank m\u00f6glich<\/td>\n<td><\/td>\n<\/tr>\n<\/tbody>\n<\/table>\n<\/div>\n<div id=\"envira-gallery-wrap-21149\" class=\"envira-gallery-wrap envira-gallery-theme-base envira-lightbox-theme-base\" itemscope itemtype=\"https:\/\/schema.org\/ImageGallery\"><div data-row-height=\"150\" data-gallery-theme=\"normal\" id=\"envira-gallery-21149\" class=\"envira-gallery-public envira-gallery-justified-public envira-gallery-0-columns envira-clear enviratope envira-gallery-css-animations\" data-envira-columns=\"0\"><div id=\"envira-gallery-item-21140\" class=\"envira-gallery-item enviratope-item envira-gallery-item-1 envira-lazy-load\" style=\"padding-left: 5px; padding-bottom: 10px; padding-right: 5px;\"  itemscope itemtype=\"https:\/\/schema.org\/ImageObject\"><div class=\"envira-gallery-item-inner\"><div class=\"envira-gallery-position-overlay  envira-gallery-top-left\"><\/div><div class=\"envira-gallery-position-overlay  envira-gallery-top-right\"><\/div><div class=\"envira-gallery-position-overlay  envira-gallery-bottom-left\"><\/div><div class=\"envira-gallery-position-overlay  envira-gallery-bottom-right\"><\/div><a href=\"https:\/\/www.der-mopedladen.de\/wp-content\/uploads\/2025\/01\/vespa-sprint-s-elettrica-gruen.jpg\" class=\"envira-gallery-21149 envira-gallery-link\" rel=\"enviragallery21149\" title=\"vespa-sprint-s-elettrica-gruen\" data-envira-caption=\"vespa-sprint-s-elettrica-gruen\" data-envira-retina=\"\" data-thumbnail=\"\"  itemprop=\"contentUrl\"><img decoding=\"async\" id=\"envira-gallery-image-21140\" class=\"envira-gallery-image envira-gallery-image-1 envira-normal envira-lazy\" data-envira-index=\"1\" src=\"https:\/\/www.der-mopedladen.de\/wp-content\/uploads\/2025\/01\/vespa-sprint-s-elettrica-gruen-1024x683-640x480.jpg\" data-envira-src=\"https:\/\/www.der-mopedladen.de\/wp-content\/uploads\/2025\/01\/vespa-sprint-s-elettrica-gruen-1024x683-640x480.jpg\" data-envira-gallery-id=\"21149\" data-envira-item-id=\"21140\" data-envira-caption=\"vespa-sprint-s-elettrica-gruen\" alt=\"\" title=\"vespa-sprint-s-elettrica-gruen\"  itemprop=\"thumbnailUrl\" data-envira-srcset=\"https:\/\/www.der-mopedladen.de\/wp-content\/uploads\/2025\/01\/vespa-sprint-s-elettrica-gruen-1024x683-640x480.jpg 400w,https:\/\/www.der-mopedladen.de\/wp-content\/uploads\/2025\/01\/vespa-sprint-s-elettrica-gruen-1024x683-640x480.jpg 2x\" data-envira-width=\"300\" data-envira-height=\"200\" srcset=\"data:image\/gif;base64,R0lGODlhAQABAIAAAP\/\/\/\/\/\/\/yH5BAEKAAEALAAAAAABAAEAAAICTAEAOw==\" data-safe-src=\"data:image\/gif;base64,R0lGODlhAQABAIAAAP\/\/\/\/\/\/\/yH5BAEKAAEALAAAAAABAAEAAAICTAEAOw==\" \/><\/a><\/div><\/div><div id=\"envira-gallery-item-21141\" class=\"envira-gallery-item enviratope-item envira-gallery-item-2 envira-lazy-load\" style=\"padding-left: 5px; padding-bottom: 10px; padding-right: 5px;\"  itemscope itemtype=\"https:\/\/schema.org\/ImageObject\"><div class=\"envira-gallery-item-inner\"><div class=\"envira-gallery-position-overlay  envira-gallery-top-left\"><\/div><div class=\"envira-gallery-position-overlay  envira-gallery-top-right\"><\/div><div class=\"envira-gallery-position-overlay  envira-gallery-bottom-left\"><\/div><div class=\"envira-gallery-position-overlay  envira-gallery-bottom-right\"><\/div><a href=\"https:\/\/www.der-mopedladen.de\/wp-content\/uploads\/2025\/01\/vespa-sprint-s-elettrica.jpg\" class=\"envira-gallery-21149 envira-gallery-link\" rel=\"enviragallery21149\" title=\"vespa-sprint-s-elettrica\" data-envira-caption=\"vespa-sprint-s-elettrica\" data-envira-retina=\"\" data-thumbnail=\"\"  itemprop=\"contentUrl\"><img decoding=\"async\" id=\"envira-gallery-image-21141\" class=\"envira-gallery-image envira-gallery-image-2 envira-normal envira-lazy\" data-envira-index=\"2\" src=\"https:\/\/www.der-mopedladen.de\/wp-content\/uploads\/2025\/01\/vespa-sprint-s-elettrica-1024x683-640x480.jpg\" data-envira-src=\"https:\/\/www.der-mopedladen.de\/wp-content\/uploads\/2025\/01\/vespa-sprint-s-elettrica-1024x683-640x480.jpg\" data-envira-gallery-id=\"21149\" data-envira-item-id=\"21141\" data-envira-caption=\"vespa-sprint-s-elettrica\" alt=\"\" title=\"vespa-sprint-s-elettrica\"  itemprop=\"thumbnailUrl\" data-envira-srcset=\"https:\/\/www.der-mopedladen.de\/wp-content\/uploads\/2025\/01\/vespa-sprint-s-elettrica-1024x683-640x480.jpg 400w,https:\/\/www.der-mopedladen.de\/wp-content\/uploads\/2025\/01\/vespa-sprint-s-elettrica-1024x683-640x480.jpg 2x\" data-envira-width=\"300\" data-envira-height=\"200\" srcset=\"data:image\/gif;base64,R0lGODlhAQABAIAAAP\/\/\/\/\/\/\/yH5BAEKAAEALAAAAAABAAEAAAICTAEAOw==\" data-safe-src=\"data:image\/gif;base64,R0lGODlhAQABAIAAAP\/\/\/\/\/\/\/yH5BAEKAAEALAAAAAABAAEAAAICTAEAOw==\" \/><\/a><\/div><\/div><\/div><\/div><noscript><img decoding=\"async\" src=\"https:\/\/www.der-mopedladen.de\/wp-content\/uploads\/2025\/01\/vespa-sprint-s-elettrica-gruen.jpg\" alt=\"\" \/><img decoding=\"async\" src=\"https:\/\/www.der-mopedladen.de\/wp-content\/uploads\/2025\/01\/vespa-sprint-s-elettrica.jpg\" alt=\"\" \/><\/noscript>\n<\/div>\n<\/div>\n","protected":false},"excerpt":{"rendered":"<p>Die Vespa Sprint S Elettrica wurde entwickelt, um die Fahrt zwischen Wohnung und Arbeitsplatz komfortabler\u00a0und\u00a0praktischer\u00a0zu gestalten und so den Spa\u00dffaktor zu erh\u00f6hen. Die fortschrittliche Technologie\u2026<\/p>\n<p class=\"continue-reading-button\"> <a class=\"continue-reading-link\" href=\"https:\/\/www.der-mopedladen.de\/?p=21160\">Mehr Informationen<i class=\"crycon-right-dir\"><\/i><\/a><\/p>\n","protected":false},"author":2,"featured_media":21140,"comment_status":"closed","ping_status":"closed","sticky":false,"template":"","format":"standard","meta":{"footnotes":""},"categories":[75,216],"tags":[18,40,56,63],"class_list":["post-21160","post","type-post","status-publish","format-standard","has-post-thumbnail","hentry","category-elektroroller","category-vespa-elektro","tag-50er","tag-ab-16","tag-elektro","tag-vespa"],"yoast_head":"<!-- This site is optimized with the Yoast SEO plugin v25.7 - https:\/\/yoast.com\/wordpress\/plugins\/seo\/ -->\n<title>Vespa Sprint S Elettrica . . . . . . . ab 5099 statt 5299 \u20ac -<\/title>\n<meta name=\"description\" content=\"Die Vespa Sprint S Elettrica - die klassische Sportvespa jetzt auch elektisch und mit herausnehmbarem Akku.\" \/>\n<meta name=\"robots\" content=\"index, follow, max-snippet:-1, max-image-preview:large, max-video-preview:-1\" \/>\n<link rel=\"canonical\" href=\"https:\/\/www.der-mopedladen.de\/?p=21160\" \/>\n<meta property=\"og:locale\" content=\"de_DE\" \/>\n<meta property=\"og:type\" content=\"article\" \/>\n<meta property=\"og:title\" content=\"Vespa Sprint S Elettrica . . . . . . . ab 5099 statt 5299 \u20ac -\" \/>\n<meta property=\"og:description\" content=\"Die Vespa Sprint S Elettrica - die klassische Sportvespa jetzt auch elektisch und mit herausnehmbarem Akku.\" \/>\n<meta property=\"og:url\" content=\"https:\/\/www.der-mopedladen.de\/?p=21160\" \/>\n<meta property=\"article:published_time\" content=\"2025-01-29T15:52:29+00:00\" \/>\n<meta property=\"article:modified_time\" content=\"2025-01-30T15:52:53+00:00\" \/>\n<meta property=\"og:image\" content=\"https:\/\/www.der-mopedladen.de\/wp-content\/uploads\/2025\/01\/vespa-sprint-s-elettrica-gruen.jpg\" \/>\n\t<meta property=\"og:image:width\" content=\"1500\" \/>\n\t<meta property=\"og:image:height\" content=\"1000\" \/>\n\t<meta property=\"og:image:type\" content=\"image\/jpeg\" \/>\n<meta name=\"author\" content=\"Carsten Maluche\" \/>\n<meta name=\"twitter:card\" content=\"summary_large_image\" \/>\n<meta name=\"twitter:label1\" content=\"Verfasst von\" \/>\n\t<meta name=\"twitter:data1\" content=\"Carsten Maluche\" \/>\n\t<meta name=\"twitter:label2\" content=\"Gesch\u00e4tzte Lesezeit\" \/>\n\t<meta name=\"twitter:data2\" content=\"1\u00a0Minute\" \/>\n<script type=\"application\/ld+json\" class=\"yoast-schema-graph\">{\"@context\":\"https:\/\/schema.org\",\"@graph\":[{\"@type\":\"Article\",\"@id\":\"https:\/\/www.der-mopedladen.de\/?p=21160#article\",\"isPartOf\":{\"@id\":\"https:\/\/www.der-mopedladen.de\/?p=21160\"},\"author\":{\"name\":\"Carsten Maluche\",\"@id\":\"https:\/\/www.der-mopedladen.de\/#\/schema\/person\/4d0c0c9ed7d36464398049539cfdc1c0\"},\"headline\":\"Vespa Sprint S Elettrica . . . . . . . ab 5099 statt 5299 \u20ac\",\"datePublished\":\"2025-01-29T15:52:29+00:00\",\"dateModified\":\"2025-01-30T15:52:53+00:00\",\"mainEntityOfPage\":{\"@id\":\"https:\/\/www.der-mopedladen.de\/?p=21160\"},\"wordCount\":248,\"publisher\":{\"@id\":\"https:\/\/www.der-mopedladen.de\/#organization\"},\"image\":{\"@id\":\"https:\/\/www.der-mopedladen.de\/?p=21160#primaryimage\"},\"thumbnailUrl\":\"https:\/\/www.der-mopedladen.de\/wp-content\/uploads\/2025\/01\/vespa-sprint-s-elettrica-gruen.jpg\",\"keywords\":[\"50er\",\"ab 16\",\"Elektro\",\"Vespa\"],\"articleSection\":[\"Elektroroller\",\"Vespa\"],\"inLanguage\":\"de\"},{\"@type\":\"WebPage\",\"@id\":\"https:\/\/www.der-mopedladen.de\/?p=21160\",\"url\":\"https:\/\/www.der-mopedladen.de\/?p=21160\",\"name\":\"Vespa Sprint S Elettrica . . . . . . . ab 5099 statt 5299 \u20ac -\",\"isPartOf\":{\"@id\":\"https:\/\/www.der-mopedladen.de\/#website\"},\"primaryImageOfPage\":{\"@id\":\"https:\/\/www.der-mopedladen.de\/?p=21160#primaryimage\"},\"image\":{\"@id\":\"https:\/\/www.der-mopedladen.de\/?p=21160#primaryimage\"},\"thumbnailUrl\":\"https:\/\/www.der-mopedladen.de\/wp-content\/uploads\/2025\/01\/vespa-sprint-s-elettrica-gruen.jpg\",\"datePublished\":\"2025-01-29T15:52:29+00:00\",\"dateModified\":\"2025-01-30T15:52:53+00:00\",\"description\":\"Die Vespa Sprint S Elettrica - die klassische Sportvespa jetzt auch elektisch und mit herausnehmbarem Akku.\",\"breadcrumb\":{\"@id\":\"https:\/\/www.der-mopedladen.de\/?p=21160#breadcrumb\"},\"inLanguage\":\"de\",\"potentialAction\":[{\"@type\":\"ReadAction\",\"target\":[\"https:\/\/www.der-mopedladen.de\/?p=21160\"]}]},{\"@type\":\"ImageObject\",\"inLanguage\":\"de\",\"@id\":\"https:\/\/www.der-mopedladen.de\/?p=21160#primaryimage\",\"url\":\"https:\/\/www.der-mopedladen.de\/wp-content\/uploads\/2025\/01\/vespa-sprint-s-elettrica-gruen.jpg\",\"contentUrl\":\"https:\/\/www.der-mopedladen.de\/wp-content\/uploads\/2025\/01\/vespa-sprint-s-elettrica-gruen.jpg\",\"width\":1500,\"height\":1000},{\"@type\":\"BreadcrumbList\",\"@id\":\"https:\/\/www.der-mopedladen.de\/?p=21160#breadcrumb\",\"itemListElement\":[{\"@type\":\"ListItem\",\"position\":1,\"name\":\"Startseite\",\"item\":\"https:\/\/www.der-mopedladen.de\/\"},{\"@type\":\"ListItem\",\"position\":2,\"name\":\"Vespa Sprint S Elettrica . . . . . . . ab 5099 statt 5299 \u20ac\"}]},{\"@type\":\"WebSite\",\"@id\":\"https:\/\/www.der-mopedladen.de\/#website\",\"url\":\"https:\/\/www.der-mopedladen.de\/\",\"name\":\"\",\"description\":\"\",\"publisher\":{\"@id\":\"https:\/\/www.der-mopedladen.de\/#organization\"},\"potentialAction\":[{\"@type\":\"SearchAction\",\"target\":{\"@type\":\"EntryPoint\",\"urlTemplate\":\"https:\/\/www.der-mopedladen.de\/?s={search_term_string}\"},\"query-input\":{\"@type\":\"PropertyValueSpecification\",\"valueRequired\":true,\"valueName\":\"search_term_string\"}}],\"inLanguage\":\"de\"},{\"@type\":\"Organization\",\"@id\":\"https:\/\/www.der-mopedladen.de\/#organization\",\"name\":\"Der Mopedladen OHG\",\"url\":\"https:\/\/www.der-mopedladen.de\/\",\"logo\":{\"@type\":\"ImageObject\",\"inLanguage\":\"de\",\"@id\":\"https:\/\/www.der-mopedladen.de\/#\/schema\/logo\/image\/\",\"url\":\"https:\/\/www.der-mopedladen.de\/wp-content\/uploads\/2021\/04\/Logo-DerMopedladen_ZW_CMYK-50x36mm.jpg\",\"contentUrl\":\"https:\/\/www.der-mopedladen.de\/wp-content\/uploads\/2021\/04\/Logo-DerMopedladen_ZW_CMYK-50x36mm.jpg\",\"width\":602,\"height\":437,\"caption\":\"Der Mopedladen OHG\"},\"image\":{\"@id\":\"https:\/\/www.der-mopedladen.de\/#\/schema\/logo\/image\/\"}},{\"@type\":\"Person\",\"@id\":\"https:\/\/www.der-mopedladen.de\/#\/schema\/person\/4d0c0c9ed7d36464398049539cfdc1c0\",\"name\":\"Carsten Maluche\",\"image\":{\"@type\":\"ImageObject\",\"inLanguage\":\"de\",\"@id\":\"https:\/\/www.der-mopedladen.de\/#\/schema\/person\/image\/\",\"url\":\"https:\/\/secure.gravatar.com\/avatar\/a535b4a133389f55485f0a633a5968f3d69e644503b1fed0e6aa81083975d04a?s=96&d=mm&r=g\",\"contentUrl\":\"https:\/\/secure.gravatar.com\/avatar\/a535b4a133389f55485f0a633a5968f3d69e644503b1fed0e6aa81083975d04a?s=96&d=mm&r=g\",\"caption\":\"Carsten Maluche\"}}]}<\/script>\n<!-- \/ Yoast SEO plugin. -->","yoast_head_json":{"title":"Vespa Sprint S Elettrica . . . . . . . ab 5099 statt 5299 \u20ac -","description":"Die Vespa Sprint S Elettrica - die klassische Sportvespa jetzt auch elektisch und mit herausnehmbarem Akku.","robots":{"index":"index","follow":"follow","max-snippet":"max-snippet:-1","max-image-preview":"max-image-preview:large","max-video-preview":"max-video-preview:-1"},"canonical":"https:\/\/www.der-mopedladen.de\/?p=21160","og_locale":"de_DE","og_type":"article","og_title":"Vespa Sprint S Elettrica . . . . . . . ab 5099 statt 5299 \u20ac -","og_description":"Die Vespa Sprint S Elettrica - die klassische Sportvespa jetzt auch elektisch und mit herausnehmbarem Akku.","og_url":"https:\/\/www.der-mopedladen.de\/?p=21160","article_published_time":"2025-01-29T15:52:29+00:00","article_modified_time":"2025-01-30T15:52:53+00:00","og_image":[{"width":1500,"height":1000,"url":"https:\/\/www.der-mopedladen.de\/wp-content\/uploads\/2025\/01\/vespa-sprint-s-elettrica-gruen.jpg","type":"image\/jpeg"}],"author":"Carsten Maluche","twitter_card":"summary_large_image","twitter_misc":{"Verfasst von":"Carsten Maluche","Gesch\u00e4tzte Lesezeit":"1\u00a0Minute"},"schema":{"@context":"https:\/\/schema.org","@graph":[{"@type":"Article","@id":"https:\/\/www.der-mopedladen.de\/?p=21160#article","isPartOf":{"@id":"https:\/\/www.der-mopedladen.de\/?p=21160"},"author":{"name":"Carsten Maluche","@id":"https:\/\/www.der-mopedladen.de\/#\/schema\/person\/4d0c0c9ed7d36464398049539cfdc1c0"},"headline":"Vespa Sprint S Elettrica . . . . . . . ab 5099 statt 5299 \u20ac","datePublished":"2025-01-29T15:52:29+00:00","dateModified":"2025-01-30T15:52:53+00:00","mainEntityOfPage":{"@id":"https:\/\/www.der-mopedladen.de\/?p=21160"},"wordCount":248,"publisher":{"@id":"https:\/\/www.der-mopedladen.de\/#organization"},"image":{"@id":"https:\/\/www.der-mopedladen.de\/?p=21160#primaryimage"},"thumbnailUrl":"https:\/\/www.der-mopedladen.de\/wp-content\/uploads\/2025\/01\/vespa-sprint-s-elettrica-gruen.jpg","keywords":["50er","ab 16","Elektro","Vespa"],"articleSection":["Elektroroller","Vespa"],"inLanguage":"de"},{"@type":"WebPage","@id":"https:\/\/www.der-mopedladen.de\/?p=21160","url":"https:\/\/www.der-mopedladen.de\/?p=21160","name":"Vespa Sprint S Elettrica . . . . . . . ab 5099 statt 5299 \u20ac -","isPartOf":{"@id":"https:\/\/www.der-mopedladen.de\/#website"},"primaryImageOfPage":{"@id":"https:\/\/www.der-mopedladen.de\/?p=21160#primaryimage"},"image":{"@id":"https:\/\/www.der-mopedladen.de\/?p=21160#primaryimage"},"thumbnailUrl":"https:\/\/www.der-mopedladen.de\/wp-content\/uploads\/2025\/01\/vespa-sprint-s-elettrica-gruen.jpg","datePublished":"2025-01-29T15:52:29+00:00","dateModified":"2025-01-30T15:52:53+00:00","description":"Die Vespa Sprint S Elettrica - die klassische Sportvespa jetzt auch elektisch und mit herausnehmbarem Akku.","breadcrumb":{"@id":"https:\/\/www.der-mopedladen.de\/?p=21160#breadcrumb"},"inLanguage":"de","potentialAction":[{"@type":"ReadAction","target":["https:\/\/www.der-mopedladen.de\/?p=21160"]}]},{"@type":"ImageObject","inLanguage":"de","@id":"https:\/\/www.der-mopedladen.de\/?p=21160#primaryimage","url":"https:\/\/www.der-mopedladen.de\/wp-content\/uploads\/2025\/01\/vespa-sprint-s-elettrica-gruen.jpg","contentUrl":"https:\/\/www.der-mopedladen.de\/wp-content\/uploads\/2025\/01\/vespa-sprint-s-elettrica-gruen.jpg","width":1500,"height":1000},{"@type":"BreadcrumbList","@id":"https:\/\/www.der-mopedladen.de\/?p=21160#breadcrumb","itemListElement":[{"@type":"ListItem","position":1,"name":"Startseite","item":"https:\/\/www.der-mopedladen.de\/"},{"@type":"ListItem","position":2,"name":"Vespa Sprint S Elettrica . . . . . . . ab 5099 statt 5299 \u20ac"}]},{"@type":"WebSite","@id":"https:\/\/www.der-mopedladen.de\/#website","url":"https:\/\/www.der-mopedladen.de\/","name":"","description":"","publisher":{"@id":"https:\/\/www.der-mopedladen.de\/#organization"},"potentialAction":[{"@type":"SearchAction","target":{"@type":"EntryPoint","urlTemplate":"https:\/\/www.der-mopedladen.de\/?s={search_term_string}"},"query-input":{"@type":"PropertyValueSpecification","valueRequired":true,"valueName":"search_term_string"}}],"inLanguage":"de"},{"@type":"Organization","@id":"https:\/\/www.der-mopedladen.de\/#organization","name":"Der Mopedladen OHG","url":"https:\/\/www.der-mopedladen.de\/","logo":{"@type":"ImageObject","inLanguage":"de","@id":"https:\/\/www.der-mopedladen.de\/#\/schema\/logo\/image\/","url":"https:\/\/www.der-mopedladen.de\/wp-content\/uploads\/2021\/04\/Logo-DerMopedladen_ZW_CMYK-50x36mm.jpg","contentUrl":"https:\/\/www.der-mopedladen.de\/wp-content\/uploads\/2021\/04\/Logo-DerMopedladen_ZW_CMYK-50x36mm.jpg","width":602,"height":437,"caption":"Der Mopedladen OHG"},"image":{"@id":"https:\/\/www.der-mopedladen.de\/#\/schema\/logo\/image\/"}},{"@type":"Person","@id":"https:\/\/www.der-mopedladen.de\/#\/schema\/person\/4d0c0c9ed7d36464398049539cfdc1c0","name":"Carsten Maluche","image":{"@type":"ImageObject","inLanguage":"de","@id":"https:\/\/www.der-mopedladen.de\/#\/schema\/person\/image\/","url":"https:\/\/secure.gravatar.com\/avatar\/a535b4a133389f55485f0a633a5968f3d69e644503b1fed0e6aa81083975d04a?s=96&d=mm&r=g","contentUrl":"https:\/\/secure.gravatar.com\/avatar\/a535b4a133389f55485f0a633a5968f3d69e644503b1fed0e6aa81083975d04a?s=96&d=mm&r=g","caption":"Carsten Maluche"}}]}},"_links":{"self":[{"href":"https:\/\/www.der-mopedladen.de\/index.php?rest_route=\/wp\/v2\/posts\/21160","targetHints":{"allow":["GET"]}}],"collection":[{"href":"https:\/\/www.der-mopedladen.de\/index.php?rest_route=\/wp\/v2\/posts"}],"about":[{"href":"https:\/\/www.der-mopedladen.de\/index.php?rest_route=\/wp\/v2\/types\/post"}],"author":[{"embeddable":true,"href":"https:\/\/www.der-mopedladen.de\/index.php?rest_route=\/wp\/v2\/users\/2"}],"replies":[{"embeddable":true,"href":"https:\/\/www.der-mopedladen.de\/index.php?rest_route=%2Fwp%2Fv2%2Fcomments&post=21160"}],"version-history":[{"count":0,"href":"https:\/\/www.der-mopedladen.de\/index.php?rest_route=\/wp\/v2\/posts\/21160\/revisions"}],"wp:featuredmedia":[{"embeddable":true,"href":"https:\/\/www.der-mopedladen.de\/index.php?rest_route=\/wp\/v2\/media\/21140"}],"wp:attachment":[{"href":"https:\/\/www.der-mopedladen.de\/index.php?rest_route=%2Fwp%2Fv2%2Fmedia&parent=21160"}],"wp:term":[{"taxonomy":"category","embeddable":true,"href":"https:\/\/www.der-mopedladen.de\/index.php?rest_route=%2Fwp%2Fv2%2Fcategories&post=21160"},{"taxonomy":"post_tag","embeddable":true,"href":"https:\/\/www.der-mopedladen.de\/index.php?rest_route=%2Fwp%2Fv2%2Ftags&post=21160"}],"curies":[{"name":"wp","href":"https:\/\/api.w.org\/{rel}","templated":true}]}}