{"id":21155,"date":"2025-01-30T16:16:38","date_gmt":"2025-01-30T15:16:38","guid":{"rendered":"https:\/\/www.der-mopedladen.de\/?p=21155"},"modified":"2025-02-04T16:51:19","modified_gmt":"2025-02-04T15:51:19","slug":"vespa-primavera-elettrica","status":"publish","type":"post","link":"https:\/\/www.der-mopedladen.de\/?p=21155","title":{"rendered":"Vespa Primavera Elettrica . . . . . . . ab 4999 statt 5199 \u20ac"},"content":{"rendered":"<div id=\"c3933\" class=\"csc-default csc-space\">\n<p>Die Vespa Primavera entwickelt sich weiter in ihrer Mission, so komfortabel und praktisch wie m\u00f6glich zu sein, wenn es um Ihre t\u00e4glichen Fahrten geht. Der <strong>herausnehmbare<\/strong>\u00a0Akku ist leicht aufzuladen, w\u00e4hrend Leistung und Reichweite dank der Modi\u00a0<strong>ECO, SPORT und REVERSE<\/strong>\u00a0leicht zu kontrollieren sind. Das Handschuhfach ist mit einem\u00a0<strong>USB-Anschluss<\/strong>\u00a0ausgestattet und das\u00a0<strong>Fach unter der Sitzbank<\/strong> bietet Platz f\u00fcr Ihre wichtigsten Utensilien.<\/p>\n<p>Die neue Vespa Primavera Elettrica ist mit einem <strong>leistungsstarken, aber ger\u00e4uscharmen Motor<\/strong>\u00a0ausgestattet, der f\u00fcr ein fl\u00fcssiges Fahrverhalten sorgt, ohne zur L\u00e4rmbel\u00e4stigung in der Stadt beizutragen. Dank ihrer fortschrittlichen\u00a0<strong>Technologie<\/strong>\u00a0und ihrer\u00a0<strong>umweltfreundlichen Eigenschaften<\/strong>\u00a0reduziert sie die Emissionen, ohne die Mobilit\u00e4t und Leistung zu beeintr\u00e4chtigen.<\/p>\n<\/div>\n<ul>\n<li>Komplette LED Beleuchtung<\/li>\n<li>herausnehmbarer LiIon-Akku<\/li>\n<li>Sondermodell Primavera RED Elettrica f\u00fcr 5.199 statt 5.399 \u20ac erh\u00e4ltlich.<\/li>\n<\/ul>\n<div id=\"c3933\" class=\"csc-default csc-space\">\n<div id=\"c3937\" class=\"csc-default csc-space\">\n<div class=\"csc-header csc-header-n1\">\n<h3>Fahrzeugdetails<\/h3>\n<\/div>\n<table class=\"fahrzeugdaten\" style=\"width: 100%; height: 147px;\">\n<tbody>\n<tr style=\"height: 21px;\">\n<td style=\"height: 21px;\">F\u00fchrerschein<\/td>\n<td style=\"height: 21px;\">B, AM<\/td>\n<\/tr>\n<tr style=\"height: 21px;\">\n<td style=\"height: 21px;\">Motor<\/td>\n<td style=\"height: 21px;\">Elektromotor mit 2,7 KW<\/td>\n<\/tr>\n<tr style=\"height: 21px;\">\n<td style=\"height: 21px;\">Sitzh\u00f6he<\/td>\n<td style=\"height: 21px;\">785 mm<\/td>\n<\/tr>\n<tr style=\"height: 21px;\">\n<td style=\"height: 21px;\">H\u00f6chstgeschwindigkeit<\/td>\n<td style=\"height: 21px;\">45 km\/h<\/td>\n<\/tr>\n<tr style=\"height: 21px;\">\n<td style=\"height: 21px;\">Akku + Reichweite<\/td>\n<td style=\"height: 21px;\">Li-Ionen 48Ah, herausnehmbar, bis zu 68 km Reichweite<\/td>\n<\/tr>\n<tr style=\"height: 21px;\">\n<td style=\"height: 21px;\">Leer-\/Gesamtgewicht<\/td>\n<td style=\"height: 21px;\">111 kg (fahrbereit) \/ 291 kg<\/td>\n<\/tr>\n<tr style=\"height: 21px;\">\n<td style=\"height: 21px;\">Farben<\/td>\n<td style=\"height: 21px;\">Schwarz, Wei\u00df, Gr\u00fcn, nur Sondermodell RED: Rot<\/td>\n<\/tr>\n<\/tbody>\n<\/table>\n<\/div>\n<div class=\"finanzierungsWrap\">\n<div id=\"c3930\" class=\"csc-default csc-space\">\n<div class=\"csc-header csc-header-n1\">\n<h3>Finanzierung<\/h3>\n<\/div>\n<table class=\"fahrzeugdaten\">\n<tbody>\n<tr>\n<td>Finanzierung \u00fcber Creditplus-Bank m\u00f6glich<\/td>\n<td><\/td>\n<\/tr>\n<\/tbody>\n<\/table>\n<\/div>\n<div id=\"envira-gallery-wrap-21148\" class=\"envira-gallery-wrap envira-gallery-theme-base envira-lightbox-theme-base\" itemscope itemtype=\"https:\/\/schema.org\/ImageGallery\"><div data-row-height=\"150\" data-gallery-theme=\"normal\" id=\"envira-gallery-21148\" class=\"envira-gallery-public envira-gallery-justified-public envira-gallery-0-columns envira-clear enviratope envira-gallery-css-animations\" data-envira-columns=\"0\"><div id=\"envira-gallery-item-21145\" class=\"envira-gallery-item enviratope-item envira-gallery-item-1 envira-lazy-load\" style=\"padding-left: 5px; padding-bottom: 10px; padding-right: 5px;\"  itemscope itemtype=\"https:\/\/schema.org\/ImageObject\"><div class=\"envira-gallery-item-inner\"><div class=\"envira-gallery-position-overlay  envira-gallery-top-left\"><\/div><div class=\"envira-gallery-position-overlay  envira-gallery-top-right\"><\/div><div class=\"envira-gallery-position-overlay  envira-gallery-bottom-left\"><\/div><div class=\"envira-gallery-position-overlay  envira-gallery-bottom-right\"><\/div><a href=\"https:\/\/www.der-mopedladen.de\/wp-content\/uploads\/2025\/01\/vespa-primavera-elettrica-gruen.jpg\" class=\"envira-gallery-21148 envira-gallery-link\" rel=\"enviragallery21148\" title=\"vespa-primavera-elettrica gruen\" data-envira-caption=\"vespa-primavera-elettrica gruen\" data-envira-retina=\"\" data-thumbnail=\"\"  itemprop=\"contentUrl\"><img decoding=\"async\" id=\"envira-gallery-image-21145\" class=\"envira-gallery-image envira-gallery-image-1 envira-normal envira-lazy\" data-envira-index=\"1\" src=\"https:\/\/www.der-mopedladen.de\/wp-content\/uploads\/2025\/01\/vespa-primavera-elettrica-gruen-1024x683-640x480.jpg\" data-envira-src=\"https:\/\/www.der-mopedladen.de\/wp-content\/uploads\/2025\/01\/vespa-primavera-elettrica-gruen-1024x683-640x480.jpg\" data-envira-gallery-id=\"21148\" data-envira-item-id=\"21145\" data-envira-caption=\"vespa-primavera-elettrica gruen\" alt=\"\" title=\"vespa-primavera-elettrica gruen\"  itemprop=\"thumbnailUrl\" data-envira-srcset=\"https:\/\/www.der-mopedladen.de\/wp-content\/uploads\/2025\/01\/vespa-primavera-elettrica-gruen-1024x683-640x480.jpg 400w,https:\/\/www.der-mopedladen.de\/wp-content\/uploads\/2025\/01\/vespa-primavera-elettrica-gruen-1024x683-640x480.jpg 2x\" data-envira-width=\"300\" data-envira-height=\"200\" srcset=\"data:image\/gif;base64,R0lGODlhAQABAIAAAP\/\/\/\/\/\/\/yH5BAEKAAEALAAAAAABAAEAAAICTAEAOw==\" data-safe-src=\"data:image\/gif;base64,R0lGODlhAQABAIAAAP\/\/\/\/\/\/\/yH5BAEKAAEALAAAAAABAAEAAAICTAEAOw==\" \/><\/a><\/div><\/div><div id=\"envira-gallery-item-21144\" class=\"envira-gallery-item enviratope-item envira-gallery-item-2 envira-lazy-load\" style=\"padding-left: 5px; padding-bottom: 10px; padding-right: 5px;\"  itemscope itemtype=\"https:\/\/schema.org\/ImageObject\"><div class=\"envira-gallery-item-inner\"><div class=\"envira-gallery-position-overlay  envira-gallery-top-left\"><\/div><div class=\"envira-gallery-position-overlay  envira-gallery-top-right\"><\/div><div class=\"envira-gallery-position-overlay  envira-gallery-bottom-left\"><\/div><div class=\"envira-gallery-position-overlay  envira-gallery-bottom-right\"><\/div><a href=\"https:\/\/www.der-mopedladen.de\/wp-content\/uploads\/2025\/01\/vespa-primavera-elettrica-weiss-2.jpg\" class=\"envira-gallery-21148 envira-gallery-link\" rel=\"enviragallery21148\" title=\"vespa-primavera-elettrica-weiss 2\" data-envira-caption=\"vespa-primavera-elettrica-weiss 2\" data-envira-retina=\"\" data-thumbnail=\"\"  itemprop=\"contentUrl\"><img decoding=\"async\" id=\"envira-gallery-image-21144\" class=\"envira-gallery-image envira-gallery-image-2 envira-normal envira-lazy\" data-envira-index=\"2\" src=\"https:\/\/www.der-mopedladen.de\/wp-content\/uploads\/2025\/01\/vespa-primavera-elettrica-weiss-2-1024x683-640x480.jpg\" data-envira-src=\"https:\/\/www.der-mopedladen.de\/wp-content\/uploads\/2025\/01\/vespa-primavera-elettrica-weiss-2-1024x683-640x480.jpg\" data-envira-gallery-id=\"21148\" data-envira-item-id=\"21144\" data-envira-caption=\"vespa-primavera-elettrica-weiss 2\" alt=\"\" title=\"vespa-primavera-elettrica-weiss 2\"  itemprop=\"thumbnailUrl\" data-envira-srcset=\"https:\/\/www.der-mopedladen.de\/wp-content\/uploads\/2025\/01\/vespa-primavera-elettrica-weiss-2-1024x683-640x480.jpg 400w,https:\/\/www.der-mopedladen.de\/wp-content\/uploads\/2025\/01\/vespa-primavera-elettrica-weiss-2-1024x683-640x480.jpg 2x\" data-envira-width=\"300\" data-envira-height=\"200\" srcset=\"data:image\/gif;base64,R0lGODlhAQABAIAAAP\/\/\/\/\/\/\/yH5BAEKAAEALAAAAAABAAEAAAICTAEAOw==\" data-safe-src=\"data:image\/gif;base64,R0lGODlhAQABAIAAAP\/\/\/\/\/\/\/yH5BAEKAAEALAAAAAABAAEAAAICTAEAOw==\" \/><\/a><\/div><\/div><div id=\"envira-gallery-item-21143\" class=\"envira-gallery-item enviratope-item envira-gallery-item-3 envira-lazy-load\" style=\"padding-left: 5px; padding-bottom: 10px; padding-right: 5px;\"  itemscope itemtype=\"https:\/\/schema.org\/ImageObject\"><div class=\"envira-gallery-item-inner\"><div class=\"envira-gallery-position-overlay  envira-gallery-top-left\"><\/div><div class=\"envira-gallery-position-overlay  envira-gallery-top-right\"><\/div><div class=\"envira-gallery-position-overlay  envira-gallery-bottom-left\"><\/div><div class=\"envira-gallery-position-overlay  envira-gallery-bottom-right\"><\/div><a href=\"https:\/\/www.der-mopedladen.de\/wp-content\/uploads\/2025\/01\/vespa-primavera-elettrica-schwarz-2.jpg\" class=\"envira-gallery-21148 envira-gallery-link\" rel=\"enviragallery21148\" title=\"vespa-primavera-elettrica-schwarz 2\" data-envira-caption=\"vespa-primavera-elettrica-schwarz 2\" data-envira-retina=\"\" data-thumbnail=\"\"  itemprop=\"contentUrl\"><img decoding=\"async\" id=\"envira-gallery-image-21143\" class=\"envira-gallery-image envira-gallery-image-3 envira-normal envira-lazy\" data-envira-index=\"3\" src=\"https:\/\/www.der-mopedladen.de\/wp-content\/uploads\/2025\/01\/vespa-primavera-elettrica-schwarz-2-1024x683-640x480.jpg\" data-envira-src=\"https:\/\/www.der-mopedladen.de\/wp-content\/uploads\/2025\/01\/vespa-primavera-elettrica-schwarz-2-1024x683-640x480.jpg\" data-envira-gallery-id=\"21148\" data-envira-item-id=\"21143\" data-envira-caption=\"vespa-primavera-elettrica-schwarz 2\" alt=\"\" title=\"vespa-primavera-elettrica-schwarz 2\"  itemprop=\"thumbnailUrl\" data-envira-srcset=\"https:\/\/www.der-mopedladen.de\/wp-content\/uploads\/2025\/01\/vespa-primavera-elettrica-schwarz-2-1024x683-640x480.jpg 400w,https:\/\/www.der-mopedladen.de\/wp-content\/uploads\/2025\/01\/vespa-primavera-elettrica-schwarz-2-1024x683-640x480.jpg 2x\" data-envira-width=\"300\" data-envira-height=\"200\" srcset=\"data:image\/gif;base64,R0lGODlhAQABAIAAAP\/\/\/\/\/\/\/yH5BAEKAAEALAAAAAABAAEAAAICTAEAOw==\" data-safe-src=\"data:image\/gif;base64,R0lGODlhAQABAIAAAP\/\/\/\/\/\/\/yH5BAEKAAEALAAAAAABAAEAAAICTAEAOw==\" \/><\/a><\/div><\/div><div id=\"envira-gallery-item-21142\" class=\"envira-gallery-item enviratope-item envira-gallery-item-4 envira-lazy-load\" style=\"padding-left: 5px; padding-bottom: 10px; padding-right: 5px;\"  itemscope itemtype=\"https:\/\/schema.org\/ImageObject\"><div class=\"envira-gallery-item-inner\"><div class=\"envira-gallery-position-overlay  envira-gallery-top-left\"><\/div><div class=\"envira-gallery-position-overlay  envira-gallery-top-right\"><\/div><div class=\"envira-gallery-position-overlay  envira-gallery-bottom-left\"><\/div><div class=\"envira-gallery-position-overlay  envira-gallery-bottom-right\"><\/div><a href=\"https:\/\/www.der-mopedladen.de\/wp-content\/uploads\/2025\/01\/vespa-primavera-red-elettrica.jpg\" class=\"envira-gallery-21148 envira-gallery-link\" rel=\"enviragallery21148\" title=\"vespa-primavera-red-elettrica\" data-envira-caption=\"vespa-primavera-red-elettrica\" data-envira-retina=\"\" data-thumbnail=\"\"  itemprop=\"contentUrl\"><img decoding=\"async\" id=\"envira-gallery-image-21142\" class=\"envira-gallery-image envira-gallery-image-4 envira-normal envira-lazy\" data-envira-index=\"4\" src=\"https:\/\/www.der-mopedladen.de\/wp-content\/uploads\/2025\/01\/vespa-primavera-red-elettrica-1024x683-640x480.jpg\" data-envira-src=\"https:\/\/www.der-mopedladen.de\/wp-content\/uploads\/2025\/01\/vespa-primavera-red-elettrica-1024x683-640x480.jpg\" data-envira-gallery-id=\"21148\" data-envira-item-id=\"21142\" data-envira-caption=\"vespa-primavera-red-elettrica\" alt=\"\" title=\"vespa-primavera-red-elettrica\"  itemprop=\"thumbnailUrl\" data-envira-srcset=\"https:\/\/www.der-mopedladen.de\/wp-content\/uploads\/2025\/01\/vespa-primavera-red-elettrica-1024x683-640x480.jpg 400w,https:\/\/www.der-mopedladen.de\/wp-content\/uploads\/2025\/01\/vespa-primavera-red-elettrica-1024x683-640x480.jpg 2x\" data-envira-width=\"300\" data-envira-height=\"200\" srcset=\"data:image\/gif;base64,R0lGODlhAQABAIAAAP\/\/\/\/\/\/\/yH5BAEKAAEALAAAAAABAAEAAAICTAEAOw==\" data-safe-src=\"data:image\/gif;base64,R0lGODlhAQABAIAAAP\/\/\/\/\/\/\/yH5BAEKAAEALAAAAAABAAEAAAICTAEAOw==\" \/><\/a><\/div><\/div><\/div><\/div><noscript><img decoding=\"async\" src=\"https:\/\/www.der-mopedladen.de\/wp-content\/uploads\/2025\/01\/vespa-primavera-elettrica-gruen.jpg\" alt=\"\" \/><img decoding=\"async\" src=\"https:\/\/www.der-mopedladen.de\/wp-content\/uploads\/2025\/01\/vespa-primavera-elettrica-weiss-2.jpg\" alt=\"\" \/><img decoding=\"async\" src=\"https:\/\/www.der-mopedladen.de\/wp-content\/uploads\/2025\/01\/vespa-primavera-elettrica-schwarz-2.jpg\" alt=\"\" \/><img decoding=\"async\" src=\"https:\/\/www.der-mopedladen.de\/wp-content\/uploads\/2025\/01\/vespa-primavera-red-elettrica.jpg\" alt=\"\" \/><\/noscript>\n<\/div>\n<\/div>\n","protected":false},"excerpt":{"rendered":"<p>Die Vespa Primavera entwickelt sich weiter in ihrer Mission, so komfortabel und praktisch wie m\u00f6glich zu sein, wenn es um Ihre t\u00e4glichen Fahrten geht. Der\u2026<\/p>\n<p class=\"continue-reading-button\"> <a class=\"continue-reading-link\" href=\"https:\/\/www.der-mopedladen.de\/?p=21155\">Mehr Informationen<i class=\"crycon-right-dir\"><\/i><\/a><\/p>\n","protected":false},"author":2,"featured_media":21145,"comment_status":"closed","ping_status":"closed","sticky":false,"template":"","format":"standard","meta":{"footnotes":""},"categories":[75,216],"tags":[18,40,56,63],"class_list":["post-21155","post","type-post","status-publish","format-standard","has-post-thumbnail","hentry","category-elektroroller","category-vespa-elektro","tag-50er","tag-ab-16","tag-elektro","tag-vespa"],"yoast_head":"<!-- This site is optimized with the Yoast SEO plugin v25.7 - https:\/\/yoast.com\/wordpress\/plugins\/seo\/ -->\n<title>Vespa Primavera Elettrica . . . . . . . ab 4999 statt 5199 \u20ac -<\/title>\n<meta name=\"description\" content=\"Die klassische Vespa Primavera jetzt auch in der elektrischen Variante und mit herausnehmbarem Akku.\" \/>\n<meta name=\"robots\" content=\"index, follow, max-snippet:-1, max-image-preview:large, max-video-preview:-1\" \/>\n<link rel=\"canonical\" href=\"https:\/\/www.der-mopedladen.de\/?p=21155\" \/>\n<meta property=\"og:locale\" content=\"de_DE\" \/>\n<meta property=\"og:type\" content=\"article\" \/>\n<meta property=\"og:title\" content=\"Vespa Primavera Elettrica . . . . . . . ab 4999 statt 5199 \u20ac -\" \/>\n<meta property=\"og:description\" content=\"Die klassische Vespa Primavera jetzt auch in der elektrischen Variante und mit herausnehmbarem Akku.\" \/>\n<meta property=\"og:url\" content=\"https:\/\/www.der-mopedladen.de\/?p=21155\" \/>\n<meta property=\"article:published_time\" content=\"2025-01-30T15:16:38+00:00\" \/>\n<meta property=\"article:modified_time\" content=\"2025-02-04T15:51:19+00:00\" \/>\n<meta property=\"og:image\" content=\"https:\/\/www.der-mopedladen.de\/wp-content\/uploads\/2025\/01\/vespa-primavera-elettrica-gruen.jpg\" \/>\n\t<meta property=\"og:image:width\" content=\"1500\" \/>\n\t<meta property=\"og:image:height\" content=\"1000\" \/>\n\t<meta property=\"og:image:type\" content=\"image\/jpeg\" \/>\n<meta name=\"author\" content=\"Carsten Maluche\" \/>\n<meta name=\"twitter:card\" content=\"summary_large_image\" \/>\n<meta name=\"twitter:label1\" content=\"Verfasst von\" \/>\n\t<meta name=\"twitter:data1\" content=\"Carsten Maluche\" \/>\n\t<meta name=\"twitter:label2\" content=\"Gesch\u00e4tzte Lesezeit\" \/>\n\t<meta name=\"twitter:data2\" content=\"1\u00a0Minute\" \/>\n<script type=\"application\/ld+json\" class=\"yoast-schema-graph\">{\"@context\":\"https:\/\/schema.org\",\"@graph\":[{\"@type\":\"Article\",\"@id\":\"https:\/\/www.der-mopedladen.de\/?p=21155#article\",\"isPartOf\":{\"@id\":\"https:\/\/www.der-mopedladen.de\/?p=21155\"},\"author\":{\"name\":\"Carsten Maluche\",\"@id\":\"https:\/\/www.der-mopedladen.de\/#\/schema\/person\/4d0c0c9ed7d36464398049539cfdc1c0\"},\"headline\":\"Vespa Primavera Elettrica . . . . . . . ab 4999 statt 5199 \u20ac\",\"datePublished\":\"2025-01-30T15:16:38+00:00\",\"dateModified\":\"2025-02-04T15:51:19+00:00\",\"mainEntityOfPage\":{\"@id\":\"https:\/\/www.der-mopedladen.de\/?p=21155\"},\"wordCount\":186,\"publisher\":{\"@id\":\"https:\/\/www.der-mopedladen.de\/#organization\"},\"image\":{\"@id\":\"https:\/\/www.der-mopedladen.de\/?p=21155#primaryimage\"},\"thumbnailUrl\":\"https:\/\/www.der-mopedladen.de\/wp-content\/uploads\/2025\/01\/vespa-primavera-elettrica-gruen.jpg\",\"keywords\":[\"50er\",\"ab 16\",\"Elektro\",\"Vespa\"],\"articleSection\":[\"Elektroroller\",\"Vespa\"],\"inLanguage\":\"de\"},{\"@type\":\"WebPage\",\"@id\":\"https:\/\/www.der-mopedladen.de\/?p=21155\",\"url\":\"https:\/\/www.der-mopedladen.de\/?p=21155\",\"name\":\"Vespa Primavera Elettrica . . . . . . . ab 4999 statt 5199 \u20ac -\",\"isPartOf\":{\"@id\":\"https:\/\/www.der-mopedladen.de\/#website\"},\"primaryImageOfPage\":{\"@id\":\"https:\/\/www.der-mopedladen.de\/?p=21155#primaryimage\"},\"image\":{\"@id\":\"https:\/\/www.der-mopedladen.de\/?p=21155#primaryimage\"},\"thumbnailUrl\":\"https:\/\/www.der-mopedladen.de\/wp-content\/uploads\/2025\/01\/vespa-primavera-elettrica-gruen.jpg\",\"datePublished\":\"2025-01-30T15:16:38+00:00\",\"dateModified\":\"2025-02-04T15:51:19+00:00\",\"description\":\"Die klassische Vespa Primavera jetzt auch in der elektrischen Variante und mit herausnehmbarem Akku.\",\"breadcrumb\":{\"@id\":\"https:\/\/www.der-mopedladen.de\/?p=21155#breadcrumb\"},\"inLanguage\":\"de\",\"potentialAction\":[{\"@type\":\"ReadAction\",\"target\":[\"https:\/\/www.der-mopedladen.de\/?p=21155\"]}]},{\"@type\":\"ImageObject\",\"inLanguage\":\"de\",\"@id\":\"https:\/\/www.der-mopedladen.de\/?p=21155#primaryimage\",\"url\":\"https:\/\/www.der-mopedladen.de\/wp-content\/uploads\/2025\/01\/vespa-primavera-elettrica-gruen.jpg\",\"contentUrl\":\"https:\/\/www.der-mopedladen.de\/wp-content\/uploads\/2025\/01\/vespa-primavera-elettrica-gruen.jpg\",\"width\":1500,\"height\":1000},{\"@type\":\"BreadcrumbList\",\"@id\":\"https:\/\/www.der-mopedladen.de\/?p=21155#breadcrumb\",\"itemListElement\":[{\"@type\":\"ListItem\",\"position\":1,\"name\":\"Startseite\",\"item\":\"https:\/\/www.der-mopedladen.de\/\"},{\"@type\":\"ListItem\",\"position\":2,\"name\":\"Vespa Primavera Elettrica . . . . . . . ab 4999 statt 5199 \u20ac\"}]},{\"@type\":\"WebSite\",\"@id\":\"https:\/\/www.der-mopedladen.de\/#website\",\"url\":\"https:\/\/www.der-mopedladen.de\/\",\"name\":\"\",\"description\":\"\",\"publisher\":{\"@id\":\"https:\/\/www.der-mopedladen.de\/#organization\"},\"potentialAction\":[{\"@type\":\"SearchAction\",\"target\":{\"@type\":\"EntryPoint\",\"urlTemplate\":\"https:\/\/www.der-mopedladen.de\/?s={search_term_string}\"},\"query-input\":{\"@type\":\"PropertyValueSpecification\",\"valueRequired\":true,\"valueName\":\"search_term_string\"}}],\"inLanguage\":\"de\"},{\"@type\":\"Organization\",\"@id\":\"https:\/\/www.der-mopedladen.de\/#organization\",\"name\":\"Der Mopedladen OHG\",\"url\":\"https:\/\/www.der-mopedladen.de\/\",\"logo\":{\"@type\":\"ImageObject\",\"inLanguage\":\"de\",\"@id\":\"https:\/\/www.der-mopedladen.de\/#\/schema\/logo\/image\/\",\"url\":\"https:\/\/www.der-mopedladen.de\/wp-content\/uploads\/2021\/04\/Logo-DerMopedladen_ZW_CMYK-50x36mm.jpg\",\"contentUrl\":\"https:\/\/www.der-mopedladen.de\/wp-content\/uploads\/2021\/04\/Logo-DerMopedladen_ZW_CMYK-50x36mm.jpg\",\"width\":602,\"height\":437,\"caption\":\"Der Mopedladen OHG\"},\"image\":{\"@id\":\"https:\/\/www.der-mopedladen.de\/#\/schema\/logo\/image\/\"}},{\"@type\":\"Person\",\"@id\":\"https:\/\/www.der-mopedladen.de\/#\/schema\/person\/4d0c0c9ed7d36464398049539cfdc1c0\",\"name\":\"Carsten Maluche\",\"image\":{\"@type\":\"ImageObject\",\"inLanguage\":\"de\",\"@id\":\"https:\/\/www.der-mopedladen.de\/#\/schema\/person\/image\/\",\"url\":\"https:\/\/secure.gravatar.com\/avatar\/a535b4a133389f55485f0a633a5968f3d69e644503b1fed0e6aa81083975d04a?s=96&d=mm&r=g\",\"contentUrl\":\"https:\/\/secure.gravatar.com\/avatar\/a535b4a133389f55485f0a633a5968f3d69e644503b1fed0e6aa81083975d04a?s=96&d=mm&r=g\",\"caption\":\"Carsten Maluche\"}}]}<\/script>\n<!-- \/ Yoast SEO plugin. -->","yoast_head_json":{"title":"Vespa Primavera Elettrica . . . . . . . ab 4999 statt 5199 \u20ac -","description":"Die klassische Vespa Primavera jetzt auch in der elektrischen Variante und mit herausnehmbarem Akku.","robots":{"index":"index","follow":"follow","max-snippet":"max-snippet:-1","max-image-preview":"max-image-preview:large","max-video-preview":"max-video-preview:-1"},"canonical":"https:\/\/www.der-mopedladen.de\/?p=21155","og_locale":"de_DE","og_type":"article","og_title":"Vespa Primavera Elettrica . . . . . . . ab 4999 statt 5199 \u20ac -","og_description":"Die klassische Vespa Primavera jetzt auch in der elektrischen Variante und mit herausnehmbarem Akku.","og_url":"https:\/\/www.der-mopedladen.de\/?p=21155","article_published_time":"2025-01-30T15:16:38+00:00","article_modified_time":"2025-02-04T15:51:19+00:00","og_image":[{"width":1500,"height":1000,"url":"https:\/\/www.der-mopedladen.de\/wp-content\/uploads\/2025\/01\/vespa-primavera-elettrica-gruen.jpg","type":"image\/jpeg"}],"author":"Carsten Maluche","twitter_card":"summary_large_image","twitter_misc":{"Verfasst von":"Carsten Maluche","Gesch\u00e4tzte Lesezeit":"1\u00a0Minute"},"schema":{"@context":"https:\/\/schema.org","@graph":[{"@type":"Article","@id":"https:\/\/www.der-mopedladen.de\/?p=21155#article","isPartOf":{"@id":"https:\/\/www.der-mopedladen.de\/?p=21155"},"author":{"name":"Carsten Maluche","@id":"https:\/\/www.der-mopedladen.de\/#\/schema\/person\/4d0c0c9ed7d36464398049539cfdc1c0"},"headline":"Vespa Primavera Elettrica . . . . . . . ab 4999 statt 5199 \u20ac","datePublished":"2025-01-30T15:16:38+00:00","dateModified":"2025-02-04T15:51:19+00:00","mainEntityOfPage":{"@id":"https:\/\/www.der-mopedladen.de\/?p=21155"},"wordCount":186,"publisher":{"@id":"https:\/\/www.der-mopedladen.de\/#organization"},"image":{"@id":"https:\/\/www.der-mopedladen.de\/?p=21155#primaryimage"},"thumbnailUrl":"https:\/\/www.der-mopedladen.de\/wp-content\/uploads\/2025\/01\/vespa-primavera-elettrica-gruen.jpg","keywords":["50er","ab 16","Elektro","Vespa"],"articleSection":["Elektroroller","Vespa"],"inLanguage":"de"},{"@type":"WebPage","@id":"https:\/\/www.der-mopedladen.de\/?p=21155","url":"https:\/\/www.der-mopedladen.de\/?p=21155","name":"Vespa Primavera Elettrica . . . . . . . ab 4999 statt 5199 \u20ac -","isPartOf":{"@id":"https:\/\/www.der-mopedladen.de\/#website"},"primaryImageOfPage":{"@id":"https:\/\/www.der-mopedladen.de\/?p=21155#primaryimage"},"image":{"@id":"https:\/\/www.der-mopedladen.de\/?p=21155#primaryimage"},"thumbnailUrl":"https:\/\/www.der-mopedladen.de\/wp-content\/uploads\/2025\/01\/vespa-primavera-elettrica-gruen.jpg","datePublished":"2025-01-30T15:16:38+00:00","dateModified":"2025-02-04T15:51:19+00:00","description":"Die klassische Vespa Primavera jetzt auch in der elektrischen Variante und mit herausnehmbarem Akku.","breadcrumb":{"@id":"https:\/\/www.der-mopedladen.de\/?p=21155#breadcrumb"},"inLanguage":"de","potentialAction":[{"@type":"ReadAction","target":["https:\/\/www.der-mopedladen.de\/?p=21155"]}]},{"@type":"ImageObject","inLanguage":"de","@id":"https:\/\/www.der-mopedladen.de\/?p=21155#primaryimage","url":"https:\/\/www.der-mopedladen.de\/wp-content\/uploads\/2025\/01\/vespa-primavera-elettrica-gruen.jpg","contentUrl":"https:\/\/www.der-mopedladen.de\/wp-content\/uploads\/2025\/01\/vespa-primavera-elettrica-gruen.jpg","width":1500,"height":1000},{"@type":"BreadcrumbList","@id":"https:\/\/www.der-mopedladen.de\/?p=21155#breadcrumb","itemListElement":[{"@type":"ListItem","position":1,"name":"Startseite","item":"https:\/\/www.der-mopedladen.de\/"},{"@type":"ListItem","position":2,"name":"Vespa Primavera Elettrica . . . . . . . ab 4999 statt 5199 \u20ac"}]},{"@type":"WebSite","@id":"https:\/\/www.der-mopedladen.de\/#website","url":"https:\/\/www.der-mopedladen.de\/","name":"","description":"","publisher":{"@id":"https:\/\/www.der-mopedladen.de\/#organization"},"potentialAction":[{"@type":"SearchAction","target":{"@type":"EntryPoint","urlTemplate":"https:\/\/www.der-mopedladen.de\/?s={search_term_string}"},"query-input":{"@type":"PropertyValueSpecification","valueRequired":true,"valueName":"search_term_string"}}],"inLanguage":"de"},{"@type":"Organization","@id":"https:\/\/www.der-mopedladen.de\/#organization","name":"Der Mopedladen OHG","url":"https:\/\/www.der-mopedladen.de\/","logo":{"@type":"ImageObject","inLanguage":"de","@id":"https:\/\/www.der-mopedladen.de\/#\/schema\/logo\/image\/","url":"https:\/\/www.der-mopedladen.de\/wp-content\/uploads\/2021\/04\/Logo-DerMopedladen_ZW_CMYK-50x36mm.jpg","contentUrl":"https:\/\/www.der-mopedladen.de\/wp-content\/uploads\/2021\/04\/Logo-DerMopedladen_ZW_CMYK-50x36mm.jpg","width":602,"height":437,"caption":"Der Mopedladen OHG"},"image":{"@id":"https:\/\/www.der-mopedladen.de\/#\/schema\/logo\/image\/"}},{"@type":"Person","@id":"https:\/\/www.der-mopedladen.de\/#\/schema\/person\/4d0c0c9ed7d36464398049539cfdc1c0","name":"Carsten Maluche","image":{"@type":"ImageObject","inLanguage":"de","@id":"https:\/\/www.der-mopedladen.de\/#\/schema\/person\/image\/","url":"https:\/\/secure.gravatar.com\/avatar\/a535b4a133389f55485f0a633a5968f3d69e644503b1fed0e6aa81083975d04a?s=96&d=mm&r=g","contentUrl":"https:\/\/secure.gravatar.com\/avatar\/a535b4a133389f55485f0a633a5968f3d69e644503b1fed0e6aa81083975d04a?s=96&d=mm&r=g","caption":"Carsten Maluche"}}]}},"_links":{"self":[{"href":"https:\/\/www.der-mopedladen.de\/index.php?rest_route=\/wp\/v2\/posts\/21155","targetHints":{"allow":["GET"]}}],"collection":[{"href":"https:\/\/www.der-mopedladen.de\/index.php?rest_route=\/wp\/v2\/posts"}],"about":[{"href":"https:\/\/www.der-mopedladen.de\/index.php?rest_route=\/wp\/v2\/types\/post"}],"author":[{"embeddable":true,"href":"https:\/\/www.der-mopedladen.de\/index.php?rest_route=\/wp\/v2\/users\/2"}],"replies":[{"embeddable":true,"href":"https:\/\/www.der-mopedladen.de\/index.php?rest_route=%2Fwp%2Fv2%2Fcomments&post=21155"}],"version-history":[{"count":0,"href":"https:\/\/www.der-mopedladen.de\/index.php?rest_route=\/wp\/v2\/posts\/21155\/revisions"}],"wp:featuredmedia":[{"embeddable":true,"href":"https:\/\/www.der-mopedladen.de\/index.php?rest_route=\/wp\/v2\/media\/21145"}],"wp:attachment":[{"href":"https:\/\/www.der-mopedladen.de\/index.php?rest_route=%2Fwp%2Fv2%2Fmedia&parent=21155"}],"wp:term":[{"taxonomy":"category","embeddable":true,"href":"https:\/\/www.der-mopedladen.de\/index.php?rest_route=%2Fwp%2Fv2%2Fcategories&post=21155"},{"taxonomy":"post_tag","embeddable":true,"href":"https:\/\/www.der-mopedladen.de\/index.php?rest_route=%2Fwp%2Fv2%2Ftags&post=21155"}],"curies":[{"name":"wp","href":"https:\/\/api.w.org\/{rel}","templated":true}]}}