{"id":2112,"date":"2025-03-19T17:26:12","date_gmt":"2025-03-19T16:26:12","guid":{"rendered":"http:\/\/www.der-mopedladen.de\/?p=2112"},"modified":"2026-03-24T16:13:55","modified_gmt":"2026-03-24T15:13:55","slug":"kymco-ak575","status":"publish","type":"post","link":"https:\/\/www.der-mopedladen.de\/?p=2112","title":{"rendered":"KYMCO AK 575i ABS Premium . . . . . . . 11719 statt 12719 \u20ac"},"content":{"rendered":"<div id=\"c4020\" class=\"csc-default csc-space\">\n<div id=\"c4020\" class=\"csc-default csc-space\">\n<header class=\"removePadding\">\n<h3 class=\"subheader\"><b>Bis zum 30.06.2026 gibts den neuen Kymco AK 575i ABS Premium f\u00fcr 11719,- statt 12719,-Euro! Satte 1000 \u20ac Rabatt!<\/b><\/h3>\n<h3 class=\"subheader\"><b>KYMCO AK 575i ABS Premium \u2013 Touring in seiner sch\u00f6nsten Form.<\/b><\/h3>\n<\/header>\n<div class=\"ce-textpic ce-center ce-below removePadding\">\n<div class=\"ce-bodytext\">\n<p>Der neue KYMCO AK 575i ABS Premium setzt neue Ma\u00dfst\u00e4be unter den Maxi\u2011Scootern: Hier trifft Sportler-DNA auf Pendlerkomfort. Zwei Zylinder, 574 Kubik und rund 52 PS bringen ruhige Power auf die Stra\u00dfe, w\u00e4hrend eine fl\u00fcssigkeitsgek\u00fchlte High\u2011Performance\u2011Maschine konstante Leistung liefert. Dank Ride-by-Wire-System stehen gleich drei Fahrmodi zur Verf\u00fcgung \u2013 Sport, Rain und Full Power \u2013 f\u00fcr individuelles Fahrverhalten in jeder Situation.<\/p>\n<p>Das Kurven\u2011ABS plus Advanced Intelligent Braking System geben Sicherheit, wenn es sportlich wird \u2013 und das vollelektrisch verstellbare Windschild sch\u00fctzt vor Winddruck und Wetter. Auch der Komfort bleibt nicht auf der Strecke: Beheizbare Griffe und eine integrierte R\u00fcckenlehne machen selbst lange Fahrten angenehm \u2013 und dank Keyless-System startet der Roller bequem auf Knopfdruck, ganz ohne Schl\u00fcssel.<\/p>\n<p>Das LED\u2011Volllicht sorgt f\u00fcr brillante Sicht, das moderne LCD\u2011Display h\u00e4lt alle Infos im Blick. Unter dem Sitz findet ein Integralhelm Platz, f\u00fcr Kleinkram steht ein zus\u00e4tzliches Ablagefach mit USB-Anschluss bereit.<\/p>\n<p>Mit angenehmer Sitzh\u00f6he (ca. 790 mm), stabilem Aluminiumrahmen, rund 238 kg Leergewicht und gro\u00dfem Tank ist der KYMCO AK 575i ABS Premium nicht einfach nur ein Upgrade \u2013 er ist KYMCOs Statement: Maxi-Scooter, Maxi-Performance, Maxi-Komfort! F\u00fcr alle, die mehr wollen: Charakter, Tempo und Stil \u2013 vereint in einem kraftvoll-souver\u00e4nen Auftritt.<\/p>\n<\/div>\n<\/div>\n<ul>\n<li class=\"bodytext\"><strong>3 Jahre Garantie<\/strong><\/li>\n<li>Offener Riemenantrieb und Zweizylinder Hochleistungsmotor f\u00fcr eine geschmeidige, reaktionsschnelle Leistungsentfaltung.<\/li>\n<li>elektrisch verstellbares Windschild<\/li>\n<li>Traktionskontrolle (TCS)<\/li>\n<li>BOSCH-Kurven-ABS<\/li>\n<li>Heizgriffe<\/li>\n<li>Komplette LED Beleuchtung<\/li>\n<\/ul>\n<p>Zubeh\u00f6r:<\/p>\n<p>Topcasetr\u00e4ger, R\u00fcckenlehne, SHAD-Koffertr\u00e4ger und Koffer<\/p>\n<p><span style=\"color: revert; font-size: revert; font-weight: revert;\">Fahrzeugdetails<\/span><\/p>\n<div id=\"c4026\" class=\"csc-default csc-space\">\n<table class=\"fahrzeugdaten\">\n<tbody>\n<tr>\n<td>F\u00fchrerschein<\/td>\n<td>A<\/td>\n<\/tr>\n<tr>\n<td>Leistung<\/td>\n<td>38,5 kW \/ 52 PS<\/td>\n<\/tr>\n<tr>\n<td>Sitzh\u00f6he<\/td>\n<td>790 mm<\/td>\n<\/tr>\n<tr>\n<td>H\u00f6chstgeschwindigkeit<\/td>\n<td>160 km\/h<\/td>\n<\/tr>\n<tr>\n<td>Leer-\/Gesamtgewicht<\/td>\n<td>238 kg (fahrbereit) \/ 403 kg<\/td>\n<\/tr>\n<tr>\n<td>Farben<\/td>\n<td>Schwarz-Matt, Dunkelgrau-Matt<\/td>\n<\/tr>\n<\/tbody>\n<\/table>\n<\/div>\n<div class=\"finanzierungsWrap\">\n<div id=\"c4019\" class=\"csc-default csc-space\">\n<div class=\"csc-header csc-header-n1\">\n<h3>Finanzierung<\/h3>\n<\/div>\n<table class=\"fahrzeugdaten\" style=\"width: 100%;\">\n<tbody>\n<tr>\n<td style=\"width: 80.2381%;\">0% Finanzierung \u00fcber Creditplus-Bank m\u00f6glich! (Anzahlung 4000 \u20ac und Laufzeit 24 Monate)<\/td>\n<td style=\"width: 18.8095%;\"><\/td>\n<\/tr>\n<\/tbody>\n<\/table>\n<\/div>\n<\/div>\n<div id=\"envira-gallery-wrap-9017\" class=\"envira-gallery-wrap envira-gallery-theme-base envira-lightbox-theme-base\" itemscope itemtype=\"https:\/\/schema.org\/ImageGallery\"><div data-row-height=\"150\" data-gallery-theme=\"normal\" id=\"envira-gallery-9017\" class=\"envira-gallery-public envira-gallery-justified-public envira-gallery-0-columns envira-clear enviratope envira-gallery-css-animations\" data-envira-columns=\"0\"><div id=\"envira-gallery-item-22944\" class=\"envira-gallery-item enviratope-item envira-gallery-item-1 envira-lazy-load\" style=\"padding-left: 5px; padding-bottom: 10px; padding-right: 5px;\"  itemscope itemtype=\"https:\/\/schema.org\/ImageObject\"><div class=\"envira-gallery-item-inner\"><div class=\"envira-gallery-position-overlay  envira-gallery-top-left\"><\/div><div class=\"envira-gallery-position-overlay  envira-gallery-top-right\"><\/div><div class=\"envira-gallery-position-overlay  envira-gallery-bottom-left\"><\/div><div class=\"envira-gallery-position-overlay  envira-gallery-bottom-right\"><\/div><a href=\"https:\/\/www.der-mopedladen.de\/wp-content\/uploads\/2025\/11\/KYMCO_AK_575i_ABS_Premium_schwarz_matt_2025_02-scaled.jpg\" class=\"envira-gallery-9017 envira-gallery-link\" rel=\"enviragallery9017\" title=\"KYMCO_AK_575i_ABS_Premium_schwarz_matt_2025_02\" data-envira-caption=\"KYMCO_AK_575i_ABS_Premium_schwarz_matt_2025_02\" data-envira-retina=\"\" data-thumbnail=\"\"  itemprop=\"contentUrl\"><img decoding=\"async\" id=\"envira-gallery-image-22944\" class=\"envira-gallery-image envira-gallery-image-1 envira-normal envira-lazy\" data-envira-index=\"1\" src=\"https:\/\/www.der-mopedladen.de\/wp-content\/uploads\/2025\/11\/KYMCO_AK_575i_ABS_Premium_schwarz_matt_2025_02-1024x683-640x480.jpg\" data-envira-src=\"https:\/\/www.der-mopedladen.de\/wp-content\/uploads\/2025\/11\/KYMCO_AK_575i_ABS_Premium_schwarz_matt_2025_02-1024x683-640x480.jpg\" data-envira-gallery-id=\"9017\" data-envira-item-id=\"22944\" data-envira-caption=\"KYMCO_AK_575i_ABS_Premium_schwarz_matt_2025_02\" alt=\"\" title=\"KYMCO_AK_575i_ABS_Premium_schwarz_matt_2025_02\"  itemprop=\"thumbnailUrl\" data-envira-srcset=\"https:\/\/www.der-mopedladen.de\/wp-content\/uploads\/2025\/11\/KYMCO_AK_575i_ABS_Premium_schwarz_matt_2025_02-1024x683-640x480.jpg 400w,https:\/\/www.der-mopedladen.de\/wp-content\/uploads\/2025\/11\/KYMCO_AK_575i_ABS_Premium_schwarz_matt_2025_02-1024x683-640x480.jpg 2x\" data-envira-width=\"300\" data-envira-height=\"200\" srcset=\"data:image\/gif;base64,R0lGODlhAQABAIAAAP\/\/\/\/\/\/\/yH5BAEKAAEALAAAAAABAAEAAAICTAEAOw==\" data-safe-src=\"data:image\/gif;base64,R0lGODlhAQABAIAAAP\/\/\/\/\/\/\/yH5BAEKAAEALAAAAAABAAEAAAICTAEAOw==\" \/><\/a><\/div><\/div><div id=\"envira-gallery-item-22940\" class=\"envira-gallery-item enviratope-item envira-gallery-item-2 envira-lazy-load\" style=\"padding-left: 5px; padding-bottom: 10px; padding-right: 5px;\"  itemscope itemtype=\"https:\/\/schema.org\/ImageObject\"><div class=\"envira-gallery-item-inner\"><div class=\"envira-gallery-position-overlay  envira-gallery-top-left\"><\/div><div class=\"envira-gallery-position-overlay  envira-gallery-top-right\"><\/div><div class=\"envira-gallery-position-overlay  envira-gallery-bottom-left\"><\/div><div class=\"envira-gallery-position-overlay  envira-gallery-bottom-right\"><\/div><a href=\"https:\/\/www.der-mopedladen.de\/wp-content\/uploads\/2025\/11\/KYMCO_AK_575i_ABS_Premium_dark_gray_metallic_matt_2025_02.png\" class=\"envira-gallery-9017 envira-gallery-link\" rel=\"enviragallery9017\" title=\"KYMCO_AK_575i_ABS_Premium_dark_gray_metallic_matt_2025_02\" data-envira-caption=\"KYMCO_AK_575i_ABS_Premium_dark_gray_metallic_matt_2025_02\" data-envira-retina=\"\" data-thumbnail=\"\"  itemprop=\"contentUrl\"><img decoding=\"async\" id=\"envira-gallery-image-22940\" class=\"envira-gallery-image envira-gallery-image-2 envira-normal envira-lazy\" data-envira-index=\"2\" src=\"https:\/\/www.der-mopedladen.de\/wp-content\/uploads\/2025\/11\/KYMCO_AK_575i_ABS_Premium_dark_gray_metallic_matt_2025_02-1024x683-640x480.png\" data-envira-src=\"https:\/\/www.der-mopedladen.de\/wp-content\/uploads\/2025\/11\/KYMCO_AK_575i_ABS_Premium_dark_gray_metallic_matt_2025_02-1024x683-640x480.png\" data-envira-gallery-id=\"9017\" data-envira-item-id=\"22940\" data-envira-caption=\"KYMCO_AK_575i_ABS_Premium_dark_gray_metallic_matt_2025_02\" alt=\"\" title=\"KYMCO_AK_575i_ABS_Premium_dark_gray_metallic_matt_2025_02\"  itemprop=\"thumbnailUrl\" data-envira-srcset=\"https:\/\/www.der-mopedladen.de\/wp-content\/uploads\/2025\/11\/KYMCO_AK_575i_ABS_Premium_dark_gray_metallic_matt_2025_02-1024x683-640x480.png 400w,https:\/\/www.der-mopedladen.de\/wp-content\/uploads\/2025\/11\/KYMCO_AK_575i_ABS_Premium_dark_gray_metallic_matt_2025_02-1024x683-640x480.png 2x\" data-envira-width=\"300\" data-envira-height=\"200\" srcset=\"data:image\/gif;base64,R0lGODlhAQABAIAAAP\/\/\/\/\/\/\/yH5BAEKAAEALAAAAAABAAEAAAICTAEAOw==\" data-safe-src=\"data:image\/gif;base64,R0lGODlhAQABAIAAAP\/\/\/\/\/\/\/yH5BAEKAAEALAAAAAABAAEAAAICTAEAOw==\" \/><\/a><\/div><\/div><div id=\"envira-gallery-item-22945\" class=\"envira-gallery-item enviratope-item envira-gallery-item-3 envira-lazy-load\" style=\"padding-left: 5px; padding-bottom: 10px; padding-right: 5px;\"  itemscope itemtype=\"https:\/\/schema.org\/ImageObject\"><div class=\"envira-gallery-item-inner\"><div class=\"envira-gallery-position-overlay  envira-gallery-top-left\"><\/div><div class=\"envira-gallery-position-overlay  envira-gallery-top-right\"><\/div><div class=\"envira-gallery-position-overlay  envira-gallery-bottom-left\"><\/div><div class=\"envira-gallery-position-overlay  envira-gallery-bottom-right\"><\/div><a href=\"https:\/\/www.der-mopedladen.de\/wp-content\/uploads\/2025\/11\/KYMCO_AK_575i_ABS_Premium_schwarz_matt_2025_01-scaled.jpg\" class=\"envira-gallery-9017 envira-gallery-link\" rel=\"enviragallery9017\" title=\"KYMCO_AK_575i_ABS_Premium_schwarz_matt_2025_01\" data-envira-caption=\"KYMCO_AK_575i_ABS_Premium_schwarz_matt_2025_01\" data-envira-retina=\"\" data-thumbnail=\"\"  itemprop=\"contentUrl\"><img decoding=\"async\" id=\"envira-gallery-image-22945\" class=\"envira-gallery-image envira-gallery-image-3 envira-normal envira-lazy\" data-envira-index=\"3\" src=\"https:\/\/www.der-mopedladen.de\/wp-content\/uploads\/2025\/11\/KYMCO_AK_575i_ABS_Premium_schwarz_matt_2025_01-1024x683-640x480.jpg\" data-envira-src=\"https:\/\/www.der-mopedladen.de\/wp-content\/uploads\/2025\/11\/KYMCO_AK_575i_ABS_Premium_schwarz_matt_2025_01-1024x683-640x480.jpg\" data-envira-gallery-id=\"9017\" data-envira-item-id=\"22945\" data-envira-caption=\"KYMCO_AK_575i_ABS_Premium_schwarz_matt_2025_01\" alt=\"\" title=\"KYMCO_AK_575i_ABS_Premium_schwarz_matt_2025_01\"  itemprop=\"thumbnailUrl\" data-envira-srcset=\"https:\/\/www.der-mopedladen.de\/wp-content\/uploads\/2025\/11\/KYMCO_AK_575i_ABS_Premium_schwarz_matt_2025_01-1024x683-640x480.jpg 400w,https:\/\/www.der-mopedladen.de\/wp-content\/uploads\/2025\/11\/KYMCO_AK_575i_ABS_Premium_schwarz_matt_2025_01-1024x683-640x480.jpg 2x\" data-envira-width=\"300\" data-envira-height=\"200\" srcset=\"data:image\/gif;base64,R0lGODlhAQABAIAAAP\/\/\/\/\/\/\/yH5BAEKAAEALAAAAAABAAEAAAICTAEAOw==\" data-safe-src=\"data:image\/gif;base64,R0lGODlhAQABAIAAAP\/\/\/\/\/\/\/yH5BAEKAAEALAAAAAABAAEAAAICTAEAOw==\" \/><\/a><\/div><\/div><div id=\"envira-gallery-item-22941\" class=\"envira-gallery-item enviratope-item envira-gallery-item-4 envira-lazy-load\" style=\"padding-left: 5px; padding-bottom: 10px; padding-right: 5px;\"  itemscope itemtype=\"https:\/\/schema.org\/ImageObject\"><div class=\"envira-gallery-item-inner\"><div class=\"envira-gallery-position-overlay  envira-gallery-top-left\"><\/div><div class=\"envira-gallery-position-overlay  envira-gallery-top-right\"><\/div><div class=\"envira-gallery-position-overlay  envira-gallery-bottom-left\"><\/div><div class=\"envira-gallery-position-overlay  envira-gallery-bottom-right\"><\/div><a href=\"https:\/\/www.der-mopedladen.de\/wp-content\/uploads\/2025\/11\/KYMCO_AK_575i_ABS_Premium_dark_gray_metallic_matt_2025_01.png\" class=\"envira-gallery-9017 envira-gallery-link\" rel=\"enviragallery9017\" title=\"KYMCO_AK_575i_ABS_Premium_dark_gray_metallic_matt_2025_01\" data-envira-caption=\"KYMCO_AK_575i_ABS_Premium_dark_gray_metallic_matt_2025_01\" data-envira-retina=\"\" data-thumbnail=\"\"  itemprop=\"contentUrl\"><img decoding=\"async\" id=\"envira-gallery-image-22941\" class=\"envira-gallery-image envira-gallery-image-4 envira-normal envira-lazy\" data-envira-index=\"4\" src=\"https:\/\/www.der-mopedladen.de\/wp-content\/uploads\/2025\/11\/KYMCO_AK_575i_ABS_Premium_dark_gray_metallic_matt_2025_01-1024x683-640x480.png\" data-envira-src=\"https:\/\/www.der-mopedladen.de\/wp-content\/uploads\/2025\/11\/KYMCO_AK_575i_ABS_Premium_dark_gray_metallic_matt_2025_01-1024x683-640x480.png\" data-envira-gallery-id=\"9017\" data-envira-item-id=\"22941\" data-envira-caption=\"KYMCO_AK_575i_ABS_Premium_dark_gray_metallic_matt_2025_01\" alt=\"\" title=\"KYMCO_AK_575i_ABS_Premium_dark_gray_metallic_matt_2025_01\"  itemprop=\"thumbnailUrl\" data-envira-srcset=\"https:\/\/www.der-mopedladen.de\/wp-content\/uploads\/2025\/11\/KYMCO_AK_575i_ABS_Premium_dark_gray_metallic_matt_2025_01-1024x683-640x480.png 400w,https:\/\/www.der-mopedladen.de\/wp-content\/uploads\/2025\/11\/KYMCO_AK_575i_ABS_Premium_dark_gray_metallic_matt_2025_01-1024x683-640x480.png 2x\" data-envira-width=\"300\" data-envira-height=\"200\" srcset=\"data:image\/gif;base64,R0lGODlhAQABAIAAAP\/\/\/\/\/\/\/yH5BAEKAAEALAAAAAABAAEAAAICTAEAOw==\" data-safe-src=\"data:image\/gif;base64,R0lGODlhAQABAIAAAP\/\/\/\/\/\/\/yH5BAEKAAEALAAAAAABAAEAAAICTAEAOw==\" \/><\/a><\/div><\/div><div id=\"envira-gallery-item-22943\" class=\"envira-gallery-item enviratope-item envira-gallery-item-5 envira-lazy-load\" style=\"padding-left: 5px; padding-bottom: 10px; padding-right: 5px;\"  itemscope itemtype=\"https:\/\/schema.org\/ImageObject\"><div class=\"envira-gallery-item-inner\"><div class=\"envira-gallery-position-overlay  envira-gallery-top-left\"><\/div><div class=\"envira-gallery-position-overlay  envira-gallery-top-right\"><\/div><div class=\"envira-gallery-position-overlay  envira-gallery-bottom-left\"><\/div><div class=\"envira-gallery-position-overlay  envira-gallery-bottom-right\"><\/div><a href=\"https:\/\/www.der-mopedladen.de\/wp-content\/uploads\/2025\/11\/KYMCO_AK_575i_ABS_Premium_schwarz_matt_2025_04-scaled.jpg\" class=\"envira-gallery-9017 envira-gallery-link\" rel=\"enviragallery9017\" title=\"KYMCO_AK_575i_ABS_Premium_schwarz_matt_2025_04\" data-envira-caption=\"KYMCO_AK_575i_ABS_Premium_schwarz_matt_2025_04\" data-envira-retina=\"\" data-thumbnail=\"\"  itemprop=\"contentUrl\"><img decoding=\"async\" id=\"envira-gallery-image-22943\" class=\"envira-gallery-image envira-gallery-image-5 envira-normal envira-lazy\" data-envira-index=\"5\" src=\"https:\/\/www.der-mopedladen.de\/wp-content\/uploads\/2025\/11\/KYMCO_AK_575i_ABS_Premium_schwarz_matt_2025_04-1024x683-640x480.jpg\" data-envira-src=\"https:\/\/www.der-mopedladen.de\/wp-content\/uploads\/2025\/11\/KYMCO_AK_575i_ABS_Premium_schwarz_matt_2025_04-1024x683-640x480.jpg\" data-envira-gallery-id=\"9017\" data-envira-item-id=\"22943\" data-envira-caption=\"KYMCO_AK_575i_ABS_Premium_schwarz_matt_2025_04\" alt=\"\" title=\"KYMCO_AK_575i_ABS_Premium_schwarz_matt_2025_04\"  itemprop=\"thumbnailUrl\" data-envira-srcset=\"https:\/\/www.der-mopedladen.de\/wp-content\/uploads\/2025\/11\/KYMCO_AK_575i_ABS_Premium_schwarz_matt_2025_04-1024x683-640x480.jpg 400w,https:\/\/www.der-mopedladen.de\/wp-content\/uploads\/2025\/11\/KYMCO_AK_575i_ABS_Premium_schwarz_matt_2025_04-1024x683-640x480.jpg 2x\" data-envira-width=\"300\" data-envira-height=\"200\" srcset=\"data:image\/gif;base64,R0lGODlhAQABAIAAAP\/\/\/\/\/\/\/yH5BAEKAAEALAAAAAABAAEAAAICTAEAOw==\" data-safe-src=\"data:image\/gif;base64,R0lGODlhAQABAIAAAP\/\/\/\/\/\/\/yH5BAEKAAEALAAAAAABAAEAAAICTAEAOw==\" \/><\/a><\/div><\/div><div id=\"envira-gallery-item-22938\" class=\"envira-gallery-item enviratope-item envira-gallery-item-6 envira-lazy-load\" style=\"padding-left: 5px; padding-bottom: 10px; padding-right: 5px;\"  itemscope itemtype=\"https:\/\/schema.org\/ImageObject\"><div class=\"envira-gallery-item-inner\"><div class=\"envira-gallery-position-overlay  envira-gallery-top-left\"><\/div><div class=\"envira-gallery-position-overlay  envira-gallery-top-right\"><\/div><div class=\"envira-gallery-position-overlay  envira-gallery-bottom-left\"><\/div><div class=\"envira-gallery-position-overlay  envira-gallery-bottom-right\"><\/div><a href=\"https:\/\/www.der-mopedladen.de\/wp-content\/uploads\/2025\/11\/KYMCO_AK_575i_ABS_Premium_dark_gray_metallic_matt_2025_04.png\" class=\"envira-gallery-9017 envira-gallery-link\" rel=\"enviragallery9017\" title=\"KYMCO_AK_575i_ABS_Premium_dark_gray_metallic_matt_2025_04\" data-envira-caption=\"KYMCO_AK_575i_ABS_Premium_dark_gray_metallic_matt_2025_04\" data-envira-retina=\"\" data-thumbnail=\"\"  itemprop=\"contentUrl\"><img decoding=\"async\" id=\"envira-gallery-image-22938\" class=\"envira-gallery-image envira-gallery-image-6 envira-normal envira-lazy\" data-envira-index=\"6\" src=\"https:\/\/www.der-mopedladen.de\/wp-content\/uploads\/2025\/11\/KYMCO_AK_575i_ABS_Premium_dark_gray_metallic_matt_2025_04-1024x683-640x480.png\" data-envira-src=\"https:\/\/www.der-mopedladen.de\/wp-content\/uploads\/2025\/11\/KYMCO_AK_575i_ABS_Premium_dark_gray_metallic_matt_2025_04-1024x683-640x480.png\" data-envira-gallery-id=\"9017\" data-envira-item-id=\"22938\" data-envira-caption=\"KYMCO_AK_575i_ABS_Premium_dark_gray_metallic_matt_2025_04\" alt=\"\" title=\"KYMCO_AK_575i_ABS_Premium_dark_gray_metallic_matt_2025_04\"  itemprop=\"thumbnailUrl\" data-envira-srcset=\"https:\/\/www.der-mopedladen.de\/wp-content\/uploads\/2025\/11\/KYMCO_AK_575i_ABS_Premium_dark_gray_metallic_matt_2025_04-1024x683-640x480.png 400w,https:\/\/www.der-mopedladen.de\/wp-content\/uploads\/2025\/11\/KYMCO_AK_575i_ABS_Premium_dark_gray_metallic_matt_2025_04-1024x683-640x480.png 2x\" data-envira-width=\"300\" data-envira-height=\"200\" srcset=\"data:image\/gif;base64,R0lGODlhAQABAIAAAP\/\/\/\/\/\/\/yH5BAEKAAEALAAAAAABAAEAAAICTAEAOw==\" data-safe-src=\"data:image\/gif;base64,R0lGODlhAQABAIAAAP\/\/\/\/\/\/\/yH5BAEKAAEALAAAAAABAAEAAAICTAEAOw==\" \/><\/a><\/div><\/div><div id=\"envira-gallery-item-22942\" class=\"envira-gallery-item enviratope-item envira-gallery-item-7 envira-lazy-load\" style=\"padding-left: 5px; padding-bottom: 10px; padding-right: 5px;\"  itemscope itemtype=\"https:\/\/schema.org\/ImageObject\"><div class=\"envira-gallery-item-inner\"><div class=\"envira-gallery-position-overlay  envira-gallery-top-left\"><\/div><div class=\"envira-gallery-position-overlay  envira-gallery-top-right\"><\/div><div class=\"envira-gallery-position-overlay  envira-gallery-bottom-left\"><\/div><div class=\"envira-gallery-position-overlay  envira-gallery-bottom-right\"><\/div><a href=\"https:\/\/www.der-mopedladen.de\/wp-content\/uploads\/2025\/11\/KYMCO_AK_575i_ABS_Premium_schwarz_matt_2025_05-scaled.jpg\" class=\"envira-gallery-9017 envira-gallery-link\" rel=\"enviragallery9017\" title=\"KYMCO_AK_575i_ABS_Premium_schwarz_matt_2025_05\" data-envira-caption=\"KYMCO_AK_575i_ABS_Premium_schwarz_matt_2025_05\" data-envira-retina=\"\" data-thumbnail=\"\"  itemprop=\"contentUrl\"><img decoding=\"async\" id=\"envira-gallery-image-22942\" class=\"envira-gallery-image envira-gallery-image-7 envira-normal envira-lazy\" data-envira-index=\"7\" src=\"https:\/\/www.der-mopedladen.de\/wp-content\/uploads\/2025\/11\/KYMCO_AK_575i_ABS_Premium_schwarz_matt_2025_05-1024x683-640x480.jpg\" data-envira-src=\"https:\/\/www.der-mopedladen.de\/wp-content\/uploads\/2025\/11\/KYMCO_AK_575i_ABS_Premium_schwarz_matt_2025_05-1024x683-640x480.jpg\" data-envira-gallery-id=\"9017\" data-envira-item-id=\"22942\" data-envira-caption=\"KYMCO_AK_575i_ABS_Premium_schwarz_matt_2025_05\" alt=\"\" title=\"KYMCO_AK_575i_ABS_Premium_schwarz_matt_2025_05\"  itemprop=\"thumbnailUrl\" data-envira-srcset=\"https:\/\/www.der-mopedladen.de\/wp-content\/uploads\/2025\/11\/KYMCO_AK_575i_ABS_Premium_schwarz_matt_2025_05-1024x683-640x480.jpg 400w,https:\/\/www.der-mopedladen.de\/wp-content\/uploads\/2025\/11\/KYMCO_AK_575i_ABS_Premium_schwarz_matt_2025_05-1024x683-640x480.jpg 2x\" data-envira-width=\"300\" data-envira-height=\"200\" srcset=\"data:image\/gif;base64,R0lGODlhAQABAIAAAP\/\/\/\/\/\/\/yH5BAEKAAEALAAAAAABAAEAAAICTAEAOw==\" data-safe-src=\"data:image\/gif;base64,R0lGODlhAQABAIAAAP\/\/\/\/\/\/\/yH5BAEKAAEALAAAAAABAAEAAAICTAEAOw==\" \/><\/a><\/div><\/div><div id=\"envira-gallery-item-22939\" class=\"envira-gallery-item enviratope-item envira-gallery-item-8 envira-lazy-load\" style=\"padding-left: 5px; padding-bottom: 10px; padding-right: 5px;\"  itemscope itemtype=\"https:\/\/schema.org\/ImageObject\"><div class=\"envira-gallery-item-inner\"><div class=\"envira-gallery-position-overlay  envira-gallery-top-left\"><\/div><div class=\"envira-gallery-position-overlay  envira-gallery-top-right\"><\/div><div class=\"envira-gallery-position-overlay  envira-gallery-bottom-left\"><\/div><div class=\"envira-gallery-position-overlay  envira-gallery-bottom-right\"><\/div><a href=\"https:\/\/www.der-mopedladen.de\/wp-content\/uploads\/2025\/11\/KYMCO_AK_575i_ABS_Premium_dark_gray_metallic_matt_2025_05.png\" class=\"envira-gallery-9017 envira-gallery-link\" rel=\"enviragallery9017\" title=\"KYMCO_AK_575i_ABS_Premium_dark_gray_metallic_matt_2025_05\" data-envira-caption=\"KYMCO_AK_575i_ABS_Premium_dark_gray_metallic_matt_2025_05\" data-envira-retina=\"\" data-thumbnail=\"\"  itemprop=\"contentUrl\"><img decoding=\"async\" id=\"envira-gallery-image-22939\" class=\"envira-gallery-image envira-gallery-image-8 envira-normal envira-lazy\" data-envira-index=\"8\" src=\"https:\/\/www.der-mopedladen.de\/wp-content\/uploads\/2025\/11\/KYMCO_AK_575i_ABS_Premium_dark_gray_metallic_matt_2025_05-1024x683-640x480.png\" data-envira-src=\"https:\/\/www.der-mopedladen.de\/wp-content\/uploads\/2025\/11\/KYMCO_AK_575i_ABS_Premium_dark_gray_metallic_matt_2025_05-1024x683-640x480.png\" data-envira-gallery-id=\"9017\" data-envira-item-id=\"22939\" data-envira-caption=\"KYMCO_AK_575i_ABS_Premium_dark_gray_metallic_matt_2025_05\" alt=\"\" title=\"KYMCO_AK_575i_ABS_Premium_dark_gray_metallic_matt_2025_05\"  itemprop=\"thumbnailUrl\" data-envira-srcset=\"https:\/\/www.der-mopedladen.de\/wp-content\/uploads\/2025\/11\/KYMCO_AK_575i_ABS_Premium_dark_gray_metallic_matt_2025_05-1024x683-640x480.png 400w,https:\/\/www.der-mopedladen.de\/wp-content\/uploads\/2025\/11\/KYMCO_AK_575i_ABS_Premium_dark_gray_metallic_matt_2025_05-1024x683-640x480.png 2x\" data-envira-width=\"300\" data-envira-height=\"200\" srcset=\"data:image\/gif;base64,R0lGODlhAQABAIAAAP\/\/\/\/\/\/\/yH5BAEKAAEALAAAAAABAAEAAAICTAEAOw==\" data-safe-src=\"data:image\/gif;base64,R0lGODlhAQABAIAAAP\/\/\/\/\/\/\/yH5BAEKAAEALAAAAAABAAEAAAICTAEAOw==\" \/><\/a><\/div><\/div><\/div><\/div><noscript><img decoding=\"async\" src=\"https:\/\/www.der-mopedladen.de\/wp-content\/uploads\/2025\/11\/KYMCO_AK_575i_ABS_Premium_schwarz_matt_2025_02-scaled.jpg\" alt=\"\" \/><img decoding=\"async\" src=\"https:\/\/www.der-mopedladen.de\/wp-content\/uploads\/2025\/11\/KYMCO_AK_575i_ABS_Premium_dark_gray_metallic_matt_2025_02.png\" alt=\"\" \/><img decoding=\"async\" src=\"https:\/\/www.der-mopedladen.de\/wp-content\/uploads\/2025\/11\/KYMCO_AK_575i_ABS_Premium_schwarz_matt_2025_01-scaled.jpg\" alt=\"\" \/><img decoding=\"async\" src=\"https:\/\/www.der-mopedladen.de\/wp-content\/uploads\/2025\/11\/KYMCO_AK_575i_ABS_Premium_dark_gray_metallic_matt_2025_01.png\" alt=\"\" \/><img decoding=\"async\" src=\"https:\/\/www.der-mopedladen.de\/wp-content\/uploads\/2025\/11\/KYMCO_AK_575i_ABS_Premium_schwarz_matt_2025_04-scaled.jpg\" alt=\"\" \/><img decoding=\"async\" src=\"https:\/\/www.der-mopedladen.de\/wp-content\/uploads\/2025\/11\/KYMCO_AK_575i_ABS_Premium_dark_gray_metallic_matt_2025_04.png\" alt=\"\" \/><img decoding=\"async\" src=\"https:\/\/www.der-mopedladen.de\/wp-content\/uploads\/2025\/11\/KYMCO_AK_575i_ABS_Premium_schwarz_matt_2025_05-scaled.jpg\" alt=\"\" \/><img decoding=\"async\" src=\"https:\/\/www.der-mopedladen.de\/wp-content\/uploads\/2025\/11\/KYMCO_AK_575i_ABS_Premium_dark_gray_metallic_matt_2025_05.png\" alt=\"\" \/><\/noscript>\n<\/div>\n<\/div>\n","protected":false},"excerpt":{"rendered":"<p>Bis zum 30.06.2026 gibts den neuen Kymco AK 575i ABS Premium f\u00fcr 11719,- statt 12719,-Euro! Satte 1000 \u20ac Rabatt! KYMCO AK 575i ABS Premium \u2013\u2026<\/p>\n<p class=\"continue-reading-button\"> <a class=\"continue-reading-link\" href=\"https:\/\/www.der-mopedladen.de\/?p=2112\">Mehr Informationen<i class=\"crycon-right-dir\"><\/i><\/a><\/p>\n","protected":false},"author":2,"featured_media":22944,"comment_status":"closed","ping_status":"closed","sticky":false,"template":"","format":"standard","meta":{"footnotes":""},"categories":[71,33],"tags":[35,8,37,28,9,133],"class_list":["post-2112","post","type-post","status-publish","format-standard","has-post-thumbnail","hentry","category-kymco","category-rollergross","tag-4-takt","tag-abs","tag-einspritzung","tag-grossroller","tag-kymco","tag-tcs"],"yoast_head":"<!-- This site is optimized with the Yoast SEO plugin v25.7 - https:\/\/yoast.com\/wordpress\/plugins\/seo\/ -->\n<title>KYMCO AK 575i ABS Premium . . . . . . . 11719 statt 12719 \u20ac -<\/title>\n<meta name=\"description\" content=\"Der neue Kymco AK575i Premium ist da! Jetzt mit elektrisch verstellbarem Windschild, Traktionskontrolle und Kurven-ABS von Bosch.\" \/>\n<meta name=\"robots\" content=\"index, follow, max-snippet:-1, max-image-preview:large, max-video-preview:-1\" \/>\n<link rel=\"canonical\" href=\"https:\/\/www.der-mopedladen.de\/?p=2112\" \/>\n<meta property=\"og:locale\" content=\"de_DE\" \/>\n<meta property=\"og:type\" content=\"article\" \/>\n<meta property=\"og:title\" content=\"KYMCO AK 575i ABS Premium . . . . . . . 11719 statt 12719 \u20ac -\" \/>\n<meta property=\"og:description\" content=\"Der neue Kymco AK575i Premium ist da! Jetzt mit elektrisch verstellbarem Windschild, Traktionskontrolle und Kurven-ABS von Bosch.\" \/>\n<meta property=\"og:url\" content=\"https:\/\/www.der-mopedladen.de\/?p=2112\" \/>\n<meta property=\"article:published_time\" content=\"2025-03-19T16:26:12+00:00\" \/>\n<meta property=\"article:modified_time\" content=\"2026-03-24T15:13:55+00:00\" \/>\n<meta property=\"og:image\" content=\"https:\/\/www.der-mopedladen.de\/wp-content\/uploads\/2025\/11\/KYMCO_AK_575i_ABS_Premium_schwarz_matt_2025_02-scaled.jpg\" \/>\n\t<meta property=\"og:image:width\" content=\"2560\" \/>\n\t<meta property=\"og:image:height\" content=\"1707\" \/>\n\t<meta property=\"og:image:type\" content=\"image\/jpeg\" \/>\n<meta name=\"author\" content=\"Carsten Maluche\" \/>\n<meta name=\"twitter:card\" content=\"summary_large_image\" \/>\n<meta name=\"twitter:label1\" content=\"Verfasst von\" \/>\n\t<meta name=\"twitter:data1\" content=\"Carsten Maluche\" \/>\n\t<meta name=\"twitter:label2\" content=\"Gesch\u00e4tzte Lesezeit\" \/>\n\t<meta name=\"twitter:data2\" content=\"2\u00a0Minuten\" \/>\n<script type=\"application\/ld+json\" class=\"yoast-schema-graph\">{\"@context\":\"https:\/\/schema.org\",\"@graph\":[{\"@type\":\"Article\",\"@id\":\"https:\/\/www.der-mopedladen.de\/?p=2112#article\",\"isPartOf\":{\"@id\":\"https:\/\/www.der-mopedladen.de\/?p=2112\"},\"author\":{\"name\":\"Carsten Maluche\",\"@id\":\"https:\/\/www.der-mopedladen.de\/#\/schema\/person\/4d0c0c9ed7d36464398049539cfdc1c0\"},\"headline\":\"KYMCO AK 575i ABS Premium . . . . . . . 11719 statt 12719 \u20ac\",\"datePublished\":\"2025-03-19T16:26:12+00:00\",\"dateModified\":\"2026-03-24T15:13:55+00:00\",\"mainEntityOfPage\":{\"@id\":\"https:\/\/www.der-mopedladen.de\/?p=2112\"},\"wordCount\":312,\"publisher\":{\"@id\":\"https:\/\/www.der-mopedladen.de\/#organization\"},\"image\":{\"@id\":\"https:\/\/www.der-mopedladen.de\/?p=2112#primaryimage\"},\"thumbnailUrl\":\"https:\/\/www.der-mopedladen.de\/wp-content\/uploads\/2025\/11\/KYMCO_AK_575i_ABS_Premium_schwarz_matt_2025_02-scaled.jpg\",\"keywords\":[\"4 Takt\",\"ABS\",\"Einspritzung\",\"Gro\u00dfroller\",\"Kymco\",\"TCS\"],\"articleSection\":[\"Kymco\",\"Roller ab 125 ccm\"],\"inLanguage\":\"de\"},{\"@type\":\"WebPage\",\"@id\":\"https:\/\/www.der-mopedladen.de\/?p=2112\",\"url\":\"https:\/\/www.der-mopedladen.de\/?p=2112\",\"name\":\"KYMCO AK 575i ABS Premium . . . . . . . 11719 statt 12719 \u20ac -\",\"isPartOf\":{\"@id\":\"https:\/\/www.der-mopedladen.de\/#website\"},\"primaryImageOfPage\":{\"@id\":\"https:\/\/www.der-mopedladen.de\/?p=2112#primaryimage\"},\"image\":{\"@id\":\"https:\/\/www.der-mopedladen.de\/?p=2112#primaryimage\"},\"thumbnailUrl\":\"https:\/\/www.der-mopedladen.de\/wp-content\/uploads\/2025\/11\/KYMCO_AK_575i_ABS_Premium_schwarz_matt_2025_02-scaled.jpg\",\"datePublished\":\"2025-03-19T16:26:12+00:00\",\"dateModified\":\"2026-03-24T15:13:55+00:00\",\"description\":\"Der neue Kymco AK575i Premium ist da! Jetzt mit elektrisch verstellbarem Windschild, Traktionskontrolle und Kurven-ABS von Bosch.\",\"breadcrumb\":{\"@id\":\"https:\/\/www.der-mopedladen.de\/?p=2112#breadcrumb\"},\"inLanguage\":\"de\",\"potentialAction\":[{\"@type\":\"ReadAction\",\"target\":[\"https:\/\/www.der-mopedladen.de\/?p=2112\"]}]},{\"@type\":\"ImageObject\",\"inLanguage\":\"de\",\"@id\":\"https:\/\/www.der-mopedladen.de\/?p=2112#primaryimage\",\"url\":\"https:\/\/www.der-mopedladen.de\/wp-content\/uploads\/2025\/11\/KYMCO_AK_575i_ABS_Premium_schwarz_matt_2025_02-scaled.jpg\",\"contentUrl\":\"https:\/\/www.der-mopedladen.de\/wp-content\/uploads\/2025\/11\/KYMCO_AK_575i_ABS_Premium_schwarz_matt_2025_02-scaled.jpg\",\"width\":2560,\"height\":1707},{\"@type\":\"BreadcrumbList\",\"@id\":\"https:\/\/www.der-mopedladen.de\/?p=2112#breadcrumb\",\"itemListElement\":[{\"@type\":\"ListItem\",\"position\":1,\"name\":\"Startseite\",\"item\":\"https:\/\/www.der-mopedladen.de\/\"},{\"@type\":\"ListItem\",\"position\":2,\"name\":\"KYMCO AK 575i ABS Premium . . . . . . . 11719 statt 12719 \u20ac\"}]},{\"@type\":\"WebSite\",\"@id\":\"https:\/\/www.der-mopedladen.de\/#website\",\"url\":\"https:\/\/www.der-mopedladen.de\/\",\"name\":\"\",\"description\":\"\",\"publisher\":{\"@id\":\"https:\/\/www.der-mopedladen.de\/#organization\"},\"potentialAction\":[{\"@type\":\"SearchAction\",\"target\":{\"@type\":\"EntryPoint\",\"urlTemplate\":\"https:\/\/www.der-mopedladen.de\/?s={search_term_string}\"},\"query-input\":{\"@type\":\"PropertyValueSpecification\",\"valueRequired\":true,\"valueName\":\"search_term_string\"}}],\"inLanguage\":\"de\"},{\"@type\":\"Organization\",\"@id\":\"https:\/\/www.der-mopedladen.de\/#organization\",\"name\":\"Der Mopedladen OHG\",\"url\":\"https:\/\/www.der-mopedladen.de\/\",\"logo\":{\"@type\":\"ImageObject\",\"inLanguage\":\"de\",\"@id\":\"https:\/\/www.der-mopedladen.de\/#\/schema\/logo\/image\/\",\"url\":\"https:\/\/www.der-mopedladen.de\/wp-content\/uploads\/2021\/04\/Logo-DerMopedladen_ZW_CMYK-50x36mm.jpg\",\"contentUrl\":\"https:\/\/www.der-mopedladen.de\/wp-content\/uploads\/2021\/04\/Logo-DerMopedladen_ZW_CMYK-50x36mm.jpg\",\"width\":602,\"height\":437,\"caption\":\"Der Mopedladen OHG\"},\"image\":{\"@id\":\"https:\/\/www.der-mopedladen.de\/#\/schema\/logo\/image\/\"}},{\"@type\":\"Person\",\"@id\":\"https:\/\/www.der-mopedladen.de\/#\/schema\/person\/4d0c0c9ed7d36464398049539cfdc1c0\",\"name\":\"Carsten Maluche\",\"image\":{\"@type\":\"ImageObject\",\"inLanguage\":\"de\",\"@id\":\"https:\/\/www.der-mopedladen.de\/#\/schema\/person\/image\/\",\"url\":\"https:\/\/secure.gravatar.com\/avatar\/a535b4a133389f55485f0a633a5968f3d69e644503b1fed0e6aa81083975d04a?s=96&d=mm&r=g\",\"contentUrl\":\"https:\/\/secure.gravatar.com\/avatar\/a535b4a133389f55485f0a633a5968f3d69e644503b1fed0e6aa81083975d04a?s=96&d=mm&r=g\",\"caption\":\"Carsten Maluche\"}}]}<\/script>\n<!-- \/ Yoast SEO plugin. -->","yoast_head_json":{"title":"KYMCO AK 575i ABS Premium . . . . . . . 11719 statt 12719 \u20ac -","description":"Der neue Kymco AK575i Premium ist da! Jetzt mit elektrisch verstellbarem Windschild, Traktionskontrolle und Kurven-ABS von Bosch.","robots":{"index":"index","follow":"follow","max-snippet":"max-snippet:-1","max-image-preview":"max-image-preview:large","max-video-preview":"max-video-preview:-1"},"canonical":"https:\/\/www.der-mopedladen.de\/?p=2112","og_locale":"de_DE","og_type":"article","og_title":"KYMCO AK 575i ABS Premium . . . . . . . 11719 statt 12719 \u20ac -","og_description":"Der neue Kymco AK575i Premium ist da! Jetzt mit elektrisch verstellbarem Windschild, Traktionskontrolle und Kurven-ABS von Bosch.","og_url":"https:\/\/www.der-mopedladen.de\/?p=2112","article_published_time":"2025-03-19T16:26:12+00:00","article_modified_time":"2026-03-24T15:13:55+00:00","og_image":[{"width":2560,"height":1707,"url":"https:\/\/www.der-mopedladen.de\/wp-content\/uploads\/2025\/11\/KYMCO_AK_575i_ABS_Premium_schwarz_matt_2025_02-scaled.jpg","type":"image\/jpeg"}],"author":"Carsten Maluche","twitter_card":"summary_large_image","twitter_misc":{"Verfasst von":"Carsten Maluche","Gesch\u00e4tzte Lesezeit":"2\u00a0Minuten"},"schema":{"@context":"https:\/\/schema.org","@graph":[{"@type":"Article","@id":"https:\/\/www.der-mopedladen.de\/?p=2112#article","isPartOf":{"@id":"https:\/\/www.der-mopedladen.de\/?p=2112"},"author":{"name":"Carsten Maluche","@id":"https:\/\/www.der-mopedladen.de\/#\/schema\/person\/4d0c0c9ed7d36464398049539cfdc1c0"},"headline":"KYMCO AK 575i ABS Premium . . . . . . . 11719 statt 12719 \u20ac","datePublished":"2025-03-19T16:26:12+00:00","dateModified":"2026-03-24T15:13:55+00:00","mainEntityOfPage":{"@id":"https:\/\/www.der-mopedladen.de\/?p=2112"},"wordCount":312,"publisher":{"@id":"https:\/\/www.der-mopedladen.de\/#organization"},"image":{"@id":"https:\/\/www.der-mopedladen.de\/?p=2112#primaryimage"},"thumbnailUrl":"https:\/\/www.der-mopedladen.de\/wp-content\/uploads\/2025\/11\/KYMCO_AK_575i_ABS_Premium_schwarz_matt_2025_02-scaled.jpg","keywords":["4 Takt","ABS","Einspritzung","Gro\u00dfroller","Kymco","TCS"],"articleSection":["Kymco","Roller ab 125 ccm"],"inLanguage":"de"},{"@type":"WebPage","@id":"https:\/\/www.der-mopedladen.de\/?p=2112","url":"https:\/\/www.der-mopedladen.de\/?p=2112","name":"KYMCO AK 575i ABS Premium . . . . . . . 11719 statt 12719 \u20ac -","isPartOf":{"@id":"https:\/\/www.der-mopedladen.de\/#website"},"primaryImageOfPage":{"@id":"https:\/\/www.der-mopedladen.de\/?p=2112#primaryimage"},"image":{"@id":"https:\/\/www.der-mopedladen.de\/?p=2112#primaryimage"},"thumbnailUrl":"https:\/\/www.der-mopedladen.de\/wp-content\/uploads\/2025\/11\/KYMCO_AK_575i_ABS_Premium_schwarz_matt_2025_02-scaled.jpg","datePublished":"2025-03-19T16:26:12+00:00","dateModified":"2026-03-24T15:13:55+00:00","description":"Der neue Kymco AK575i Premium ist da! Jetzt mit elektrisch verstellbarem Windschild, Traktionskontrolle und Kurven-ABS von Bosch.","breadcrumb":{"@id":"https:\/\/www.der-mopedladen.de\/?p=2112#breadcrumb"},"inLanguage":"de","potentialAction":[{"@type":"ReadAction","target":["https:\/\/www.der-mopedladen.de\/?p=2112"]}]},{"@type":"ImageObject","inLanguage":"de","@id":"https:\/\/www.der-mopedladen.de\/?p=2112#primaryimage","url":"https:\/\/www.der-mopedladen.de\/wp-content\/uploads\/2025\/11\/KYMCO_AK_575i_ABS_Premium_schwarz_matt_2025_02-scaled.jpg","contentUrl":"https:\/\/www.der-mopedladen.de\/wp-content\/uploads\/2025\/11\/KYMCO_AK_575i_ABS_Premium_schwarz_matt_2025_02-scaled.jpg","width":2560,"height":1707},{"@type":"BreadcrumbList","@id":"https:\/\/www.der-mopedladen.de\/?p=2112#breadcrumb","itemListElement":[{"@type":"ListItem","position":1,"name":"Startseite","item":"https:\/\/www.der-mopedladen.de\/"},{"@type":"ListItem","position":2,"name":"KYMCO AK 575i ABS Premium . . . . . . . 11719 statt 12719 \u20ac"}]},{"@type":"WebSite","@id":"https:\/\/www.der-mopedladen.de\/#website","url":"https:\/\/www.der-mopedladen.de\/","name":"","description":"","publisher":{"@id":"https:\/\/www.der-mopedladen.de\/#organization"},"potentialAction":[{"@type":"SearchAction","target":{"@type":"EntryPoint","urlTemplate":"https:\/\/www.der-mopedladen.de\/?s={search_term_string}"},"query-input":{"@type":"PropertyValueSpecification","valueRequired":true,"valueName":"search_term_string"}}],"inLanguage":"de"},{"@type":"Organization","@id":"https:\/\/www.der-mopedladen.de\/#organization","name":"Der Mopedladen OHG","url":"https:\/\/www.der-mopedladen.de\/","logo":{"@type":"ImageObject","inLanguage":"de","@id":"https:\/\/www.der-mopedladen.de\/#\/schema\/logo\/image\/","url":"https:\/\/www.der-mopedladen.de\/wp-content\/uploads\/2021\/04\/Logo-DerMopedladen_ZW_CMYK-50x36mm.jpg","contentUrl":"https:\/\/www.der-mopedladen.de\/wp-content\/uploads\/2021\/04\/Logo-DerMopedladen_ZW_CMYK-50x36mm.jpg","width":602,"height":437,"caption":"Der Mopedladen OHG"},"image":{"@id":"https:\/\/www.der-mopedladen.de\/#\/schema\/logo\/image\/"}},{"@type":"Person","@id":"https:\/\/www.der-mopedladen.de\/#\/schema\/person\/4d0c0c9ed7d36464398049539cfdc1c0","name":"Carsten Maluche","image":{"@type":"ImageObject","inLanguage":"de","@id":"https:\/\/www.der-mopedladen.de\/#\/schema\/person\/image\/","url":"https:\/\/secure.gravatar.com\/avatar\/a535b4a133389f55485f0a633a5968f3d69e644503b1fed0e6aa81083975d04a?s=96&d=mm&r=g","contentUrl":"https:\/\/secure.gravatar.com\/avatar\/a535b4a133389f55485f0a633a5968f3d69e644503b1fed0e6aa81083975d04a?s=96&d=mm&r=g","caption":"Carsten Maluche"}}]}},"_links":{"self":[{"href":"https:\/\/www.der-mopedladen.de\/index.php?rest_route=\/wp\/v2\/posts\/2112","targetHints":{"allow":["GET"]}}],"collection":[{"href":"https:\/\/www.der-mopedladen.de\/index.php?rest_route=\/wp\/v2\/posts"}],"about":[{"href":"https:\/\/www.der-mopedladen.de\/index.php?rest_route=\/wp\/v2\/types\/post"}],"author":[{"embeddable":true,"href":"https:\/\/www.der-mopedladen.de\/index.php?rest_route=\/wp\/v2\/users\/2"}],"replies":[{"embeddable":true,"href":"https:\/\/www.der-mopedladen.de\/index.php?rest_route=%2Fwp%2Fv2%2Fcomments&post=2112"}],"version-history":[{"count":8,"href":"https:\/\/www.der-mopedladen.de\/index.php?rest_route=\/wp\/v2\/posts\/2112\/revisions"}],"predecessor-version":[{"id":23408,"href":"https:\/\/www.der-mopedladen.de\/index.php?rest_route=\/wp\/v2\/posts\/2112\/revisions\/23408"}],"wp:featuredmedia":[{"embeddable":true,"href":"https:\/\/www.der-mopedladen.de\/index.php?rest_route=\/wp\/v2\/media\/22944"}],"wp:attachment":[{"href":"https:\/\/www.der-mopedladen.de\/index.php?rest_route=%2Fwp%2Fv2%2Fmedia&parent=2112"}],"wp:term":[{"taxonomy":"category","embeddable":true,"href":"https:\/\/www.der-mopedladen.de\/index.php?rest_route=%2Fwp%2Fv2%2Fcategories&post=2112"},{"taxonomy":"post_tag","embeddable":true,"href":"https:\/\/www.der-mopedladen.de\/index.php?rest_route=%2Fwp%2Fv2%2Ftags&post=2112"}],"curies":[{"name":"wp","href":"https:\/\/api.w.org\/{rel}","templated":true}]}}