{"id":20947,"date":"2025-01-21T10:14:28","date_gmt":"2025-01-21T09:14:28","guid":{"rendered":"https:\/\/www.der-mopedladen.de\/?p=20947"},"modified":"2025-12-02T15:37:04","modified_gmt":"2025-12-02T14:37:04","slug":"kymco-filly-50i","status":"publish","type":"post","link":"https:\/\/www.der-mopedladen.de\/?p=20947","title":{"rendered":"KYMCO Filly 50i . . . . . . . 2269 \u20ac"},"content":{"rendered":"<div id=\"c3933\" class=\"csc-default csc-space\">\n<p class=\"bodytext\">Der neue KYMCO Filly 50i wird ab Fr\u00fchjahr 2025 in zwei schicken Farben erh\u00e4ltlich sein. Mit seiner \u00fcberschaubaren Sitzh\u00f6he ist er auch f\u00fcr kleinere Menschen gut geeignet.<\/p>\n<p>Der KYMCO FILLY 50i bringt klassischen Retro-Charme und modernen Minimalismus perfekt zusammen. Der Roller war bereits vor einigen Jahren ein beliebter Begleiter f\u00fcr den urbanen Asphaltdschungel und nun kehrt der FILLY mit aktualisierter Optik und modernster Technik zur\u00fcck. Mit seinem kompakten 50-ccm-Einzylindermotor ist der FILLY 50i der ideale Begleiter f\u00fcr die Stadt. Der sparsame Motor mit elektronischer Einspritzung sorgt f\u00fcr leisen und effizienten Antrieb, der das t\u00e4gliche Pendeln m\u00fchelos macht.<\/p>\n<p>Sein puristisches Design und die leichte Bauweise machen ihn besonders wendig, ideal f\u00fcr enge Stra\u00dfen und schnelle Man\u00f6ver im Stadtverkehr. Das aufger\u00e4umte Display mit digitalen und analogen Anzeigen h\u00e4lt alle wichtigen Informationen gut sichtbar im Blick. Helle LED-Lichter erh\u00f6hen die Sicherheit bei Tag und Nacht, w\u00e4hrend der praktische Stauraum unter der Sitzbank Platz f\u00fcr Eink\u00e4ufe und Alltagsgegenst\u00e4nde bietet. Das Topcase bietet zus\u00e4tzlich flexiblen Stauraum.<\/p>\n<p>Ob f\u00fcr die kurze Strecke zum Caf\u00e9 oder den Weg zur Arbeit \u2013 der KYMCO FILLY 50i verbindet zeitlosen Stil mit moderner Funktionalit\u00e4t.<\/p>\n<ul>\n<li class=\"bodytext\">Komplette LED Beleuchtung<\/li>\n<li class=\"bodytext\">Sparsamer Viertaktmotor mit Einspritzung<\/li>\n<li class=\"bodytext\">Klassische Optik<\/li>\n<li>33l SHAD Topcase serienm\u00e4\u00dfig mit Blende in Fahrzeugfarbe<\/li>\n<\/ul>\n<div id=\"c3937\" class=\"csc-default csc-space\">\n<div class=\"csc-header csc-header-n1\">\n<h3>Fahrzeugdetails<\/h3>\n<\/div>\n<table class=\"fahrzeugdaten\">\n<tbody>\n<tr>\n<td>F\u00fchrerschein<\/td>\n<td>AM, B<\/td>\n<\/tr>\n<tr>\n<td>Leistung<\/td>\n<td>2,4 kW \/ 3,3 PS<\/td>\n<\/tr>\n<tr>\n<td>Sitzh\u00f6he<\/td>\n<td>750 mm<\/td>\n<\/tr>\n<tr>\n<td>H\u00f6chstgeschwindigkeit<\/td>\n<td>45 km\/h<\/td>\n<\/tr>\n<tr>\n<td>Leer-\/Gesamtgewicht<\/td>\n<td>101 kg (fahrbereit) \/ 254 kg<\/td>\n<\/tr>\n<tr>\n<td>Farben<\/td>\n<td>Rot-Matt, Blau-Matt<\/td>\n<\/tr>\n<\/tbody>\n<\/table>\n<\/div>\n<div class=\"finanzierungsWrap\">\n<div id=\"c3930\" class=\"csc-default csc-space\">\n<div class=\"csc-header csc-header-n1\">\n<h3>Finanzierung<\/h3>\n<\/div>\n<table class=\"fahrzeugdaten\">\n<tbody>\n<tr>\n<td>Finanzierung \u00fcber Creditplus-Bank m\u00f6glich<\/td>\n<td><\/td>\n<\/tr>\n<\/tbody>\n<\/table>\n<\/div>\n<\/div>\n<\/div>\n<div id=\"envira-gallery-wrap-21058\" class=\"envira-gallery-wrap envira-gallery-theme-base envira-lightbox-theme-base\" itemscope itemtype=\"https:\/\/schema.org\/ImageGallery\"><div data-row-height=\"150\" data-gallery-theme=\"normal\" id=\"envira-gallery-21058\" class=\"envira-gallery-public envira-gallery-justified-public envira-gallery-0-columns envira-clear enviratope envira-gallery-css-animations\" data-envira-columns=\"0\"><div id=\"envira-gallery-item-21057\" class=\"envira-gallery-item enviratope-item envira-gallery-item-1 envira-lazy-load\" style=\"padding-left: 5px; padding-bottom: 10px; padding-right: 5px;\"  itemscope itemtype=\"https:\/\/schema.org\/ImageObject\"><div class=\"envira-gallery-item-inner\"><div class=\"envira-gallery-position-overlay  envira-gallery-top-left\"><\/div><div class=\"envira-gallery-position-overlay  envira-gallery-top-right\"><\/div><div class=\"envira-gallery-position-overlay  envira-gallery-bottom-left\"><\/div><div class=\"envira-gallery-position-overlay  envira-gallery-bottom-right\"><\/div><a href=\"https:\/\/www.der-mopedladen.de\/wp-content\/uploads\/2025\/01\/KYMCO_Filly_blau_1.jpg\" class=\"envira-gallery-21058 envira-gallery-link\" rel=\"enviragallery21058\" title=\"KYMCO_Filly_blau_1\" data-envira-caption=\"KYMCO_Filly_blau_1\" data-envira-retina=\"\" data-thumbnail=\"\"  itemprop=\"contentUrl\"><img decoding=\"async\" id=\"envira-gallery-image-21057\" class=\"envira-gallery-image envira-gallery-image-1 envira-normal envira-lazy\" data-envira-index=\"1\" src=\"https:\/\/www.der-mopedladen.de\/wp-content\/uploads\/2025\/01\/KYMCO_Filly_blau_1-1024x683-640x480.jpg\" data-envira-src=\"https:\/\/www.der-mopedladen.de\/wp-content\/uploads\/2025\/01\/KYMCO_Filly_blau_1-1024x683-640x480.jpg\" data-envira-gallery-id=\"21058\" data-envira-item-id=\"21057\" data-envira-caption=\"KYMCO_Filly_blau_1\" alt=\"\" title=\"KYMCO_Filly_blau_1\"  itemprop=\"thumbnailUrl\" data-envira-srcset=\"https:\/\/www.der-mopedladen.de\/wp-content\/uploads\/2025\/01\/KYMCO_Filly_blau_1-1024x683-640x480.jpg 400w,https:\/\/www.der-mopedladen.de\/wp-content\/uploads\/2025\/01\/KYMCO_Filly_blau_1-1024x683-640x480.jpg 2x\" data-envira-width=\"300\" data-envira-height=\"200\" srcset=\"data:image\/gif;base64,R0lGODlhAQABAIAAAP\/\/\/\/\/\/\/yH5BAEKAAEALAAAAAABAAEAAAICTAEAOw==\" data-safe-src=\"data:image\/gif;base64,R0lGODlhAQABAIAAAP\/\/\/\/\/\/\/yH5BAEKAAEALAAAAAABAAEAAAICTAEAOw==\" \/><\/a><\/div><\/div><div id=\"envira-gallery-item-21056\" class=\"envira-gallery-item enviratope-item envira-gallery-item-2 envira-lazy-load\" style=\"padding-left: 5px; padding-bottom: 10px; padding-right: 5px;\"  itemscope itemtype=\"https:\/\/schema.org\/ImageObject\"><div class=\"envira-gallery-item-inner\"><div class=\"envira-gallery-position-overlay  envira-gallery-top-left\"><\/div><div class=\"envira-gallery-position-overlay  envira-gallery-top-right\"><\/div><div class=\"envira-gallery-position-overlay  envira-gallery-bottom-left\"><\/div><div class=\"envira-gallery-position-overlay  envira-gallery-bottom-right\"><\/div><a href=\"https:\/\/www.der-mopedladen.de\/wp-content\/uploads\/2025\/01\/KYMCO_Filly_blau_2.jpg\" class=\"envira-gallery-21058 envira-gallery-link\" rel=\"enviragallery21058\" title=\"KYMCO_Filly_blau_2\" data-envira-caption=\"KYMCO_Filly_blau_2\" data-envira-retina=\"\" data-thumbnail=\"\"  itemprop=\"contentUrl\"><img decoding=\"async\" id=\"envira-gallery-image-21056\" class=\"envira-gallery-image envira-gallery-image-2 envira-normal envira-lazy\" data-envira-index=\"2\" src=\"https:\/\/www.der-mopedladen.de\/wp-content\/uploads\/2025\/01\/KYMCO_Filly_blau_2-1024x683-640x480.jpg\" data-envira-src=\"https:\/\/www.der-mopedladen.de\/wp-content\/uploads\/2025\/01\/KYMCO_Filly_blau_2-1024x683-640x480.jpg\" data-envira-gallery-id=\"21058\" data-envira-item-id=\"21056\" data-envira-caption=\"KYMCO_Filly_blau_2\" alt=\"\" title=\"KYMCO_Filly_blau_2\"  itemprop=\"thumbnailUrl\" data-envira-srcset=\"https:\/\/www.der-mopedladen.de\/wp-content\/uploads\/2025\/01\/KYMCO_Filly_blau_2-1024x683-640x480.jpg 400w,https:\/\/www.der-mopedladen.de\/wp-content\/uploads\/2025\/01\/KYMCO_Filly_blau_2-1024x683-640x480.jpg 2x\" data-envira-width=\"300\" data-envira-height=\"200\" srcset=\"data:image\/gif;base64,R0lGODlhAQABAIAAAP\/\/\/\/\/\/\/yH5BAEKAAEALAAAAAABAAEAAAICTAEAOw==\" data-safe-src=\"data:image\/gif;base64,R0lGODlhAQABAIAAAP\/\/\/\/\/\/\/yH5BAEKAAEALAAAAAABAAEAAAICTAEAOw==\" \/><\/a><\/div><\/div><\/div><\/div><noscript><img decoding=\"async\" src=\"https:\/\/www.der-mopedladen.de\/wp-content\/uploads\/2025\/01\/KYMCO_Filly_blau_1.jpg\" alt=\"\" \/><img decoding=\"async\" src=\"https:\/\/www.der-mopedladen.de\/wp-content\/uploads\/2025\/01\/KYMCO_Filly_blau_2.jpg\" alt=\"\" \/><\/noscript>\n","protected":false},"excerpt":{"rendered":"<p>Der neue KYMCO Filly 50i wird ab Fr\u00fchjahr 2025 in zwei schicken Farben erh\u00e4ltlich sein. Mit seiner \u00fcberschaubaren Sitzh\u00f6he ist er auch f\u00fcr kleinere Menschen\u2026<\/p>\n<p class=\"continue-reading-button\"> <a class=\"continue-reading-link\" href=\"https:\/\/www.der-mopedladen.de\/?p=20947\">Mehr Informationen<i class=\"crycon-right-dir\"><\/i><\/a><\/p>\n","protected":false},"author":2,"featured_media":21057,"comment_status":"closed","ping_status":"closed","sticky":false,"template":"","format":"standard","meta":{"footnotes":""},"categories":[11,10],"tags":[35,18,40,37,9],"class_list":["post-20947","post","type-post","status-publish","format-standard","has-post-thumbnail","hentry","category-kymco-roller","category-rollerklein","tag-4-takt","tag-50er","tag-ab-16","tag-einspritzung","tag-kymco"],"yoast_head":"<!-- This site is optimized with the Yoast SEO plugin v25.7 - https:\/\/yoast.com\/wordpress\/plugins\/seo\/ -->\n<title>KYMCO Filly 50i . . . . . . . 2269 \u20ac -<\/title>\n<meta name=\"description\" content=\"Der neue Kymco Filly - ein schnuckeliger kleiner Stadtflitzer f\u00fcr jede Gelegenheit mit sparsamer Benzineinspritzug.\" \/>\n<meta name=\"robots\" content=\"index, follow, max-snippet:-1, max-image-preview:large, max-video-preview:-1\" \/>\n<link rel=\"canonical\" href=\"https:\/\/www.der-mopedladen.de\/?p=20947\" \/>\n<meta property=\"og:locale\" content=\"de_DE\" \/>\n<meta property=\"og:type\" content=\"article\" \/>\n<meta property=\"og:title\" content=\"KYMCO Filly 50i . . . . . . . 2269 \u20ac -\" \/>\n<meta property=\"og:description\" content=\"Der neue Kymco Filly - ein schnuckeliger kleiner Stadtflitzer f\u00fcr jede Gelegenheit mit sparsamer Benzineinspritzug.\" \/>\n<meta property=\"og:url\" content=\"https:\/\/www.der-mopedladen.de\/?p=20947\" \/>\n<meta property=\"article:published_time\" content=\"2025-01-21T09:14:28+00:00\" \/>\n<meta property=\"article:modified_time\" content=\"2025-12-02T14:37:04+00:00\" \/>\n<meta property=\"og:image\" content=\"https:\/\/www.der-mopedladen.de\/wp-content\/uploads\/2025\/01\/KYMCO_Filly_blau_1.jpg\" \/>\n\t<meta property=\"og:image:width\" content=\"2048\" \/>\n\t<meta property=\"og:image:height\" content=\"1365\" \/>\n\t<meta property=\"og:image:type\" content=\"image\/jpeg\" \/>\n<meta name=\"author\" content=\"Carsten Maluche\" \/>\n<meta name=\"twitter:card\" content=\"summary_large_image\" \/>\n<meta name=\"twitter:label1\" content=\"Verfasst von\" \/>\n\t<meta name=\"twitter:data1\" content=\"Carsten Maluche\" \/>\n\t<meta name=\"twitter:label2\" content=\"Gesch\u00e4tzte Lesezeit\" \/>\n\t<meta name=\"twitter:data2\" content=\"1\u00a0Minute\" \/>\n<script type=\"application\/ld+json\" class=\"yoast-schema-graph\">{\"@context\":\"https:\/\/schema.org\",\"@graph\":[{\"@type\":\"Article\",\"@id\":\"https:\/\/www.der-mopedladen.de\/?p=20947#article\",\"isPartOf\":{\"@id\":\"https:\/\/www.der-mopedladen.de\/?p=20947\"},\"author\":{\"name\":\"Carsten Maluche\",\"@id\":\"https:\/\/www.der-mopedladen.de\/#\/schema\/person\/4d0c0c9ed7d36464398049539cfdc1c0\"},\"headline\":\"KYMCO Filly 50i . . . . . . . 2269 \u20ac\",\"datePublished\":\"2025-01-21T09:14:28+00:00\",\"dateModified\":\"2025-12-02T14:37:04+00:00\",\"mainEntityOfPage\":{\"@id\":\"https:\/\/www.der-mopedladen.de\/?p=20947\"},\"wordCount\":257,\"publisher\":{\"@id\":\"https:\/\/www.der-mopedladen.de\/#organization\"},\"image\":{\"@id\":\"https:\/\/www.der-mopedladen.de\/?p=20947#primaryimage\"},\"thumbnailUrl\":\"https:\/\/www.der-mopedladen.de\/wp-content\/uploads\/2025\/01\/KYMCO_Filly_blau_1.jpg\",\"keywords\":[\"4 Takt\",\"50er\",\"ab 16\",\"Einspritzung\",\"Kymco\"],\"articleSection\":[\"Kymco\",\"Roller bis 50 ccm\"],\"inLanguage\":\"de\"},{\"@type\":\"WebPage\",\"@id\":\"https:\/\/www.der-mopedladen.de\/?p=20947\",\"url\":\"https:\/\/www.der-mopedladen.de\/?p=20947\",\"name\":\"KYMCO Filly 50i . . . . . . . 2269 \u20ac -\",\"isPartOf\":{\"@id\":\"https:\/\/www.der-mopedladen.de\/#website\"},\"primaryImageOfPage\":{\"@id\":\"https:\/\/www.der-mopedladen.de\/?p=20947#primaryimage\"},\"image\":{\"@id\":\"https:\/\/www.der-mopedladen.de\/?p=20947#primaryimage\"},\"thumbnailUrl\":\"https:\/\/www.der-mopedladen.de\/wp-content\/uploads\/2025\/01\/KYMCO_Filly_blau_1.jpg\",\"datePublished\":\"2025-01-21T09:14:28+00:00\",\"dateModified\":\"2025-12-02T14:37:04+00:00\",\"description\":\"Der neue Kymco Filly - ein schnuckeliger kleiner Stadtflitzer f\u00fcr jede Gelegenheit mit sparsamer Benzineinspritzug.\",\"breadcrumb\":{\"@id\":\"https:\/\/www.der-mopedladen.de\/?p=20947#breadcrumb\"},\"inLanguage\":\"de\",\"potentialAction\":[{\"@type\":\"ReadAction\",\"target\":[\"https:\/\/www.der-mopedladen.de\/?p=20947\"]}]},{\"@type\":\"ImageObject\",\"inLanguage\":\"de\",\"@id\":\"https:\/\/www.der-mopedladen.de\/?p=20947#primaryimage\",\"url\":\"https:\/\/www.der-mopedladen.de\/wp-content\/uploads\/2025\/01\/KYMCO_Filly_blau_1.jpg\",\"contentUrl\":\"https:\/\/www.der-mopedladen.de\/wp-content\/uploads\/2025\/01\/KYMCO_Filly_blau_1.jpg\",\"width\":2048,\"height\":1365},{\"@type\":\"BreadcrumbList\",\"@id\":\"https:\/\/www.der-mopedladen.de\/?p=20947#breadcrumb\",\"itemListElement\":[{\"@type\":\"ListItem\",\"position\":1,\"name\":\"Startseite\",\"item\":\"https:\/\/www.der-mopedladen.de\/\"},{\"@type\":\"ListItem\",\"position\":2,\"name\":\"KYMCO Filly 50i . . . . . . . 2269 \u20ac\"}]},{\"@type\":\"WebSite\",\"@id\":\"https:\/\/www.der-mopedladen.de\/#website\",\"url\":\"https:\/\/www.der-mopedladen.de\/\",\"name\":\"\",\"description\":\"\",\"publisher\":{\"@id\":\"https:\/\/www.der-mopedladen.de\/#organization\"},\"potentialAction\":[{\"@type\":\"SearchAction\",\"target\":{\"@type\":\"EntryPoint\",\"urlTemplate\":\"https:\/\/www.der-mopedladen.de\/?s={search_term_string}\"},\"query-input\":{\"@type\":\"PropertyValueSpecification\",\"valueRequired\":true,\"valueName\":\"search_term_string\"}}],\"inLanguage\":\"de\"},{\"@type\":\"Organization\",\"@id\":\"https:\/\/www.der-mopedladen.de\/#organization\",\"name\":\"Der Mopedladen OHG\",\"url\":\"https:\/\/www.der-mopedladen.de\/\",\"logo\":{\"@type\":\"ImageObject\",\"inLanguage\":\"de\",\"@id\":\"https:\/\/www.der-mopedladen.de\/#\/schema\/logo\/image\/\",\"url\":\"https:\/\/www.der-mopedladen.de\/wp-content\/uploads\/2021\/04\/Logo-DerMopedladen_ZW_CMYK-50x36mm.jpg\",\"contentUrl\":\"https:\/\/www.der-mopedladen.de\/wp-content\/uploads\/2021\/04\/Logo-DerMopedladen_ZW_CMYK-50x36mm.jpg\",\"width\":602,\"height\":437,\"caption\":\"Der Mopedladen OHG\"},\"image\":{\"@id\":\"https:\/\/www.der-mopedladen.de\/#\/schema\/logo\/image\/\"}},{\"@type\":\"Person\",\"@id\":\"https:\/\/www.der-mopedladen.de\/#\/schema\/person\/4d0c0c9ed7d36464398049539cfdc1c0\",\"name\":\"Carsten Maluche\",\"image\":{\"@type\":\"ImageObject\",\"inLanguage\":\"de\",\"@id\":\"https:\/\/www.der-mopedladen.de\/#\/schema\/person\/image\/\",\"url\":\"https:\/\/secure.gravatar.com\/avatar\/a535b4a133389f55485f0a633a5968f3d69e644503b1fed0e6aa81083975d04a?s=96&d=mm&r=g\",\"contentUrl\":\"https:\/\/secure.gravatar.com\/avatar\/a535b4a133389f55485f0a633a5968f3d69e644503b1fed0e6aa81083975d04a?s=96&d=mm&r=g\",\"caption\":\"Carsten Maluche\"}}]}<\/script>\n<!-- \/ Yoast SEO plugin. -->","yoast_head_json":{"title":"KYMCO Filly 50i . . . . . . . 2269 \u20ac -","description":"Der neue Kymco Filly - ein schnuckeliger kleiner Stadtflitzer f\u00fcr jede Gelegenheit mit sparsamer Benzineinspritzug.","robots":{"index":"index","follow":"follow","max-snippet":"max-snippet:-1","max-image-preview":"max-image-preview:large","max-video-preview":"max-video-preview:-1"},"canonical":"https:\/\/www.der-mopedladen.de\/?p=20947","og_locale":"de_DE","og_type":"article","og_title":"KYMCO Filly 50i . . . . . . . 2269 \u20ac -","og_description":"Der neue Kymco Filly - ein schnuckeliger kleiner Stadtflitzer f\u00fcr jede Gelegenheit mit sparsamer Benzineinspritzug.","og_url":"https:\/\/www.der-mopedladen.de\/?p=20947","article_published_time":"2025-01-21T09:14:28+00:00","article_modified_time":"2025-12-02T14:37:04+00:00","og_image":[{"width":2048,"height":1365,"url":"https:\/\/www.der-mopedladen.de\/wp-content\/uploads\/2025\/01\/KYMCO_Filly_blau_1.jpg","type":"image\/jpeg"}],"author":"Carsten Maluche","twitter_card":"summary_large_image","twitter_misc":{"Verfasst von":"Carsten Maluche","Gesch\u00e4tzte Lesezeit":"1\u00a0Minute"},"schema":{"@context":"https:\/\/schema.org","@graph":[{"@type":"Article","@id":"https:\/\/www.der-mopedladen.de\/?p=20947#article","isPartOf":{"@id":"https:\/\/www.der-mopedladen.de\/?p=20947"},"author":{"name":"Carsten Maluche","@id":"https:\/\/www.der-mopedladen.de\/#\/schema\/person\/4d0c0c9ed7d36464398049539cfdc1c0"},"headline":"KYMCO Filly 50i . . . . . . . 2269 \u20ac","datePublished":"2025-01-21T09:14:28+00:00","dateModified":"2025-12-02T14:37:04+00:00","mainEntityOfPage":{"@id":"https:\/\/www.der-mopedladen.de\/?p=20947"},"wordCount":257,"publisher":{"@id":"https:\/\/www.der-mopedladen.de\/#organization"},"image":{"@id":"https:\/\/www.der-mopedladen.de\/?p=20947#primaryimage"},"thumbnailUrl":"https:\/\/www.der-mopedladen.de\/wp-content\/uploads\/2025\/01\/KYMCO_Filly_blau_1.jpg","keywords":["4 Takt","50er","ab 16","Einspritzung","Kymco"],"articleSection":["Kymco","Roller bis 50 ccm"],"inLanguage":"de"},{"@type":"WebPage","@id":"https:\/\/www.der-mopedladen.de\/?p=20947","url":"https:\/\/www.der-mopedladen.de\/?p=20947","name":"KYMCO Filly 50i . . . . . . . 2269 \u20ac -","isPartOf":{"@id":"https:\/\/www.der-mopedladen.de\/#website"},"primaryImageOfPage":{"@id":"https:\/\/www.der-mopedladen.de\/?p=20947#primaryimage"},"image":{"@id":"https:\/\/www.der-mopedladen.de\/?p=20947#primaryimage"},"thumbnailUrl":"https:\/\/www.der-mopedladen.de\/wp-content\/uploads\/2025\/01\/KYMCO_Filly_blau_1.jpg","datePublished":"2025-01-21T09:14:28+00:00","dateModified":"2025-12-02T14:37:04+00:00","description":"Der neue Kymco Filly - ein schnuckeliger kleiner Stadtflitzer f\u00fcr jede Gelegenheit mit sparsamer Benzineinspritzug.","breadcrumb":{"@id":"https:\/\/www.der-mopedladen.de\/?p=20947#breadcrumb"},"inLanguage":"de","potentialAction":[{"@type":"ReadAction","target":["https:\/\/www.der-mopedladen.de\/?p=20947"]}]},{"@type":"ImageObject","inLanguage":"de","@id":"https:\/\/www.der-mopedladen.de\/?p=20947#primaryimage","url":"https:\/\/www.der-mopedladen.de\/wp-content\/uploads\/2025\/01\/KYMCO_Filly_blau_1.jpg","contentUrl":"https:\/\/www.der-mopedladen.de\/wp-content\/uploads\/2025\/01\/KYMCO_Filly_blau_1.jpg","width":2048,"height":1365},{"@type":"BreadcrumbList","@id":"https:\/\/www.der-mopedladen.de\/?p=20947#breadcrumb","itemListElement":[{"@type":"ListItem","position":1,"name":"Startseite","item":"https:\/\/www.der-mopedladen.de\/"},{"@type":"ListItem","position":2,"name":"KYMCO Filly 50i . . . . . . . 2269 \u20ac"}]},{"@type":"WebSite","@id":"https:\/\/www.der-mopedladen.de\/#website","url":"https:\/\/www.der-mopedladen.de\/","name":"","description":"","publisher":{"@id":"https:\/\/www.der-mopedladen.de\/#organization"},"potentialAction":[{"@type":"SearchAction","target":{"@type":"EntryPoint","urlTemplate":"https:\/\/www.der-mopedladen.de\/?s={search_term_string}"},"query-input":{"@type":"PropertyValueSpecification","valueRequired":true,"valueName":"search_term_string"}}],"inLanguage":"de"},{"@type":"Organization","@id":"https:\/\/www.der-mopedladen.de\/#organization","name":"Der Mopedladen OHG","url":"https:\/\/www.der-mopedladen.de\/","logo":{"@type":"ImageObject","inLanguage":"de","@id":"https:\/\/www.der-mopedladen.de\/#\/schema\/logo\/image\/","url":"https:\/\/www.der-mopedladen.de\/wp-content\/uploads\/2021\/04\/Logo-DerMopedladen_ZW_CMYK-50x36mm.jpg","contentUrl":"https:\/\/www.der-mopedladen.de\/wp-content\/uploads\/2021\/04\/Logo-DerMopedladen_ZW_CMYK-50x36mm.jpg","width":602,"height":437,"caption":"Der Mopedladen OHG"},"image":{"@id":"https:\/\/www.der-mopedladen.de\/#\/schema\/logo\/image\/"}},{"@type":"Person","@id":"https:\/\/www.der-mopedladen.de\/#\/schema\/person\/4d0c0c9ed7d36464398049539cfdc1c0","name":"Carsten Maluche","image":{"@type":"ImageObject","inLanguage":"de","@id":"https:\/\/www.der-mopedladen.de\/#\/schema\/person\/image\/","url":"https:\/\/secure.gravatar.com\/avatar\/a535b4a133389f55485f0a633a5968f3d69e644503b1fed0e6aa81083975d04a?s=96&d=mm&r=g","contentUrl":"https:\/\/secure.gravatar.com\/avatar\/a535b4a133389f55485f0a633a5968f3d69e644503b1fed0e6aa81083975d04a?s=96&d=mm&r=g","caption":"Carsten Maluche"}}]}},"_links":{"self":[{"href":"https:\/\/www.der-mopedladen.de\/index.php?rest_route=\/wp\/v2\/posts\/20947","targetHints":{"allow":["GET"]}}],"collection":[{"href":"https:\/\/www.der-mopedladen.de\/index.php?rest_route=\/wp\/v2\/posts"}],"about":[{"href":"https:\/\/www.der-mopedladen.de\/index.php?rest_route=\/wp\/v2\/types\/post"}],"author":[{"embeddable":true,"href":"https:\/\/www.der-mopedladen.de\/index.php?rest_route=\/wp\/v2\/users\/2"}],"replies":[{"embeddable":true,"href":"https:\/\/www.der-mopedladen.de\/index.php?rest_route=%2Fwp%2Fv2%2Fcomments&post=20947"}],"version-history":[{"count":2,"href":"https:\/\/www.der-mopedladen.de\/index.php?rest_route=\/wp\/v2\/posts\/20947\/revisions"}],"predecessor-version":[{"id":23057,"href":"https:\/\/www.der-mopedladen.de\/index.php?rest_route=\/wp\/v2\/posts\/20947\/revisions\/23057"}],"wp:featuredmedia":[{"embeddable":true,"href":"https:\/\/www.der-mopedladen.de\/index.php?rest_route=\/wp\/v2\/media\/21057"}],"wp:attachment":[{"href":"https:\/\/www.der-mopedladen.de\/index.php?rest_route=%2Fwp%2Fv2%2Fmedia&parent=20947"}],"wp:term":[{"taxonomy":"category","embeddable":true,"href":"https:\/\/www.der-mopedladen.de\/index.php?rest_route=%2Fwp%2Fv2%2Fcategories&post=20947"},{"taxonomy":"post_tag","embeddable":true,"href":"https:\/\/www.der-mopedladen.de\/index.php?rest_route=%2Fwp%2Fv2%2Ftags&post=20947"}],"curies":[{"name":"wp","href":"https:\/\/api.w.org\/{rel}","templated":true}]}}