{"id":15312,"date":"2023-04-20T16:36:22","date_gmt":"2023-04-20T14:36:22","guid":{"rendered":"https:\/\/www.der-mopedladen.de\/?p=15312"},"modified":"2023-04-20T16:36:23","modified_gmt":"2023-04-20T14:36:23","slug":"rennstreckenevents-2022-nachspielzeit","status":"publish","type":"post","link":"https:\/\/www.der-mopedladen.de\/?p=15312","title":{"rendered":"Rennstreckenevents 2022 &#8211; Nachspielzeit"},"content":{"rendered":"\n<p>Die Saison haben wir dann im August mit einer erneuten Runde am Bilster Berg ausklingen lassen. Samstag bin ich allein mit der RS660 gefahren und am Sonntag war auch unsere Tuono 1100 wieder mit am Start. Es lief wie immer (viele Unterbrechungen), und das Wetter war am Samstag durchwachsen, soda\u00df ich schonmal die ersten beiden Turns hab ausfallen lassen. Daf\u00fcr schien am Sonntag aber durchgehend die Sonne.<\/p>\n<p>Eigentlich wollten wir alles entspannt angehen lassen, aber daraus wurde nichts. Im Gegenteil entwickelte sich das Ganze dann leider zu einem ziemlichen Alptraum: Ich verfolgte mit der RS 660 mal wieder Thomas auf der Tuono 1100 als mich eine \u00fcppiger motorisierte Fireblade auf der &#8222;Geraden&#8220; \u00fcberholte. An Thomas kam er erst in der Mausefalle vorbei &#8211; wer die Strecke kennt, weiss was gemeint ist &#8211; danach gehts jedenfalls wieder steil bergauf und oben \u00fcber eine Kuppe blind nach rechts. Genau dort klappte dem forschen Fireblade-Pilot leider bei rund 150 Sachen sein Vorderrad ein und er segelte getrennt vom Motorrad durch die Gegend. Wir wollten ihn nun auf keinen Fall \u00fcberfahren und haben gebannt auf sein sich \u00fcberschlagendes Motorrad geguckt. Wie man weiss f\u00e4hrt man mit dem Motorrad aber leider immer dahin, wohin man guckt und in diesem Fall war das nunmal das Kiesbett \ud83d\ude41 Sehr \u00e4rgerlich!<\/p>\n<p>Ausser vielen Kratzern durch den Kies ist den Motorr\u00e4dern zum Gl\u00fcck nicht viel passiert. Thomas hat sich allerdings schmerzhaft an Daumen und Schulter verletzt. Ich konnte mit der RS 660 dann sogar noch den \u00fcbern\u00e4chsten Turn fahren, als Fazit bleibt aber nur: Bilster Berg, Auf Wiedersehen &#8211; das wars zum letzten Mal!<\/p>\n","protected":false},"excerpt":{"rendered":"<p>Die Saison haben wir dann im August mit einer erneuten Runde am Bilster Berg ausklingen lassen. Samstag bin ich allein mit der RS660 gefahren und\u2026<\/p>\n<p class=\"continue-reading-button\"> <a class=\"continue-reading-link\" href=\"https:\/\/www.der-mopedladen.de\/?p=15312\">Mehr Informationen<i class=\"crycon-right-dir\"><\/i><\/a><\/p>\n","protected":false},"author":2,"featured_media":0,"comment_status":"closed","ping_status":"closed","sticky":false,"template":"","format":"standard","meta":{"footnotes":""},"categories":[1],"tags":[],"class_list":["post-15312","post","type-post","status-publish","format-standard","hentry","category-start"],"yoast_head":"<!-- This site is optimized with the Yoast SEO plugin v25.7 - https:\/\/yoast.com\/wordpress\/plugins\/seo\/ -->\n<title>Rennstreckenevents 2022 - Nachspielzeit -<\/title>\n<meta name=\"robots\" content=\"index, follow, max-snippet:-1, max-image-preview:large, max-video-preview:-1\" \/>\n<link rel=\"canonical\" href=\"https:\/\/www.der-mopedladen.de\/?p=15312\" \/>\n<meta property=\"og:locale\" content=\"de_DE\" \/>\n<meta property=\"og:type\" content=\"article\" \/>\n<meta property=\"og:title\" content=\"Rennstreckenevents 2022 - Nachspielzeit -\" \/>\n<meta property=\"og:description\" content=\"Die Saison haben wir dann im August mit einer erneuten Runde am Bilster Berg ausklingen lassen. Samstag bin ich allein mit der RS660 gefahren und\u2026 Mehr Informationen\" \/>\n<meta property=\"og:url\" content=\"https:\/\/www.der-mopedladen.de\/?p=15312\" \/>\n<meta property=\"article:published_time\" content=\"2023-04-20T14:36:22+00:00\" \/>\n<meta property=\"article:modified_time\" content=\"2023-04-20T14:36:23+00:00\" \/>\n<meta name=\"author\" content=\"Carsten Maluche\" \/>\n<meta name=\"twitter:card\" content=\"summary_large_image\" \/>\n<meta name=\"twitter:label1\" content=\"Verfasst von\" \/>\n\t<meta name=\"twitter:data1\" content=\"Carsten Maluche\" \/>\n\t<meta name=\"twitter:label2\" content=\"Gesch\u00e4tzte Lesezeit\" \/>\n\t<meta name=\"twitter:data2\" content=\"2\u00a0Minuten\" \/>\n<script type=\"application\/ld+json\" class=\"yoast-schema-graph\">{\"@context\":\"https:\/\/schema.org\",\"@graph\":[{\"@type\":\"Article\",\"@id\":\"https:\/\/www.der-mopedladen.de\/?p=15312#article\",\"isPartOf\":{\"@id\":\"https:\/\/www.der-mopedladen.de\/?p=15312\"},\"author\":{\"name\":\"Carsten Maluche\",\"@id\":\"https:\/\/www.der-mopedladen.de\/#\/schema\/person\/4d0c0c9ed7d36464398049539cfdc1c0\"},\"headline\":\"Rennstreckenevents 2022 &#8211; Nachspielzeit\",\"datePublished\":\"2023-04-20T14:36:22+00:00\",\"dateModified\":\"2023-04-20T14:36:23+00:00\",\"mainEntityOfPage\":{\"@id\":\"https:\/\/www.der-mopedladen.de\/?p=15312\"},\"wordCount\":268,\"publisher\":{\"@id\":\"https:\/\/www.der-mopedladen.de\/#organization\"},\"articleSection\":[\"Start\"],\"inLanguage\":\"de\"},{\"@type\":\"WebPage\",\"@id\":\"https:\/\/www.der-mopedladen.de\/?p=15312\",\"url\":\"https:\/\/www.der-mopedladen.de\/?p=15312\",\"name\":\"Rennstreckenevents 2022 - Nachspielzeit -\",\"isPartOf\":{\"@id\":\"https:\/\/www.der-mopedladen.de\/#website\"},\"datePublished\":\"2023-04-20T14:36:22+00:00\",\"dateModified\":\"2023-04-20T14:36:23+00:00\",\"breadcrumb\":{\"@id\":\"https:\/\/www.der-mopedladen.de\/?p=15312#breadcrumb\"},\"inLanguage\":\"de\",\"potentialAction\":[{\"@type\":\"ReadAction\",\"target\":[\"https:\/\/www.der-mopedladen.de\/?p=15312\"]}]},{\"@type\":\"BreadcrumbList\",\"@id\":\"https:\/\/www.der-mopedladen.de\/?p=15312#breadcrumb\",\"itemListElement\":[{\"@type\":\"ListItem\",\"position\":1,\"name\":\"Startseite\",\"item\":\"https:\/\/www.der-mopedladen.de\/\"},{\"@type\":\"ListItem\",\"position\":2,\"name\":\"Rennstreckenevents 2022 &#8211; Nachspielzeit\"}]},{\"@type\":\"WebSite\",\"@id\":\"https:\/\/www.der-mopedladen.de\/#website\",\"url\":\"https:\/\/www.der-mopedladen.de\/\",\"name\":\"\",\"description\":\"\",\"publisher\":{\"@id\":\"https:\/\/www.der-mopedladen.de\/#organization\"},\"potentialAction\":[{\"@type\":\"SearchAction\",\"target\":{\"@type\":\"EntryPoint\",\"urlTemplate\":\"https:\/\/www.der-mopedladen.de\/?s={search_term_string}\"},\"query-input\":{\"@type\":\"PropertyValueSpecification\",\"valueRequired\":true,\"valueName\":\"search_term_string\"}}],\"inLanguage\":\"de\"},{\"@type\":\"Organization\",\"@id\":\"https:\/\/www.der-mopedladen.de\/#organization\",\"name\":\"Der Mopedladen OHG\",\"url\":\"https:\/\/www.der-mopedladen.de\/\",\"logo\":{\"@type\":\"ImageObject\",\"inLanguage\":\"de\",\"@id\":\"https:\/\/www.der-mopedladen.de\/#\/schema\/logo\/image\/\",\"url\":\"https:\/\/www.der-mopedladen.de\/wp-content\/uploads\/2021\/04\/Logo-DerMopedladen_ZW_CMYK-50x36mm.jpg\",\"contentUrl\":\"https:\/\/www.der-mopedladen.de\/wp-content\/uploads\/2021\/04\/Logo-DerMopedladen_ZW_CMYK-50x36mm.jpg\",\"width\":602,\"height\":437,\"caption\":\"Der Mopedladen OHG\"},\"image\":{\"@id\":\"https:\/\/www.der-mopedladen.de\/#\/schema\/logo\/image\/\"}},{\"@type\":\"Person\",\"@id\":\"https:\/\/www.der-mopedladen.de\/#\/schema\/person\/4d0c0c9ed7d36464398049539cfdc1c0\",\"name\":\"Carsten Maluche\",\"image\":{\"@type\":\"ImageObject\",\"inLanguage\":\"de\",\"@id\":\"https:\/\/www.der-mopedladen.de\/#\/schema\/person\/image\/\",\"url\":\"https:\/\/secure.gravatar.com\/avatar\/a535b4a133389f55485f0a633a5968f3d69e644503b1fed0e6aa81083975d04a?s=96&d=mm&r=g\",\"contentUrl\":\"https:\/\/secure.gravatar.com\/avatar\/a535b4a133389f55485f0a633a5968f3d69e644503b1fed0e6aa81083975d04a?s=96&d=mm&r=g\",\"caption\":\"Carsten Maluche\"}}]}<\/script>\n<!-- \/ Yoast SEO plugin. -->","yoast_head_json":{"title":"Rennstreckenevents 2022 - Nachspielzeit -","robots":{"index":"index","follow":"follow","max-snippet":"max-snippet:-1","max-image-preview":"max-image-preview:large","max-video-preview":"max-video-preview:-1"},"canonical":"https:\/\/www.der-mopedladen.de\/?p=15312","og_locale":"de_DE","og_type":"article","og_title":"Rennstreckenevents 2022 - Nachspielzeit -","og_description":"Die Saison haben wir dann im August mit einer erneuten Runde am Bilster Berg ausklingen lassen. Samstag bin ich allein mit der RS660 gefahren und\u2026 Mehr Informationen","og_url":"https:\/\/www.der-mopedladen.de\/?p=15312","article_published_time":"2023-04-20T14:36:22+00:00","article_modified_time":"2023-04-20T14:36:23+00:00","author":"Carsten Maluche","twitter_card":"summary_large_image","twitter_misc":{"Verfasst von":"Carsten Maluche","Gesch\u00e4tzte Lesezeit":"2\u00a0Minuten"},"schema":{"@context":"https:\/\/schema.org","@graph":[{"@type":"Article","@id":"https:\/\/www.der-mopedladen.de\/?p=15312#article","isPartOf":{"@id":"https:\/\/www.der-mopedladen.de\/?p=15312"},"author":{"name":"Carsten Maluche","@id":"https:\/\/www.der-mopedladen.de\/#\/schema\/person\/4d0c0c9ed7d36464398049539cfdc1c0"},"headline":"Rennstreckenevents 2022 &#8211; Nachspielzeit","datePublished":"2023-04-20T14:36:22+00:00","dateModified":"2023-04-20T14:36:23+00:00","mainEntityOfPage":{"@id":"https:\/\/www.der-mopedladen.de\/?p=15312"},"wordCount":268,"publisher":{"@id":"https:\/\/www.der-mopedladen.de\/#organization"},"articleSection":["Start"],"inLanguage":"de"},{"@type":"WebPage","@id":"https:\/\/www.der-mopedladen.de\/?p=15312","url":"https:\/\/www.der-mopedladen.de\/?p=15312","name":"Rennstreckenevents 2022 - Nachspielzeit -","isPartOf":{"@id":"https:\/\/www.der-mopedladen.de\/#website"},"datePublished":"2023-04-20T14:36:22+00:00","dateModified":"2023-04-20T14:36:23+00:00","breadcrumb":{"@id":"https:\/\/www.der-mopedladen.de\/?p=15312#breadcrumb"},"inLanguage":"de","potentialAction":[{"@type":"ReadAction","target":["https:\/\/www.der-mopedladen.de\/?p=15312"]}]},{"@type":"BreadcrumbList","@id":"https:\/\/www.der-mopedladen.de\/?p=15312#breadcrumb","itemListElement":[{"@type":"ListItem","position":1,"name":"Startseite","item":"https:\/\/www.der-mopedladen.de\/"},{"@type":"ListItem","position":2,"name":"Rennstreckenevents 2022 &#8211; Nachspielzeit"}]},{"@type":"WebSite","@id":"https:\/\/www.der-mopedladen.de\/#website","url":"https:\/\/www.der-mopedladen.de\/","name":"","description":"","publisher":{"@id":"https:\/\/www.der-mopedladen.de\/#organization"},"potentialAction":[{"@type":"SearchAction","target":{"@type":"EntryPoint","urlTemplate":"https:\/\/www.der-mopedladen.de\/?s={search_term_string}"},"query-input":{"@type":"PropertyValueSpecification","valueRequired":true,"valueName":"search_term_string"}}],"inLanguage":"de"},{"@type":"Organization","@id":"https:\/\/www.der-mopedladen.de\/#organization","name":"Der Mopedladen OHG","url":"https:\/\/www.der-mopedladen.de\/","logo":{"@type":"ImageObject","inLanguage":"de","@id":"https:\/\/www.der-mopedladen.de\/#\/schema\/logo\/image\/","url":"https:\/\/www.der-mopedladen.de\/wp-content\/uploads\/2021\/04\/Logo-DerMopedladen_ZW_CMYK-50x36mm.jpg","contentUrl":"https:\/\/www.der-mopedladen.de\/wp-content\/uploads\/2021\/04\/Logo-DerMopedladen_ZW_CMYK-50x36mm.jpg","width":602,"height":437,"caption":"Der Mopedladen OHG"},"image":{"@id":"https:\/\/www.der-mopedladen.de\/#\/schema\/logo\/image\/"}},{"@type":"Person","@id":"https:\/\/www.der-mopedladen.de\/#\/schema\/person\/4d0c0c9ed7d36464398049539cfdc1c0","name":"Carsten Maluche","image":{"@type":"ImageObject","inLanguage":"de","@id":"https:\/\/www.der-mopedladen.de\/#\/schema\/person\/image\/","url":"https:\/\/secure.gravatar.com\/avatar\/a535b4a133389f55485f0a633a5968f3d69e644503b1fed0e6aa81083975d04a?s=96&d=mm&r=g","contentUrl":"https:\/\/secure.gravatar.com\/avatar\/a535b4a133389f55485f0a633a5968f3d69e644503b1fed0e6aa81083975d04a?s=96&d=mm&r=g","caption":"Carsten Maluche"}}]}},"_links":{"self":[{"href":"https:\/\/www.der-mopedladen.de\/index.php?rest_route=\/wp\/v2\/posts\/15312","targetHints":{"allow":["GET"]}}],"collection":[{"href":"https:\/\/www.der-mopedladen.de\/index.php?rest_route=\/wp\/v2\/posts"}],"about":[{"href":"https:\/\/www.der-mopedladen.de\/index.php?rest_route=\/wp\/v2\/types\/post"}],"author":[{"embeddable":true,"href":"https:\/\/www.der-mopedladen.de\/index.php?rest_route=\/wp\/v2\/users\/2"}],"replies":[{"embeddable":true,"href":"https:\/\/www.der-mopedladen.de\/index.php?rest_route=%2Fwp%2Fv2%2Fcomments&post=15312"}],"version-history":[{"count":0,"href":"https:\/\/www.der-mopedladen.de\/index.php?rest_route=\/wp\/v2\/posts\/15312\/revisions"}],"wp:attachment":[{"href":"https:\/\/www.der-mopedladen.de\/index.php?rest_route=%2Fwp%2Fv2%2Fmedia&parent=15312"}],"wp:term":[{"taxonomy":"category","embeddable":true,"href":"https:\/\/www.der-mopedladen.de\/index.php?rest_route=%2Fwp%2Fv2%2Fcategories&post=15312"},{"taxonomy":"post_tag","embeddable":true,"href":"https:\/\/www.der-mopedladen.de\/index.php?rest_route=%2Fwp%2Fv2%2Ftags&post=15312"}],"curies":[{"name":"wp","href":"https:\/\/api.w.org\/{rel}","templated":true}]}}