{"id":15049,"date":"2023-01-31T17:10:31","date_gmt":"2023-01-31T16:10:31","guid":{"rendered":"https:\/\/www.der-mopedladen.de\/?p=15049"},"modified":"2023-03-21T15:11:38","modified_gmt":"2023-03-21T14:11:38","slug":"rennstreckenevents-2022-2-halbzeit","status":"publish","type":"post","link":"https:\/\/www.der-mopedladen.de\/?p=15049","title":{"rendered":"Rennstreckenevents 2022 &#8211; 2. Halbzeit"},"content":{"rendered":"\n<p>Direkt im Anschluss am n\u00e4chsten Juli-Wochenende war ich allein f\u00fcr 2 Tage auf dem Spreewaldring wieder mit dem <a href=\"http:\/\/www.zweirad-akademie.gmbh\/\" target=\"_blank\" rel=\"noopener\">Zweirad.Team<\/a>. Ich war das erste Mal dort und im Verlauf der beiden Tage konnte ich meine Zeiten kontinuierlich steigern. Die Strecke selbst ist gerade f\u00fcr ein eher leistungsschwaches Motorrad sch\u00f6n, weil es kaum Geraden gibt. Am zweiten Tag bekam auch hier (wie schon auf dem Bilster Berg) eine &#8222;gelbe Karte&#8220; weil ich etwas zu laut war.\u00a0<\/p>\n<p>Am darauffolgenden Wochenende waren wir dann wieder zu zweit in Assen auf dem TT-Circuit. Wir waren das erste Mal dort und es war schon beeindruckend auf einer echten GP Strecke unterwegs zu sein. Insbesondere wenn man vorher auf dem Spreewaldring war \ud83d\ude09 Veranstalter war Team Dannhoff, wir hatten Bombenwetter, leider gabs mit der RS 660 ein paar kleinere Probleme. Wir hatten vor Assen noch schnell einen Satz Pirelli Diablo Supercorsas aufgezogen, da es sehr heiss werden sollte (was es auch wurde). Das war also die richtige Wahl.<\/p>\n<p>Au\u00dferdem hatten wir noch etwas griffigere ABM Fu\u00dfrasten verbaut mitsamt den passenden Gelenken. Kurz vor Ende von Turn 3 trat ich dann rechtsseitig ins Leere &#8211; ich hatte die Raste komplett verloren, nur noch das sehr kurze Gelenk war vorhanden. Spart nie am Schraubenkleber! Gl\u00fccklicherweise konnte ich im Fahrerlager eine unfassbar teure TenKate Fu\u00dfraste auftreiben, die aber eigentlich f\u00fcr eine solide M8 Verschraubung gedacht war. ABM verbaut hingegen nur ein M5-Schr\u00e4ubchen, da sich die Raste haupts\u00e4chlich am Gelenk b\u00fcndig abst\u00fctzt. Wir haben es dann irgendwie montiert bekommen, sonderlich Vertrauen erweckend war die M5 Befestigung aber nicht. Na ja, ich wollte prim\u00e4r die restlichen Turns fahren.<\/p>\n<p>Im n\u00e4chsten Turn bin ich dann mit halbvollem Tank raus (3 Balken) und nach 15min fing die RS660 dann pl\u00f6tzlich an zu stottern und nahm kein Gas mehr an. Nach der engen Spitzkehre bin ich dann hinter der Leitplanke ausgerollt. Als der Turn durch war, hab ich dann versucht nochmal zu starten, sie sprang an und ich konnte mich aus eigener Kraft zum tanken ins Fahrerlager schleppen. Vor dem Ausfall war ich nach Start-Ziel ausschlie\u00dflich in Rechtskurven unterwegs, die Benzinpumpe sitzt aber mehr auf der linken Seite des Tanks. Da hat sie dann wohl kurzzeitig Luft angesaugt. Also: immer sch\u00f6n volltanken!<\/p>\n<p>Im 5. Turn h\u00e4tte ich dann beinah noch eine von den verr\u00fcckten Racing-M\u00f6wen gekillt, die st\u00e4ndig auf der Strecke sa\u00dfen und erst im letzten Moment bzw. teilweise gar nicht wegflogen. Beim beschleunigen aus der Haarnadel kreuzte die M\u00f6we in 1m H\u00f6he die Fahrbahn, als ich schon mit rund 150km\/h angeflogen kam. Bis zum Einschlag hat da nicht viel gefehlt. Insgesamt sehr ereignisreich, wir sind n\u00e4chstes Jahr bestimmt wieder dabei, die Strecke ist wirklich der Hammer!<\/p>\n<p>\u00a0<\/p>\n<div id=\"envira-gallery-wrap-14998\" class=\"envira-gallery-wrap envira-gallery-theme-base envira-lightbox-theme-base\" itemscope itemtype=\"https:\/\/schema.org\/ImageGallery\"><div data-row-height=\"150\" data-gallery-theme=\"normal\" id=\"envira-gallery-14998\" class=\"envira-gallery-public envira-gallery-justified-public envira-gallery-0-columns envira-clear enviratope envira-gallery-css-animations\" data-envira-columns=\"0\"><div id=\"envira-gallery-item-14866\" class=\"envira-gallery-item enviratope-item envira-gallery-item-1 envira-lazy-load\" style=\"padding-left: 5px; padding-bottom: 10px; padding-right: 5px;\"  itemscope itemtype=\"https:\/\/schema.org\/ImageObject\"><div class=\"envira-gallery-item-inner\"><div class=\"envira-gallery-position-overlay  envira-gallery-top-left\"><\/div><div class=\"envira-gallery-position-overlay  envira-gallery-top-right\"><\/div><div class=\"envira-gallery-position-overlay  envira-gallery-bottom-left\"><\/div><div class=\"envira-gallery-position-overlay  envira-gallery-bottom-right\"><\/div><a href=\"https:\/\/www.der-mopedladen.de\/wp-content\/uploads\/2023\/01\/Harzring.jpeg\" class=\"envira-gallery-14998 envira-gallery-link\" rel=\"enviragallery14998\" title=\"einrollen auf dem Harzring\" data-envira-caption=\"einrollen auf dem Harzring\" data-envira-retina=\"\" data-thumbnail=\"\"  itemprop=\"contentUrl\"><img decoding=\"async\" id=\"envira-gallery-image-14866\" class=\"envira-gallery-image envira-gallery-image-1 envira-normal envira-lazy\" data-envira-index=\"1\" src=\"https:\/\/www.der-mopedladen.de\/wp-content\/uploads\/2023\/01\/Harzring-1024x768-640x480.jpeg\" data-envira-src=\"https:\/\/www.der-mopedladen.de\/wp-content\/uploads\/2023\/01\/Harzring-1024x768-640x480.jpeg\" data-envira-gallery-id=\"14998\" data-envira-item-id=\"14866\" data-envira-caption=\"einrollen auf dem Harzring\" alt=\"\" title=\"einrollen auf dem Harzring\"  itemprop=\"thumbnailUrl\" data-envira-srcset=\"https:\/\/www.der-mopedladen.de\/wp-content\/uploads\/2023\/01\/Harzring-1024x768-640x480.jpeg 400w,https:\/\/www.der-mopedladen.de\/wp-content\/uploads\/2023\/01\/Harzring-1024x768-640x480.jpeg 2x\" data-envira-width=\"300\" data-envira-height=\"225\" srcset=\"data:image\/gif;base64,R0lGODlhAQABAIAAAP\/\/\/\/\/\/\/yH5BAEKAAEALAAAAAABAAEAAAICTAEAOw==\" data-safe-src=\"data:image\/gif;base64,R0lGODlhAQABAIAAAP\/\/\/\/\/\/\/yH5BAEKAAEALAAAAAABAAEAAAICTAEAOw==\" \/><\/a><\/div><\/div><div id=\"envira-gallery-item-14891\" class=\"envira-gallery-item enviratope-item envira-gallery-item-2 envira-lazy-load\" style=\"padding-left: 5px; padding-bottom: 10px; padding-right: 5px;\"  itemscope itemtype=\"https:\/\/schema.org\/ImageObject\"><div class=\"envira-gallery-item-inner\"><div class=\"envira-gallery-position-overlay  envira-gallery-top-left\"><\/div><div class=\"envira-gallery-position-overlay  envira-gallery-top-right\"><\/div><div class=\"envira-gallery-position-overlay  envira-gallery-bottom-left\"><\/div><div class=\"envira-gallery-position-overlay  envira-gallery-bottom-right\"><\/div><a href=\"https:\/\/www.der-mopedladen.de\/wp-content\/uploads\/2023\/01\/Oschersleben-2022-1.jpg\" class=\"envira-gallery-14998 envira-gallery-link\" rel=\"enviragallery14998\" title=\"Oschersleben Fahrerlager\" data-envira-caption=\"Oschersleben Fahrerlager\" data-envira-retina=\"\" data-thumbnail=\"\"  itemprop=\"contentUrl\"><img decoding=\"async\" id=\"envira-gallery-image-14891\" class=\"envira-gallery-image envira-gallery-image-2 envira-normal envira-lazy\" data-envira-index=\"2\" src=\"https:\/\/www.der-mopedladen.de\/wp-content\/uploads\/2023\/01\/Oschersleben-2022-1-1024x769-640x480.jpg\" data-envira-src=\"https:\/\/www.der-mopedladen.de\/wp-content\/uploads\/2023\/01\/Oschersleben-2022-1-1024x769-640x480.jpg\" data-envira-gallery-id=\"14998\" data-envira-item-id=\"14891\" data-envira-caption=\"Oschersleben Fahrerlager\" alt=\"\" title=\"Oschersleben Fahrerlager\"  itemprop=\"thumbnailUrl\" data-envira-srcset=\"https:\/\/www.der-mopedladen.de\/wp-content\/uploads\/2023\/01\/Oschersleben-2022-1-1024x769-640x480.jpg 400w,https:\/\/www.der-mopedladen.de\/wp-content\/uploads\/2023\/01\/Oschersleben-2022-1-1024x769-640x480.jpg 2x\" data-envira-width=\"300\" data-envira-height=\"225\" srcset=\"data:image\/gif;base64,R0lGODlhAQABAIAAAP\/\/\/\/\/\/\/yH5BAEKAAEALAAAAAABAAEAAAICTAEAOw==\" data-safe-src=\"data:image\/gif;base64,R0lGODlhAQABAIAAAP\/\/\/\/\/\/\/yH5BAEKAAEALAAAAAABAAEAAAICTAEAOw==\" \/><\/a><\/div><\/div><div id=\"envira-gallery-item-14892\" class=\"envira-gallery-item enviratope-item envira-gallery-item-3 envira-lazy-load\" style=\"padding-left: 5px; padding-bottom: 10px; padding-right: 5px;\"  itemscope itemtype=\"https:\/\/schema.org\/ImageObject\"><div class=\"envira-gallery-item-inner\"><div class=\"envira-gallery-position-overlay  envira-gallery-top-left\"><\/div><div class=\"envira-gallery-position-overlay  envira-gallery-top-right\"><\/div><div class=\"envira-gallery-position-overlay  envira-gallery-bottom-left\"><\/div><div class=\"envira-gallery-position-overlay  envira-gallery-bottom-right\"><\/div><a href=\"https:\/\/www.der-mopedladen.de\/wp-content\/uploads\/2023\/01\/Oschersleben-2022-2.jpg\" class=\"envira-gallery-14998 envira-gallery-link\" rel=\"enviragallery14998\" title=\"Oschersleben Blick aufs Fahrerlager\" data-envira-caption=\"Oschersleben Blick aufs Fahrerlager\" data-envira-retina=\"\" data-thumbnail=\"\"  itemprop=\"contentUrl\"><img decoding=\"async\" id=\"envira-gallery-image-14892\" class=\"envira-gallery-image envira-gallery-image-3 envira-normal envira-lazy\" data-envira-index=\"3\" src=\"https:\/\/www.der-mopedladen.de\/wp-content\/uploads\/2023\/01\/Oschersleben-2022-2-1024x768-640x480.jpg\" data-envira-src=\"https:\/\/www.der-mopedladen.de\/wp-content\/uploads\/2023\/01\/Oschersleben-2022-2-1024x768-640x480.jpg\" data-envira-gallery-id=\"14998\" data-envira-item-id=\"14892\" data-envira-caption=\"Oschersleben Blick aufs Fahrerlager\" alt=\"\" title=\"Oschersleben Blick aufs Fahrerlager\"  itemprop=\"thumbnailUrl\" data-envira-srcset=\"https:\/\/www.der-mopedladen.de\/wp-content\/uploads\/2023\/01\/Oschersleben-2022-2-1024x768-640x480.jpg 400w,https:\/\/www.der-mopedladen.de\/wp-content\/uploads\/2023\/01\/Oschersleben-2022-2-1024x768-640x480.jpg 2x\" data-envira-width=\"300\" data-envira-height=\"225\" srcset=\"data:image\/gif;base64,R0lGODlhAQABAIAAAP\/\/\/\/\/\/\/yH5BAEKAAEALAAAAAABAAEAAAICTAEAOw==\" data-safe-src=\"data:image\/gif;base64,R0lGODlhAQABAIAAAP\/\/\/\/\/\/\/yH5BAEKAAEALAAAAAABAAEAAAICTAEAOw==\" \/><\/a><\/div><\/div><div id=\"envira-gallery-item-14957\" class=\"envira-gallery-item enviratope-item envira-gallery-item-4 envira-lazy-load\" style=\"padding-left: 5px; padding-bottom: 10px; padding-right: 5px;\"  itemscope itemtype=\"https:\/\/schema.org\/ImageObject\"><div class=\"envira-gallery-item-inner\"><div class=\"envira-gallery-position-overlay  envira-gallery-top-left\"><\/div><div class=\"envira-gallery-position-overlay  envira-gallery-top-right\"><\/div><div class=\"envira-gallery-position-overlay  envira-gallery-bottom-left\"><\/div><div class=\"envira-gallery-position-overlay  envira-gallery-bottom-right\"><\/div><a href=\"https:\/\/www.der-mopedladen.de\/wp-content\/uploads\/2023\/01\/Spreewaldring-2022-4.jpg\" class=\"envira-gallery-14998 envira-gallery-link\" rel=\"enviragallery14998\" title=\"Am Spreewaldring 2022\" data-envira-caption=\"Am Spreewaldring 2022\" data-envira-retina=\"\" data-thumbnail=\"\"  itemprop=\"contentUrl\"><img decoding=\"async\" id=\"envira-gallery-image-14957\" class=\"envira-gallery-image envira-gallery-image-4 envira-normal envira-lazy\" data-envira-index=\"4\" src=\"https:\/\/www.der-mopedladen.de\/wp-content\/uploads\/2023\/01\/Spreewaldring-2022-4-1024x769-640x480.jpg\" data-envira-src=\"https:\/\/www.der-mopedladen.de\/wp-content\/uploads\/2023\/01\/Spreewaldring-2022-4-1024x769-640x480.jpg\" data-envira-gallery-id=\"14998\" data-envira-item-id=\"14957\" data-envira-caption=\"Am Spreewaldring 2022\" alt=\"\" title=\"Am Spreewaldring 2022\"  itemprop=\"thumbnailUrl\" data-envira-srcset=\"https:\/\/www.der-mopedladen.de\/wp-content\/uploads\/2023\/01\/Spreewaldring-2022-4-1024x769-640x480.jpg 400w,https:\/\/www.der-mopedladen.de\/wp-content\/uploads\/2023\/01\/Spreewaldring-2022-4-1024x769-640x480.jpg 2x\" data-envira-width=\"300\" data-envira-height=\"225\" srcset=\"data:image\/gif;base64,R0lGODlhAQABAIAAAP\/\/\/\/\/\/\/yH5BAEKAAEALAAAAAABAAEAAAICTAEAOw==\" data-safe-src=\"data:image\/gif;base64,R0lGODlhAQABAIAAAP\/\/\/\/\/\/\/yH5BAEKAAEALAAAAAABAAEAAAICTAEAOw==\" \/><\/a><\/div><\/div><div id=\"envira-gallery-item-14956\" class=\"envira-gallery-item enviratope-item envira-gallery-item-5 envira-lazy-load\" style=\"padding-left: 5px; padding-bottom: 10px; padding-right: 5px;\"  itemscope itemtype=\"https:\/\/schema.org\/ImageObject\"><div class=\"envira-gallery-item-inner\"><div class=\"envira-gallery-position-overlay  envira-gallery-top-left\"><\/div><div class=\"envira-gallery-position-overlay  envira-gallery-top-right\"><\/div><div class=\"envira-gallery-position-overlay  envira-gallery-bottom-left\"><\/div><div class=\"envira-gallery-position-overlay  envira-gallery-bottom-right\"><\/div><a href=\"https:\/\/www.der-mopedladen.de\/wp-content\/uploads\/2023\/01\/Spreewaldring-2022-3.jpg\" class=\"envira-gallery-14998 envira-gallery-link\" rel=\"enviragallery14998\" title=\"Spreewaldring 2022 3\" data-envira-caption=\"Spreewaldring 2022 3\" data-envira-retina=\"\" data-thumbnail=\"\"  itemprop=\"contentUrl\"><img decoding=\"async\" id=\"envira-gallery-image-14956\" class=\"envira-gallery-image envira-gallery-image-5 envira-normal envira-lazy\" data-envira-index=\"5\" src=\"https:\/\/www.der-mopedladen.de\/wp-content\/uploads\/2023\/01\/Spreewaldring-2022-3-1024x769-640x480.jpg\" data-envira-src=\"https:\/\/www.der-mopedladen.de\/wp-content\/uploads\/2023\/01\/Spreewaldring-2022-3-1024x769-640x480.jpg\" data-envira-gallery-id=\"14998\" data-envira-item-id=\"14956\" data-envira-caption=\"Spreewaldring 2022 3\" alt=\"\" title=\"Spreewaldring 2022 3\"  itemprop=\"thumbnailUrl\" data-envira-srcset=\"https:\/\/www.der-mopedladen.de\/wp-content\/uploads\/2023\/01\/Spreewaldring-2022-3-1024x769-640x480.jpg 400w,https:\/\/www.der-mopedladen.de\/wp-content\/uploads\/2023\/01\/Spreewaldring-2022-3-1024x769-640x480.jpg 2x\" data-envira-width=\"300\" data-envira-height=\"225\" srcset=\"data:image\/gif;base64,R0lGODlhAQABAIAAAP\/\/\/\/\/\/\/yH5BAEKAAEALAAAAAABAAEAAAICTAEAOw==\" data-safe-src=\"data:image\/gif;base64,R0lGODlhAQABAIAAAP\/\/\/\/\/\/\/yH5BAEKAAEALAAAAAABAAEAAAICTAEAOw==\" \/><\/a><\/div><\/div><div id=\"envira-gallery-item-14955\" class=\"envira-gallery-item enviratope-item envira-gallery-item-6 envira-lazy-load\" style=\"padding-left: 5px; padding-bottom: 10px; padding-right: 5px;\"  itemscope itemtype=\"https:\/\/schema.org\/ImageObject\"><div class=\"envira-gallery-item-inner\"><div class=\"envira-gallery-position-overlay  envira-gallery-top-left\"><\/div><div class=\"envira-gallery-position-overlay  envira-gallery-top-right\"><\/div><div class=\"envira-gallery-position-overlay  envira-gallery-bottom-left\"><\/div><div class=\"envira-gallery-position-overlay  envira-gallery-bottom-right\"><\/div><a href=\"https:\/\/www.der-mopedladen.de\/wp-content\/uploads\/2023\/01\/Spreewaldring-2022-2.jpg\" class=\"envira-gallery-14998 envira-gallery-link\" rel=\"enviragallery14998\" title=\"Fahrerlager Spreewaldring\" data-envira-caption=\"Fahrerlager Spreewaldring\" data-envira-retina=\"\" data-thumbnail=\"\"  itemprop=\"contentUrl\"><img decoding=\"async\" id=\"envira-gallery-image-14955\" class=\"envira-gallery-image envira-gallery-image-6 envira-normal envira-lazy\" data-envira-index=\"6\" src=\"https:\/\/www.der-mopedladen.de\/wp-content\/uploads\/2023\/01\/Spreewaldring-2022-2-1024x768-640x480.jpg\" data-envira-src=\"https:\/\/www.der-mopedladen.de\/wp-content\/uploads\/2023\/01\/Spreewaldring-2022-2-1024x768-640x480.jpg\" data-envira-gallery-id=\"14998\" data-envira-item-id=\"14955\" data-envira-caption=\"Fahrerlager Spreewaldring\" alt=\"\" title=\"Fahrerlager Spreewaldring\"  itemprop=\"thumbnailUrl\" data-envira-srcset=\"https:\/\/www.der-mopedladen.de\/wp-content\/uploads\/2023\/01\/Spreewaldring-2022-2-1024x768-640x480.jpg 400w,https:\/\/www.der-mopedladen.de\/wp-content\/uploads\/2023\/01\/Spreewaldring-2022-2-1024x768-640x480.jpg 2x\" data-envira-width=\"300\" data-envira-height=\"225\" srcset=\"data:image\/gif;base64,R0lGODlhAQABAIAAAP\/\/\/\/\/\/\/yH5BAEKAAEALAAAAAABAAEAAAICTAEAOw==\" data-safe-src=\"data:image\/gif;base64,R0lGODlhAQABAIAAAP\/\/\/\/\/\/\/yH5BAEKAAEALAAAAAABAAEAAAICTAEAOw==\" \/><\/a><\/div><\/div><div id=\"envira-gallery-item-14954\" class=\"envira-gallery-item enviratope-item envira-gallery-item-7 envira-lazy-load\" style=\"padding-left: 5px; padding-bottom: 10px; padding-right: 5px;\"  itemscope itemtype=\"https:\/\/schema.org\/ImageObject\"><div class=\"envira-gallery-item-inner\"><div class=\"envira-gallery-position-overlay  envira-gallery-top-left\"><\/div><div class=\"envira-gallery-position-overlay  envira-gallery-top-right\"><\/div><div class=\"envira-gallery-position-overlay  envira-gallery-bottom-left\"><\/div><div class=\"envira-gallery-position-overlay  envira-gallery-bottom-right\"><\/div><a href=\"https:\/\/www.der-mopedladen.de\/wp-content\/uploads\/2023\/01\/Spreewaldring-2022-1.jpg\" class=\"envira-gallery-14998 envira-gallery-link\" rel=\"enviragallery14998\" title=\"Spreewaldring 2022 1\" data-envira-caption=\"Spreewaldring 2022 1\" data-envira-retina=\"\" data-thumbnail=\"\"  itemprop=\"contentUrl\"><img decoding=\"async\" id=\"envira-gallery-image-14954\" class=\"envira-gallery-image envira-gallery-image-7 envira-normal envira-lazy\" data-envira-index=\"7\" src=\"https:\/\/www.der-mopedladen.de\/wp-content\/uploads\/2023\/01\/Spreewaldring-2022-1-1024x769-640x480.jpg\" data-envira-src=\"https:\/\/www.der-mopedladen.de\/wp-content\/uploads\/2023\/01\/Spreewaldring-2022-1-1024x769-640x480.jpg\" data-envira-gallery-id=\"14998\" data-envira-item-id=\"14954\" data-envira-caption=\"Spreewaldring 2022 1\" alt=\"\" title=\"Spreewaldring 2022 1\"  itemprop=\"thumbnailUrl\" data-envira-srcset=\"https:\/\/www.der-mopedladen.de\/wp-content\/uploads\/2023\/01\/Spreewaldring-2022-1-1024x769-640x480.jpg 400w,https:\/\/www.der-mopedladen.de\/wp-content\/uploads\/2023\/01\/Spreewaldring-2022-1-1024x769-640x480.jpg 2x\" data-envira-width=\"300\" data-envira-height=\"225\" srcset=\"data:image\/gif;base64,R0lGODlhAQABAIAAAP\/\/\/\/\/\/\/yH5BAEKAAEALAAAAAABAAEAAAICTAEAOw==\" data-safe-src=\"data:image\/gif;base64,R0lGODlhAQABAIAAAP\/\/\/\/\/\/\/yH5BAEKAAEALAAAAAABAAEAAAICTAEAOw==\" \/><\/a><\/div><\/div><div id=\"envira-gallery-item-14860\" class=\"envira-gallery-item enviratope-item envira-gallery-item-8 envira-lazy-load\" style=\"padding-left: 5px; padding-bottom: 10px; padding-right: 5px;\"  itemscope itemtype=\"https:\/\/schema.org\/ImageObject\"><div class=\"envira-gallery-item-inner\"><div class=\"envira-gallery-position-overlay  envira-gallery-top-left\"><\/div><div class=\"envira-gallery-position-overlay  envira-gallery-top-right\"><\/div><div class=\"envira-gallery-position-overlay  envira-gallery-bottom-left\"><\/div><div class=\"envira-gallery-position-overlay  envira-gallery-bottom-right\"><\/div><a href=\"https:\/\/www.der-mopedladen.de\/wp-content\/uploads\/2023\/01\/Bilster-Berg-2022-3.jpg\" class=\"envira-gallery-14998 envira-gallery-link\" rel=\"enviragallery14998\" title=\"Bilster Berg Fahrerlager\" data-envira-caption=\"Bilster Berg Fahrerlager\" data-envira-retina=\"\" data-thumbnail=\"\"  itemprop=\"contentUrl\"><img decoding=\"async\" id=\"envira-gallery-image-14860\" class=\"envira-gallery-image envira-gallery-image-8 envira-normal envira-lazy\" data-envira-index=\"8\" src=\"https:\/\/www.der-mopedladen.de\/wp-content\/uploads\/2023\/01\/Bilster-Berg-2022-3-1024x768-640x480.jpg\" data-envira-src=\"https:\/\/www.der-mopedladen.de\/wp-content\/uploads\/2023\/01\/Bilster-Berg-2022-3-1024x768-640x480.jpg\" data-envira-gallery-id=\"14998\" data-envira-item-id=\"14860\" data-envira-caption=\"Bilster Berg Fahrerlager\" alt=\"\" title=\"Bilster Berg Fahrerlager\"  itemprop=\"thumbnailUrl\" data-envira-srcset=\"https:\/\/www.der-mopedladen.de\/wp-content\/uploads\/2023\/01\/Bilster-Berg-2022-3-1024x768-640x480.jpg 400w,https:\/\/www.der-mopedladen.de\/wp-content\/uploads\/2023\/01\/Bilster-Berg-2022-3-1024x768-640x480.jpg 2x\" data-envira-width=\"300\" data-envira-height=\"225\" srcset=\"data:image\/gif;base64,R0lGODlhAQABAIAAAP\/\/\/\/\/\/\/yH5BAEKAAEALAAAAAABAAEAAAICTAEAOw==\" data-safe-src=\"data:image\/gif;base64,R0lGODlhAQABAIAAAP\/\/\/\/\/\/\/yH5BAEKAAEALAAAAAABAAEAAAICTAEAOw==\" \/><\/a><\/div><\/div><div id=\"envira-gallery-item-14859\" class=\"envira-gallery-item enviratope-item envira-gallery-item-9 envira-lazy-load\" style=\"padding-left: 5px; padding-bottom: 10px; padding-right: 5px;\"  itemscope itemtype=\"https:\/\/schema.org\/ImageObject\"><div class=\"envira-gallery-item-inner\"><div class=\"envira-gallery-position-overlay  envira-gallery-top-left\"><\/div><div class=\"envira-gallery-position-overlay  envira-gallery-top-right\"><\/div><div class=\"envira-gallery-position-overlay  envira-gallery-bottom-left\"><\/div><div class=\"envira-gallery-position-overlay  envira-gallery-bottom-right\"><\/div><a href=\"https:\/\/www.der-mopedladen.de\/wp-content\/uploads\/2023\/01\/Bilster-Berg-2022-2.jpg\" class=\"envira-gallery-14998 envira-gallery-link\" rel=\"enviragallery14998\" title=\"Bilster Berg Fahrerlager\" data-envira-caption=\"Bilster Berg Fahrerlager\" data-envira-retina=\"\" data-thumbnail=\"\"  itemprop=\"contentUrl\"><img decoding=\"async\" id=\"envira-gallery-image-14859\" class=\"envira-gallery-image envira-gallery-image-9 envira-normal envira-lazy\" data-envira-index=\"9\" src=\"https:\/\/www.der-mopedladen.de\/wp-content\/uploads\/2023\/01\/Bilster-Berg-2022-2-1024x769-640x480.jpg\" data-envira-src=\"https:\/\/www.der-mopedladen.de\/wp-content\/uploads\/2023\/01\/Bilster-Berg-2022-2-1024x769-640x480.jpg\" data-envira-gallery-id=\"14998\" data-envira-item-id=\"14859\" data-envira-caption=\"Bilster Berg Fahrerlager\" alt=\"\" title=\"Bilster Berg Fahrerlager\"  itemprop=\"thumbnailUrl\" data-envira-srcset=\"https:\/\/www.der-mopedladen.de\/wp-content\/uploads\/2023\/01\/Bilster-Berg-2022-2-1024x769-640x480.jpg 400w,https:\/\/www.der-mopedladen.de\/wp-content\/uploads\/2023\/01\/Bilster-Berg-2022-2-1024x769-640x480.jpg 2x\" data-envira-width=\"300\" data-envira-height=\"225\" srcset=\"data:image\/gif;base64,R0lGODlhAQABAIAAAP\/\/\/\/\/\/\/yH5BAEKAAEALAAAAAABAAEAAAICTAEAOw==\" data-safe-src=\"data:image\/gif;base64,R0lGODlhAQABAIAAAP\/\/\/\/\/\/\/yH5BAEKAAEALAAAAAABAAEAAAICTAEAOw==\" \/><\/a><\/div><\/div><div id=\"envira-gallery-item-14858\" class=\"envira-gallery-item enviratope-item envira-gallery-item-10 envira-lazy-load\" style=\"padding-left: 5px; padding-bottom: 10px; padding-right: 5px;\"  itemscope itemtype=\"https:\/\/schema.org\/ImageObject\"><div class=\"envira-gallery-item-inner\"><div class=\"envira-gallery-position-overlay  envira-gallery-top-left\"><\/div><div class=\"envira-gallery-position-overlay  envira-gallery-top-right\"><\/div><div class=\"envira-gallery-position-overlay  envira-gallery-bottom-left\"><\/div><div class=\"envira-gallery-position-overlay  envira-gallery-bottom-right\"><\/div><a href=\"https:\/\/www.der-mopedladen.de\/wp-content\/uploads\/2023\/01\/Bilster-Berg-2022-1.jpg\" class=\"envira-gallery-14998 envira-gallery-link\" rel=\"enviragallery14998\" title=\"Streckenteil am Bilster Berg (nach der &amp;quot;Mutkurve&amp;quot;)\" data-envira-caption=\"Streckenteil am Bilster Berg (nach der &amp;quot;Mutkurve&amp;quot;)\" data-envira-retina=\"\" data-thumbnail=\"\"  itemprop=\"contentUrl\"><img decoding=\"async\" id=\"envira-gallery-image-14858\" class=\"envira-gallery-image envira-gallery-image-10 envira-normal envira-lazy\" data-envira-index=\"10\" src=\"https:\/\/www.der-mopedladen.de\/wp-content\/uploads\/2023\/01\/Bilster-Berg-2022-1-1024x769-640x480.jpg\" data-envira-src=\"https:\/\/www.der-mopedladen.de\/wp-content\/uploads\/2023\/01\/Bilster-Berg-2022-1-1024x769-640x480.jpg\" data-envira-gallery-id=\"14998\" data-envira-item-id=\"14858\" data-envira-caption=\"Streckenteil am Bilster Berg (nach der &amp;quot;Mutkurve&amp;quot;)\" alt=\"\" title=\"Streckenteil am Bilster Berg (nach der &quot;Mutkurve&quot;)\"  itemprop=\"thumbnailUrl\" data-envira-srcset=\"https:\/\/www.der-mopedladen.de\/wp-content\/uploads\/2023\/01\/Bilster-Berg-2022-1-1024x769-640x480.jpg 400w,https:\/\/www.der-mopedladen.de\/wp-content\/uploads\/2023\/01\/Bilster-Berg-2022-1-1024x769-640x480.jpg 2x\" data-envira-width=\"300\" data-envira-height=\"225\" srcset=\"data:image\/gif;base64,R0lGODlhAQABAIAAAP\/\/\/\/\/\/\/yH5BAEKAAEALAAAAAABAAEAAAICTAEAOw==\" data-safe-src=\"data:image\/gif;base64,R0lGODlhAQABAIAAAP\/\/\/\/\/\/\/yH5BAEKAAEALAAAAAABAAEAAAICTAEAOw==\" \/><\/a><\/div><\/div><div id=\"envira-gallery-item-14856\" class=\"envira-gallery-item enviratope-item envira-gallery-item-11 envira-lazy-load\" style=\"padding-left: 5px; padding-bottom: 10px; padding-right: 5px;\"  itemscope itemtype=\"https:\/\/schema.org\/ImageObject\"><div class=\"envira-gallery-item-inner\"><div class=\"envira-gallery-position-overlay  envira-gallery-top-left\"><\/div><div class=\"envira-gallery-position-overlay  envira-gallery-top-right\"><\/div><div class=\"envira-gallery-position-overlay  envira-gallery-bottom-left\"><\/div><div class=\"envira-gallery-position-overlay  envira-gallery-bottom-right\"><\/div><a href=\"https:\/\/www.der-mopedladen.de\/wp-content\/uploads\/2023\/01\/Assen-2022-7.jpg\" class=\"envira-gallery-14998 envira-gallery-link\" rel=\"enviragallery14998\" title=\"Start-Ziel Assen 2022\" data-envira-caption=\"Start-Ziel Assen 2022\" data-envira-retina=\"\" data-thumbnail=\"\"  itemprop=\"contentUrl\"><img decoding=\"async\" id=\"envira-gallery-image-14856\" class=\"envira-gallery-image envira-gallery-image-11 envira-normal envira-lazy\" data-envira-index=\"11\" src=\"https:\/\/www.der-mopedladen.de\/wp-content\/uploads\/2023\/01\/Assen-2022-7-1024x769-640x480.jpg\" data-envira-src=\"https:\/\/www.der-mopedladen.de\/wp-content\/uploads\/2023\/01\/Assen-2022-7-1024x769-640x480.jpg\" data-envira-gallery-id=\"14998\" data-envira-item-id=\"14856\" data-envira-caption=\"Start-Ziel Assen 2022\" alt=\"\" title=\"Start-Ziel Assen 2022\"  itemprop=\"thumbnailUrl\" data-envira-srcset=\"https:\/\/www.der-mopedladen.de\/wp-content\/uploads\/2023\/01\/Assen-2022-7-1024x769-640x480.jpg 400w,https:\/\/www.der-mopedladen.de\/wp-content\/uploads\/2023\/01\/Assen-2022-7-1024x769-640x480.jpg 2x\" data-envira-width=\"300\" data-envira-height=\"225\" srcset=\"data:image\/gif;base64,R0lGODlhAQABAIAAAP\/\/\/\/\/\/\/yH5BAEKAAEALAAAAAABAAEAAAICTAEAOw==\" data-safe-src=\"data:image\/gif;base64,R0lGODlhAQABAIAAAP\/\/\/\/\/\/\/yH5BAEKAAEALAAAAAABAAEAAAICTAEAOw==\" \/><\/a><\/div><\/div><div id=\"envira-gallery-item-14855\" class=\"envira-gallery-item enviratope-item envira-gallery-item-12 envira-lazy-load\" style=\"padding-left: 5px; padding-bottom: 10px; padding-right: 5px;\"  itemscope itemtype=\"https:\/\/schema.org\/ImageObject\"><div class=\"envira-gallery-item-inner\"><div class=\"envira-gallery-position-overlay  envira-gallery-top-left\"><\/div><div class=\"envira-gallery-position-overlay  envira-gallery-top-right\"><\/div><div class=\"envira-gallery-position-overlay  envira-gallery-bottom-left\"><\/div><div class=\"envira-gallery-position-overlay  envira-gallery-bottom-right\"><\/div><a href=\"https:\/\/www.der-mopedladen.de\/wp-content\/uploads\/2023\/01\/Assen-2022-6.jpg\" class=\"envira-gallery-14998 envira-gallery-link\" rel=\"enviragallery14998\" title=\"Boxengasse Assen 2022\" data-envira-caption=\"Boxengasse Assen 2022\" data-envira-retina=\"\" data-thumbnail=\"\"  itemprop=\"contentUrl\"><img decoding=\"async\" id=\"envira-gallery-image-14855\" class=\"envira-gallery-image envira-gallery-image-12 envira-normal envira-lazy\" data-envira-index=\"12\" src=\"https:\/\/www.der-mopedladen.de\/wp-content\/uploads\/2023\/01\/Assen-2022-6-1024x769-640x480.jpg\" data-envira-src=\"https:\/\/www.der-mopedladen.de\/wp-content\/uploads\/2023\/01\/Assen-2022-6-1024x769-640x480.jpg\" data-envira-gallery-id=\"14998\" data-envira-item-id=\"14855\" data-envira-caption=\"Boxengasse Assen 2022\" alt=\"\" title=\"Boxengasse Assen 2022\"  itemprop=\"thumbnailUrl\" data-envira-srcset=\"https:\/\/www.der-mopedladen.de\/wp-content\/uploads\/2023\/01\/Assen-2022-6-1024x769-640x480.jpg 400w,https:\/\/www.der-mopedladen.de\/wp-content\/uploads\/2023\/01\/Assen-2022-6-1024x769-640x480.jpg 2x\" data-envira-width=\"300\" data-envira-height=\"225\" srcset=\"data:image\/gif;base64,R0lGODlhAQABAIAAAP\/\/\/\/\/\/\/yH5BAEKAAEALAAAAAABAAEAAAICTAEAOw==\" data-safe-src=\"data:image\/gif;base64,R0lGODlhAQABAIAAAP\/\/\/\/\/\/\/yH5BAEKAAEALAAAAAABAAEAAAICTAEAOw==\" \/><\/a><\/div><\/div><div id=\"envira-gallery-item-14854\" class=\"envira-gallery-item enviratope-item envira-gallery-item-13 envira-lazy-load\" style=\"padding-left: 5px; padding-bottom: 10px; padding-right: 5px;\"  itemscope itemtype=\"https:\/\/schema.org\/ImageObject\"><div class=\"envira-gallery-item-inner\"><div class=\"envira-gallery-position-overlay  envira-gallery-top-left\"><\/div><div class=\"envira-gallery-position-overlay  envira-gallery-top-right\"><\/div><div class=\"envira-gallery-position-overlay  envira-gallery-bottom-left\"><\/div><div class=\"envira-gallery-position-overlay  envira-gallery-bottom-right\"><\/div><a href=\"https:\/\/www.der-mopedladen.de\/wp-content\/uploads\/2023\/01\/Assen-2022-5.jpg\" class=\"envira-gallery-14998 envira-gallery-link\" rel=\"enviragallery14998\" title=\"Fahrerlager Assen 2022\" data-envira-caption=\"Fahrerlager Assen 2022\" data-envira-retina=\"\" data-thumbnail=\"\"  itemprop=\"contentUrl\"><img decoding=\"async\" id=\"envira-gallery-image-14854\" class=\"envira-gallery-image envira-gallery-image-13 envira-normal envira-lazy\" data-envira-index=\"13\" src=\"https:\/\/www.der-mopedladen.de\/wp-content\/uploads\/2023\/01\/Assen-2022-5-1024x768-640x480.jpg\" data-envira-src=\"https:\/\/www.der-mopedladen.de\/wp-content\/uploads\/2023\/01\/Assen-2022-5-1024x768-640x480.jpg\" data-envira-gallery-id=\"14998\" data-envira-item-id=\"14854\" data-envira-caption=\"Fahrerlager Assen 2022\" alt=\"\" title=\"Fahrerlager Assen 2022\"  itemprop=\"thumbnailUrl\" data-envira-srcset=\"https:\/\/www.der-mopedladen.de\/wp-content\/uploads\/2023\/01\/Assen-2022-5-1024x768-640x480.jpg 400w,https:\/\/www.der-mopedladen.de\/wp-content\/uploads\/2023\/01\/Assen-2022-5-1024x768-640x480.jpg 2x\" data-envira-width=\"300\" data-envira-height=\"225\" srcset=\"data:image\/gif;base64,R0lGODlhAQABAIAAAP\/\/\/\/\/\/\/yH5BAEKAAEALAAAAAABAAEAAAICTAEAOw==\" data-safe-src=\"data:image\/gif;base64,R0lGODlhAQABAIAAAP\/\/\/\/\/\/\/yH5BAEKAAEALAAAAAABAAEAAAICTAEAOw==\" \/><\/a><\/div><\/div><div id=\"envira-gallery-item-14853\" class=\"envira-gallery-item enviratope-item envira-gallery-item-14 envira-lazy-load\" style=\"padding-left: 5px; padding-bottom: 10px; padding-right: 5px;\"  itemscope itemtype=\"https:\/\/schema.org\/ImageObject\"><div class=\"envira-gallery-item-inner\"><div class=\"envira-gallery-position-overlay  envira-gallery-top-left\"><\/div><div class=\"envira-gallery-position-overlay  envira-gallery-top-right\"><\/div><div class=\"envira-gallery-position-overlay  envira-gallery-bottom-left\"><\/div><div class=\"envira-gallery-position-overlay  envira-gallery-bottom-right\"><\/div><a href=\"https:\/\/www.der-mopedladen.de\/wp-content\/uploads\/2023\/01\/Assen-2022-4.jpg\" class=\"envira-gallery-14998 envira-gallery-link\" rel=\"enviragallery14998\" title=\"Start-Ziel Assen 2022\" data-envira-caption=\"Start-Ziel Assen 2022\" data-envira-retina=\"\" data-thumbnail=\"\"  itemprop=\"contentUrl\"><img decoding=\"async\" id=\"envira-gallery-image-14853\" class=\"envira-gallery-image envira-gallery-image-14 envira-normal envira-lazy\" data-envira-index=\"14\" src=\"https:\/\/www.der-mopedladen.de\/wp-content\/uploads\/2023\/01\/Assen-2022-4-1024x769-640x480.jpg\" data-envira-src=\"https:\/\/www.der-mopedladen.de\/wp-content\/uploads\/2023\/01\/Assen-2022-4-1024x769-640x480.jpg\" data-envira-gallery-id=\"14998\" data-envira-item-id=\"14853\" data-envira-caption=\"Start-Ziel Assen 2022\" alt=\"\" title=\"Start-Ziel Assen 2022\"  itemprop=\"thumbnailUrl\" data-envira-srcset=\"https:\/\/www.der-mopedladen.de\/wp-content\/uploads\/2023\/01\/Assen-2022-4-1024x769-640x480.jpg 400w,https:\/\/www.der-mopedladen.de\/wp-content\/uploads\/2023\/01\/Assen-2022-4-1024x769-640x480.jpg 2x\" data-envira-width=\"300\" data-envira-height=\"225\" srcset=\"data:image\/gif;base64,R0lGODlhAQABAIAAAP\/\/\/\/\/\/\/yH5BAEKAAEALAAAAAABAAEAAAICTAEAOw==\" data-safe-src=\"data:image\/gif;base64,R0lGODlhAQABAIAAAP\/\/\/\/\/\/\/yH5BAEKAAEALAAAAAABAAEAAAICTAEAOw==\" \/><\/a><\/div><\/div><\/div><\/div><noscript><img decoding=\"async\" src=\"https:\/\/www.der-mopedladen.de\/wp-content\/uploads\/2023\/01\/Harzring.jpeg\" alt=\"\" \/><img decoding=\"async\" src=\"https:\/\/www.der-mopedladen.de\/wp-content\/uploads\/2023\/01\/Oschersleben-2022-1.jpg\" alt=\"\" \/><img decoding=\"async\" src=\"https:\/\/www.der-mopedladen.de\/wp-content\/uploads\/2023\/01\/Oschersleben-2022-2.jpg\" alt=\"\" \/><img decoding=\"async\" src=\"https:\/\/www.der-mopedladen.de\/wp-content\/uploads\/2023\/01\/Spreewaldring-2022-4.jpg\" alt=\"\" \/><img decoding=\"async\" src=\"https:\/\/www.der-mopedladen.de\/wp-content\/uploads\/2023\/01\/Spreewaldring-2022-3.jpg\" alt=\"\" \/><img decoding=\"async\" src=\"https:\/\/www.der-mopedladen.de\/wp-content\/uploads\/2023\/01\/Spreewaldring-2022-2.jpg\" alt=\"\" \/><img decoding=\"async\" src=\"https:\/\/www.der-mopedladen.de\/wp-content\/uploads\/2023\/01\/Spreewaldring-2022-1.jpg\" alt=\"\" \/><img decoding=\"async\" src=\"https:\/\/www.der-mopedladen.de\/wp-content\/uploads\/2023\/01\/Bilster-Berg-2022-3.jpg\" alt=\"\" \/><img decoding=\"async\" src=\"https:\/\/www.der-mopedladen.de\/wp-content\/uploads\/2023\/01\/Bilster-Berg-2022-2.jpg\" alt=\"\" \/><img decoding=\"async\" src=\"https:\/\/www.der-mopedladen.de\/wp-content\/uploads\/2023\/01\/Bilster-Berg-2022-1.jpg\" alt=\"\" \/><img decoding=\"async\" src=\"https:\/\/www.der-mopedladen.de\/wp-content\/uploads\/2023\/01\/Assen-2022-7.jpg\" alt=\"\" \/><img decoding=\"async\" src=\"https:\/\/www.der-mopedladen.de\/wp-content\/uploads\/2023\/01\/Assen-2022-6.jpg\" alt=\"\" \/><img decoding=\"async\" src=\"https:\/\/www.der-mopedladen.de\/wp-content\/uploads\/2023\/01\/Assen-2022-5.jpg\" alt=\"\" \/><img decoding=\"async\" src=\"https:\/\/www.der-mopedladen.de\/wp-content\/uploads\/2023\/01\/Assen-2022-4.jpg\" alt=\"\" \/><\/noscript>\n","protected":false},"excerpt":{"rendered":"<p>Direkt im Anschluss am n\u00e4chsten Juli-Wochenende war ich allein f\u00fcr 2 Tage auf dem Spreewaldring wieder mit dem Zweirad.Team. Ich war das erste Mal dort\u2026<\/p>\n<p class=\"continue-reading-button\"> <a class=\"continue-reading-link\" href=\"https:\/\/www.der-mopedladen.de\/?p=15049\">Mehr Informationen<i class=\"crycon-right-dir\"><\/i><\/a><\/p>\n","protected":false},"author":2,"featured_media":14956,"comment_status":"closed","ping_status":"closed","sticky":false,"template":"","format":"standard","meta":{"footnotes":""},"categories":[24],"tags":[45,174,175,171,162,160,173,161],"class_list":["post-15049","post","type-post","status-publish","format-standard","has-post-thumbnail","hentry","category-blog","tag-aprilia","tag-assen","tag-harzring","tag-oschersleben","tag-racing","tag-rs660","tag-spreewaldring","tag-umbau"],"yoast_head":"<!-- This site is optimized with the Yoast SEO plugin v25.7 - https:\/\/yoast.com\/wordpress\/plugins\/seo\/ -->\n<title>Rennstreckenevents 2022 - 2. Halbzeit -<\/title>\n<meta name=\"description\" content=\"Unterwegs auf dem Spreewaldring und in Assen.\" \/>\n<meta name=\"robots\" content=\"index, follow, max-snippet:-1, max-image-preview:large, max-video-preview:-1\" \/>\n<link rel=\"canonical\" href=\"https:\/\/www.der-mopedladen.de\/?p=15049\" \/>\n<meta property=\"og:locale\" content=\"de_DE\" \/>\n<meta property=\"og:type\" content=\"article\" \/>\n<meta property=\"og:title\" content=\"Rennstreckenevents 2022 - 2. Halbzeit -\" \/>\n<meta property=\"og:description\" content=\"Unterwegs auf dem Spreewaldring und in Assen.\" \/>\n<meta property=\"og:url\" content=\"https:\/\/www.der-mopedladen.de\/?p=15049\" \/>\n<meta property=\"article:published_time\" content=\"2023-01-31T16:10:31+00:00\" \/>\n<meta property=\"article:modified_time\" content=\"2023-03-21T14:11:38+00:00\" \/>\n<meta property=\"og:image\" content=\"https:\/\/www.der-mopedladen.de\/wp-content\/uploads\/2023\/01\/Spreewaldring-2022-3.jpg\" \/>\n\t<meta property=\"og:image:width\" content=\"1440\" \/>\n\t<meta property=\"og:image:height\" content=\"1081\" \/>\n\t<meta property=\"og:image:type\" content=\"image\/jpeg\" \/>\n<meta name=\"author\" content=\"Carsten Maluche\" \/>\n<meta name=\"twitter:card\" content=\"summary_large_image\" \/>\n<meta name=\"twitter:label1\" content=\"Verfasst von\" \/>\n\t<meta name=\"twitter:data1\" content=\"Carsten Maluche\" \/>\n\t<meta name=\"twitter:label2\" content=\"Gesch\u00e4tzte Lesezeit\" \/>\n\t<meta name=\"twitter:data2\" content=\"2\u00a0Minuten\" \/>\n<script type=\"application\/ld+json\" class=\"yoast-schema-graph\">{\"@context\":\"https:\/\/schema.org\",\"@graph\":[{\"@type\":\"Article\",\"@id\":\"https:\/\/www.der-mopedladen.de\/?p=15049#article\",\"isPartOf\":{\"@id\":\"https:\/\/www.der-mopedladen.de\/?p=15049\"},\"author\":{\"name\":\"Carsten Maluche\",\"@id\":\"https:\/\/www.der-mopedladen.de\/#\/schema\/person\/4d0c0c9ed7d36464398049539cfdc1c0\"},\"headline\":\"Rennstreckenevents 2022 &#8211; 2. Halbzeit\",\"datePublished\":\"2023-01-31T16:10:31+00:00\",\"dateModified\":\"2023-03-21T14:11:38+00:00\",\"mainEntityOfPage\":{\"@id\":\"https:\/\/www.der-mopedladen.de\/?p=15049\"},\"wordCount\":471,\"publisher\":{\"@id\":\"https:\/\/www.der-mopedladen.de\/#organization\"},\"image\":{\"@id\":\"https:\/\/www.der-mopedladen.de\/?p=15049#primaryimage\"},\"thumbnailUrl\":\"https:\/\/www.der-mopedladen.de\/wp-content\/uploads\/2023\/01\/Spreewaldring-2022-3.jpg\",\"keywords\":[\"Aprilia\",\"Assen\",\"Harzring\",\"Oschersleben\",\"Racing\",\"RS660\",\"Spreewaldring\",\"Umbau\"],\"articleSection\":[\"Blog\"],\"inLanguage\":\"de\"},{\"@type\":\"WebPage\",\"@id\":\"https:\/\/www.der-mopedladen.de\/?p=15049\",\"url\":\"https:\/\/www.der-mopedladen.de\/?p=15049\",\"name\":\"Rennstreckenevents 2022 - 2. Halbzeit -\",\"isPartOf\":{\"@id\":\"https:\/\/www.der-mopedladen.de\/#website\"},\"primaryImageOfPage\":{\"@id\":\"https:\/\/www.der-mopedladen.de\/?p=15049#primaryimage\"},\"image\":{\"@id\":\"https:\/\/www.der-mopedladen.de\/?p=15049#primaryimage\"},\"thumbnailUrl\":\"https:\/\/www.der-mopedladen.de\/wp-content\/uploads\/2023\/01\/Spreewaldring-2022-3.jpg\",\"datePublished\":\"2023-01-31T16:10:31+00:00\",\"dateModified\":\"2023-03-21T14:11:38+00:00\",\"description\":\"Unterwegs auf dem Spreewaldring und in Assen.\",\"breadcrumb\":{\"@id\":\"https:\/\/www.der-mopedladen.de\/?p=15049#breadcrumb\"},\"inLanguage\":\"de\",\"potentialAction\":[{\"@type\":\"ReadAction\",\"target\":[\"https:\/\/www.der-mopedladen.de\/?p=15049\"]}]},{\"@type\":\"ImageObject\",\"inLanguage\":\"de\",\"@id\":\"https:\/\/www.der-mopedladen.de\/?p=15049#primaryimage\",\"url\":\"https:\/\/www.der-mopedladen.de\/wp-content\/uploads\/2023\/01\/Spreewaldring-2022-3.jpg\",\"contentUrl\":\"https:\/\/www.der-mopedladen.de\/wp-content\/uploads\/2023\/01\/Spreewaldring-2022-3.jpg\",\"width\":1440,\"height\":1081},{\"@type\":\"BreadcrumbList\",\"@id\":\"https:\/\/www.der-mopedladen.de\/?p=15049#breadcrumb\",\"itemListElement\":[{\"@type\":\"ListItem\",\"position\":1,\"name\":\"Startseite\",\"item\":\"https:\/\/www.der-mopedladen.de\/\"},{\"@type\":\"ListItem\",\"position\":2,\"name\":\"Rennstreckenevents 2022 &#8211; 2. Halbzeit\"}]},{\"@type\":\"WebSite\",\"@id\":\"https:\/\/www.der-mopedladen.de\/#website\",\"url\":\"https:\/\/www.der-mopedladen.de\/\",\"name\":\"\",\"description\":\"\",\"publisher\":{\"@id\":\"https:\/\/www.der-mopedladen.de\/#organization\"},\"potentialAction\":[{\"@type\":\"SearchAction\",\"target\":{\"@type\":\"EntryPoint\",\"urlTemplate\":\"https:\/\/www.der-mopedladen.de\/?s={search_term_string}\"},\"query-input\":{\"@type\":\"PropertyValueSpecification\",\"valueRequired\":true,\"valueName\":\"search_term_string\"}}],\"inLanguage\":\"de\"},{\"@type\":\"Organization\",\"@id\":\"https:\/\/www.der-mopedladen.de\/#organization\",\"name\":\"Der Mopedladen OHG\",\"url\":\"https:\/\/www.der-mopedladen.de\/\",\"logo\":{\"@type\":\"ImageObject\",\"inLanguage\":\"de\",\"@id\":\"https:\/\/www.der-mopedladen.de\/#\/schema\/logo\/image\/\",\"url\":\"https:\/\/www.der-mopedladen.de\/wp-content\/uploads\/2021\/04\/Logo-DerMopedladen_ZW_CMYK-50x36mm.jpg\",\"contentUrl\":\"https:\/\/www.der-mopedladen.de\/wp-content\/uploads\/2021\/04\/Logo-DerMopedladen_ZW_CMYK-50x36mm.jpg\",\"width\":602,\"height\":437,\"caption\":\"Der Mopedladen OHG\"},\"image\":{\"@id\":\"https:\/\/www.der-mopedladen.de\/#\/schema\/logo\/image\/\"}},{\"@type\":\"Person\",\"@id\":\"https:\/\/www.der-mopedladen.de\/#\/schema\/person\/4d0c0c9ed7d36464398049539cfdc1c0\",\"name\":\"Carsten Maluche\",\"image\":{\"@type\":\"ImageObject\",\"inLanguage\":\"de\",\"@id\":\"https:\/\/www.der-mopedladen.de\/#\/schema\/person\/image\/\",\"url\":\"https:\/\/secure.gravatar.com\/avatar\/a535b4a133389f55485f0a633a5968f3d69e644503b1fed0e6aa81083975d04a?s=96&d=mm&r=g\",\"contentUrl\":\"https:\/\/secure.gravatar.com\/avatar\/a535b4a133389f55485f0a633a5968f3d69e644503b1fed0e6aa81083975d04a?s=96&d=mm&r=g\",\"caption\":\"Carsten Maluche\"}}]}<\/script>\n<!-- \/ Yoast SEO plugin. -->","yoast_head_json":{"title":"Rennstreckenevents 2022 - 2. Halbzeit -","description":"Unterwegs auf dem Spreewaldring und in Assen.","robots":{"index":"index","follow":"follow","max-snippet":"max-snippet:-1","max-image-preview":"max-image-preview:large","max-video-preview":"max-video-preview:-1"},"canonical":"https:\/\/www.der-mopedladen.de\/?p=15049","og_locale":"de_DE","og_type":"article","og_title":"Rennstreckenevents 2022 - 2. Halbzeit -","og_description":"Unterwegs auf dem Spreewaldring und in Assen.","og_url":"https:\/\/www.der-mopedladen.de\/?p=15049","article_published_time":"2023-01-31T16:10:31+00:00","article_modified_time":"2023-03-21T14:11:38+00:00","og_image":[{"width":1440,"height":1081,"url":"https:\/\/www.der-mopedladen.de\/wp-content\/uploads\/2023\/01\/Spreewaldring-2022-3.jpg","type":"image\/jpeg"}],"author":"Carsten Maluche","twitter_card":"summary_large_image","twitter_misc":{"Verfasst von":"Carsten Maluche","Gesch\u00e4tzte Lesezeit":"2\u00a0Minuten"},"schema":{"@context":"https:\/\/schema.org","@graph":[{"@type":"Article","@id":"https:\/\/www.der-mopedladen.de\/?p=15049#article","isPartOf":{"@id":"https:\/\/www.der-mopedladen.de\/?p=15049"},"author":{"name":"Carsten Maluche","@id":"https:\/\/www.der-mopedladen.de\/#\/schema\/person\/4d0c0c9ed7d36464398049539cfdc1c0"},"headline":"Rennstreckenevents 2022 &#8211; 2. Halbzeit","datePublished":"2023-01-31T16:10:31+00:00","dateModified":"2023-03-21T14:11:38+00:00","mainEntityOfPage":{"@id":"https:\/\/www.der-mopedladen.de\/?p=15049"},"wordCount":471,"publisher":{"@id":"https:\/\/www.der-mopedladen.de\/#organization"},"image":{"@id":"https:\/\/www.der-mopedladen.de\/?p=15049#primaryimage"},"thumbnailUrl":"https:\/\/www.der-mopedladen.de\/wp-content\/uploads\/2023\/01\/Spreewaldring-2022-3.jpg","keywords":["Aprilia","Assen","Harzring","Oschersleben","Racing","RS660","Spreewaldring","Umbau"],"articleSection":["Blog"],"inLanguage":"de"},{"@type":"WebPage","@id":"https:\/\/www.der-mopedladen.de\/?p=15049","url":"https:\/\/www.der-mopedladen.de\/?p=15049","name":"Rennstreckenevents 2022 - 2. Halbzeit -","isPartOf":{"@id":"https:\/\/www.der-mopedladen.de\/#website"},"primaryImageOfPage":{"@id":"https:\/\/www.der-mopedladen.de\/?p=15049#primaryimage"},"image":{"@id":"https:\/\/www.der-mopedladen.de\/?p=15049#primaryimage"},"thumbnailUrl":"https:\/\/www.der-mopedladen.de\/wp-content\/uploads\/2023\/01\/Spreewaldring-2022-3.jpg","datePublished":"2023-01-31T16:10:31+00:00","dateModified":"2023-03-21T14:11:38+00:00","description":"Unterwegs auf dem Spreewaldring und in Assen.","breadcrumb":{"@id":"https:\/\/www.der-mopedladen.de\/?p=15049#breadcrumb"},"inLanguage":"de","potentialAction":[{"@type":"ReadAction","target":["https:\/\/www.der-mopedladen.de\/?p=15049"]}]},{"@type":"ImageObject","inLanguage":"de","@id":"https:\/\/www.der-mopedladen.de\/?p=15049#primaryimage","url":"https:\/\/www.der-mopedladen.de\/wp-content\/uploads\/2023\/01\/Spreewaldring-2022-3.jpg","contentUrl":"https:\/\/www.der-mopedladen.de\/wp-content\/uploads\/2023\/01\/Spreewaldring-2022-3.jpg","width":1440,"height":1081},{"@type":"BreadcrumbList","@id":"https:\/\/www.der-mopedladen.de\/?p=15049#breadcrumb","itemListElement":[{"@type":"ListItem","position":1,"name":"Startseite","item":"https:\/\/www.der-mopedladen.de\/"},{"@type":"ListItem","position":2,"name":"Rennstreckenevents 2022 &#8211; 2. Halbzeit"}]},{"@type":"WebSite","@id":"https:\/\/www.der-mopedladen.de\/#website","url":"https:\/\/www.der-mopedladen.de\/","name":"","description":"","publisher":{"@id":"https:\/\/www.der-mopedladen.de\/#organization"},"potentialAction":[{"@type":"SearchAction","target":{"@type":"EntryPoint","urlTemplate":"https:\/\/www.der-mopedladen.de\/?s={search_term_string}"},"query-input":{"@type":"PropertyValueSpecification","valueRequired":true,"valueName":"search_term_string"}}],"inLanguage":"de"},{"@type":"Organization","@id":"https:\/\/www.der-mopedladen.de\/#organization","name":"Der Mopedladen OHG","url":"https:\/\/www.der-mopedladen.de\/","logo":{"@type":"ImageObject","inLanguage":"de","@id":"https:\/\/www.der-mopedladen.de\/#\/schema\/logo\/image\/","url":"https:\/\/www.der-mopedladen.de\/wp-content\/uploads\/2021\/04\/Logo-DerMopedladen_ZW_CMYK-50x36mm.jpg","contentUrl":"https:\/\/www.der-mopedladen.de\/wp-content\/uploads\/2021\/04\/Logo-DerMopedladen_ZW_CMYK-50x36mm.jpg","width":602,"height":437,"caption":"Der Mopedladen OHG"},"image":{"@id":"https:\/\/www.der-mopedladen.de\/#\/schema\/logo\/image\/"}},{"@type":"Person","@id":"https:\/\/www.der-mopedladen.de\/#\/schema\/person\/4d0c0c9ed7d36464398049539cfdc1c0","name":"Carsten Maluche","image":{"@type":"ImageObject","inLanguage":"de","@id":"https:\/\/www.der-mopedladen.de\/#\/schema\/person\/image\/","url":"https:\/\/secure.gravatar.com\/avatar\/a535b4a133389f55485f0a633a5968f3d69e644503b1fed0e6aa81083975d04a?s=96&d=mm&r=g","contentUrl":"https:\/\/secure.gravatar.com\/avatar\/a535b4a133389f55485f0a633a5968f3d69e644503b1fed0e6aa81083975d04a?s=96&d=mm&r=g","caption":"Carsten Maluche"}}]}},"_links":{"self":[{"href":"https:\/\/www.der-mopedladen.de\/index.php?rest_route=\/wp\/v2\/posts\/15049","targetHints":{"allow":["GET"]}}],"collection":[{"href":"https:\/\/www.der-mopedladen.de\/index.php?rest_route=\/wp\/v2\/posts"}],"about":[{"href":"https:\/\/www.der-mopedladen.de\/index.php?rest_route=\/wp\/v2\/types\/post"}],"author":[{"embeddable":true,"href":"https:\/\/www.der-mopedladen.de\/index.php?rest_route=\/wp\/v2\/users\/2"}],"replies":[{"embeddable":true,"href":"https:\/\/www.der-mopedladen.de\/index.php?rest_route=%2Fwp%2Fv2%2Fcomments&post=15049"}],"version-history":[{"count":0,"href":"https:\/\/www.der-mopedladen.de\/index.php?rest_route=\/wp\/v2\/posts\/15049\/revisions"}],"wp:featuredmedia":[{"embeddable":true,"href":"https:\/\/www.der-mopedladen.de\/index.php?rest_route=\/wp\/v2\/media\/14956"}],"wp:attachment":[{"href":"https:\/\/www.der-mopedladen.de\/index.php?rest_route=%2Fwp%2Fv2%2Fmedia&parent=15049"}],"wp:term":[{"taxonomy":"category","embeddable":true,"href":"https:\/\/www.der-mopedladen.de\/index.php?rest_route=%2Fwp%2Fv2%2Fcategories&post=15049"},{"taxonomy":"post_tag","embeddable":true,"href":"https:\/\/www.der-mopedladen.de\/index.php?rest_route=%2Fwp%2Fv2%2Ftags&post=15049"}],"curies":[{"name":"wp","href":"https:\/\/api.w.org\/{rel}","templated":true}]}}