{"id":15038,"date":"2023-01-31T16:04:39","date_gmt":"2023-01-31T15:04:39","guid":{"rendered":"https:\/\/www.der-mopedladen.de\/?p=15038"},"modified":"2023-03-21T15:09:44","modified_gmt":"2023-03-21T14:09:44","slug":"rennstreckenevents-2022-1-halbzeit","status":"publish","type":"post","link":"https:\/\/www.der-mopedladen.de\/?p=15038","title":{"rendered":"Rennstreckenevents 2022 &#8211; 1. Halbzeit"},"content":{"rendered":"\n<p>Hier ein kleiner Abriss unsere Rennstreckenaktivit\u00e4ten mit unserer umgebauten Aprilia RS 660 (gelegentlich in Begleitung unseres Zweitmotorrads, einer serienm\u00e4ssigen Aprilia Tuono V4 1100 Factory).<\/p>\n<p>Los gings noch im April auf dem Harzring mit dem <a href=\"http:\/\/www.zweirad-akademie.gmbh\/\" target=\"_blank\" rel=\"noopener\">Zweirad.Team<\/a>. Erstes einrollen und Funktionstest war angesagt, sowie ein paar Lockerungs\u00fcbungen f\u00fcr den eingerosteten K\u00f6rper \ud83d\ude09 Lief alles prima.<\/p>\n<p>Im Mai gings dann schon nach Oschersleben diesmal mit <a href=\"https:\/\/black-forest-speed-club.de\/\" target=\"_blank\" rel=\"noopener\">Black Forest Speed Club<\/a>. Meine bisherige Bestzeit &#8211; noch mit einem serienm\u00e4\u00dfigen Bike gefahren &#8211; konnte ich um 5 Sekunden verbessern. Wobei ich zugegeben auf einem Niveau unterwegs bin, dass jeden auch nur halbwegs ambitionierten Piloten m\u00fcde schmunzeln l\u00e4sst. Egal, der Spa\u00df steht im Vordergrund und davon hatten wir reichlich!<\/p>\n<p>Der Juli war dann richtig vollgepackt, wir waren fast jedes Wochenende unterwegs. Zun\u00e4chst auf dem Bilster Berg mit dem <a href=\"https:\/\/www.event-service-owl.de\/aktiv\/\" target=\"_blank\" rel=\"noopener\">Event-Service OWL<\/a>. Der Bilster Berg ist eine wirklich faszinierende, Strecke, die aber extrem anspruchsvoll, schwer zu lernen und noch schwerer zu beherrschen ist. Dies f\u00fchrte dazu, dass es zu vielen St\u00fcrzen kam und dementsprechend vielen Unterbrechungen. Leider gibts dort keine separate Rettungsgasse und der Turn wird bei jedem etwas heftigeren Crash fast zwangsl\u00e4ufig abgebrochen. Wir waren zwar nicht betroffen, aber es frustriert schon ein wenig, wenn man mehr rumsitzt als f\u00e4hrt. Die L\u00e4rmproblematik vor Ort f\u00fchrte dazu, dass wir mit der 1100er Tuono nur noch f\u00fcr einen halben Tag am Start waren, da man sonst ohnehin rausgewunken wird oder im Standgas um den Kurs bummeln kann. In Summe haben wir beschlossen dort nicht mehr zu fahren, f\u00fcr den August hatten wir allerdings schon gebucht. Dazu kommen wir in der 2. Halbzeit&#8230;<\/p>\n<div id=\"envira-gallery-wrap-14998\" class=\"envira-gallery-wrap envira-gallery-theme-base envira-lightbox-theme-base\" itemscope itemtype=\"https:\/\/schema.org\/ImageGallery\"><div data-row-height=\"150\" data-gallery-theme=\"normal\" id=\"envira-gallery-14998\" class=\"envira-gallery-public envira-gallery-justified-public envira-gallery-0-columns envira-clear enviratope envira-gallery-css-animations\" data-envira-columns=\"0\"><div id=\"envira-gallery-item-14866\" class=\"envira-gallery-item enviratope-item envira-gallery-item-1 envira-lazy-load\" style=\"padding-left: 5px; padding-bottom: 10px; padding-right: 5px;\"  itemscope itemtype=\"https:\/\/schema.org\/ImageObject\"><div class=\"envira-gallery-item-inner\"><div class=\"envira-gallery-position-overlay  envira-gallery-top-left\"><\/div><div class=\"envira-gallery-position-overlay  envira-gallery-top-right\"><\/div><div class=\"envira-gallery-position-overlay  envira-gallery-bottom-left\"><\/div><div class=\"envira-gallery-position-overlay  envira-gallery-bottom-right\"><\/div><a href=\"https:\/\/www.der-mopedladen.de\/wp-content\/uploads\/2023\/01\/Harzring.jpeg\" class=\"envira-gallery-14998 envira-gallery-link\" rel=\"enviragallery14998\" title=\"einrollen auf dem Harzring\" data-envira-caption=\"einrollen auf dem Harzring\" data-envira-retina=\"\" data-thumbnail=\"\"  itemprop=\"contentUrl\"><img decoding=\"async\" id=\"envira-gallery-image-14866\" class=\"envira-gallery-image envira-gallery-image-1 envira-normal envira-lazy\" data-envira-index=\"1\" src=\"https:\/\/www.der-mopedladen.de\/wp-content\/uploads\/2023\/01\/Harzring-1024x768-640x480.jpeg\" data-envira-src=\"https:\/\/www.der-mopedladen.de\/wp-content\/uploads\/2023\/01\/Harzring-1024x768-640x480.jpeg\" data-envira-gallery-id=\"14998\" data-envira-item-id=\"14866\" data-envira-caption=\"einrollen auf dem Harzring\" alt=\"\" title=\"einrollen auf dem Harzring\"  itemprop=\"thumbnailUrl\" data-envira-srcset=\"https:\/\/www.der-mopedladen.de\/wp-content\/uploads\/2023\/01\/Harzring-1024x768-640x480.jpeg 400w,https:\/\/www.der-mopedladen.de\/wp-content\/uploads\/2023\/01\/Harzring-1024x768-640x480.jpeg 2x\" data-envira-width=\"300\" data-envira-height=\"225\" srcset=\"data:image\/gif;base64,R0lGODlhAQABAIAAAP\/\/\/\/\/\/\/yH5BAEKAAEALAAAAAABAAEAAAICTAEAOw==\" data-safe-src=\"data:image\/gif;base64,R0lGODlhAQABAIAAAP\/\/\/\/\/\/\/yH5BAEKAAEALAAAAAABAAEAAAICTAEAOw==\" \/><\/a><\/div><\/div><div id=\"envira-gallery-item-14891\" class=\"envira-gallery-item enviratope-item envira-gallery-item-2 envira-lazy-load\" style=\"padding-left: 5px; padding-bottom: 10px; padding-right: 5px;\"  itemscope itemtype=\"https:\/\/schema.org\/ImageObject\"><div class=\"envira-gallery-item-inner\"><div class=\"envira-gallery-position-overlay  envira-gallery-top-left\"><\/div><div class=\"envira-gallery-position-overlay  envira-gallery-top-right\"><\/div><div class=\"envira-gallery-position-overlay  envira-gallery-bottom-left\"><\/div><div class=\"envira-gallery-position-overlay  envira-gallery-bottom-right\"><\/div><a href=\"https:\/\/www.der-mopedladen.de\/wp-content\/uploads\/2023\/01\/Oschersleben-2022-1.jpg\" class=\"envira-gallery-14998 envira-gallery-link\" rel=\"enviragallery14998\" title=\"Oschersleben Fahrerlager\" data-envira-caption=\"Oschersleben Fahrerlager\" data-envira-retina=\"\" data-thumbnail=\"\"  itemprop=\"contentUrl\"><img decoding=\"async\" id=\"envira-gallery-image-14891\" class=\"envira-gallery-image envira-gallery-image-2 envira-normal envira-lazy\" data-envira-index=\"2\" src=\"https:\/\/www.der-mopedladen.de\/wp-content\/uploads\/2023\/01\/Oschersleben-2022-1-1024x769-640x480.jpg\" data-envira-src=\"https:\/\/www.der-mopedladen.de\/wp-content\/uploads\/2023\/01\/Oschersleben-2022-1-1024x769-640x480.jpg\" data-envira-gallery-id=\"14998\" data-envira-item-id=\"14891\" data-envira-caption=\"Oschersleben Fahrerlager\" alt=\"\" title=\"Oschersleben Fahrerlager\"  itemprop=\"thumbnailUrl\" data-envira-srcset=\"https:\/\/www.der-mopedladen.de\/wp-content\/uploads\/2023\/01\/Oschersleben-2022-1-1024x769-640x480.jpg 400w,https:\/\/www.der-mopedladen.de\/wp-content\/uploads\/2023\/01\/Oschersleben-2022-1-1024x769-640x480.jpg 2x\" data-envira-width=\"300\" data-envira-height=\"225\" srcset=\"data:image\/gif;base64,R0lGODlhAQABAIAAAP\/\/\/\/\/\/\/yH5BAEKAAEALAAAAAABAAEAAAICTAEAOw==\" data-safe-src=\"data:image\/gif;base64,R0lGODlhAQABAIAAAP\/\/\/\/\/\/\/yH5BAEKAAEALAAAAAABAAEAAAICTAEAOw==\" \/><\/a><\/div><\/div><div id=\"envira-gallery-item-14892\" class=\"envira-gallery-item enviratope-item envira-gallery-item-3 envira-lazy-load\" style=\"padding-left: 5px; padding-bottom: 10px; padding-right: 5px;\"  itemscope itemtype=\"https:\/\/schema.org\/ImageObject\"><div class=\"envira-gallery-item-inner\"><div class=\"envira-gallery-position-overlay  envira-gallery-top-left\"><\/div><div class=\"envira-gallery-position-overlay  envira-gallery-top-right\"><\/div><div class=\"envira-gallery-position-overlay  envira-gallery-bottom-left\"><\/div><div class=\"envira-gallery-position-overlay  envira-gallery-bottom-right\"><\/div><a href=\"https:\/\/www.der-mopedladen.de\/wp-content\/uploads\/2023\/01\/Oschersleben-2022-2.jpg\" class=\"envira-gallery-14998 envira-gallery-link\" rel=\"enviragallery14998\" title=\"Oschersleben Blick aufs Fahrerlager\" data-envira-caption=\"Oschersleben Blick aufs Fahrerlager\" data-envira-retina=\"\" data-thumbnail=\"\"  itemprop=\"contentUrl\"><img decoding=\"async\" id=\"envira-gallery-image-14892\" class=\"envira-gallery-image envira-gallery-image-3 envira-normal envira-lazy\" data-envira-index=\"3\" src=\"https:\/\/www.der-mopedladen.de\/wp-content\/uploads\/2023\/01\/Oschersleben-2022-2-1024x768-640x480.jpg\" data-envira-src=\"https:\/\/www.der-mopedladen.de\/wp-content\/uploads\/2023\/01\/Oschersleben-2022-2-1024x768-640x480.jpg\" data-envira-gallery-id=\"14998\" data-envira-item-id=\"14892\" data-envira-caption=\"Oschersleben Blick aufs Fahrerlager\" alt=\"\" title=\"Oschersleben Blick aufs Fahrerlager\"  itemprop=\"thumbnailUrl\" data-envira-srcset=\"https:\/\/www.der-mopedladen.de\/wp-content\/uploads\/2023\/01\/Oschersleben-2022-2-1024x768-640x480.jpg 400w,https:\/\/www.der-mopedladen.de\/wp-content\/uploads\/2023\/01\/Oschersleben-2022-2-1024x768-640x480.jpg 2x\" data-envira-width=\"300\" data-envira-height=\"225\" srcset=\"data:image\/gif;base64,R0lGODlhAQABAIAAAP\/\/\/\/\/\/\/yH5BAEKAAEALAAAAAABAAEAAAICTAEAOw==\" data-safe-src=\"data:image\/gif;base64,R0lGODlhAQABAIAAAP\/\/\/\/\/\/\/yH5BAEKAAEALAAAAAABAAEAAAICTAEAOw==\" \/><\/a><\/div><\/div><div id=\"envira-gallery-item-14957\" class=\"envira-gallery-item enviratope-item envira-gallery-item-4 envira-lazy-load\" style=\"padding-left: 5px; padding-bottom: 10px; padding-right: 5px;\"  itemscope itemtype=\"https:\/\/schema.org\/ImageObject\"><div class=\"envira-gallery-item-inner\"><div class=\"envira-gallery-position-overlay  envira-gallery-top-left\"><\/div><div class=\"envira-gallery-position-overlay  envira-gallery-top-right\"><\/div><div class=\"envira-gallery-position-overlay  envira-gallery-bottom-left\"><\/div><div class=\"envira-gallery-position-overlay  envira-gallery-bottom-right\"><\/div><a href=\"https:\/\/www.der-mopedladen.de\/wp-content\/uploads\/2023\/01\/Spreewaldring-2022-4.jpg\" class=\"envira-gallery-14998 envira-gallery-link\" rel=\"enviragallery14998\" title=\"Am Spreewaldring 2022\" data-envira-caption=\"Am Spreewaldring 2022\" data-envira-retina=\"\" data-thumbnail=\"\"  itemprop=\"contentUrl\"><img decoding=\"async\" id=\"envira-gallery-image-14957\" class=\"envira-gallery-image envira-gallery-image-4 envira-normal envira-lazy\" data-envira-index=\"4\" src=\"https:\/\/www.der-mopedladen.de\/wp-content\/uploads\/2023\/01\/Spreewaldring-2022-4-1024x769-640x480.jpg\" data-envira-src=\"https:\/\/www.der-mopedladen.de\/wp-content\/uploads\/2023\/01\/Spreewaldring-2022-4-1024x769-640x480.jpg\" data-envira-gallery-id=\"14998\" data-envira-item-id=\"14957\" data-envira-caption=\"Am Spreewaldring 2022\" alt=\"\" title=\"Am Spreewaldring 2022\"  itemprop=\"thumbnailUrl\" data-envira-srcset=\"https:\/\/www.der-mopedladen.de\/wp-content\/uploads\/2023\/01\/Spreewaldring-2022-4-1024x769-640x480.jpg 400w,https:\/\/www.der-mopedladen.de\/wp-content\/uploads\/2023\/01\/Spreewaldring-2022-4-1024x769-640x480.jpg 2x\" data-envira-width=\"300\" data-envira-height=\"225\" srcset=\"data:image\/gif;base64,R0lGODlhAQABAIAAAP\/\/\/\/\/\/\/yH5BAEKAAEALAAAAAABAAEAAAICTAEAOw==\" data-safe-src=\"data:image\/gif;base64,R0lGODlhAQABAIAAAP\/\/\/\/\/\/\/yH5BAEKAAEALAAAAAABAAEAAAICTAEAOw==\" \/><\/a><\/div><\/div><div id=\"envira-gallery-item-14956\" class=\"envira-gallery-item enviratope-item envira-gallery-item-5 envira-lazy-load\" style=\"padding-left: 5px; padding-bottom: 10px; padding-right: 5px;\"  itemscope itemtype=\"https:\/\/schema.org\/ImageObject\"><div class=\"envira-gallery-item-inner\"><div class=\"envira-gallery-position-overlay  envira-gallery-top-left\"><\/div><div class=\"envira-gallery-position-overlay  envira-gallery-top-right\"><\/div><div class=\"envira-gallery-position-overlay  envira-gallery-bottom-left\"><\/div><div class=\"envira-gallery-position-overlay  envira-gallery-bottom-right\"><\/div><a href=\"https:\/\/www.der-mopedladen.de\/wp-content\/uploads\/2023\/01\/Spreewaldring-2022-3.jpg\" class=\"envira-gallery-14998 envira-gallery-link\" rel=\"enviragallery14998\" title=\"Spreewaldring 2022 3\" data-envira-caption=\"Spreewaldring 2022 3\" data-envira-retina=\"\" data-thumbnail=\"\"  itemprop=\"contentUrl\"><img decoding=\"async\" id=\"envira-gallery-image-14956\" class=\"envira-gallery-image envira-gallery-image-5 envira-normal envira-lazy\" data-envira-index=\"5\" src=\"https:\/\/www.der-mopedladen.de\/wp-content\/uploads\/2023\/01\/Spreewaldring-2022-3-1024x769-640x480.jpg\" data-envira-src=\"https:\/\/www.der-mopedladen.de\/wp-content\/uploads\/2023\/01\/Spreewaldring-2022-3-1024x769-640x480.jpg\" data-envira-gallery-id=\"14998\" data-envira-item-id=\"14956\" data-envira-caption=\"Spreewaldring 2022 3\" alt=\"\" title=\"Spreewaldring 2022 3\"  itemprop=\"thumbnailUrl\" data-envira-srcset=\"https:\/\/www.der-mopedladen.de\/wp-content\/uploads\/2023\/01\/Spreewaldring-2022-3-1024x769-640x480.jpg 400w,https:\/\/www.der-mopedladen.de\/wp-content\/uploads\/2023\/01\/Spreewaldring-2022-3-1024x769-640x480.jpg 2x\" data-envira-width=\"300\" data-envira-height=\"225\" srcset=\"data:image\/gif;base64,R0lGODlhAQABAIAAAP\/\/\/\/\/\/\/yH5BAEKAAEALAAAAAABAAEAAAICTAEAOw==\" data-safe-src=\"data:image\/gif;base64,R0lGODlhAQABAIAAAP\/\/\/\/\/\/\/yH5BAEKAAEALAAAAAABAAEAAAICTAEAOw==\" \/><\/a><\/div><\/div><div id=\"envira-gallery-item-14955\" class=\"envira-gallery-item enviratope-item envira-gallery-item-6 envira-lazy-load\" style=\"padding-left: 5px; padding-bottom: 10px; padding-right: 5px;\"  itemscope itemtype=\"https:\/\/schema.org\/ImageObject\"><div class=\"envira-gallery-item-inner\"><div class=\"envira-gallery-position-overlay  envira-gallery-top-left\"><\/div><div class=\"envira-gallery-position-overlay  envira-gallery-top-right\"><\/div><div class=\"envira-gallery-position-overlay  envira-gallery-bottom-left\"><\/div><div class=\"envira-gallery-position-overlay  envira-gallery-bottom-right\"><\/div><a href=\"https:\/\/www.der-mopedladen.de\/wp-content\/uploads\/2023\/01\/Spreewaldring-2022-2.jpg\" class=\"envira-gallery-14998 envira-gallery-link\" rel=\"enviragallery14998\" title=\"Fahrerlager Spreewaldring\" data-envira-caption=\"Fahrerlager Spreewaldring\" data-envira-retina=\"\" data-thumbnail=\"\"  itemprop=\"contentUrl\"><img decoding=\"async\" id=\"envira-gallery-image-14955\" class=\"envira-gallery-image envira-gallery-image-6 envira-normal envira-lazy\" data-envira-index=\"6\" src=\"https:\/\/www.der-mopedladen.de\/wp-content\/uploads\/2023\/01\/Spreewaldring-2022-2-1024x768-640x480.jpg\" data-envira-src=\"https:\/\/www.der-mopedladen.de\/wp-content\/uploads\/2023\/01\/Spreewaldring-2022-2-1024x768-640x480.jpg\" data-envira-gallery-id=\"14998\" data-envira-item-id=\"14955\" data-envira-caption=\"Fahrerlager Spreewaldring\" alt=\"\" title=\"Fahrerlager Spreewaldring\"  itemprop=\"thumbnailUrl\" data-envira-srcset=\"https:\/\/www.der-mopedladen.de\/wp-content\/uploads\/2023\/01\/Spreewaldring-2022-2-1024x768-640x480.jpg 400w,https:\/\/www.der-mopedladen.de\/wp-content\/uploads\/2023\/01\/Spreewaldring-2022-2-1024x768-640x480.jpg 2x\" data-envira-width=\"300\" data-envira-height=\"225\" srcset=\"data:image\/gif;base64,R0lGODlhAQABAIAAAP\/\/\/\/\/\/\/yH5BAEKAAEALAAAAAABAAEAAAICTAEAOw==\" data-safe-src=\"data:image\/gif;base64,R0lGODlhAQABAIAAAP\/\/\/\/\/\/\/yH5BAEKAAEALAAAAAABAAEAAAICTAEAOw==\" \/><\/a><\/div><\/div><div id=\"envira-gallery-item-14954\" class=\"envira-gallery-item enviratope-item envira-gallery-item-7 envira-lazy-load\" style=\"padding-left: 5px; padding-bottom: 10px; padding-right: 5px;\"  itemscope itemtype=\"https:\/\/schema.org\/ImageObject\"><div class=\"envira-gallery-item-inner\"><div class=\"envira-gallery-position-overlay  envira-gallery-top-left\"><\/div><div class=\"envira-gallery-position-overlay  envira-gallery-top-right\"><\/div><div class=\"envira-gallery-position-overlay  envira-gallery-bottom-left\"><\/div><div class=\"envira-gallery-position-overlay  envira-gallery-bottom-right\"><\/div><a href=\"https:\/\/www.der-mopedladen.de\/wp-content\/uploads\/2023\/01\/Spreewaldring-2022-1.jpg\" class=\"envira-gallery-14998 envira-gallery-link\" rel=\"enviragallery14998\" title=\"Spreewaldring 2022 1\" data-envira-caption=\"Spreewaldring 2022 1\" data-envira-retina=\"\" data-thumbnail=\"\"  itemprop=\"contentUrl\"><img decoding=\"async\" id=\"envira-gallery-image-14954\" class=\"envira-gallery-image envira-gallery-image-7 envira-normal envira-lazy\" data-envira-index=\"7\" src=\"https:\/\/www.der-mopedladen.de\/wp-content\/uploads\/2023\/01\/Spreewaldring-2022-1-1024x769-640x480.jpg\" data-envira-src=\"https:\/\/www.der-mopedladen.de\/wp-content\/uploads\/2023\/01\/Spreewaldring-2022-1-1024x769-640x480.jpg\" data-envira-gallery-id=\"14998\" data-envira-item-id=\"14954\" data-envira-caption=\"Spreewaldring 2022 1\" alt=\"\" title=\"Spreewaldring 2022 1\"  itemprop=\"thumbnailUrl\" data-envira-srcset=\"https:\/\/www.der-mopedladen.de\/wp-content\/uploads\/2023\/01\/Spreewaldring-2022-1-1024x769-640x480.jpg 400w,https:\/\/www.der-mopedladen.de\/wp-content\/uploads\/2023\/01\/Spreewaldring-2022-1-1024x769-640x480.jpg 2x\" data-envira-width=\"300\" data-envira-height=\"225\" srcset=\"data:image\/gif;base64,R0lGODlhAQABAIAAAP\/\/\/\/\/\/\/yH5BAEKAAEALAAAAAABAAEAAAICTAEAOw==\" data-safe-src=\"data:image\/gif;base64,R0lGODlhAQABAIAAAP\/\/\/\/\/\/\/yH5BAEKAAEALAAAAAABAAEAAAICTAEAOw==\" \/><\/a><\/div><\/div><div id=\"envira-gallery-item-14860\" class=\"envira-gallery-item enviratope-item envira-gallery-item-8 envira-lazy-load\" style=\"padding-left: 5px; padding-bottom: 10px; padding-right: 5px;\"  itemscope itemtype=\"https:\/\/schema.org\/ImageObject\"><div class=\"envira-gallery-item-inner\"><div class=\"envira-gallery-position-overlay  envira-gallery-top-left\"><\/div><div class=\"envira-gallery-position-overlay  envira-gallery-top-right\"><\/div><div class=\"envira-gallery-position-overlay  envira-gallery-bottom-left\"><\/div><div class=\"envira-gallery-position-overlay  envira-gallery-bottom-right\"><\/div><a href=\"https:\/\/www.der-mopedladen.de\/wp-content\/uploads\/2023\/01\/Bilster-Berg-2022-3.jpg\" class=\"envira-gallery-14998 envira-gallery-link\" rel=\"enviragallery14998\" title=\"Bilster Berg Fahrerlager\" data-envira-caption=\"Bilster Berg Fahrerlager\" data-envira-retina=\"\" data-thumbnail=\"\"  itemprop=\"contentUrl\"><img decoding=\"async\" id=\"envira-gallery-image-14860\" class=\"envira-gallery-image envira-gallery-image-8 envira-normal envira-lazy\" data-envira-index=\"8\" src=\"https:\/\/www.der-mopedladen.de\/wp-content\/uploads\/2023\/01\/Bilster-Berg-2022-3-1024x768-640x480.jpg\" data-envira-src=\"https:\/\/www.der-mopedladen.de\/wp-content\/uploads\/2023\/01\/Bilster-Berg-2022-3-1024x768-640x480.jpg\" data-envira-gallery-id=\"14998\" data-envira-item-id=\"14860\" data-envira-caption=\"Bilster Berg Fahrerlager\" alt=\"\" title=\"Bilster Berg Fahrerlager\"  itemprop=\"thumbnailUrl\" data-envira-srcset=\"https:\/\/www.der-mopedladen.de\/wp-content\/uploads\/2023\/01\/Bilster-Berg-2022-3-1024x768-640x480.jpg 400w,https:\/\/www.der-mopedladen.de\/wp-content\/uploads\/2023\/01\/Bilster-Berg-2022-3-1024x768-640x480.jpg 2x\" data-envira-width=\"300\" data-envira-height=\"225\" srcset=\"data:image\/gif;base64,R0lGODlhAQABAIAAAP\/\/\/\/\/\/\/yH5BAEKAAEALAAAAAABAAEAAAICTAEAOw==\" data-safe-src=\"data:image\/gif;base64,R0lGODlhAQABAIAAAP\/\/\/\/\/\/\/yH5BAEKAAEALAAAAAABAAEAAAICTAEAOw==\" \/><\/a><\/div><\/div><div id=\"envira-gallery-item-14859\" class=\"envira-gallery-item enviratope-item envira-gallery-item-9 envira-lazy-load\" style=\"padding-left: 5px; padding-bottom: 10px; padding-right: 5px;\"  itemscope itemtype=\"https:\/\/schema.org\/ImageObject\"><div class=\"envira-gallery-item-inner\"><div class=\"envira-gallery-position-overlay  envira-gallery-top-left\"><\/div><div class=\"envira-gallery-position-overlay  envira-gallery-top-right\"><\/div><div class=\"envira-gallery-position-overlay  envira-gallery-bottom-left\"><\/div><div class=\"envira-gallery-position-overlay  envira-gallery-bottom-right\"><\/div><a href=\"https:\/\/www.der-mopedladen.de\/wp-content\/uploads\/2023\/01\/Bilster-Berg-2022-2.jpg\" class=\"envira-gallery-14998 envira-gallery-link\" rel=\"enviragallery14998\" title=\"Bilster Berg Fahrerlager\" data-envira-caption=\"Bilster Berg Fahrerlager\" data-envira-retina=\"\" data-thumbnail=\"\"  itemprop=\"contentUrl\"><img decoding=\"async\" id=\"envira-gallery-image-14859\" class=\"envira-gallery-image envira-gallery-image-9 envira-normal envira-lazy\" data-envira-index=\"9\" src=\"https:\/\/www.der-mopedladen.de\/wp-content\/uploads\/2023\/01\/Bilster-Berg-2022-2-1024x769-640x480.jpg\" data-envira-src=\"https:\/\/www.der-mopedladen.de\/wp-content\/uploads\/2023\/01\/Bilster-Berg-2022-2-1024x769-640x480.jpg\" data-envira-gallery-id=\"14998\" data-envira-item-id=\"14859\" data-envira-caption=\"Bilster Berg Fahrerlager\" alt=\"\" title=\"Bilster Berg Fahrerlager\"  itemprop=\"thumbnailUrl\" data-envira-srcset=\"https:\/\/www.der-mopedladen.de\/wp-content\/uploads\/2023\/01\/Bilster-Berg-2022-2-1024x769-640x480.jpg 400w,https:\/\/www.der-mopedladen.de\/wp-content\/uploads\/2023\/01\/Bilster-Berg-2022-2-1024x769-640x480.jpg 2x\" data-envira-width=\"300\" data-envira-height=\"225\" srcset=\"data:image\/gif;base64,R0lGODlhAQABAIAAAP\/\/\/\/\/\/\/yH5BAEKAAEALAAAAAABAAEAAAICTAEAOw==\" data-safe-src=\"data:image\/gif;base64,R0lGODlhAQABAIAAAP\/\/\/\/\/\/\/yH5BAEKAAEALAAAAAABAAEAAAICTAEAOw==\" \/><\/a><\/div><\/div><div id=\"envira-gallery-item-14858\" class=\"envira-gallery-item enviratope-item envira-gallery-item-10 envira-lazy-load\" style=\"padding-left: 5px; padding-bottom: 10px; padding-right: 5px;\"  itemscope itemtype=\"https:\/\/schema.org\/ImageObject\"><div class=\"envira-gallery-item-inner\"><div class=\"envira-gallery-position-overlay  envira-gallery-top-left\"><\/div><div class=\"envira-gallery-position-overlay  envira-gallery-top-right\"><\/div><div class=\"envira-gallery-position-overlay  envira-gallery-bottom-left\"><\/div><div class=\"envira-gallery-position-overlay  envira-gallery-bottom-right\"><\/div><a href=\"https:\/\/www.der-mopedladen.de\/wp-content\/uploads\/2023\/01\/Bilster-Berg-2022-1.jpg\" class=\"envira-gallery-14998 envira-gallery-link\" rel=\"enviragallery14998\" title=\"Streckenteil am Bilster Berg (nach der &amp;quot;Mutkurve&amp;quot;)\" data-envira-caption=\"Streckenteil am Bilster Berg (nach der &amp;quot;Mutkurve&amp;quot;)\" data-envira-retina=\"\" data-thumbnail=\"\"  itemprop=\"contentUrl\"><img decoding=\"async\" id=\"envira-gallery-image-14858\" class=\"envira-gallery-image envira-gallery-image-10 envira-normal envira-lazy\" data-envira-index=\"10\" src=\"https:\/\/www.der-mopedladen.de\/wp-content\/uploads\/2023\/01\/Bilster-Berg-2022-1-1024x769-640x480.jpg\" data-envira-src=\"https:\/\/www.der-mopedladen.de\/wp-content\/uploads\/2023\/01\/Bilster-Berg-2022-1-1024x769-640x480.jpg\" data-envira-gallery-id=\"14998\" data-envira-item-id=\"14858\" data-envira-caption=\"Streckenteil am Bilster Berg (nach der &amp;quot;Mutkurve&amp;quot;)\" alt=\"\" title=\"Streckenteil am Bilster Berg (nach der &quot;Mutkurve&quot;)\"  itemprop=\"thumbnailUrl\" data-envira-srcset=\"https:\/\/www.der-mopedladen.de\/wp-content\/uploads\/2023\/01\/Bilster-Berg-2022-1-1024x769-640x480.jpg 400w,https:\/\/www.der-mopedladen.de\/wp-content\/uploads\/2023\/01\/Bilster-Berg-2022-1-1024x769-640x480.jpg 2x\" data-envira-width=\"300\" data-envira-height=\"225\" srcset=\"data:image\/gif;base64,R0lGODlhAQABAIAAAP\/\/\/\/\/\/\/yH5BAEKAAEALAAAAAABAAEAAAICTAEAOw==\" data-safe-src=\"data:image\/gif;base64,R0lGODlhAQABAIAAAP\/\/\/\/\/\/\/yH5BAEKAAEALAAAAAABAAEAAAICTAEAOw==\" \/><\/a><\/div><\/div><div id=\"envira-gallery-item-14856\" class=\"envira-gallery-item enviratope-item envira-gallery-item-11 envira-lazy-load\" style=\"padding-left: 5px; padding-bottom: 10px; padding-right: 5px;\"  itemscope itemtype=\"https:\/\/schema.org\/ImageObject\"><div class=\"envira-gallery-item-inner\"><div class=\"envira-gallery-position-overlay  envira-gallery-top-left\"><\/div><div class=\"envira-gallery-position-overlay  envira-gallery-top-right\"><\/div><div class=\"envira-gallery-position-overlay  envira-gallery-bottom-left\"><\/div><div class=\"envira-gallery-position-overlay  envira-gallery-bottom-right\"><\/div><a href=\"https:\/\/www.der-mopedladen.de\/wp-content\/uploads\/2023\/01\/Assen-2022-7.jpg\" class=\"envira-gallery-14998 envira-gallery-link\" rel=\"enviragallery14998\" title=\"Start-Ziel Assen 2022\" data-envira-caption=\"Start-Ziel Assen 2022\" data-envira-retina=\"\" data-thumbnail=\"\"  itemprop=\"contentUrl\"><img decoding=\"async\" id=\"envira-gallery-image-14856\" class=\"envira-gallery-image envira-gallery-image-11 envira-normal envira-lazy\" data-envira-index=\"11\" src=\"https:\/\/www.der-mopedladen.de\/wp-content\/uploads\/2023\/01\/Assen-2022-7-1024x769-640x480.jpg\" data-envira-src=\"https:\/\/www.der-mopedladen.de\/wp-content\/uploads\/2023\/01\/Assen-2022-7-1024x769-640x480.jpg\" data-envira-gallery-id=\"14998\" data-envira-item-id=\"14856\" data-envira-caption=\"Start-Ziel Assen 2022\" alt=\"\" title=\"Start-Ziel Assen 2022\"  itemprop=\"thumbnailUrl\" data-envira-srcset=\"https:\/\/www.der-mopedladen.de\/wp-content\/uploads\/2023\/01\/Assen-2022-7-1024x769-640x480.jpg 400w,https:\/\/www.der-mopedladen.de\/wp-content\/uploads\/2023\/01\/Assen-2022-7-1024x769-640x480.jpg 2x\" data-envira-width=\"300\" data-envira-height=\"225\" srcset=\"data:image\/gif;base64,R0lGODlhAQABAIAAAP\/\/\/\/\/\/\/yH5BAEKAAEALAAAAAABAAEAAAICTAEAOw==\" data-safe-src=\"data:image\/gif;base64,R0lGODlhAQABAIAAAP\/\/\/\/\/\/\/yH5BAEKAAEALAAAAAABAAEAAAICTAEAOw==\" \/><\/a><\/div><\/div><div id=\"envira-gallery-item-14855\" class=\"envira-gallery-item enviratope-item envira-gallery-item-12 envira-lazy-load\" style=\"padding-left: 5px; padding-bottom: 10px; padding-right: 5px;\"  itemscope itemtype=\"https:\/\/schema.org\/ImageObject\"><div class=\"envira-gallery-item-inner\"><div class=\"envira-gallery-position-overlay  envira-gallery-top-left\"><\/div><div class=\"envira-gallery-position-overlay  envira-gallery-top-right\"><\/div><div class=\"envira-gallery-position-overlay  envira-gallery-bottom-left\"><\/div><div class=\"envira-gallery-position-overlay  envira-gallery-bottom-right\"><\/div><a href=\"https:\/\/www.der-mopedladen.de\/wp-content\/uploads\/2023\/01\/Assen-2022-6.jpg\" class=\"envira-gallery-14998 envira-gallery-link\" rel=\"enviragallery14998\" title=\"Boxengasse Assen 2022\" data-envira-caption=\"Boxengasse Assen 2022\" data-envira-retina=\"\" data-thumbnail=\"\"  itemprop=\"contentUrl\"><img decoding=\"async\" id=\"envira-gallery-image-14855\" class=\"envira-gallery-image envira-gallery-image-12 envira-normal envira-lazy\" data-envira-index=\"12\" src=\"https:\/\/www.der-mopedladen.de\/wp-content\/uploads\/2023\/01\/Assen-2022-6-1024x769-640x480.jpg\" data-envira-src=\"https:\/\/www.der-mopedladen.de\/wp-content\/uploads\/2023\/01\/Assen-2022-6-1024x769-640x480.jpg\" data-envira-gallery-id=\"14998\" data-envira-item-id=\"14855\" data-envira-caption=\"Boxengasse Assen 2022\" alt=\"\" title=\"Boxengasse Assen 2022\"  itemprop=\"thumbnailUrl\" data-envira-srcset=\"https:\/\/www.der-mopedladen.de\/wp-content\/uploads\/2023\/01\/Assen-2022-6-1024x769-640x480.jpg 400w,https:\/\/www.der-mopedladen.de\/wp-content\/uploads\/2023\/01\/Assen-2022-6-1024x769-640x480.jpg 2x\" data-envira-width=\"300\" data-envira-height=\"225\" srcset=\"data:image\/gif;base64,R0lGODlhAQABAIAAAP\/\/\/\/\/\/\/yH5BAEKAAEALAAAAAABAAEAAAICTAEAOw==\" data-safe-src=\"data:image\/gif;base64,R0lGODlhAQABAIAAAP\/\/\/\/\/\/\/yH5BAEKAAEALAAAAAABAAEAAAICTAEAOw==\" \/><\/a><\/div><\/div><div id=\"envira-gallery-item-14854\" class=\"envira-gallery-item enviratope-item envira-gallery-item-13 envira-lazy-load\" style=\"padding-left: 5px; padding-bottom: 10px; padding-right: 5px;\"  itemscope itemtype=\"https:\/\/schema.org\/ImageObject\"><div class=\"envira-gallery-item-inner\"><div class=\"envira-gallery-position-overlay  envira-gallery-top-left\"><\/div><div class=\"envira-gallery-position-overlay  envira-gallery-top-right\"><\/div><div class=\"envira-gallery-position-overlay  envira-gallery-bottom-left\"><\/div><div class=\"envira-gallery-position-overlay  envira-gallery-bottom-right\"><\/div><a href=\"https:\/\/www.der-mopedladen.de\/wp-content\/uploads\/2023\/01\/Assen-2022-5.jpg\" class=\"envira-gallery-14998 envira-gallery-link\" rel=\"enviragallery14998\" title=\"Fahrerlager Assen 2022\" data-envira-caption=\"Fahrerlager Assen 2022\" data-envira-retina=\"\" data-thumbnail=\"\"  itemprop=\"contentUrl\"><img decoding=\"async\" id=\"envira-gallery-image-14854\" class=\"envira-gallery-image envira-gallery-image-13 envira-normal envira-lazy\" data-envira-index=\"13\" src=\"https:\/\/www.der-mopedladen.de\/wp-content\/uploads\/2023\/01\/Assen-2022-5-1024x768-640x480.jpg\" data-envira-src=\"https:\/\/www.der-mopedladen.de\/wp-content\/uploads\/2023\/01\/Assen-2022-5-1024x768-640x480.jpg\" data-envira-gallery-id=\"14998\" data-envira-item-id=\"14854\" data-envira-caption=\"Fahrerlager Assen 2022\" alt=\"\" title=\"Fahrerlager Assen 2022\"  itemprop=\"thumbnailUrl\" data-envira-srcset=\"https:\/\/www.der-mopedladen.de\/wp-content\/uploads\/2023\/01\/Assen-2022-5-1024x768-640x480.jpg 400w,https:\/\/www.der-mopedladen.de\/wp-content\/uploads\/2023\/01\/Assen-2022-5-1024x768-640x480.jpg 2x\" data-envira-width=\"300\" data-envira-height=\"225\" srcset=\"data:image\/gif;base64,R0lGODlhAQABAIAAAP\/\/\/\/\/\/\/yH5BAEKAAEALAAAAAABAAEAAAICTAEAOw==\" data-safe-src=\"data:image\/gif;base64,R0lGODlhAQABAIAAAP\/\/\/\/\/\/\/yH5BAEKAAEALAAAAAABAAEAAAICTAEAOw==\" \/><\/a><\/div><\/div><div id=\"envira-gallery-item-14853\" class=\"envira-gallery-item enviratope-item envira-gallery-item-14 envira-lazy-load\" style=\"padding-left: 5px; padding-bottom: 10px; padding-right: 5px;\"  itemscope itemtype=\"https:\/\/schema.org\/ImageObject\"><div class=\"envira-gallery-item-inner\"><div class=\"envira-gallery-position-overlay  envira-gallery-top-left\"><\/div><div class=\"envira-gallery-position-overlay  envira-gallery-top-right\"><\/div><div class=\"envira-gallery-position-overlay  envira-gallery-bottom-left\"><\/div><div class=\"envira-gallery-position-overlay  envira-gallery-bottom-right\"><\/div><a href=\"https:\/\/www.der-mopedladen.de\/wp-content\/uploads\/2023\/01\/Assen-2022-4.jpg\" class=\"envira-gallery-14998 envira-gallery-link\" rel=\"enviragallery14998\" title=\"Start-Ziel Assen 2022\" data-envira-caption=\"Start-Ziel Assen 2022\" data-envira-retina=\"\" data-thumbnail=\"\"  itemprop=\"contentUrl\"><img decoding=\"async\" id=\"envira-gallery-image-14853\" class=\"envira-gallery-image envira-gallery-image-14 envira-normal envira-lazy\" data-envira-index=\"14\" src=\"https:\/\/www.der-mopedladen.de\/wp-content\/uploads\/2023\/01\/Assen-2022-4-1024x769-640x480.jpg\" data-envira-src=\"https:\/\/www.der-mopedladen.de\/wp-content\/uploads\/2023\/01\/Assen-2022-4-1024x769-640x480.jpg\" data-envira-gallery-id=\"14998\" data-envira-item-id=\"14853\" data-envira-caption=\"Start-Ziel Assen 2022\" alt=\"\" title=\"Start-Ziel Assen 2022\"  itemprop=\"thumbnailUrl\" data-envira-srcset=\"https:\/\/www.der-mopedladen.de\/wp-content\/uploads\/2023\/01\/Assen-2022-4-1024x769-640x480.jpg 400w,https:\/\/www.der-mopedladen.de\/wp-content\/uploads\/2023\/01\/Assen-2022-4-1024x769-640x480.jpg 2x\" data-envira-width=\"300\" data-envira-height=\"225\" srcset=\"data:image\/gif;base64,R0lGODlhAQABAIAAAP\/\/\/\/\/\/\/yH5BAEKAAEALAAAAAABAAEAAAICTAEAOw==\" data-safe-src=\"data:image\/gif;base64,R0lGODlhAQABAIAAAP\/\/\/\/\/\/\/yH5BAEKAAEALAAAAAABAAEAAAICTAEAOw==\" \/><\/a><\/div><\/div><\/div><\/div><noscript><img decoding=\"async\" src=\"https:\/\/www.der-mopedladen.de\/wp-content\/uploads\/2023\/01\/Harzring.jpeg\" alt=\"\" \/><img decoding=\"async\" src=\"https:\/\/www.der-mopedladen.de\/wp-content\/uploads\/2023\/01\/Oschersleben-2022-1.jpg\" alt=\"\" \/><img decoding=\"async\" src=\"https:\/\/www.der-mopedladen.de\/wp-content\/uploads\/2023\/01\/Oschersleben-2022-2.jpg\" alt=\"\" \/><img decoding=\"async\" src=\"https:\/\/www.der-mopedladen.de\/wp-content\/uploads\/2023\/01\/Spreewaldring-2022-4.jpg\" alt=\"\" \/><img decoding=\"async\" src=\"https:\/\/www.der-mopedladen.de\/wp-content\/uploads\/2023\/01\/Spreewaldring-2022-3.jpg\" alt=\"\" \/><img decoding=\"async\" src=\"https:\/\/www.der-mopedladen.de\/wp-content\/uploads\/2023\/01\/Spreewaldring-2022-2.jpg\" alt=\"\" \/><img decoding=\"async\" src=\"https:\/\/www.der-mopedladen.de\/wp-content\/uploads\/2023\/01\/Spreewaldring-2022-1.jpg\" alt=\"\" \/><img decoding=\"async\" src=\"https:\/\/www.der-mopedladen.de\/wp-content\/uploads\/2023\/01\/Bilster-Berg-2022-3.jpg\" alt=\"\" \/><img decoding=\"async\" src=\"https:\/\/www.der-mopedladen.de\/wp-content\/uploads\/2023\/01\/Bilster-Berg-2022-2.jpg\" alt=\"\" \/><img decoding=\"async\" src=\"https:\/\/www.der-mopedladen.de\/wp-content\/uploads\/2023\/01\/Bilster-Berg-2022-1.jpg\" alt=\"\" \/><img decoding=\"async\" src=\"https:\/\/www.der-mopedladen.de\/wp-content\/uploads\/2023\/01\/Assen-2022-7.jpg\" alt=\"\" \/><img decoding=\"async\" src=\"https:\/\/www.der-mopedladen.de\/wp-content\/uploads\/2023\/01\/Assen-2022-6.jpg\" alt=\"\" \/><img decoding=\"async\" src=\"https:\/\/www.der-mopedladen.de\/wp-content\/uploads\/2023\/01\/Assen-2022-5.jpg\" alt=\"\" \/><img decoding=\"async\" src=\"https:\/\/www.der-mopedladen.de\/wp-content\/uploads\/2023\/01\/Assen-2022-4.jpg\" alt=\"\" \/><\/noscript>\n<p>\u00a0<\/p>\n","protected":false},"excerpt":{"rendered":"<p>Hier ein kleiner Abriss unsere Rennstreckenaktivit\u00e4ten mit unserer umgebauten Aprilia RS 660 (gelegentlich in Begleitung unseres Zweitmotorrads, einer serienm\u00e4ssigen Aprilia Tuono V4 1100 Factory). Los\u2026<\/p>\n<p class=\"continue-reading-button\"> <a class=\"continue-reading-link\" href=\"https:\/\/www.der-mopedladen.de\/?p=15038\">Mehr Informationen<i class=\"crycon-right-dir\"><\/i><\/a><\/p>\n","protected":false},"author":2,"featured_media":14866,"comment_status":"closed","ping_status":"closed","sticky":false,"template":"","format":"standard","meta":{"footnotes":""},"categories":[24],"tags":[45,174,172,171,162,160,173,161],"class_list":["post-15038","post","type-post","status-publish","format-standard","has-post-thumbnail","hentry","category-blog","tag-aprilia","tag-assen","tag-bilster-berg","tag-oschersleben","tag-racing","tag-rs660","tag-spreewaldring","tag-umbau"],"yoast_head":"<!-- This site is optimized with the Yoast SEO plugin v25.7 - https:\/\/yoast.com\/wordpress\/plugins\/seo\/ -->\n<title>Rennstreckenevents 2022 - 1. Halbzeit -<\/title>\n<meta name=\"description\" content=\"Bericht \u00fcber die Rennstreckenevents der Saison 2022\" \/>\n<meta name=\"robots\" content=\"index, follow, max-snippet:-1, max-image-preview:large, max-video-preview:-1\" \/>\n<link rel=\"canonical\" href=\"https:\/\/www.der-mopedladen.de\/?p=15038\" \/>\n<meta property=\"og:locale\" content=\"de_DE\" \/>\n<meta property=\"og:type\" content=\"article\" \/>\n<meta property=\"og:title\" content=\"Rennstreckenevents 2022 - 1. Halbzeit -\" \/>\n<meta property=\"og:description\" content=\"Bericht \u00fcber die Rennstreckenevents der Saison 2022\" \/>\n<meta property=\"og:url\" content=\"https:\/\/www.der-mopedladen.de\/?p=15038\" \/>\n<meta property=\"article:published_time\" content=\"2023-01-31T15:04:39+00:00\" \/>\n<meta property=\"article:modified_time\" content=\"2023-03-21T14:09:44+00:00\" \/>\n<meta property=\"og:image\" content=\"https:\/\/www.der-mopedladen.de\/wp-content\/uploads\/2023\/01\/Harzring.jpeg\" \/>\n\t<meta property=\"og:image:width\" content=\"2048\" \/>\n\t<meta property=\"og:image:height\" content=\"1536\" \/>\n\t<meta property=\"og:image:type\" content=\"image\/jpeg\" \/>\n<meta name=\"author\" content=\"Carsten Maluche\" \/>\n<meta name=\"twitter:card\" content=\"summary_large_image\" \/>\n<meta name=\"twitter:label1\" content=\"Verfasst von\" \/>\n\t<meta name=\"twitter:data1\" content=\"Carsten Maluche\" \/>\n\t<meta name=\"twitter:label2\" content=\"Gesch\u00e4tzte Lesezeit\" \/>\n\t<meta name=\"twitter:data2\" content=\"2\u00a0Minuten\" \/>\n<script type=\"application\/ld+json\" class=\"yoast-schema-graph\">{\"@context\":\"https:\/\/schema.org\",\"@graph\":[{\"@type\":\"Article\",\"@id\":\"https:\/\/www.der-mopedladen.de\/?p=15038#article\",\"isPartOf\":{\"@id\":\"https:\/\/www.der-mopedladen.de\/?p=15038\"},\"author\":{\"name\":\"Carsten Maluche\",\"@id\":\"https:\/\/www.der-mopedladen.de\/#\/schema\/person\/4d0c0c9ed7d36464398049539cfdc1c0\"},\"headline\":\"Rennstreckenevents 2022 &#8211; 1. Halbzeit\",\"datePublished\":\"2023-01-31T15:04:39+00:00\",\"dateModified\":\"2023-03-21T14:09:44+00:00\",\"mainEntityOfPage\":{\"@id\":\"https:\/\/www.der-mopedladen.de\/?p=15038\"},\"wordCount\":281,\"publisher\":{\"@id\":\"https:\/\/www.der-mopedladen.de\/#organization\"},\"image\":{\"@id\":\"https:\/\/www.der-mopedladen.de\/?p=15038#primaryimage\"},\"thumbnailUrl\":\"https:\/\/www.der-mopedladen.de\/wp-content\/uploads\/2023\/01\/Harzring.jpeg\",\"keywords\":[\"Aprilia\",\"Assen\",\"Bilster Berg\",\"Oschersleben\",\"Racing\",\"RS660\",\"Spreewaldring\",\"Umbau\"],\"articleSection\":[\"Blog\"],\"inLanguage\":\"de\"},{\"@type\":\"WebPage\",\"@id\":\"https:\/\/www.der-mopedladen.de\/?p=15038\",\"url\":\"https:\/\/www.der-mopedladen.de\/?p=15038\",\"name\":\"Rennstreckenevents 2022 - 1. Halbzeit -\",\"isPartOf\":{\"@id\":\"https:\/\/www.der-mopedladen.de\/#website\"},\"primaryImageOfPage\":{\"@id\":\"https:\/\/www.der-mopedladen.de\/?p=15038#primaryimage\"},\"image\":{\"@id\":\"https:\/\/www.der-mopedladen.de\/?p=15038#primaryimage\"},\"thumbnailUrl\":\"https:\/\/www.der-mopedladen.de\/wp-content\/uploads\/2023\/01\/Harzring.jpeg\",\"datePublished\":\"2023-01-31T15:04:39+00:00\",\"dateModified\":\"2023-03-21T14:09:44+00:00\",\"description\":\"Bericht \u00fcber die Rennstreckenevents der Saison 2022\",\"breadcrumb\":{\"@id\":\"https:\/\/www.der-mopedladen.de\/?p=15038#breadcrumb\"},\"inLanguage\":\"de\",\"potentialAction\":[{\"@type\":\"ReadAction\",\"target\":[\"https:\/\/www.der-mopedladen.de\/?p=15038\"]}]},{\"@type\":\"ImageObject\",\"inLanguage\":\"de\",\"@id\":\"https:\/\/www.der-mopedladen.de\/?p=15038#primaryimage\",\"url\":\"https:\/\/www.der-mopedladen.de\/wp-content\/uploads\/2023\/01\/Harzring.jpeg\",\"contentUrl\":\"https:\/\/www.der-mopedladen.de\/wp-content\/uploads\/2023\/01\/Harzring.jpeg\",\"width\":2048,\"height\":1536},{\"@type\":\"BreadcrumbList\",\"@id\":\"https:\/\/www.der-mopedladen.de\/?p=15038#breadcrumb\",\"itemListElement\":[{\"@type\":\"ListItem\",\"position\":1,\"name\":\"Startseite\",\"item\":\"https:\/\/www.der-mopedladen.de\/\"},{\"@type\":\"ListItem\",\"position\":2,\"name\":\"Rennstreckenevents 2022 &#8211; 1. Halbzeit\"}]},{\"@type\":\"WebSite\",\"@id\":\"https:\/\/www.der-mopedladen.de\/#website\",\"url\":\"https:\/\/www.der-mopedladen.de\/\",\"name\":\"\",\"description\":\"\",\"publisher\":{\"@id\":\"https:\/\/www.der-mopedladen.de\/#organization\"},\"potentialAction\":[{\"@type\":\"SearchAction\",\"target\":{\"@type\":\"EntryPoint\",\"urlTemplate\":\"https:\/\/www.der-mopedladen.de\/?s={search_term_string}\"},\"query-input\":{\"@type\":\"PropertyValueSpecification\",\"valueRequired\":true,\"valueName\":\"search_term_string\"}}],\"inLanguage\":\"de\"},{\"@type\":\"Organization\",\"@id\":\"https:\/\/www.der-mopedladen.de\/#organization\",\"name\":\"Der Mopedladen OHG\",\"url\":\"https:\/\/www.der-mopedladen.de\/\",\"logo\":{\"@type\":\"ImageObject\",\"inLanguage\":\"de\",\"@id\":\"https:\/\/www.der-mopedladen.de\/#\/schema\/logo\/image\/\",\"url\":\"https:\/\/www.der-mopedladen.de\/wp-content\/uploads\/2021\/04\/Logo-DerMopedladen_ZW_CMYK-50x36mm.jpg\",\"contentUrl\":\"https:\/\/www.der-mopedladen.de\/wp-content\/uploads\/2021\/04\/Logo-DerMopedladen_ZW_CMYK-50x36mm.jpg\",\"width\":602,\"height\":437,\"caption\":\"Der Mopedladen OHG\"},\"image\":{\"@id\":\"https:\/\/www.der-mopedladen.de\/#\/schema\/logo\/image\/\"}},{\"@type\":\"Person\",\"@id\":\"https:\/\/www.der-mopedladen.de\/#\/schema\/person\/4d0c0c9ed7d36464398049539cfdc1c0\",\"name\":\"Carsten Maluche\",\"image\":{\"@type\":\"ImageObject\",\"inLanguage\":\"de\",\"@id\":\"https:\/\/www.der-mopedladen.de\/#\/schema\/person\/image\/\",\"url\":\"https:\/\/secure.gravatar.com\/avatar\/a535b4a133389f55485f0a633a5968f3d69e644503b1fed0e6aa81083975d04a?s=96&d=mm&r=g\",\"contentUrl\":\"https:\/\/secure.gravatar.com\/avatar\/a535b4a133389f55485f0a633a5968f3d69e644503b1fed0e6aa81083975d04a?s=96&d=mm&r=g\",\"caption\":\"Carsten Maluche\"}}]}<\/script>\n<!-- \/ Yoast SEO plugin. -->","yoast_head_json":{"title":"Rennstreckenevents 2022 - 1. Halbzeit -","description":"Bericht \u00fcber die Rennstreckenevents der Saison 2022","robots":{"index":"index","follow":"follow","max-snippet":"max-snippet:-1","max-image-preview":"max-image-preview:large","max-video-preview":"max-video-preview:-1"},"canonical":"https:\/\/www.der-mopedladen.de\/?p=15038","og_locale":"de_DE","og_type":"article","og_title":"Rennstreckenevents 2022 - 1. Halbzeit -","og_description":"Bericht \u00fcber die Rennstreckenevents der Saison 2022","og_url":"https:\/\/www.der-mopedladen.de\/?p=15038","article_published_time":"2023-01-31T15:04:39+00:00","article_modified_time":"2023-03-21T14:09:44+00:00","og_image":[{"width":2048,"height":1536,"url":"https:\/\/www.der-mopedladen.de\/wp-content\/uploads\/2023\/01\/Harzring.jpeg","type":"image\/jpeg"}],"author":"Carsten Maluche","twitter_card":"summary_large_image","twitter_misc":{"Verfasst von":"Carsten Maluche","Gesch\u00e4tzte Lesezeit":"2\u00a0Minuten"},"schema":{"@context":"https:\/\/schema.org","@graph":[{"@type":"Article","@id":"https:\/\/www.der-mopedladen.de\/?p=15038#article","isPartOf":{"@id":"https:\/\/www.der-mopedladen.de\/?p=15038"},"author":{"name":"Carsten Maluche","@id":"https:\/\/www.der-mopedladen.de\/#\/schema\/person\/4d0c0c9ed7d36464398049539cfdc1c0"},"headline":"Rennstreckenevents 2022 &#8211; 1. Halbzeit","datePublished":"2023-01-31T15:04:39+00:00","dateModified":"2023-03-21T14:09:44+00:00","mainEntityOfPage":{"@id":"https:\/\/www.der-mopedladen.de\/?p=15038"},"wordCount":281,"publisher":{"@id":"https:\/\/www.der-mopedladen.de\/#organization"},"image":{"@id":"https:\/\/www.der-mopedladen.de\/?p=15038#primaryimage"},"thumbnailUrl":"https:\/\/www.der-mopedladen.de\/wp-content\/uploads\/2023\/01\/Harzring.jpeg","keywords":["Aprilia","Assen","Bilster Berg","Oschersleben","Racing","RS660","Spreewaldring","Umbau"],"articleSection":["Blog"],"inLanguage":"de"},{"@type":"WebPage","@id":"https:\/\/www.der-mopedladen.de\/?p=15038","url":"https:\/\/www.der-mopedladen.de\/?p=15038","name":"Rennstreckenevents 2022 - 1. Halbzeit -","isPartOf":{"@id":"https:\/\/www.der-mopedladen.de\/#website"},"primaryImageOfPage":{"@id":"https:\/\/www.der-mopedladen.de\/?p=15038#primaryimage"},"image":{"@id":"https:\/\/www.der-mopedladen.de\/?p=15038#primaryimage"},"thumbnailUrl":"https:\/\/www.der-mopedladen.de\/wp-content\/uploads\/2023\/01\/Harzring.jpeg","datePublished":"2023-01-31T15:04:39+00:00","dateModified":"2023-03-21T14:09:44+00:00","description":"Bericht \u00fcber die Rennstreckenevents der Saison 2022","breadcrumb":{"@id":"https:\/\/www.der-mopedladen.de\/?p=15038#breadcrumb"},"inLanguage":"de","potentialAction":[{"@type":"ReadAction","target":["https:\/\/www.der-mopedladen.de\/?p=15038"]}]},{"@type":"ImageObject","inLanguage":"de","@id":"https:\/\/www.der-mopedladen.de\/?p=15038#primaryimage","url":"https:\/\/www.der-mopedladen.de\/wp-content\/uploads\/2023\/01\/Harzring.jpeg","contentUrl":"https:\/\/www.der-mopedladen.de\/wp-content\/uploads\/2023\/01\/Harzring.jpeg","width":2048,"height":1536},{"@type":"BreadcrumbList","@id":"https:\/\/www.der-mopedladen.de\/?p=15038#breadcrumb","itemListElement":[{"@type":"ListItem","position":1,"name":"Startseite","item":"https:\/\/www.der-mopedladen.de\/"},{"@type":"ListItem","position":2,"name":"Rennstreckenevents 2022 &#8211; 1. Halbzeit"}]},{"@type":"WebSite","@id":"https:\/\/www.der-mopedladen.de\/#website","url":"https:\/\/www.der-mopedladen.de\/","name":"","description":"","publisher":{"@id":"https:\/\/www.der-mopedladen.de\/#organization"},"potentialAction":[{"@type":"SearchAction","target":{"@type":"EntryPoint","urlTemplate":"https:\/\/www.der-mopedladen.de\/?s={search_term_string}"},"query-input":{"@type":"PropertyValueSpecification","valueRequired":true,"valueName":"search_term_string"}}],"inLanguage":"de"},{"@type":"Organization","@id":"https:\/\/www.der-mopedladen.de\/#organization","name":"Der Mopedladen OHG","url":"https:\/\/www.der-mopedladen.de\/","logo":{"@type":"ImageObject","inLanguage":"de","@id":"https:\/\/www.der-mopedladen.de\/#\/schema\/logo\/image\/","url":"https:\/\/www.der-mopedladen.de\/wp-content\/uploads\/2021\/04\/Logo-DerMopedladen_ZW_CMYK-50x36mm.jpg","contentUrl":"https:\/\/www.der-mopedladen.de\/wp-content\/uploads\/2021\/04\/Logo-DerMopedladen_ZW_CMYK-50x36mm.jpg","width":602,"height":437,"caption":"Der Mopedladen OHG"},"image":{"@id":"https:\/\/www.der-mopedladen.de\/#\/schema\/logo\/image\/"}},{"@type":"Person","@id":"https:\/\/www.der-mopedladen.de\/#\/schema\/person\/4d0c0c9ed7d36464398049539cfdc1c0","name":"Carsten Maluche","image":{"@type":"ImageObject","inLanguage":"de","@id":"https:\/\/www.der-mopedladen.de\/#\/schema\/person\/image\/","url":"https:\/\/secure.gravatar.com\/avatar\/a535b4a133389f55485f0a633a5968f3d69e644503b1fed0e6aa81083975d04a?s=96&d=mm&r=g","contentUrl":"https:\/\/secure.gravatar.com\/avatar\/a535b4a133389f55485f0a633a5968f3d69e644503b1fed0e6aa81083975d04a?s=96&d=mm&r=g","caption":"Carsten Maluche"}}]}},"_links":{"self":[{"href":"https:\/\/www.der-mopedladen.de\/index.php?rest_route=\/wp\/v2\/posts\/15038","targetHints":{"allow":["GET"]}}],"collection":[{"href":"https:\/\/www.der-mopedladen.de\/index.php?rest_route=\/wp\/v2\/posts"}],"about":[{"href":"https:\/\/www.der-mopedladen.de\/index.php?rest_route=\/wp\/v2\/types\/post"}],"author":[{"embeddable":true,"href":"https:\/\/www.der-mopedladen.de\/index.php?rest_route=\/wp\/v2\/users\/2"}],"replies":[{"embeddable":true,"href":"https:\/\/www.der-mopedladen.de\/index.php?rest_route=%2Fwp%2Fv2%2Fcomments&post=15038"}],"version-history":[{"count":0,"href":"https:\/\/www.der-mopedladen.de\/index.php?rest_route=\/wp\/v2\/posts\/15038\/revisions"}],"wp:featuredmedia":[{"embeddable":true,"href":"https:\/\/www.der-mopedladen.de\/index.php?rest_route=\/wp\/v2\/media\/14866"}],"wp:attachment":[{"href":"https:\/\/www.der-mopedladen.de\/index.php?rest_route=%2Fwp%2Fv2%2Fmedia&parent=15038"}],"wp:term":[{"taxonomy":"category","embeddable":true,"href":"https:\/\/www.der-mopedladen.de\/index.php?rest_route=%2Fwp%2Fv2%2Fcategories&post=15038"},{"taxonomy":"post_tag","embeddable":true,"href":"https:\/\/www.der-mopedladen.de\/index.php?rest_route=%2Fwp%2Fv2%2Ftags&post=15038"}],"curies":[{"name":"wp","href":"https:\/\/api.w.org\/{rel}","templated":true}]}}