{"id":15032,"date":"2022-03-21T17:33:54","date_gmt":"2022-03-21T16:33:54","guid":{"rendered":"https:\/\/www.der-mopedladen.de\/?p=15032"},"modified":"2023-03-21T15:04:54","modified_gmt":"2023-03-21T14:04:54","slug":"umbau-aprilia-rs-660-abschluss-fuer-2022","status":"publish","type":"post","link":"https:\/\/www.der-mopedladen.de\/?p=15032","title":{"rendered":"Umbau Aprilia RS 660 &#8211; Abschluss f\u00fcr 2022"},"content":{"rendered":"\n<p>Nachdem die Verkleidung von unserem Lackierer zur\u00fcckkam, haben wir dann alles komplett zusammengebaut, das Ergebnis seht ihr in der Galerie. Den Farbton der Heckverkleidung hat er leider nicht 100%ig getroffen, aber was solls \ud83d\ude09<\/p>\n<div id=\"envira-gallery-wrap-14981\" class=\"envira-gallery-wrap envira-gallery-theme-base envira-lightbox-theme-base\" itemscope itemtype=\"https:\/\/schema.org\/ImageGallery\"><div data-row-height=\"150\" data-gallery-theme=\"normal\" id=\"envira-gallery-14981\" class=\"envira-gallery-public envira-gallery-justified-public envira-gallery-0-columns envira-clear enviratope envira-gallery-css-animations\" data-envira-columns=\"0\"><div id=\"envira-gallery-item-14961\" class=\"envira-gallery-item enviratope-item envira-gallery-item-1 envira-lazy-load\" style=\"padding-left: 5px; padding-bottom: 10px; padding-right: 5px;\"  itemscope itemtype=\"https:\/\/schema.org\/ImageObject\"><div class=\"envira-gallery-item-inner\"><div class=\"envira-gallery-position-overlay  envira-gallery-top-left\"><\/div><div class=\"envira-gallery-position-overlay  envira-gallery-top-right\"><\/div><div class=\"envira-gallery-position-overlay  envira-gallery-bottom-left\"><\/div><div class=\"envira-gallery-position-overlay  envira-gallery-bottom-right\"><\/div><a href=\"https:\/\/www.der-mopedladen.de\/wp-content\/uploads\/2023\/01\/Umbau-fertig-2022-11.jpeg\" class=\"envira-gallery-14981 envira-gallery-link\" rel=\"enviragallery14981\" title=\"Umbau fertig 2022 11\" data-envira-caption=\"Umbau fertig 2022 11\" data-envira-retina=\"\" data-thumbnail=\"\"  itemprop=\"contentUrl\"><img decoding=\"async\" id=\"envira-gallery-image-14961\" class=\"envira-gallery-image envira-gallery-image-1 envira-normal envira-lazy\" data-envira-index=\"1\" src=\"https:\/\/www.der-mopedladen.de\/wp-content\/uploads\/2023\/01\/Umbau-fertig-2022-11-1024x768-640x480.jpeg\" data-envira-src=\"https:\/\/www.der-mopedladen.de\/wp-content\/uploads\/2023\/01\/Umbau-fertig-2022-11-1024x768-640x480.jpeg\" data-envira-gallery-id=\"14981\" data-envira-item-id=\"14961\" data-envira-caption=\"Umbau fertig 2022 11\" alt=\"\" title=\"Umbau fertig 2022 11\"  itemprop=\"thumbnailUrl\" data-envira-srcset=\"https:\/\/www.der-mopedladen.de\/wp-content\/uploads\/2023\/01\/Umbau-fertig-2022-11-1024x768-640x480.jpeg 400w,https:\/\/www.der-mopedladen.de\/wp-content\/uploads\/2023\/01\/Umbau-fertig-2022-11-1024x768-640x480.jpeg 2x\" data-envira-width=\"300\" data-envira-height=\"225\" srcset=\"data:image\/gif;base64,R0lGODlhAQABAIAAAP\/\/\/\/\/\/\/yH5BAEKAAEALAAAAAABAAEAAAICTAEAOw==\" data-safe-src=\"data:image\/gif;base64,R0lGODlhAQABAIAAAP\/\/\/\/\/\/\/yH5BAEKAAEALAAAAAABAAEAAAICTAEAOw==\" \/><\/a><\/div><\/div><div id=\"envira-gallery-item-14972\" class=\"envira-gallery-item enviratope-item envira-gallery-item-2 envira-lazy-load\" style=\"padding-left: 5px; padding-bottom: 10px; padding-right: 5px;\"  itemscope itemtype=\"https:\/\/schema.org\/ImageObject\"><div class=\"envira-gallery-item-inner\"><div class=\"envira-gallery-position-overlay  envira-gallery-top-left\"><\/div><div class=\"envira-gallery-position-overlay  envira-gallery-top-right\"><\/div><div class=\"envira-gallery-position-overlay  envira-gallery-bottom-left\"><\/div><div class=\"envira-gallery-position-overlay  envira-gallery-bottom-right\"><\/div><a href=\"https:\/\/www.der-mopedladen.de\/wp-content\/uploads\/2023\/01\/Umbau-fertig-2022-8.jpeg\" class=\"envira-gallery-14981 envira-gallery-link\" rel=\"enviragallery14981\" title=\"Umbau fertig 2022 8\" data-envira-caption=\"Umbau fertig 2022 8\" data-envira-retina=\"\" data-thumbnail=\"\"  itemprop=\"contentUrl\"><img decoding=\"async\" id=\"envira-gallery-image-14972\" class=\"envira-gallery-image envira-gallery-image-2 envira-normal envira-lazy\" data-envira-index=\"2\" src=\"https:\/\/www.der-mopedladen.de\/wp-content\/uploads\/2023\/01\/Umbau-fertig-2022-8-1024x768-640x480.jpeg\" data-envira-src=\"https:\/\/www.der-mopedladen.de\/wp-content\/uploads\/2023\/01\/Umbau-fertig-2022-8-1024x768-640x480.jpeg\" data-envira-gallery-id=\"14981\" data-envira-item-id=\"14972\" data-envira-caption=\"Umbau fertig 2022 8\" alt=\"\" title=\"Umbau fertig 2022 8\"  itemprop=\"thumbnailUrl\" data-envira-srcset=\"https:\/\/www.der-mopedladen.de\/wp-content\/uploads\/2023\/01\/Umbau-fertig-2022-8-1024x768-640x480.jpeg 400w,https:\/\/www.der-mopedladen.de\/wp-content\/uploads\/2023\/01\/Umbau-fertig-2022-8-1024x768-640x480.jpeg 2x\" data-envira-width=\"300\" data-envira-height=\"225\" srcset=\"data:image\/gif;base64,R0lGODlhAQABAIAAAP\/\/\/\/\/\/\/yH5BAEKAAEALAAAAAABAAEAAAICTAEAOw==\" data-safe-src=\"data:image\/gif;base64,R0lGODlhAQABAIAAAP\/\/\/\/\/\/\/yH5BAEKAAEALAAAAAABAAEAAAICTAEAOw==\" \/><\/a><\/div><\/div><div id=\"envira-gallery-item-14966\" class=\"envira-gallery-item enviratope-item envira-gallery-item-3 envira-lazy-load\" style=\"padding-left: 5px; padding-bottom: 10px; padding-right: 5px;\"  itemscope itemtype=\"https:\/\/schema.org\/ImageObject\"><div class=\"envira-gallery-item-inner\"><div class=\"envira-gallery-position-overlay  envira-gallery-top-left\"><\/div><div class=\"envira-gallery-position-overlay  envira-gallery-top-right\"><\/div><div class=\"envira-gallery-position-overlay  envira-gallery-bottom-left\"><\/div><div class=\"envira-gallery-position-overlay  envira-gallery-bottom-right\"><\/div><a href=\"https:\/\/www.der-mopedladen.de\/wp-content\/uploads\/2023\/01\/Umbau-fertig-2022-2.jpeg\" class=\"envira-gallery-14981 envira-gallery-link\" rel=\"enviragallery14981\" title=\"Umbau fertig 2022 2\" data-envira-caption=\"Umbau fertig 2022 2\" data-envira-retina=\"\" data-thumbnail=\"\"  itemprop=\"contentUrl\"><img decoding=\"async\" id=\"envira-gallery-image-14966\" class=\"envira-gallery-image envira-gallery-image-3 envira-normal envira-lazy\" data-envira-index=\"3\" src=\"https:\/\/www.der-mopedladen.de\/wp-content\/uploads\/2023\/01\/Umbau-fertig-2022-2-1024x768-640x480.jpeg\" data-envira-src=\"https:\/\/www.der-mopedladen.de\/wp-content\/uploads\/2023\/01\/Umbau-fertig-2022-2-1024x768-640x480.jpeg\" data-envira-gallery-id=\"14981\" data-envira-item-id=\"14966\" data-envira-caption=\"Umbau fertig 2022 2\" alt=\"\" title=\"Umbau fertig 2022 2\"  itemprop=\"thumbnailUrl\" data-envira-srcset=\"https:\/\/www.der-mopedladen.de\/wp-content\/uploads\/2023\/01\/Umbau-fertig-2022-2-1024x768-640x480.jpeg 400w,https:\/\/www.der-mopedladen.de\/wp-content\/uploads\/2023\/01\/Umbau-fertig-2022-2-1024x768-640x480.jpeg 2x\" data-envira-width=\"300\" data-envira-height=\"225\" srcset=\"data:image\/gif;base64,R0lGODlhAQABAIAAAP\/\/\/\/\/\/\/yH5BAEKAAEALAAAAAABAAEAAAICTAEAOw==\" data-safe-src=\"data:image\/gif;base64,R0lGODlhAQABAIAAAP\/\/\/\/\/\/\/yH5BAEKAAEALAAAAAABAAEAAAICTAEAOw==\" \/><\/a><\/div><\/div><div id=\"envira-gallery-item-14967\" class=\"envira-gallery-item enviratope-item envira-gallery-item-4 envira-lazy-load\" style=\"padding-left: 5px; padding-bottom: 10px; padding-right: 5px;\"  itemscope itemtype=\"https:\/\/schema.org\/ImageObject\"><div class=\"envira-gallery-item-inner\"><div class=\"envira-gallery-position-overlay  envira-gallery-top-left\"><\/div><div class=\"envira-gallery-position-overlay  envira-gallery-top-right\"><\/div><div class=\"envira-gallery-position-overlay  envira-gallery-bottom-left\"><\/div><div class=\"envira-gallery-position-overlay  envira-gallery-bottom-right\"><\/div><a href=\"https:\/\/www.der-mopedladen.de\/wp-content\/uploads\/2023\/01\/Umbau-fertig-2022-3.jpeg\" class=\"envira-gallery-14981 envira-gallery-link\" rel=\"enviragallery14981\" title=\"Umbau fertig 2022 3\" data-envira-caption=\"Umbau fertig 2022 3\" data-envira-retina=\"\" data-thumbnail=\"\"  itemprop=\"contentUrl\"><img decoding=\"async\" id=\"envira-gallery-image-14967\" class=\"envira-gallery-image envira-gallery-image-4 envira-normal envira-lazy\" data-envira-index=\"4\" src=\"https:\/\/www.der-mopedladen.de\/wp-content\/uploads\/2023\/01\/Umbau-fertig-2022-3-1024x768-640x480.jpeg\" data-envira-src=\"https:\/\/www.der-mopedladen.de\/wp-content\/uploads\/2023\/01\/Umbau-fertig-2022-3-1024x768-640x480.jpeg\" data-envira-gallery-id=\"14981\" data-envira-item-id=\"14967\" data-envira-caption=\"Umbau fertig 2022 3\" alt=\"\" title=\"Umbau fertig 2022 3\"  itemprop=\"thumbnailUrl\" data-envira-srcset=\"https:\/\/www.der-mopedladen.de\/wp-content\/uploads\/2023\/01\/Umbau-fertig-2022-3-1024x768-640x480.jpeg 400w,https:\/\/www.der-mopedladen.de\/wp-content\/uploads\/2023\/01\/Umbau-fertig-2022-3-1024x768-640x480.jpeg 2x\" data-envira-width=\"300\" data-envira-height=\"225\" srcset=\"data:image\/gif;base64,R0lGODlhAQABAIAAAP\/\/\/\/\/\/\/yH5BAEKAAEALAAAAAABAAEAAAICTAEAOw==\" data-safe-src=\"data:image\/gif;base64,R0lGODlhAQABAIAAAP\/\/\/\/\/\/\/yH5BAEKAAEALAAAAAABAAEAAAICTAEAOw==\" \/><\/a><\/div><\/div><div id=\"envira-gallery-item-14971\" class=\"envira-gallery-item enviratope-item envira-gallery-item-5 envira-lazy-load\" style=\"padding-left: 5px; padding-bottom: 10px; padding-right: 5px;\"  itemscope itemtype=\"https:\/\/schema.org\/ImageObject\"><div class=\"envira-gallery-item-inner\"><div class=\"envira-gallery-position-overlay  envira-gallery-top-left\"><\/div><div class=\"envira-gallery-position-overlay  envira-gallery-top-right\"><\/div><div class=\"envira-gallery-position-overlay  envira-gallery-bottom-left\"><\/div><div class=\"envira-gallery-position-overlay  envira-gallery-bottom-right\"><\/div><a href=\"https:\/\/www.der-mopedladen.de\/wp-content\/uploads\/2023\/01\/Umbau-fertig-2022-7.jpeg\" class=\"envira-gallery-14981 envira-gallery-link\" rel=\"enviragallery14981\" title=\"Umbau fertig 2022 7\" data-envira-caption=\"Umbau fertig 2022 7\" data-envira-retina=\"\" data-thumbnail=\"\"  itemprop=\"contentUrl\"><img decoding=\"async\" id=\"envira-gallery-image-14971\" class=\"envira-gallery-image envira-gallery-image-5 envira-normal envira-lazy\" data-envira-index=\"5\" src=\"https:\/\/www.der-mopedladen.de\/wp-content\/uploads\/2023\/01\/Umbau-fertig-2022-7-1024x768-640x480.jpeg\" data-envira-src=\"https:\/\/www.der-mopedladen.de\/wp-content\/uploads\/2023\/01\/Umbau-fertig-2022-7-1024x768-640x480.jpeg\" data-envira-gallery-id=\"14981\" data-envira-item-id=\"14971\" data-envira-caption=\"Umbau fertig 2022 7\" alt=\"\" title=\"Umbau fertig 2022 7\"  itemprop=\"thumbnailUrl\" data-envira-srcset=\"https:\/\/www.der-mopedladen.de\/wp-content\/uploads\/2023\/01\/Umbau-fertig-2022-7-1024x768-640x480.jpeg 400w,https:\/\/www.der-mopedladen.de\/wp-content\/uploads\/2023\/01\/Umbau-fertig-2022-7-1024x768-640x480.jpeg 2x\" data-envira-width=\"300\" data-envira-height=\"225\" srcset=\"data:image\/gif;base64,R0lGODlhAQABAIAAAP\/\/\/\/\/\/\/yH5BAEKAAEALAAAAAABAAEAAAICTAEAOw==\" data-safe-src=\"data:image\/gif;base64,R0lGODlhAQABAIAAAP\/\/\/\/\/\/\/yH5BAEKAAEALAAAAAABAAEAAAICTAEAOw==\" \/><\/a><\/div><\/div><div id=\"envira-gallery-item-14962\" class=\"envira-gallery-item enviratope-item envira-gallery-item-6 envira-lazy-load\" style=\"padding-left: 5px; padding-bottom: 10px; padding-right: 5px;\"  itemscope itemtype=\"https:\/\/schema.org\/ImageObject\"><div class=\"envira-gallery-item-inner\"><div class=\"envira-gallery-position-overlay  envira-gallery-top-left\"><\/div><div class=\"envira-gallery-position-overlay  envira-gallery-top-right\"><\/div><div class=\"envira-gallery-position-overlay  envira-gallery-bottom-left\"><\/div><div class=\"envira-gallery-position-overlay  envira-gallery-bottom-right\"><\/div><a href=\"https:\/\/www.der-mopedladen.de\/wp-content\/uploads\/2023\/01\/Umbau-fertig-2022-12.jpeg\" class=\"envira-gallery-14981 envira-gallery-link\" rel=\"enviragallery14981\" title=\"Umbau fertig 2022 12\" data-envira-caption=\"Umbau fertig 2022 12\" data-envira-retina=\"\" data-thumbnail=\"\"  itemprop=\"contentUrl\"><img decoding=\"async\" id=\"envira-gallery-image-14962\" class=\"envira-gallery-image envira-gallery-image-6 envira-normal envira-lazy\" data-envira-index=\"6\" src=\"https:\/\/www.der-mopedladen.de\/wp-content\/uploads\/2023\/01\/Umbau-fertig-2022-12-1024x768-640x480.jpeg\" data-envira-src=\"https:\/\/www.der-mopedladen.de\/wp-content\/uploads\/2023\/01\/Umbau-fertig-2022-12-1024x768-640x480.jpeg\" data-envira-gallery-id=\"14981\" data-envira-item-id=\"14962\" data-envira-caption=\"Umbau fertig 2022 12\" alt=\"\" title=\"Umbau fertig 2022 12\"  itemprop=\"thumbnailUrl\" data-envira-srcset=\"https:\/\/www.der-mopedladen.de\/wp-content\/uploads\/2023\/01\/Umbau-fertig-2022-12-1024x768-640x480.jpeg 400w,https:\/\/www.der-mopedladen.de\/wp-content\/uploads\/2023\/01\/Umbau-fertig-2022-12-1024x768-640x480.jpeg 2x\" data-envira-width=\"300\" data-envira-height=\"225\" srcset=\"data:image\/gif;base64,R0lGODlhAQABAIAAAP\/\/\/\/\/\/\/yH5BAEKAAEALAAAAAABAAEAAAICTAEAOw==\" data-safe-src=\"data:image\/gif;base64,R0lGODlhAQABAIAAAP\/\/\/\/\/\/\/yH5BAEKAAEALAAAAAABAAEAAAICTAEAOw==\" \/><\/a><\/div><\/div><div id=\"envira-gallery-item-14968\" class=\"envira-gallery-item enviratope-item envira-gallery-item-7 envira-lazy-load\" style=\"padding-left: 5px; padding-bottom: 10px; padding-right: 5px;\"  itemscope itemtype=\"https:\/\/schema.org\/ImageObject\"><div class=\"envira-gallery-item-inner\"><div class=\"envira-gallery-position-overlay  envira-gallery-top-left\"><\/div><div class=\"envira-gallery-position-overlay  envira-gallery-top-right\"><\/div><div class=\"envira-gallery-position-overlay  envira-gallery-bottom-left\"><\/div><div class=\"envira-gallery-position-overlay  envira-gallery-bottom-right\"><\/div><a href=\"https:\/\/www.der-mopedladen.de\/wp-content\/uploads\/2023\/01\/Umbau-fertig-2022-4.jpeg\" class=\"envira-gallery-14981 envira-gallery-link\" rel=\"enviragallery14981\" title=\"Umbau fertig 2022 4\" data-envira-caption=\"Umbau fertig 2022 4\" data-envira-retina=\"\" data-thumbnail=\"\"  itemprop=\"contentUrl\"><img decoding=\"async\" id=\"envira-gallery-image-14968\" class=\"envira-gallery-image envira-gallery-image-7 envira-normal envira-lazy\" data-envira-index=\"7\" src=\"https:\/\/www.der-mopedladen.de\/wp-content\/uploads\/2023\/01\/Umbau-fertig-2022-4-1024x768-640x480.jpeg\" data-envira-src=\"https:\/\/www.der-mopedladen.de\/wp-content\/uploads\/2023\/01\/Umbau-fertig-2022-4-1024x768-640x480.jpeg\" data-envira-gallery-id=\"14981\" data-envira-item-id=\"14968\" data-envira-caption=\"Umbau fertig 2022 4\" alt=\"\" title=\"Umbau fertig 2022 4\"  itemprop=\"thumbnailUrl\" data-envira-srcset=\"https:\/\/www.der-mopedladen.de\/wp-content\/uploads\/2023\/01\/Umbau-fertig-2022-4-1024x768-640x480.jpeg 400w,https:\/\/www.der-mopedladen.de\/wp-content\/uploads\/2023\/01\/Umbau-fertig-2022-4-1024x768-640x480.jpeg 2x\" data-envira-width=\"300\" data-envira-height=\"225\" srcset=\"data:image\/gif;base64,R0lGODlhAQABAIAAAP\/\/\/\/\/\/\/yH5BAEKAAEALAAAAAABAAEAAAICTAEAOw==\" data-safe-src=\"data:image\/gif;base64,R0lGODlhAQABAIAAAP\/\/\/\/\/\/\/yH5BAEKAAEALAAAAAABAAEAAAICTAEAOw==\" \/><\/a><\/div><\/div><\/div><\/div><noscript><img decoding=\"async\" src=\"https:\/\/www.der-mopedladen.de\/wp-content\/uploads\/2023\/01\/Umbau-fertig-2022-11.jpeg\" alt=\"\" \/><img decoding=\"async\" src=\"https:\/\/www.der-mopedladen.de\/wp-content\/uploads\/2023\/01\/Umbau-fertig-2022-8.jpeg\" alt=\"\" \/><img decoding=\"async\" src=\"https:\/\/www.der-mopedladen.de\/wp-content\/uploads\/2023\/01\/Umbau-fertig-2022-2.jpeg\" alt=\"\" \/><img decoding=\"async\" src=\"https:\/\/www.der-mopedladen.de\/wp-content\/uploads\/2023\/01\/Umbau-fertig-2022-3.jpeg\" alt=\"\" \/><img decoding=\"async\" src=\"https:\/\/www.der-mopedladen.de\/wp-content\/uploads\/2023\/01\/Umbau-fertig-2022-7.jpeg\" alt=\"\" \/><img decoding=\"async\" src=\"https:\/\/www.der-mopedladen.de\/wp-content\/uploads\/2023\/01\/Umbau-fertig-2022-12.jpeg\" alt=\"\" \/><img decoding=\"async\" src=\"https:\/\/www.der-mopedladen.de\/wp-content\/uploads\/2023\/01\/Umbau-fertig-2022-4.jpeg\" alt=\"\" \/><\/noscript>\n<p>Zum Thema Gewichtsreduzierung: Derzeit liegen wir bei rund 175 Kg vollgetankt fahrfertig. Also rund 8 Kg Ersparnis zur Serie. F\u00fcr den n\u00e4chsten Winter sind da noch ein paar Sachen angedacht, dazu sp\u00e4ter mehr. Dazu beigetragen hat auch noch ein 43er Alu-Kettenrad, dass tats\u00e4chlich im Vergleich zum original Stahl-Kettenrad ein sattes halbes Kilo einspart! Weil ungefederte Masse z\u00e4hlt das quasi doppelt \ud83d\ude09<\/p>\n<p>Die Aprilia RS 660 ist ab Werk recht lang \u00fcbersetzt, daher haben wir uns gleich zur radikalen Massnahme eines 16er Ritzels vorn durchgerungen und hinten die 43 Z\u00e4hne wie ab Werk gelassen. Das \u00dcbersetzungsverh\u00e4ltnis \u00e4ndert sich damit von 2,53 auf 2,69.<\/p>\n<p>Als Bereifung haben wir zun\u00e4chst die originalen Pirelli Diablo Rosso Corsa 2 draufgelassen.<\/p>\n<p>Auch das Fahrwerk haben wir nicht umgebaut, sondern nur ein wenig auf unseren Fahrer eingestellt. Mal schauen wie sich das Motorrad dann auf der Strecke schl\u00e4gt!<\/p>\n","protected":false},"excerpt":{"rendered":"<p>Nachdem die Verkleidung von unserem Lackierer zur\u00fcckkam, haben wir dann alles komplett zusammengebaut, das Ergebnis seht ihr in der Galerie. Den Farbton der Heckverkleidung hat\u2026<\/p>\n<p class=\"continue-reading-button\"> <a class=\"continue-reading-link\" href=\"https:\/\/www.der-mopedladen.de\/?p=15032\">Mehr Informationen<i class=\"crycon-right-dir\"><\/i><\/a><\/p>\n","protected":false},"author":2,"featured_media":14961,"comment_status":"closed","ping_status":"closed","sticky":false,"template":"","format":"standard","meta":{"footnotes":""},"categories":[24],"tags":[45,162,160,161],"class_list":["post-15032","post","type-post","status-publish","format-standard","has-post-thumbnail","hentry","category-blog","tag-aprilia","tag-racing","tag-rs660","tag-umbau"],"yoast_head":"<!-- This site is optimized with the Yoast SEO plugin v25.7 - https:\/\/yoast.com\/wordpress\/plugins\/seo\/ -->\n<title>Umbau Aprilia RS 660 - Abschluss f\u00fcr 2022 -<\/title>\n<meta name=\"description\" content=\"Unsere Racing Aprilia RS 660 ist fertig und kann in die Saison 2022 starten!\" \/>\n<meta name=\"robots\" content=\"index, follow, max-snippet:-1, max-image-preview:large, max-video-preview:-1\" \/>\n<link rel=\"canonical\" href=\"https:\/\/www.der-mopedladen.de\/?p=15032\" \/>\n<meta property=\"og:locale\" content=\"de_DE\" \/>\n<meta property=\"og:type\" content=\"article\" \/>\n<meta property=\"og:title\" content=\"Umbau Aprilia RS 660 - Abschluss f\u00fcr 2022 -\" \/>\n<meta property=\"og:description\" content=\"Unsere Racing Aprilia RS 660 ist fertig und kann in die Saison 2022 starten!\" \/>\n<meta property=\"og:url\" content=\"https:\/\/www.der-mopedladen.de\/?p=15032\" \/>\n<meta property=\"article:published_time\" content=\"2022-03-21T16:33:54+00:00\" \/>\n<meta property=\"article:modified_time\" content=\"2023-03-21T14:04:54+00:00\" \/>\n<meta property=\"og:image\" content=\"https:\/\/www.der-mopedladen.de\/wp-content\/uploads\/2023\/01\/Umbau-fertig-2022-11.jpeg\" \/>\n\t<meta property=\"og:image:width\" content=\"2048\" \/>\n\t<meta property=\"og:image:height\" content=\"1536\" \/>\n\t<meta property=\"og:image:type\" content=\"image\/jpeg\" \/>\n<meta name=\"author\" content=\"Carsten Maluche\" \/>\n<meta name=\"twitter:card\" content=\"summary_large_image\" \/>\n<meta name=\"twitter:label1\" content=\"Verfasst von\" \/>\n\t<meta name=\"twitter:data1\" content=\"Carsten Maluche\" \/>\n\t<meta name=\"twitter:label2\" content=\"Gesch\u00e4tzte Lesezeit\" \/>\n\t<meta name=\"twitter:data2\" content=\"1\u00a0Minute\" \/>\n<script type=\"application\/ld+json\" class=\"yoast-schema-graph\">{\"@context\":\"https:\/\/schema.org\",\"@graph\":[{\"@type\":\"Article\",\"@id\":\"https:\/\/www.der-mopedladen.de\/?p=15032#article\",\"isPartOf\":{\"@id\":\"https:\/\/www.der-mopedladen.de\/?p=15032\"},\"author\":{\"name\":\"Carsten Maluche\",\"@id\":\"https:\/\/www.der-mopedladen.de\/#\/schema\/person\/4d0c0c9ed7d36464398049539cfdc1c0\"},\"headline\":\"Umbau Aprilia RS 660 &#8211; Abschluss f\u00fcr 2022\",\"datePublished\":\"2022-03-21T16:33:54+00:00\",\"dateModified\":\"2023-03-21T14:04:54+00:00\",\"mainEntityOfPage\":{\"@id\":\"https:\/\/www.der-mopedladen.de\/?p=15032\"},\"wordCount\":187,\"publisher\":{\"@id\":\"https:\/\/www.der-mopedladen.de\/#organization\"},\"image\":{\"@id\":\"https:\/\/www.der-mopedladen.de\/?p=15032#primaryimage\"},\"thumbnailUrl\":\"https:\/\/www.der-mopedladen.de\/wp-content\/uploads\/2023\/01\/Umbau-fertig-2022-11.jpeg\",\"keywords\":[\"Aprilia\",\"Racing\",\"RS660\",\"Umbau\"],\"articleSection\":[\"Blog\"],\"inLanguage\":\"de\"},{\"@type\":\"WebPage\",\"@id\":\"https:\/\/www.der-mopedladen.de\/?p=15032\",\"url\":\"https:\/\/www.der-mopedladen.de\/?p=15032\",\"name\":\"Umbau Aprilia RS 660 - Abschluss f\u00fcr 2022 -\",\"isPartOf\":{\"@id\":\"https:\/\/www.der-mopedladen.de\/#website\"},\"primaryImageOfPage\":{\"@id\":\"https:\/\/www.der-mopedladen.de\/?p=15032#primaryimage\"},\"image\":{\"@id\":\"https:\/\/www.der-mopedladen.de\/?p=15032#primaryimage\"},\"thumbnailUrl\":\"https:\/\/www.der-mopedladen.de\/wp-content\/uploads\/2023\/01\/Umbau-fertig-2022-11.jpeg\",\"datePublished\":\"2022-03-21T16:33:54+00:00\",\"dateModified\":\"2023-03-21T14:04:54+00:00\",\"description\":\"Unsere Racing Aprilia RS 660 ist fertig und kann in die Saison 2022 starten!\",\"breadcrumb\":{\"@id\":\"https:\/\/www.der-mopedladen.de\/?p=15032#breadcrumb\"},\"inLanguage\":\"de\",\"potentialAction\":[{\"@type\":\"ReadAction\",\"target\":[\"https:\/\/www.der-mopedladen.de\/?p=15032\"]}]},{\"@type\":\"ImageObject\",\"inLanguage\":\"de\",\"@id\":\"https:\/\/www.der-mopedladen.de\/?p=15032#primaryimage\",\"url\":\"https:\/\/www.der-mopedladen.de\/wp-content\/uploads\/2023\/01\/Umbau-fertig-2022-11.jpeg\",\"contentUrl\":\"https:\/\/www.der-mopedladen.de\/wp-content\/uploads\/2023\/01\/Umbau-fertig-2022-11.jpeg\",\"width\":2048,\"height\":1536},{\"@type\":\"BreadcrumbList\",\"@id\":\"https:\/\/www.der-mopedladen.de\/?p=15032#breadcrumb\",\"itemListElement\":[{\"@type\":\"ListItem\",\"position\":1,\"name\":\"Startseite\",\"item\":\"https:\/\/www.der-mopedladen.de\/\"},{\"@type\":\"ListItem\",\"position\":2,\"name\":\"Umbau Aprilia RS 660 &#8211; Abschluss f\u00fcr 2022\"}]},{\"@type\":\"WebSite\",\"@id\":\"https:\/\/www.der-mopedladen.de\/#website\",\"url\":\"https:\/\/www.der-mopedladen.de\/\",\"name\":\"\",\"description\":\"\",\"publisher\":{\"@id\":\"https:\/\/www.der-mopedladen.de\/#organization\"},\"potentialAction\":[{\"@type\":\"SearchAction\",\"target\":{\"@type\":\"EntryPoint\",\"urlTemplate\":\"https:\/\/www.der-mopedladen.de\/?s={search_term_string}\"},\"query-input\":{\"@type\":\"PropertyValueSpecification\",\"valueRequired\":true,\"valueName\":\"search_term_string\"}}],\"inLanguage\":\"de\"},{\"@type\":\"Organization\",\"@id\":\"https:\/\/www.der-mopedladen.de\/#organization\",\"name\":\"Der Mopedladen OHG\",\"url\":\"https:\/\/www.der-mopedladen.de\/\",\"logo\":{\"@type\":\"ImageObject\",\"inLanguage\":\"de\",\"@id\":\"https:\/\/www.der-mopedladen.de\/#\/schema\/logo\/image\/\",\"url\":\"https:\/\/www.der-mopedladen.de\/wp-content\/uploads\/2021\/04\/Logo-DerMopedladen_ZW_CMYK-50x36mm.jpg\",\"contentUrl\":\"https:\/\/www.der-mopedladen.de\/wp-content\/uploads\/2021\/04\/Logo-DerMopedladen_ZW_CMYK-50x36mm.jpg\",\"width\":602,\"height\":437,\"caption\":\"Der Mopedladen OHG\"},\"image\":{\"@id\":\"https:\/\/www.der-mopedladen.de\/#\/schema\/logo\/image\/\"}},{\"@type\":\"Person\",\"@id\":\"https:\/\/www.der-mopedladen.de\/#\/schema\/person\/4d0c0c9ed7d36464398049539cfdc1c0\",\"name\":\"Carsten Maluche\",\"image\":{\"@type\":\"ImageObject\",\"inLanguage\":\"de\",\"@id\":\"https:\/\/www.der-mopedladen.de\/#\/schema\/person\/image\/\",\"url\":\"https:\/\/secure.gravatar.com\/avatar\/a535b4a133389f55485f0a633a5968f3d69e644503b1fed0e6aa81083975d04a?s=96&d=mm&r=g\",\"contentUrl\":\"https:\/\/secure.gravatar.com\/avatar\/a535b4a133389f55485f0a633a5968f3d69e644503b1fed0e6aa81083975d04a?s=96&d=mm&r=g\",\"caption\":\"Carsten Maluche\"}}]}<\/script>\n<!-- \/ Yoast SEO plugin. -->","yoast_head_json":{"title":"Umbau Aprilia RS 660 - Abschluss f\u00fcr 2022 -","description":"Unsere Racing Aprilia RS 660 ist fertig und kann in die Saison 2022 starten!","robots":{"index":"index","follow":"follow","max-snippet":"max-snippet:-1","max-image-preview":"max-image-preview:large","max-video-preview":"max-video-preview:-1"},"canonical":"https:\/\/www.der-mopedladen.de\/?p=15032","og_locale":"de_DE","og_type":"article","og_title":"Umbau Aprilia RS 660 - Abschluss f\u00fcr 2022 -","og_description":"Unsere Racing Aprilia RS 660 ist fertig und kann in die Saison 2022 starten!","og_url":"https:\/\/www.der-mopedladen.de\/?p=15032","article_published_time":"2022-03-21T16:33:54+00:00","article_modified_time":"2023-03-21T14:04:54+00:00","og_image":[{"width":2048,"height":1536,"url":"https:\/\/www.der-mopedladen.de\/wp-content\/uploads\/2023\/01\/Umbau-fertig-2022-11.jpeg","type":"image\/jpeg"}],"author":"Carsten Maluche","twitter_card":"summary_large_image","twitter_misc":{"Verfasst von":"Carsten Maluche","Gesch\u00e4tzte Lesezeit":"1\u00a0Minute"},"schema":{"@context":"https:\/\/schema.org","@graph":[{"@type":"Article","@id":"https:\/\/www.der-mopedladen.de\/?p=15032#article","isPartOf":{"@id":"https:\/\/www.der-mopedladen.de\/?p=15032"},"author":{"name":"Carsten Maluche","@id":"https:\/\/www.der-mopedladen.de\/#\/schema\/person\/4d0c0c9ed7d36464398049539cfdc1c0"},"headline":"Umbau Aprilia RS 660 &#8211; Abschluss f\u00fcr 2022","datePublished":"2022-03-21T16:33:54+00:00","dateModified":"2023-03-21T14:04:54+00:00","mainEntityOfPage":{"@id":"https:\/\/www.der-mopedladen.de\/?p=15032"},"wordCount":187,"publisher":{"@id":"https:\/\/www.der-mopedladen.de\/#organization"},"image":{"@id":"https:\/\/www.der-mopedladen.de\/?p=15032#primaryimage"},"thumbnailUrl":"https:\/\/www.der-mopedladen.de\/wp-content\/uploads\/2023\/01\/Umbau-fertig-2022-11.jpeg","keywords":["Aprilia","Racing","RS660","Umbau"],"articleSection":["Blog"],"inLanguage":"de"},{"@type":"WebPage","@id":"https:\/\/www.der-mopedladen.de\/?p=15032","url":"https:\/\/www.der-mopedladen.de\/?p=15032","name":"Umbau Aprilia RS 660 - Abschluss f\u00fcr 2022 -","isPartOf":{"@id":"https:\/\/www.der-mopedladen.de\/#website"},"primaryImageOfPage":{"@id":"https:\/\/www.der-mopedladen.de\/?p=15032#primaryimage"},"image":{"@id":"https:\/\/www.der-mopedladen.de\/?p=15032#primaryimage"},"thumbnailUrl":"https:\/\/www.der-mopedladen.de\/wp-content\/uploads\/2023\/01\/Umbau-fertig-2022-11.jpeg","datePublished":"2022-03-21T16:33:54+00:00","dateModified":"2023-03-21T14:04:54+00:00","description":"Unsere Racing Aprilia RS 660 ist fertig und kann in die Saison 2022 starten!","breadcrumb":{"@id":"https:\/\/www.der-mopedladen.de\/?p=15032#breadcrumb"},"inLanguage":"de","potentialAction":[{"@type":"ReadAction","target":["https:\/\/www.der-mopedladen.de\/?p=15032"]}]},{"@type":"ImageObject","inLanguage":"de","@id":"https:\/\/www.der-mopedladen.de\/?p=15032#primaryimage","url":"https:\/\/www.der-mopedladen.de\/wp-content\/uploads\/2023\/01\/Umbau-fertig-2022-11.jpeg","contentUrl":"https:\/\/www.der-mopedladen.de\/wp-content\/uploads\/2023\/01\/Umbau-fertig-2022-11.jpeg","width":2048,"height":1536},{"@type":"BreadcrumbList","@id":"https:\/\/www.der-mopedladen.de\/?p=15032#breadcrumb","itemListElement":[{"@type":"ListItem","position":1,"name":"Startseite","item":"https:\/\/www.der-mopedladen.de\/"},{"@type":"ListItem","position":2,"name":"Umbau Aprilia RS 660 &#8211; Abschluss f\u00fcr 2022"}]},{"@type":"WebSite","@id":"https:\/\/www.der-mopedladen.de\/#website","url":"https:\/\/www.der-mopedladen.de\/","name":"","description":"","publisher":{"@id":"https:\/\/www.der-mopedladen.de\/#organization"},"potentialAction":[{"@type":"SearchAction","target":{"@type":"EntryPoint","urlTemplate":"https:\/\/www.der-mopedladen.de\/?s={search_term_string}"},"query-input":{"@type":"PropertyValueSpecification","valueRequired":true,"valueName":"search_term_string"}}],"inLanguage":"de"},{"@type":"Organization","@id":"https:\/\/www.der-mopedladen.de\/#organization","name":"Der Mopedladen OHG","url":"https:\/\/www.der-mopedladen.de\/","logo":{"@type":"ImageObject","inLanguage":"de","@id":"https:\/\/www.der-mopedladen.de\/#\/schema\/logo\/image\/","url":"https:\/\/www.der-mopedladen.de\/wp-content\/uploads\/2021\/04\/Logo-DerMopedladen_ZW_CMYK-50x36mm.jpg","contentUrl":"https:\/\/www.der-mopedladen.de\/wp-content\/uploads\/2021\/04\/Logo-DerMopedladen_ZW_CMYK-50x36mm.jpg","width":602,"height":437,"caption":"Der Mopedladen OHG"},"image":{"@id":"https:\/\/www.der-mopedladen.de\/#\/schema\/logo\/image\/"}},{"@type":"Person","@id":"https:\/\/www.der-mopedladen.de\/#\/schema\/person\/4d0c0c9ed7d36464398049539cfdc1c0","name":"Carsten Maluche","image":{"@type":"ImageObject","inLanguage":"de","@id":"https:\/\/www.der-mopedladen.de\/#\/schema\/person\/image\/","url":"https:\/\/secure.gravatar.com\/avatar\/a535b4a133389f55485f0a633a5968f3d69e644503b1fed0e6aa81083975d04a?s=96&d=mm&r=g","contentUrl":"https:\/\/secure.gravatar.com\/avatar\/a535b4a133389f55485f0a633a5968f3d69e644503b1fed0e6aa81083975d04a?s=96&d=mm&r=g","caption":"Carsten Maluche"}}]}},"_links":{"self":[{"href":"https:\/\/www.der-mopedladen.de\/index.php?rest_route=\/wp\/v2\/posts\/15032","targetHints":{"allow":["GET"]}}],"collection":[{"href":"https:\/\/www.der-mopedladen.de\/index.php?rest_route=\/wp\/v2\/posts"}],"about":[{"href":"https:\/\/www.der-mopedladen.de\/index.php?rest_route=\/wp\/v2\/types\/post"}],"author":[{"embeddable":true,"href":"https:\/\/www.der-mopedladen.de\/index.php?rest_route=\/wp\/v2\/users\/2"}],"replies":[{"embeddable":true,"href":"https:\/\/www.der-mopedladen.de\/index.php?rest_route=%2Fwp%2Fv2%2Fcomments&post=15032"}],"version-history":[{"count":0,"href":"https:\/\/www.der-mopedladen.de\/index.php?rest_route=\/wp\/v2\/posts\/15032\/revisions"}],"wp:featuredmedia":[{"embeddable":true,"href":"https:\/\/www.der-mopedladen.de\/index.php?rest_route=\/wp\/v2\/media\/14961"}],"wp:attachment":[{"href":"https:\/\/www.der-mopedladen.de\/index.php?rest_route=%2Fwp%2Fv2%2Fmedia&parent=15032"}],"wp:term":[{"taxonomy":"category","embeddable":true,"href":"https:\/\/www.der-mopedladen.de\/index.php?rest_route=%2Fwp%2Fv2%2Fcategories&post=15032"},{"taxonomy":"post_tag","embeddable":true,"href":"https:\/\/www.der-mopedladen.de\/index.php?rest_route=%2Fwp%2Fv2%2Ftags&post=15032"}],"curies":[{"name":"wp","href":"https:\/\/api.w.org\/{rel}","templated":true}]}}