{"id":15009,"date":"2022-02-15T14:00:04","date_gmt":"2022-02-15T13:00:04","guid":{"rendered":"https:\/\/www.der-mopedladen.de\/?p=15009"},"modified":"2023-03-11T10:20:45","modified_gmt":"2023-03-11T09:20:45","slug":"umbau-aprilia-rs-660-rennverkleidung","status":"publish","type":"post","link":"https:\/\/www.der-mopedladen.de\/?p=15009","title":{"rendered":"Umbau Aprilia RS 660 &#8211; Rennverkleidung"},"content":{"rendered":"\n<p>Die zweite gro\u00dfe Aufgabe ist die Anpassung der Cruciata Rennverkleidung die wir \u00fcber<a href=\"https:\/\/www.wsc-shop.de\/\" target=\"_blank\" rel=\"noopener\"> WSC-Neuss<\/a> bezogen haben. Die Cruciata Verkleidung ist auch an der RS 660 Trofeo montiert, daher hatten wir die Hoffnung, dass sie relativ gut passen w\u00fcrde.\u00a0<\/p>\n<p>Das war ein Fehler. Mal abgesehen davon, dass tats\u00e4chlich kein einziges Loch vorgebohrt ist, kann man Passgenauigkeit bei Rennverkleidungen scheinbar komplett vergessen. Im Fr\u00fchjahr 2022 war das die einzige erh\u00e4ltliche Rennverkleidung aus GFK, inzwischen gibt es bei <a href=\"https:\/\/www.motorrad-stecki.de\/index.php?main_page=index&amp;cPath=991_993_994_2986\" target=\"_blank\" rel=\"noopener\">Motorrad Stecki<\/a> ein komplett anders aufgebaute Verkleidung. Ob die besser passt, w\u00e4re auszuprobieren. Die Cruciata hat n\u00e4mlich noch weitere Nachteile, dazu vielleicht sp\u00e4ter mehr&#8230;<\/p>\n<p>Als Scheibe haben wir eine h\u00f6here MRA Scheibe vorgesehen. Zun\u00e4chst wurde alles demontiert, was auf der Rennstrecke nicht n\u00f6tig ist, nur als (evtl. unvollst\u00e4ndige) Aufz\u00e4hlung:<\/p>\n<ul>\n<li>Scheinwerfer vorn<\/li>\n<li>R\u00fccklicht<\/li>\n<\/ul>\n<p>F\u00fcr beides werden Eliminatoren ben\u00f6tigt, damit es keine Fehlermeldungen im Display hagelt! Gibts von <a href=\"https:\/\/jetprimeshop.it\/de\/\" target=\"_blank\" rel=\"noopener\">Jetprime<\/a> kann man direkt in Italien kaufen oder auch bei <a href=\"https:\/\/www.wsc-shop.de\/\" target=\"_blank\" rel=\"noopener\">WSC-Neuss<\/a> oder bei <a href=\"https:\/\/www.tgp-shop.com\/aprilia?Modell=RS+660\" target=\"_blank\" rel=\"noopener\">TGP<\/a>\u00a0<\/p>\n<p>Weiter gehts mit der Demontage-Liste:\u00a0 \u00a0<\/p>\n<ul>\n<li>Kennzeichenhalter und Blinker<\/li>\n<li>Beifahrerrasten<\/li>\n<li>Spiegel<\/li>\n<li>die gesamte Originalverkleidung von vorne bis hinten inklusive Sitze<\/li>\n<li>Hupe<\/li>\n<\/ul>\n<p>Das anpassen der Cruciata Verkleidung war jedenfalls eine Heidenarbeit aber letztlich irgendwann geschafft! Anschlie\u00dfend haben wir sie zum lackieren ins <a href=\"https:\/\/lackwerk-hannover.de\/\" target=\"_blank\" rel=\"noopener\">Lackwerk Hannover<\/a> gegeben.\u00a0<\/p>\n<div id=\"envira-gallery-wrap-14987\" class=\"envira-gallery-wrap envira-gallery-theme-base envira-lightbox-theme-base\" itemscope itemtype=\"https:\/\/schema.org\/ImageGallery\"><div data-row-height=\"150\" data-gallery-theme=\"normal\" id=\"envira-gallery-14987\" class=\"envira-gallery-public envira-gallery-justified-public envira-gallery-0-columns envira-clear enviratope envira-gallery-css-animations\" data-envira-columns=\"0\"><div id=\"envira-gallery-item-14912\" class=\"envira-gallery-item enviratope-item envira-gallery-item-1 envira-lazy-load\" style=\"padding-left: 5px; padding-bottom: 10px; padding-right: 5px;\"  itemscope itemtype=\"https:\/\/schema.org\/ImageObject\"><div class=\"envira-gallery-item-inner\"><div class=\"envira-gallery-position-overlay  envira-gallery-top-left\"><\/div><div class=\"envira-gallery-position-overlay  envira-gallery-top-right\"><\/div><div class=\"envira-gallery-position-overlay  envira-gallery-bottom-left\"><\/div><div class=\"envira-gallery-position-overlay  envira-gallery-bottom-right\"><\/div><a href=\"https:\/\/www.der-mopedladen.de\/wp-content\/uploads\/2023\/01\/Rennverkleidung-roh-6.jpg\" class=\"envira-gallery-14987 envira-gallery-link\" rel=\"enviragallery14987\" title=\"Rennverkleidung roh 6\" data-envira-caption=\"Rennverkleidung roh 6\" data-envira-retina=\"\" data-thumbnail=\"\"  itemprop=\"contentUrl\"><img decoding=\"async\" id=\"envira-gallery-image-14912\" class=\"envira-gallery-image envira-gallery-image-1 envira-normal envira-lazy\" data-envira-index=\"1\" src=\"https:\/\/www.der-mopedladen.de\/wp-content\/uploads\/2023\/01\/Rennverkleidung-roh-6-1024x768-640x480.jpg\" data-envira-src=\"https:\/\/www.der-mopedladen.de\/wp-content\/uploads\/2023\/01\/Rennverkleidung-roh-6-1024x768-640x480.jpg\" data-envira-gallery-id=\"14987\" data-envira-item-id=\"14912\" data-envira-caption=\"Rennverkleidung roh 6\" alt=\"\" title=\"Rennverkleidung roh 6\"  itemprop=\"thumbnailUrl\" data-envira-srcset=\"https:\/\/www.der-mopedladen.de\/wp-content\/uploads\/2023\/01\/Rennverkleidung-roh-6-1024x768-640x480.jpg 400w,https:\/\/www.der-mopedladen.de\/wp-content\/uploads\/2023\/01\/Rennverkleidung-roh-6-1024x768-640x480.jpg 2x\" data-envira-width=\"300\" data-envira-height=\"225\" srcset=\"data:image\/gif;base64,R0lGODlhAQABAIAAAP\/\/\/\/\/\/\/yH5BAEKAAEALAAAAAABAAEAAAICTAEAOw==\" data-safe-src=\"data:image\/gif;base64,R0lGODlhAQABAIAAAP\/\/\/\/\/\/\/yH5BAEKAAEALAAAAAABAAEAAAICTAEAOw==\" \/><\/a><\/div><\/div><div id=\"envira-gallery-item-14910\" class=\"envira-gallery-item enviratope-item envira-gallery-item-2 envira-lazy-load\" style=\"padding-left: 5px; padding-bottom: 10px; padding-right: 5px;\"  itemscope itemtype=\"https:\/\/schema.org\/ImageObject\"><div class=\"envira-gallery-item-inner\"><div class=\"envira-gallery-position-overlay  envira-gallery-top-left\"><\/div><div class=\"envira-gallery-position-overlay  envira-gallery-top-right\"><\/div><div class=\"envira-gallery-position-overlay  envira-gallery-bottom-left\"><\/div><div class=\"envira-gallery-position-overlay  envira-gallery-bottom-right\"><\/div><a href=\"https:\/\/www.der-mopedladen.de\/wp-content\/uploads\/2023\/01\/Rennverkleidung-roh-4.jpg\" class=\"envira-gallery-14987 envira-gallery-link\" rel=\"enviragallery14987\" title=\"Rennverkleidung roh 4\" data-envira-caption=\"Rennverkleidung roh 4\" data-envira-retina=\"\" data-thumbnail=\"\"  itemprop=\"contentUrl\"><img decoding=\"async\" id=\"envira-gallery-image-14910\" class=\"envira-gallery-image envira-gallery-image-2 envira-normal envira-lazy\" data-envira-index=\"2\" src=\"https:\/\/www.der-mopedladen.de\/wp-content\/uploads\/2023\/01\/Rennverkleidung-roh-4-1024x768-640x480.jpg\" data-envira-src=\"https:\/\/www.der-mopedladen.de\/wp-content\/uploads\/2023\/01\/Rennverkleidung-roh-4-1024x768-640x480.jpg\" data-envira-gallery-id=\"14987\" data-envira-item-id=\"14910\" data-envira-caption=\"Rennverkleidung roh 4\" alt=\"\" title=\"Rennverkleidung roh 4\"  itemprop=\"thumbnailUrl\" data-envira-srcset=\"https:\/\/www.der-mopedladen.de\/wp-content\/uploads\/2023\/01\/Rennverkleidung-roh-4-1024x768-640x480.jpg 400w,https:\/\/www.der-mopedladen.de\/wp-content\/uploads\/2023\/01\/Rennverkleidung-roh-4-1024x768-640x480.jpg 2x\" data-envira-width=\"300\" data-envira-height=\"225\" srcset=\"data:image\/gif;base64,R0lGODlhAQABAIAAAP\/\/\/\/\/\/\/yH5BAEKAAEALAAAAAABAAEAAAICTAEAOw==\" data-safe-src=\"data:image\/gif;base64,R0lGODlhAQABAIAAAP\/\/\/\/\/\/\/yH5BAEKAAEALAAAAAABAAEAAAICTAEAOw==\" \/><\/a><\/div><\/div><div id=\"envira-gallery-item-14909\" class=\"envira-gallery-item enviratope-item envira-gallery-item-3 envira-lazy-load\" style=\"padding-left: 5px; padding-bottom: 10px; padding-right: 5px;\"  itemscope itemtype=\"https:\/\/schema.org\/ImageObject\"><div class=\"envira-gallery-item-inner\"><div class=\"envira-gallery-position-overlay  envira-gallery-top-left\"><\/div><div class=\"envira-gallery-position-overlay  envira-gallery-top-right\"><\/div><div class=\"envira-gallery-position-overlay  envira-gallery-bottom-left\"><\/div><div class=\"envira-gallery-position-overlay  envira-gallery-bottom-right\"><\/div><a href=\"https:\/\/www.der-mopedladen.de\/wp-content\/uploads\/2023\/01\/Rennverkleidung-roh-3.jpg\" class=\"envira-gallery-14987 envira-gallery-link\" rel=\"enviragallery14987\" title=\"Rennverkleidung roh 3\" data-envira-caption=\"Rennverkleidung roh 3\" data-envira-retina=\"\" data-thumbnail=\"\"  itemprop=\"contentUrl\"><img decoding=\"async\" id=\"envira-gallery-image-14909\" class=\"envira-gallery-image envira-gallery-image-3 envira-normal envira-lazy\" data-envira-index=\"3\" src=\"https:\/\/www.der-mopedladen.de\/wp-content\/uploads\/2023\/01\/Rennverkleidung-roh-3-1024x768-640x480.jpg\" data-envira-src=\"https:\/\/www.der-mopedladen.de\/wp-content\/uploads\/2023\/01\/Rennverkleidung-roh-3-1024x768-640x480.jpg\" data-envira-gallery-id=\"14987\" data-envira-item-id=\"14909\" data-envira-caption=\"Rennverkleidung roh 3\" alt=\"\" title=\"Rennverkleidung roh 3\"  itemprop=\"thumbnailUrl\" data-envira-srcset=\"https:\/\/www.der-mopedladen.de\/wp-content\/uploads\/2023\/01\/Rennverkleidung-roh-3-1024x768-640x480.jpg 400w,https:\/\/www.der-mopedladen.de\/wp-content\/uploads\/2023\/01\/Rennverkleidung-roh-3-1024x768-640x480.jpg 2x\" data-envira-width=\"300\" data-envira-height=\"225\" srcset=\"data:image\/gif;base64,R0lGODlhAQABAIAAAP\/\/\/\/\/\/\/yH5BAEKAAEALAAAAAABAAEAAAICTAEAOw==\" data-safe-src=\"data:image\/gif;base64,R0lGODlhAQABAIAAAP\/\/\/\/\/\/\/yH5BAEKAAEALAAAAAABAAEAAAICTAEAOw==\" \/><\/a><\/div><\/div><div id=\"envira-gallery-item-14908\" class=\"envira-gallery-item enviratope-item envira-gallery-item-4 envira-lazy-load\" style=\"padding-left: 5px; padding-bottom: 10px; padding-right: 5px;\"  itemscope itemtype=\"https:\/\/schema.org\/ImageObject\"><div class=\"envira-gallery-item-inner\"><div class=\"envira-gallery-position-overlay  envira-gallery-top-left\"><\/div><div class=\"envira-gallery-position-overlay  envira-gallery-top-right\"><\/div><div class=\"envira-gallery-position-overlay  envira-gallery-bottom-left\"><\/div><div class=\"envira-gallery-position-overlay  envira-gallery-bottom-right\"><\/div><a href=\"https:\/\/www.der-mopedladen.de\/wp-content\/uploads\/2023\/01\/Rennverkleidung-roh-2.jpg\" class=\"envira-gallery-14987 envira-gallery-link\" rel=\"enviragallery14987\" title=\"Rennverkleidung roh 2\" data-envira-caption=\"Rennverkleidung roh 2\" data-envira-retina=\"\" data-thumbnail=\"\"  itemprop=\"contentUrl\"><img decoding=\"async\" id=\"envira-gallery-image-14908\" class=\"envira-gallery-image envira-gallery-image-4 envira-normal envira-lazy\" data-envira-index=\"4\" src=\"https:\/\/www.der-mopedladen.de\/wp-content\/uploads\/2023\/01\/Rennverkleidung-roh-2-1024x768-640x480.jpg\" data-envira-src=\"https:\/\/www.der-mopedladen.de\/wp-content\/uploads\/2023\/01\/Rennverkleidung-roh-2-1024x768-640x480.jpg\" data-envira-gallery-id=\"14987\" data-envira-item-id=\"14908\" data-envira-caption=\"Rennverkleidung roh 2\" alt=\"\" title=\"Rennverkleidung roh 2\"  itemprop=\"thumbnailUrl\" data-envira-srcset=\"https:\/\/www.der-mopedladen.de\/wp-content\/uploads\/2023\/01\/Rennverkleidung-roh-2-1024x768-640x480.jpg 400w,https:\/\/www.der-mopedladen.de\/wp-content\/uploads\/2023\/01\/Rennverkleidung-roh-2-1024x768-640x480.jpg 2x\" data-envira-width=\"300\" data-envira-height=\"225\" srcset=\"data:image\/gif;base64,R0lGODlhAQABAIAAAP\/\/\/\/\/\/\/yH5BAEKAAEALAAAAAABAAEAAAICTAEAOw==\" data-safe-src=\"data:image\/gif;base64,R0lGODlhAQABAIAAAP\/\/\/\/\/\/\/yH5BAEKAAEALAAAAAABAAEAAAICTAEAOw==\" \/><\/a><\/div><\/div><div id=\"envira-gallery-item-14907\" class=\"envira-gallery-item enviratope-item envira-gallery-item-5 envira-lazy-load\" style=\"padding-left: 5px; padding-bottom: 10px; padding-right: 5px;\"  itemscope itemtype=\"https:\/\/schema.org\/ImageObject\"><div class=\"envira-gallery-item-inner\"><div class=\"envira-gallery-position-overlay  envira-gallery-top-left\"><\/div><div class=\"envira-gallery-position-overlay  envira-gallery-top-right\"><\/div><div class=\"envira-gallery-position-overlay  envira-gallery-bottom-left\"><\/div><div class=\"envira-gallery-position-overlay  envira-gallery-bottom-right\"><\/div><a href=\"https:\/\/www.der-mopedladen.de\/wp-content\/uploads\/2023\/01\/Rennverkleidung-roh-1.jpg\" class=\"envira-gallery-14987 envira-gallery-link\" rel=\"enviragallery14987\" title=\"Rennverkleidung roh 1\" data-envira-caption=\"Rennverkleidung roh 1\" data-envira-retina=\"\" data-thumbnail=\"\"  itemprop=\"contentUrl\"><img decoding=\"async\" id=\"envira-gallery-image-14907\" class=\"envira-gallery-image envira-gallery-image-5 envira-normal envira-lazy\" data-envira-index=\"5\" src=\"https:\/\/www.der-mopedladen.de\/wp-content\/uploads\/2023\/01\/Rennverkleidung-roh-1-1024x768-640x480.jpg\" data-envira-src=\"https:\/\/www.der-mopedladen.de\/wp-content\/uploads\/2023\/01\/Rennverkleidung-roh-1-1024x768-640x480.jpg\" data-envira-gallery-id=\"14987\" data-envira-item-id=\"14907\" data-envira-caption=\"Rennverkleidung roh 1\" alt=\"\" title=\"Rennverkleidung roh 1\"  itemprop=\"thumbnailUrl\" data-envira-srcset=\"https:\/\/www.der-mopedladen.de\/wp-content\/uploads\/2023\/01\/Rennverkleidung-roh-1-1024x768-640x480.jpg 400w,https:\/\/www.der-mopedladen.de\/wp-content\/uploads\/2023\/01\/Rennverkleidung-roh-1-1024x768-640x480.jpg 2x\" data-envira-width=\"300\" data-envira-height=\"225\" srcset=\"data:image\/gif;base64,R0lGODlhAQABAIAAAP\/\/\/\/\/\/\/yH5BAEKAAEALAAAAAABAAEAAAICTAEAOw==\" data-safe-src=\"data:image\/gif;base64,R0lGODlhAQABAIAAAP\/\/\/\/\/\/\/yH5BAEKAAEALAAAAAABAAEAAAICTAEAOw==\" \/><\/a><\/div><\/div><\/div><\/div><noscript><img decoding=\"async\" src=\"https:\/\/www.der-mopedladen.de\/wp-content\/uploads\/2023\/01\/Rennverkleidung-roh-6.jpg\" alt=\"\" \/><img decoding=\"async\" src=\"https:\/\/www.der-mopedladen.de\/wp-content\/uploads\/2023\/01\/Rennverkleidung-roh-4.jpg\" alt=\"\" \/><img decoding=\"async\" src=\"https:\/\/www.der-mopedladen.de\/wp-content\/uploads\/2023\/01\/Rennverkleidung-roh-3.jpg\" alt=\"\" \/><img decoding=\"async\" src=\"https:\/\/www.der-mopedladen.de\/wp-content\/uploads\/2023\/01\/Rennverkleidung-roh-2.jpg\" alt=\"\" \/><img decoding=\"async\" src=\"https:\/\/www.der-mopedladen.de\/wp-content\/uploads\/2023\/01\/Rennverkleidung-roh-1.jpg\" alt=\"\" \/><\/noscript>\n","protected":false},"excerpt":{"rendered":"<p>Die zweite gro\u00dfe Aufgabe ist die Anpassung der Cruciata Rennverkleidung die wir \u00fcber WSC-Neuss bezogen haben. Die Cruciata Verkleidung ist auch an der RS 660\u2026<\/p>\n<p class=\"continue-reading-button\"> <a class=\"continue-reading-link\" href=\"https:\/\/www.der-mopedladen.de\/?p=15009\">Mehr Informationen<i class=\"crycon-right-dir\"><\/i><\/a><\/p>\n","protected":false},"author":2,"featured_media":14910,"comment_status":"closed","ping_status":"closed","sticky":false,"template":"","format":"standard","meta":{"footnotes":""},"categories":[24],"tags":[45,165,162,166,160,161],"class_list":["post-15009","post","type-post","status-publish","format-standard","has-post-thumbnail","hentry","category-blog","tag-aprilia","tag-cruciata","tag-racing","tag-rennverkleidung","tag-rs660","tag-umbau"],"yoast_head":"<!-- This site is optimized with the Yoast SEO plugin v25.7 - https:\/\/yoast.com\/wordpress\/plugins\/seo\/ -->\n<title>Umbau Aprilia RS 660 - Rennverkleidung -<\/title>\n<meta name=\"description\" content=\"Anbau und Anpassung der Cruciata Rennverkleidung aus GFK an unsere Rennstrecken Aprilia RS 660\" \/>\n<meta name=\"robots\" content=\"index, follow, max-snippet:-1, max-image-preview:large, max-video-preview:-1\" \/>\n<link rel=\"canonical\" href=\"https:\/\/www.der-mopedladen.de\/?p=15009\" \/>\n<meta property=\"og:locale\" content=\"de_DE\" \/>\n<meta property=\"og:type\" content=\"article\" \/>\n<meta property=\"og:title\" content=\"Umbau Aprilia RS 660 - Rennverkleidung -\" \/>\n<meta property=\"og:description\" content=\"Anbau und Anpassung der Cruciata Rennverkleidung aus GFK an unsere Rennstrecken Aprilia RS 660\" \/>\n<meta property=\"og:url\" content=\"https:\/\/www.der-mopedladen.de\/?p=15009\" \/>\n<meta property=\"article:published_time\" content=\"2022-02-15T13:00:04+00:00\" \/>\n<meta property=\"article:modified_time\" content=\"2023-03-11T09:20:45+00:00\" \/>\n<meta property=\"og:image\" content=\"https:\/\/www.der-mopedladen.de\/wp-content\/uploads\/2023\/01\/Rennverkleidung-roh-4.jpg\" \/>\n\t<meta property=\"og:image:width\" content=\"1440\" \/>\n\t<meta property=\"og:image:height\" content=\"1080\" \/>\n\t<meta property=\"og:image:type\" content=\"image\/jpeg\" \/>\n<meta name=\"author\" content=\"Carsten Maluche\" \/>\n<meta name=\"twitter:card\" content=\"summary_large_image\" \/>\n<meta name=\"twitter:label1\" content=\"Verfasst von\" \/>\n\t<meta name=\"twitter:data1\" content=\"Carsten Maluche\" \/>\n\t<meta name=\"twitter:label2\" content=\"Gesch\u00e4tzte Lesezeit\" \/>\n\t<meta name=\"twitter:data2\" content=\"1\u00a0Minute\" \/>\n<script type=\"application\/ld+json\" class=\"yoast-schema-graph\">{\"@context\":\"https:\/\/schema.org\",\"@graph\":[{\"@type\":\"Article\",\"@id\":\"https:\/\/www.der-mopedladen.de\/?p=15009#article\",\"isPartOf\":{\"@id\":\"https:\/\/www.der-mopedladen.de\/?p=15009\"},\"author\":{\"name\":\"Carsten Maluche\",\"@id\":\"https:\/\/www.der-mopedladen.de\/#\/schema\/person\/4d0c0c9ed7d36464398049539cfdc1c0\"},\"headline\":\"Umbau Aprilia RS 660 &#8211; Rennverkleidung\",\"datePublished\":\"2022-02-15T13:00:04+00:00\",\"dateModified\":\"2023-03-11T09:20:45+00:00\",\"mainEntityOfPage\":{\"@id\":\"https:\/\/www.der-mopedladen.de\/?p=15009\"},\"wordCount\":220,\"publisher\":{\"@id\":\"https:\/\/www.der-mopedladen.de\/#organization\"},\"image\":{\"@id\":\"https:\/\/www.der-mopedladen.de\/?p=15009#primaryimage\"},\"thumbnailUrl\":\"https:\/\/www.der-mopedladen.de\/wp-content\/uploads\/2023\/01\/Rennverkleidung-roh-4.jpg\",\"keywords\":[\"Aprilia\",\"Cruciata\",\"Racing\",\"Rennverkleidung\",\"RS660\",\"Umbau\"],\"articleSection\":[\"Blog\"],\"inLanguage\":\"de\"},{\"@type\":\"WebPage\",\"@id\":\"https:\/\/www.der-mopedladen.de\/?p=15009\",\"url\":\"https:\/\/www.der-mopedladen.de\/?p=15009\",\"name\":\"Umbau Aprilia RS 660 - Rennverkleidung -\",\"isPartOf\":{\"@id\":\"https:\/\/www.der-mopedladen.de\/#website\"},\"primaryImageOfPage\":{\"@id\":\"https:\/\/www.der-mopedladen.de\/?p=15009#primaryimage\"},\"image\":{\"@id\":\"https:\/\/www.der-mopedladen.de\/?p=15009#primaryimage\"},\"thumbnailUrl\":\"https:\/\/www.der-mopedladen.de\/wp-content\/uploads\/2023\/01\/Rennverkleidung-roh-4.jpg\",\"datePublished\":\"2022-02-15T13:00:04+00:00\",\"dateModified\":\"2023-03-11T09:20:45+00:00\",\"description\":\"Anbau und Anpassung der Cruciata Rennverkleidung aus GFK an unsere Rennstrecken Aprilia RS 660\",\"breadcrumb\":{\"@id\":\"https:\/\/www.der-mopedladen.de\/?p=15009#breadcrumb\"},\"inLanguage\":\"de\",\"potentialAction\":[{\"@type\":\"ReadAction\",\"target\":[\"https:\/\/www.der-mopedladen.de\/?p=15009\"]}]},{\"@type\":\"ImageObject\",\"inLanguage\":\"de\",\"@id\":\"https:\/\/www.der-mopedladen.de\/?p=15009#primaryimage\",\"url\":\"https:\/\/www.der-mopedladen.de\/wp-content\/uploads\/2023\/01\/Rennverkleidung-roh-4.jpg\",\"contentUrl\":\"https:\/\/www.der-mopedladen.de\/wp-content\/uploads\/2023\/01\/Rennverkleidung-roh-4.jpg\",\"width\":1440,\"height\":1080},{\"@type\":\"BreadcrumbList\",\"@id\":\"https:\/\/www.der-mopedladen.de\/?p=15009#breadcrumb\",\"itemListElement\":[{\"@type\":\"ListItem\",\"position\":1,\"name\":\"Startseite\",\"item\":\"https:\/\/www.der-mopedladen.de\/\"},{\"@type\":\"ListItem\",\"position\":2,\"name\":\"Umbau Aprilia RS 660 &#8211; Rennverkleidung\"}]},{\"@type\":\"WebSite\",\"@id\":\"https:\/\/www.der-mopedladen.de\/#website\",\"url\":\"https:\/\/www.der-mopedladen.de\/\",\"name\":\"\",\"description\":\"\",\"publisher\":{\"@id\":\"https:\/\/www.der-mopedladen.de\/#organization\"},\"potentialAction\":[{\"@type\":\"SearchAction\",\"target\":{\"@type\":\"EntryPoint\",\"urlTemplate\":\"https:\/\/www.der-mopedladen.de\/?s={search_term_string}\"},\"query-input\":{\"@type\":\"PropertyValueSpecification\",\"valueRequired\":true,\"valueName\":\"search_term_string\"}}],\"inLanguage\":\"de\"},{\"@type\":\"Organization\",\"@id\":\"https:\/\/www.der-mopedladen.de\/#organization\",\"name\":\"Der Mopedladen OHG\",\"url\":\"https:\/\/www.der-mopedladen.de\/\",\"logo\":{\"@type\":\"ImageObject\",\"inLanguage\":\"de\",\"@id\":\"https:\/\/www.der-mopedladen.de\/#\/schema\/logo\/image\/\",\"url\":\"https:\/\/www.der-mopedladen.de\/wp-content\/uploads\/2021\/04\/Logo-DerMopedladen_ZW_CMYK-50x36mm.jpg\",\"contentUrl\":\"https:\/\/www.der-mopedladen.de\/wp-content\/uploads\/2021\/04\/Logo-DerMopedladen_ZW_CMYK-50x36mm.jpg\",\"width\":602,\"height\":437,\"caption\":\"Der Mopedladen OHG\"},\"image\":{\"@id\":\"https:\/\/www.der-mopedladen.de\/#\/schema\/logo\/image\/\"}},{\"@type\":\"Person\",\"@id\":\"https:\/\/www.der-mopedladen.de\/#\/schema\/person\/4d0c0c9ed7d36464398049539cfdc1c0\",\"name\":\"Carsten Maluche\",\"image\":{\"@type\":\"ImageObject\",\"inLanguage\":\"de\",\"@id\":\"https:\/\/www.der-mopedladen.de\/#\/schema\/person\/image\/\",\"url\":\"https:\/\/secure.gravatar.com\/avatar\/a535b4a133389f55485f0a633a5968f3d69e644503b1fed0e6aa81083975d04a?s=96&d=mm&r=g\",\"contentUrl\":\"https:\/\/secure.gravatar.com\/avatar\/a535b4a133389f55485f0a633a5968f3d69e644503b1fed0e6aa81083975d04a?s=96&d=mm&r=g\",\"caption\":\"Carsten Maluche\"}}]}<\/script>\n<!-- \/ Yoast SEO plugin. -->","yoast_head_json":{"title":"Umbau Aprilia RS 660 - Rennverkleidung -","description":"Anbau und Anpassung der Cruciata Rennverkleidung aus GFK an unsere Rennstrecken Aprilia RS 660","robots":{"index":"index","follow":"follow","max-snippet":"max-snippet:-1","max-image-preview":"max-image-preview:large","max-video-preview":"max-video-preview:-1"},"canonical":"https:\/\/www.der-mopedladen.de\/?p=15009","og_locale":"de_DE","og_type":"article","og_title":"Umbau Aprilia RS 660 - Rennverkleidung -","og_description":"Anbau und Anpassung der Cruciata Rennverkleidung aus GFK an unsere Rennstrecken Aprilia RS 660","og_url":"https:\/\/www.der-mopedladen.de\/?p=15009","article_published_time":"2022-02-15T13:00:04+00:00","article_modified_time":"2023-03-11T09:20:45+00:00","og_image":[{"width":1440,"height":1080,"url":"https:\/\/www.der-mopedladen.de\/wp-content\/uploads\/2023\/01\/Rennverkleidung-roh-4.jpg","type":"image\/jpeg"}],"author":"Carsten Maluche","twitter_card":"summary_large_image","twitter_misc":{"Verfasst von":"Carsten Maluche","Gesch\u00e4tzte Lesezeit":"1\u00a0Minute"},"schema":{"@context":"https:\/\/schema.org","@graph":[{"@type":"Article","@id":"https:\/\/www.der-mopedladen.de\/?p=15009#article","isPartOf":{"@id":"https:\/\/www.der-mopedladen.de\/?p=15009"},"author":{"name":"Carsten Maluche","@id":"https:\/\/www.der-mopedladen.de\/#\/schema\/person\/4d0c0c9ed7d36464398049539cfdc1c0"},"headline":"Umbau Aprilia RS 660 &#8211; Rennverkleidung","datePublished":"2022-02-15T13:00:04+00:00","dateModified":"2023-03-11T09:20:45+00:00","mainEntityOfPage":{"@id":"https:\/\/www.der-mopedladen.de\/?p=15009"},"wordCount":220,"publisher":{"@id":"https:\/\/www.der-mopedladen.de\/#organization"},"image":{"@id":"https:\/\/www.der-mopedladen.de\/?p=15009#primaryimage"},"thumbnailUrl":"https:\/\/www.der-mopedladen.de\/wp-content\/uploads\/2023\/01\/Rennverkleidung-roh-4.jpg","keywords":["Aprilia","Cruciata","Racing","Rennverkleidung","RS660","Umbau"],"articleSection":["Blog"],"inLanguage":"de"},{"@type":"WebPage","@id":"https:\/\/www.der-mopedladen.de\/?p=15009","url":"https:\/\/www.der-mopedladen.de\/?p=15009","name":"Umbau Aprilia RS 660 - Rennverkleidung -","isPartOf":{"@id":"https:\/\/www.der-mopedladen.de\/#website"},"primaryImageOfPage":{"@id":"https:\/\/www.der-mopedladen.de\/?p=15009#primaryimage"},"image":{"@id":"https:\/\/www.der-mopedladen.de\/?p=15009#primaryimage"},"thumbnailUrl":"https:\/\/www.der-mopedladen.de\/wp-content\/uploads\/2023\/01\/Rennverkleidung-roh-4.jpg","datePublished":"2022-02-15T13:00:04+00:00","dateModified":"2023-03-11T09:20:45+00:00","description":"Anbau und Anpassung der Cruciata Rennverkleidung aus GFK an unsere Rennstrecken Aprilia RS 660","breadcrumb":{"@id":"https:\/\/www.der-mopedladen.de\/?p=15009#breadcrumb"},"inLanguage":"de","potentialAction":[{"@type":"ReadAction","target":["https:\/\/www.der-mopedladen.de\/?p=15009"]}]},{"@type":"ImageObject","inLanguage":"de","@id":"https:\/\/www.der-mopedladen.de\/?p=15009#primaryimage","url":"https:\/\/www.der-mopedladen.de\/wp-content\/uploads\/2023\/01\/Rennverkleidung-roh-4.jpg","contentUrl":"https:\/\/www.der-mopedladen.de\/wp-content\/uploads\/2023\/01\/Rennverkleidung-roh-4.jpg","width":1440,"height":1080},{"@type":"BreadcrumbList","@id":"https:\/\/www.der-mopedladen.de\/?p=15009#breadcrumb","itemListElement":[{"@type":"ListItem","position":1,"name":"Startseite","item":"https:\/\/www.der-mopedladen.de\/"},{"@type":"ListItem","position":2,"name":"Umbau Aprilia RS 660 &#8211; Rennverkleidung"}]},{"@type":"WebSite","@id":"https:\/\/www.der-mopedladen.de\/#website","url":"https:\/\/www.der-mopedladen.de\/","name":"","description":"","publisher":{"@id":"https:\/\/www.der-mopedladen.de\/#organization"},"potentialAction":[{"@type":"SearchAction","target":{"@type":"EntryPoint","urlTemplate":"https:\/\/www.der-mopedladen.de\/?s={search_term_string}"},"query-input":{"@type":"PropertyValueSpecification","valueRequired":true,"valueName":"search_term_string"}}],"inLanguage":"de"},{"@type":"Organization","@id":"https:\/\/www.der-mopedladen.de\/#organization","name":"Der Mopedladen OHG","url":"https:\/\/www.der-mopedladen.de\/","logo":{"@type":"ImageObject","inLanguage":"de","@id":"https:\/\/www.der-mopedladen.de\/#\/schema\/logo\/image\/","url":"https:\/\/www.der-mopedladen.de\/wp-content\/uploads\/2021\/04\/Logo-DerMopedladen_ZW_CMYK-50x36mm.jpg","contentUrl":"https:\/\/www.der-mopedladen.de\/wp-content\/uploads\/2021\/04\/Logo-DerMopedladen_ZW_CMYK-50x36mm.jpg","width":602,"height":437,"caption":"Der Mopedladen OHG"},"image":{"@id":"https:\/\/www.der-mopedladen.de\/#\/schema\/logo\/image\/"}},{"@type":"Person","@id":"https:\/\/www.der-mopedladen.de\/#\/schema\/person\/4d0c0c9ed7d36464398049539cfdc1c0","name":"Carsten Maluche","image":{"@type":"ImageObject","inLanguage":"de","@id":"https:\/\/www.der-mopedladen.de\/#\/schema\/person\/image\/","url":"https:\/\/secure.gravatar.com\/avatar\/a535b4a133389f55485f0a633a5968f3d69e644503b1fed0e6aa81083975d04a?s=96&d=mm&r=g","contentUrl":"https:\/\/secure.gravatar.com\/avatar\/a535b4a133389f55485f0a633a5968f3d69e644503b1fed0e6aa81083975d04a?s=96&d=mm&r=g","caption":"Carsten Maluche"}}]}},"_links":{"self":[{"href":"https:\/\/www.der-mopedladen.de\/index.php?rest_route=\/wp\/v2\/posts\/15009","targetHints":{"allow":["GET"]}}],"collection":[{"href":"https:\/\/www.der-mopedladen.de\/index.php?rest_route=\/wp\/v2\/posts"}],"about":[{"href":"https:\/\/www.der-mopedladen.de\/index.php?rest_route=\/wp\/v2\/types\/post"}],"author":[{"embeddable":true,"href":"https:\/\/www.der-mopedladen.de\/index.php?rest_route=\/wp\/v2\/users\/2"}],"replies":[{"embeddable":true,"href":"https:\/\/www.der-mopedladen.de\/index.php?rest_route=%2Fwp%2Fv2%2Fcomments&post=15009"}],"version-history":[{"count":0,"href":"https:\/\/www.der-mopedladen.de\/index.php?rest_route=\/wp\/v2\/posts\/15009\/revisions"}],"wp:featuredmedia":[{"embeddable":true,"href":"https:\/\/www.der-mopedladen.de\/index.php?rest_route=\/wp\/v2\/media\/14910"}],"wp:attachment":[{"href":"https:\/\/www.der-mopedladen.de\/index.php?rest_route=%2Fwp%2Fv2%2Fmedia&parent=15009"}],"wp:term":[{"taxonomy":"category","embeddable":true,"href":"https:\/\/www.der-mopedladen.de\/index.php?rest_route=%2Fwp%2Fv2%2Fcategories&post=15009"},{"taxonomy":"post_tag","embeddable":true,"href":"https:\/\/www.der-mopedladen.de\/index.php?rest_route=%2Fwp%2Fv2%2Ftags&post=15009"}],"curies":[{"name":"wp","href":"https:\/\/api.w.org\/{rel}","templated":true}]}}