{"id":14243,"date":"2024-10-01T13:33:14","date_gmt":"2024-10-01T11:33:14","guid":{"rendered":"https:\/\/www.der-mopedladen.de\/?p=14243"},"modified":"2025-11-14T11:29:31","modified_gmt":"2025-11-14T10:29:31","slug":"vespa-gts-300-supersport","status":"publish","type":"post","link":"https:\/\/www.der-mopedladen.de\/?p=14243","title":{"rendered":"Vespa GTS Supersport 310 . . . . . . . 7299 statt 7499 \u20ac"},"content":{"rendered":"\n<div id=\"c4020\" class=\"csc-default csc-space\">\n<div id=\"c4020\" class=\"csc-default csc-space\">\n<p>Ob Gro\u00dfstadtrevier oder Abenteuerreisen, mit der Vespa GTS kommen Sie stets sicher und entspannt an Ihr Ziel. Ergonomisch geformt, \u00fcberzeugt die bequeme Sitzbank Fahrer und Beifahrer mit einem H\u00f6chstma\u00df an Komfort. Praktisch der USB-Anschluss f\u00fcr das Smartphone im Handschuhfach und das ger\u00e4umige Ablagefach unter der Sitzbank.<\/p>\n<p>Extrem laufruhig, flott und kraftvoll l\u00e4sst der hpe-Motor in puncto Beschleunigung, Durchzug und Elastizit\u00e4t keine W\u00fcnsche offen. Der Vespa Klassiker mit dem kraftvollen hpe-Motor. Das Aussehen bleibt dem legend\u00e4ren Vespa-Design treu, aber das Plus an neuen \u00e4sthetischen und technischen Details verwandelt ihn in etwas, das man nur als Super-Scooter bezeichnen kann.<\/p>\n<ul>\n<li>Sparsamer Viertaktmotor mit Einspritzung<\/li>\n<li>Komplette LED Beleuchtung<\/li>\n<li>ABS und ASR serienm\u00e4\u00dfig<\/li>\n<li>Vespa MIA<\/li>\n<li>Keyless System<\/li>\n<li class=\"bodytext\">Klassisches Design<\/li>\n<\/ul>\n<\/div>\n<div id=\"c4020\" class=\"csc-default csc-space\">\n<ul>\n<li>\n<h4><strong>ACHTUNG: Alle aktuellen Farben und Modelle finden Sie auf der\u00a0<a href=\"https:\/\/www.vespa.com\/de_DE\" target=\"_blank\" rel=\"noopener\">VESPA-Homepage!<\/a><\/strong><\/h4>\n<\/li>\n<\/ul>\n<div id=\"c4026\" class=\"csc-default csc-space\">\n<div class=\"csc-header csc-header-n1\">\n<h3>Fahrzeugdetails<\/h3>\n<\/div>\n<table class=\"fahrzeugdaten\" style=\"width: 100%; height: 223px;\">\n<tbody>\n<tr style=\"height: 25px;\">\n<td style=\"height: 25px;\">F\u00fchrerschein<\/td>\n<td style=\"height: 25px;\">A, A2<\/td>\n<\/tr>\n<tr style=\"height: 25px;\">\n<td style=\"height: 25px;\">Leistung<\/td>\n<td style=\"height: 25px;\">18,4 kW \/ 25 PS<\/td>\n<\/tr>\n<tr style=\"height: 25px;\">\n<td style=\"height: 25px;\">Sitzh\u00f6he<\/td>\n<td style=\"height: 25px;\">790 mm<\/td>\n<\/tr>\n<tr style=\"height: 25px;\">\n<td style=\"height: 25px;\">H\u00f6chstgeschwindigkeit<\/td>\n<td style=\"height: 25px;\">127 km\/h<\/td>\n<\/tr>\n<tr style=\"height: 25px;\">\n<td style=\"height: 25px;\">Leer-\/Gesamtgewicht<\/td>\n<td style=\"height: 25px;\">163 kg (fahrbereit) \/ 340 kg<\/td>\n<\/tr>\n<tr style=\"height: 73px;\">\n<td style=\"height: 73px;\">Farben<\/td>\n<td style=\"height: 73px;\">\n<p>Dunkelgrau-Matt, Schwarz-Matt, Gr\u00fcn\/Gold-Matt, Weiss-Gl\u00e4nzend, Blau-Gl\u00e4nzend<\/p>\n<\/td>\n<\/tr>\n<\/tbody>\n<\/table>\n<\/div>\n<div class=\"finanzierungsWrap\">\n<div id=\"c4019\" class=\"csc-default csc-space\">\n<div class=\"csc-header csc-header-n1\">\n<h3>Finanzierung<\/h3>\n<\/div>\n<table class=\"fahrzeugdaten\">\n<tbody>\n<tr>\n<td>\n<p>Finanzierung \u00fcber Creditplus-Bank m\u00f6glich!<\/p>\n<\/td>\n<td>\u00a0<\/td>\n<\/tr>\n<\/tbody>\n<\/table>\n<\/div>\n<\/div>\n<\/div>\n<\/div>\n<div id=\"envira-gallery-wrap-14241\" class=\"envira-gallery-wrap envira-gallery-theme-base envira-lightbox-theme-base\" itemscope itemtype=\"https:\/\/schema.org\/ImageGallery\"><div data-row-height=\"150\" data-gallery-theme=\"normal\" id=\"envira-gallery-14241\" class=\"envira-gallery-public envira-gallery-justified-public envira-gallery-0-columns envira-clear enviratope envira-gallery-css-animations\" data-envira-columns=\"0\"><div id=\"envira-gallery-item-15314\" class=\"envira-gallery-item enviratope-item envira-gallery-item-1 envira-lazy-load\" style=\"padding-left: 5px; padding-bottom: 10px; padding-right: 5px;\"  itemscope itemtype=\"https:\/\/schema.org\/ImageObject\"><div class=\"envira-gallery-item-inner\"><div class=\"envira-gallery-position-overlay  envira-gallery-top-left\"><\/div><div class=\"envira-gallery-position-overlay  envira-gallery-top-right\"><\/div><div class=\"envira-gallery-position-overlay  envira-gallery-bottom-left\"><\/div><div class=\"envira-gallery-position-overlay  envira-gallery-bottom-right\"><\/div><a href=\"https:\/\/www.der-mopedladen.de\/wp-content\/uploads\/2023\/03\/GTS-Supersport-mattgrau-2023-1.jpg\" class=\"envira-gallery-14241 envira-gallery-link\" rel=\"enviragallery14241\" title=\"GTS 300 SS Mattgrau 1\" data-envira-caption=\"GTS 300 SS Mattgrau 1\" data-envira-retina=\"\" data-thumbnail=\"\"  itemprop=\"contentUrl\"><img decoding=\"async\" id=\"envira-gallery-image-15314\" class=\"envira-gallery-image envira-gallery-image-1 envira-normal envira-lazy\" data-envira-index=\"1\" src=\"https:\/\/www.der-mopedladen.de\/wp-content\/uploads\/2023\/03\/GTS-Supersport-mattgrau-2023-1-1024x768-640x480.jpg\" data-envira-src=\"https:\/\/www.der-mopedladen.de\/wp-content\/uploads\/2023\/03\/GTS-Supersport-mattgrau-2023-1-1024x768-640x480.jpg\" data-envira-gallery-id=\"14241\" data-envira-item-id=\"15314\" data-envira-caption=\"GTS 300 SS Mattgrau 1\" alt=\"\" title=\"GTS 300 SS Mattgrau 1\"  itemprop=\"thumbnailUrl\" data-envira-srcset=\"https:\/\/www.der-mopedladen.de\/wp-content\/uploads\/2023\/03\/GTS-Supersport-mattgrau-2023-1-1024x768-640x480.jpg 400w,https:\/\/www.der-mopedladen.de\/wp-content\/uploads\/2023\/03\/GTS-Supersport-mattgrau-2023-1-1024x768-640x480.jpg 2x\" data-envira-width=\"300\" data-envira-height=\"225\" srcset=\"data:image\/gif;base64,R0lGODlhAQABAIAAAP\/\/\/\/\/\/\/yH5BAEKAAEALAAAAAABAAEAAAICTAEAOw==\" data-safe-src=\"data:image\/gif;base64,R0lGODlhAQABAIAAAP\/\/\/\/\/\/\/yH5BAEKAAEALAAAAAABAAEAAAICTAEAOw==\" \/><\/a><\/div><\/div><div id=\"envira-gallery-item-14376\" class=\"envira-gallery-item enviratope-item envira-gallery-item-2 envira-lazy-load\" style=\"padding-left: 5px; padding-bottom: 10px; padding-right: 5px;\"  itemscope itemtype=\"https:\/\/schema.org\/ImageObject\"><div class=\"envira-gallery-item-inner\"><div class=\"envira-gallery-position-overlay  envira-gallery-top-left\"><\/div><div class=\"envira-gallery-position-overlay  envira-gallery-top-right\"><\/div><div class=\"envira-gallery-position-overlay  envira-gallery-bottom-left\"><\/div><div class=\"envira-gallery-position-overlay  envira-gallery-bottom-right\"><\/div><a href=\"https:\/\/www.der-mopedladen.de\/wp-content\/uploads\/2022\/11\/GTS-Supersport-weiss-2023-1.jpg\" class=\"envira-gallery-14241 envira-gallery-link\" rel=\"enviragallery14241\" title=\"GTS Supersport weiss 1\" data-envira-caption=\"GTS Supersport weiss 1\" data-envira-retina=\"\" data-thumbnail=\"\"  itemprop=\"contentUrl\"><img decoding=\"async\" id=\"envira-gallery-image-14376\" class=\"envira-gallery-image envira-gallery-image-2 envira-normal envira-lazy\" data-envira-index=\"2\" src=\"https:\/\/www.der-mopedladen.de\/wp-content\/uploads\/2022\/11\/GTS-Supersport-weiss-2023-1-1024x768-640x480.jpg\" data-envira-src=\"https:\/\/www.der-mopedladen.de\/wp-content\/uploads\/2022\/11\/GTS-Supersport-weiss-2023-1-1024x768-640x480.jpg\" data-envira-gallery-id=\"14241\" data-envira-item-id=\"14376\" data-envira-caption=\"GTS Supersport weiss 1\" alt=\"\" title=\"GTS Supersport weiss 1\"  itemprop=\"thumbnailUrl\" data-envira-srcset=\"https:\/\/www.der-mopedladen.de\/wp-content\/uploads\/2022\/11\/GTS-Supersport-weiss-2023-1-1024x768-640x480.jpg 400w,https:\/\/www.der-mopedladen.de\/wp-content\/uploads\/2022\/11\/GTS-Supersport-weiss-2023-1-1024x768-640x480.jpg 2x\" data-envira-width=\"300\" data-envira-height=\"225\" srcset=\"data:image\/gif;base64,R0lGODlhAQABAIAAAP\/\/\/\/\/\/\/yH5BAEKAAEALAAAAAABAAEAAAICTAEAOw==\" data-safe-src=\"data:image\/gif;base64,R0lGODlhAQABAIAAAP\/\/\/\/\/\/\/yH5BAEKAAEALAAAAAABAAEAAAICTAEAOw==\" \/><\/a><\/div><\/div><div id=\"envira-gallery-item-15090\" class=\"envira-gallery-item enviratope-item envira-gallery-item-3 envira-lazy-load\" style=\"padding-left: 5px; padding-bottom: 10px; padding-right: 5px;\"  itemscope itemtype=\"https:\/\/schema.org\/ImageObject\"><div class=\"envira-gallery-item-inner\"><div class=\"envira-gallery-position-overlay  envira-gallery-top-left\"><\/div><div class=\"envira-gallery-position-overlay  envira-gallery-top-right\"><\/div><div class=\"envira-gallery-position-overlay  envira-gallery-bottom-left\"><\/div><div class=\"envira-gallery-position-overlay  envira-gallery-bottom-right\"><\/div><a href=\"https:\/\/www.der-mopedladen.de\/wp-content\/uploads\/2023\/02\/GTS-Supersport-mattschwarz-2023-5.jpg\" class=\"envira-gallery-14241 envira-gallery-link\" rel=\"enviragallery14241\" title=\"GTS SS Mattschwarz 2\" data-envira-caption=\"GTS SS Mattschwarz 2\" data-envira-retina=\"\" data-thumbnail=\"\"  itemprop=\"contentUrl\"><img decoding=\"async\" id=\"envira-gallery-image-15090\" class=\"envira-gallery-image envira-gallery-image-3 envira-normal envira-lazy\" data-envira-index=\"3\" src=\"https:\/\/www.der-mopedladen.de\/wp-content\/uploads\/2023\/02\/GTS-Supersport-mattschwarz-2023-5-1024x768-640x480.jpg\" data-envira-src=\"https:\/\/www.der-mopedladen.de\/wp-content\/uploads\/2023\/02\/GTS-Supersport-mattschwarz-2023-5-1024x768-640x480.jpg\" data-envira-gallery-id=\"14241\" data-envira-item-id=\"15090\" data-envira-caption=\"GTS SS Mattschwarz 2\" alt=\"\" title=\"GTS SS Mattschwarz 2\"  itemprop=\"thumbnailUrl\" data-envira-srcset=\"https:\/\/www.der-mopedladen.de\/wp-content\/uploads\/2023\/02\/GTS-Supersport-mattschwarz-2023-5-1024x768-640x480.jpg 400w,https:\/\/www.der-mopedladen.de\/wp-content\/uploads\/2023\/02\/GTS-Supersport-mattschwarz-2023-5-1024x768-640x480.jpg 2x\" data-envira-width=\"300\" data-envira-height=\"225\" srcset=\"data:image\/gif;base64,R0lGODlhAQABAIAAAP\/\/\/\/\/\/\/yH5BAEKAAEALAAAAAABAAEAAAICTAEAOw==\" data-safe-src=\"data:image\/gif;base64,R0lGODlhAQABAIAAAP\/\/\/\/\/\/\/yH5BAEKAAEALAAAAAABAAEAAAICTAEAOw==\" \/><\/a><\/div><\/div><div id=\"envira-gallery-item-14791\" class=\"envira-gallery-item enviratope-item envira-gallery-item-4 envira-lazy-load\" style=\"padding-left: 5px; padding-bottom: 10px; padding-right: 5px;\"  itemscope itemtype=\"https:\/\/schema.org\/ImageObject\"><div class=\"envira-gallery-item-inner\"><div class=\"envira-gallery-position-overlay  envira-gallery-top-left\"><\/div><div class=\"envira-gallery-position-overlay  envira-gallery-top-right\"><\/div><div class=\"envira-gallery-position-overlay  envira-gallery-bottom-left\"><\/div><div class=\"envira-gallery-position-overlay  envira-gallery-bottom-right\"><\/div><a href=\"https:\/\/www.der-mopedladen.de\/wp-content\/uploads\/2023\/01\/GTS-SS-gold-2023-2.jpg\" class=\"envira-gallery-14241 envira-gallery-link\" rel=\"enviragallery14241\" title=\"GTS SuperSport gold 3\" data-envira-caption=\"GTS SuperSport gold 3\" data-envira-retina=\"\" data-thumbnail=\"\"  itemprop=\"contentUrl\"><img decoding=\"async\" id=\"envira-gallery-image-14791\" class=\"envira-gallery-image envira-gallery-image-4 envira-normal envira-lazy\" data-envira-index=\"4\" src=\"https:\/\/www.der-mopedladen.de\/wp-content\/uploads\/2023\/01\/GTS-SS-gold-2023-2-1024x768-640x480.jpg\" data-envira-src=\"https:\/\/www.der-mopedladen.de\/wp-content\/uploads\/2023\/01\/GTS-SS-gold-2023-2-1024x768-640x480.jpg\" data-envira-gallery-id=\"14241\" data-envira-item-id=\"14791\" data-envira-caption=\"GTS SuperSport gold 3\" alt=\"\" title=\"GTS SuperSport gold 3\"  itemprop=\"thumbnailUrl\" data-envira-srcset=\"https:\/\/www.der-mopedladen.de\/wp-content\/uploads\/2023\/01\/GTS-SS-gold-2023-2-1024x768-640x480.jpg 400w,https:\/\/www.der-mopedladen.de\/wp-content\/uploads\/2023\/01\/GTS-SS-gold-2023-2-1024x768-640x480.jpg 2x\" data-envira-width=\"300\" data-envira-height=\"225\" srcset=\"data:image\/gif;base64,R0lGODlhAQABAIAAAP\/\/\/\/\/\/\/yH5BAEKAAEALAAAAAABAAEAAAICTAEAOw==\" data-safe-src=\"data:image\/gif;base64,R0lGODlhAQABAIAAAP\/\/\/\/\/\/\/yH5BAEKAAEALAAAAAABAAEAAAICTAEAOw==\" \/><\/a><\/div><\/div><div id=\"envira-gallery-item-15315\" class=\"envira-gallery-item enviratope-item envira-gallery-item-5 envira-lazy-load\" style=\"padding-left: 5px; padding-bottom: 10px; padding-right: 5px;\"  itemscope itemtype=\"https:\/\/schema.org\/ImageObject\"><div class=\"envira-gallery-item-inner\"><div class=\"envira-gallery-position-overlay  envira-gallery-top-left\"><\/div><div class=\"envira-gallery-position-overlay  envira-gallery-top-right\"><\/div><div class=\"envira-gallery-position-overlay  envira-gallery-bottom-left\"><\/div><div class=\"envira-gallery-position-overlay  envira-gallery-bottom-right\"><\/div><a href=\"https:\/\/www.der-mopedladen.de\/wp-content\/uploads\/2023\/03\/GTS-Supersport-mattgrau-2023-5.jpg\" class=\"envira-gallery-14241 envira-gallery-link\" rel=\"enviragallery14241\" title=\"GTS 300 SS Mattgrau 2\" data-envira-caption=\"GTS 300 SS Mattgrau 2\" data-envira-retina=\"\" data-thumbnail=\"\"  itemprop=\"contentUrl\"><img decoding=\"async\" id=\"envira-gallery-image-15315\" class=\"envira-gallery-image envira-gallery-image-5 envira-normal envira-lazy\" data-envira-index=\"5\" src=\"https:\/\/www.der-mopedladen.de\/wp-content\/uploads\/2023\/03\/GTS-Supersport-mattgrau-2023-5-1024x768-640x480.jpg\" data-envira-src=\"https:\/\/www.der-mopedladen.de\/wp-content\/uploads\/2023\/03\/GTS-Supersport-mattgrau-2023-5-1024x768-640x480.jpg\" data-envira-gallery-id=\"14241\" data-envira-item-id=\"15315\" data-envira-caption=\"GTS 300 SS Mattgrau 2\" alt=\"\" title=\"GTS 300 SS Mattgrau 2\"  itemprop=\"thumbnailUrl\" data-envira-srcset=\"https:\/\/www.der-mopedladen.de\/wp-content\/uploads\/2023\/03\/GTS-Supersport-mattgrau-2023-5-1024x768-640x480.jpg 400w,https:\/\/www.der-mopedladen.de\/wp-content\/uploads\/2023\/03\/GTS-Supersport-mattgrau-2023-5-1024x768-640x480.jpg 2x\" data-envira-width=\"300\" data-envira-height=\"225\" srcset=\"data:image\/gif;base64,R0lGODlhAQABAIAAAP\/\/\/\/\/\/\/yH5BAEKAAEALAAAAAABAAEAAAICTAEAOw==\" data-safe-src=\"data:image\/gif;base64,R0lGODlhAQABAIAAAP\/\/\/\/\/\/\/yH5BAEKAAEALAAAAAABAAEAAAICTAEAOw==\" \/><\/a><\/div><\/div><div id=\"envira-gallery-item-14377\" class=\"envira-gallery-item enviratope-item envira-gallery-item-6 envira-lazy-load\" style=\"padding-left: 5px; padding-bottom: 10px; padding-right: 5px;\"  itemscope itemtype=\"https:\/\/schema.org\/ImageObject\"><div class=\"envira-gallery-item-inner\"><div class=\"envira-gallery-position-overlay  envira-gallery-top-left\"><\/div><div class=\"envira-gallery-position-overlay  envira-gallery-top-right\"><\/div><div class=\"envira-gallery-position-overlay  envira-gallery-bottom-left\"><\/div><div class=\"envira-gallery-position-overlay  envira-gallery-bottom-right\"><\/div><a href=\"https:\/\/www.der-mopedladen.de\/wp-content\/uploads\/2022\/11\/GTS-Supersport-weiss-2023-6.jpg\" class=\"envira-gallery-14241 envira-gallery-link\" rel=\"enviragallery14241\" title=\"GTS Supersport weiss 2\" data-envira-caption=\"GTS Supersport weiss 2\" data-envira-retina=\"\" data-thumbnail=\"\"  itemprop=\"contentUrl\"><img decoding=\"async\" id=\"envira-gallery-image-14377\" class=\"envira-gallery-image envira-gallery-image-6 envira-normal envira-lazy\" data-envira-index=\"6\" src=\"https:\/\/www.der-mopedladen.de\/wp-content\/uploads\/2022\/11\/GTS-Supersport-weiss-2023-6-1024x768-640x480.jpg\" data-envira-src=\"https:\/\/www.der-mopedladen.de\/wp-content\/uploads\/2022\/11\/GTS-Supersport-weiss-2023-6-1024x768-640x480.jpg\" data-envira-gallery-id=\"14241\" data-envira-item-id=\"14377\" data-envira-caption=\"GTS Supersport weiss 2\" alt=\"\" title=\"GTS Supersport weiss 2\"  itemprop=\"thumbnailUrl\" data-envira-srcset=\"https:\/\/www.der-mopedladen.de\/wp-content\/uploads\/2022\/11\/GTS-Supersport-weiss-2023-6-1024x768-640x480.jpg 400w,https:\/\/www.der-mopedladen.de\/wp-content\/uploads\/2022\/11\/GTS-Supersport-weiss-2023-6-1024x768-640x480.jpg 2x\" data-envira-width=\"300\" data-envira-height=\"225\" srcset=\"data:image\/gif;base64,R0lGODlhAQABAIAAAP\/\/\/\/\/\/\/yH5BAEKAAEALAAAAAABAAEAAAICTAEAOw==\" data-safe-src=\"data:image\/gif;base64,R0lGODlhAQABAIAAAP\/\/\/\/\/\/\/yH5BAEKAAEALAAAAAABAAEAAAICTAEAOw==\" \/><\/a><\/div><\/div><div id=\"envira-gallery-item-15091\" class=\"envira-gallery-item enviratope-item envira-gallery-item-7 envira-lazy-load\" style=\"padding-left: 5px; padding-bottom: 10px; padding-right: 5px;\"  itemscope itemtype=\"https:\/\/schema.org\/ImageObject\"><div class=\"envira-gallery-item-inner\"><div class=\"envira-gallery-position-overlay  envira-gallery-top-left\"><\/div><div class=\"envira-gallery-position-overlay  envira-gallery-top-right\"><\/div><div class=\"envira-gallery-position-overlay  envira-gallery-bottom-left\"><\/div><div class=\"envira-gallery-position-overlay  envira-gallery-bottom-right\"><\/div><a href=\"https:\/\/www.der-mopedladen.de\/wp-content\/uploads\/2023\/02\/GTS-Supersport-mattschwarz-2023-4.jpg\" class=\"envira-gallery-14241 envira-gallery-link\" rel=\"enviragallery14241\" title=\"GTS SS Mattschwarz 3\" data-envira-caption=\"GTS SS Mattschwarz 3\" data-envira-retina=\"\" data-thumbnail=\"\"  itemprop=\"contentUrl\"><img decoding=\"async\" id=\"envira-gallery-image-15091\" class=\"envira-gallery-image envira-gallery-image-7 envira-normal envira-lazy\" data-envira-index=\"7\" src=\"https:\/\/www.der-mopedladen.de\/wp-content\/uploads\/2023\/02\/GTS-Supersport-mattschwarz-2023-4-1024x768-640x480.jpg\" data-envira-src=\"https:\/\/www.der-mopedladen.de\/wp-content\/uploads\/2023\/02\/GTS-Supersport-mattschwarz-2023-4-1024x768-640x480.jpg\" data-envira-gallery-id=\"14241\" data-envira-item-id=\"15091\" data-envira-caption=\"GTS SS Mattschwarz 3\" alt=\"\" title=\"GTS SS Mattschwarz 3\"  itemprop=\"thumbnailUrl\" data-envira-srcset=\"https:\/\/www.der-mopedladen.de\/wp-content\/uploads\/2023\/02\/GTS-Supersport-mattschwarz-2023-4-1024x768-640x480.jpg 400w,https:\/\/www.der-mopedladen.de\/wp-content\/uploads\/2023\/02\/GTS-Supersport-mattschwarz-2023-4-1024x768-640x480.jpg 2x\" data-envira-width=\"300\" data-envira-height=\"225\" srcset=\"data:image\/gif;base64,R0lGODlhAQABAIAAAP\/\/\/\/\/\/\/yH5BAEKAAEALAAAAAABAAEAAAICTAEAOw==\" data-safe-src=\"data:image\/gif;base64,R0lGODlhAQABAIAAAP\/\/\/\/\/\/\/yH5BAEKAAEALAAAAAABAAEAAAICTAEAOw==\" \/><\/a><\/div><\/div><div id=\"envira-gallery-item-15316\" class=\"envira-gallery-item enviratope-item envira-gallery-item-8 envira-lazy-load\" style=\"padding-left: 5px; padding-bottom: 10px; padding-right: 5px;\"  itemscope itemtype=\"https:\/\/schema.org\/ImageObject\"><div class=\"envira-gallery-item-inner\"><div class=\"envira-gallery-position-overlay  envira-gallery-top-left\"><\/div><div class=\"envira-gallery-position-overlay  envira-gallery-top-right\"><\/div><div class=\"envira-gallery-position-overlay  envira-gallery-bottom-left\"><\/div><div class=\"envira-gallery-position-overlay  envira-gallery-bottom-right\"><\/div><a href=\"https:\/\/www.der-mopedladen.de\/wp-content\/uploads\/2023\/03\/GTS-Supersport-mattgrau-2023-4.jpg\" class=\"envira-gallery-14241 envira-gallery-link\" rel=\"enviragallery14241\" title=\"GTS 300 SS Mattgrau 3\" data-envira-caption=\"GTS 300 SS Mattgrau 3\" data-envira-retina=\"\" data-thumbnail=\"\"  itemprop=\"contentUrl\"><img decoding=\"async\" id=\"envira-gallery-image-15316\" class=\"envira-gallery-image envira-gallery-image-8 envira-normal envira-lazy\" data-envira-index=\"8\" src=\"https:\/\/www.der-mopedladen.de\/wp-content\/uploads\/2023\/03\/GTS-Supersport-mattgrau-2023-4-1024x768-640x480.jpg\" data-envira-src=\"https:\/\/www.der-mopedladen.de\/wp-content\/uploads\/2023\/03\/GTS-Supersport-mattgrau-2023-4-1024x768-640x480.jpg\" data-envira-gallery-id=\"14241\" data-envira-item-id=\"15316\" data-envira-caption=\"GTS 300 SS Mattgrau 3\" alt=\"\" title=\"GTS 300 SS Mattgrau 3\"  itemprop=\"thumbnailUrl\" data-envira-srcset=\"https:\/\/www.der-mopedladen.de\/wp-content\/uploads\/2023\/03\/GTS-Supersport-mattgrau-2023-4-1024x768-640x480.jpg 400w,https:\/\/www.der-mopedladen.de\/wp-content\/uploads\/2023\/03\/GTS-Supersport-mattgrau-2023-4-1024x768-640x480.jpg 2x\" data-envira-width=\"300\" data-envira-height=\"225\" srcset=\"data:image\/gif;base64,R0lGODlhAQABAIAAAP\/\/\/\/\/\/\/yH5BAEKAAEALAAAAAABAAEAAAICTAEAOw==\" data-safe-src=\"data:image\/gif;base64,R0lGODlhAQABAIAAAP\/\/\/\/\/\/\/yH5BAEKAAEALAAAAAABAAEAAAICTAEAOw==\" \/><\/a><\/div><\/div><div id=\"envira-gallery-item-15089\" class=\"envira-gallery-item enviratope-item envira-gallery-item-9 envira-lazy-load\" style=\"padding-left: 5px; padding-bottom: 10px; padding-right: 5px;\"  itemscope itemtype=\"https:\/\/schema.org\/ImageObject\"><div class=\"envira-gallery-item-inner\"><div class=\"envira-gallery-position-overlay  envira-gallery-top-left\"><\/div><div class=\"envira-gallery-position-overlay  envira-gallery-top-right\"><\/div><div class=\"envira-gallery-position-overlay  envira-gallery-bottom-left\"><\/div><div class=\"envira-gallery-position-overlay  envira-gallery-bottom-right\"><\/div><a href=\"https:\/\/www.der-mopedladen.de\/wp-content\/uploads\/2023\/02\/GTS-Supersport-mattschwarz-2023-1.jpg\" class=\"envira-gallery-14241 envira-gallery-link\" rel=\"enviragallery14241\" title=\"GTS SS Mattschwarz 1\" data-envira-caption=\"GTS SS Mattschwarz 1\" data-envira-retina=\"\" data-thumbnail=\"\"  itemprop=\"contentUrl\"><img decoding=\"async\" id=\"envira-gallery-image-15089\" class=\"envira-gallery-image envira-gallery-image-9 envira-normal envira-lazy\" data-envira-index=\"9\" src=\"https:\/\/www.der-mopedladen.de\/wp-content\/uploads\/2023\/02\/GTS-Supersport-mattschwarz-2023-1-1024x768-640x480.jpg\" data-envira-src=\"https:\/\/www.der-mopedladen.de\/wp-content\/uploads\/2023\/02\/GTS-Supersport-mattschwarz-2023-1-1024x768-640x480.jpg\" data-envira-gallery-id=\"14241\" data-envira-item-id=\"15089\" data-envira-caption=\"GTS SS Mattschwarz 1\" alt=\"\" title=\"GTS SS Mattschwarz 1\"  itemprop=\"thumbnailUrl\" data-envira-srcset=\"https:\/\/www.der-mopedladen.de\/wp-content\/uploads\/2023\/02\/GTS-Supersport-mattschwarz-2023-1-1024x768-640x480.jpg 400w,https:\/\/www.der-mopedladen.de\/wp-content\/uploads\/2023\/02\/GTS-Supersport-mattschwarz-2023-1-1024x768-640x480.jpg 2x\" data-envira-width=\"300\" data-envira-height=\"225\" srcset=\"data:image\/gif;base64,R0lGODlhAQABAIAAAP\/\/\/\/\/\/\/yH5BAEKAAEALAAAAAABAAEAAAICTAEAOw==\" data-safe-src=\"data:image\/gif;base64,R0lGODlhAQABAIAAAP\/\/\/\/\/\/\/yH5BAEKAAEALAAAAAABAAEAAAICTAEAOw==\" \/><\/a><\/div><\/div><div id=\"envira-gallery-item-15093\" class=\"envira-gallery-item enviratope-item envira-gallery-item-10 envira-lazy-load\" style=\"padding-left: 5px; padding-bottom: 10px; padding-right: 5px;\"  itemscope itemtype=\"https:\/\/schema.org\/ImageObject\"><div class=\"envira-gallery-item-inner\"><div class=\"envira-gallery-position-overlay  envira-gallery-top-left\"><\/div><div class=\"envira-gallery-position-overlay  envira-gallery-top-right\"><\/div><div class=\"envira-gallery-position-overlay  envira-gallery-bottom-left\"><\/div><div class=\"envira-gallery-position-overlay  envira-gallery-bottom-right\"><\/div><a href=\"https:\/\/www.der-mopedladen.de\/wp-content\/uploads\/2023\/02\/GTS-Supersport-mattschwarz-2023-2.jpg\" class=\"envira-gallery-14241 envira-gallery-link\" rel=\"enviragallery14241\" title=\"GTS SS Mattschwarz 5\" data-envira-caption=\"GTS SS Mattschwarz 5\" data-envira-retina=\"\" data-thumbnail=\"\"  itemprop=\"contentUrl\"><img decoding=\"async\" id=\"envira-gallery-image-15093\" class=\"envira-gallery-image envira-gallery-image-10 envira-normal envira-lazy\" data-envira-index=\"10\" src=\"https:\/\/www.der-mopedladen.de\/wp-content\/uploads\/2023\/02\/GTS-Supersport-mattschwarz-2023-2-1024x768-640x480.jpg\" data-envira-src=\"https:\/\/www.der-mopedladen.de\/wp-content\/uploads\/2023\/02\/GTS-Supersport-mattschwarz-2023-2-1024x768-640x480.jpg\" data-envira-gallery-id=\"14241\" data-envira-item-id=\"15093\" data-envira-caption=\"GTS SS Mattschwarz 5\" alt=\"\" title=\"GTS SS Mattschwarz 5\"  itemprop=\"thumbnailUrl\" data-envira-srcset=\"https:\/\/www.der-mopedladen.de\/wp-content\/uploads\/2023\/02\/GTS-Supersport-mattschwarz-2023-2-1024x768-640x480.jpg 400w,https:\/\/www.der-mopedladen.de\/wp-content\/uploads\/2023\/02\/GTS-Supersport-mattschwarz-2023-2-1024x768-640x480.jpg 2x\" data-envira-width=\"300\" data-envira-height=\"225\" srcset=\"data:image\/gif;base64,R0lGODlhAQABAIAAAP\/\/\/\/\/\/\/yH5BAEKAAEALAAAAAABAAEAAAICTAEAOw==\" data-safe-src=\"data:image\/gif;base64,R0lGODlhAQABAIAAAP\/\/\/\/\/\/\/yH5BAEKAAEALAAAAAABAAEAAAICTAEAOw==\" \/><\/a><\/div><\/div><div id=\"envira-gallery-item-15318\" class=\"envira-gallery-item enviratope-item envira-gallery-item-11 envira-lazy-load\" style=\"padding-left: 5px; padding-bottom: 10px; padding-right: 5px;\"  itemscope itemtype=\"https:\/\/schema.org\/ImageObject\"><div class=\"envira-gallery-item-inner\"><div class=\"envira-gallery-position-overlay  envira-gallery-top-left\"><\/div><div class=\"envira-gallery-position-overlay  envira-gallery-top-right\"><\/div><div class=\"envira-gallery-position-overlay  envira-gallery-bottom-left\"><\/div><div class=\"envira-gallery-position-overlay  envira-gallery-bottom-right\"><\/div><a href=\"https:\/\/www.der-mopedladen.de\/wp-content\/uploads\/2023\/03\/GTS-Supersport-mattgrau-2023-2.jpg\" class=\"envira-gallery-14241 envira-gallery-link\" rel=\"enviragallery14241\" title=\"GTS 300 SS Mattgrau 5\" data-envira-caption=\"GTS 300 SS Mattgrau 5\" data-envira-retina=\"\" data-thumbnail=\"\"  itemprop=\"contentUrl\"><img decoding=\"async\" id=\"envira-gallery-image-15318\" class=\"envira-gallery-image envira-gallery-image-11 envira-normal envira-lazy\" data-envira-index=\"11\" src=\"https:\/\/www.der-mopedladen.de\/wp-content\/uploads\/2023\/03\/GTS-Supersport-mattgrau-2023-2-1024x768-640x480.jpg\" data-envira-src=\"https:\/\/www.der-mopedladen.de\/wp-content\/uploads\/2023\/03\/GTS-Supersport-mattgrau-2023-2-1024x768-640x480.jpg\" data-envira-gallery-id=\"14241\" data-envira-item-id=\"15318\" data-envira-caption=\"GTS 300 SS Mattgrau 5\" alt=\"\" title=\"GTS 300 SS Mattgrau 5\"  itemprop=\"thumbnailUrl\" data-envira-srcset=\"https:\/\/www.der-mopedladen.de\/wp-content\/uploads\/2023\/03\/GTS-Supersport-mattgrau-2023-2-1024x768-640x480.jpg 400w,https:\/\/www.der-mopedladen.de\/wp-content\/uploads\/2023\/03\/GTS-Supersport-mattgrau-2023-2-1024x768-640x480.jpg 2x\" data-envira-width=\"300\" data-envira-height=\"225\" srcset=\"data:image\/gif;base64,R0lGODlhAQABAIAAAP\/\/\/\/\/\/\/yH5BAEKAAEALAAAAAABAAEAAAICTAEAOw==\" data-safe-src=\"data:image\/gif;base64,R0lGODlhAQABAIAAAP\/\/\/\/\/\/\/yH5BAEKAAEALAAAAAABAAEAAAICTAEAOw==\" \/><\/a><\/div><\/div><div id=\"envira-gallery-item-14381\" class=\"envira-gallery-item enviratope-item envira-gallery-item-12 envira-lazy-load\" style=\"padding-left: 5px; padding-bottom: 10px; padding-right: 5px;\"  itemscope itemtype=\"https:\/\/schema.org\/ImageObject\"><div class=\"envira-gallery-item-inner\"><div class=\"envira-gallery-position-overlay  envira-gallery-top-left\"><\/div><div class=\"envira-gallery-position-overlay  envira-gallery-top-right\"><\/div><div class=\"envira-gallery-position-overlay  envira-gallery-bottom-left\"><\/div><div class=\"envira-gallery-position-overlay  envira-gallery-bottom-right\"><\/div><a href=\"https:\/\/www.der-mopedladen.de\/wp-content\/uploads\/2022\/11\/GTS-Supersport-weiss-2023-2.jpg\" class=\"envira-gallery-14241 envira-gallery-link\" rel=\"enviragallery14241\" title=\"GTS Supersport weiss 3\" data-envira-caption=\"GTS Supersport weiss 3\" data-envira-retina=\"\" data-thumbnail=\"\"  itemprop=\"contentUrl\"><img decoding=\"async\" id=\"envira-gallery-image-14381\" class=\"envira-gallery-image envira-gallery-image-12 envira-normal envira-lazy\" data-envira-index=\"12\" src=\"https:\/\/www.der-mopedladen.de\/wp-content\/uploads\/2022\/11\/GTS-Supersport-weiss-2023-2-1024x768-640x480.jpg\" data-envira-src=\"https:\/\/www.der-mopedladen.de\/wp-content\/uploads\/2022\/11\/GTS-Supersport-weiss-2023-2-1024x768-640x480.jpg\" data-envira-gallery-id=\"14241\" data-envira-item-id=\"14381\" data-envira-caption=\"GTS Supersport weiss 3\" alt=\"\" title=\"GTS Supersport weiss 3\"  itemprop=\"thumbnailUrl\" data-envira-srcset=\"https:\/\/www.der-mopedladen.de\/wp-content\/uploads\/2022\/11\/GTS-Supersport-weiss-2023-2-1024x768-640x480.jpg 400w,https:\/\/www.der-mopedladen.de\/wp-content\/uploads\/2022\/11\/GTS-Supersport-weiss-2023-2-1024x768-640x480.jpg 2x\" data-envira-width=\"300\" data-envira-height=\"225\" srcset=\"data:image\/gif;base64,R0lGODlhAQABAIAAAP\/\/\/\/\/\/\/yH5BAEKAAEALAAAAAABAAEAAAICTAEAOw==\" data-safe-src=\"data:image\/gif;base64,R0lGODlhAQABAIAAAP\/\/\/\/\/\/\/yH5BAEKAAEALAAAAAABAAEAAAICTAEAOw==\" \/><\/a><\/div><\/div><div id=\"envira-gallery-item-14790\" class=\"envira-gallery-item enviratope-item envira-gallery-item-13 envira-lazy-load\" style=\"padding-left: 5px; padding-bottom: 10px; padding-right: 5px;\"  itemscope itemtype=\"https:\/\/schema.org\/ImageObject\"><div class=\"envira-gallery-item-inner\"><div class=\"envira-gallery-position-overlay  envira-gallery-top-left\"><\/div><div class=\"envira-gallery-position-overlay  envira-gallery-top-right\"><\/div><div class=\"envira-gallery-position-overlay  envira-gallery-bottom-left\"><\/div><div class=\"envira-gallery-position-overlay  envira-gallery-bottom-right\"><\/div><a href=\"https:\/\/www.der-mopedladen.de\/wp-content\/uploads\/2023\/01\/GTS-SS-gold-2023-3.jpg\" class=\"envira-gallery-14241 envira-gallery-link\" rel=\"enviragallery14241\" title=\"GTS SuperSport gold 2\" data-envira-caption=\"GTS SuperSport gold 2\" data-envira-retina=\"\" data-thumbnail=\"\"  itemprop=\"contentUrl\"><img decoding=\"async\" id=\"envira-gallery-image-14790\" class=\"envira-gallery-image envira-gallery-image-13 envira-normal envira-lazy\" data-envira-index=\"13\" src=\"https:\/\/www.der-mopedladen.de\/wp-content\/uploads\/2023\/01\/GTS-SS-gold-2023-3-1024x768-640x480.jpg\" data-envira-src=\"https:\/\/www.der-mopedladen.de\/wp-content\/uploads\/2023\/01\/GTS-SS-gold-2023-3-1024x768-640x480.jpg\" data-envira-gallery-id=\"14241\" data-envira-item-id=\"14790\" data-envira-caption=\"GTS SuperSport gold 2\" alt=\"\" title=\"GTS SuperSport gold 2\"  itemprop=\"thumbnailUrl\" data-envira-srcset=\"https:\/\/www.der-mopedladen.de\/wp-content\/uploads\/2023\/01\/GTS-SS-gold-2023-3-1024x768-640x480.jpg 400w,https:\/\/www.der-mopedladen.de\/wp-content\/uploads\/2023\/01\/GTS-SS-gold-2023-3-1024x768-640x480.jpg 2x\" data-envira-width=\"300\" data-envira-height=\"225\" srcset=\"data:image\/gif;base64,R0lGODlhAQABAIAAAP\/\/\/\/\/\/\/yH5BAEKAAEALAAAAAABAAEAAAICTAEAOw==\" data-safe-src=\"data:image\/gif;base64,R0lGODlhAQABAIAAAP\/\/\/\/\/\/\/yH5BAEKAAEALAAAAAABAAEAAAICTAEAOw==\" \/><\/a><\/div><\/div><div id=\"envira-gallery-item-15317\" class=\"envira-gallery-item enviratope-item envira-gallery-item-14 envira-lazy-load\" style=\"padding-left: 5px; padding-bottom: 10px; padding-right: 5px;\"  itemscope itemtype=\"https:\/\/schema.org\/ImageObject\"><div class=\"envira-gallery-item-inner\"><div class=\"envira-gallery-position-overlay  envira-gallery-top-left\"><\/div><div class=\"envira-gallery-position-overlay  envira-gallery-top-right\"><\/div><div class=\"envira-gallery-position-overlay  envira-gallery-bottom-left\"><\/div><div class=\"envira-gallery-position-overlay  envira-gallery-bottom-right\"><\/div><a href=\"https:\/\/www.der-mopedladen.de\/wp-content\/uploads\/2023\/03\/GTS-Supersport-mattgrau-2023-3.jpg\" class=\"envira-gallery-14241 envira-gallery-link\" rel=\"enviragallery14241\" title=\"GTS 300 SS Mattgrau 4\" data-envira-caption=\"GTS 300 SS Mattgrau 4\" data-envira-retina=\"\" data-thumbnail=\"\"  itemprop=\"contentUrl\"><img decoding=\"async\" id=\"envira-gallery-image-15317\" class=\"envira-gallery-image envira-gallery-image-14 envira-normal envira-lazy\" data-envira-index=\"14\" src=\"https:\/\/www.der-mopedladen.de\/wp-content\/uploads\/2023\/03\/GTS-Supersport-mattgrau-2023-3-1024x768-640x480.jpg\" data-envira-src=\"https:\/\/www.der-mopedladen.de\/wp-content\/uploads\/2023\/03\/GTS-Supersport-mattgrau-2023-3-1024x768-640x480.jpg\" data-envira-gallery-id=\"14241\" data-envira-item-id=\"15317\" data-envira-caption=\"GTS 300 SS Mattgrau 4\" alt=\"\" title=\"GTS 300 SS Mattgrau 4\"  itemprop=\"thumbnailUrl\" data-envira-srcset=\"https:\/\/www.der-mopedladen.de\/wp-content\/uploads\/2023\/03\/GTS-Supersport-mattgrau-2023-3-1024x768-640x480.jpg 400w,https:\/\/www.der-mopedladen.de\/wp-content\/uploads\/2023\/03\/GTS-Supersport-mattgrau-2023-3-1024x768-640x480.jpg 2x\" data-envira-width=\"300\" data-envira-height=\"225\" srcset=\"data:image\/gif;base64,R0lGODlhAQABAIAAAP\/\/\/\/\/\/\/yH5BAEKAAEALAAAAAABAAEAAAICTAEAOw==\" data-safe-src=\"data:image\/gif;base64,R0lGODlhAQABAIAAAP\/\/\/\/\/\/\/yH5BAEKAAEALAAAAAABAAEAAAICTAEAOw==\" \/><\/a><\/div><\/div><div id=\"envira-gallery-item-14380\" class=\"envira-gallery-item enviratope-item envira-gallery-item-15 envira-lazy-load\" style=\"padding-left: 5px; padding-bottom: 10px; padding-right: 5px;\"  itemscope itemtype=\"https:\/\/schema.org\/ImageObject\"><div class=\"envira-gallery-item-inner\"><div class=\"envira-gallery-position-overlay  envira-gallery-top-left\"><\/div><div class=\"envira-gallery-position-overlay  envira-gallery-top-right\"><\/div><div class=\"envira-gallery-position-overlay  envira-gallery-bottom-left\"><\/div><div class=\"envira-gallery-position-overlay  envira-gallery-bottom-right\"><\/div><a href=\"https:\/\/www.der-mopedladen.de\/wp-content\/uploads\/2022\/11\/GTS-Supersport-weiss-2023-3.jpg\" class=\"envira-gallery-14241 envira-gallery-link\" rel=\"enviragallery14241\" title=\"GTS Supersport weiss 4\" data-envira-caption=\"GTS Supersport weiss 4\" data-envira-retina=\"\" data-thumbnail=\"\"  itemprop=\"contentUrl\"><img decoding=\"async\" id=\"envira-gallery-image-14380\" class=\"envira-gallery-image envira-gallery-image-15 envira-normal envira-lazy\" data-envira-index=\"15\" src=\"https:\/\/www.der-mopedladen.de\/wp-content\/uploads\/2022\/11\/GTS-Supersport-weiss-2023-3-1024x768-640x480.jpg\" data-envira-src=\"https:\/\/www.der-mopedladen.de\/wp-content\/uploads\/2022\/11\/GTS-Supersport-weiss-2023-3-1024x768-640x480.jpg\" data-envira-gallery-id=\"14241\" data-envira-item-id=\"14380\" data-envira-caption=\"GTS Supersport weiss 4\" alt=\"\" title=\"GTS Supersport weiss 4\"  itemprop=\"thumbnailUrl\" data-envira-srcset=\"https:\/\/www.der-mopedladen.de\/wp-content\/uploads\/2022\/11\/GTS-Supersport-weiss-2023-3-1024x768-640x480.jpg 400w,https:\/\/www.der-mopedladen.de\/wp-content\/uploads\/2022\/11\/GTS-Supersport-weiss-2023-3-1024x768-640x480.jpg 2x\" data-envira-width=\"300\" data-envira-height=\"225\" srcset=\"data:image\/gif;base64,R0lGODlhAQABAIAAAP\/\/\/\/\/\/\/yH5BAEKAAEALAAAAAABAAEAAAICTAEAOw==\" data-safe-src=\"data:image\/gif;base64,R0lGODlhAQABAIAAAP\/\/\/\/\/\/\/yH5BAEKAAEALAAAAAABAAEAAAICTAEAOw==\" \/><\/a><\/div><\/div><div id=\"envira-gallery-item-15092\" class=\"envira-gallery-item enviratope-item envira-gallery-item-16 envira-lazy-load\" style=\"padding-left: 5px; padding-bottom: 10px; padding-right: 5px;\"  itemscope itemtype=\"https:\/\/schema.org\/ImageObject\"><div class=\"envira-gallery-item-inner\"><div class=\"envira-gallery-position-overlay  envira-gallery-top-left\"><\/div><div class=\"envira-gallery-position-overlay  envira-gallery-top-right\"><\/div><div class=\"envira-gallery-position-overlay  envira-gallery-bottom-left\"><\/div><div class=\"envira-gallery-position-overlay  envira-gallery-bottom-right\"><\/div><a href=\"https:\/\/www.der-mopedladen.de\/wp-content\/uploads\/2023\/02\/GTS-Supersport-mattschwarz-2023-3.jpg\" class=\"envira-gallery-14241 envira-gallery-link\" rel=\"enviragallery14241\" title=\"GTS SS Mattschwarz 4\" data-envira-caption=\"GTS SS Mattschwarz 4\" data-envira-retina=\"\" data-thumbnail=\"\"  itemprop=\"contentUrl\"><img decoding=\"async\" id=\"envira-gallery-image-15092\" class=\"envira-gallery-image envira-gallery-image-16 envira-normal envira-lazy\" data-envira-index=\"16\" src=\"https:\/\/www.der-mopedladen.de\/wp-content\/uploads\/2023\/02\/GTS-Supersport-mattschwarz-2023-3-1024x768-640x480.jpg\" data-envira-src=\"https:\/\/www.der-mopedladen.de\/wp-content\/uploads\/2023\/02\/GTS-Supersport-mattschwarz-2023-3-1024x768-640x480.jpg\" data-envira-gallery-id=\"14241\" data-envira-item-id=\"15092\" data-envira-caption=\"GTS SS Mattschwarz 4\" alt=\"\" title=\"GTS SS Mattschwarz 4\"  itemprop=\"thumbnailUrl\" data-envira-srcset=\"https:\/\/www.der-mopedladen.de\/wp-content\/uploads\/2023\/02\/GTS-Supersport-mattschwarz-2023-3-1024x768-640x480.jpg 400w,https:\/\/www.der-mopedladen.de\/wp-content\/uploads\/2023\/02\/GTS-Supersport-mattschwarz-2023-3-1024x768-640x480.jpg 2x\" data-envira-width=\"300\" data-envira-height=\"225\" srcset=\"data:image\/gif;base64,R0lGODlhAQABAIAAAP\/\/\/\/\/\/\/yH5BAEKAAEALAAAAAABAAEAAAICTAEAOw==\" data-safe-src=\"data:image\/gif;base64,R0lGODlhAQABAIAAAP\/\/\/\/\/\/\/yH5BAEKAAEALAAAAAABAAEAAAICTAEAOw==\" \/><\/a><\/div><\/div><div id=\"envira-gallery-item-14789\" class=\"envira-gallery-item enviratope-item envira-gallery-item-17 envira-lazy-load\" style=\"padding-left: 5px; padding-bottom: 10px; padding-right: 5px;\"  itemscope itemtype=\"https:\/\/schema.org\/ImageObject\"><div class=\"envira-gallery-item-inner\"><div class=\"envira-gallery-position-overlay  envira-gallery-top-left\"><\/div><div class=\"envira-gallery-position-overlay  envira-gallery-top-right\"><\/div><div class=\"envira-gallery-position-overlay  envira-gallery-bottom-left\"><\/div><div class=\"envira-gallery-position-overlay  envira-gallery-bottom-right\"><\/div><a href=\"https:\/\/www.der-mopedladen.de\/wp-content\/uploads\/2023\/01\/GTS-SS-gold-2023-1.jpg\" class=\"envira-gallery-14241 envira-gallery-link\" rel=\"enviragallery14241\" title=\"GTS SuperSport gold 1\" data-envira-caption=\"GTS SuperSport gold 1\" data-envira-retina=\"\" data-thumbnail=\"\"  itemprop=\"contentUrl\"><img decoding=\"async\" id=\"envira-gallery-image-14789\" class=\"envira-gallery-image envira-gallery-image-17 envira-normal envira-lazy\" data-envira-index=\"17\" src=\"https:\/\/www.der-mopedladen.de\/wp-content\/uploads\/2023\/01\/GTS-SS-gold-2023-1-1024x768-640x480.jpg\" data-envira-src=\"https:\/\/www.der-mopedladen.de\/wp-content\/uploads\/2023\/01\/GTS-SS-gold-2023-1-1024x768-640x480.jpg\" data-envira-gallery-id=\"14241\" data-envira-item-id=\"14789\" data-envira-caption=\"GTS SuperSport gold 1\" alt=\"\" title=\"GTS SuperSport gold 1\"  itemprop=\"thumbnailUrl\" data-envira-srcset=\"https:\/\/www.der-mopedladen.de\/wp-content\/uploads\/2023\/01\/GTS-SS-gold-2023-1-1024x768-640x480.jpg 400w,https:\/\/www.der-mopedladen.de\/wp-content\/uploads\/2023\/01\/GTS-SS-gold-2023-1-1024x768-640x480.jpg 2x\" data-envira-width=\"300\" data-envira-height=\"225\" srcset=\"data:image\/gif;base64,R0lGODlhAQABAIAAAP\/\/\/\/\/\/\/yH5BAEKAAEALAAAAAABAAEAAAICTAEAOw==\" data-safe-src=\"data:image\/gif;base64,R0lGODlhAQABAIAAAP\/\/\/\/\/\/\/yH5BAEKAAEALAAAAAABAAEAAAICTAEAOw==\" \/><\/a><\/div><\/div><div id=\"envira-gallery-item-14379\" class=\"envira-gallery-item enviratope-item envira-gallery-item-18 envira-lazy-load\" style=\"padding-left: 5px; padding-bottom: 10px; padding-right: 5px;\"  itemscope itemtype=\"https:\/\/schema.org\/ImageObject\"><div class=\"envira-gallery-item-inner\"><div class=\"envira-gallery-position-overlay  envira-gallery-top-left\"><\/div><div class=\"envira-gallery-position-overlay  envira-gallery-top-right\"><\/div><div class=\"envira-gallery-position-overlay  envira-gallery-bottom-left\"><\/div><div class=\"envira-gallery-position-overlay  envira-gallery-bottom-right\"><\/div><a href=\"https:\/\/www.der-mopedladen.de\/wp-content\/uploads\/2022\/11\/GTS-Supersport-weiss-2023-4.jpg\" class=\"envira-gallery-14241 envira-gallery-link\" rel=\"enviragallery14241\" title=\"GTS Supersport weiss 5\" data-envira-caption=\"GTS Supersport weiss 5\" data-envira-retina=\"\" data-thumbnail=\"\"  itemprop=\"contentUrl\"><img decoding=\"async\" id=\"envira-gallery-image-14379\" class=\"envira-gallery-image envira-gallery-image-18 envira-normal envira-lazy\" data-envira-index=\"18\" src=\"https:\/\/www.der-mopedladen.de\/wp-content\/uploads\/2022\/11\/GTS-Supersport-weiss-2023-4-1024x768-640x480.jpg\" data-envira-src=\"https:\/\/www.der-mopedladen.de\/wp-content\/uploads\/2022\/11\/GTS-Supersport-weiss-2023-4-1024x768-640x480.jpg\" data-envira-gallery-id=\"14241\" data-envira-item-id=\"14379\" data-envira-caption=\"GTS Supersport weiss 5\" alt=\"\" title=\"GTS Supersport weiss 5\"  itemprop=\"thumbnailUrl\" data-envira-srcset=\"https:\/\/www.der-mopedladen.de\/wp-content\/uploads\/2022\/11\/GTS-Supersport-weiss-2023-4-1024x768-640x480.jpg 400w,https:\/\/www.der-mopedladen.de\/wp-content\/uploads\/2022\/11\/GTS-Supersport-weiss-2023-4-1024x768-640x480.jpg 2x\" data-envira-width=\"300\" data-envira-height=\"225\" srcset=\"data:image\/gif;base64,R0lGODlhAQABAIAAAP\/\/\/\/\/\/\/yH5BAEKAAEALAAAAAABAAEAAAICTAEAOw==\" data-safe-src=\"data:image\/gif;base64,R0lGODlhAQABAIAAAP\/\/\/\/\/\/\/yH5BAEKAAEALAAAAAABAAEAAAICTAEAOw==\" \/><\/a><\/div><\/div><div id=\"envira-gallery-item-14378\" class=\"envira-gallery-item enviratope-item envira-gallery-item-19 envira-lazy-load\" style=\"padding-left: 5px; padding-bottom: 10px; padding-right: 5px;\"  itemscope itemtype=\"https:\/\/schema.org\/ImageObject\"><div class=\"envira-gallery-item-inner\"><div class=\"envira-gallery-position-overlay  envira-gallery-top-left\"><\/div><div class=\"envira-gallery-position-overlay  envira-gallery-top-right\"><\/div><div class=\"envira-gallery-position-overlay  envira-gallery-bottom-left\"><\/div><div class=\"envira-gallery-position-overlay  envira-gallery-bottom-right\"><\/div><a href=\"https:\/\/www.der-mopedladen.de\/wp-content\/uploads\/2022\/11\/GTS-Supersport-weiss-2023-5.jpg\" class=\"envira-gallery-14241 envira-gallery-link\" rel=\"enviragallery14241\" title=\"GTS Supersport weiss 6\" data-envira-caption=\"GTS Supersport weiss 6\" data-envira-retina=\"\" data-thumbnail=\"\"  itemprop=\"contentUrl\"><img decoding=\"async\" id=\"envira-gallery-image-14378\" class=\"envira-gallery-image envira-gallery-image-19 envira-normal envira-lazy\" data-envira-index=\"19\" src=\"https:\/\/www.der-mopedladen.de\/wp-content\/uploads\/2022\/11\/GTS-Supersport-weiss-2023-5-1024x768-640x480.jpg\" data-envira-src=\"https:\/\/www.der-mopedladen.de\/wp-content\/uploads\/2022\/11\/GTS-Supersport-weiss-2023-5-1024x768-640x480.jpg\" data-envira-gallery-id=\"14241\" data-envira-item-id=\"14378\" data-envira-caption=\"GTS Supersport weiss 6\" alt=\"\" title=\"GTS Supersport weiss 6\"  itemprop=\"thumbnailUrl\" data-envira-srcset=\"https:\/\/www.der-mopedladen.de\/wp-content\/uploads\/2022\/11\/GTS-Supersport-weiss-2023-5-1024x768-640x480.jpg 400w,https:\/\/www.der-mopedladen.de\/wp-content\/uploads\/2022\/11\/GTS-Supersport-weiss-2023-5-1024x768-640x480.jpg 2x\" data-envira-width=\"300\" data-envira-height=\"225\" srcset=\"data:image\/gif;base64,R0lGODlhAQABAIAAAP\/\/\/\/\/\/\/yH5BAEKAAEALAAAAAABAAEAAAICTAEAOw==\" data-safe-src=\"data:image\/gif;base64,R0lGODlhAQABAIAAAP\/\/\/\/\/\/\/yH5BAEKAAEALAAAAAABAAEAAAICTAEAOw==\" \/><\/a><\/div><\/div><div id=\"envira-gallery-item-15513\" class=\"envira-gallery-item enviratope-item envira-gallery-item-20 envira-lazy-load\" style=\"padding-left: 5px; padding-bottom: 10px; padding-right: 5px;\"  itemscope itemtype=\"https:\/\/schema.org\/ImageObject\"><div class=\"envira-gallery-item-inner\"><div class=\"envira-gallery-position-overlay  envira-gallery-top-left\"><\/div><div class=\"envira-gallery-position-overlay  envira-gallery-top-right\"><\/div><div class=\"envira-gallery-position-overlay  envira-gallery-bottom-left\"><\/div><div class=\"envira-gallery-position-overlay  envira-gallery-bottom-right\"><\/div><a href=\"https:\/\/www.der-mopedladen.de\/wp-content\/uploads\/2023\/04\/Notte-Edition-3.jpg\" class=\"envira-gallery-14241 envira-gallery-link\" rel=\"enviragallery14241\" title=\"Notte Edition 7\" data-envira-caption=\"Notte Edition 7\" data-envira-retina=\"\" data-thumbnail=\"\"  itemprop=\"contentUrl\"><img decoding=\"async\" id=\"envira-gallery-image-15513\" class=\"envira-gallery-image envira-gallery-image-20 envira-normal envira-lazy\" data-envira-index=\"20\" src=\"https:\/\/www.der-mopedladen.de\/wp-content\/uploads\/2023\/04\/Notte-Edition-3-1024x768-640x480.jpg\" data-envira-src=\"https:\/\/www.der-mopedladen.de\/wp-content\/uploads\/2023\/04\/Notte-Edition-3-1024x768-640x480.jpg\" data-envira-gallery-id=\"14241\" data-envira-item-id=\"15513\" data-envira-caption=\"Notte Edition 7\" alt=\"\" title=\"Notte Edition 7\"  itemprop=\"thumbnailUrl\" data-envira-srcset=\"https:\/\/www.der-mopedladen.de\/wp-content\/uploads\/2023\/04\/Notte-Edition-3-1024x768-640x480.jpg 400w,https:\/\/www.der-mopedladen.de\/wp-content\/uploads\/2023\/04\/Notte-Edition-3-1024x768-640x480.jpg 2x\" data-envira-width=\"300\" data-envira-height=\"225\" srcset=\"data:image\/gif;base64,R0lGODlhAQABAIAAAP\/\/\/\/\/\/\/yH5BAEKAAEALAAAAAABAAEAAAICTAEAOw==\" data-safe-src=\"data:image\/gif;base64,R0lGODlhAQABAIAAAP\/\/\/\/\/\/\/yH5BAEKAAEALAAAAAABAAEAAAICTAEAOw==\" \/><\/a><\/div><\/div><div id=\"envira-gallery-item-15512\" class=\"envira-gallery-item enviratope-item envira-gallery-item-21 envira-lazy-load\" style=\"padding-left: 5px; padding-bottom: 10px; padding-right: 5px;\"  itemscope itemtype=\"https:\/\/schema.org\/ImageObject\"><div class=\"envira-gallery-item-inner\"><div class=\"envira-gallery-position-overlay  envira-gallery-top-left\"><\/div><div class=\"envira-gallery-position-overlay  envira-gallery-top-right\"><\/div><div class=\"envira-gallery-position-overlay  envira-gallery-bottom-left\"><\/div><div class=\"envira-gallery-position-overlay  envira-gallery-bottom-right\"><\/div><a href=\"https:\/\/www.der-mopedladen.de\/wp-content\/uploads\/2023\/04\/Notte-Edition-4.jpg\" class=\"envira-gallery-14241 envira-gallery-link\" rel=\"enviragallery14241\" title=\"Notte Edition 6\" data-envira-caption=\"Notte Edition 6\" data-envira-retina=\"\" data-thumbnail=\"\"  itemprop=\"contentUrl\"><img decoding=\"async\" id=\"envira-gallery-image-15512\" class=\"envira-gallery-image envira-gallery-image-21 envira-normal envira-lazy\" data-envira-index=\"21\" src=\"https:\/\/www.der-mopedladen.de\/wp-content\/uploads\/2023\/04\/Notte-Edition-4-1024x768-640x480.jpg\" data-envira-src=\"https:\/\/www.der-mopedladen.de\/wp-content\/uploads\/2023\/04\/Notte-Edition-4-1024x768-640x480.jpg\" data-envira-gallery-id=\"14241\" data-envira-item-id=\"15512\" data-envira-caption=\"Notte Edition 6\" alt=\"\" title=\"Notte Edition 6\"  itemprop=\"thumbnailUrl\" data-envira-srcset=\"https:\/\/www.der-mopedladen.de\/wp-content\/uploads\/2023\/04\/Notte-Edition-4-1024x768-640x480.jpg 400w,https:\/\/www.der-mopedladen.de\/wp-content\/uploads\/2023\/04\/Notte-Edition-4-1024x768-640x480.jpg 2x\" data-envira-width=\"300\" data-envira-height=\"225\" srcset=\"data:image\/gif;base64,R0lGODlhAQABAIAAAP\/\/\/\/\/\/\/yH5BAEKAAEALAAAAAABAAEAAAICTAEAOw==\" data-safe-src=\"data:image\/gif;base64,R0lGODlhAQABAIAAAP\/\/\/\/\/\/\/yH5BAEKAAEALAAAAAABAAEAAAICTAEAOw==\" \/><\/a><\/div><\/div><div id=\"envira-gallery-item-15320\" class=\"envira-gallery-item enviratope-item envira-gallery-item-22 envira-lazy-load\" style=\"padding-left: 5px; padding-bottom: 10px; padding-right: 5px;\"  itemscope itemtype=\"https:\/\/schema.org\/ImageObject\"><div class=\"envira-gallery-item-inner\"><div class=\"envira-gallery-position-overlay  envira-gallery-top-left\"><\/div><div class=\"envira-gallery-position-overlay  envira-gallery-top-right\"><\/div><div class=\"envira-gallery-position-overlay  envira-gallery-bottom-left\"><\/div><div class=\"envira-gallery-position-overlay  envira-gallery-bottom-right\"><\/div><a href=\"https:\/\/www.der-mopedladen.de\/wp-content\/uploads\/2023\/03\/GTS-Umbau-14.jpg\" class=\"envira-gallery-14241 envira-gallery-link\" rel=\"enviragallery14241\" title=\"Rizoma Eccentrico\" data-envira-caption=\"Rizoma Eccentrico\" data-envira-retina=\"\" data-thumbnail=\"\"  itemprop=\"contentUrl\"><img decoding=\"async\" id=\"envira-gallery-image-15320\" class=\"envira-gallery-image envira-gallery-image-22 envira-normal envira-lazy\" data-envira-index=\"22\" src=\"https:\/\/www.der-mopedladen.de\/wp-content\/uploads\/2023\/03\/GTS-Umbau-14-1024x768-640x480.jpg\" data-envira-src=\"https:\/\/www.der-mopedladen.de\/wp-content\/uploads\/2023\/03\/GTS-Umbau-14-1024x768-640x480.jpg\" data-envira-gallery-id=\"14241\" data-envira-item-id=\"15320\" data-envira-caption=\"Rizoma Eccentrico\" alt=\"\" title=\"Rizoma Eccentrico\"  itemprop=\"thumbnailUrl\" data-envira-srcset=\"https:\/\/www.der-mopedladen.de\/wp-content\/uploads\/2023\/03\/GTS-Umbau-14-1024x768-640x480.jpg 400w,https:\/\/www.der-mopedladen.de\/wp-content\/uploads\/2023\/03\/GTS-Umbau-14-1024x768-640x480.jpg 2x\" data-envira-width=\"300\" data-envira-height=\"225\" srcset=\"data:image\/gif;base64,R0lGODlhAQABAIAAAP\/\/\/\/\/\/\/yH5BAEKAAEALAAAAAABAAEAAAICTAEAOw==\" data-safe-src=\"data:image\/gif;base64,R0lGODlhAQABAIAAAP\/\/\/\/\/\/\/yH5BAEKAAEALAAAAAABAAEAAAICTAEAOw==\" \/><\/a><\/div><\/div><div id=\"envira-gallery-item-15511\" class=\"envira-gallery-item enviratope-item envira-gallery-item-23 envira-lazy-load\" style=\"padding-left: 5px; padding-bottom: 10px; padding-right: 5px;\"  itemscope itemtype=\"https:\/\/schema.org\/ImageObject\"><div class=\"envira-gallery-item-inner\"><div class=\"envira-gallery-position-overlay  envira-gallery-top-left\"><\/div><div class=\"envira-gallery-position-overlay  envira-gallery-top-right\"><\/div><div class=\"envira-gallery-position-overlay  envira-gallery-bottom-left\"><\/div><div class=\"envira-gallery-position-overlay  envira-gallery-bottom-right\"><\/div><a href=\"https:\/\/www.der-mopedladen.de\/wp-content\/uploads\/2023\/04\/Notte-Edition-5.jpg\" class=\"envira-gallery-14241 envira-gallery-link\" rel=\"enviragallery14241\" title=\"Notte Edition 5\" data-envira-caption=\"Notte Edition 5\" data-envira-retina=\"\" data-thumbnail=\"\"  itemprop=\"contentUrl\"><img decoding=\"async\" id=\"envira-gallery-image-15511\" class=\"envira-gallery-image envira-gallery-image-23 envira-normal envira-lazy\" data-envira-index=\"23\" src=\"https:\/\/www.der-mopedladen.de\/wp-content\/uploads\/2023\/04\/Notte-Edition-5-1024x768-640x480.jpg\" data-envira-src=\"https:\/\/www.der-mopedladen.de\/wp-content\/uploads\/2023\/04\/Notte-Edition-5-1024x768-640x480.jpg\" data-envira-gallery-id=\"14241\" data-envira-item-id=\"15511\" data-envira-caption=\"Notte Edition 5\" alt=\"\" title=\"Notte Edition 5\"  itemprop=\"thumbnailUrl\" data-envira-srcset=\"https:\/\/www.der-mopedladen.de\/wp-content\/uploads\/2023\/04\/Notte-Edition-5-1024x768-640x480.jpg 400w,https:\/\/www.der-mopedladen.de\/wp-content\/uploads\/2023\/04\/Notte-Edition-5-1024x768-640x480.jpg 2x\" data-envira-width=\"300\" data-envira-height=\"225\" srcset=\"data:image\/gif;base64,R0lGODlhAQABAIAAAP\/\/\/\/\/\/\/yH5BAEKAAEALAAAAAABAAEAAAICTAEAOw==\" data-safe-src=\"data:image\/gif;base64,R0lGODlhAQABAIAAAP\/\/\/\/\/\/\/yH5BAEKAAEALAAAAAABAAEAAAICTAEAOw==\" \/><\/a><\/div><\/div><div id=\"envira-gallery-item-15508\" class=\"envira-gallery-item enviratope-item envira-gallery-item-24 envira-lazy-load\" style=\"padding-left: 5px; padding-bottom: 10px; padding-right: 5px;\"  itemscope itemtype=\"https:\/\/schema.org\/ImageObject\"><div class=\"envira-gallery-item-inner\"><div class=\"envira-gallery-position-overlay  envira-gallery-top-left\"><\/div><div class=\"envira-gallery-position-overlay  envira-gallery-top-right\"><\/div><div class=\"envira-gallery-position-overlay  envira-gallery-bottom-left\"><\/div><div class=\"envira-gallery-position-overlay  envira-gallery-bottom-right\"><\/div><a href=\"https:\/\/www.der-mopedladen.de\/wp-content\/uploads\/2023\/04\/Notte-Edition-1.jpg\" class=\"envira-gallery-14241 envira-gallery-link\" rel=\"enviragallery14241\" title=\"Notte Edition 1\" data-envira-caption=\"Notte Edition 1\" data-envira-retina=\"\" data-thumbnail=\"\"  itemprop=\"contentUrl\"><img decoding=\"async\" id=\"envira-gallery-image-15508\" class=\"envira-gallery-image envira-gallery-image-24 envira-normal envira-lazy\" data-envira-index=\"24\" src=\"https:\/\/www.der-mopedladen.de\/wp-content\/uploads\/2023\/04\/Notte-Edition-1-1024x768-640x480.jpg\" data-envira-src=\"https:\/\/www.der-mopedladen.de\/wp-content\/uploads\/2023\/04\/Notte-Edition-1-1024x768-640x480.jpg\" data-envira-gallery-id=\"14241\" data-envira-item-id=\"15508\" data-envira-caption=\"Notte Edition 1\" alt=\"\" title=\"Notte Edition 1\"  itemprop=\"thumbnailUrl\" data-envira-srcset=\"https:\/\/www.der-mopedladen.de\/wp-content\/uploads\/2023\/04\/Notte-Edition-1-1024x768-640x480.jpg 400w,https:\/\/www.der-mopedladen.de\/wp-content\/uploads\/2023\/04\/Notte-Edition-1-1024x768-640x480.jpg 2x\" data-envira-width=\"300\" data-envira-height=\"225\" srcset=\"data:image\/gif;base64,R0lGODlhAQABAIAAAP\/\/\/\/\/\/\/yH5BAEKAAEALAAAAAABAAEAAAICTAEAOw==\" data-safe-src=\"data:image\/gif;base64,R0lGODlhAQABAIAAAP\/\/\/\/\/\/\/yH5BAEKAAEALAAAAAABAAEAAAICTAEAOw==\" \/><\/a><\/div><\/div><div id=\"envira-gallery-item-15505\" class=\"envira-gallery-item enviratope-item envira-gallery-item-25 envira-lazy-load\" style=\"padding-left: 5px; padding-bottom: 10px; padding-right: 5px;\"  itemscope itemtype=\"https:\/\/schema.org\/ImageObject\"><div class=\"envira-gallery-item-inner\"><div class=\"envira-gallery-position-overlay  envira-gallery-top-left\"><\/div><div class=\"envira-gallery-position-overlay  envira-gallery-top-right\"><\/div><div class=\"envira-gallery-position-overlay  envira-gallery-bottom-left\"><\/div><div class=\"envira-gallery-position-overlay  envira-gallery-bottom-right\"><\/div><a href=\"https:\/\/www.der-mopedladen.de\/wp-content\/uploads\/2023\/04\/Notte-Edition-2.jpg\" class=\"envira-gallery-14241 envira-gallery-link\" rel=\"enviragallery14241\" title=\"Notte Edition 2\" data-envira-caption=\"Notte Edition 2\" data-envira-retina=\"\" data-thumbnail=\"\"  itemprop=\"contentUrl\"><img decoding=\"async\" id=\"envira-gallery-image-15505\" class=\"envira-gallery-image envira-gallery-image-25 envira-normal envira-lazy\" data-envira-index=\"25\" src=\"https:\/\/www.der-mopedladen.de\/wp-content\/uploads\/2023\/04\/Notte-Edition-2-768x1024-640x480.jpg\" data-envira-src=\"https:\/\/www.der-mopedladen.de\/wp-content\/uploads\/2023\/04\/Notte-Edition-2-768x1024-640x480.jpg\" data-envira-gallery-id=\"14241\" data-envira-item-id=\"15505\" data-envira-caption=\"Notte Edition 2\" alt=\"\" title=\"Notte Edition 2\"  itemprop=\"thumbnailUrl\" data-envira-srcset=\"https:\/\/www.der-mopedladen.de\/wp-content\/uploads\/2023\/04\/Notte-Edition-2-768x1024-640x480.jpg 400w,https:\/\/www.der-mopedladen.de\/wp-content\/uploads\/2023\/04\/Notte-Edition-2-768x1024-640x480.jpg 2x\" data-envira-width=\"225\" data-envira-height=\"300\" srcset=\"data:image\/gif;base64,R0lGODlhAQABAIAAAP\/\/\/\/\/\/\/yH5BAEKAAEALAAAAAABAAEAAAICTAEAOw==\" data-safe-src=\"data:image\/gif;base64,R0lGODlhAQABAIAAAP\/\/\/\/\/\/\/yH5BAEKAAEALAAAAAABAAEAAAICTAEAOw==\" \/><\/a><\/div><\/div><div id=\"envira-gallery-item-15510\" class=\"envira-gallery-item enviratope-item envira-gallery-item-26 envira-lazy-load\" style=\"padding-left: 5px; padding-bottom: 10px; padding-right: 5px;\"  itemscope itemtype=\"https:\/\/schema.org\/ImageObject\"><div class=\"envira-gallery-item-inner\"><div class=\"envira-gallery-position-overlay  envira-gallery-top-left\"><\/div><div class=\"envira-gallery-position-overlay  envira-gallery-top-right\"><\/div><div class=\"envira-gallery-position-overlay  envira-gallery-bottom-left\"><\/div><div class=\"envira-gallery-position-overlay  envira-gallery-bottom-right\"><\/div><a href=\"https:\/\/www.der-mopedladen.de\/wp-content\/uploads\/2023\/04\/Notte-Edition-6.jpg\" class=\"envira-gallery-14241 envira-gallery-link\" rel=\"enviragallery14241\" title=\"Notte Edition 4\" data-envira-caption=\"Notte Edition 4\" data-envira-retina=\"\" data-thumbnail=\"\"  itemprop=\"contentUrl\"><img decoding=\"async\" id=\"envira-gallery-image-15510\" class=\"envira-gallery-image envira-gallery-image-26 envira-normal envira-lazy\" data-envira-index=\"26\" src=\"https:\/\/www.der-mopedladen.de\/wp-content\/uploads\/2023\/04\/Notte-Edition-6-1024x768-640x480.jpg\" data-envira-src=\"https:\/\/www.der-mopedladen.de\/wp-content\/uploads\/2023\/04\/Notte-Edition-6-1024x768-640x480.jpg\" data-envira-gallery-id=\"14241\" data-envira-item-id=\"15510\" data-envira-caption=\"Notte Edition 4\" alt=\"\" title=\"Notte Edition 4\"  itemprop=\"thumbnailUrl\" data-envira-srcset=\"https:\/\/www.der-mopedladen.de\/wp-content\/uploads\/2023\/04\/Notte-Edition-6-1024x768-640x480.jpg 400w,https:\/\/www.der-mopedladen.de\/wp-content\/uploads\/2023\/04\/Notte-Edition-6-1024x768-640x480.jpg 2x\" data-envira-width=\"300\" data-envira-height=\"225\" srcset=\"data:image\/gif;base64,R0lGODlhAQABAIAAAP\/\/\/\/\/\/\/yH5BAEKAAEALAAAAAABAAEAAAICTAEAOw==\" data-safe-src=\"data:image\/gif;base64,R0lGODlhAQABAIAAAP\/\/\/\/\/\/\/yH5BAEKAAEALAAAAAABAAEAAAICTAEAOw==\" \/><\/a><\/div><\/div><div id=\"envira-gallery-item-15509\" class=\"envira-gallery-item enviratope-item envira-gallery-item-27 envira-lazy-load\" style=\"padding-left: 5px; padding-bottom: 10px; padding-right: 5px;\"  itemscope itemtype=\"https:\/\/schema.org\/ImageObject\"><div class=\"envira-gallery-item-inner\"><div class=\"envira-gallery-position-overlay  envira-gallery-top-left\"><\/div><div class=\"envira-gallery-position-overlay  envira-gallery-top-right\"><\/div><div class=\"envira-gallery-position-overlay  envira-gallery-bottom-left\"><\/div><div class=\"envira-gallery-position-overlay  envira-gallery-bottom-right\"><\/div><a href=\"https:\/\/www.der-mopedladen.de\/wp-content\/uploads\/2023\/04\/Notte-Edition-7.jpg\" class=\"envira-gallery-14241 envira-gallery-link\" rel=\"enviragallery14241\" title=\"Notte Edition 3\" data-envira-caption=\"Notte Edition 3\" data-envira-retina=\"\" data-thumbnail=\"\"  itemprop=\"contentUrl\"><img decoding=\"async\" id=\"envira-gallery-image-15509\" class=\"envira-gallery-image envira-gallery-image-27 envira-normal envira-lazy\" data-envira-index=\"27\" src=\"https:\/\/www.der-mopedladen.de\/wp-content\/uploads\/2023\/04\/Notte-Edition-7-1024x768-640x480.jpg\" data-envira-src=\"https:\/\/www.der-mopedladen.de\/wp-content\/uploads\/2023\/04\/Notte-Edition-7-1024x768-640x480.jpg\" data-envira-gallery-id=\"14241\" data-envira-item-id=\"15509\" data-envira-caption=\"Notte Edition 3\" alt=\"\" title=\"Notte Edition 3\"  itemprop=\"thumbnailUrl\" data-envira-srcset=\"https:\/\/www.der-mopedladen.de\/wp-content\/uploads\/2023\/04\/Notte-Edition-7-1024x768-640x480.jpg 400w,https:\/\/www.der-mopedladen.de\/wp-content\/uploads\/2023\/04\/Notte-Edition-7-1024x768-640x480.jpg 2x\" data-envira-width=\"300\" data-envira-height=\"225\" srcset=\"data:image\/gif;base64,R0lGODlhAQABAIAAAP\/\/\/\/\/\/\/yH5BAEKAAEALAAAAAABAAEAAAICTAEAOw==\" data-safe-src=\"data:image\/gif;base64,R0lGODlhAQABAIAAAP\/\/\/\/\/\/\/yH5BAEKAAEALAAAAAABAAEAAAICTAEAOw==\" \/><\/a><\/div><\/div><div id=\"envira-gallery-item-15507\" class=\"envira-gallery-item enviratope-item envira-gallery-item-28 envira-lazy-load\" style=\"padding-left: 5px; padding-bottom: 10px; padding-right: 5px;\"  itemscope itemtype=\"https:\/\/schema.org\/ImageObject\"><div class=\"envira-gallery-item-inner\"><div class=\"envira-gallery-position-overlay  envira-gallery-top-left\"><\/div><div class=\"envira-gallery-position-overlay  envira-gallery-top-right\"><\/div><div class=\"envira-gallery-position-overlay  envira-gallery-bottom-left\"><\/div><div class=\"envira-gallery-position-overlay  envira-gallery-bottom-right\"><\/div><a href=\"https:\/\/www.der-mopedladen.de\/wp-content\/uploads\/2023\/04\/Oelwanne-hpe-mit-Schauglas.jpg\" class=\"envira-gallery-14241 envira-gallery-link\" rel=\"enviragallery14241\" title=\"&Ouml;lwanne hpe\" data-envira-caption=\"&Ouml;lwanne hpe\" data-envira-retina=\"\" data-thumbnail=\"\"  itemprop=\"contentUrl\"><img decoding=\"async\" id=\"envira-gallery-image-15507\" class=\"envira-gallery-image envira-gallery-image-28 envira-normal envira-lazy\" data-envira-index=\"28\" src=\"https:\/\/www.der-mopedladen.de\/wp-content\/uploads\/2023\/04\/Oelwanne-hpe-mit-Schauglas-1024x768-640x480.jpg\" data-envira-src=\"https:\/\/www.der-mopedladen.de\/wp-content\/uploads\/2023\/04\/Oelwanne-hpe-mit-Schauglas-1024x768-640x480.jpg\" data-envira-gallery-id=\"14241\" data-envira-item-id=\"15507\" data-envira-caption=\"&Ouml;lwanne hpe\" alt=\"\" title=\"\u00d6lwanne hpe\"  itemprop=\"thumbnailUrl\" data-envira-srcset=\"https:\/\/www.der-mopedladen.de\/wp-content\/uploads\/2023\/04\/Oelwanne-hpe-mit-Schauglas-1024x768-640x480.jpg 400w,https:\/\/www.der-mopedladen.de\/wp-content\/uploads\/2023\/04\/Oelwanne-hpe-mit-Schauglas-1024x768-640x480.jpg 2x\" data-envira-width=\"300\" data-envira-height=\"225\" srcset=\"data:image\/gif;base64,R0lGODlhAQABAIAAAP\/\/\/\/\/\/\/yH5BAEKAAEALAAAAAABAAEAAAICTAEAOw==\" data-safe-src=\"data:image\/gif;base64,R0lGODlhAQABAIAAAP\/\/\/\/\/\/\/yH5BAEKAAEALAAAAAABAAEAAAICTAEAOw==\" \/><\/a><\/div><\/div><\/div><\/div><noscript><img decoding=\"async\" src=\"https:\/\/www.der-mopedladen.de\/wp-content\/uploads\/2023\/03\/GTS-Supersport-mattgrau-2023-1.jpg\" alt=\"\" \/><img decoding=\"async\" src=\"https:\/\/www.der-mopedladen.de\/wp-content\/uploads\/2022\/11\/GTS-Supersport-weiss-2023-1.jpg\" alt=\"\" \/><img decoding=\"async\" src=\"https:\/\/www.der-mopedladen.de\/wp-content\/uploads\/2023\/02\/GTS-Supersport-mattschwarz-2023-5.jpg\" alt=\"\" \/><img decoding=\"async\" src=\"https:\/\/www.der-mopedladen.de\/wp-content\/uploads\/2023\/01\/GTS-SS-gold-2023-2.jpg\" alt=\"\" \/><img decoding=\"async\" src=\"https:\/\/www.der-mopedladen.de\/wp-content\/uploads\/2023\/03\/GTS-Supersport-mattgrau-2023-5.jpg\" alt=\"\" \/><img decoding=\"async\" src=\"https:\/\/www.der-mopedladen.de\/wp-content\/uploads\/2022\/11\/GTS-Supersport-weiss-2023-6.jpg\" alt=\"\" \/><img decoding=\"async\" src=\"https:\/\/www.der-mopedladen.de\/wp-content\/uploads\/2023\/02\/GTS-Supersport-mattschwarz-2023-4.jpg\" alt=\"\" \/><img decoding=\"async\" src=\"https:\/\/www.der-mopedladen.de\/wp-content\/uploads\/2023\/03\/GTS-Supersport-mattgrau-2023-4.jpg\" alt=\"\" \/><img decoding=\"async\" src=\"https:\/\/www.der-mopedladen.de\/wp-content\/uploads\/2023\/02\/GTS-Supersport-mattschwarz-2023-1.jpg\" alt=\"\" \/><img decoding=\"async\" src=\"https:\/\/www.der-mopedladen.de\/wp-content\/uploads\/2023\/02\/GTS-Supersport-mattschwarz-2023-2.jpg\" alt=\"\" \/><img decoding=\"async\" src=\"https:\/\/www.der-mopedladen.de\/wp-content\/uploads\/2023\/03\/GTS-Supersport-mattgrau-2023-2.jpg\" alt=\"\" \/><img decoding=\"async\" src=\"https:\/\/www.der-mopedladen.de\/wp-content\/uploads\/2022\/11\/GTS-Supersport-weiss-2023-2.jpg\" alt=\"\" \/><img decoding=\"async\" src=\"https:\/\/www.der-mopedladen.de\/wp-content\/uploads\/2023\/01\/GTS-SS-gold-2023-3.jpg\" alt=\"\" \/><img decoding=\"async\" src=\"https:\/\/www.der-mopedladen.de\/wp-content\/uploads\/2023\/03\/GTS-Supersport-mattgrau-2023-3.jpg\" alt=\"\" \/><img decoding=\"async\" src=\"https:\/\/www.der-mopedladen.de\/wp-content\/uploads\/2022\/11\/GTS-Supersport-weiss-2023-3.jpg\" alt=\"\" \/><img decoding=\"async\" src=\"https:\/\/www.der-mopedladen.de\/wp-content\/uploads\/2023\/02\/GTS-Supersport-mattschwarz-2023-3.jpg\" alt=\"\" \/><img decoding=\"async\" src=\"https:\/\/www.der-mopedladen.de\/wp-content\/uploads\/2023\/01\/GTS-SS-gold-2023-1.jpg\" alt=\"\" \/><img decoding=\"async\" src=\"https:\/\/www.der-mopedladen.de\/wp-content\/uploads\/2022\/11\/GTS-Supersport-weiss-2023-4.jpg\" alt=\"\" \/><img decoding=\"async\" src=\"https:\/\/www.der-mopedladen.de\/wp-content\/uploads\/2022\/11\/GTS-Supersport-weiss-2023-5.jpg\" alt=\"\" \/><img decoding=\"async\" src=\"https:\/\/www.der-mopedladen.de\/wp-content\/uploads\/2023\/04\/Notte-Edition-3.jpg\" alt=\"\" \/><img decoding=\"async\" src=\"https:\/\/www.der-mopedladen.de\/wp-content\/uploads\/2023\/04\/Notte-Edition-4.jpg\" alt=\"\" \/><img decoding=\"async\" src=\"https:\/\/www.der-mopedladen.de\/wp-content\/uploads\/2023\/03\/GTS-Umbau-14.jpg\" alt=\"\" \/><img decoding=\"async\" src=\"https:\/\/www.der-mopedladen.de\/wp-content\/uploads\/2023\/04\/Notte-Edition-5.jpg\" alt=\"\" \/><img decoding=\"async\" src=\"https:\/\/www.der-mopedladen.de\/wp-content\/uploads\/2023\/04\/Notte-Edition-1.jpg\" alt=\"\" \/><img decoding=\"async\" src=\"https:\/\/www.der-mopedladen.de\/wp-content\/uploads\/2023\/04\/Notte-Edition-2.jpg\" alt=\"\" \/><img decoding=\"async\" src=\"https:\/\/www.der-mopedladen.de\/wp-content\/uploads\/2023\/04\/Notte-Edition-6.jpg\" alt=\"\" \/><img decoding=\"async\" src=\"https:\/\/www.der-mopedladen.de\/wp-content\/uploads\/2023\/04\/Notte-Edition-7.jpg\" alt=\"\" \/><img decoding=\"async\" src=\"https:\/\/www.der-mopedladen.de\/wp-content\/uploads\/2023\/04\/Oelwanne-hpe-mit-Schauglas.jpg\" alt=\"\" \/><\/noscript>\n","protected":false},"excerpt":{"rendered":"<p>Ob Gro\u00dfstadtrevier oder Abenteuerreisen, mit der Vespa GTS kommen Sie stets sicher und entspannt an Ihr Ziel. Ergonomisch geformt, \u00fcberzeugt die bequeme Sitzbank Fahrer und\u2026<\/p>\n<p class=\"continue-reading-button\"> <a class=\"continue-reading-link\" href=\"https:\/\/www.der-mopedladen.de\/?p=14243\">Mehr Informationen<i class=\"crycon-right-dir\"><\/i><\/a><\/p>\n","protected":false},"author":2,"featured_media":14228,"comment_status":"closed","ping_status":"closed","sticky":false,"template":"","format":"standard","meta":{"footnotes":""},"categories":[33,70],"tags":[35,8,64,37,152,63],"class_list":["post-14243","post","type-post","status-publish","format-standard","has-post-thumbnail","hentry","category-rollergross","category-vespa-rollergross","tag-4-takt","tag-abs","tag-asr","tag-einspritzung","tag-keyless","tag-vespa"],"yoast_head":"<!-- This site is optimized with the Yoast SEO plugin v25.7 - https:\/\/yoast.com\/wordpress\/plugins\/seo\/ -->\n<title>Vespa GTS Supersport 310 . . . . . . . 7299 statt 7499 \u20ac -<\/title>\n<meta name=\"description\" content=\"Die neue Vespa GTS 300 Supersport auch bei uns - jetzt mit Keyless Go und frischen Farben ab sofort erh\u00e4ltlich!\" \/>\n<meta name=\"robots\" content=\"index, follow, max-snippet:-1, max-image-preview:large, max-video-preview:-1\" \/>\n<link rel=\"canonical\" href=\"https:\/\/www.der-mopedladen.de\/?p=14243\" \/>\n<meta property=\"og:locale\" content=\"de_DE\" \/>\n<meta property=\"og:type\" content=\"article\" \/>\n<meta property=\"og:title\" content=\"Vespa GTS Supersport 310 . . . . . . . 7299 statt 7499 \u20ac -\" \/>\n<meta property=\"og:description\" content=\"Die neue Vespa GTS 300 Supersport auch bei uns - jetzt mit Keyless Go und frischen Farben ab sofort erh\u00e4ltlich!\" \/>\n<meta property=\"og:url\" content=\"https:\/\/www.der-mopedladen.de\/?p=14243\" \/>\n<meta property=\"article:published_time\" content=\"2024-10-01T11:33:14+00:00\" \/>\n<meta property=\"article:modified_time\" content=\"2025-11-14T10:29:31+00:00\" \/>\n<meta property=\"og:image\" content=\"https:\/\/www.der-mopedladen.de\/wp-content\/uploads\/2022\/10\/Supersport-orange-2023-2.jpg\" \/>\n\t<meta property=\"og:image:width\" content=\"2560\" \/>\n\t<meta property=\"og:image:height\" content=\"1920\" \/>\n\t<meta property=\"og:image:type\" content=\"image\/jpeg\" \/>\n<meta name=\"author\" content=\"Carsten Maluche\" \/>\n<meta name=\"twitter:card\" content=\"summary_large_image\" \/>\n<meta name=\"twitter:label1\" content=\"Verfasst von\" \/>\n\t<meta name=\"twitter:data1\" content=\"Carsten Maluche\" \/>\n\t<meta name=\"twitter:label2\" content=\"Gesch\u00e4tzte Lesezeit\" \/>\n\t<meta name=\"twitter:data2\" content=\"1\u00a0Minute\" \/>\n<script type=\"application\/ld+json\" class=\"yoast-schema-graph\">{\"@context\":\"https:\/\/schema.org\",\"@graph\":[{\"@type\":\"Article\",\"@id\":\"https:\/\/www.der-mopedladen.de\/?p=14243#article\",\"isPartOf\":{\"@id\":\"https:\/\/www.der-mopedladen.de\/?p=14243\"},\"author\":{\"name\":\"Carsten Maluche\",\"@id\":\"https:\/\/www.der-mopedladen.de\/#\/schema\/person\/4d0c0c9ed7d36464398049539cfdc1c0\"},\"headline\":\"Vespa GTS Supersport 310 . . . . . . . 7299 statt 7499 \u20ac\",\"datePublished\":\"2024-10-01T11:33:14+00:00\",\"dateModified\":\"2025-11-14T10:29:31+00:00\",\"mainEntityOfPage\":{\"@id\":\"https:\/\/www.der-mopedladen.de\/?p=14243\"},\"wordCount\":176,\"publisher\":{\"@id\":\"https:\/\/www.der-mopedladen.de\/#organization\"},\"image\":{\"@id\":\"https:\/\/www.der-mopedladen.de\/?p=14243#primaryimage\"},\"thumbnailUrl\":\"https:\/\/www.der-mopedladen.de\/wp-content\/uploads\/2022\/10\/Supersport-orange-2023-2.jpg\",\"keywords\":[\"4 Takt\",\"ABS\",\"ASR\",\"Einspritzung\",\"Keyless\",\"Vespa\"],\"articleSection\":[\"Roller ab 125 ccm\",\"Vespa\"],\"inLanguage\":\"de\"},{\"@type\":\"WebPage\",\"@id\":\"https:\/\/www.der-mopedladen.de\/?p=14243\",\"url\":\"https:\/\/www.der-mopedladen.de\/?p=14243\",\"name\":\"Vespa GTS Supersport 310 . . . . . . . 7299 statt 7499 \u20ac -\",\"isPartOf\":{\"@id\":\"https:\/\/www.der-mopedladen.de\/#website\"},\"primaryImageOfPage\":{\"@id\":\"https:\/\/www.der-mopedladen.de\/?p=14243#primaryimage\"},\"image\":{\"@id\":\"https:\/\/www.der-mopedladen.de\/?p=14243#primaryimage\"},\"thumbnailUrl\":\"https:\/\/www.der-mopedladen.de\/wp-content\/uploads\/2022\/10\/Supersport-orange-2023-2.jpg\",\"datePublished\":\"2024-10-01T11:33:14+00:00\",\"dateModified\":\"2025-11-14T10:29:31+00:00\",\"description\":\"Die neue Vespa GTS 300 Supersport auch bei uns - jetzt mit Keyless Go und frischen Farben ab sofort erh\u00e4ltlich!\",\"breadcrumb\":{\"@id\":\"https:\/\/www.der-mopedladen.de\/?p=14243#breadcrumb\"},\"inLanguage\":\"de\",\"potentialAction\":[{\"@type\":\"ReadAction\",\"target\":[\"https:\/\/www.der-mopedladen.de\/?p=14243\"]}]},{\"@type\":\"ImageObject\",\"inLanguage\":\"de\",\"@id\":\"https:\/\/www.der-mopedladen.de\/?p=14243#primaryimage\",\"url\":\"https:\/\/www.der-mopedladen.de\/wp-content\/uploads\/2022\/10\/Supersport-orange-2023-2.jpg\",\"contentUrl\":\"https:\/\/www.der-mopedladen.de\/wp-content\/uploads\/2022\/10\/Supersport-orange-2023-2.jpg\",\"width\":2560,\"height\":1920},{\"@type\":\"BreadcrumbList\",\"@id\":\"https:\/\/www.der-mopedladen.de\/?p=14243#breadcrumb\",\"itemListElement\":[{\"@type\":\"ListItem\",\"position\":1,\"name\":\"Startseite\",\"item\":\"https:\/\/www.der-mopedladen.de\/\"},{\"@type\":\"ListItem\",\"position\":2,\"name\":\"Vespa GTS Supersport 310 . . . . . . . 7299 statt 7499 \u20ac\"}]},{\"@type\":\"WebSite\",\"@id\":\"https:\/\/www.der-mopedladen.de\/#website\",\"url\":\"https:\/\/www.der-mopedladen.de\/\",\"name\":\"\",\"description\":\"\",\"publisher\":{\"@id\":\"https:\/\/www.der-mopedladen.de\/#organization\"},\"potentialAction\":[{\"@type\":\"SearchAction\",\"target\":{\"@type\":\"EntryPoint\",\"urlTemplate\":\"https:\/\/www.der-mopedladen.de\/?s={search_term_string}\"},\"query-input\":{\"@type\":\"PropertyValueSpecification\",\"valueRequired\":true,\"valueName\":\"search_term_string\"}}],\"inLanguage\":\"de\"},{\"@type\":\"Organization\",\"@id\":\"https:\/\/www.der-mopedladen.de\/#organization\",\"name\":\"Der Mopedladen OHG\",\"url\":\"https:\/\/www.der-mopedladen.de\/\",\"logo\":{\"@type\":\"ImageObject\",\"inLanguage\":\"de\",\"@id\":\"https:\/\/www.der-mopedladen.de\/#\/schema\/logo\/image\/\",\"url\":\"https:\/\/www.der-mopedladen.de\/wp-content\/uploads\/2021\/04\/Logo-DerMopedladen_ZW_CMYK-50x36mm.jpg\",\"contentUrl\":\"https:\/\/www.der-mopedladen.de\/wp-content\/uploads\/2021\/04\/Logo-DerMopedladen_ZW_CMYK-50x36mm.jpg\",\"width\":602,\"height\":437,\"caption\":\"Der Mopedladen OHG\"},\"image\":{\"@id\":\"https:\/\/www.der-mopedladen.de\/#\/schema\/logo\/image\/\"}},{\"@type\":\"Person\",\"@id\":\"https:\/\/www.der-mopedladen.de\/#\/schema\/person\/4d0c0c9ed7d36464398049539cfdc1c0\",\"name\":\"Carsten Maluche\",\"image\":{\"@type\":\"ImageObject\",\"inLanguage\":\"de\",\"@id\":\"https:\/\/www.der-mopedladen.de\/#\/schema\/person\/image\/\",\"url\":\"https:\/\/secure.gravatar.com\/avatar\/a535b4a133389f55485f0a633a5968f3d69e644503b1fed0e6aa81083975d04a?s=96&d=mm&r=g\",\"contentUrl\":\"https:\/\/secure.gravatar.com\/avatar\/a535b4a133389f55485f0a633a5968f3d69e644503b1fed0e6aa81083975d04a?s=96&d=mm&r=g\",\"caption\":\"Carsten Maluche\"}}]}<\/script>\n<!-- \/ Yoast SEO plugin. -->","yoast_head_json":{"title":"Vespa GTS Supersport 310 . . . . . . . 7299 statt 7499 \u20ac -","description":"Die neue Vespa GTS 300 Supersport auch bei uns - jetzt mit Keyless Go und frischen Farben ab sofort erh\u00e4ltlich!","robots":{"index":"index","follow":"follow","max-snippet":"max-snippet:-1","max-image-preview":"max-image-preview:large","max-video-preview":"max-video-preview:-1"},"canonical":"https:\/\/www.der-mopedladen.de\/?p=14243","og_locale":"de_DE","og_type":"article","og_title":"Vespa GTS Supersport 310 . . . . . . . 7299 statt 7499 \u20ac -","og_description":"Die neue Vespa GTS 300 Supersport auch bei uns - jetzt mit Keyless Go und frischen Farben ab sofort erh\u00e4ltlich!","og_url":"https:\/\/www.der-mopedladen.de\/?p=14243","article_published_time":"2024-10-01T11:33:14+00:00","article_modified_time":"2025-11-14T10:29:31+00:00","og_image":[{"width":2560,"height":1920,"url":"https:\/\/www.der-mopedladen.de\/wp-content\/uploads\/2022\/10\/Supersport-orange-2023-2.jpg","type":"image\/jpeg"}],"author":"Carsten Maluche","twitter_card":"summary_large_image","twitter_misc":{"Verfasst von":"Carsten Maluche","Gesch\u00e4tzte Lesezeit":"1\u00a0Minute"},"schema":{"@context":"https:\/\/schema.org","@graph":[{"@type":"Article","@id":"https:\/\/www.der-mopedladen.de\/?p=14243#article","isPartOf":{"@id":"https:\/\/www.der-mopedladen.de\/?p=14243"},"author":{"name":"Carsten Maluche","@id":"https:\/\/www.der-mopedladen.de\/#\/schema\/person\/4d0c0c9ed7d36464398049539cfdc1c0"},"headline":"Vespa GTS Supersport 310 . . . . . . . 7299 statt 7499 \u20ac","datePublished":"2024-10-01T11:33:14+00:00","dateModified":"2025-11-14T10:29:31+00:00","mainEntityOfPage":{"@id":"https:\/\/www.der-mopedladen.de\/?p=14243"},"wordCount":176,"publisher":{"@id":"https:\/\/www.der-mopedladen.de\/#organization"},"image":{"@id":"https:\/\/www.der-mopedladen.de\/?p=14243#primaryimage"},"thumbnailUrl":"https:\/\/www.der-mopedladen.de\/wp-content\/uploads\/2022\/10\/Supersport-orange-2023-2.jpg","keywords":["4 Takt","ABS","ASR","Einspritzung","Keyless","Vespa"],"articleSection":["Roller ab 125 ccm","Vespa"],"inLanguage":"de"},{"@type":"WebPage","@id":"https:\/\/www.der-mopedladen.de\/?p=14243","url":"https:\/\/www.der-mopedladen.de\/?p=14243","name":"Vespa GTS Supersport 310 . . . . . . . 7299 statt 7499 \u20ac -","isPartOf":{"@id":"https:\/\/www.der-mopedladen.de\/#website"},"primaryImageOfPage":{"@id":"https:\/\/www.der-mopedladen.de\/?p=14243#primaryimage"},"image":{"@id":"https:\/\/www.der-mopedladen.de\/?p=14243#primaryimage"},"thumbnailUrl":"https:\/\/www.der-mopedladen.de\/wp-content\/uploads\/2022\/10\/Supersport-orange-2023-2.jpg","datePublished":"2024-10-01T11:33:14+00:00","dateModified":"2025-11-14T10:29:31+00:00","description":"Die neue Vespa GTS 300 Supersport auch bei uns - jetzt mit Keyless Go und frischen Farben ab sofort erh\u00e4ltlich!","breadcrumb":{"@id":"https:\/\/www.der-mopedladen.de\/?p=14243#breadcrumb"},"inLanguage":"de","potentialAction":[{"@type":"ReadAction","target":["https:\/\/www.der-mopedladen.de\/?p=14243"]}]},{"@type":"ImageObject","inLanguage":"de","@id":"https:\/\/www.der-mopedladen.de\/?p=14243#primaryimage","url":"https:\/\/www.der-mopedladen.de\/wp-content\/uploads\/2022\/10\/Supersport-orange-2023-2.jpg","contentUrl":"https:\/\/www.der-mopedladen.de\/wp-content\/uploads\/2022\/10\/Supersport-orange-2023-2.jpg","width":2560,"height":1920},{"@type":"BreadcrumbList","@id":"https:\/\/www.der-mopedladen.de\/?p=14243#breadcrumb","itemListElement":[{"@type":"ListItem","position":1,"name":"Startseite","item":"https:\/\/www.der-mopedladen.de\/"},{"@type":"ListItem","position":2,"name":"Vespa GTS Supersport 310 . . . . . . . 7299 statt 7499 \u20ac"}]},{"@type":"WebSite","@id":"https:\/\/www.der-mopedladen.de\/#website","url":"https:\/\/www.der-mopedladen.de\/","name":"","description":"","publisher":{"@id":"https:\/\/www.der-mopedladen.de\/#organization"},"potentialAction":[{"@type":"SearchAction","target":{"@type":"EntryPoint","urlTemplate":"https:\/\/www.der-mopedladen.de\/?s={search_term_string}"},"query-input":{"@type":"PropertyValueSpecification","valueRequired":true,"valueName":"search_term_string"}}],"inLanguage":"de"},{"@type":"Organization","@id":"https:\/\/www.der-mopedladen.de\/#organization","name":"Der Mopedladen OHG","url":"https:\/\/www.der-mopedladen.de\/","logo":{"@type":"ImageObject","inLanguage":"de","@id":"https:\/\/www.der-mopedladen.de\/#\/schema\/logo\/image\/","url":"https:\/\/www.der-mopedladen.de\/wp-content\/uploads\/2021\/04\/Logo-DerMopedladen_ZW_CMYK-50x36mm.jpg","contentUrl":"https:\/\/www.der-mopedladen.de\/wp-content\/uploads\/2021\/04\/Logo-DerMopedladen_ZW_CMYK-50x36mm.jpg","width":602,"height":437,"caption":"Der Mopedladen OHG"},"image":{"@id":"https:\/\/www.der-mopedladen.de\/#\/schema\/logo\/image\/"}},{"@type":"Person","@id":"https:\/\/www.der-mopedladen.de\/#\/schema\/person\/4d0c0c9ed7d36464398049539cfdc1c0","name":"Carsten Maluche","image":{"@type":"ImageObject","inLanguage":"de","@id":"https:\/\/www.der-mopedladen.de\/#\/schema\/person\/image\/","url":"https:\/\/secure.gravatar.com\/avatar\/a535b4a133389f55485f0a633a5968f3d69e644503b1fed0e6aa81083975d04a?s=96&d=mm&r=g","contentUrl":"https:\/\/secure.gravatar.com\/avatar\/a535b4a133389f55485f0a633a5968f3d69e644503b1fed0e6aa81083975d04a?s=96&d=mm&r=g","caption":"Carsten Maluche"}}]}},"_links":{"self":[{"href":"https:\/\/www.der-mopedladen.de\/index.php?rest_route=\/wp\/v2\/posts\/14243","targetHints":{"allow":["GET"]}}],"collection":[{"href":"https:\/\/www.der-mopedladen.de\/index.php?rest_route=\/wp\/v2\/posts"}],"about":[{"href":"https:\/\/www.der-mopedladen.de\/index.php?rest_route=\/wp\/v2\/types\/post"}],"author":[{"embeddable":true,"href":"https:\/\/www.der-mopedladen.de\/index.php?rest_route=\/wp\/v2\/users\/2"}],"replies":[{"embeddable":true,"href":"https:\/\/www.der-mopedladen.de\/index.php?rest_route=%2Fwp%2Fv2%2Fcomments&post=14243"}],"version-history":[{"count":1,"href":"https:\/\/www.der-mopedladen.de\/index.php?rest_route=\/wp\/v2\/posts\/14243\/revisions"}],"predecessor-version":[{"id":22862,"href":"https:\/\/www.der-mopedladen.de\/index.php?rest_route=\/wp\/v2\/posts\/14243\/revisions\/22862"}],"wp:featuredmedia":[{"embeddable":true,"href":"https:\/\/www.der-mopedladen.de\/index.php?rest_route=\/wp\/v2\/media\/14228"}],"wp:attachment":[{"href":"https:\/\/www.der-mopedladen.de\/index.php?rest_route=%2Fwp%2Fv2%2Fmedia&parent=14243"}],"wp:term":[{"taxonomy":"category","embeddable":true,"href":"https:\/\/www.der-mopedladen.de\/index.php?rest_route=%2Fwp%2Fv2%2Fcategories&post=14243"},{"taxonomy":"post_tag","embeddable":true,"href":"https:\/\/www.der-mopedladen.de\/index.php?rest_route=%2Fwp%2Fv2%2Ftags&post=14243"}],"curies":[{"name":"wp","href":"https:\/\/api.w.org\/{rel}","templated":true}]}}