{"id":13885,"date":"2021-03-09T15:47:38","date_gmt":"2021-03-09T14:47:38","guid":{"rendered":"https:\/\/www.der-mopedladen.de\/?p=13885"},"modified":"2025-12-03T12:26:52","modified_gmt":"2025-12-03T11:26:52","slug":"neuheit-kymco-agility-s-125i-cbs","status":"publish","type":"post","link":"https:\/\/www.der-mopedladen.de\/?p=13885","title":{"rendered":"KYMCO Agility S 125i CBS . . . . . . . 3069 \u20ac"},"content":{"rendered":"<div id=\"c4020\" class=\"csc-default csc-space\">\n<div id=\"c4020\" class=\"csc-default csc-space\">\n<p class=\"bodytext\">Der Agility S 125i kommt noch in einer letzten Auflage f\u00fcr 3069 \u20ac Endpreis. 2 neue Farben sind am Start und auch ein 30l Topcase ist ab sofort inklusive!<\/p>\n<p class=\"bodytext\">Unsere AGILITY-Reihe bekommt sportlichen Zuwachs! Mit dem AGILITY S 125i CBS erwartet Sie ein Scooter, der Mobilit\u00e4t und Fahrspa\u00df miteinander verkn\u00fcpft. Mit dem wendigen 125-Roller schl\u00e4ngeln Sie sich dynamisch wie nie durch den t\u00e4glichen Verkehr. Sein gebl\u00e4segek\u00fchlter 1-Zylinder-Viertaktmotor verschafft dem AGILITY S bei einer maximalen Leistung von 11 PS ordentlich Power. So wird jede Fahrt ein kleines Erlebnis und Gl\u00fccksgef\u00fchle im Fahrtwind sind garantiert.<\/p>\n<ul>\n<li class=\"bodytext\">Komplette LED-Beleuchtung<\/li>\n<li>30l Topcase<\/li>\n<li>Sparsamer Viertaktmotor mit Einspritzung<\/li>\n<li class=\"bodytext\">Digitalcockpit<\/li>\n<li>USB-Anschluss<\/li>\n<\/ul>\n<div id=\"c4026\" class=\"csc-default csc-space\">\n<div class=\"csc-header csc-header-n1\">\n<h3>Fahrzeugdetails<\/h3>\n<\/div>\n<table class=\"fahrzeugdaten\">\n<tbody>\n<tr>\n<td>F\u00fchrerschein<\/td>\n<td>A, A2, A1, B (196)<\/td>\n<\/tr>\n<tr>\n<td>Leistung<\/td>\n<td>8 kW \/ 11 PS<\/td>\n<\/tr>\n<tr>\n<td>Sitzh\u00f6he<\/td>\n<td>810 mm<\/td>\n<\/tr>\n<tr>\n<td>H\u00f6chstgeschwindigkeit<\/td>\n<td>90 km\/h<\/td>\n<\/tr>\n<tr>\n<td>Leer-\/Gesamtgewicht<\/td>\n<td>133 kg (fahrbereit) \/ 286 kg<\/td>\n<\/tr>\n<tr>\n<td>Farben<\/td>\n<td>Schwarz-Matt, Quarzgrau-Matt<\/td>\n<\/tr>\n<\/tbody>\n<\/table>\n<\/div>\n<div class=\"finanzierungsWrap\">\n<div id=\"c4019\" class=\"csc-default csc-space\">\n<div class=\"csc-header csc-header-n1\">\n<h3>Finanzierung<\/h3>\n<\/div>\n<table class=\"fahrzeugdaten\">\n<tbody>\n<tr>\n<td>Finanzierung \u00fcber Creditplus-Bank m\u00f6glich!<\/td>\n<td><\/td>\n<\/tr>\n<\/tbody>\n<\/table>\n<\/div>\n<\/div>\n<\/div>\n<\/div>\n<div id=\"envira-gallery-wrap-23092\" class=\"envira-gallery-wrap envira-gallery-theme-base envira-lightbox-theme-base\" itemscope itemtype=\"https:\/\/schema.org\/ImageGallery\"><div data-row-height=\"150\" data-gallery-theme=\"normal\" id=\"envira-gallery-23092\" class=\"envira-gallery-public envira-gallery-justified-public envira-gallery-0-columns envira-clear enviratope envira-gallery-css-animations\" data-envira-columns=\"0\"><div id=\"envira-gallery-item-23076\" class=\"envira-gallery-item enviratope-item envira-gallery-item-1 envira-lazy-load\" style=\"padding-left: 5px; padding-bottom: 10px; padding-right: 5px;\"  itemscope itemtype=\"https:\/\/schema.org\/ImageObject\"><div class=\"envira-gallery-item-inner\"><div class=\"envira-gallery-position-overlay  envira-gallery-top-left\"><\/div><div class=\"envira-gallery-position-overlay  envira-gallery-top-right\"><\/div><div class=\"envira-gallery-position-overlay  envira-gallery-bottom-left\"><\/div><div class=\"envira-gallery-position-overlay  envira-gallery-bottom-right\"><\/div><a href=\"https:\/\/www.der-mopedladen.de\/wp-content\/uploads\/2025\/12\/KYMCO_AGILITY_S_125i_CBS_quarzgrau_matt_02.png\" class=\"envira-gallery-23092 envira-gallery-link\" rel=\"enviragallery23092\" title=\"KYMCO_AGILITY_S_125i_CBS_quarzgrau_matt_02\" data-envira-caption=\"KYMCO_AGILITY_S_125i_CBS_quarzgrau_matt_02\" data-envira-retina=\"\" data-thumbnail=\"\"  itemprop=\"contentUrl\"><img decoding=\"async\" id=\"envira-gallery-image-23076\" class=\"envira-gallery-image envira-gallery-image-1 envira-normal envira-lazy\" data-envira-index=\"1\" src=\"https:\/\/www.der-mopedladen.de\/wp-content\/uploads\/2025\/12\/KYMCO_AGILITY_S_125i_CBS_quarzgrau_matt_02-1024x683-640x480.png\" data-envira-src=\"https:\/\/www.der-mopedladen.de\/wp-content\/uploads\/2025\/12\/KYMCO_AGILITY_S_125i_CBS_quarzgrau_matt_02-1024x683-640x480.png\" data-envira-gallery-id=\"23092\" data-envira-item-id=\"23076\" data-envira-caption=\"KYMCO_AGILITY_S_125i_CBS_quarzgrau_matt_02\" alt=\"\" title=\"KYMCO_AGILITY_S_125i_CBS_quarzgrau_matt_02\"  itemprop=\"thumbnailUrl\" data-envira-srcset=\"https:\/\/www.der-mopedladen.de\/wp-content\/uploads\/2025\/12\/KYMCO_AGILITY_S_125i_CBS_quarzgrau_matt_02-1024x683-640x480.png 400w,https:\/\/www.der-mopedladen.de\/wp-content\/uploads\/2025\/12\/KYMCO_AGILITY_S_125i_CBS_quarzgrau_matt_02-1024x683-640x480.png 2x\" data-envira-width=\"300\" data-envira-height=\"200\" srcset=\"data:image\/gif;base64,R0lGODlhAQABAIAAAP\/\/\/\/\/\/\/yH5BAEKAAEALAAAAAABAAEAAAICTAEAOw==\" data-safe-src=\"data:image\/gif;base64,R0lGODlhAQABAIAAAP\/\/\/\/\/\/\/yH5BAEKAAEALAAAAAABAAEAAAICTAEAOw==\" \/><\/a><\/div><\/div><div id=\"envira-gallery-item-23079\" class=\"envira-gallery-item enviratope-item envira-gallery-item-2 envira-lazy-load\" style=\"padding-left: 5px; padding-bottom: 10px; padding-right: 5px;\"  itemscope itemtype=\"https:\/\/schema.org\/ImageObject\"><div class=\"envira-gallery-item-inner\"><div class=\"envira-gallery-position-overlay  envira-gallery-top-left\"><\/div><div class=\"envira-gallery-position-overlay  envira-gallery-top-right\"><\/div><div class=\"envira-gallery-position-overlay  envira-gallery-bottom-left\"><\/div><div class=\"envira-gallery-position-overlay  envira-gallery-bottom-right\"><\/div><a href=\"https:\/\/www.der-mopedladen.de\/wp-content\/uploads\/2025\/12\/KYMCO_AGILITY_S_125i_CBS_matt_black_02.png\" class=\"envira-gallery-23092 envira-gallery-link\" rel=\"enviragallery23092\" title=\"KYMCO_AGILITY_S_125i_CBS_matt_black_02\" data-envira-caption=\"KYMCO_AGILITY_S_125i_CBS_matt_black_02\" data-envira-retina=\"\" data-thumbnail=\"\"  itemprop=\"contentUrl\"><img decoding=\"async\" id=\"envira-gallery-image-23079\" class=\"envira-gallery-image envira-gallery-image-2 envira-normal envira-lazy\" data-envira-index=\"2\" src=\"https:\/\/www.der-mopedladen.de\/wp-content\/uploads\/2025\/12\/KYMCO_AGILITY_S_125i_CBS_matt_black_02-1024x683-640x480.png\" data-envira-src=\"https:\/\/www.der-mopedladen.de\/wp-content\/uploads\/2025\/12\/KYMCO_AGILITY_S_125i_CBS_matt_black_02-1024x683-640x480.png\" data-envira-gallery-id=\"23092\" data-envira-item-id=\"23079\" data-envira-caption=\"KYMCO_AGILITY_S_125i_CBS_matt_black_02\" alt=\"\" title=\"KYMCO_AGILITY_S_125i_CBS_matt_black_02\"  itemprop=\"thumbnailUrl\" data-envira-srcset=\"https:\/\/www.der-mopedladen.de\/wp-content\/uploads\/2025\/12\/KYMCO_AGILITY_S_125i_CBS_matt_black_02-1024x683-640x480.png 400w,https:\/\/www.der-mopedladen.de\/wp-content\/uploads\/2025\/12\/KYMCO_AGILITY_S_125i_CBS_matt_black_02-1024x683-640x480.png 2x\" data-envira-width=\"300\" data-envira-height=\"200\" srcset=\"data:image\/gif;base64,R0lGODlhAQABAIAAAP\/\/\/\/\/\/\/yH5BAEKAAEALAAAAAABAAEAAAICTAEAOw==\" data-safe-src=\"data:image\/gif;base64,R0lGODlhAQABAIAAAP\/\/\/\/\/\/\/yH5BAEKAAEALAAAAAABAAEAAAICTAEAOw==\" \/><\/a><\/div><\/div><div id=\"envira-gallery-item-23073\" class=\"envira-gallery-item enviratope-item envira-gallery-item-3 envira-lazy-load\" style=\"padding-left: 5px; padding-bottom: 10px; padding-right: 5px;\"  itemscope itemtype=\"https:\/\/schema.org\/ImageObject\"><div class=\"envira-gallery-item-inner\"><div class=\"envira-gallery-position-overlay  envira-gallery-top-left\"><\/div><div class=\"envira-gallery-position-overlay  envira-gallery-top-right\"><\/div><div class=\"envira-gallery-position-overlay  envira-gallery-bottom-left\"><\/div><div class=\"envira-gallery-position-overlay  envira-gallery-bottom-right\"><\/div><a href=\"https:\/\/www.der-mopedladen.de\/wp-content\/uploads\/2025\/12\/KYMCO_AGILITY_S_125i_CBS_quarzgrau_matt_01.png\" class=\"envira-gallery-23092 envira-gallery-link\" rel=\"enviragallery23092\" title=\"KYMCO_AGILITY_S_125i_CBS_quarzgrau_matt_01\" data-envira-caption=\"KYMCO_AGILITY_S_125i_CBS_quarzgrau_matt_01\" data-envira-retina=\"\" data-thumbnail=\"\"  itemprop=\"contentUrl\"><img decoding=\"async\" id=\"envira-gallery-image-23073\" class=\"envira-gallery-image envira-gallery-image-3 envira-normal envira-lazy\" data-envira-index=\"3\" src=\"https:\/\/www.der-mopedladen.de\/wp-content\/uploads\/2025\/12\/KYMCO_AGILITY_S_125i_CBS_quarzgrau_matt_01-1024x683-640x480.png\" data-envira-src=\"https:\/\/www.der-mopedladen.de\/wp-content\/uploads\/2025\/12\/KYMCO_AGILITY_S_125i_CBS_quarzgrau_matt_01-1024x683-640x480.png\" data-envira-gallery-id=\"23092\" data-envira-item-id=\"23073\" data-envira-caption=\"KYMCO_AGILITY_S_125i_CBS_quarzgrau_matt_01\" alt=\"\" title=\"KYMCO_AGILITY_S_125i_CBS_quarzgrau_matt_01\"  itemprop=\"thumbnailUrl\" data-envira-srcset=\"https:\/\/www.der-mopedladen.de\/wp-content\/uploads\/2025\/12\/KYMCO_AGILITY_S_125i_CBS_quarzgrau_matt_01-1024x683-640x480.png 400w,https:\/\/www.der-mopedladen.de\/wp-content\/uploads\/2025\/12\/KYMCO_AGILITY_S_125i_CBS_quarzgrau_matt_01-1024x683-640x480.png 2x\" data-envira-width=\"300\" data-envira-height=\"200\" srcset=\"data:image\/gif;base64,R0lGODlhAQABAIAAAP\/\/\/\/\/\/\/yH5BAEKAAEALAAAAAABAAEAAAICTAEAOw==\" data-safe-src=\"data:image\/gif;base64,R0lGODlhAQABAIAAAP\/\/\/\/\/\/\/yH5BAEKAAEALAAAAAABAAEAAAICTAEAOw==\" \/><\/a><\/div><\/div><div id=\"envira-gallery-item-23080\" class=\"envira-gallery-item enviratope-item envira-gallery-item-4 envira-lazy-load\" style=\"padding-left: 5px; padding-bottom: 10px; padding-right: 5px;\"  itemscope itemtype=\"https:\/\/schema.org\/ImageObject\"><div class=\"envira-gallery-item-inner\"><div class=\"envira-gallery-position-overlay  envira-gallery-top-left\"><\/div><div class=\"envira-gallery-position-overlay  envira-gallery-top-right\"><\/div><div class=\"envira-gallery-position-overlay  envira-gallery-bottom-left\"><\/div><div class=\"envira-gallery-position-overlay  envira-gallery-bottom-right\"><\/div><a href=\"https:\/\/www.der-mopedladen.de\/wp-content\/uploads\/2025\/12\/KYMCO_AGILITY_S_125i_CBS_matt_black_01.png\" class=\"envira-gallery-23092 envira-gallery-link\" rel=\"enviragallery23092\" title=\"KYMCO_AGILITY_S_125i_CBS_matt_black_01\" data-envira-caption=\"KYMCO_AGILITY_S_125i_CBS_matt_black_01\" data-envira-retina=\"\" data-thumbnail=\"\"  itemprop=\"contentUrl\"><img decoding=\"async\" id=\"envira-gallery-image-23080\" class=\"envira-gallery-image envira-gallery-image-4 envira-normal envira-lazy\" data-envira-index=\"4\" src=\"https:\/\/www.der-mopedladen.de\/wp-content\/uploads\/2025\/12\/KYMCO_AGILITY_S_125i_CBS_matt_black_01-1024x683-640x480.png\" data-envira-src=\"https:\/\/www.der-mopedladen.de\/wp-content\/uploads\/2025\/12\/KYMCO_AGILITY_S_125i_CBS_matt_black_01-1024x683-640x480.png\" data-envira-gallery-id=\"23092\" data-envira-item-id=\"23080\" data-envira-caption=\"KYMCO_AGILITY_S_125i_CBS_matt_black_01\" alt=\"\" title=\"KYMCO_AGILITY_S_125i_CBS_matt_black_01\"  itemprop=\"thumbnailUrl\" data-envira-srcset=\"https:\/\/www.der-mopedladen.de\/wp-content\/uploads\/2025\/12\/KYMCO_AGILITY_S_125i_CBS_matt_black_01-1024x683-640x480.png 400w,https:\/\/www.der-mopedladen.de\/wp-content\/uploads\/2025\/12\/KYMCO_AGILITY_S_125i_CBS_matt_black_01-1024x683-640x480.png 2x\" data-envira-width=\"300\" data-envira-height=\"200\" srcset=\"data:image\/gif;base64,R0lGODlhAQABAIAAAP\/\/\/\/\/\/\/yH5BAEKAAEALAAAAAABAAEAAAICTAEAOw==\" data-safe-src=\"data:image\/gif;base64,R0lGODlhAQABAIAAAP\/\/\/\/\/\/\/yH5BAEKAAEALAAAAAABAAEAAAICTAEAOw==\" \/><\/a><\/div><\/div><div id=\"envira-gallery-item-23074\" class=\"envira-gallery-item enviratope-item envira-gallery-item-5 envira-lazy-load\" style=\"padding-left: 5px; padding-bottom: 10px; padding-right: 5px;\"  itemscope itemtype=\"https:\/\/schema.org\/ImageObject\"><div class=\"envira-gallery-item-inner\"><div class=\"envira-gallery-position-overlay  envira-gallery-top-left\"><\/div><div class=\"envira-gallery-position-overlay  envira-gallery-top-right\"><\/div><div class=\"envira-gallery-position-overlay  envira-gallery-bottom-left\"><\/div><div class=\"envira-gallery-position-overlay  envira-gallery-bottom-right\"><\/div><a href=\"https:\/\/www.der-mopedladen.de\/wp-content\/uploads\/2025\/12\/KYMCO_AGILITY_S_125i_CBS_quarzgrau_matt_05.png\" class=\"envira-gallery-23092 envira-gallery-link\" rel=\"enviragallery23092\" title=\"KYMCO_AGILITY_S_125i_CBS_quarzgrau_matt_05\" data-envira-caption=\"KYMCO_AGILITY_S_125i_CBS_quarzgrau_matt_05\" data-envira-retina=\"\" data-thumbnail=\"\"  itemprop=\"contentUrl\"><img decoding=\"async\" id=\"envira-gallery-image-23074\" class=\"envira-gallery-image envira-gallery-image-5 envira-normal envira-lazy\" data-envira-index=\"5\" src=\"https:\/\/www.der-mopedladen.de\/wp-content\/uploads\/2025\/12\/KYMCO_AGILITY_S_125i_CBS_quarzgrau_matt_05-1024x683-640x480.png\" data-envira-src=\"https:\/\/www.der-mopedladen.de\/wp-content\/uploads\/2025\/12\/KYMCO_AGILITY_S_125i_CBS_quarzgrau_matt_05-1024x683-640x480.png\" data-envira-gallery-id=\"23092\" data-envira-item-id=\"23074\" data-envira-caption=\"KYMCO_AGILITY_S_125i_CBS_quarzgrau_matt_05\" alt=\"\" title=\"KYMCO_AGILITY_S_125i_CBS_quarzgrau_matt_05\"  itemprop=\"thumbnailUrl\" data-envira-srcset=\"https:\/\/www.der-mopedladen.de\/wp-content\/uploads\/2025\/12\/KYMCO_AGILITY_S_125i_CBS_quarzgrau_matt_05-1024x683-640x480.png 400w,https:\/\/www.der-mopedladen.de\/wp-content\/uploads\/2025\/12\/KYMCO_AGILITY_S_125i_CBS_quarzgrau_matt_05-1024x683-640x480.png 2x\" data-envira-width=\"300\" data-envira-height=\"200\" srcset=\"data:image\/gif;base64,R0lGODlhAQABAIAAAP\/\/\/\/\/\/\/yH5BAEKAAEALAAAAAABAAEAAAICTAEAOw==\" data-safe-src=\"data:image\/gif;base64,R0lGODlhAQABAIAAAP\/\/\/\/\/\/\/yH5BAEKAAEALAAAAAABAAEAAAICTAEAOw==\" \/><\/a><\/div><\/div><div id=\"envira-gallery-item-23084\" class=\"envira-gallery-item enviratope-item envira-gallery-item-6 envira-lazy-load\" style=\"padding-left: 5px; padding-bottom: 10px; padding-right: 5px;\"  itemscope itemtype=\"https:\/\/schema.org\/ImageObject\"><div class=\"envira-gallery-item-inner\"><div class=\"envira-gallery-position-overlay  envira-gallery-top-left\"><\/div><div class=\"envira-gallery-position-overlay  envira-gallery-top-right\"><\/div><div class=\"envira-gallery-position-overlay  envira-gallery-bottom-left\"><\/div><div class=\"envira-gallery-position-overlay  envira-gallery-bottom-right\"><\/div><a href=\"https:\/\/www.der-mopedladen.de\/wp-content\/uploads\/2025\/12\/KYMCO_AGILITY_S_125i_CBS_matt_black_05.png\" class=\"envira-gallery-23092 envira-gallery-link\" rel=\"enviragallery23092\" title=\"KYMCO_AGILITY_S_125i_CBS_matt_black_05\" data-envira-caption=\"KYMCO_AGILITY_S_125i_CBS_matt_black_05\" data-envira-retina=\"\" data-thumbnail=\"\"  itemprop=\"contentUrl\"><img decoding=\"async\" id=\"envira-gallery-image-23084\" class=\"envira-gallery-image envira-gallery-image-6 envira-normal envira-lazy\" data-envira-index=\"6\" src=\"https:\/\/www.der-mopedladen.de\/wp-content\/uploads\/2025\/12\/KYMCO_AGILITY_S_125i_CBS_matt_black_05-1024x683-640x480.png\" data-envira-src=\"https:\/\/www.der-mopedladen.de\/wp-content\/uploads\/2025\/12\/KYMCO_AGILITY_S_125i_CBS_matt_black_05-1024x683-640x480.png\" data-envira-gallery-id=\"23092\" data-envira-item-id=\"23084\" data-envira-caption=\"KYMCO_AGILITY_S_125i_CBS_matt_black_05\" alt=\"\" title=\"KYMCO_AGILITY_S_125i_CBS_matt_black_05\"  itemprop=\"thumbnailUrl\" data-envira-srcset=\"https:\/\/www.der-mopedladen.de\/wp-content\/uploads\/2025\/12\/KYMCO_AGILITY_S_125i_CBS_matt_black_05-1024x683-640x480.png 400w,https:\/\/www.der-mopedladen.de\/wp-content\/uploads\/2025\/12\/KYMCO_AGILITY_S_125i_CBS_matt_black_05-1024x683-640x480.png 2x\" data-envira-width=\"300\" data-envira-height=\"200\" srcset=\"data:image\/gif;base64,R0lGODlhAQABAIAAAP\/\/\/\/\/\/\/yH5BAEKAAEALAAAAAABAAEAAAICTAEAOw==\" data-safe-src=\"data:image\/gif;base64,R0lGODlhAQABAIAAAP\/\/\/\/\/\/\/yH5BAEKAAEALAAAAAABAAEAAAICTAEAOw==\" \/><\/a><\/div><\/div><div id=\"envira-gallery-item-23075\" class=\"envira-gallery-item enviratope-item envira-gallery-item-7 envira-lazy-load\" style=\"padding-left: 5px; padding-bottom: 10px; padding-right: 5px;\"  itemscope itemtype=\"https:\/\/schema.org\/ImageObject\"><div class=\"envira-gallery-item-inner\"><div class=\"envira-gallery-position-overlay  envira-gallery-top-left\"><\/div><div class=\"envira-gallery-position-overlay  envira-gallery-top-right\"><\/div><div class=\"envira-gallery-position-overlay  envira-gallery-bottom-left\"><\/div><div class=\"envira-gallery-position-overlay  envira-gallery-bottom-right\"><\/div><a href=\"https:\/\/www.der-mopedladen.de\/wp-content\/uploads\/2025\/12\/KYMCO_AGILITY_S_125i_CBS_quarzgrau_matt_04.png\" class=\"envira-gallery-23092 envira-gallery-link\" rel=\"enviragallery23092\" title=\"KYMCO_AGILITY_S_125i_CBS_quarzgrau_matt_04\" data-envira-caption=\"KYMCO_AGILITY_S_125i_CBS_quarzgrau_matt_04\" data-envira-retina=\"\" data-thumbnail=\"\"  itemprop=\"contentUrl\"><img decoding=\"async\" id=\"envira-gallery-image-23075\" class=\"envira-gallery-image envira-gallery-image-7 envira-normal envira-lazy\" data-envira-index=\"7\" src=\"https:\/\/www.der-mopedladen.de\/wp-content\/uploads\/2025\/12\/KYMCO_AGILITY_S_125i_CBS_quarzgrau_matt_04-1024x683-640x480.png\" data-envira-src=\"https:\/\/www.der-mopedladen.de\/wp-content\/uploads\/2025\/12\/KYMCO_AGILITY_S_125i_CBS_quarzgrau_matt_04-1024x683-640x480.png\" data-envira-gallery-id=\"23092\" data-envira-item-id=\"23075\" data-envira-caption=\"KYMCO_AGILITY_S_125i_CBS_quarzgrau_matt_04\" alt=\"\" title=\"KYMCO_AGILITY_S_125i_CBS_quarzgrau_matt_04\"  itemprop=\"thumbnailUrl\" data-envira-srcset=\"https:\/\/www.der-mopedladen.de\/wp-content\/uploads\/2025\/12\/KYMCO_AGILITY_S_125i_CBS_quarzgrau_matt_04-1024x683-640x480.png 400w,https:\/\/www.der-mopedladen.de\/wp-content\/uploads\/2025\/12\/KYMCO_AGILITY_S_125i_CBS_quarzgrau_matt_04-1024x683-640x480.png 2x\" data-envira-width=\"300\" data-envira-height=\"200\" srcset=\"data:image\/gif;base64,R0lGODlhAQABAIAAAP\/\/\/\/\/\/\/yH5BAEKAAEALAAAAAABAAEAAAICTAEAOw==\" data-safe-src=\"data:image\/gif;base64,R0lGODlhAQABAIAAAP\/\/\/\/\/\/\/yH5BAEKAAEALAAAAAABAAEAAAICTAEAOw==\" \/><\/a><\/div><\/div><div id=\"envira-gallery-item-23077\" class=\"envira-gallery-item enviratope-item envira-gallery-item-8 envira-lazy-load\" style=\"padding-left: 5px; padding-bottom: 10px; padding-right: 5px;\"  itemscope itemtype=\"https:\/\/schema.org\/ImageObject\"><div class=\"envira-gallery-item-inner\"><div class=\"envira-gallery-position-overlay  envira-gallery-top-left\"><\/div><div class=\"envira-gallery-position-overlay  envira-gallery-top-right\"><\/div><div class=\"envira-gallery-position-overlay  envira-gallery-bottom-left\"><\/div><div class=\"envira-gallery-position-overlay  envira-gallery-bottom-right\"><\/div><a href=\"https:\/\/www.der-mopedladen.de\/wp-content\/uploads\/2025\/12\/KYMCO_AGILITY_S_125i_CBS_matt_black_04.png\" class=\"envira-gallery-23092 envira-gallery-link\" rel=\"enviragallery23092\" title=\"KYMCO_AGILITY_S_125i_CBS_matt_black_04\" data-envira-caption=\"KYMCO_AGILITY_S_125i_CBS_matt_black_04\" data-envira-retina=\"\" data-thumbnail=\"\"  itemprop=\"contentUrl\"><img decoding=\"async\" id=\"envira-gallery-image-23077\" class=\"envira-gallery-image envira-gallery-image-8 envira-normal envira-lazy\" data-envira-index=\"8\" src=\"https:\/\/www.der-mopedladen.de\/wp-content\/uploads\/2025\/12\/KYMCO_AGILITY_S_125i_CBS_matt_black_04-1024x683-640x480.png\" data-envira-src=\"https:\/\/www.der-mopedladen.de\/wp-content\/uploads\/2025\/12\/KYMCO_AGILITY_S_125i_CBS_matt_black_04-1024x683-640x480.png\" data-envira-gallery-id=\"23092\" data-envira-item-id=\"23077\" data-envira-caption=\"KYMCO_AGILITY_S_125i_CBS_matt_black_04\" alt=\"\" title=\"KYMCO_AGILITY_S_125i_CBS_matt_black_04\"  itemprop=\"thumbnailUrl\" data-envira-srcset=\"https:\/\/www.der-mopedladen.de\/wp-content\/uploads\/2025\/12\/KYMCO_AGILITY_S_125i_CBS_matt_black_04-1024x683-640x480.png 400w,https:\/\/www.der-mopedladen.de\/wp-content\/uploads\/2025\/12\/KYMCO_AGILITY_S_125i_CBS_matt_black_04-1024x683-640x480.png 2x\" data-envira-width=\"300\" data-envira-height=\"200\" srcset=\"data:image\/gif;base64,R0lGODlhAQABAIAAAP\/\/\/\/\/\/\/yH5BAEKAAEALAAAAAABAAEAAAICTAEAOw==\" data-safe-src=\"data:image\/gif;base64,R0lGODlhAQABAIAAAP\/\/\/\/\/\/\/yH5BAEKAAEALAAAAAABAAEAAAICTAEAOw==\" \/><\/a><\/div><\/div><div id=\"envira-gallery-item-23081\" class=\"envira-gallery-item enviratope-item envira-gallery-item-9 envira-lazy-load\" style=\"padding-left: 5px; padding-bottom: 10px; padding-right: 5px;\"  itemscope itemtype=\"https:\/\/schema.org\/ImageObject\"><div class=\"envira-gallery-item-inner\"><div class=\"envira-gallery-position-overlay  envira-gallery-top-left\"><\/div><div class=\"envira-gallery-position-overlay  envira-gallery-top-right\"><\/div><div class=\"envira-gallery-position-overlay  envira-gallery-bottom-left\"><\/div><div class=\"envira-gallery-position-overlay  envira-gallery-bottom-right\"><\/div><a href=\"https:\/\/www.der-mopedladen.de\/wp-content\/uploads\/2025\/12\/KYMCO_AGILITY_S_125i_CBS_matt_black_08.png\" class=\"envira-gallery-23092 envira-gallery-link\" rel=\"enviragallery23092\" title=\"KYMCO_AGILITY_S_125i_CBS_matt_black_08\" data-envira-caption=\"KYMCO_AGILITY_S_125i_CBS_matt_black_08\" data-envira-retina=\"\" data-thumbnail=\"\"  itemprop=\"contentUrl\"><img decoding=\"async\" id=\"envira-gallery-image-23081\" class=\"envira-gallery-image envira-gallery-image-9 envira-normal envira-lazy\" data-envira-index=\"9\" src=\"https:\/\/www.der-mopedladen.de\/wp-content\/uploads\/2025\/12\/KYMCO_AGILITY_S_125i_CBS_matt_black_08-1024x683-640x480.png\" data-envira-src=\"https:\/\/www.der-mopedladen.de\/wp-content\/uploads\/2025\/12\/KYMCO_AGILITY_S_125i_CBS_matt_black_08-1024x683-640x480.png\" data-envira-gallery-id=\"23092\" data-envira-item-id=\"23081\" data-envira-caption=\"KYMCO_AGILITY_S_125i_CBS_matt_black_08\" alt=\"\" title=\"KYMCO_AGILITY_S_125i_CBS_matt_black_08\"  itemprop=\"thumbnailUrl\" data-envira-srcset=\"https:\/\/www.der-mopedladen.de\/wp-content\/uploads\/2025\/12\/KYMCO_AGILITY_S_125i_CBS_matt_black_08-1024x683-640x480.png 400w,https:\/\/www.der-mopedladen.de\/wp-content\/uploads\/2025\/12\/KYMCO_AGILITY_S_125i_CBS_matt_black_08-1024x683-640x480.png 2x\" data-envira-width=\"300\" data-envira-height=\"200\" srcset=\"data:image\/gif;base64,R0lGODlhAQABAIAAAP\/\/\/\/\/\/\/yH5BAEKAAEALAAAAAABAAEAAAICTAEAOw==\" data-safe-src=\"data:image\/gif;base64,R0lGODlhAQABAIAAAP\/\/\/\/\/\/\/yH5BAEKAAEALAAAAAABAAEAAAICTAEAOw==\" \/><\/a><\/div><\/div><div id=\"envira-gallery-item-23083\" class=\"envira-gallery-item enviratope-item envira-gallery-item-10 envira-lazy-load\" style=\"padding-left: 5px; padding-bottom: 10px; padding-right: 5px;\"  itemscope itemtype=\"https:\/\/schema.org\/ImageObject\"><div class=\"envira-gallery-item-inner\"><div class=\"envira-gallery-position-overlay  envira-gallery-top-left\"><\/div><div class=\"envira-gallery-position-overlay  envira-gallery-top-right\"><\/div><div class=\"envira-gallery-position-overlay  envira-gallery-bottom-left\"><\/div><div class=\"envira-gallery-position-overlay  envira-gallery-bottom-right\"><\/div><a href=\"https:\/\/www.der-mopedladen.de\/wp-content\/uploads\/2025\/12\/KYMCO_AGILITY_S_125i_CBS_matt_black_06.png\" class=\"envira-gallery-23092 envira-gallery-link\" rel=\"enviragallery23092\" title=\"KYMCO_AGILITY_S_125i_CBS_matt_black_06\" data-envira-caption=\"KYMCO_AGILITY_S_125i_CBS_matt_black_06\" data-envira-retina=\"\" data-thumbnail=\"\"  itemprop=\"contentUrl\"><img decoding=\"async\" id=\"envira-gallery-image-23083\" class=\"envira-gallery-image envira-gallery-image-10 envira-normal envira-lazy\" data-envira-index=\"10\" src=\"https:\/\/www.der-mopedladen.de\/wp-content\/uploads\/2025\/12\/KYMCO_AGILITY_S_125i_CBS_matt_black_06-1024x683-640x480.png\" data-envira-src=\"https:\/\/www.der-mopedladen.de\/wp-content\/uploads\/2025\/12\/KYMCO_AGILITY_S_125i_CBS_matt_black_06-1024x683-640x480.png\" data-envira-gallery-id=\"23092\" data-envira-item-id=\"23083\" data-envira-caption=\"KYMCO_AGILITY_S_125i_CBS_matt_black_06\" alt=\"\" title=\"KYMCO_AGILITY_S_125i_CBS_matt_black_06\"  itemprop=\"thumbnailUrl\" data-envira-srcset=\"https:\/\/www.der-mopedladen.de\/wp-content\/uploads\/2025\/12\/KYMCO_AGILITY_S_125i_CBS_matt_black_06-1024x683-640x480.png 400w,https:\/\/www.der-mopedladen.de\/wp-content\/uploads\/2025\/12\/KYMCO_AGILITY_S_125i_CBS_matt_black_06-1024x683-640x480.png 2x\" data-envira-width=\"300\" data-envira-height=\"200\" srcset=\"data:image\/gif;base64,R0lGODlhAQABAIAAAP\/\/\/\/\/\/\/yH5BAEKAAEALAAAAAABAAEAAAICTAEAOw==\" data-safe-src=\"data:image\/gif;base64,R0lGODlhAQABAIAAAP\/\/\/\/\/\/\/yH5BAEKAAEALAAAAAABAAEAAAICTAEAOw==\" \/><\/a><\/div><\/div><div id=\"envira-gallery-item-23078\" class=\"envira-gallery-item enviratope-item envira-gallery-item-11 envira-lazy-load\" style=\"padding-left: 5px; padding-bottom: 10px; padding-right: 5px;\"  itemscope itemtype=\"https:\/\/schema.org\/ImageObject\"><div class=\"envira-gallery-item-inner\"><div class=\"envira-gallery-position-overlay  envira-gallery-top-left\"><\/div><div class=\"envira-gallery-position-overlay  envira-gallery-top-right\"><\/div><div class=\"envira-gallery-position-overlay  envira-gallery-bottom-left\"><\/div><div class=\"envira-gallery-position-overlay  envira-gallery-bottom-right\"><\/div><a href=\"https:\/\/www.der-mopedladen.de\/wp-content\/uploads\/2025\/12\/KYMCO_AGILITY_S_125i_CBS_matt_black_03.png\" class=\"envira-gallery-23092 envira-gallery-link\" rel=\"enviragallery23092\" title=\"KYMCO_AGILITY_S_125i_CBS_matt_black_03\" data-envira-caption=\"KYMCO_AGILITY_S_125i_CBS_matt_black_03\" data-envira-retina=\"\" data-thumbnail=\"\"  itemprop=\"contentUrl\"><img decoding=\"async\" id=\"envira-gallery-image-23078\" class=\"envira-gallery-image envira-gallery-image-11 envira-normal envira-lazy\" data-envira-index=\"11\" src=\"https:\/\/www.der-mopedladen.de\/wp-content\/uploads\/2025\/12\/KYMCO_AGILITY_S_125i_CBS_matt_black_03-1024x683-640x480.png\" data-envira-src=\"https:\/\/www.der-mopedladen.de\/wp-content\/uploads\/2025\/12\/KYMCO_AGILITY_S_125i_CBS_matt_black_03-1024x683-640x480.png\" data-envira-gallery-id=\"23092\" data-envira-item-id=\"23078\" data-envira-caption=\"KYMCO_AGILITY_S_125i_CBS_matt_black_03\" alt=\"\" title=\"KYMCO_AGILITY_S_125i_CBS_matt_black_03\"  itemprop=\"thumbnailUrl\" data-envira-srcset=\"https:\/\/www.der-mopedladen.de\/wp-content\/uploads\/2025\/12\/KYMCO_AGILITY_S_125i_CBS_matt_black_03-1024x683-640x480.png 400w,https:\/\/www.der-mopedladen.de\/wp-content\/uploads\/2025\/12\/KYMCO_AGILITY_S_125i_CBS_matt_black_03-1024x683-640x480.png 2x\" data-envira-width=\"300\" data-envira-height=\"200\" srcset=\"data:image\/gif;base64,R0lGODlhAQABAIAAAP\/\/\/\/\/\/\/yH5BAEKAAEALAAAAAABAAEAAAICTAEAOw==\" data-safe-src=\"data:image\/gif;base64,R0lGODlhAQABAIAAAP\/\/\/\/\/\/\/yH5BAEKAAEALAAAAAABAAEAAAICTAEAOw==\" \/><\/a><\/div><\/div><div id=\"envira-gallery-item-23082\" class=\"envira-gallery-item enviratope-item envira-gallery-item-12 envira-lazy-load\" style=\"padding-left: 5px; padding-bottom: 10px; padding-right: 5px;\"  itemscope itemtype=\"https:\/\/schema.org\/ImageObject\"><div class=\"envira-gallery-item-inner\"><div class=\"envira-gallery-position-overlay  envira-gallery-top-left\"><\/div><div class=\"envira-gallery-position-overlay  envira-gallery-top-right\"><\/div><div class=\"envira-gallery-position-overlay  envira-gallery-bottom-left\"><\/div><div class=\"envira-gallery-position-overlay  envira-gallery-bottom-right\"><\/div><a href=\"https:\/\/www.der-mopedladen.de\/wp-content\/uploads\/2025\/12\/KYMCO_AGILITY_S_125i_CBS_matt_black_07.png\" class=\"envira-gallery-23092 envira-gallery-link\" rel=\"enviragallery23092\" title=\"KYMCO_AGILITY_S_125i_CBS_matt_black_07\" data-envira-caption=\"KYMCO_AGILITY_S_125i_CBS_matt_black_07\" data-envira-retina=\"\" data-thumbnail=\"\"  itemprop=\"contentUrl\"><img decoding=\"async\" id=\"envira-gallery-image-23082\" class=\"envira-gallery-image envira-gallery-image-12 envira-normal envira-lazy\" data-envira-index=\"12\" src=\"https:\/\/www.der-mopedladen.de\/wp-content\/uploads\/2025\/12\/KYMCO_AGILITY_S_125i_CBS_matt_black_07-1024x683-640x480.png\" data-envira-src=\"https:\/\/www.der-mopedladen.de\/wp-content\/uploads\/2025\/12\/KYMCO_AGILITY_S_125i_CBS_matt_black_07-1024x683-640x480.png\" data-envira-gallery-id=\"23092\" data-envira-item-id=\"23082\" data-envira-caption=\"KYMCO_AGILITY_S_125i_CBS_matt_black_07\" alt=\"\" title=\"KYMCO_AGILITY_S_125i_CBS_matt_black_07\"  itemprop=\"thumbnailUrl\" data-envira-srcset=\"https:\/\/www.der-mopedladen.de\/wp-content\/uploads\/2025\/12\/KYMCO_AGILITY_S_125i_CBS_matt_black_07-1024x683-640x480.png 400w,https:\/\/www.der-mopedladen.de\/wp-content\/uploads\/2025\/12\/KYMCO_AGILITY_S_125i_CBS_matt_black_07-1024x683-640x480.png 2x\" data-envira-width=\"300\" data-envira-height=\"200\" srcset=\"data:image\/gif;base64,R0lGODlhAQABAIAAAP\/\/\/\/\/\/\/yH5BAEKAAEALAAAAAABAAEAAAICTAEAOw==\" data-safe-src=\"data:image\/gif;base64,R0lGODlhAQABAIAAAP\/\/\/\/\/\/\/yH5BAEKAAEALAAAAAABAAEAAAICTAEAOw==\" \/><\/a><\/div><\/div><\/div><\/div><noscript><img decoding=\"async\" src=\"https:\/\/www.der-mopedladen.de\/wp-content\/uploads\/2025\/12\/KYMCO_AGILITY_S_125i_CBS_quarzgrau_matt_02.png\" alt=\"\" \/><img decoding=\"async\" src=\"https:\/\/www.der-mopedladen.de\/wp-content\/uploads\/2025\/12\/KYMCO_AGILITY_S_125i_CBS_matt_black_02.png\" alt=\"\" \/><img decoding=\"async\" src=\"https:\/\/www.der-mopedladen.de\/wp-content\/uploads\/2025\/12\/KYMCO_AGILITY_S_125i_CBS_quarzgrau_matt_01.png\" alt=\"\" \/><img decoding=\"async\" src=\"https:\/\/www.der-mopedladen.de\/wp-content\/uploads\/2025\/12\/KYMCO_AGILITY_S_125i_CBS_matt_black_01.png\" alt=\"\" \/><img decoding=\"async\" src=\"https:\/\/www.der-mopedladen.de\/wp-content\/uploads\/2025\/12\/KYMCO_AGILITY_S_125i_CBS_quarzgrau_matt_05.png\" alt=\"\" \/><img decoding=\"async\" src=\"https:\/\/www.der-mopedladen.de\/wp-content\/uploads\/2025\/12\/KYMCO_AGILITY_S_125i_CBS_matt_black_05.png\" alt=\"\" \/><img decoding=\"async\" src=\"https:\/\/www.der-mopedladen.de\/wp-content\/uploads\/2025\/12\/KYMCO_AGILITY_S_125i_CBS_quarzgrau_matt_04.png\" alt=\"\" \/><img decoding=\"async\" src=\"https:\/\/www.der-mopedladen.de\/wp-content\/uploads\/2025\/12\/KYMCO_AGILITY_S_125i_CBS_matt_black_04.png\" alt=\"\" \/><img decoding=\"async\" src=\"https:\/\/www.der-mopedladen.de\/wp-content\/uploads\/2025\/12\/KYMCO_AGILITY_S_125i_CBS_matt_black_08.png\" alt=\"\" \/><img decoding=\"async\" src=\"https:\/\/www.der-mopedladen.de\/wp-content\/uploads\/2025\/12\/KYMCO_AGILITY_S_125i_CBS_matt_black_06.png\" alt=\"\" \/><img decoding=\"async\" src=\"https:\/\/www.der-mopedladen.de\/wp-content\/uploads\/2025\/12\/KYMCO_AGILITY_S_125i_CBS_matt_black_03.png\" alt=\"\" \/><img decoding=\"async\" src=\"https:\/\/www.der-mopedladen.de\/wp-content\/uploads\/2025\/12\/KYMCO_AGILITY_S_125i_CBS_matt_black_07.png\" alt=\"\" \/><\/noscript>\n","protected":false},"excerpt":{"rendered":"<p>Der Agility S 125i kommt noch in einer letzten Auflage f\u00fcr 3069 \u20ac Endpreis. 2 neue Farben sind am Start und auch ein 30l Topcase\u2026<\/p>\n<p class=\"continue-reading-button\"> <a class=\"continue-reading-link\" href=\"https:\/\/www.der-mopedladen.de\/?p=13885\">Mehr Informationen<i class=\"crycon-right-dir\"><\/i><\/a><\/p>\n","protected":false},"author":2,"featured_media":23076,"comment_status":"closed","ping_status":"closed","sticky":false,"template":"","format":"standard","meta":{"footnotes":""},"categories":[71,33],"tags":[14,35,40,121,37,36,32,9],"class_list":["post-13885","post","type-post","status-publish","format-standard","has-post-thumbnail","hentry","category-kymco","category-rollergross","tag-125er","tag-4-takt","tag-ab-16","tag-b196-2","tag-einspritzung","tag-grossrad","tag-guenstig","tag-kymco"],"yoast_head":"<!-- This site is optimized with the Yoast SEO plugin v25.7 - https:\/\/yoast.com\/wordpress\/plugins\/seo\/ -->\n<title>KYMCO Agility S 125i CBS . . . . . . . 3069 \u20ac -<\/title>\n<meta name=\"description\" content=\"Der neue Kymco Agility S 125i ist ab sofort lieferbar! Top-Ausstattung zum Top-Preis!\" \/>\n<meta name=\"robots\" content=\"index, follow, max-snippet:-1, max-image-preview:large, max-video-preview:-1\" \/>\n<link rel=\"canonical\" href=\"https:\/\/www.der-mopedladen.de\/?p=13885\" \/>\n<meta property=\"og:locale\" content=\"de_DE\" \/>\n<meta property=\"og:type\" content=\"article\" \/>\n<meta property=\"og:title\" content=\"KYMCO Agility S 125i CBS . . . . . . . 3069 \u20ac -\" \/>\n<meta property=\"og:description\" content=\"Der neue Kymco Agility S 125i ist ab sofort lieferbar! Top-Ausstattung zum Top-Preis!\" \/>\n<meta property=\"og:url\" content=\"https:\/\/www.der-mopedladen.de\/?p=13885\" \/>\n<meta property=\"article:published_time\" content=\"2021-03-09T14:47:38+00:00\" \/>\n<meta property=\"article:modified_time\" content=\"2025-12-03T11:26:52+00:00\" \/>\n<meta property=\"og:image\" content=\"https:\/\/www.der-mopedladen.de\/wp-content\/uploads\/2025\/12\/KYMCO_AGILITY_S_125i_CBS_quarzgrau_matt_02-1024x683.png\" \/>\n\t<meta property=\"og:image:width\" content=\"1024\" \/>\n\t<meta property=\"og:image:height\" content=\"683\" \/>\n\t<meta property=\"og:image:type\" content=\"image\/png\" \/>\n<meta name=\"author\" content=\"Carsten Maluche\" \/>\n<meta name=\"twitter:card\" content=\"summary_large_image\" \/>\n<meta name=\"twitter:label1\" content=\"Verfasst von\" \/>\n\t<meta name=\"twitter:data1\" content=\"Carsten Maluche\" \/>\n\t<meta name=\"twitter:label2\" content=\"Gesch\u00e4tzte Lesezeit\" \/>\n\t<meta name=\"twitter:data2\" content=\"1\u00a0Minute\" \/>\n<script type=\"application\/ld+json\" class=\"yoast-schema-graph\">{\"@context\":\"https:\/\/schema.org\",\"@graph\":[{\"@type\":\"Article\",\"@id\":\"https:\/\/www.der-mopedladen.de\/?p=13885#article\",\"isPartOf\":{\"@id\":\"https:\/\/www.der-mopedladen.de\/?p=13885\"},\"author\":{\"name\":\"Carsten Maluche\",\"@id\":\"https:\/\/www.der-mopedladen.de\/#\/schema\/person\/4d0c0c9ed7d36464398049539cfdc1c0\"},\"headline\":\"KYMCO Agility S 125i CBS . . . . . . . 3069 \u20ac\",\"datePublished\":\"2021-03-09T14:47:38+00:00\",\"dateModified\":\"2025-12-03T11:26:52+00:00\",\"mainEntityOfPage\":{\"@id\":\"https:\/\/www.der-mopedladen.de\/?p=13885\"},\"wordCount\":146,\"publisher\":{\"@id\":\"https:\/\/www.der-mopedladen.de\/#organization\"},\"image\":{\"@id\":\"https:\/\/www.der-mopedladen.de\/?p=13885#primaryimage\"},\"thumbnailUrl\":\"https:\/\/www.der-mopedladen.de\/wp-content\/uploads\/2025\/12\/KYMCO_AGILITY_S_125i_CBS_quarzgrau_matt_02.png\",\"keywords\":[\"125er\",\"4 Takt\",\"ab 16\",\"B196\",\"Einspritzung\",\"Gro\u00dfrad\",\"G\u00fcnstig\",\"Kymco\"],\"articleSection\":[\"Kymco\",\"Roller ab 125 ccm\"],\"inLanguage\":\"de\"},{\"@type\":\"WebPage\",\"@id\":\"https:\/\/www.der-mopedladen.de\/?p=13885\",\"url\":\"https:\/\/www.der-mopedladen.de\/?p=13885\",\"name\":\"KYMCO Agility S 125i CBS . . . . . . . 3069 \u20ac -\",\"isPartOf\":{\"@id\":\"https:\/\/www.der-mopedladen.de\/#website\"},\"primaryImageOfPage\":{\"@id\":\"https:\/\/www.der-mopedladen.de\/?p=13885#primaryimage\"},\"image\":{\"@id\":\"https:\/\/www.der-mopedladen.de\/?p=13885#primaryimage\"},\"thumbnailUrl\":\"https:\/\/www.der-mopedladen.de\/wp-content\/uploads\/2025\/12\/KYMCO_AGILITY_S_125i_CBS_quarzgrau_matt_02.png\",\"datePublished\":\"2021-03-09T14:47:38+00:00\",\"dateModified\":\"2025-12-03T11:26:52+00:00\",\"description\":\"Der neue Kymco Agility S 125i ist ab sofort lieferbar! Top-Ausstattung zum Top-Preis!\",\"breadcrumb\":{\"@id\":\"https:\/\/www.der-mopedladen.de\/?p=13885#breadcrumb\"},\"inLanguage\":\"de\",\"potentialAction\":[{\"@type\":\"ReadAction\",\"target\":[\"https:\/\/www.der-mopedladen.de\/?p=13885\"]}]},{\"@type\":\"ImageObject\",\"inLanguage\":\"de\",\"@id\":\"https:\/\/www.der-mopedladen.de\/?p=13885#primaryimage\",\"url\":\"https:\/\/www.der-mopedladen.de\/wp-content\/uploads\/2025\/12\/KYMCO_AGILITY_S_125i_CBS_quarzgrau_matt_02.png\",\"contentUrl\":\"https:\/\/www.der-mopedladen.de\/wp-content\/uploads\/2025\/12\/KYMCO_AGILITY_S_125i_CBS_quarzgrau_matt_02.png\",\"width\":2400,\"height\":1600},{\"@type\":\"BreadcrumbList\",\"@id\":\"https:\/\/www.der-mopedladen.de\/?p=13885#breadcrumb\",\"itemListElement\":[{\"@type\":\"ListItem\",\"position\":1,\"name\":\"Startseite\",\"item\":\"https:\/\/www.der-mopedladen.de\/\"},{\"@type\":\"ListItem\",\"position\":2,\"name\":\"KYMCO Agility S 125i CBS . . . . . . . 3069 \u20ac\"}]},{\"@type\":\"WebSite\",\"@id\":\"https:\/\/www.der-mopedladen.de\/#website\",\"url\":\"https:\/\/www.der-mopedladen.de\/\",\"name\":\"\",\"description\":\"\",\"publisher\":{\"@id\":\"https:\/\/www.der-mopedladen.de\/#organization\"},\"potentialAction\":[{\"@type\":\"SearchAction\",\"target\":{\"@type\":\"EntryPoint\",\"urlTemplate\":\"https:\/\/www.der-mopedladen.de\/?s={search_term_string}\"},\"query-input\":{\"@type\":\"PropertyValueSpecification\",\"valueRequired\":true,\"valueName\":\"search_term_string\"}}],\"inLanguage\":\"de\"},{\"@type\":\"Organization\",\"@id\":\"https:\/\/www.der-mopedladen.de\/#organization\",\"name\":\"Der Mopedladen OHG\",\"url\":\"https:\/\/www.der-mopedladen.de\/\",\"logo\":{\"@type\":\"ImageObject\",\"inLanguage\":\"de\",\"@id\":\"https:\/\/www.der-mopedladen.de\/#\/schema\/logo\/image\/\",\"url\":\"https:\/\/www.der-mopedladen.de\/wp-content\/uploads\/2021\/04\/Logo-DerMopedladen_ZW_CMYK-50x36mm.jpg\",\"contentUrl\":\"https:\/\/www.der-mopedladen.de\/wp-content\/uploads\/2021\/04\/Logo-DerMopedladen_ZW_CMYK-50x36mm.jpg\",\"width\":602,\"height\":437,\"caption\":\"Der Mopedladen OHG\"},\"image\":{\"@id\":\"https:\/\/www.der-mopedladen.de\/#\/schema\/logo\/image\/\"}},{\"@type\":\"Person\",\"@id\":\"https:\/\/www.der-mopedladen.de\/#\/schema\/person\/4d0c0c9ed7d36464398049539cfdc1c0\",\"name\":\"Carsten Maluche\",\"image\":{\"@type\":\"ImageObject\",\"inLanguage\":\"de\",\"@id\":\"https:\/\/www.der-mopedladen.de\/#\/schema\/person\/image\/\",\"url\":\"https:\/\/secure.gravatar.com\/avatar\/a535b4a133389f55485f0a633a5968f3d69e644503b1fed0e6aa81083975d04a?s=96&d=mm&r=g\",\"contentUrl\":\"https:\/\/secure.gravatar.com\/avatar\/a535b4a133389f55485f0a633a5968f3d69e644503b1fed0e6aa81083975d04a?s=96&d=mm&r=g\",\"caption\":\"Carsten Maluche\"}}]}<\/script>\n<!-- \/ Yoast SEO plugin. -->","yoast_head_json":{"title":"KYMCO Agility S 125i CBS . . . . . . . 3069 \u20ac -","description":"Der neue Kymco Agility S 125i ist ab sofort lieferbar! Top-Ausstattung zum Top-Preis!","robots":{"index":"index","follow":"follow","max-snippet":"max-snippet:-1","max-image-preview":"max-image-preview:large","max-video-preview":"max-video-preview:-1"},"canonical":"https:\/\/www.der-mopedladen.de\/?p=13885","og_locale":"de_DE","og_type":"article","og_title":"KYMCO Agility S 125i CBS . . . . . . . 3069 \u20ac -","og_description":"Der neue Kymco Agility S 125i ist ab sofort lieferbar! Top-Ausstattung zum Top-Preis!","og_url":"https:\/\/www.der-mopedladen.de\/?p=13885","article_published_time":"2021-03-09T14:47:38+00:00","article_modified_time":"2025-12-03T11:26:52+00:00","og_image":[{"width":1024,"height":683,"url":"https:\/\/www.der-mopedladen.de\/wp-content\/uploads\/2025\/12\/KYMCO_AGILITY_S_125i_CBS_quarzgrau_matt_02-1024x683.png","type":"image\/png"}],"author":"Carsten Maluche","twitter_card":"summary_large_image","twitter_misc":{"Verfasst von":"Carsten Maluche","Gesch\u00e4tzte Lesezeit":"1\u00a0Minute"},"schema":{"@context":"https:\/\/schema.org","@graph":[{"@type":"Article","@id":"https:\/\/www.der-mopedladen.de\/?p=13885#article","isPartOf":{"@id":"https:\/\/www.der-mopedladen.de\/?p=13885"},"author":{"name":"Carsten Maluche","@id":"https:\/\/www.der-mopedladen.de\/#\/schema\/person\/4d0c0c9ed7d36464398049539cfdc1c0"},"headline":"KYMCO Agility S 125i CBS . . . . . . . 3069 \u20ac","datePublished":"2021-03-09T14:47:38+00:00","dateModified":"2025-12-03T11:26:52+00:00","mainEntityOfPage":{"@id":"https:\/\/www.der-mopedladen.de\/?p=13885"},"wordCount":146,"publisher":{"@id":"https:\/\/www.der-mopedladen.de\/#organization"},"image":{"@id":"https:\/\/www.der-mopedladen.de\/?p=13885#primaryimage"},"thumbnailUrl":"https:\/\/www.der-mopedladen.de\/wp-content\/uploads\/2025\/12\/KYMCO_AGILITY_S_125i_CBS_quarzgrau_matt_02.png","keywords":["125er","4 Takt","ab 16","B196","Einspritzung","Gro\u00dfrad","G\u00fcnstig","Kymco"],"articleSection":["Kymco","Roller ab 125 ccm"],"inLanguage":"de"},{"@type":"WebPage","@id":"https:\/\/www.der-mopedladen.de\/?p=13885","url":"https:\/\/www.der-mopedladen.de\/?p=13885","name":"KYMCO Agility S 125i CBS . . . . . . . 3069 \u20ac -","isPartOf":{"@id":"https:\/\/www.der-mopedladen.de\/#website"},"primaryImageOfPage":{"@id":"https:\/\/www.der-mopedladen.de\/?p=13885#primaryimage"},"image":{"@id":"https:\/\/www.der-mopedladen.de\/?p=13885#primaryimage"},"thumbnailUrl":"https:\/\/www.der-mopedladen.de\/wp-content\/uploads\/2025\/12\/KYMCO_AGILITY_S_125i_CBS_quarzgrau_matt_02.png","datePublished":"2021-03-09T14:47:38+00:00","dateModified":"2025-12-03T11:26:52+00:00","description":"Der neue Kymco Agility S 125i ist ab sofort lieferbar! Top-Ausstattung zum Top-Preis!","breadcrumb":{"@id":"https:\/\/www.der-mopedladen.de\/?p=13885#breadcrumb"},"inLanguage":"de","potentialAction":[{"@type":"ReadAction","target":["https:\/\/www.der-mopedladen.de\/?p=13885"]}]},{"@type":"ImageObject","inLanguage":"de","@id":"https:\/\/www.der-mopedladen.de\/?p=13885#primaryimage","url":"https:\/\/www.der-mopedladen.de\/wp-content\/uploads\/2025\/12\/KYMCO_AGILITY_S_125i_CBS_quarzgrau_matt_02.png","contentUrl":"https:\/\/www.der-mopedladen.de\/wp-content\/uploads\/2025\/12\/KYMCO_AGILITY_S_125i_CBS_quarzgrau_matt_02.png","width":2400,"height":1600},{"@type":"BreadcrumbList","@id":"https:\/\/www.der-mopedladen.de\/?p=13885#breadcrumb","itemListElement":[{"@type":"ListItem","position":1,"name":"Startseite","item":"https:\/\/www.der-mopedladen.de\/"},{"@type":"ListItem","position":2,"name":"KYMCO Agility S 125i CBS . . . . . . . 3069 \u20ac"}]},{"@type":"WebSite","@id":"https:\/\/www.der-mopedladen.de\/#website","url":"https:\/\/www.der-mopedladen.de\/","name":"","description":"","publisher":{"@id":"https:\/\/www.der-mopedladen.de\/#organization"},"potentialAction":[{"@type":"SearchAction","target":{"@type":"EntryPoint","urlTemplate":"https:\/\/www.der-mopedladen.de\/?s={search_term_string}"},"query-input":{"@type":"PropertyValueSpecification","valueRequired":true,"valueName":"search_term_string"}}],"inLanguage":"de"},{"@type":"Organization","@id":"https:\/\/www.der-mopedladen.de\/#organization","name":"Der Mopedladen OHG","url":"https:\/\/www.der-mopedladen.de\/","logo":{"@type":"ImageObject","inLanguage":"de","@id":"https:\/\/www.der-mopedladen.de\/#\/schema\/logo\/image\/","url":"https:\/\/www.der-mopedladen.de\/wp-content\/uploads\/2021\/04\/Logo-DerMopedladen_ZW_CMYK-50x36mm.jpg","contentUrl":"https:\/\/www.der-mopedladen.de\/wp-content\/uploads\/2021\/04\/Logo-DerMopedladen_ZW_CMYK-50x36mm.jpg","width":602,"height":437,"caption":"Der Mopedladen OHG"},"image":{"@id":"https:\/\/www.der-mopedladen.de\/#\/schema\/logo\/image\/"}},{"@type":"Person","@id":"https:\/\/www.der-mopedladen.de\/#\/schema\/person\/4d0c0c9ed7d36464398049539cfdc1c0","name":"Carsten Maluche","image":{"@type":"ImageObject","inLanguage":"de","@id":"https:\/\/www.der-mopedladen.de\/#\/schema\/person\/image\/","url":"https:\/\/secure.gravatar.com\/avatar\/a535b4a133389f55485f0a633a5968f3d69e644503b1fed0e6aa81083975d04a?s=96&d=mm&r=g","contentUrl":"https:\/\/secure.gravatar.com\/avatar\/a535b4a133389f55485f0a633a5968f3d69e644503b1fed0e6aa81083975d04a?s=96&d=mm&r=g","caption":"Carsten Maluche"}}]}},"_links":{"self":[{"href":"https:\/\/www.der-mopedladen.de\/index.php?rest_route=\/wp\/v2\/posts\/13885","targetHints":{"allow":["GET"]}}],"collection":[{"href":"https:\/\/www.der-mopedladen.de\/index.php?rest_route=\/wp\/v2\/posts"}],"about":[{"href":"https:\/\/www.der-mopedladen.de\/index.php?rest_route=\/wp\/v2\/types\/post"}],"author":[{"embeddable":true,"href":"https:\/\/www.der-mopedladen.de\/index.php?rest_route=\/wp\/v2\/users\/2"}],"replies":[{"embeddable":true,"href":"https:\/\/www.der-mopedladen.de\/index.php?rest_route=%2Fwp%2Fv2%2Fcomments&post=13885"}],"version-history":[{"count":7,"href":"https:\/\/www.der-mopedladen.de\/index.php?rest_route=\/wp\/v2\/posts\/13885\/revisions"}],"predecessor-version":[{"id":23096,"href":"https:\/\/www.der-mopedladen.de\/index.php?rest_route=\/wp\/v2\/posts\/13885\/revisions\/23096"}],"wp:featuredmedia":[{"embeddable":true,"href":"https:\/\/www.der-mopedladen.de\/index.php?rest_route=\/wp\/v2\/media\/23076"}],"wp:attachment":[{"href":"https:\/\/www.der-mopedladen.de\/index.php?rest_route=%2Fwp%2Fv2%2Fmedia&parent=13885"}],"wp:term":[{"taxonomy":"category","embeddable":true,"href":"https:\/\/www.der-mopedladen.de\/index.php?rest_route=%2Fwp%2Fv2%2Fcategories&post=13885"},{"taxonomy":"post_tag","embeddable":true,"href":"https:\/\/www.der-mopedladen.de\/index.php?rest_route=%2Fwp%2Fv2%2Ftags&post=13885"}],"curies":[{"name":"wp","href":"https:\/\/api.w.org\/{rel}","templated":true}]}}