{"id":137,"date":"2023-04-21T19:16:03","date_gmt":"2023-04-21T17:16:03","guid":{"rendered":"http:\/\/der-mopedladen.de\/Wordpress\/?p=137"},"modified":"2025-12-02T15:36:15","modified_gmt":"2025-12-02T14:36:15","slug":"agility-carry-50","status":"publish","type":"post","link":"https:\/\/www.der-mopedladen.de\/?p=137","title":{"rendered":"KYMCO Agility Carry 50i . . . . . . . 2369 \u20ac"},"content":{"rendered":"<p>KYMCOs Viertakt-Flitzer gelten inzwischen als Synonym f\u00fcr praktische und zuverl\u00e4ssige Mobilit\u00e4t im Alltag. Der AGILITY CARRY 50 beendet nun die Suche nach einem flinken und sparsamen Transportmittel, das sich problemlos durch verstopfte Innenst\u00e4dte bewegt. Mit seinen gro\u00dfz\u00fcgigen Gep\u00e4cktr\u00e4gern vorne und hinten \u00fcberzeugt der AGILITY CARRY 50 aber nicht nur Pizzaboten.<\/p>\n<p>Auch f\u00fcr Kurier- und Lieferdienste, Post- und Zeitungsboten oder f\u00fcr den Werksverkehr ist der wendige Transportroller wie geschaffen. Da Parkplatzprobleme f\u00fcr den AGILITY CARRY 50 ein Fremdwort sind, ist er auch der perfekte Einkaufsbegleiter. Sogar unter dem Sitz ist noch Stauraum. Ein Roller der seinem Namen alle Ehre macht.<\/p>\n<ul>\n<li>Extra grossz\u00fcgiger Gep\u00e4cktr\u00e4ger vorne und hinten<\/li>\n<li>Sparsamer 4-Taktmotor mit Einspritzung<\/li>\n<li>Kraftvolle Scheibenbremse vorne<\/li>\n<li><strong>Auch als 125er erh\u00e4ltlich f\u00fcr 2529,- \u20ac<\/strong><\/li>\n<\/ul>\n<div id=\"c158\" class=\"csc-default csc-space\">\n<div class=\"csc-header csc-header-n1\">\n<h3>FAHRZEUGDETAILS<\/h3>\n<\/div>\n<table class=\"fahrzeugdaten\">\n<tbody>\n<tr>\n<td>F\u00fchrerschein<\/td>\n<td>B, AM<\/td>\n<\/tr>\n<tr>\n<td>Leistung<\/td>\n<td>2,4 kW \/ 3,3 PS<\/td>\n<\/tr>\n<tr>\n<td>Sitzh\u00f6he<\/td>\n<td>810 mm<\/td>\n<\/tr>\n<tr>\n<td>H\u00f6chstgeschwindigkeit<\/td>\n<td>45 km\/h<\/td>\n<\/tr>\n<tr>\n<td>Leer-\/Gesamtgewicht<\/td>\n<td>106 kg (fahrbereit) \/ 212 kg<\/td>\n<\/tr>\n<tr>\n<td>Farben<\/td>\n<td>Diamant-Weiss metallic<\/td>\n<\/tr>\n<\/tbody>\n<\/table>\n<\/div>\n<div class=\"finanzierungsWrap\">\n<div id=\"c157\" class=\"csc-default csc-space\">\n<div class=\"csc-header csc-header-n1\">\n<h3>FINANZIERUNG<\/h3>\n<\/div>\n<table class=\"fahrzeugdaten\">\n<tbody>\n<tr>\n<td>\nFinanzierung \u00fcber Creditplus-Bank m\u00f6glich!<\/td>\n<td><\/td>\n<\/tr>\n<\/tbody>\n<\/table>\n<\/div>\n<\/div>\n<p><code><div id=\"envira-gallery-wrap-137\" class=\"envira-gallery-wrap envira-gallery-theme-base envira-lightbox-theme-base\" itemscope itemtype=\"https:\/\/schema.org\/ImageGallery\"><div data-row-height=\"\" data-gallery-theme=\"\" id=\"envira-gallery-137\" class=\"envira-gallery-public  envira-gallery-4-columns envira-clear enviratope envira-gallery-css-animations\" data-envira-columns=\"4\"><div id=\"envira-gallery-item-407\" class=\"envira-gallery-item enviratope-item envira-gallery-item-1\" style=\"padding-left: 5px; padding-bottom: 10px; padding-right: 5px;\"  itemscope itemtype=\"https:\/\/schema.org\/ImageObject\"><div class=\"envira-gallery-item-inner\"><div class=\"envira-gallery-position-overlay  envira-gallery-top-left\"><\/div><div class=\"envira-gallery-position-overlay  envira-gallery-top-right\"><\/div><div class=\"envira-gallery-position-overlay  envira-gallery-bottom-left\"><\/div><div class=\"envira-gallery-position-overlay  envira-gallery-bottom-right\"><\/div><a href=\"http:\/\/www.der-mopedladen.de\/wp-content\/uploads\/2016\/02\/360_Agility_Carry_50_8.jpg\" class=\"envira-gallery-137 envira-gallery-link\" rel=\"enviragallery137\" title=\"360_Agility_Carry_50_8\" data-envira-caption=\"360_Agility_Carry_50_8\" data-envira-retina=\"\" data-thumbnail=\"\"  itemprop=\"contentUrl\"><div class=\"envira-lazy\" data-test-width=\"960\" data-test-height=\"300\" style=\"padding-bottom:31.25%;\"><img decoding=\"async\" id=\"envira-gallery-image-407\" class=\"envira-gallery-image envira-gallery-image-1\" data-envira-index=\"1\" src=\"https:\/\/www.der-mopedladen.de\/wp-content\/uploads\/2016\/02\/360_Agility_Carry_50_8-960x300.jpg\" data-envira-src=\"https:\/\/www.der-mopedladen.de\/wp-content\/uploads\/2016\/02\/360_Agility_Carry_50_8-960x300.jpg\" data-envira-gallery-id=\"137\" data-envira-item-id=\"407\" data-envira-caption=\"360_Agility_Carry_50_8\" alt=\"\" title=\"360_Agility_Carry_50_8\"  itemprop=\"thumbnailUrl\" data-envira-srcset=\"https:\/\/www.der-mopedladen.de\/wp-content\/uploads\/2016\/02\/360_Agility_Carry_50_8-960x300.jpg 400w,https:\/\/www.der-mopedladen.de\/wp-content\/uploads\/2016\/02\/360_Agility_Carry_50_8-960x300.jpg 2x\" srcset=\"data:image\/gif;base64,R0lGODlhAQABAIAAAP\/\/\/\/\/\/\/yH5BAEKAAEALAAAAAABAAEAAAICTAEAOw==\" \/><\/div><\/a><\/div><\/div><div id=\"envira-gallery-item-406\" class=\"envira-gallery-item enviratope-item envira-gallery-item-2\" style=\"padding-left: 5px; padding-bottom: 10px; padding-right: 5px;\"  itemscope itemtype=\"https:\/\/schema.org\/ImageObject\"><div class=\"envira-gallery-item-inner\"><div class=\"envira-gallery-position-overlay  envira-gallery-top-left\"><\/div><div class=\"envira-gallery-position-overlay  envira-gallery-top-right\"><\/div><div class=\"envira-gallery-position-overlay  envira-gallery-bottom-left\"><\/div><div class=\"envira-gallery-position-overlay  envira-gallery-bottom-right\"><\/div><a href=\"http:\/\/www.der-mopedladen.de\/wp-content\/uploads\/2016\/02\/360_Agility_Carry_50_7.jpg\" class=\"envira-gallery-137 envira-gallery-link\" rel=\"enviragallery137\" title=\"360_Agility_Carry_50_7\" data-envira-caption=\"360_Agility_Carry_50_7\" data-envira-retina=\"\" data-thumbnail=\"\"  itemprop=\"contentUrl\"><div class=\"envira-lazy\" data-test-width=\"960\" data-test-height=\"300\" style=\"padding-bottom:31.25%;\"><img decoding=\"async\" id=\"envira-gallery-image-406\" class=\"envira-gallery-image envira-gallery-image-2\" data-envira-index=\"2\" src=\"https:\/\/www.der-mopedladen.de\/wp-content\/uploads\/2016\/02\/360_Agility_Carry_50_7-960x300.jpg\" data-envira-src=\"https:\/\/www.der-mopedladen.de\/wp-content\/uploads\/2016\/02\/360_Agility_Carry_50_7-960x300.jpg\" data-envira-gallery-id=\"137\" data-envira-item-id=\"406\" data-envira-caption=\"360_Agility_Carry_50_7\" alt=\"\" title=\"360_Agility_Carry_50_7\"  itemprop=\"thumbnailUrl\" data-envira-srcset=\"https:\/\/www.der-mopedladen.de\/wp-content\/uploads\/2016\/02\/360_Agility_Carry_50_7-960x300.jpg 400w,https:\/\/www.der-mopedladen.de\/wp-content\/uploads\/2016\/02\/360_Agility_Carry_50_7-960x300.jpg 2x\" srcset=\"data:image\/gif;base64,R0lGODlhAQABAIAAAP\/\/\/\/\/\/\/yH5BAEKAAEALAAAAAABAAEAAAICTAEAOw==\" \/><\/div><\/a><\/div><\/div><div id=\"envira-gallery-item-405\" class=\"envira-gallery-item enviratope-item envira-gallery-item-3\" style=\"padding-left: 5px; padding-bottom: 10px; padding-right: 5px;\"  itemscope itemtype=\"https:\/\/schema.org\/ImageObject\"><div class=\"envira-gallery-item-inner\"><div class=\"envira-gallery-position-overlay  envira-gallery-top-left\"><\/div><div class=\"envira-gallery-position-overlay  envira-gallery-top-right\"><\/div><div class=\"envira-gallery-position-overlay  envira-gallery-bottom-left\"><\/div><div class=\"envira-gallery-position-overlay  envira-gallery-bottom-right\"><\/div><a href=\"http:\/\/www.der-mopedladen.de\/wp-content\/uploads\/2016\/02\/360_Agility_Carry_50_6.jpg\" class=\"envira-gallery-137 envira-gallery-link\" rel=\"enviragallery137\" title=\"360_Agility_Carry_50_6\" data-envira-caption=\"360_Agility_Carry_50_6\" data-envira-retina=\"\" data-thumbnail=\"\"  itemprop=\"contentUrl\"><div class=\"envira-lazy\" data-test-width=\"960\" data-test-height=\"300\" style=\"padding-bottom:31.25%;\"><img decoding=\"async\" id=\"envira-gallery-image-405\" class=\"envira-gallery-image envira-gallery-image-3\" data-envira-index=\"3\" src=\"https:\/\/www.der-mopedladen.de\/wp-content\/uploads\/2016\/02\/360_Agility_Carry_50_6-960x300.jpg\" data-envira-src=\"https:\/\/www.der-mopedladen.de\/wp-content\/uploads\/2016\/02\/360_Agility_Carry_50_6-960x300.jpg\" data-envira-gallery-id=\"137\" data-envira-item-id=\"405\" data-envira-caption=\"360_Agility_Carry_50_6\" alt=\"\" title=\"360_Agility_Carry_50_6\"  itemprop=\"thumbnailUrl\" data-envira-srcset=\"https:\/\/www.der-mopedladen.de\/wp-content\/uploads\/2016\/02\/360_Agility_Carry_50_6-960x300.jpg 400w,https:\/\/www.der-mopedladen.de\/wp-content\/uploads\/2016\/02\/360_Agility_Carry_50_6-960x300.jpg 2x\" srcset=\"data:image\/gif;base64,R0lGODlhAQABAIAAAP\/\/\/\/\/\/\/yH5BAEKAAEALAAAAAABAAEAAAICTAEAOw==\" \/><\/div><\/a><\/div><\/div><div id=\"envira-gallery-item-404\" class=\"envira-gallery-item enviratope-item envira-gallery-item-4\" style=\"padding-left: 5px; padding-bottom: 10px; padding-right: 5px;\"  itemscope itemtype=\"https:\/\/schema.org\/ImageObject\"><div class=\"envira-gallery-item-inner\"><div class=\"envira-gallery-position-overlay  envira-gallery-top-left\"><\/div><div class=\"envira-gallery-position-overlay  envira-gallery-top-right\"><\/div><div class=\"envira-gallery-position-overlay  envira-gallery-bottom-left\"><\/div><div class=\"envira-gallery-position-overlay  envira-gallery-bottom-right\"><\/div><a href=\"http:\/\/www.der-mopedladen.de\/wp-content\/uploads\/2016\/02\/360_Agility_Carry_50_5_01.jpg\" class=\"envira-gallery-137 envira-gallery-link\" rel=\"enviragallery137\" title=\"360_Agility_Carry_50_5_01\" data-envira-caption=\"360_Agility_Carry_50_5_01\" data-envira-retina=\"\" data-thumbnail=\"\"  itemprop=\"contentUrl\"><div class=\"envira-lazy\" data-test-width=\"960\" data-test-height=\"300\" style=\"padding-bottom:31.25%;\"><img decoding=\"async\" id=\"envira-gallery-image-404\" class=\"envira-gallery-image envira-gallery-image-4\" data-envira-index=\"4\" src=\"https:\/\/www.der-mopedladen.de\/wp-content\/uploads\/2016\/02\/360_Agility_Carry_50_5_01-960x300.jpg\" data-envira-src=\"https:\/\/www.der-mopedladen.de\/wp-content\/uploads\/2016\/02\/360_Agility_Carry_50_5_01-960x300.jpg\" data-envira-gallery-id=\"137\" data-envira-item-id=\"404\" data-envira-caption=\"360_Agility_Carry_50_5_01\" alt=\"\" title=\"360_Agility_Carry_50_5_01\"  itemprop=\"thumbnailUrl\" data-envira-srcset=\"https:\/\/www.der-mopedladen.de\/wp-content\/uploads\/2016\/02\/360_Agility_Carry_50_5_01-960x300.jpg 400w,https:\/\/www.der-mopedladen.de\/wp-content\/uploads\/2016\/02\/360_Agility_Carry_50_5_01-960x300.jpg 2x\" srcset=\"data:image\/gif;base64,R0lGODlhAQABAIAAAP\/\/\/\/\/\/\/yH5BAEKAAEALAAAAAABAAEAAAICTAEAOw==\" \/><\/div><\/a><\/div><\/div><div id=\"envira-gallery-item-403\" class=\"envira-gallery-item enviratope-item envira-gallery-item-5\" style=\"padding-left: 5px; padding-bottom: 10px; padding-right: 5px;\"  itemscope itemtype=\"https:\/\/schema.org\/ImageObject\"><div class=\"envira-gallery-item-inner\"><div class=\"envira-gallery-position-overlay  envira-gallery-top-left\"><\/div><div class=\"envira-gallery-position-overlay  envira-gallery-top-right\"><\/div><div class=\"envira-gallery-position-overlay  envira-gallery-bottom-left\"><\/div><div class=\"envira-gallery-position-overlay  envira-gallery-bottom-right\"><\/div><a href=\"http:\/\/www.der-mopedladen.de\/wp-content\/uploads\/2016\/02\/360_Agility_Carry_50_4.jpg\" class=\"envira-gallery-137 envira-gallery-link\" rel=\"enviragallery137\" title=\"360_Agility_Carry_50_4\" data-envira-caption=\"360_Agility_Carry_50_4\" data-envira-retina=\"\" data-thumbnail=\"\"  itemprop=\"contentUrl\"><div class=\"envira-lazy\" data-test-width=\"960\" data-test-height=\"300\" style=\"padding-bottom:31.25%;\"><img decoding=\"async\" id=\"envira-gallery-image-403\" class=\"envira-gallery-image envira-gallery-image-5\" data-envira-index=\"5\" src=\"https:\/\/www.der-mopedladen.de\/wp-content\/uploads\/2016\/02\/360_Agility_Carry_50_4-960x300.jpg\" data-envira-src=\"https:\/\/www.der-mopedladen.de\/wp-content\/uploads\/2016\/02\/360_Agility_Carry_50_4-960x300.jpg\" data-envira-gallery-id=\"137\" data-envira-item-id=\"403\" data-envira-caption=\"360_Agility_Carry_50_4\" alt=\"\" title=\"360_Agility_Carry_50_4\"  itemprop=\"thumbnailUrl\" data-envira-srcset=\"https:\/\/www.der-mopedladen.de\/wp-content\/uploads\/2016\/02\/360_Agility_Carry_50_4-960x300.jpg 400w,https:\/\/www.der-mopedladen.de\/wp-content\/uploads\/2016\/02\/360_Agility_Carry_50_4-960x300.jpg 2x\" srcset=\"data:image\/gif;base64,R0lGODlhAQABAIAAAP\/\/\/\/\/\/\/yH5BAEKAAEALAAAAAABAAEAAAICTAEAOw==\" \/><\/div><\/a><\/div><\/div><div id=\"envira-gallery-item-402\" class=\"envira-gallery-item enviratope-item envira-gallery-item-6\" style=\"padding-left: 5px; padding-bottom: 10px; padding-right: 5px;\"  itemscope itemtype=\"https:\/\/schema.org\/ImageObject\"><div class=\"envira-gallery-item-inner\"><div class=\"envira-gallery-position-overlay  envira-gallery-top-left\"><\/div><div class=\"envira-gallery-position-overlay  envira-gallery-top-right\"><\/div><div class=\"envira-gallery-position-overlay  envira-gallery-bottom-left\"><\/div><div class=\"envira-gallery-position-overlay  envira-gallery-bottom-right\"><\/div><a href=\"http:\/\/www.der-mopedladen.de\/wp-content\/uploads\/2016\/02\/360_Agility_Carry_50_3.jpg\" class=\"envira-gallery-137 envira-gallery-link\" rel=\"enviragallery137\" title=\"360_Agility_Carry_50_3\" data-envira-caption=\"360_Agility_Carry_50_3\" data-envira-retina=\"\" data-thumbnail=\"\"  itemprop=\"contentUrl\"><div class=\"envira-lazy\" data-test-width=\"960\" data-test-height=\"300\" style=\"padding-bottom:31.25%;\"><img decoding=\"async\" id=\"envira-gallery-image-402\" class=\"envira-gallery-image envira-gallery-image-6\" data-envira-index=\"6\" src=\"https:\/\/www.der-mopedladen.de\/wp-content\/uploads\/2016\/02\/360_Agility_Carry_50_3-960x300.jpg\" data-envira-src=\"https:\/\/www.der-mopedladen.de\/wp-content\/uploads\/2016\/02\/360_Agility_Carry_50_3-960x300.jpg\" data-envira-gallery-id=\"137\" data-envira-item-id=\"402\" data-envira-caption=\"360_Agility_Carry_50_3\" alt=\"\" title=\"360_Agility_Carry_50_3\"  itemprop=\"thumbnailUrl\" data-envira-srcset=\"https:\/\/www.der-mopedladen.de\/wp-content\/uploads\/2016\/02\/360_Agility_Carry_50_3-960x300.jpg 400w,https:\/\/www.der-mopedladen.de\/wp-content\/uploads\/2016\/02\/360_Agility_Carry_50_3-960x300.jpg 2x\" srcset=\"data:image\/gif;base64,R0lGODlhAQABAIAAAP\/\/\/\/\/\/\/yH5BAEKAAEALAAAAAABAAEAAAICTAEAOw==\" \/><\/div><\/a><\/div><\/div><div id=\"envira-gallery-item-401\" class=\"envira-gallery-item enviratope-item envira-gallery-item-7\" style=\"padding-left: 5px; padding-bottom: 10px; padding-right: 5px;\"  itemscope itemtype=\"https:\/\/schema.org\/ImageObject\"><div class=\"envira-gallery-item-inner\"><div class=\"envira-gallery-position-overlay  envira-gallery-top-left\"><\/div><div class=\"envira-gallery-position-overlay  envira-gallery-top-right\"><\/div><div class=\"envira-gallery-position-overlay  envira-gallery-bottom-left\"><\/div><div class=\"envira-gallery-position-overlay  envira-gallery-bottom-right\"><\/div><a href=\"http:\/\/www.der-mopedladen.de\/wp-content\/uploads\/2016\/02\/360_Agility_Carry_50_2.jpg\" class=\"envira-gallery-137 envira-gallery-link\" rel=\"enviragallery137\" title=\"360_Agility_Carry_50_2\" data-envira-caption=\"360_Agility_Carry_50_2\" data-envira-retina=\"\" data-thumbnail=\"\"  itemprop=\"contentUrl\"><div class=\"envira-lazy\" data-test-width=\"960\" data-test-height=\"300\" style=\"padding-bottom:31.25%;\"><img decoding=\"async\" id=\"envira-gallery-image-401\" class=\"envira-gallery-image envira-gallery-image-7\" data-envira-index=\"7\" src=\"https:\/\/www.der-mopedladen.de\/wp-content\/uploads\/2016\/02\/360_Agility_Carry_50_2-960x300.jpg\" data-envira-src=\"https:\/\/www.der-mopedladen.de\/wp-content\/uploads\/2016\/02\/360_Agility_Carry_50_2-960x300.jpg\" data-envira-gallery-id=\"137\" data-envira-item-id=\"401\" data-envira-caption=\"360_Agility_Carry_50_2\" alt=\"\" title=\"360_Agility_Carry_50_2\"  itemprop=\"thumbnailUrl\" data-envira-srcset=\"https:\/\/www.der-mopedladen.de\/wp-content\/uploads\/2016\/02\/360_Agility_Carry_50_2-960x300.jpg 400w,https:\/\/www.der-mopedladen.de\/wp-content\/uploads\/2016\/02\/360_Agility_Carry_50_2-960x300.jpg 2x\" srcset=\"data:image\/gif;base64,R0lGODlhAQABAIAAAP\/\/\/\/\/\/\/yH5BAEKAAEALAAAAAABAAEAAAICTAEAOw==\" \/><\/div><\/a><\/div><\/div><div id=\"envira-gallery-item-400\" class=\"envira-gallery-item enviratope-item envira-gallery-item-8\" style=\"padding-left: 5px; padding-bottom: 10px; padding-right: 5px;\"  itemscope itemtype=\"https:\/\/schema.org\/ImageObject\"><div class=\"envira-gallery-item-inner\"><div class=\"envira-gallery-position-overlay  envira-gallery-top-left\"><\/div><div class=\"envira-gallery-position-overlay  envira-gallery-top-right\"><\/div><div class=\"envira-gallery-position-overlay  envira-gallery-bottom-left\"><\/div><div class=\"envira-gallery-position-overlay  envira-gallery-bottom-right\"><\/div><a href=\"http:\/\/www.der-mopedladen.de\/wp-content\/uploads\/2016\/02\/360_Agility_Carry_50_1_01.jpg\" class=\"envira-gallery-137 envira-gallery-link\" rel=\"enviragallery137\" title=\"360_Agility_Carry_50_1_01\" data-envira-caption=\"360_Agility_Carry_50_1_01\" data-envira-retina=\"\" data-thumbnail=\"\"  itemprop=\"contentUrl\"><div class=\"envira-lazy\" data-test-width=\"960\" data-test-height=\"300\" style=\"padding-bottom:31.25%;\"><img decoding=\"async\" id=\"envira-gallery-image-400\" class=\"envira-gallery-image envira-gallery-image-8\" data-envira-index=\"8\" src=\"https:\/\/www.der-mopedladen.de\/wp-content\/uploads\/2016\/02\/360_Agility_Carry_50_1_01-960x300.jpg\" data-envira-src=\"https:\/\/www.der-mopedladen.de\/wp-content\/uploads\/2016\/02\/360_Agility_Carry_50_1_01-960x300.jpg\" data-envira-gallery-id=\"137\" data-envira-item-id=\"400\" data-envira-caption=\"360_Agility_Carry_50_1_01\" alt=\"\" title=\"360_Agility_Carry_50_1_01\"  itemprop=\"thumbnailUrl\" data-envira-srcset=\"https:\/\/www.der-mopedladen.de\/wp-content\/uploads\/2016\/02\/360_Agility_Carry_50_1_01-960x300.jpg 400w,https:\/\/www.der-mopedladen.de\/wp-content\/uploads\/2016\/02\/360_Agility_Carry_50_1_01-960x300.jpg 2x\" srcset=\"data:image\/gif;base64,R0lGODlhAQABAIAAAP\/\/\/\/\/\/\/yH5BAEKAAEALAAAAAABAAEAAAICTAEAOw==\" \/><\/div><\/a><\/div><\/div><div id=\"envira-gallery-item-538\" class=\"envira-gallery-item enviratope-item envira-gallery-item-9\" style=\"padding-left: 5px; padding-bottom: 10px; padding-right: 5px;\"  itemscope itemtype=\"https:\/\/schema.org\/ImageObject\"><div class=\"envira-gallery-item-inner\"><div class=\"envira-gallery-position-overlay  envira-gallery-top-left\"><\/div><div class=\"envira-gallery-position-overlay  envira-gallery-top-right\"><\/div><div class=\"envira-gallery-position-overlay  envira-gallery-bottom-left\"><\/div><div class=\"envira-gallery-position-overlay  envira-gallery-bottom-right\"><\/div><a href=\"http:\/\/www.der-mopedladen.de\/wp-content\/uploads\/2016\/02\/details_agility_carry_50_4.jpg\" class=\"envira-gallery-137 envira-gallery-link\" rel=\"enviragallery137\" title=\"details_agility_carry_50_4\" data-envira-caption=\"details_agility_carry_50_4\" data-envira-retina=\"\" data-thumbnail=\"\"  itemprop=\"contentUrl\"><div class=\"envira-lazy\" data-test-width=\"960\" data-test-height=\"300\" style=\"padding-bottom:31.25%;\"><img decoding=\"async\" id=\"envira-gallery-image-538\" class=\"envira-gallery-image envira-gallery-image-9\" data-envira-index=\"9\" src=\"https:\/\/www.der-mopedladen.de\/wp-content\/uploads\/2016\/02\/details_agility_carry_50_4-960x300.jpg\" data-envira-src=\"https:\/\/www.der-mopedladen.de\/wp-content\/uploads\/2016\/02\/details_agility_carry_50_4-960x300.jpg\" data-envira-gallery-id=\"137\" data-envira-item-id=\"538\" data-envira-caption=\"details_agility_carry_50_4\" alt=\"\" title=\"details_agility_carry_50_4\"  itemprop=\"thumbnailUrl\" data-envira-srcset=\"https:\/\/www.der-mopedladen.de\/wp-content\/uploads\/2016\/02\/details_agility_carry_50_4-960x300.jpg 400w,https:\/\/www.der-mopedladen.de\/wp-content\/uploads\/2016\/02\/details_agility_carry_50_4-960x300.jpg 2x\" srcset=\"data:image\/gif;base64,R0lGODlhAQABAIAAAP\/\/\/\/\/\/\/yH5BAEKAAEALAAAAAABAAEAAAICTAEAOw==\" \/><\/div><\/a><\/div><\/div><div id=\"envira-gallery-item-535\" class=\"envira-gallery-item enviratope-item envira-gallery-item-10\" style=\"padding-left: 5px; padding-bottom: 10px; padding-right: 5px;\"  itemscope itemtype=\"https:\/\/schema.org\/ImageObject\"><div class=\"envira-gallery-item-inner\"><div class=\"envira-gallery-position-overlay  envira-gallery-top-left\"><\/div><div class=\"envira-gallery-position-overlay  envira-gallery-top-right\"><\/div><div class=\"envira-gallery-position-overlay  envira-gallery-bottom-left\"><\/div><div class=\"envira-gallery-position-overlay  envira-gallery-bottom-right\"><\/div><a href=\"http:\/\/www.der-mopedladen.de\/wp-content\/uploads\/2016\/02\/details_agility_carry_50_1.jpg\" class=\"envira-gallery-137 envira-gallery-link\" rel=\"enviragallery137\" title=\"details_agility_carry_50_1\" data-envira-caption=\"details_agility_carry_50_1\" data-envira-retina=\"\" data-thumbnail=\"\"  itemprop=\"contentUrl\"><div class=\"envira-lazy\" data-test-width=\"960\" data-test-height=\"300\" style=\"padding-bottom:31.25%;\"><img decoding=\"async\" id=\"envira-gallery-image-535\" class=\"envira-gallery-image envira-gallery-image-10\" data-envira-index=\"10\" src=\"https:\/\/www.der-mopedladen.de\/wp-content\/uploads\/2016\/02\/details_agility_carry_50_1-960x300.jpg\" data-envira-src=\"https:\/\/www.der-mopedladen.de\/wp-content\/uploads\/2016\/02\/details_agility_carry_50_1-960x300.jpg\" data-envira-gallery-id=\"137\" data-envira-item-id=\"535\" data-envira-caption=\"details_agility_carry_50_1\" alt=\"\" title=\"details_agility_carry_50_1\"  itemprop=\"thumbnailUrl\" data-envira-srcset=\"https:\/\/www.der-mopedladen.de\/wp-content\/uploads\/2016\/02\/details_agility_carry_50_1-960x300.jpg 400w,https:\/\/www.der-mopedladen.de\/wp-content\/uploads\/2016\/02\/details_agility_carry_50_1-960x300.jpg 2x\" srcset=\"data:image\/gif;base64,R0lGODlhAQABAIAAAP\/\/\/\/\/\/\/yH5BAEKAAEALAAAAAABAAEAAAICTAEAOw==\" \/><\/div><\/a><\/div><\/div><div id=\"envira-gallery-item-537\" class=\"envira-gallery-item enviratope-item envira-gallery-item-11\" style=\"padding-left: 5px; padding-bottom: 10px; padding-right: 5px;\"  itemscope itemtype=\"https:\/\/schema.org\/ImageObject\"><div class=\"envira-gallery-item-inner\"><div class=\"envira-gallery-position-overlay  envira-gallery-top-left\"><\/div><div class=\"envira-gallery-position-overlay  envira-gallery-top-right\"><\/div><div class=\"envira-gallery-position-overlay  envira-gallery-bottom-left\"><\/div><div class=\"envira-gallery-position-overlay  envira-gallery-bottom-right\"><\/div><a href=\"http:\/\/www.der-mopedladen.de\/wp-content\/uploads\/2016\/02\/details_agility_carry_50_3.jpg\" class=\"envira-gallery-137 envira-gallery-link\" rel=\"enviragallery137\" title=\"details_agility_carry_50_3\" data-envira-caption=\"details_agility_carry_50_3\" data-envira-retina=\"\" data-thumbnail=\"\"  itemprop=\"contentUrl\"><div class=\"envira-lazy\" data-test-width=\"960\" data-test-height=\"300\" style=\"padding-bottom:31.25%;\"><img decoding=\"async\" id=\"envira-gallery-image-537\" class=\"envira-gallery-image envira-gallery-image-11\" data-envira-index=\"11\" src=\"https:\/\/www.der-mopedladen.de\/wp-content\/uploads\/2016\/02\/details_agility_carry_50_3-960x300.jpg\" data-envira-src=\"https:\/\/www.der-mopedladen.de\/wp-content\/uploads\/2016\/02\/details_agility_carry_50_3-960x300.jpg\" data-envira-gallery-id=\"137\" data-envira-item-id=\"537\" data-envira-caption=\"details_agility_carry_50_3\" alt=\"\" title=\"details_agility_carry_50_3\"  itemprop=\"thumbnailUrl\" data-envira-srcset=\"https:\/\/www.der-mopedladen.de\/wp-content\/uploads\/2016\/02\/details_agility_carry_50_3-960x300.jpg 400w,https:\/\/www.der-mopedladen.de\/wp-content\/uploads\/2016\/02\/details_agility_carry_50_3-960x300.jpg 2x\" srcset=\"data:image\/gif;base64,R0lGODlhAQABAIAAAP\/\/\/\/\/\/\/yH5BAEKAAEALAAAAAABAAEAAAICTAEAOw==\" \/><\/div><\/a><\/div><\/div><div id=\"envira-gallery-item-536\" class=\"envira-gallery-item enviratope-item envira-gallery-item-12\" style=\"padding-left: 5px; padding-bottom: 10px; padding-right: 5px;\"  itemscope itemtype=\"https:\/\/schema.org\/ImageObject\"><div class=\"envira-gallery-item-inner\"><div class=\"envira-gallery-position-overlay  envira-gallery-top-left\"><\/div><div class=\"envira-gallery-position-overlay  envira-gallery-top-right\"><\/div><div class=\"envira-gallery-position-overlay  envira-gallery-bottom-left\"><\/div><div class=\"envira-gallery-position-overlay  envira-gallery-bottom-right\"><\/div><a href=\"http:\/\/www.der-mopedladen.de\/wp-content\/uploads\/2016\/02\/details_agility_carry_50_2.jpg\" class=\"envira-gallery-137 envira-gallery-link\" rel=\"enviragallery137\" title=\"details_agility_carry_50_2\" data-envira-caption=\"details_agility_carry_50_2\" data-envira-retina=\"\" data-thumbnail=\"\"  itemprop=\"contentUrl\"><div class=\"envira-lazy\" data-test-width=\"960\" data-test-height=\"300\" style=\"padding-bottom:31.25%;\"><img decoding=\"async\" id=\"envira-gallery-image-536\" class=\"envira-gallery-image envira-gallery-image-12\" data-envira-index=\"12\" src=\"https:\/\/www.der-mopedladen.de\/wp-content\/uploads\/2016\/02\/details_agility_carry_50_2-960x300.jpg\" data-envira-src=\"https:\/\/www.der-mopedladen.de\/wp-content\/uploads\/2016\/02\/details_agility_carry_50_2-960x300.jpg\" data-envira-gallery-id=\"137\" data-envira-item-id=\"536\" data-envira-caption=\"details_agility_carry_50_2\" alt=\"\" title=\"details_agility_carry_50_2\"  itemprop=\"thumbnailUrl\" data-envira-srcset=\"https:\/\/www.der-mopedladen.de\/wp-content\/uploads\/2016\/02\/details_agility_carry_50_2-960x300.jpg 400w,https:\/\/www.der-mopedladen.de\/wp-content\/uploads\/2016\/02\/details_agility_carry_50_2-960x300.jpg 2x\" srcset=\"data:image\/gif;base64,R0lGODlhAQABAIAAAP\/\/\/\/\/\/\/yH5BAEKAAEALAAAAAABAAEAAAICTAEAOw==\" \/><\/div><\/a><\/div><\/div><\/div><\/div><noscript><img decoding=\"async\" src=\"https:\/\/www.der-mopedladen.de\/wp-content\/uploads\/2016\/02\/360_Agility_Carry_50_8.jpg\" alt=\"\" \/><img decoding=\"async\" src=\"https:\/\/www.der-mopedladen.de\/wp-content\/uploads\/2016\/02\/360_Agility_Carry_50_7.jpg\" alt=\"\" \/><img decoding=\"async\" src=\"https:\/\/www.der-mopedladen.de\/wp-content\/uploads\/2016\/02\/360_Agility_Carry_50_6.jpg\" alt=\"\" \/><img decoding=\"async\" src=\"https:\/\/www.der-mopedladen.de\/wp-content\/uploads\/2016\/02\/360_Agility_Carry_50_5_01.jpg\" alt=\"\" \/><img decoding=\"async\" src=\"https:\/\/www.der-mopedladen.de\/wp-content\/uploads\/2016\/02\/360_Agility_Carry_50_4.jpg\" alt=\"\" \/><img decoding=\"async\" src=\"https:\/\/www.der-mopedladen.de\/wp-content\/uploads\/2016\/02\/360_Agility_Carry_50_3.jpg\" alt=\"\" \/><img decoding=\"async\" src=\"https:\/\/www.der-mopedladen.de\/wp-content\/uploads\/2016\/02\/360_Agility_Carry_50_2.jpg\" alt=\"\" \/><img decoding=\"async\" src=\"https:\/\/www.der-mopedladen.de\/wp-content\/uploads\/2016\/02\/360_Agility_Carry_50_1_01.jpg\" alt=\"\" \/><img decoding=\"async\" src=\"https:\/\/www.der-mopedladen.de\/wp-content\/uploads\/2016\/02\/details_agility_carry_50_4.jpg\" alt=\"\" \/><img decoding=\"async\" src=\"https:\/\/www.der-mopedladen.de\/wp-content\/uploads\/2016\/02\/details_agility_carry_50_1.jpg\" alt=\"\" \/><img decoding=\"async\" src=\"https:\/\/www.der-mopedladen.de\/wp-content\/uploads\/2016\/02\/details_agility_carry_50_3.jpg\" alt=\"\" \/><img decoding=\"async\" src=\"https:\/\/www.der-mopedladen.de\/wp-content\/uploads\/2016\/02\/details_agility_carry_50_2.jpg\" alt=\"\" \/><\/noscript><\/code><\/p>\n","protected":false},"excerpt":{"rendered":"<p>KYMCOs Viertakt-Flitzer gelten inzwischen als Synonym f\u00fcr praktische und zuverl\u00e4ssige Mobilit\u00e4t im Alltag. Der AGILITY CARRY 50 beendet nun die Suche nach einem flinken und\u2026<\/p>\n<p class=\"continue-reading-button\"> <a class=\"continue-reading-link\" href=\"https:\/\/www.der-mopedladen.de\/?p=137\">Mehr Informationen<i class=\"crycon-right-dir\"><\/i><\/a><\/p>\n","protected":false},"author":2,"featured_media":125,"comment_status":"closed","ping_status":"closed","sticky":false,"template":"","format":"standard","meta":{"footnotes":""},"categories":[11,10],"tags":[35,18,9],"class_list":["post-137","post","type-post","status-publish","format-standard","has-post-thumbnail","hentry","category-kymco-roller","category-rollerklein","tag-4-takt","tag-50er","tag-kymco"],"yoast_head":"<!-- This site is optimized with the Yoast SEO plugin v25.7 - https:\/\/yoast.com\/wordpress\/plugins\/seo\/ -->\n<title>KYMCO Agility Carry 50i . . . . . . . 2369 \u20ac -<\/title>\n<meta name=\"robots\" content=\"index, follow, max-snippet:-1, max-image-preview:large, max-video-preview:-1\" \/>\n<link rel=\"canonical\" href=\"https:\/\/www.der-mopedladen.de\/?p=137\" \/>\n<meta property=\"og:locale\" content=\"de_DE\" \/>\n<meta property=\"og:type\" content=\"article\" \/>\n<meta property=\"og:title\" content=\"KYMCO Agility Carry 50i . . . . . . . 2369 \u20ac -\" \/>\n<meta property=\"og:description\" content=\"KYMCOs Viertakt-Flitzer gelten inzwischen als Synonym f\u00fcr praktische und zuverl\u00e4ssige Mobilit\u00e4t im Alltag. Der AGILITY CARRY 50 beendet nun die Suche nach einem flinken und\u2026 Mehr Informationen\" \/>\n<meta property=\"og:url\" content=\"https:\/\/www.der-mopedladen.de\/?p=137\" \/>\n<meta property=\"article:published_time\" content=\"2023-04-21T17:16:03+00:00\" \/>\n<meta property=\"article:modified_time\" content=\"2025-12-02T14:36:15+00:00\" \/>\n<meta property=\"og:image\" content=\"https:\/\/www.der-mopedladen.de\/wp-content\/uploads\/2016\/01\/360_Agility_Carry_50_1_01.jpg\" \/>\n\t<meta property=\"og:image:width\" content=\"960\" \/>\n\t<meta property=\"og:image:height\" content=\"720\" \/>\n\t<meta property=\"og:image:type\" content=\"image\/jpeg\" \/>\n<meta name=\"author\" content=\"Carsten Maluche\" \/>\n<meta name=\"twitter:card\" content=\"summary_large_image\" \/>\n<meta name=\"twitter:label1\" content=\"Verfasst von\" \/>\n\t<meta name=\"twitter:data1\" content=\"Carsten Maluche\" \/>\n\t<meta name=\"twitter:label2\" content=\"Gesch\u00e4tzte Lesezeit\" \/>\n\t<meta name=\"twitter:data2\" content=\"1\u00a0Minute\" \/>\n<script type=\"application\/ld+json\" class=\"yoast-schema-graph\">{\"@context\":\"https:\/\/schema.org\",\"@graph\":[{\"@type\":\"Article\",\"@id\":\"https:\/\/www.der-mopedladen.de\/?p=137#article\",\"isPartOf\":{\"@id\":\"https:\/\/www.der-mopedladen.de\/?p=137\"},\"author\":{\"name\":\"Carsten Maluche\",\"@id\":\"https:\/\/www.der-mopedladen.de\/#\/schema\/person\/4d0c0c9ed7d36464398049539cfdc1c0\"},\"headline\":\"KYMCO Agility Carry 50i . . . . . . . 2369 \u20ac\",\"datePublished\":\"2023-04-21T17:16:03+00:00\",\"dateModified\":\"2025-12-02T14:36:15+00:00\",\"mainEntityOfPage\":{\"@id\":\"https:\/\/www.der-mopedladen.de\/?p=137\"},\"wordCount\":164,\"publisher\":{\"@id\":\"https:\/\/www.der-mopedladen.de\/#organization\"},\"image\":{\"@id\":\"https:\/\/www.der-mopedladen.de\/?p=137#primaryimage\"},\"thumbnailUrl\":\"https:\/\/www.der-mopedladen.de\/wp-content\/uploads\/2016\/01\/360_Agility_Carry_50_1_01.jpg\",\"keywords\":[\"4 Takt\",\"50er\",\"Kymco\"],\"articleSection\":[\"Kymco\",\"Roller bis 50 ccm\"],\"inLanguage\":\"de\"},{\"@type\":\"WebPage\",\"@id\":\"https:\/\/www.der-mopedladen.de\/?p=137\",\"url\":\"https:\/\/www.der-mopedladen.de\/?p=137\",\"name\":\"KYMCO Agility Carry 50i . . . . . . . 2369 \u20ac -\",\"isPartOf\":{\"@id\":\"https:\/\/www.der-mopedladen.de\/#website\"},\"primaryImageOfPage\":{\"@id\":\"https:\/\/www.der-mopedladen.de\/?p=137#primaryimage\"},\"image\":{\"@id\":\"https:\/\/www.der-mopedladen.de\/?p=137#primaryimage\"},\"thumbnailUrl\":\"https:\/\/www.der-mopedladen.de\/wp-content\/uploads\/2016\/01\/360_Agility_Carry_50_1_01.jpg\",\"datePublished\":\"2023-04-21T17:16:03+00:00\",\"dateModified\":\"2025-12-02T14:36:15+00:00\",\"breadcrumb\":{\"@id\":\"https:\/\/www.der-mopedladen.de\/?p=137#breadcrumb\"},\"inLanguage\":\"de\",\"potentialAction\":[{\"@type\":\"ReadAction\",\"target\":[\"https:\/\/www.der-mopedladen.de\/?p=137\"]}]},{\"@type\":\"ImageObject\",\"inLanguage\":\"de\",\"@id\":\"https:\/\/www.der-mopedladen.de\/?p=137#primaryimage\",\"url\":\"https:\/\/www.der-mopedladen.de\/wp-content\/uploads\/2016\/01\/360_Agility_Carry_50_1_01.jpg\",\"contentUrl\":\"https:\/\/www.der-mopedladen.de\/wp-content\/uploads\/2016\/01\/360_Agility_Carry_50_1_01.jpg\",\"width\":960,\"height\":720},{\"@type\":\"BreadcrumbList\",\"@id\":\"https:\/\/www.der-mopedladen.de\/?p=137#breadcrumb\",\"itemListElement\":[{\"@type\":\"ListItem\",\"position\":1,\"name\":\"Startseite\",\"item\":\"https:\/\/www.der-mopedladen.de\/\"},{\"@type\":\"ListItem\",\"position\":2,\"name\":\"KYMCO Agility Carry 50i . . . . . . . 2369 \u20ac\"}]},{\"@type\":\"WebSite\",\"@id\":\"https:\/\/www.der-mopedladen.de\/#website\",\"url\":\"https:\/\/www.der-mopedladen.de\/\",\"name\":\"\",\"description\":\"\",\"publisher\":{\"@id\":\"https:\/\/www.der-mopedladen.de\/#organization\"},\"potentialAction\":[{\"@type\":\"SearchAction\",\"target\":{\"@type\":\"EntryPoint\",\"urlTemplate\":\"https:\/\/www.der-mopedladen.de\/?s={search_term_string}\"},\"query-input\":{\"@type\":\"PropertyValueSpecification\",\"valueRequired\":true,\"valueName\":\"search_term_string\"}}],\"inLanguage\":\"de\"},{\"@type\":\"Organization\",\"@id\":\"https:\/\/www.der-mopedladen.de\/#organization\",\"name\":\"Der Mopedladen OHG\",\"url\":\"https:\/\/www.der-mopedladen.de\/\",\"logo\":{\"@type\":\"ImageObject\",\"inLanguage\":\"de\",\"@id\":\"https:\/\/www.der-mopedladen.de\/#\/schema\/logo\/image\/\",\"url\":\"https:\/\/www.der-mopedladen.de\/wp-content\/uploads\/2021\/04\/Logo-DerMopedladen_ZW_CMYK-50x36mm.jpg\",\"contentUrl\":\"https:\/\/www.der-mopedladen.de\/wp-content\/uploads\/2021\/04\/Logo-DerMopedladen_ZW_CMYK-50x36mm.jpg\",\"width\":602,\"height\":437,\"caption\":\"Der Mopedladen OHG\"},\"image\":{\"@id\":\"https:\/\/www.der-mopedladen.de\/#\/schema\/logo\/image\/\"}},{\"@type\":\"Person\",\"@id\":\"https:\/\/www.der-mopedladen.de\/#\/schema\/person\/4d0c0c9ed7d36464398049539cfdc1c0\",\"name\":\"Carsten Maluche\",\"image\":{\"@type\":\"ImageObject\",\"inLanguage\":\"de\",\"@id\":\"https:\/\/www.der-mopedladen.de\/#\/schema\/person\/image\/\",\"url\":\"https:\/\/secure.gravatar.com\/avatar\/a535b4a133389f55485f0a633a5968f3d69e644503b1fed0e6aa81083975d04a?s=96&d=mm&r=g\",\"contentUrl\":\"https:\/\/secure.gravatar.com\/avatar\/a535b4a133389f55485f0a633a5968f3d69e644503b1fed0e6aa81083975d04a?s=96&d=mm&r=g\",\"caption\":\"Carsten Maluche\"}}]}<\/script>\n<!-- \/ Yoast SEO plugin. -->","yoast_head_json":{"title":"KYMCO Agility Carry 50i . . . . . . . 2369 \u20ac -","robots":{"index":"index","follow":"follow","max-snippet":"max-snippet:-1","max-image-preview":"max-image-preview:large","max-video-preview":"max-video-preview:-1"},"canonical":"https:\/\/www.der-mopedladen.de\/?p=137","og_locale":"de_DE","og_type":"article","og_title":"KYMCO Agility Carry 50i . . . . . . . 2369 \u20ac -","og_description":"KYMCOs Viertakt-Flitzer gelten inzwischen als Synonym f\u00fcr praktische und zuverl\u00e4ssige Mobilit\u00e4t im Alltag. Der AGILITY CARRY 50 beendet nun die Suche nach einem flinken und\u2026 Mehr Informationen","og_url":"https:\/\/www.der-mopedladen.de\/?p=137","article_published_time":"2023-04-21T17:16:03+00:00","article_modified_time":"2025-12-02T14:36:15+00:00","og_image":[{"width":960,"height":720,"url":"https:\/\/www.der-mopedladen.de\/wp-content\/uploads\/2016\/01\/360_Agility_Carry_50_1_01.jpg","type":"image\/jpeg"}],"author":"Carsten Maluche","twitter_card":"summary_large_image","twitter_misc":{"Verfasst von":"Carsten Maluche","Gesch\u00e4tzte Lesezeit":"1\u00a0Minute"},"schema":{"@context":"https:\/\/schema.org","@graph":[{"@type":"Article","@id":"https:\/\/www.der-mopedladen.de\/?p=137#article","isPartOf":{"@id":"https:\/\/www.der-mopedladen.de\/?p=137"},"author":{"name":"Carsten Maluche","@id":"https:\/\/www.der-mopedladen.de\/#\/schema\/person\/4d0c0c9ed7d36464398049539cfdc1c0"},"headline":"KYMCO Agility Carry 50i . . . . . . . 2369 \u20ac","datePublished":"2023-04-21T17:16:03+00:00","dateModified":"2025-12-02T14:36:15+00:00","mainEntityOfPage":{"@id":"https:\/\/www.der-mopedladen.de\/?p=137"},"wordCount":164,"publisher":{"@id":"https:\/\/www.der-mopedladen.de\/#organization"},"image":{"@id":"https:\/\/www.der-mopedladen.de\/?p=137#primaryimage"},"thumbnailUrl":"https:\/\/www.der-mopedladen.de\/wp-content\/uploads\/2016\/01\/360_Agility_Carry_50_1_01.jpg","keywords":["4 Takt","50er","Kymco"],"articleSection":["Kymco","Roller bis 50 ccm"],"inLanguage":"de"},{"@type":"WebPage","@id":"https:\/\/www.der-mopedladen.de\/?p=137","url":"https:\/\/www.der-mopedladen.de\/?p=137","name":"KYMCO Agility Carry 50i . . . . . . . 2369 \u20ac -","isPartOf":{"@id":"https:\/\/www.der-mopedladen.de\/#website"},"primaryImageOfPage":{"@id":"https:\/\/www.der-mopedladen.de\/?p=137#primaryimage"},"image":{"@id":"https:\/\/www.der-mopedladen.de\/?p=137#primaryimage"},"thumbnailUrl":"https:\/\/www.der-mopedladen.de\/wp-content\/uploads\/2016\/01\/360_Agility_Carry_50_1_01.jpg","datePublished":"2023-04-21T17:16:03+00:00","dateModified":"2025-12-02T14:36:15+00:00","breadcrumb":{"@id":"https:\/\/www.der-mopedladen.de\/?p=137#breadcrumb"},"inLanguage":"de","potentialAction":[{"@type":"ReadAction","target":["https:\/\/www.der-mopedladen.de\/?p=137"]}]},{"@type":"ImageObject","inLanguage":"de","@id":"https:\/\/www.der-mopedladen.de\/?p=137#primaryimage","url":"https:\/\/www.der-mopedladen.de\/wp-content\/uploads\/2016\/01\/360_Agility_Carry_50_1_01.jpg","contentUrl":"https:\/\/www.der-mopedladen.de\/wp-content\/uploads\/2016\/01\/360_Agility_Carry_50_1_01.jpg","width":960,"height":720},{"@type":"BreadcrumbList","@id":"https:\/\/www.der-mopedladen.de\/?p=137#breadcrumb","itemListElement":[{"@type":"ListItem","position":1,"name":"Startseite","item":"https:\/\/www.der-mopedladen.de\/"},{"@type":"ListItem","position":2,"name":"KYMCO Agility Carry 50i . . . . . . . 2369 \u20ac"}]},{"@type":"WebSite","@id":"https:\/\/www.der-mopedladen.de\/#website","url":"https:\/\/www.der-mopedladen.de\/","name":"","description":"","publisher":{"@id":"https:\/\/www.der-mopedladen.de\/#organization"},"potentialAction":[{"@type":"SearchAction","target":{"@type":"EntryPoint","urlTemplate":"https:\/\/www.der-mopedladen.de\/?s={search_term_string}"},"query-input":{"@type":"PropertyValueSpecification","valueRequired":true,"valueName":"search_term_string"}}],"inLanguage":"de"},{"@type":"Organization","@id":"https:\/\/www.der-mopedladen.de\/#organization","name":"Der Mopedladen OHG","url":"https:\/\/www.der-mopedladen.de\/","logo":{"@type":"ImageObject","inLanguage":"de","@id":"https:\/\/www.der-mopedladen.de\/#\/schema\/logo\/image\/","url":"https:\/\/www.der-mopedladen.de\/wp-content\/uploads\/2021\/04\/Logo-DerMopedladen_ZW_CMYK-50x36mm.jpg","contentUrl":"https:\/\/www.der-mopedladen.de\/wp-content\/uploads\/2021\/04\/Logo-DerMopedladen_ZW_CMYK-50x36mm.jpg","width":602,"height":437,"caption":"Der Mopedladen OHG"},"image":{"@id":"https:\/\/www.der-mopedladen.de\/#\/schema\/logo\/image\/"}},{"@type":"Person","@id":"https:\/\/www.der-mopedladen.de\/#\/schema\/person\/4d0c0c9ed7d36464398049539cfdc1c0","name":"Carsten Maluche","image":{"@type":"ImageObject","inLanguage":"de","@id":"https:\/\/www.der-mopedladen.de\/#\/schema\/person\/image\/","url":"https:\/\/secure.gravatar.com\/avatar\/a535b4a133389f55485f0a633a5968f3d69e644503b1fed0e6aa81083975d04a?s=96&d=mm&r=g","contentUrl":"https:\/\/secure.gravatar.com\/avatar\/a535b4a133389f55485f0a633a5968f3d69e644503b1fed0e6aa81083975d04a?s=96&d=mm&r=g","caption":"Carsten Maluche"}}]}},"_links":{"self":[{"href":"https:\/\/www.der-mopedladen.de\/index.php?rest_route=\/wp\/v2\/posts\/137","targetHints":{"allow":["GET"]}}],"collection":[{"href":"https:\/\/www.der-mopedladen.de\/index.php?rest_route=\/wp\/v2\/posts"}],"about":[{"href":"https:\/\/www.der-mopedladen.de\/index.php?rest_route=\/wp\/v2\/types\/post"}],"author":[{"embeddable":true,"href":"https:\/\/www.der-mopedladen.de\/index.php?rest_route=\/wp\/v2\/users\/2"}],"replies":[{"embeddable":true,"href":"https:\/\/www.der-mopedladen.de\/index.php?rest_route=%2Fwp%2Fv2%2Fcomments&post=137"}],"version-history":[{"count":1,"href":"https:\/\/www.der-mopedladen.de\/index.php?rest_route=\/wp\/v2\/posts\/137\/revisions"}],"predecessor-version":[{"id":23052,"href":"https:\/\/www.der-mopedladen.de\/index.php?rest_route=\/wp\/v2\/posts\/137\/revisions\/23052"}],"wp:featuredmedia":[{"embeddable":true,"href":"https:\/\/www.der-mopedladen.de\/index.php?rest_route=\/wp\/v2\/media\/125"}],"wp:attachment":[{"href":"https:\/\/www.der-mopedladen.de\/index.php?rest_route=%2Fwp%2Fv2%2Fmedia&parent=137"}],"wp:term":[{"taxonomy":"category","embeddable":true,"href":"https:\/\/www.der-mopedladen.de\/index.php?rest_route=%2Fwp%2Fv2%2Fcategories&post=137"},{"taxonomy":"post_tag","embeddable":true,"href":"https:\/\/www.der-mopedladen.de\/index.php?rest_route=%2Fwp%2Fv2%2Ftags&post=137"}],"curies":[{"name":"wp","href":"https:\/\/api.w.org\/{rel}","templated":true}]}}