{"id":12331,"date":"2025-03-02T13:08:08","date_gmt":"2025-03-02T12:08:08","guid":{"rendered":"https:\/\/www.der-mopedladen.de\/?p=12331"},"modified":"2026-04-14T16:14:16","modified_gmt":"2026-04-14T14:14:16","slug":"kymco-dt-x360-6249-e","status":"publish","type":"post","link":"https:\/\/www.der-mopedladen.de\/?p=12331","title":{"rendered":"KYMCO DTX 350i ABS . . . . . . . 5999 statt 6369 \u20ac"},"content":{"rendered":"<div id=\"c4020\" class=\"csc-default csc-space\">\n<div id=\"c4020\" class=\"csc-default csc-space\">\n<h3>Zum Saisonstart gibts den Kymco DT X 350i bei uns f\u00fcr 5999 statt 6369 \u20ac.<\/h3>\n<h3>Ein Crossover, der Ihr Herz erobern wird.<\/h3>\n<div class=\"ce-bodytext\">\n<p>Auch ein Roller kann mal vom asphaltierten Weg abweichen und einfach in den Feldweg abbiegen: Zumindest, wenn er KYMCO DTX 350i hei\u00dft. Denn dieser Crossover Scooter ist mit seiner grobstolligen Bereifung, seinem fl\u00fcssigkeitsgek\u00fchlten Einzylinder-Viertakter mit 321 ccm Hubraum und seiner abschaltbaren Traktionskontrolle bestens ger\u00fcstet f\u00fcr kleine Offroad-Abstecher. Nat\u00fcrlich kommen auch Technik und Komfort nicht zu kurz. Der DTX 350i punktet mit cleveren Features wie einem Keyless-System, Smartphone-Anbindung ans LED Cockpit und einem USB-Port auf dem Lenker.<\/p>\n<p>Unter die abgestufte Sitzbank passen bequem zwei Integralhelme und die LED-Beleuchtung sorgt bei allen Lichtverh\u00e4ltnissen f\u00fcr eine klare Sicht. Auch optisch hat der DTX 350i in mattschwarz einiges zu bieten.<\/p>\n<\/div>\n<ul>\n<li class=\"bodytext\">Komplette LED-Beleuchtung<\/li>\n<li>LED Cockpit mit Smartphoneanbindung<\/li>\n<li>USB Anschluss<\/li>\n<li class=\"bodytext\">Keyless-Go<\/li>\n<li>Bremsanlage mit ABS und Wavebremsscheiben<\/li>\n<li>Traktionskontrolle (TCS)<\/li>\n<\/ul>\n<div id=\"c4026\" class=\"csc-default csc-space\">\n<div class=\"csc-header csc-header-n1\">\n<h3>Fahrzeugdetails<\/h3>\n<\/div>\n<table class=\"fahrzeugdaten\" style=\"width: 100%; height: 175px;\">\n<tbody>\n<tr style=\"height: 25px;\">\n<td style=\"height: 25px;\">F\u00fchrerschein<\/td>\n<td style=\"height: 25px;\">A, A2<\/td>\n<\/tr>\n<tr style=\"height: 25px;\">\n<td style=\"height: 25px;\">Leistung<\/td>\n<td style=\"height: 25px;\">20 kW \/ 28 PS<\/td>\n<\/tr>\n<tr style=\"height: 25px;\">\n<td style=\"height: 25px;\">Sitzh\u00f6he<\/td>\n<td style=\"height: 25px;\">805 mm<\/td>\n<\/tr>\n<tr style=\"height: 25px;\">\n<td style=\"height: 25px;\">H\u00f6chstgeschwindigkeit<\/td>\n<td style=\"height: 25px;\">130 km\/h<\/td>\n<\/tr>\n<tr style=\"height: 25px;\">\n<td style=\"height: 25px;\">Leer-\/Gesamtgewicht<\/td>\n<td style=\"height: 25px;\">194 kg (fahrbereit) \/ 359 kg<\/td>\n<\/tr>\n<tr style=\"height: 25px;\">\n<td style=\"height: 25px;\">Farben<\/td>\n<td style=\"height: 25px;\">Schwarz-Matt<\/td>\n<\/tr>\n<\/tbody>\n<\/table>\n<\/div>\n<div class=\"finanzierungsWrap\">\n<div id=\"c4019\" class=\"csc-default csc-space\">\n<div class=\"csc-header csc-header-n1\">\n<h3>Finanzierung<\/h3>\n<\/div>\n<table class=\"fahrzeugdaten\">\n<tbody>\n<tr>\n<td>Finanzierung \u00fcber Creditplus-Bank m\u00f6glich!<\/td>\n<td><\/td>\n<\/tr>\n<\/tbody>\n<\/table>\n<\/div>\n<\/div>\n<\/div>\n<\/div>\n<div id=\"envira-gallery-wrap-23089\" class=\"envira-gallery-wrap envira-gallery-theme-base envira-lightbox-theme-base\" itemscope itemtype=\"https:\/\/schema.org\/ImageGallery\"><div data-row-height=\"150\" data-gallery-theme=\"normal\" id=\"envira-gallery-23089\" class=\"envira-gallery-public envira-gallery-justified-public envira-gallery-0-columns envira-clear enviratope envira-gallery-css-animations\" data-envira-columns=\"0\"><div id=\"envira-gallery-item-23088\" class=\"envira-gallery-item enviratope-item envira-gallery-item-1 envira-lazy-load\" style=\"padding-left: 5px; padding-bottom: 10px; padding-right: 5px;\"  itemscope itemtype=\"https:\/\/schema.org\/ImageObject\"><div class=\"envira-gallery-item-inner\"><div class=\"envira-gallery-position-overlay  envira-gallery-top-left\"><\/div><div class=\"envira-gallery-position-overlay  envira-gallery-top-right\"><\/div><div class=\"envira-gallery-position-overlay  envira-gallery-bottom-left\"><\/div><div class=\"envira-gallery-position-overlay  envira-gallery-bottom-right\"><\/div><a href=\"https:\/\/www.der-mopedladen.de\/wp-content\/uploads\/2025\/12\/KYMCO_DT_X_350i_ABS_black_matt_2025_02.png\" class=\"envira-gallery-23089 envira-gallery-link\" rel=\"enviragallery23089\" title=\"KYMCO_DT_X_350i_ABS_black_matt_2025_02\" data-envira-caption=\"KYMCO_DT_X_350i_ABS_black_matt_2025_02\" data-envira-retina=\"\" data-thumbnail=\"\"  itemprop=\"contentUrl\"><img decoding=\"async\" id=\"envira-gallery-image-23088\" class=\"envira-gallery-image envira-gallery-image-1 envira-normal envira-lazy\" data-envira-index=\"1\" src=\"https:\/\/www.der-mopedladen.de\/wp-content\/uploads\/2025\/12\/KYMCO_DT_X_350i_ABS_black_matt_2025_02-1024x937-640x480.png\" data-envira-src=\"https:\/\/www.der-mopedladen.de\/wp-content\/uploads\/2025\/12\/KYMCO_DT_X_350i_ABS_black_matt_2025_02-1024x937-640x480.png\" data-envira-gallery-id=\"23089\" data-envira-item-id=\"23088\" data-envira-caption=\"KYMCO_DT_X_350i_ABS_black_matt_2025_02\" alt=\"\" title=\"KYMCO_DT_X_350i_ABS_black_matt_2025_02\"  itemprop=\"thumbnailUrl\" data-envira-srcset=\"https:\/\/www.der-mopedladen.de\/wp-content\/uploads\/2025\/12\/KYMCO_DT_X_350i_ABS_black_matt_2025_02-1024x937-640x480.png 400w,https:\/\/www.der-mopedladen.de\/wp-content\/uploads\/2025\/12\/KYMCO_DT_X_350i_ABS_black_matt_2025_02-1024x937-640x480.png 2x\" data-envira-width=\"300\" data-envira-height=\"275\" srcset=\"data:image\/gif;base64,R0lGODlhAQABAIAAAP\/\/\/\/\/\/\/yH5BAEKAAEALAAAAAABAAEAAAICTAEAOw==\" data-safe-src=\"data:image\/gif;base64,R0lGODlhAQABAIAAAP\/\/\/\/\/\/\/yH5BAEKAAEALAAAAAABAAEAAAICTAEAOw==\" \/><\/a><\/div><\/div><div id=\"envira-gallery-item-23087\" class=\"envira-gallery-item enviratope-item envira-gallery-item-2 envira-lazy-load\" style=\"padding-left: 5px; padding-bottom: 10px; padding-right: 5px;\"  itemscope itemtype=\"https:\/\/schema.org\/ImageObject\"><div class=\"envira-gallery-item-inner\"><div class=\"envira-gallery-position-overlay  envira-gallery-top-left\"><\/div><div class=\"envira-gallery-position-overlay  envira-gallery-top-right\"><\/div><div class=\"envira-gallery-position-overlay  envira-gallery-bottom-left\"><\/div><div class=\"envira-gallery-position-overlay  envira-gallery-bottom-right\"><\/div><a href=\"https:\/\/www.der-mopedladen.de\/wp-content\/uploads\/2025\/12\/KYMCO_DT_X_350i_ABS_black_matt_2025_04.png\" class=\"envira-gallery-23089 envira-gallery-link\" rel=\"enviragallery23089\" title=\"KYMCO_DT_X_350i_ABS_black_matt_2025_04\" data-envira-caption=\"KYMCO_DT_X_350i_ABS_black_matt_2025_04\" data-envira-retina=\"\" data-thumbnail=\"\"  itemprop=\"contentUrl\"><img decoding=\"async\" id=\"envira-gallery-image-23087\" class=\"envira-gallery-image envira-gallery-image-2 envira-normal envira-lazy\" data-envira-index=\"2\" src=\"https:\/\/www.der-mopedladen.de\/wp-content\/uploads\/2025\/12\/KYMCO_DT_X_350i_ABS_black_matt_2025_04-1024x935-640x480.png\" data-envira-src=\"https:\/\/www.der-mopedladen.de\/wp-content\/uploads\/2025\/12\/KYMCO_DT_X_350i_ABS_black_matt_2025_04-1024x935-640x480.png\" data-envira-gallery-id=\"23089\" data-envira-item-id=\"23087\" data-envira-caption=\"KYMCO_DT_X_350i_ABS_black_matt_2025_04\" alt=\"\" title=\"KYMCO_DT_X_350i_ABS_black_matt_2025_04\"  itemprop=\"thumbnailUrl\" data-envira-srcset=\"https:\/\/www.der-mopedladen.de\/wp-content\/uploads\/2025\/12\/KYMCO_DT_X_350i_ABS_black_matt_2025_04-1024x935-640x480.png 400w,https:\/\/www.der-mopedladen.de\/wp-content\/uploads\/2025\/12\/KYMCO_DT_X_350i_ABS_black_matt_2025_04-1024x935-640x480.png 2x\" data-envira-width=\"300\" data-envira-height=\"274\" srcset=\"data:image\/gif;base64,R0lGODlhAQABAIAAAP\/\/\/\/\/\/\/yH5BAEKAAEALAAAAAABAAEAAAICTAEAOw==\" data-safe-src=\"data:image\/gif;base64,R0lGODlhAQABAIAAAP\/\/\/\/\/\/\/yH5BAEKAAEALAAAAAABAAEAAAICTAEAOw==\" \/><\/a><\/div><\/div><div id=\"envira-gallery-item-23086\" class=\"envira-gallery-item enviratope-item envira-gallery-item-3 envira-lazy-load\" style=\"padding-left: 5px; padding-bottom: 10px; padding-right: 5px;\"  itemscope itemtype=\"https:\/\/schema.org\/ImageObject\"><div class=\"envira-gallery-item-inner\"><div class=\"envira-gallery-position-overlay  envira-gallery-top-left\"><\/div><div class=\"envira-gallery-position-overlay  envira-gallery-top-right\"><\/div><div class=\"envira-gallery-position-overlay  envira-gallery-bottom-left\"><\/div><div class=\"envira-gallery-position-overlay  envira-gallery-bottom-right\"><\/div><a href=\"https:\/\/www.der-mopedladen.de\/wp-content\/uploads\/2025\/12\/KYMCO_DT_X_350i_ABS_black_matt_2025_05.png\" class=\"envira-gallery-23089 envira-gallery-link\" rel=\"enviragallery23089\" title=\"KYMCO_DT_X_350i_ABS_black_matt_2025_05\" data-envira-caption=\"KYMCO_DT_X_350i_ABS_black_matt_2025_05\" data-envira-retina=\"\" data-thumbnail=\"\"  itemprop=\"contentUrl\"><img decoding=\"async\" id=\"envira-gallery-image-23086\" class=\"envira-gallery-image envira-gallery-image-3 envira-normal envira-lazy\" data-envira-index=\"3\" src=\"https:\/\/www.der-mopedladen.de\/wp-content\/uploads\/2025\/12\/KYMCO_DT_X_350i_ABS_black_matt_2025_05-1024x683-640x480.png\" data-envira-src=\"https:\/\/www.der-mopedladen.de\/wp-content\/uploads\/2025\/12\/KYMCO_DT_X_350i_ABS_black_matt_2025_05-1024x683-640x480.png\" data-envira-gallery-id=\"23089\" data-envira-item-id=\"23086\" data-envira-caption=\"KYMCO_DT_X_350i_ABS_black_matt_2025_05\" alt=\"\" title=\"KYMCO_DT_X_350i_ABS_black_matt_2025_05\"  itemprop=\"thumbnailUrl\" data-envira-srcset=\"https:\/\/www.der-mopedladen.de\/wp-content\/uploads\/2025\/12\/KYMCO_DT_X_350i_ABS_black_matt_2025_05-1024x683-640x480.png 400w,https:\/\/www.der-mopedladen.de\/wp-content\/uploads\/2025\/12\/KYMCO_DT_X_350i_ABS_black_matt_2025_05-1024x683-640x480.png 2x\" data-envira-width=\"300\" data-envira-height=\"200\" srcset=\"data:image\/gif;base64,R0lGODlhAQABAIAAAP\/\/\/\/\/\/\/yH5BAEKAAEALAAAAAABAAEAAAICTAEAOw==\" data-safe-src=\"data:image\/gif;base64,R0lGODlhAQABAIAAAP\/\/\/\/\/\/\/yH5BAEKAAEALAAAAAABAAEAAAICTAEAOw==\" \/><\/a><\/div><\/div><div id=\"envira-gallery-item-23085\" class=\"envira-gallery-item enviratope-item envira-gallery-item-4 envira-lazy-load\" style=\"padding-left: 5px; padding-bottom: 10px; padding-right: 5px;\"  itemscope itemtype=\"https:\/\/schema.org\/ImageObject\"><div class=\"envira-gallery-item-inner\"><div class=\"envira-gallery-position-overlay  envira-gallery-top-left\"><\/div><div class=\"envira-gallery-position-overlay  envira-gallery-top-right\"><\/div><div class=\"envira-gallery-position-overlay  envira-gallery-bottom-left\"><\/div><div class=\"envira-gallery-position-overlay  envira-gallery-bottom-right\"><\/div><a href=\"https:\/\/www.der-mopedladen.de\/wp-content\/uploads\/2025\/12\/KYMCO_DT_X_350i_ABS_black_matt_2025_01.png\" class=\"envira-gallery-23089 envira-gallery-link\" rel=\"enviragallery23089\" title=\"KYMCO_DT_X_350i_ABS_black_matt_2025_01\" data-envira-caption=\"KYMCO_DT_X_350i_ABS_black_matt_2025_01\" data-envira-retina=\"\" data-thumbnail=\"\"  itemprop=\"contentUrl\"><img decoding=\"async\" id=\"envira-gallery-image-23085\" class=\"envira-gallery-image envira-gallery-image-4 envira-normal envira-lazy\" data-envira-index=\"4\" src=\"https:\/\/www.der-mopedladen.de\/wp-content\/uploads\/2025\/12\/KYMCO_DT_X_350i_ABS_black_matt_2025_01-1024x683-640x480.png\" data-envira-src=\"https:\/\/www.der-mopedladen.de\/wp-content\/uploads\/2025\/12\/KYMCO_DT_X_350i_ABS_black_matt_2025_01-1024x683-640x480.png\" data-envira-gallery-id=\"23089\" data-envira-item-id=\"23085\" data-envira-caption=\"KYMCO_DT_X_350i_ABS_black_matt_2025_01\" alt=\"\" title=\"KYMCO_DT_X_350i_ABS_black_matt_2025_01\"  itemprop=\"thumbnailUrl\" data-envira-srcset=\"https:\/\/www.der-mopedladen.de\/wp-content\/uploads\/2025\/12\/KYMCO_DT_X_350i_ABS_black_matt_2025_01-1024x683-640x480.png 400w,https:\/\/www.der-mopedladen.de\/wp-content\/uploads\/2025\/12\/KYMCO_DT_X_350i_ABS_black_matt_2025_01-1024x683-640x480.png 2x\" data-envira-width=\"300\" data-envira-height=\"200\" srcset=\"data:image\/gif;base64,R0lGODlhAQABAIAAAP\/\/\/\/\/\/\/yH5BAEKAAEALAAAAAABAAEAAAICTAEAOw==\" data-safe-src=\"data:image\/gif;base64,R0lGODlhAQABAIAAAP\/\/\/\/\/\/\/yH5BAEKAAEALAAAAAABAAEAAAICTAEAOw==\" \/><\/a><\/div><\/div><\/div><\/div><noscript><img decoding=\"async\" src=\"https:\/\/www.der-mopedladen.de\/wp-content\/uploads\/2025\/12\/KYMCO_DT_X_350i_ABS_black_matt_2025_02.png\" alt=\"\" \/><img decoding=\"async\" src=\"https:\/\/www.der-mopedladen.de\/wp-content\/uploads\/2025\/12\/KYMCO_DT_X_350i_ABS_black_matt_2025_04.png\" alt=\"\" \/><img decoding=\"async\" src=\"https:\/\/www.der-mopedladen.de\/wp-content\/uploads\/2025\/12\/KYMCO_DT_X_350i_ABS_black_matt_2025_05.png\" alt=\"\" \/><img decoding=\"async\" src=\"https:\/\/www.der-mopedladen.de\/wp-content\/uploads\/2025\/12\/KYMCO_DT_X_350i_ABS_black_matt_2025_01.png\" alt=\"\" \/><\/noscript>\n","protected":false},"excerpt":{"rendered":"<p>Zum Saisonstart gibts den Kymco DT X 350i bei uns f\u00fcr 5999 statt 6369 \u20ac. Ein Crossover, der Ihr Herz erobern wird. Auch ein Roller\u2026<\/p>\n<p class=\"continue-reading-button\"> <a class=\"continue-reading-link\" href=\"https:\/\/www.der-mopedladen.de\/?p=12331\">Mehr Informationen<i class=\"crycon-right-dir\"><\/i><\/a><\/p>\n","protected":false},"author":2,"featured_media":23088,"comment_status":"closed","ping_status":"closed","sticky":false,"template":"","format":"standard","meta":{"footnotes":""},"categories":[71,33],"tags":[35,8,37,28,9,133],"class_list":["post-12331","post","type-post","status-publish","format-standard","has-post-thumbnail","hentry","category-kymco","category-rollergross","tag-4-takt","tag-abs","tag-einspritzung","tag-grossroller","tag-kymco","tag-tcs"],"yoast_head":"<!-- This site is optimized with the Yoast SEO plugin v25.7 - https:\/\/yoast.com\/wordpress\/plugins\/seo\/ -->\n<title>KYMCO DTX 350i ABS . . . . . . . 5999 statt 6369 \u20ac -<\/title>\n<meta name=\"description\" content=\"Der neue Kymco X360 Crossover Roller\" \/>\n<meta name=\"robots\" content=\"index, follow, max-snippet:-1, max-image-preview:large, max-video-preview:-1\" \/>\n<link rel=\"canonical\" href=\"https:\/\/www.der-mopedladen.de\/?p=12331\" \/>\n<meta property=\"og:locale\" content=\"de_DE\" \/>\n<meta property=\"og:type\" content=\"article\" \/>\n<meta property=\"og:title\" content=\"KYMCO DTX 350i ABS . . . . . . . 5999 statt 6369 \u20ac -\" \/>\n<meta property=\"og:description\" content=\"Der neue Kymco X360 Crossover Roller\" \/>\n<meta property=\"og:url\" content=\"https:\/\/www.der-mopedladen.de\/?p=12331\" \/>\n<meta property=\"article:published_time\" content=\"2025-03-02T12:08:08+00:00\" \/>\n<meta property=\"article:modified_time\" content=\"2026-04-14T14:14:16+00:00\" \/>\n<meta property=\"og:image\" content=\"https:\/\/www.der-mopedladen.de\/wp-content\/uploads\/2025\/12\/KYMCO_DT_X_350i_ABS_black_matt_2025_02-1024x937.png\" \/>\n\t<meta property=\"og:image:width\" content=\"1024\" \/>\n\t<meta property=\"og:image:height\" content=\"937\" \/>\n\t<meta property=\"og:image:type\" content=\"image\/png\" \/>\n<meta name=\"author\" content=\"Carsten Maluche\" \/>\n<meta name=\"twitter:card\" content=\"summary_large_image\" \/>\n<meta name=\"twitter:label1\" content=\"Verfasst von\" \/>\n\t<meta name=\"twitter:data1\" content=\"Carsten Maluche\" \/>\n\t<meta name=\"twitter:label2\" content=\"Gesch\u00e4tzte Lesezeit\" \/>\n\t<meta name=\"twitter:data2\" content=\"1\u00a0Minute\" \/>\n<script type=\"application\/ld+json\" class=\"yoast-schema-graph\">{\"@context\":\"https:\/\/schema.org\",\"@graph\":[{\"@type\":\"Article\",\"@id\":\"https:\/\/www.der-mopedladen.de\/?p=12331#article\",\"isPartOf\":{\"@id\":\"https:\/\/www.der-mopedladen.de\/?p=12331\"},\"author\":{\"name\":\"Carsten Maluche\",\"@id\":\"https:\/\/www.der-mopedladen.de\/#\/schema\/person\/4d0c0c9ed7d36464398049539cfdc1c0\"},\"headline\":\"KYMCO DTX 350i ABS . . . . . . . 5999 statt 6369 \u20ac\",\"datePublished\":\"2025-03-02T12:08:08+00:00\",\"dateModified\":\"2026-04-14T14:14:16+00:00\",\"mainEntityOfPage\":{\"@id\":\"https:\/\/www.der-mopedladen.de\/?p=12331\"},\"wordCount\":184,\"publisher\":{\"@id\":\"https:\/\/www.der-mopedladen.de\/#organization\"},\"image\":{\"@id\":\"https:\/\/www.der-mopedladen.de\/?p=12331#primaryimage\"},\"thumbnailUrl\":\"https:\/\/www.der-mopedladen.de\/wp-content\/uploads\/2025\/12\/KYMCO_DT_X_350i_ABS_black_matt_2025_02.png\",\"keywords\":[\"4 Takt\",\"ABS\",\"Einspritzung\",\"Gro\u00dfroller\",\"Kymco\",\"TCS\"],\"articleSection\":[\"Kymco\",\"Roller ab 125 ccm\"],\"inLanguage\":\"de\"},{\"@type\":\"WebPage\",\"@id\":\"https:\/\/www.der-mopedladen.de\/?p=12331\",\"url\":\"https:\/\/www.der-mopedladen.de\/?p=12331\",\"name\":\"KYMCO DTX 350i ABS . . . . . . . 5999 statt 6369 \u20ac -\",\"isPartOf\":{\"@id\":\"https:\/\/www.der-mopedladen.de\/#website\"},\"primaryImageOfPage\":{\"@id\":\"https:\/\/www.der-mopedladen.de\/?p=12331#primaryimage\"},\"image\":{\"@id\":\"https:\/\/www.der-mopedladen.de\/?p=12331#primaryimage\"},\"thumbnailUrl\":\"https:\/\/www.der-mopedladen.de\/wp-content\/uploads\/2025\/12\/KYMCO_DT_X_350i_ABS_black_matt_2025_02.png\",\"datePublished\":\"2025-03-02T12:08:08+00:00\",\"dateModified\":\"2026-04-14T14:14:16+00:00\",\"description\":\"Der neue Kymco X360 Crossover Roller\",\"breadcrumb\":{\"@id\":\"https:\/\/www.der-mopedladen.de\/?p=12331#breadcrumb\"},\"inLanguage\":\"de\",\"potentialAction\":[{\"@type\":\"ReadAction\",\"target\":[\"https:\/\/www.der-mopedladen.de\/?p=12331\"]}]},{\"@type\":\"ImageObject\",\"inLanguage\":\"de\",\"@id\":\"https:\/\/www.der-mopedladen.de\/?p=12331#primaryimage\",\"url\":\"https:\/\/www.der-mopedladen.de\/wp-content\/uploads\/2025\/12\/KYMCO_DT_X_350i_ABS_black_matt_2025_02.png\",\"contentUrl\":\"https:\/\/www.der-mopedladen.de\/wp-content\/uploads\/2025\/12\/KYMCO_DT_X_350i_ABS_black_matt_2025_02.png\",\"width\":2000,\"height\":1831},{\"@type\":\"BreadcrumbList\",\"@id\":\"https:\/\/www.der-mopedladen.de\/?p=12331#breadcrumb\",\"itemListElement\":[{\"@type\":\"ListItem\",\"position\":1,\"name\":\"Startseite\",\"item\":\"https:\/\/www.der-mopedladen.de\/\"},{\"@type\":\"ListItem\",\"position\":2,\"name\":\"KYMCO DTX 350i ABS . . . . . . . 5999 statt 6369 \u20ac\"}]},{\"@type\":\"WebSite\",\"@id\":\"https:\/\/www.der-mopedladen.de\/#website\",\"url\":\"https:\/\/www.der-mopedladen.de\/\",\"name\":\"\",\"description\":\"\",\"publisher\":{\"@id\":\"https:\/\/www.der-mopedladen.de\/#organization\"},\"potentialAction\":[{\"@type\":\"SearchAction\",\"target\":{\"@type\":\"EntryPoint\",\"urlTemplate\":\"https:\/\/www.der-mopedladen.de\/?s={search_term_string}\"},\"query-input\":{\"@type\":\"PropertyValueSpecification\",\"valueRequired\":true,\"valueName\":\"search_term_string\"}}],\"inLanguage\":\"de\"},{\"@type\":\"Organization\",\"@id\":\"https:\/\/www.der-mopedladen.de\/#organization\",\"name\":\"Der Mopedladen OHG\",\"url\":\"https:\/\/www.der-mopedladen.de\/\",\"logo\":{\"@type\":\"ImageObject\",\"inLanguage\":\"de\",\"@id\":\"https:\/\/www.der-mopedladen.de\/#\/schema\/logo\/image\/\",\"url\":\"https:\/\/www.der-mopedladen.de\/wp-content\/uploads\/2021\/04\/Logo-DerMopedladen_ZW_CMYK-50x36mm.jpg\",\"contentUrl\":\"https:\/\/www.der-mopedladen.de\/wp-content\/uploads\/2021\/04\/Logo-DerMopedladen_ZW_CMYK-50x36mm.jpg\",\"width\":602,\"height\":437,\"caption\":\"Der Mopedladen OHG\"},\"image\":{\"@id\":\"https:\/\/www.der-mopedladen.de\/#\/schema\/logo\/image\/\"}},{\"@type\":\"Person\",\"@id\":\"https:\/\/www.der-mopedladen.de\/#\/schema\/person\/4d0c0c9ed7d36464398049539cfdc1c0\",\"name\":\"Carsten Maluche\",\"image\":{\"@type\":\"ImageObject\",\"inLanguage\":\"de\",\"@id\":\"https:\/\/www.der-mopedladen.de\/#\/schema\/person\/image\/\",\"url\":\"https:\/\/secure.gravatar.com\/avatar\/a535b4a133389f55485f0a633a5968f3d69e644503b1fed0e6aa81083975d04a?s=96&d=mm&r=g\",\"contentUrl\":\"https:\/\/secure.gravatar.com\/avatar\/a535b4a133389f55485f0a633a5968f3d69e644503b1fed0e6aa81083975d04a?s=96&d=mm&r=g\",\"caption\":\"Carsten Maluche\"}}]}<\/script>\n<!-- \/ Yoast SEO plugin. -->","yoast_head_json":{"title":"KYMCO DTX 350i ABS . . . . . . . 5999 statt 6369 \u20ac -","description":"Der neue Kymco X360 Crossover Roller","robots":{"index":"index","follow":"follow","max-snippet":"max-snippet:-1","max-image-preview":"max-image-preview:large","max-video-preview":"max-video-preview:-1"},"canonical":"https:\/\/www.der-mopedladen.de\/?p=12331","og_locale":"de_DE","og_type":"article","og_title":"KYMCO DTX 350i ABS . . . . . . . 5999 statt 6369 \u20ac -","og_description":"Der neue Kymco X360 Crossover Roller","og_url":"https:\/\/www.der-mopedladen.de\/?p=12331","article_published_time":"2025-03-02T12:08:08+00:00","article_modified_time":"2026-04-14T14:14:16+00:00","og_image":[{"width":1024,"height":937,"url":"https:\/\/www.der-mopedladen.de\/wp-content\/uploads\/2025\/12\/KYMCO_DT_X_350i_ABS_black_matt_2025_02-1024x937.png","type":"image\/png"}],"author":"Carsten Maluche","twitter_card":"summary_large_image","twitter_misc":{"Verfasst von":"Carsten Maluche","Gesch\u00e4tzte Lesezeit":"1\u00a0Minute"},"schema":{"@context":"https:\/\/schema.org","@graph":[{"@type":"Article","@id":"https:\/\/www.der-mopedladen.de\/?p=12331#article","isPartOf":{"@id":"https:\/\/www.der-mopedladen.de\/?p=12331"},"author":{"name":"Carsten Maluche","@id":"https:\/\/www.der-mopedladen.de\/#\/schema\/person\/4d0c0c9ed7d36464398049539cfdc1c0"},"headline":"KYMCO DTX 350i ABS . . . . . . . 5999 statt 6369 \u20ac","datePublished":"2025-03-02T12:08:08+00:00","dateModified":"2026-04-14T14:14:16+00:00","mainEntityOfPage":{"@id":"https:\/\/www.der-mopedladen.de\/?p=12331"},"wordCount":184,"publisher":{"@id":"https:\/\/www.der-mopedladen.de\/#organization"},"image":{"@id":"https:\/\/www.der-mopedladen.de\/?p=12331#primaryimage"},"thumbnailUrl":"https:\/\/www.der-mopedladen.de\/wp-content\/uploads\/2025\/12\/KYMCO_DT_X_350i_ABS_black_matt_2025_02.png","keywords":["4 Takt","ABS","Einspritzung","Gro\u00dfroller","Kymco","TCS"],"articleSection":["Kymco","Roller ab 125 ccm"],"inLanguage":"de"},{"@type":"WebPage","@id":"https:\/\/www.der-mopedladen.de\/?p=12331","url":"https:\/\/www.der-mopedladen.de\/?p=12331","name":"KYMCO DTX 350i ABS . . . . . . . 5999 statt 6369 \u20ac -","isPartOf":{"@id":"https:\/\/www.der-mopedladen.de\/#website"},"primaryImageOfPage":{"@id":"https:\/\/www.der-mopedladen.de\/?p=12331#primaryimage"},"image":{"@id":"https:\/\/www.der-mopedladen.de\/?p=12331#primaryimage"},"thumbnailUrl":"https:\/\/www.der-mopedladen.de\/wp-content\/uploads\/2025\/12\/KYMCO_DT_X_350i_ABS_black_matt_2025_02.png","datePublished":"2025-03-02T12:08:08+00:00","dateModified":"2026-04-14T14:14:16+00:00","description":"Der neue Kymco X360 Crossover Roller","breadcrumb":{"@id":"https:\/\/www.der-mopedladen.de\/?p=12331#breadcrumb"},"inLanguage":"de","potentialAction":[{"@type":"ReadAction","target":["https:\/\/www.der-mopedladen.de\/?p=12331"]}]},{"@type":"ImageObject","inLanguage":"de","@id":"https:\/\/www.der-mopedladen.de\/?p=12331#primaryimage","url":"https:\/\/www.der-mopedladen.de\/wp-content\/uploads\/2025\/12\/KYMCO_DT_X_350i_ABS_black_matt_2025_02.png","contentUrl":"https:\/\/www.der-mopedladen.de\/wp-content\/uploads\/2025\/12\/KYMCO_DT_X_350i_ABS_black_matt_2025_02.png","width":2000,"height":1831},{"@type":"BreadcrumbList","@id":"https:\/\/www.der-mopedladen.de\/?p=12331#breadcrumb","itemListElement":[{"@type":"ListItem","position":1,"name":"Startseite","item":"https:\/\/www.der-mopedladen.de\/"},{"@type":"ListItem","position":2,"name":"KYMCO DTX 350i ABS . . . . . . . 5999 statt 6369 \u20ac"}]},{"@type":"WebSite","@id":"https:\/\/www.der-mopedladen.de\/#website","url":"https:\/\/www.der-mopedladen.de\/","name":"","description":"","publisher":{"@id":"https:\/\/www.der-mopedladen.de\/#organization"},"potentialAction":[{"@type":"SearchAction","target":{"@type":"EntryPoint","urlTemplate":"https:\/\/www.der-mopedladen.de\/?s={search_term_string}"},"query-input":{"@type":"PropertyValueSpecification","valueRequired":true,"valueName":"search_term_string"}}],"inLanguage":"de"},{"@type":"Organization","@id":"https:\/\/www.der-mopedladen.de\/#organization","name":"Der Mopedladen OHG","url":"https:\/\/www.der-mopedladen.de\/","logo":{"@type":"ImageObject","inLanguage":"de","@id":"https:\/\/www.der-mopedladen.de\/#\/schema\/logo\/image\/","url":"https:\/\/www.der-mopedladen.de\/wp-content\/uploads\/2021\/04\/Logo-DerMopedladen_ZW_CMYK-50x36mm.jpg","contentUrl":"https:\/\/www.der-mopedladen.de\/wp-content\/uploads\/2021\/04\/Logo-DerMopedladen_ZW_CMYK-50x36mm.jpg","width":602,"height":437,"caption":"Der Mopedladen OHG"},"image":{"@id":"https:\/\/www.der-mopedladen.de\/#\/schema\/logo\/image\/"}},{"@type":"Person","@id":"https:\/\/www.der-mopedladen.de\/#\/schema\/person\/4d0c0c9ed7d36464398049539cfdc1c0","name":"Carsten Maluche","image":{"@type":"ImageObject","inLanguage":"de","@id":"https:\/\/www.der-mopedladen.de\/#\/schema\/person\/image\/","url":"https:\/\/secure.gravatar.com\/avatar\/a535b4a133389f55485f0a633a5968f3d69e644503b1fed0e6aa81083975d04a?s=96&d=mm&r=g","contentUrl":"https:\/\/secure.gravatar.com\/avatar\/a535b4a133389f55485f0a633a5968f3d69e644503b1fed0e6aa81083975d04a?s=96&d=mm&r=g","caption":"Carsten Maluche"}}]}},"_links":{"self":[{"href":"https:\/\/www.der-mopedladen.de\/index.php?rest_route=\/wp\/v2\/posts\/12331","targetHints":{"allow":["GET"]}}],"collection":[{"href":"https:\/\/www.der-mopedladen.de\/index.php?rest_route=\/wp\/v2\/posts"}],"about":[{"href":"https:\/\/www.der-mopedladen.de\/index.php?rest_route=\/wp\/v2\/types\/post"}],"author":[{"embeddable":true,"href":"https:\/\/www.der-mopedladen.de\/index.php?rest_route=\/wp\/v2\/users\/2"}],"replies":[{"embeddable":true,"href":"https:\/\/www.der-mopedladen.de\/index.php?rest_route=%2Fwp%2Fv2%2Fcomments&post=12331"}],"version-history":[{"count":6,"href":"https:\/\/www.der-mopedladen.de\/index.php?rest_route=\/wp\/v2\/posts\/12331\/revisions"}],"predecessor-version":[{"id":23543,"href":"https:\/\/www.der-mopedladen.de\/index.php?rest_route=\/wp\/v2\/posts\/12331\/revisions\/23543"}],"wp:featuredmedia":[{"embeddable":true,"href":"https:\/\/www.der-mopedladen.de\/index.php?rest_route=\/wp\/v2\/media\/23088"}],"wp:attachment":[{"href":"https:\/\/www.der-mopedladen.de\/index.php?rest_route=%2Fwp%2Fv2%2Fmedia&parent=12331"}],"wp:term":[{"taxonomy":"category","embeddable":true,"href":"https:\/\/www.der-mopedladen.de\/index.php?rest_route=%2Fwp%2Fv2%2Fcategories&post=12331"},{"taxonomy":"post_tag","embeddable":true,"href":"https:\/\/www.der-mopedladen.de\/index.php?rest_route=%2Fwp%2Fv2%2Ftags&post=12331"}],"curies":[{"name":"wp","href":"https:\/\/api.w.org\/{rel}","templated":true}]}}